{"id":60643,"date":"2024-12-17T11:07:34","date_gmt":"2024-12-17T10:07:34","guid":{"rendered":"https:\/\/lasentinelle.dz\/?p=60643"},"modified":"2024-12-17T11:07:35","modified_gmt":"2024-12-17T10:07:35","slug":"terres-agricoles-reamenagees-la-commission-de-regulation-a-pied-doeuvre-a-annaba","status":"publish","type":"post","link":"https:\/\/lasentinelle.dz\/index.php\/2024\/12\/17\/terres-agricoles-reamenagees-la-commission-de-regulation-a-pied-doeuvre-a-annaba\/","title":{"rendered":"Terres agricoles r\u00e9am\u00e9nag\u00e9es\u202f: La commission de r\u00e9gulation \u00e0 pied d\u2019\u0153uvre \u00e0 Annaba"},"content":{"rendered":"\n<p>La commission de r\u00e9gulation des terres agricoles r\u00e9habilit\u00e9es a tenu hier, au si\u00e8ge de la wilaya d\u2019Annaba, une r\u00e9union, pour examiner l\u2019avancement du processus de r\u00e9am\u00e9nagement des terres agricoles. La d\u00e9marche s\u2019inscrit dans le cadre de l\u2019application des dispositions du d\u00e9cret interminist\u00e9riel du 29 novembre 2022, qui encadre la r\u00e9gularisation des terres agricoles r\u00e9am\u00e9nag\u00e9es. Pr\u00e9sid\u00e9e par le secr\u00e9taire g\u00e9n\u00e9ral par int\u00e9rim de la wilaya, la r\u00e9union s\u2019est focalis\u00e9e sur l\u2019\u00e9tude des dossiers d\u00e9pos\u00e9s au niveau de la direction des services agricoles (DSA) de la wilaya d\u2019Annaba. Des dossiers qui ont \u00e9t\u00e9 examin\u00e9s par les comit\u00e9s de da\u00efras. L\u2019objectif de cette r\u00e9union est de garantir la conformit\u00e9 des terres r\u00e9habilit\u00e9es avec les cadres r\u00e9glementaires en vigueur, tout en valorisant les efforts des agriculteurs pour la remise en culture de ces terrains. La d\u00e9marche traduit l\u2019engagement des autorit\u00e9s locales \u00e0 promouvoir une gestion \u00e9quitable et durable des terres agricoles, essentielle au renforcement de la s\u00e9curit\u00e9 alimentaire. En examinant minutieusement chaque dossier, la commission veille \u00e0 optimiser l\u2019utilisation de ces terres tout en soutenant les exploitants. La d\u00e9marche s\u2019inscrit dans le cadre de la politique des pouvoirs publics qui \u0153uvrent \u00e0 la promotion et le d\u00e9veloppement de l\u2019agriculture, pour en faire, la premi\u00e8re locomotive du d\u00e9veloppement \u00e9conomique, hors hydrocarbures. Une politique motivant \u00e0 plus d&rsquo;un titre, la volont\u00e9 des pouvoirs locaux de la wilaya d\u2019Annaba, qui ont r\u00e9cup\u00e9r\u00e9, en 2023, via l\u2019assainissement du foncier agricole, de 322 hectares de terres agricoles, dont 137 hectares non-exploit\u00e9es. Ces terres non exploit\u00e9es et\/ou abandonn\u00e9es seront destin\u00e9es aux vrais investisseurs et autres exploitants dans le secteur de l\u2019agriculture. Il faut noter que dans la wilaya d\u2019Annaba des centaines de terrains agricoles ont \u00e9t\u00e9 d\u00e9tourn\u00e9s de leur vocation initiale. Les agressions sur ce foncier d\u2019importance capitale pour le d\u00e9veloppement du secteur de l\u2019agriculture \u00e9taient, il ya peu de temps, courantes \u00e0 Annaba o\u00f9, des terrains agricoles ont \u00e9t\u00e9 affect\u00e9s \u00e0 la construction d\u2019unit\u00e9s industrielles, de promotions immobili\u00e8res et hangars, \u00e0 la cession ill\u00e9gale \u00e0 des tiers en location. M\u00eame le secteur public dans la wilaya ne s\u2019est pas emp\u00each\u00e9 de grignoter des parcelles agricoles pour la r\u00e9alisation d\u2019unit\u00e9s d\u2019habitations, le social entre autres. C\u2019est pour dire que le foncier agricole dans la wilaya d\u2019Annaba a r\u00e9tr\u00e9ci comme une peau de chagrin sous la pouss\u00e9e du b\u00e9ton. Un constat d\u00e9solant retenu \u00e0 l\u2019actif de comportements irresponsables et mercantilistes de certains promoteurs v\u00e9reux qui se sont procur\u00e9s des parcelles non constructibles et ont en fait des cit\u00e9s urbaines en modifiant le plan d\u2019urbanisme. Il suffit de faire une vir\u00e9e en zones p\u00e9riph\u00e9riques pour constater le massacre occasionn\u00e9 aux terres agricoles. L\u2019exemple visible \u00e0 l\u2019\u0153il nu dans les communes agricoles par excellence d\u2019El Eulma, El Chorfa, Ain El Berda o\u00f9, les terres fertiles ont \u00e9t\u00e9 urbanis\u00e9es illustre la gravit\u00e9 de la situation. Une situation dont l\u2019impact traduit aujourd\u2019hui, la faible production agricole en raison de l\u2019invasion du b\u00e9ton. Pour faire face \u00e0 ce massacre, en 2018, des commissions avaient \u00e9t\u00e9 mises en place, dont la mission \u00e9tait de r\u00e9cup\u00e9rer les terres non exploit\u00e9es. \u00c0 l\u2019\u00e9poque, seules quelques parcelles avaient \u00e9t\u00e9 r\u00e9cup\u00e9r\u00e9es. Mais le ph\u00e9nom\u00e8ne s\u2019est poursuivi, plusieurs fermes pilotes, des EAC et des EAI ont \u00e9t\u00e9 d\u00e9tourn\u00e9es de leur vocation initiale, jusqu\u2019\u00e0 ce que le pr\u00e9sident de la R\u00e9publique Abdelmadjid Tebboune ait d\u00e9cid\u00e9 la protection, l\u2019assainissement et l\u2019optimisation du foncier agricole. En effet, selon le bilan \u00e9tabli par l\u2019ONTA, 1.582 PV ont \u00e9t\u00e9 adress\u00e9s pour diverses infractions, dont 115 pour non-exploitation de terres agricoles. Ainsi, depuis l\u2019adoption de nouveaux modes de gestion du secteur et la mise en place de m\u00e9canismes modernes pour le d\u00e9veloppement du secteur de l\u2019agriculture qui est, notons-le, l\u2019un des piliers essentiels pour le d\u00e9veloppement de l\u2019\u00e9conomie, des mesures ont permis de contrer les agissements de la mafia du foncier agricole. En t\u00e9moignent les multiples actions men\u00e9es conjointement par les pouvoirs locaux et les services de la DSA, pour relancer les diff\u00e9rents segments de l&rsquo;activit\u00e9 agricole dans cette wilaya, dont notamment, les cultures ol\u00e9agineuses, le Cola et le tournesol entre autres.<\/p>\n\n\n\n<p><strong>Sofia Chahine<\/strong><\/p>\n","protected":false},"excerpt":{"rendered":"<p>La commission de r\u00e9gulation des terres agricoles r\u00e9habilit\u00e9es a tenu hier, au si\u00e8ge de la wilaya d\u2019Annaba, une r\u00e9union, pour<\/p>\n","protected":false},"author":6,"featured_media":50973,"comment_status":"open","ping_status":"closed","sticky":false,"template":"","format":"standard","meta":{"colormag_page_container_layout":"default_layout","colormag_page_sidebar_layout":"default_layout","om_disable_all_campaigns":false,"_monsterinsights_skip_tracking":false,"_monsterinsights_sitenote_active":false,"_monsterinsights_sitenote_note":"","_monsterinsights_sitenote_category":0,"footnotes":"","_wpscppro_dont_share_socialmedia":false,"_wpscppro_custom_social_share_image":0,"_facebook_share_type":"default","_twitter_share_type":"default","_linkedin_share_type":"default","_pinterest_share_type":"default","_linkedin_share_type_page":"","_instagram_share_type":"default","_medium_share_type":"default","_threads_share_type":"","_google_business_share_type":"","_selected_social_profile":[],"_wpsp_enable_custom_social_template":false,"_wpsp_social_scheduling":{"enabled":false,"datetime":null,"platforms":[],"status":"template_only","dateOption":"today","timeOption":"now","customDays":"","customHours":"","customDate":"","customTime":"","schedulingType":"absolute"},"_wpsp_active_default_template":true},"categories":[31],"tags":[],"class_list":["post-60643","post","type-post","status-publish","format-standard","has-post-thumbnail","hentry","category-regions"],"aioseo_notices":[],"yoast_head":"<!-- This site is optimized with the Yoast SEO plugin v27.5 - https:\/\/yoast.com\/product\/yoast-seo-wordpress\/ -->\n<title>Terres agricoles r\u00e9am\u00e9nag\u00e9es\u202f: La commission de r\u00e9gulation \u00e0 pied d\u2019\u0153uvre \u00e0 Annaba - La Sentinelle<\/title>\n<meta name=\"robots\" content=\"index, follow, max-snippet:-1, max-image-preview:large, max-video-preview:-1\" \/>\n<link rel=\"canonical\" href=\"https:\/\/lasentinelle.dz\/index.php\/2024\/12\/17\/terres-agricoles-reamenagees-la-commission-de-regulation-a-pied-doeuvre-a-annaba\/\" \/>\n<meta property=\"og:locale\" content=\"fr_FR\" \/>\n<meta property=\"og:type\" content=\"article\" \/>\n<meta property=\"og:title\" content=\"Terres agricoles r\u00e9am\u00e9nag\u00e9es\u202f: La commission de r\u00e9gulation \u00e0 pied d\u2019\u0153uvre \u00e0 Annaba - La Sentinelle\" \/>\n<meta property=\"og:description\" content=\"La commission de r\u00e9gulation des terres agricoles r\u00e9habilit\u00e9es a tenu hier, au si\u00e8ge de la wilaya d\u2019Annaba, une r\u00e9union, pour\" \/>\n<meta property=\"og:url\" content=\"https:\/\/lasentinelle.dz\/index.php\/2024\/12\/17\/terres-agricoles-reamenagees-la-commission-de-regulation-a-pied-doeuvre-a-annaba\/\" \/>\n<meta property=\"og:site_name\" content=\"La Sentinelle\" \/>\n<meta property=\"article:publisher\" content=\"https:\/\/www.facebook.com\/La-Sentinelle-104059864394773\" \/>\n<meta property=\"article:published_time\" content=\"2024-12-17T10:07:34+00:00\" \/>\n<meta property=\"article:modified_time\" content=\"2024-12-17T10:07:35+00:00\" \/>\n<meta property=\"og:image\" content=\"https:\/\/lasentinelle.dz\/wp-content\/uploads\/2024\/04\/agriculture2.webp\" \/>\n\t<meta property=\"og:image:width\" content=\"1280\" \/>\n\t<meta property=\"og:image:height\" content=\"853\" \/>\n\t<meta property=\"og:image:type\" content=\"image\/webp\" \/>\n<meta name=\"author\" content=\"admin\" \/>\n<meta name=\"twitter:card\" content=\"summary_large_image\" \/>\n<meta name=\"twitter:label1\" content=\"\u00c9crit par\" \/>\n\t<meta name=\"twitter:data1\" content=\"admin\" \/>\n\t<meta name=\"twitter:label2\" content=\"Dur\u00e9e de lecture estim\u00e9e\" \/>\n\t<meta name=\"twitter:data2\" content=\"4 minutes\" \/>\n<script type=\"application\/ld+json\" class=\"yoast-schema-graph\">{\"@context\":\"https:\\\/\\\/schema.org\",\"@graph\":[{\"@type\":\"Article\",\"@id\":\"https:\\\/\\\/lasentinelle.dz\\\/index.php\\\/2024\\\/12\\\/17\\\/terres-agricoles-reamenagees-la-commission-de-regulation-a-pied-doeuvre-a-annaba\\\/#article\",\"isPartOf\":{\"@id\":\"https:\\\/\\\/lasentinelle.dz\\\/index.php\\\/2024\\\/12\\\/17\\\/terres-agricoles-reamenagees-la-commission-de-regulation-a-pied-doeuvre-a-annaba\\\/\"},\"author\":{\"name\":\"admin\",\"@id\":\"https:\\\/\\\/lasentinelle.dz\\\/#\\\/schema\\\/person\\\/729ee0024f24e0b8c5ec17232f8e8b41\"},\"headline\":\"Terres agricoles r\u00e9am\u00e9nag\u00e9es\u202f: La commission de r\u00e9gulation \u00e0 pied d\u2019\u0153uvre \u00e0 Annaba\",\"datePublished\":\"2024-12-17T10:07:34+00:00\",\"dateModified\":\"2024-12-17T10:07:35+00:00\",\"mainEntityOfPage\":{\"@id\":\"https:\\\/\\\/lasentinelle.dz\\\/index.php\\\/2024\\\/12\\\/17\\\/terres-agricoles-reamenagees-la-commission-de-regulation-a-pied-doeuvre-a-annaba\\\/\"},\"wordCount\":794,\"commentCount\":0,\"publisher\":{\"@id\":\"https:\\\/\\\/lasentinelle.dz\\\/#organization\"},\"image\":{\"@id\":\"https:\\\/\\\/lasentinelle.dz\\\/index.php\\\/2024\\\/12\\\/17\\\/terres-agricoles-reamenagees-la-commission-de-regulation-a-pied-doeuvre-a-annaba\\\/#primaryimage\"},\"thumbnailUrl\":\"https:\\\/\\\/lasentinelle.dz\\\/wp-content\\\/uploads\\\/2024\\\/04\\\/agriculture2.webp\",\"articleSection\":[\"R\u00e9gions\"],\"inLanguage\":\"fr-FR\",\"potentialAction\":[{\"@type\":\"CommentAction\",\"name\":\"Comment\",\"target\":[\"https:\\\/\\\/lasentinelle.dz\\\/index.php\\\/2024\\\/12\\\/17\\\/terres-agricoles-reamenagees-la-commission-de-regulation-a-pied-doeuvre-a-annaba\\\/#respond\"]}]},{\"@type\":\"WebPage\",\"@id\":\"https:\\\/\\\/lasentinelle.dz\\\/index.php\\\/2024\\\/12\\\/17\\\/terres-agricoles-reamenagees-la-commission-de-regulation-a-pied-doeuvre-a-annaba\\\/\",\"url\":\"https:\\\/\\\/lasentinelle.dz\\\/index.php\\\/2024\\\/12\\\/17\\\/terres-agricoles-reamenagees-la-commission-de-regulation-a-pied-doeuvre-a-annaba\\\/\",\"name\":\"Terres agricoles r\u00e9am\u00e9nag\u00e9es\u202f: La commission de r\u00e9gulation \u00e0 pied d\u2019\u0153uvre \u00e0 Annaba - La Sentinelle\",\"isPartOf\":{\"@id\":\"https:\\\/\\\/lasentinelle.dz\\\/#website\"},\"primaryImageOfPage\":{\"@id\":\"https:\\\/\\\/lasentinelle.dz\\\/index.php\\\/2024\\\/12\\\/17\\\/terres-agricoles-reamenagees-la-commission-de-regulation-a-pied-doeuvre-a-annaba\\\/#primaryimage\"},\"image\":{\"@id\":\"https:\\\/\\\/lasentinelle.dz\\\/index.php\\\/2024\\\/12\\\/17\\\/terres-agricoles-reamenagees-la-commission-de-regulation-a-pied-doeuvre-a-annaba\\\/#primaryimage\"},\"thumbnailUrl\":\"https:\\\/\\\/lasentinelle.dz\\\/wp-content\\\/uploads\\\/2024\\\/04\\\/agriculture2.webp\",\"datePublished\":\"2024-12-17T10:07:34+00:00\",\"dateModified\":\"2024-12-17T10:07:35+00:00\",\"breadcrumb\":{\"@id\":\"https:\\\/\\\/lasentinelle.dz\\\/index.php\\\/2024\\\/12\\\/17\\\/terres-agricoles-reamenagees-la-commission-de-regulation-a-pied-doeuvre-a-annaba\\\/#breadcrumb\"},\"inLanguage\":\"fr-FR\",\"potentialAction\":[{\"@type\":\"ReadAction\",\"target\":[\"https:\\\/\\\/lasentinelle.dz\\\/index.php\\\/2024\\\/12\\\/17\\\/terres-agricoles-reamenagees-la-commission-de-regulation-a-pied-doeuvre-a-annaba\\\/\"]}]},{\"@type\":\"ImageObject\",\"inLanguage\":\"fr-FR\",\"@id\":\"https:\\\/\\\/lasentinelle.dz\\\/index.php\\\/2024\\\/12\\\/17\\\/terres-agricoles-reamenagees-la-commission-de-regulation-a-pied-doeuvre-a-annaba\\\/#primaryimage\",\"url\":\"https:\\\/\\\/lasentinelle.dz\\\/wp-content\\\/uploads\\\/2024\\\/04\\\/agriculture2.webp\",\"contentUrl\":\"https:\\\/\\\/lasentinelle.dz\\\/wp-content\\\/uploads\\\/2024\\\/04\\\/agriculture2.webp\",\"width\":1280,\"height\":853},{\"@type\":\"BreadcrumbList\",\"@id\":\"https:\\\/\\\/lasentinelle.dz\\\/index.php\\\/2024\\\/12\\\/17\\\/terres-agricoles-reamenagees-la-commission-de-regulation-a-pied-doeuvre-a-annaba\\\/#breadcrumb\",\"itemListElement\":[{\"@type\":\"ListItem\",\"position\":1,\"name\":\"Accueil\",\"item\":\"https:\\\/\\\/lasentinelle.dz\\\/\"},{\"@type\":\"ListItem\",\"position\":2,\"name\":\"Terres agricoles r\u00e9am\u00e9nag\u00e9es\u202f: La commission de r\u00e9gulation \u00e0 pied d\u2019\u0153uvre \u00e0 Annaba\"}]},{\"@type\":\"WebSite\",\"@id\":\"https:\\\/\\\/lasentinelle.dz\\\/#website\",\"url\":\"https:\\\/\\\/lasentinelle.dz\\\/\",\"name\":\"La Sentinelle\",\"description\":\"Quotidien national d&#039;information\",\"publisher\":{\"@id\":\"https:\\\/\\\/lasentinelle.dz\\\/#organization\"},\"potentialAction\":[{\"@type\":\"SearchAction\",\"target\":{\"@type\":\"EntryPoint\",\"urlTemplate\":\"https:\\\/\\\/lasentinelle.dz\\\/?s={search_term_string}\"},\"query-input\":{\"@type\":\"PropertyValueSpecification\",\"valueRequired\":true,\"valueName\":\"search_term_string\"}}],\"inLanguage\":\"fr-FR\"},{\"@type\":\"Organization\",\"@id\":\"https:\\\/\\\/lasentinelle.dz\\\/#organization\",\"name\":\"Quotidien La Sentinelle\",\"url\":\"https:\\\/\\\/lasentinelle.dz\\\/\",\"logo\":{\"@type\":\"ImageObject\",\"inLanguage\":\"fr-FR\",\"@id\":\"https:\\\/\\\/lasentinelle.dz\\\/#\\\/schema\\\/logo\\\/image\\\/\",\"url\":\"https:\\\/\\\/lasentinelle.dz\\\/wp-content\\\/uploads\\\/2021\\\/09\\\/logo-sentinelleSLOGAN-1.png\",\"contentUrl\":\"https:\\\/\\\/lasentinelle.dz\\\/wp-content\\\/uploads\\\/2021\\\/09\\\/logo-sentinelleSLOGAN-1.png\",\"width\":615,\"height\":142,\"caption\":\"Quotidien La Sentinelle\"},\"image\":{\"@id\":\"https:\\\/\\\/lasentinelle.dz\\\/#\\\/schema\\\/logo\\\/image\\\/\"},\"sameAs\":[\"https:\\\/\\\/www.facebook.com\\\/La-Sentinelle-104059864394773\"]},{\"@type\":\"Person\",\"@id\":\"https:\\\/\\\/lasentinelle.dz\\\/#\\\/schema\\\/person\\\/729ee0024f24e0b8c5ec17232f8e8b41\",\"name\":\"admin\",\"image\":{\"@type\":\"ImageObject\",\"inLanguage\":\"fr-FR\",\"@id\":\"https:\\\/\\\/secure.gravatar.com\\\/avatar\\\/4c81fed838786e9b53f540bf46533e750f5d292099ae3b66cfc6fb1982e29df7?s=96&d=mm&r=g\",\"url\":\"https:\\\/\\\/secure.gravatar.com\\\/avatar\\\/4c81fed838786e9b53f540bf46533e750f5d292099ae3b66cfc6fb1982e29df7?s=96&d=mm&r=g\",\"contentUrl\":\"https:\\\/\\\/secure.gravatar.com\\\/avatar\\\/4c81fed838786e9b53f540bf46533e750f5d292099ae3b66cfc6fb1982e29df7?s=96&d=mm&r=g\",\"caption\":\"admin\"},\"description\":\"admin\",\"url\":\"https:\\\/\\\/lasentinelle.dz\\\/author\\\/admin\\\/\"}]}<\/script>\n<!-- \/ Yoast SEO plugin. -->","yoast_head_json":{"title":"Terres agricoles r\u00e9am\u00e9nag\u00e9es\u202f: La commission de r\u00e9gulation \u00e0 pied d\u2019\u0153uvre \u00e0 Annaba - La Sentinelle","robots":{"index":"index","follow":"follow","max-snippet":"max-snippet:-1","max-image-preview":"max-image-preview:large","max-video-preview":"max-video-preview:-1"},"canonical":"https:\/\/lasentinelle.dz\/index.php\/2024\/12\/17\/terres-agricoles-reamenagees-la-commission-de-regulation-a-pied-doeuvre-a-annaba\/","og_locale":"fr_FR","og_type":"article","og_title":"Terres agricoles r\u00e9am\u00e9nag\u00e9es\u202f: La commission de r\u00e9gulation \u00e0 pied d\u2019\u0153uvre \u00e0 Annaba - La Sentinelle","og_description":"La commission de r\u00e9gulation des terres agricoles r\u00e9habilit\u00e9es a tenu hier, au si\u00e8ge de la wilaya d\u2019Annaba, une r\u00e9union, pour","og_url":"https:\/\/lasentinelle.dz\/index.php\/2024\/12\/17\/terres-agricoles-reamenagees-la-commission-de-regulation-a-pied-doeuvre-a-annaba\/","og_site_name":"La Sentinelle","article_publisher":"https:\/\/www.facebook.com\/La-Sentinelle-104059864394773","article_published_time":"2024-12-17T10:07:34+00:00","article_modified_time":"2024-12-17T10:07:35+00:00","og_image":[{"width":1280,"height":853,"url":"https:\/\/lasentinelle.dz\/wp-content\/uploads\/2024\/04\/agriculture2.webp","type":"image\/webp"}],"author":"admin","twitter_card":"summary_large_image","twitter_misc":{"\u00c9crit par":"admin","Dur\u00e9e de lecture estim\u00e9e":"4 minutes"},"schema":{"@context":"https:\/\/schema.org","@graph":[{"@type":"Article","@id":"https:\/\/lasentinelle.dz\/index.php\/2024\/12\/17\/terres-agricoles-reamenagees-la-commission-de-regulation-a-pied-doeuvre-a-annaba\/#article","isPartOf":{"@id":"https:\/\/lasentinelle.dz\/index.php\/2024\/12\/17\/terres-agricoles-reamenagees-la-commission-de-regulation-a-pied-doeuvre-a-annaba\/"},"author":{"name":"admin","@id":"https:\/\/lasentinelle.dz\/#\/schema\/person\/729ee0024f24e0b8c5ec17232f8e8b41"},"headline":"Terres agricoles r\u00e9am\u00e9nag\u00e9es\u202f: La commission de r\u00e9gulation \u00e0 pied d\u2019\u0153uvre \u00e0 Annaba","datePublished":"2024-12-17T10:07:34+00:00","dateModified":"2024-12-17T10:07:35+00:00","mainEntityOfPage":{"@id":"https:\/\/lasentinelle.dz\/index.php\/2024\/12\/17\/terres-agricoles-reamenagees-la-commission-de-regulation-a-pied-doeuvre-a-annaba\/"},"wordCount":794,"commentCount":0,"publisher":{"@id":"https:\/\/lasentinelle.dz\/#organization"},"image":{"@id":"https:\/\/lasentinelle.dz\/index.php\/2024\/12\/17\/terres-agricoles-reamenagees-la-commission-de-regulation-a-pied-doeuvre-a-annaba\/#primaryimage"},"thumbnailUrl":"https:\/\/lasentinelle.dz\/wp-content\/uploads\/2024\/04\/agriculture2.webp","articleSection":["R\u00e9gions"],"inLanguage":"fr-FR","potentialAction":[{"@type":"CommentAction","name":"Comment","target":["https:\/\/lasentinelle.dz\/index.php\/2024\/12\/17\/terres-agricoles-reamenagees-la-commission-de-regulation-a-pied-doeuvre-a-annaba\/#respond"]}]},{"@type":"WebPage","@id":"https:\/\/lasentinelle.dz\/index.php\/2024\/12\/17\/terres-agricoles-reamenagees-la-commission-de-regulation-a-pied-doeuvre-a-annaba\/","url":"https:\/\/lasentinelle.dz\/index.php\/2024\/12\/17\/terres-agricoles-reamenagees-la-commission-de-regulation-a-pied-doeuvre-a-annaba\/","name":"Terres agricoles r\u00e9am\u00e9nag\u00e9es\u202f: La commission de r\u00e9gulation \u00e0 pied d\u2019\u0153uvre \u00e0 Annaba - La Sentinelle","isPartOf":{"@id":"https:\/\/lasentinelle.dz\/#website"},"primaryImageOfPage":{"@id":"https:\/\/lasentinelle.dz\/index.php\/2024\/12\/17\/terres-agricoles-reamenagees-la-commission-de-regulation-a-pied-doeuvre-a-annaba\/#primaryimage"},"image":{"@id":"https:\/\/lasentinelle.dz\/index.php\/2024\/12\/17\/terres-agricoles-reamenagees-la-commission-de-regulation-a-pied-doeuvre-a-annaba\/#primaryimage"},"thumbnailUrl":"https:\/\/lasentinelle.dz\/wp-content\/uploads\/2024\/04\/agriculture2.webp","datePublished":"2024-12-17T10:07:34+00:00","dateModified":"2024-12-17T10:07:35+00:00","breadcrumb":{"@id":"https:\/\/lasentinelle.dz\/index.php\/2024\/12\/17\/terres-agricoles-reamenagees-la-commission-de-regulation-a-pied-doeuvre-a-annaba\/#breadcrumb"},"inLanguage":"fr-FR","potentialAction":[{"@type":"ReadAction","target":["https:\/\/lasentinelle.dz\/index.php\/2024\/12\/17\/terres-agricoles-reamenagees-la-commission-de-regulation-a-pied-doeuvre-a-annaba\/"]}]},{"@type":"ImageObject","inLanguage":"fr-FR","@id":"https:\/\/lasentinelle.dz\/index.php\/2024\/12\/17\/terres-agricoles-reamenagees-la-commission-de-regulation-a-pied-doeuvre-a-annaba\/#primaryimage","url":"https:\/\/lasentinelle.dz\/wp-content\/uploads\/2024\/04\/agriculture2.webp","contentUrl":"https:\/\/lasentinelle.dz\/wp-content\/uploads\/2024\/04\/agriculture2.webp","width":1280,"height":853},{"@type":"BreadcrumbList","@id":"https:\/\/lasentinelle.dz\/index.php\/2024\/12\/17\/terres-agricoles-reamenagees-la-commission-de-regulation-a-pied-doeuvre-a-annaba\/#breadcrumb","itemListElement":[{"@type":"ListItem","position":1,"name":"Accueil","item":"https:\/\/lasentinelle.dz\/"},{"@type":"ListItem","position":2,"name":"Terres agricoles r\u00e9am\u00e9nag\u00e9es\u202f: La commission de r\u00e9gulation \u00e0 pied d\u2019\u0153uvre \u00e0 Annaba"}]},{"@type":"WebSite","@id":"https:\/\/lasentinelle.dz\/#website","url":"https:\/\/lasentinelle.dz\/","name":"La Sentinelle","description":"Quotidien national d&#039;information","publisher":{"@id":"https:\/\/lasentinelle.dz\/#organization"},"potentialAction":[{"@type":"SearchAction","target":{"@type":"EntryPoint","urlTemplate":"https:\/\/lasentinelle.dz\/?s={search_term_string}"},"query-input":{"@type":"PropertyValueSpecification","valueRequired":true,"valueName":"search_term_string"}}],"inLanguage":"fr-FR"},{"@type":"Organization","@id":"https:\/\/lasentinelle.dz\/#organization","name":"Quotidien La Sentinelle","url":"https:\/\/lasentinelle.dz\/","logo":{"@type":"ImageObject","inLanguage":"fr-FR","@id":"https:\/\/lasentinelle.dz\/#\/schema\/logo\/image\/","url":"https:\/\/lasentinelle.dz\/wp-content\/uploads\/2021\/09\/logo-sentinelleSLOGAN-1.png","contentUrl":"https:\/\/lasentinelle.dz\/wp-content\/uploads\/2021\/09\/logo-sentinelleSLOGAN-1.png","width":615,"height":142,"caption":"Quotidien La Sentinelle"},"image":{"@id":"https:\/\/lasentinelle.dz\/#\/schema\/logo\/image\/"},"sameAs":["https:\/\/www.facebook.com\/La-Sentinelle-104059864394773"]},{"@type":"Person","@id":"https:\/\/lasentinelle.dz\/#\/schema\/person\/729ee0024f24e0b8c5ec17232f8e8b41","name":"admin","image":{"@type":"ImageObject","inLanguage":"fr-FR","@id":"https:\/\/secure.gravatar.com\/avatar\/4c81fed838786e9b53f540bf46533e750f5d292099ae3b66cfc6fb1982e29df7?s=96&d=mm&r=g","url":"https:\/\/secure.gravatar.com\/avatar\/4c81fed838786e9b53f540bf46533e750f5d292099ae3b66cfc6fb1982e29df7?s=96&d=mm&r=g","contentUrl":"https:\/\/secure.gravatar.com\/avatar\/4c81fed838786e9b53f540bf46533e750f5d292099ae3b66cfc6fb1982e29df7?s=96&d=mm&r=g","caption":"admin"},"description":"admin","url":"https:\/\/lasentinelle.dz\/author\/admin\/"}]}},"_links":{"self":[{"href":"https:\/\/lasentinelle.dz\/index.php\/wp-json\/wp\/v2\/posts\/60643","targetHints":{"allow":["GET"]}}],"collection":[{"href":"https:\/\/lasentinelle.dz\/index.php\/wp-json\/wp\/v2\/posts"}],"about":[{"href":"https:\/\/lasentinelle.dz\/index.php\/wp-json\/wp\/v2\/types\/post"}],"author":[{"embeddable":true,"href":"https:\/\/lasentinelle.dz\/index.php\/wp-json\/wp\/v2\/users\/6"}],"replies":[{"embeddable":true,"href":"https:\/\/lasentinelle.dz\/index.php\/wp-json\/wp\/v2\/comments?post=60643"}],"version-history":[{"count":1,"href":"https:\/\/lasentinelle.dz\/index.php\/wp-json\/wp\/v2\/posts\/60643\/revisions"}],"predecessor-version":[{"id":60644,"href":"https:\/\/lasentinelle.dz\/index.php\/wp-json\/wp\/v2\/posts\/60643\/revisions\/60644"}],"wp:featuredmedia":[{"embeddable":true,"href":"https:\/\/lasentinelle.dz\/index.php\/wp-json\/wp\/v2\/media\/50973"}],"wp:attachment":[{"href":"https:\/\/lasentinelle.dz\/index.php\/wp-json\/wp\/v2\/media?parent=60643"}],"wp:term":[{"taxonomy":"category","embeddable":true,"href":"https:\/\/lasentinelle.dz\/index.php\/wp-json\/wp\/v2\/categories?post=60643"},{"taxonomy":"post_tag","embeddable":true,"href":"https:\/\/lasentinelle.dz\/index.php\/wp-json\/wp\/v2\/tags?post=60643"}],"curies":[{"name":"wp","href":"https:\/\/api.w.org\/{rel}","templated":true}]}}