{"id":60682,"date":"2024-12-19T10:20:58","date_gmt":"2024-12-19T09:20:58","guid":{"rendered":"https:\/\/lasentinelle.dz\/?p=60682"},"modified":"2024-12-22T10:21:46","modified_gmt":"2024-12-22T09:21:46","slug":"france-sarkozy-condamne-a-un-an-de-prison-ferme-avec-port-du-bracelet-electronique","status":"publish","type":"post","link":"https:\/\/lasentinelle.dz\/index.php\/2024\/12\/19\/france-sarkozy-condamne-a-un-an-de-prison-ferme-avec-port-du-bracelet-electronique\/","title":{"rendered":"France: Sarkozy condamn\u00e9 \u00e0 un an de prison ferme avec port du bracelet \u00e9lectronique"},"content":{"rendered":"\n<p>L&rsquo;ancien pr\u00e9sident fran\u00e7ais Nicolas Sarkozy a \u00e9t\u00e9 condamn\u00e9 mercredi par la Cour de cassation pour corruption et trafic d&rsquo;influence \u00e0 un an de prison ferme avec obligation de porter un bracelet \u00e9lectronique et trois ans d\u2019in\u00e9ligibilit\u00e9. Les m\u00e9dias fran\u00e7ais ont rapport\u00e9 l&rsquo;information, expliquant qu&rsquo;il s&rsquo;agit d&rsquo;une sanction sans pr\u00e9c\u00e9dent pour un ancien chef de l&rsquo;Etat fran\u00e7ais. Trois ans d&rsquo;in\u00e9ligibilit\u00e9 s&rsquo;ajoutent \u00e0 la peine. Sarkozy, 69 ans, sera convoqu\u00e9 devant un juge qui devra d\u00e9terminer les modalit\u00e9s d&rsquo;application du bracelet \u00e9lectronique. Il s\u2019agit de la premi\u00e8re condamnation d\u00e9finitive de l\u2019ex-pr\u00e9sident fran\u00e7ais (2007-2012).(<\/p>\n\n\n\n<p>C\u2019est la premi\u00e8re condamnation d\u00e9finitive de Nicolas Sarkozy. La cour de cassation a rejet\u00e9, hier, les pourvois de l\u2019ancien pr\u00e9sident et de ses copr\u00e9venus, l\u2019avocat Thierry Herzog et l\u2019ex-haut magistrat Gilbert Azibert, apr\u00e8s leur condamnation en appel, en mai 2023, pour \u00ab corruption \u00bb et \u00ab trafic d\u2019influence \u00bb dans l\u2019affaire dite des \u00e9coutes. Les trois hommes s\u2019\u00e9taient vus infliger la m\u00eame peine de trois ans de prison dont un ferme sous bracelet \u00e9lectronique, avec pour l\u2019avocat une interdiction de porter la robe pendant trois ans.<\/p>\n\n\n\n<p>\u00ab Pacte de corruption \u00bb Cette d\u00e9cision de la Cour de cassation intervient alors que l\u2019ancien locataire de l\u2019\u00c9lys\u00e9e doit compara\u00eetre du 6 janvier au 10 avril devant le tribunal correctionnel de Paris dans l\u2019affaire des soup\u00e7ons de financement libyen de sa campagne pr\u00e9sidentielle 2007. C\u2019est dans ce dossier que l\u2019affaire des \u00e9coutes trouve son origine : les juges d\u2019instruction, qui avaient d\u00e9cid\u00e9 de \u00ab brancher \u00bb Nicolas Sarkozy, ont d\u00e9couvert d\u00e9but 2014, l\u2019usage d\u2019une ligne t\u00e9l\u00e9phonique officieuse, ouverte sous l\u2019alias \u00ab Paul Bismuth \u00bb. Celle-ci \u00e9tant d\u00e9di\u00e9e \u00e0 ses \u00e9changes avec son ami et avocat Thierry Herzog.<\/p>\n\n\n\n<p>R.I. avec agences<\/p>\n","protected":false},"excerpt":{"rendered":"<p>L&rsquo;ancien pr\u00e9sident fran\u00e7ais Nicolas Sarkozy a \u00e9t\u00e9 condamn\u00e9 mercredi par la Cour de cassation pour corruption et trafic d&rsquo;influence \u00e0<\/p>\n","protected":false},"author":6,"featured_media":41217,"comment_status":"open","ping_status":"closed","sticky":false,"template":"","format":"standard","meta":{"colormag_page_container_layout":"default_layout","colormag_page_sidebar_layout":"default_layout","om_disable_all_campaigns":false,"_monsterinsights_skip_tracking":false,"_monsterinsights_sitenote_active":false,"_monsterinsights_sitenote_note":"","_monsterinsights_sitenote_category":0,"footnotes":"","_wpscppro_dont_share_socialmedia":false,"_wpscppro_custom_social_share_image":0,"_facebook_share_type":"default","_twitter_share_type":"default","_linkedin_share_type":"default","_pinterest_share_type":"default","_linkedin_share_type_page":"","_instagram_share_type":"default","_medium_share_type":"default","_threads_share_type":"","_google_business_share_type":"","_selected_social_profile":[],"_wpsp_enable_custom_social_template":false,"_wpsp_social_scheduling":{"enabled":false,"datetime":null,"platforms":[],"status":"template_only","dateOption":"today","timeOption":"now","customDays":"","customHours":"","customDate":"","customTime":"","schedulingType":"absolute"},"_wpsp_active_default_template":true},"categories":[37],"tags":[],"class_list":["post-60682","post","type-post","status-publish","format-standard","has-post-thumbnail","hentry","category-monde"],"aioseo_notices":[],"yoast_head":"<!-- This site is optimized with the Yoast SEO plugin v27.4 - https:\/\/yoast.com\/product\/yoast-seo-wordpress\/ -->\n<title>France: Sarkozy condamn\u00e9 \u00e0 un an de prison ferme avec port du bracelet \u00e9lectronique - La Sentinelle<\/title>\n<meta name=\"robots\" content=\"index, follow, max-snippet:-1, max-image-preview:large, max-video-preview:-1\" \/>\n<link rel=\"canonical\" href=\"https:\/\/lasentinelle.dz\/index.php\/2024\/12\/19\/france-sarkozy-condamne-a-un-an-de-prison-ferme-avec-port-du-bracelet-electronique\/\" \/>\n<meta property=\"og:locale\" content=\"fr_FR\" \/>\n<meta property=\"og:type\" content=\"article\" \/>\n<meta property=\"og:title\" content=\"France: Sarkozy condamn\u00e9 \u00e0 un an de prison ferme avec port du bracelet \u00e9lectronique - La Sentinelle\" \/>\n<meta property=\"og:description\" content=\"L&rsquo;ancien pr\u00e9sident fran\u00e7ais Nicolas Sarkozy a \u00e9t\u00e9 condamn\u00e9 mercredi par la Cour de cassation pour corruption et trafic d&rsquo;influence \u00e0\" \/>\n<meta property=\"og:url\" content=\"https:\/\/lasentinelle.dz\/index.php\/2024\/12\/19\/france-sarkozy-condamne-a-un-an-de-prison-ferme-avec-port-du-bracelet-electronique\/\" \/>\n<meta property=\"og:site_name\" content=\"La Sentinelle\" \/>\n<meta property=\"article:publisher\" content=\"https:\/\/www.facebook.com\/La-Sentinelle-104059864394773\" \/>\n<meta property=\"article:published_time\" content=\"2024-12-19T09:20:58+00:00\" \/>\n<meta property=\"article:modified_time\" content=\"2024-12-22T09:21:46+00:00\" \/>\n<meta property=\"og:image\" content=\"https:\/\/lasentinelle.dz\/wp-content\/uploads\/2023\/05\/sarko.png\" \/>\n\t<meta property=\"og:image:width\" content=\"1593\" \/>\n\t<meta property=\"og:image:height\" content=\"900\" \/>\n\t<meta property=\"og:image:type\" content=\"image\/png\" \/>\n<meta name=\"author\" content=\"admin\" \/>\n<meta name=\"twitter:card\" content=\"summary_large_image\" \/>\n<meta name=\"twitter:label1\" content=\"\u00c9crit par\" \/>\n\t<meta name=\"twitter:data1\" content=\"admin\" \/>\n\t<meta name=\"twitter:label2\" content=\"Dur\u00e9e de lecture estim\u00e9e\" \/>\n\t<meta name=\"twitter:data2\" content=\"2 minutes\" \/>\n<script type=\"application\/ld+json\" class=\"yoast-schema-graph\">{\"@context\":\"https:\\\/\\\/schema.org\",\"@graph\":[{\"@type\":\"Article\",\"@id\":\"https:\\\/\\\/lasentinelle.dz\\\/index.php\\\/2024\\\/12\\\/19\\\/france-sarkozy-condamne-a-un-an-de-prison-ferme-avec-port-du-bracelet-electronique\\\/#article\",\"isPartOf\":{\"@id\":\"https:\\\/\\\/lasentinelle.dz\\\/index.php\\\/2024\\\/12\\\/19\\\/france-sarkozy-condamne-a-un-an-de-prison-ferme-avec-port-du-bracelet-electronique\\\/\"},\"author\":{\"name\":\"admin\",\"@id\":\"https:\\\/\\\/lasentinelle.dz\\\/#\\\/schema\\\/person\\\/729ee0024f24e0b8c5ec17232f8e8b41\"},\"headline\":\"France: Sarkozy condamn\u00e9 \u00e0 un an de prison ferme avec port du bracelet \u00e9lectronique\",\"datePublished\":\"2024-12-19T09:20:58+00:00\",\"dateModified\":\"2024-12-22T09:21:46+00:00\",\"mainEntityOfPage\":{\"@id\":\"https:\\\/\\\/lasentinelle.dz\\\/index.php\\\/2024\\\/12\\\/19\\\/france-sarkozy-condamne-a-un-an-de-prison-ferme-avec-port-du-bracelet-electronique\\\/\"},\"wordCount\":335,\"commentCount\":0,\"publisher\":{\"@id\":\"https:\\\/\\\/lasentinelle.dz\\\/#organization\"},\"image\":{\"@id\":\"https:\\\/\\\/lasentinelle.dz\\\/index.php\\\/2024\\\/12\\\/19\\\/france-sarkozy-condamne-a-un-an-de-prison-ferme-avec-port-du-bracelet-electronique\\\/#primaryimage\"},\"thumbnailUrl\":\"https:\\\/\\\/lasentinelle.dz\\\/wp-content\\\/uploads\\\/2023\\\/05\\\/sarko.png\",\"articleSection\":[\"Monde\"],\"inLanguage\":\"fr-FR\",\"potentialAction\":[{\"@type\":\"CommentAction\",\"name\":\"Comment\",\"target\":[\"https:\\\/\\\/lasentinelle.dz\\\/index.php\\\/2024\\\/12\\\/19\\\/france-sarkozy-condamne-a-un-an-de-prison-ferme-avec-port-du-bracelet-electronique\\\/#respond\"]}]},{\"@type\":\"WebPage\",\"@id\":\"https:\\\/\\\/lasentinelle.dz\\\/index.php\\\/2024\\\/12\\\/19\\\/france-sarkozy-condamne-a-un-an-de-prison-ferme-avec-port-du-bracelet-electronique\\\/\",\"url\":\"https:\\\/\\\/lasentinelle.dz\\\/index.php\\\/2024\\\/12\\\/19\\\/france-sarkozy-condamne-a-un-an-de-prison-ferme-avec-port-du-bracelet-electronique\\\/\",\"name\":\"France: Sarkozy condamn\u00e9 \u00e0 un an de prison ferme avec port du bracelet \u00e9lectronique - La Sentinelle\",\"isPartOf\":{\"@id\":\"https:\\\/\\\/lasentinelle.dz\\\/#website\"},\"primaryImageOfPage\":{\"@id\":\"https:\\\/\\\/lasentinelle.dz\\\/index.php\\\/2024\\\/12\\\/19\\\/france-sarkozy-condamne-a-un-an-de-prison-ferme-avec-port-du-bracelet-electronique\\\/#primaryimage\"},\"image\":{\"@id\":\"https:\\\/\\\/lasentinelle.dz\\\/index.php\\\/2024\\\/12\\\/19\\\/france-sarkozy-condamne-a-un-an-de-prison-ferme-avec-port-du-bracelet-electronique\\\/#primaryimage\"},\"thumbnailUrl\":\"https:\\\/\\\/lasentinelle.dz\\\/wp-content\\\/uploads\\\/2023\\\/05\\\/sarko.png\",\"datePublished\":\"2024-12-19T09:20:58+00:00\",\"dateModified\":\"2024-12-22T09:21:46+00:00\",\"breadcrumb\":{\"@id\":\"https:\\\/\\\/lasentinelle.dz\\\/index.php\\\/2024\\\/12\\\/19\\\/france-sarkozy-condamne-a-un-an-de-prison-ferme-avec-port-du-bracelet-electronique\\\/#breadcrumb\"},\"inLanguage\":\"fr-FR\",\"potentialAction\":[{\"@type\":\"ReadAction\",\"target\":[\"https:\\\/\\\/lasentinelle.dz\\\/index.php\\\/2024\\\/12\\\/19\\\/france-sarkozy-condamne-a-un-an-de-prison-ferme-avec-port-du-bracelet-electronique\\\/\"]}]},{\"@type\":\"ImageObject\",\"inLanguage\":\"fr-FR\",\"@id\":\"https:\\\/\\\/lasentinelle.dz\\\/index.php\\\/2024\\\/12\\\/19\\\/france-sarkozy-condamne-a-un-an-de-prison-ferme-avec-port-du-bracelet-electronique\\\/#primaryimage\",\"url\":\"https:\\\/\\\/lasentinelle.dz\\\/wp-content\\\/uploads\\\/2023\\\/05\\\/sarko.png\",\"contentUrl\":\"https:\\\/\\\/lasentinelle.dz\\\/wp-content\\\/uploads\\\/2023\\\/05\\\/sarko.png\",\"width\":1593,\"height\":900},{\"@type\":\"BreadcrumbList\",\"@id\":\"https:\\\/\\\/lasentinelle.dz\\\/index.php\\\/2024\\\/12\\\/19\\\/france-sarkozy-condamne-a-un-an-de-prison-ferme-avec-port-du-bracelet-electronique\\\/#breadcrumb\",\"itemListElement\":[{\"@type\":\"ListItem\",\"position\":1,\"name\":\"Accueil\",\"item\":\"https:\\\/\\\/lasentinelle.dz\\\/\"},{\"@type\":\"ListItem\",\"position\":2,\"name\":\"France: Sarkozy condamn\u00e9 \u00e0 un an de prison ferme avec port du bracelet \u00e9lectronique\"}]},{\"@type\":\"WebSite\",\"@id\":\"https:\\\/\\\/lasentinelle.dz\\\/#website\",\"url\":\"https:\\\/\\\/lasentinelle.dz\\\/\",\"name\":\"La Sentinelle\",\"description\":\"Quotidien national d&#039;information\",\"publisher\":{\"@id\":\"https:\\\/\\\/lasentinelle.dz\\\/#organization\"},\"potentialAction\":[{\"@type\":\"SearchAction\",\"target\":{\"@type\":\"EntryPoint\",\"urlTemplate\":\"https:\\\/\\\/lasentinelle.dz\\\/?s={search_term_string}\"},\"query-input\":{\"@type\":\"PropertyValueSpecification\",\"valueRequired\":true,\"valueName\":\"search_term_string\"}}],\"inLanguage\":\"fr-FR\"},{\"@type\":\"Organization\",\"@id\":\"https:\\\/\\\/lasentinelle.dz\\\/#organization\",\"name\":\"Quotidien La Sentinelle\",\"url\":\"https:\\\/\\\/lasentinelle.dz\\\/\",\"logo\":{\"@type\":\"ImageObject\",\"inLanguage\":\"fr-FR\",\"@id\":\"https:\\\/\\\/lasentinelle.dz\\\/#\\\/schema\\\/logo\\\/image\\\/\",\"url\":\"https:\\\/\\\/lasentinelle.dz\\\/wp-content\\\/uploads\\\/2021\\\/09\\\/logo-sentinelleSLOGAN-1.png\",\"contentUrl\":\"https:\\\/\\\/lasentinelle.dz\\\/wp-content\\\/uploads\\\/2021\\\/09\\\/logo-sentinelleSLOGAN-1.png\",\"width\":615,\"height\":142,\"caption\":\"Quotidien La Sentinelle\"},\"image\":{\"@id\":\"https:\\\/\\\/lasentinelle.dz\\\/#\\\/schema\\\/logo\\\/image\\\/\"},\"sameAs\":[\"https:\\\/\\\/www.facebook.com\\\/La-Sentinelle-104059864394773\"]},{\"@type\":\"Person\",\"@id\":\"https:\\\/\\\/lasentinelle.dz\\\/#\\\/schema\\\/person\\\/729ee0024f24e0b8c5ec17232f8e8b41\",\"name\":\"admin\",\"image\":{\"@type\":\"ImageObject\",\"inLanguage\":\"fr-FR\",\"@id\":\"https:\\\/\\\/secure.gravatar.com\\\/avatar\\\/4c81fed838786e9b53f540bf46533e750f5d292099ae3b66cfc6fb1982e29df7?s=96&d=mm&r=g\",\"url\":\"https:\\\/\\\/secure.gravatar.com\\\/avatar\\\/4c81fed838786e9b53f540bf46533e750f5d292099ae3b66cfc6fb1982e29df7?s=96&d=mm&r=g\",\"contentUrl\":\"https:\\\/\\\/secure.gravatar.com\\\/avatar\\\/4c81fed838786e9b53f540bf46533e750f5d292099ae3b66cfc6fb1982e29df7?s=96&d=mm&r=g\",\"caption\":\"admin\"},\"description\":\"admin\",\"url\":\"https:\\\/\\\/lasentinelle.dz\\\/author\\\/admin\\\/\"}]}<\/script>\n<!-- \/ Yoast SEO plugin. -->","yoast_head_json":{"title":"France: Sarkozy condamn\u00e9 \u00e0 un an de prison ferme avec port du bracelet \u00e9lectronique - La Sentinelle","robots":{"index":"index","follow":"follow","max-snippet":"max-snippet:-1","max-image-preview":"max-image-preview:large","max-video-preview":"max-video-preview:-1"},"canonical":"https:\/\/lasentinelle.dz\/index.php\/2024\/12\/19\/france-sarkozy-condamne-a-un-an-de-prison-ferme-avec-port-du-bracelet-electronique\/","og_locale":"fr_FR","og_type":"article","og_title":"France: Sarkozy condamn\u00e9 \u00e0 un an de prison ferme avec port du bracelet \u00e9lectronique - La Sentinelle","og_description":"L&rsquo;ancien pr\u00e9sident fran\u00e7ais Nicolas Sarkozy a \u00e9t\u00e9 condamn\u00e9 mercredi par la Cour de cassation pour corruption et trafic d&rsquo;influence \u00e0","og_url":"https:\/\/lasentinelle.dz\/index.php\/2024\/12\/19\/france-sarkozy-condamne-a-un-an-de-prison-ferme-avec-port-du-bracelet-electronique\/","og_site_name":"La Sentinelle","article_publisher":"https:\/\/www.facebook.com\/La-Sentinelle-104059864394773","article_published_time":"2024-12-19T09:20:58+00:00","article_modified_time":"2024-12-22T09:21:46+00:00","og_image":[{"width":1593,"height":900,"url":"https:\/\/lasentinelle.dz\/wp-content\/uploads\/2023\/05\/sarko.png","type":"image\/png"}],"author":"admin","twitter_card":"summary_large_image","twitter_misc":{"\u00c9crit par":"admin","Dur\u00e9e de lecture estim\u00e9e":"2 minutes"},"schema":{"@context":"https:\/\/schema.org","@graph":[{"@type":"Article","@id":"https:\/\/lasentinelle.dz\/index.php\/2024\/12\/19\/france-sarkozy-condamne-a-un-an-de-prison-ferme-avec-port-du-bracelet-electronique\/#article","isPartOf":{"@id":"https:\/\/lasentinelle.dz\/index.php\/2024\/12\/19\/france-sarkozy-condamne-a-un-an-de-prison-ferme-avec-port-du-bracelet-electronique\/"},"author":{"name":"admin","@id":"https:\/\/lasentinelle.dz\/#\/schema\/person\/729ee0024f24e0b8c5ec17232f8e8b41"},"headline":"France: Sarkozy condamn\u00e9 \u00e0 un an de prison ferme avec port du bracelet \u00e9lectronique","datePublished":"2024-12-19T09:20:58+00:00","dateModified":"2024-12-22T09:21:46+00:00","mainEntityOfPage":{"@id":"https:\/\/lasentinelle.dz\/index.php\/2024\/12\/19\/france-sarkozy-condamne-a-un-an-de-prison-ferme-avec-port-du-bracelet-electronique\/"},"wordCount":335,"commentCount":0,"publisher":{"@id":"https:\/\/lasentinelle.dz\/#organization"},"image":{"@id":"https:\/\/lasentinelle.dz\/index.php\/2024\/12\/19\/france-sarkozy-condamne-a-un-an-de-prison-ferme-avec-port-du-bracelet-electronique\/#primaryimage"},"thumbnailUrl":"https:\/\/lasentinelle.dz\/wp-content\/uploads\/2023\/05\/sarko.png","articleSection":["Monde"],"inLanguage":"fr-FR","potentialAction":[{"@type":"CommentAction","name":"Comment","target":["https:\/\/lasentinelle.dz\/index.php\/2024\/12\/19\/france-sarkozy-condamne-a-un-an-de-prison-ferme-avec-port-du-bracelet-electronique\/#respond"]}]},{"@type":"WebPage","@id":"https:\/\/lasentinelle.dz\/index.php\/2024\/12\/19\/france-sarkozy-condamne-a-un-an-de-prison-ferme-avec-port-du-bracelet-electronique\/","url":"https:\/\/lasentinelle.dz\/index.php\/2024\/12\/19\/france-sarkozy-condamne-a-un-an-de-prison-ferme-avec-port-du-bracelet-electronique\/","name":"France: Sarkozy condamn\u00e9 \u00e0 un an de prison ferme avec port du bracelet \u00e9lectronique - La Sentinelle","isPartOf":{"@id":"https:\/\/lasentinelle.dz\/#website"},"primaryImageOfPage":{"@id":"https:\/\/lasentinelle.dz\/index.php\/2024\/12\/19\/france-sarkozy-condamne-a-un-an-de-prison-ferme-avec-port-du-bracelet-electronique\/#primaryimage"},"image":{"@id":"https:\/\/lasentinelle.dz\/index.php\/2024\/12\/19\/france-sarkozy-condamne-a-un-an-de-prison-ferme-avec-port-du-bracelet-electronique\/#primaryimage"},"thumbnailUrl":"https:\/\/lasentinelle.dz\/wp-content\/uploads\/2023\/05\/sarko.png","datePublished":"2024-12-19T09:20:58+00:00","dateModified":"2024-12-22T09:21:46+00:00","breadcrumb":{"@id":"https:\/\/lasentinelle.dz\/index.php\/2024\/12\/19\/france-sarkozy-condamne-a-un-an-de-prison-ferme-avec-port-du-bracelet-electronique\/#breadcrumb"},"inLanguage":"fr-FR","potentialAction":[{"@type":"ReadAction","target":["https:\/\/lasentinelle.dz\/index.php\/2024\/12\/19\/france-sarkozy-condamne-a-un-an-de-prison-ferme-avec-port-du-bracelet-electronique\/"]}]},{"@type":"ImageObject","inLanguage":"fr-FR","@id":"https:\/\/lasentinelle.dz\/index.php\/2024\/12\/19\/france-sarkozy-condamne-a-un-an-de-prison-ferme-avec-port-du-bracelet-electronique\/#primaryimage","url":"https:\/\/lasentinelle.dz\/wp-content\/uploads\/2023\/05\/sarko.png","contentUrl":"https:\/\/lasentinelle.dz\/wp-content\/uploads\/2023\/05\/sarko.png","width":1593,"height":900},{"@type":"BreadcrumbList","@id":"https:\/\/lasentinelle.dz\/index.php\/2024\/12\/19\/france-sarkozy-condamne-a-un-an-de-prison-ferme-avec-port-du-bracelet-electronique\/#breadcrumb","itemListElement":[{"@type":"ListItem","position":1,"name":"Accueil","item":"https:\/\/lasentinelle.dz\/"},{"@type":"ListItem","position":2,"name":"France: Sarkozy condamn\u00e9 \u00e0 un an de prison ferme avec port du bracelet \u00e9lectronique"}]},{"@type":"WebSite","@id":"https:\/\/lasentinelle.dz\/#website","url":"https:\/\/lasentinelle.dz\/","name":"La Sentinelle","description":"Quotidien national d&#039;information","publisher":{"@id":"https:\/\/lasentinelle.dz\/#organization"},"potentialAction":[{"@type":"SearchAction","target":{"@type":"EntryPoint","urlTemplate":"https:\/\/lasentinelle.dz\/?s={search_term_string}"},"query-input":{"@type":"PropertyValueSpecification","valueRequired":true,"valueName":"search_term_string"}}],"inLanguage":"fr-FR"},{"@type":"Organization","@id":"https:\/\/lasentinelle.dz\/#organization","name":"Quotidien La Sentinelle","url":"https:\/\/lasentinelle.dz\/","logo":{"@type":"ImageObject","inLanguage":"fr-FR","@id":"https:\/\/lasentinelle.dz\/#\/schema\/logo\/image\/","url":"https:\/\/lasentinelle.dz\/wp-content\/uploads\/2021\/09\/logo-sentinelleSLOGAN-1.png","contentUrl":"https:\/\/lasentinelle.dz\/wp-content\/uploads\/2021\/09\/logo-sentinelleSLOGAN-1.png","width":615,"height":142,"caption":"Quotidien La Sentinelle"},"image":{"@id":"https:\/\/lasentinelle.dz\/#\/schema\/logo\/image\/"},"sameAs":["https:\/\/www.facebook.com\/La-Sentinelle-104059864394773"]},{"@type":"Person","@id":"https:\/\/lasentinelle.dz\/#\/schema\/person\/729ee0024f24e0b8c5ec17232f8e8b41","name":"admin","image":{"@type":"ImageObject","inLanguage":"fr-FR","@id":"https:\/\/secure.gravatar.com\/avatar\/4c81fed838786e9b53f540bf46533e750f5d292099ae3b66cfc6fb1982e29df7?s=96&d=mm&r=g","url":"https:\/\/secure.gravatar.com\/avatar\/4c81fed838786e9b53f540bf46533e750f5d292099ae3b66cfc6fb1982e29df7?s=96&d=mm&r=g","contentUrl":"https:\/\/secure.gravatar.com\/avatar\/4c81fed838786e9b53f540bf46533e750f5d292099ae3b66cfc6fb1982e29df7?s=96&d=mm&r=g","caption":"admin"},"description":"admin","url":"https:\/\/lasentinelle.dz\/author\/admin\/"}]}},"_links":{"self":[{"href":"https:\/\/lasentinelle.dz\/index.php\/wp-json\/wp\/v2\/posts\/60682","targetHints":{"allow":["GET"]}}],"collection":[{"href":"https:\/\/lasentinelle.dz\/index.php\/wp-json\/wp\/v2\/posts"}],"about":[{"href":"https:\/\/lasentinelle.dz\/index.php\/wp-json\/wp\/v2\/types\/post"}],"author":[{"embeddable":true,"href":"https:\/\/lasentinelle.dz\/index.php\/wp-json\/wp\/v2\/users\/6"}],"replies":[{"embeddable":true,"href":"https:\/\/lasentinelle.dz\/index.php\/wp-json\/wp\/v2\/comments?post=60682"}],"version-history":[{"count":1,"href":"https:\/\/lasentinelle.dz\/index.php\/wp-json\/wp\/v2\/posts\/60682\/revisions"}],"predecessor-version":[{"id":60683,"href":"https:\/\/lasentinelle.dz\/index.php\/wp-json\/wp\/v2\/posts\/60682\/revisions\/60683"}],"wp:featuredmedia":[{"embeddable":true,"href":"https:\/\/lasentinelle.dz\/index.php\/wp-json\/wp\/v2\/media\/41217"}],"wp:attachment":[{"href":"https:\/\/lasentinelle.dz\/index.php\/wp-json\/wp\/v2\/media?parent=60682"}],"wp:term":[{"taxonomy":"category","embeddable":true,"href":"https:\/\/lasentinelle.dz\/index.php\/wp-json\/wp\/v2\/categories?post=60682"},{"taxonomy":"post_tag","embeddable":true,"href":"https:\/\/lasentinelle.dz\/index.php\/wp-json\/wp\/v2\/tags?post=60682"}],"curies":[{"name":"wp","href":"https:\/\/api.w.org\/{rel}","templated":true}]}}