{"id":60686,"date":"2024-12-19T10:23:03","date_gmt":"2024-12-19T09:23:03","guid":{"rendered":"https:\/\/lasentinelle.dz\/?p=60686"},"modified":"2024-12-22T10:24:11","modified_gmt":"2024-12-22T09:24:11","slug":"pour-mettre-fin-a-lanarchie-du-stationnement-a-annaba-des-parkings-a-etages-proposes","status":"publish","type":"post","link":"https:\/\/lasentinelle.dz\/index.php\/2024\/12\/19\/pour-mettre-fin-a-lanarchie-du-stationnement-a-annaba-des-parkings-a-etages-proposes\/","title":{"rendered":"Pour mettre fin \u00e0 l\u2019anarchie du stationnement \u00e0 Annaba: Des parkings \u00e0 \u00e9tages propos\u00e9s"},"content":{"rendered":"\n<p>La prolif\u00e9ration des parkingueurs et l\u2019anarchie du stationnement dans la ville d\u2019Annaba, a n\u00e9cessit\u00e9 de s\u2019orienter vers la r\u00e9alisation de parkings \u00e0 niveaux. Cela devrait rem\u00e9dier \u00e0 l\u2019absence d\u2019espaces ad\u00e9quats pour le stationnement dans la ville d\u2019Annaba o\u00f9 plus d\u2019un million de v\u00e9hicules transitent chaque jour. La proposition faite par les services de l\u2019APC aux autorit\u00e9s locales de la wilaya intervient parall\u00e8lement aux travaux d\u2019am\u00e9nagement dont font objet les deux principales stations de transport urbain et interurbain \u00e0 Annaba, \u00e0 savoir \u00ab&nbsp;Kouche Noureddine&nbsp;\u00bb et \u00ab Souidani Boudjemaa&nbsp;\u00bb. On note que le parc roulant de la wilaya d\u2019Annaba conna\u00eet une augmentation significative du nombre de v\u00e9hicules. Selon les services de l\u2019APC, la r\u00e9alisation de parkings \u00e0 \u00e9tages est susceptible de contenir un plus grand nombre de voitures. Selon les m\u00eames sources, la proposition, qui fait l\u2019objet d\u2019une premi\u00e8re acceptation par le premier responsable de la wilaya, est en cours d\u2019\u00e9tude de faisabilit\u00e9. Selon notre source, la station \u00ab&nbsp;Kouche Noureddine&nbsp;\u00bb semble \u00eatre le site idoine pour y implanter le premier parking \u00e0 \u00e9tage. Ce qui peut faciliter la circulation routi\u00e8re, et att\u00e9nuer l&rsquo;\u00e9touffement de la ville d\u00fb en grande partie au stationnement anarchique. Nos sources ont fait savoir qu\u2019apr\u00e8s plusieurs r\u00e9unions avec des sp\u00e9cialistes, les discussions ont abouti \u00e0 cette proposition et permis de pr\u00e9parer une \u00e9tude sur la r\u00e9alisation de parkings \u00e0 \u00e9tages, dont les tarifs seront r\u00e9duits par rapport \u00e0 ceux impos\u00e9s par les parkingueurs. Au-del\u00e0, l\u2019objectif est aussi d\u00e9gager plus d&rsquo;espace sur les routes pour permettre aux v\u00e9hicules de circuler confortablement sans cr\u00e9er d&#8217;embouteillages. Une proposition similaire a \u00e9galement \u00e9t\u00e9 pr\u00e9sent\u00e9e sur l\u2019am\u00e9nagement de la station de transport urbain \u00ab&nbsp;Souidani Boudjemaa&nbsp;\u00bb, implant\u00e9e en plein centre-ville d\u2019Annaba. La proposition pr\u00e9voit outre l\u2019am\u00e9nagement de cette station de bus, la possibilit\u00e9 de la r\u00e9alisation \u00e9galement d\u2019un parking \u00e0 \u00e9tage et d\u2019un centre commercial. Cette proposition a \u00e9galement \u00e9t\u00e9 accept\u00e9e par le wali, dans l\u2019attente qu\u2019il lui apporte le soutien n\u00e9cessaire. Selon les pr\u00e9cisions apport\u00e9es, la r\u00e9alisation de parking \u00e0 \u00e9tages se fera en partenariat avec une entreprise nationale. Dans l\u2019attente de la concr\u00e9tisation de ces projets, on rappelle que la ville d\u2019Annaba ne dispose que deux parkings \u00e0 \u00e9tages, celui de Stambouli et le celui du garage Peugeot. Quant \u00e0 celui du CAM, r\u00e9alis\u00e9 selon les standards internationaux, il est inexploit\u00e9 depuis sa r\u00e9alisation en raison de certaines r\u00e9serves. Des d\u00e9marches sont en cours entre l\u2019APC d\u2019Annaba et les services de la protection civile pour tenter de trouver un terrain d\u2019entente pouvant lever les r\u00e9serves et mettre en exploitation ce parking \u00e0 plusieurs niveaux.<\/p>\n\n\n\n<p><strong>Sofia Chahine&nbsp;<\/strong><\/p>\n","protected":false},"excerpt":{"rendered":"<p>La prolif\u00e9ration des parkingueurs et l\u2019anarchie du stationnement dans la ville d\u2019Annaba, a n\u00e9cessit\u00e9 de s\u2019orienter vers la r\u00e9alisation de<\/p>\n","protected":false},"author":6,"featured_media":60687,"comment_status":"open","ping_status":"closed","sticky":false,"template":"","format":"standard","meta":{"colormag_page_container_layout":"default_layout","colormag_page_sidebar_layout":"default_layout","om_disable_all_campaigns":false,"_monsterinsights_skip_tracking":false,"_monsterinsights_sitenote_active":false,"_monsterinsights_sitenote_note":"","_monsterinsights_sitenote_category":0,"footnotes":"","_wpscppro_dont_share_socialmedia":false,"_wpscppro_custom_social_share_image":0,"_facebook_share_type":"default","_twitter_share_type":"default","_linkedin_share_type":"default","_pinterest_share_type":"default","_linkedin_share_type_page":"","_instagram_share_type":"default","_medium_share_type":"default","_threads_share_type":"","_google_business_share_type":"","_selected_social_profile":[],"_wpsp_enable_custom_social_template":false,"_wpsp_social_scheduling":{"enabled":false,"datetime":null,"platforms":[],"status":"template_only","dateOption":"today","timeOption":"now","customDays":"","customHours":"","customDate":"","customTime":"","schedulingType":"absolute"},"_wpsp_active_default_template":true},"categories":[31],"tags":[],"class_list":["post-60686","post","type-post","status-publish","format-standard","has-post-thumbnail","hentry","category-regions"],"aioseo_notices":[],"yoast_head":"<!-- This site is optimized with the Yoast SEO plugin v27.5 - https:\/\/yoast.com\/product\/yoast-seo-wordpress\/ -->\n<title>Pour mettre fin \u00e0 l\u2019anarchie du stationnement \u00e0 Annaba: Des parkings \u00e0 \u00e9tages propos\u00e9s - La Sentinelle<\/title>\n<meta name=\"robots\" content=\"index, follow, max-snippet:-1, max-image-preview:large, max-video-preview:-1\" \/>\n<link rel=\"canonical\" href=\"https:\/\/lasentinelle.dz\/index.php\/2024\/12\/19\/pour-mettre-fin-a-lanarchie-du-stationnement-a-annaba-des-parkings-a-etages-proposes\/\" \/>\n<meta property=\"og:locale\" content=\"fr_FR\" \/>\n<meta property=\"og:type\" content=\"article\" \/>\n<meta property=\"og:title\" content=\"Pour mettre fin \u00e0 l\u2019anarchie du stationnement \u00e0 Annaba: Des parkings \u00e0 \u00e9tages propos\u00e9s - La Sentinelle\" \/>\n<meta property=\"og:description\" content=\"La prolif\u00e9ration des parkingueurs et l\u2019anarchie du stationnement dans la ville d\u2019Annaba, a n\u00e9cessit\u00e9 de s\u2019orienter vers la r\u00e9alisation de\" \/>\n<meta property=\"og:url\" content=\"https:\/\/lasentinelle.dz\/index.php\/2024\/12\/19\/pour-mettre-fin-a-lanarchie-du-stationnement-a-annaba-des-parkings-a-etages-proposes\/\" \/>\n<meta property=\"og:site_name\" content=\"La Sentinelle\" \/>\n<meta property=\"article:publisher\" content=\"https:\/\/www.facebook.com\/La-Sentinelle-104059864394773\" \/>\n<meta property=\"article:published_time\" content=\"2024-12-19T09:23:03+00:00\" \/>\n<meta property=\"article:modified_time\" content=\"2024-12-22T09:24:11+00:00\" \/>\n<meta property=\"og:image\" content=\"https:\/\/lasentinelle.dz\/wp-content\/uploads\/2024\/12\/parkings.jpg\" \/>\n\t<meta property=\"og:image:width\" content=\"1017\" \/>\n\t<meta property=\"og:image:height\" content=\"717\" \/>\n\t<meta property=\"og:image:type\" content=\"image\/jpeg\" \/>\n<meta name=\"author\" content=\"admin\" \/>\n<meta name=\"twitter:card\" content=\"summary_large_image\" \/>\n<meta name=\"twitter:label1\" content=\"\u00c9crit par\" \/>\n\t<meta name=\"twitter:data1\" content=\"admin\" \/>\n\t<meta name=\"twitter:label2\" content=\"Dur\u00e9e de lecture estim\u00e9e\" \/>\n\t<meta name=\"twitter:data2\" content=\"3 minutes\" \/>\n<script type=\"application\/ld+json\" class=\"yoast-schema-graph\">{\"@context\":\"https:\\\/\\\/schema.org\",\"@graph\":[{\"@type\":\"Article\",\"@id\":\"https:\\\/\\\/lasentinelle.dz\\\/index.php\\\/2024\\\/12\\\/19\\\/pour-mettre-fin-a-lanarchie-du-stationnement-a-annaba-des-parkings-a-etages-proposes\\\/#article\",\"isPartOf\":{\"@id\":\"https:\\\/\\\/lasentinelle.dz\\\/index.php\\\/2024\\\/12\\\/19\\\/pour-mettre-fin-a-lanarchie-du-stationnement-a-annaba-des-parkings-a-etages-proposes\\\/\"},\"author\":{\"name\":\"admin\",\"@id\":\"https:\\\/\\\/lasentinelle.dz\\\/#\\\/schema\\\/person\\\/729ee0024f24e0b8c5ec17232f8e8b41\"},\"headline\":\"Pour mettre fin \u00e0 l\u2019anarchie du stationnement \u00e0 Annaba: Des parkings \u00e0 \u00e9tages propos\u00e9s\",\"datePublished\":\"2024-12-19T09:23:03+00:00\",\"dateModified\":\"2024-12-22T09:24:11+00:00\",\"mainEntityOfPage\":{\"@id\":\"https:\\\/\\\/lasentinelle.dz\\\/index.php\\\/2024\\\/12\\\/19\\\/pour-mettre-fin-a-lanarchie-du-stationnement-a-annaba-des-parkings-a-etages-proposes\\\/\"},\"wordCount\":505,\"commentCount\":0,\"publisher\":{\"@id\":\"https:\\\/\\\/lasentinelle.dz\\\/#organization\"},\"image\":{\"@id\":\"https:\\\/\\\/lasentinelle.dz\\\/index.php\\\/2024\\\/12\\\/19\\\/pour-mettre-fin-a-lanarchie-du-stationnement-a-annaba-des-parkings-a-etages-proposes\\\/#primaryimage\"},\"thumbnailUrl\":\"https:\\\/\\\/lasentinelle.dz\\\/wp-content\\\/uploads\\\/2024\\\/12\\\/parkings.jpg\",\"articleSection\":[\"R\u00e9gions\"],\"inLanguage\":\"fr-FR\",\"potentialAction\":[{\"@type\":\"CommentAction\",\"name\":\"Comment\",\"target\":[\"https:\\\/\\\/lasentinelle.dz\\\/index.php\\\/2024\\\/12\\\/19\\\/pour-mettre-fin-a-lanarchie-du-stationnement-a-annaba-des-parkings-a-etages-proposes\\\/#respond\"]}]},{\"@type\":\"WebPage\",\"@id\":\"https:\\\/\\\/lasentinelle.dz\\\/index.php\\\/2024\\\/12\\\/19\\\/pour-mettre-fin-a-lanarchie-du-stationnement-a-annaba-des-parkings-a-etages-proposes\\\/\",\"url\":\"https:\\\/\\\/lasentinelle.dz\\\/index.php\\\/2024\\\/12\\\/19\\\/pour-mettre-fin-a-lanarchie-du-stationnement-a-annaba-des-parkings-a-etages-proposes\\\/\",\"name\":\"Pour mettre fin \u00e0 l\u2019anarchie du stationnement \u00e0 Annaba: Des parkings \u00e0 \u00e9tages propos\u00e9s - La Sentinelle\",\"isPartOf\":{\"@id\":\"https:\\\/\\\/lasentinelle.dz\\\/#website\"},\"primaryImageOfPage\":{\"@id\":\"https:\\\/\\\/lasentinelle.dz\\\/index.php\\\/2024\\\/12\\\/19\\\/pour-mettre-fin-a-lanarchie-du-stationnement-a-annaba-des-parkings-a-etages-proposes\\\/#primaryimage\"},\"image\":{\"@id\":\"https:\\\/\\\/lasentinelle.dz\\\/index.php\\\/2024\\\/12\\\/19\\\/pour-mettre-fin-a-lanarchie-du-stationnement-a-annaba-des-parkings-a-etages-proposes\\\/#primaryimage\"},\"thumbnailUrl\":\"https:\\\/\\\/lasentinelle.dz\\\/wp-content\\\/uploads\\\/2024\\\/12\\\/parkings.jpg\",\"datePublished\":\"2024-12-19T09:23:03+00:00\",\"dateModified\":\"2024-12-22T09:24:11+00:00\",\"breadcrumb\":{\"@id\":\"https:\\\/\\\/lasentinelle.dz\\\/index.php\\\/2024\\\/12\\\/19\\\/pour-mettre-fin-a-lanarchie-du-stationnement-a-annaba-des-parkings-a-etages-proposes\\\/#breadcrumb\"},\"inLanguage\":\"fr-FR\",\"potentialAction\":[{\"@type\":\"ReadAction\",\"target\":[\"https:\\\/\\\/lasentinelle.dz\\\/index.php\\\/2024\\\/12\\\/19\\\/pour-mettre-fin-a-lanarchie-du-stationnement-a-annaba-des-parkings-a-etages-proposes\\\/\"]}]},{\"@type\":\"ImageObject\",\"inLanguage\":\"fr-FR\",\"@id\":\"https:\\\/\\\/lasentinelle.dz\\\/index.php\\\/2024\\\/12\\\/19\\\/pour-mettre-fin-a-lanarchie-du-stationnement-a-annaba-des-parkings-a-etages-proposes\\\/#primaryimage\",\"url\":\"https:\\\/\\\/lasentinelle.dz\\\/wp-content\\\/uploads\\\/2024\\\/12\\\/parkings.jpg\",\"contentUrl\":\"https:\\\/\\\/lasentinelle.dz\\\/wp-content\\\/uploads\\\/2024\\\/12\\\/parkings.jpg\",\"width\":1017,\"height\":717},{\"@type\":\"BreadcrumbList\",\"@id\":\"https:\\\/\\\/lasentinelle.dz\\\/index.php\\\/2024\\\/12\\\/19\\\/pour-mettre-fin-a-lanarchie-du-stationnement-a-annaba-des-parkings-a-etages-proposes\\\/#breadcrumb\",\"itemListElement\":[{\"@type\":\"ListItem\",\"position\":1,\"name\":\"Accueil\",\"item\":\"https:\\\/\\\/lasentinelle.dz\\\/\"},{\"@type\":\"ListItem\",\"position\":2,\"name\":\"Pour mettre fin \u00e0 l\u2019anarchie du stationnement \u00e0 Annaba: Des parkings \u00e0 \u00e9tages propos\u00e9s\"}]},{\"@type\":\"WebSite\",\"@id\":\"https:\\\/\\\/lasentinelle.dz\\\/#website\",\"url\":\"https:\\\/\\\/lasentinelle.dz\\\/\",\"name\":\"La Sentinelle\",\"description\":\"Quotidien national d&#039;information\",\"publisher\":{\"@id\":\"https:\\\/\\\/lasentinelle.dz\\\/#organization\"},\"potentialAction\":[{\"@type\":\"SearchAction\",\"target\":{\"@type\":\"EntryPoint\",\"urlTemplate\":\"https:\\\/\\\/lasentinelle.dz\\\/?s={search_term_string}\"},\"query-input\":{\"@type\":\"PropertyValueSpecification\",\"valueRequired\":true,\"valueName\":\"search_term_string\"}}],\"inLanguage\":\"fr-FR\"},{\"@type\":\"Organization\",\"@id\":\"https:\\\/\\\/lasentinelle.dz\\\/#organization\",\"name\":\"Quotidien La Sentinelle\",\"url\":\"https:\\\/\\\/lasentinelle.dz\\\/\",\"logo\":{\"@type\":\"ImageObject\",\"inLanguage\":\"fr-FR\",\"@id\":\"https:\\\/\\\/lasentinelle.dz\\\/#\\\/schema\\\/logo\\\/image\\\/\",\"url\":\"https:\\\/\\\/lasentinelle.dz\\\/wp-content\\\/uploads\\\/2021\\\/09\\\/logo-sentinelleSLOGAN-1.png\",\"contentUrl\":\"https:\\\/\\\/lasentinelle.dz\\\/wp-content\\\/uploads\\\/2021\\\/09\\\/logo-sentinelleSLOGAN-1.png\",\"width\":615,\"height\":142,\"caption\":\"Quotidien La Sentinelle\"},\"image\":{\"@id\":\"https:\\\/\\\/lasentinelle.dz\\\/#\\\/schema\\\/logo\\\/image\\\/\"},\"sameAs\":[\"https:\\\/\\\/www.facebook.com\\\/La-Sentinelle-104059864394773\"]},{\"@type\":\"Person\",\"@id\":\"https:\\\/\\\/lasentinelle.dz\\\/#\\\/schema\\\/person\\\/729ee0024f24e0b8c5ec17232f8e8b41\",\"name\":\"admin\",\"image\":{\"@type\":\"ImageObject\",\"inLanguage\":\"fr-FR\",\"@id\":\"https:\\\/\\\/secure.gravatar.com\\\/avatar\\\/4c81fed838786e9b53f540bf46533e750f5d292099ae3b66cfc6fb1982e29df7?s=96&d=mm&r=g\",\"url\":\"https:\\\/\\\/secure.gravatar.com\\\/avatar\\\/4c81fed838786e9b53f540bf46533e750f5d292099ae3b66cfc6fb1982e29df7?s=96&d=mm&r=g\",\"contentUrl\":\"https:\\\/\\\/secure.gravatar.com\\\/avatar\\\/4c81fed838786e9b53f540bf46533e750f5d292099ae3b66cfc6fb1982e29df7?s=96&d=mm&r=g\",\"caption\":\"admin\"},\"description\":\"admin\",\"url\":\"https:\\\/\\\/lasentinelle.dz\\\/author\\\/admin\\\/\"}]}<\/script>\n<!-- \/ Yoast SEO plugin. -->","yoast_head_json":{"title":"Pour mettre fin \u00e0 l\u2019anarchie du stationnement \u00e0 Annaba: Des parkings \u00e0 \u00e9tages propos\u00e9s - La Sentinelle","robots":{"index":"index","follow":"follow","max-snippet":"max-snippet:-1","max-image-preview":"max-image-preview:large","max-video-preview":"max-video-preview:-1"},"canonical":"https:\/\/lasentinelle.dz\/index.php\/2024\/12\/19\/pour-mettre-fin-a-lanarchie-du-stationnement-a-annaba-des-parkings-a-etages-proposes\/","og_locale":"fr_FR","og_type":"article","og_title":"Pour mettre fin \u00e0 l\u2019anarchie du stationnement \u00e0 Annaba: Des parkings \u00e0 \u00e9tages propos\u00e9s - La Sentinelle","og_description":"La prolif\u00e9ration des parkingueurs et l\u2019anarchie du stationnement dans la ville d\u2019Annaba, a n\u00e9cessit\u00e9 de s\u2019orienter vers la r\u00e9alisation de","og_url":"https:\/\/lasentinelle.dz\/index.php\/2024\/12\/19\/pour-mettre-fin-a-lanarchie-du-stationnement-a-annaba-des-parkings-a-etages-proposes\/","og_site_name":"La Sentinelle","article_publisher":"https:\/\/www.facebook.com\/La-Sentinelle-104059864394773","article_published_time":"2024-12-19T09:23:03+00:00","article_modified_time":"2024-12-22T09:24:11+00:00","og_image":[{"width":1017,"height":717,"url":"https:\/\/lasentinelle.dz\/wp-content\/uploads\/2024\/12\/parkings.jpg","type":"image\/jpeg"}],"author":"admin","twitter_card":"summary_large_image","twitter_misc":{"\u00c9crit par":"admin","Dur\u00e9e de lecture estim\u00e9e":"3 minutes"},"schema":{"@context":"https:\/\/schema.org","@graph":[{"@type":"Article","@id":"https:\/\/lasentinelle.dz\/index.php\/2024\/12\/19\/pour-mettre-fin-a-lanarchie-du-stationnement-a-annaba-des-parkings-a-etages-proposes\/#article","isPartOf":{"@id":"https:\/\/lasentinelle.dz\/index.php\/2024\/12\/19\/pour-mettre-fin-a-lanarchie-du-stationnement-a-annaba-des-parkings-a-etages-proposes\/"},"author":{"name":"admin","@id":"https:\/\/lasentinelle.dz\/#\/schema\/person\/729ee0024f24e0b8c5ec17232f8e8b41"},"headline":"Pour mettre fin \u00e0 l\u2019anarchie du stationnement \u00e0 Annaba: Des parkings \u00e0 \u00e9tages propos\u00e9s","datePublished":"2024-12-19T09:23:03+00:00","dateModified":"2024-12-22T09:24:11+00:00","mainEntityOfPage":{"@id":"https:\/\/lasentinelle.dz\/index.php\/2024\/12\/19\/pour-mettre-fin-a-lanarchie-du-stationnement-a-annaba-des-parkings-a-etages-proposes\/"},"wordCount":505,"commentCount":0,"publisher":{"@id":"https:\/\/lasentinelle.dz\/#organization"},"image":{"@id":"https:\/\/lasentinelle.dz\/index.php\/2024\/12\/19\/pour-mettre-fin-a-lanarchie-du-stationnement-a-annaba-des-parkings-a-etages-proposes\/#primaryimage"},"thumbnailUrl":"https:\/\/lasentinelle.dz\/wp-content\/uploads\/2024\/12\/parkings.jpg","articleSection":["R\u00e9gions"],"inLanguage":"fr-FR","potentialAction":[{"@type":"CommentAction","name":"Comment","target":["https:\/\/lasentinelle.dz\/index.php\/2024\/12\/19\/pour-mettre-fin-a-lanarchie-du-stationnement-a-annaba-des-parkings-a-etages-proposes\/#respond"]}]},{"@type":"WebPage","@id":"https:\/\/lasentinelle.dz\/index.php\/2024\/12\/19\/pour-mettre-fin-a-lanarchie-du-stationnement-a-annaba-des-parkings-a-etages-proposes\/","url":"https:\/\/lasentinelle.dz\/index.php\/2024\/12\/19\/pour-mettre-fin-a-lanarchie-du-stationnement-a-annaba-des-parkings-a-etages-proposes\/","name":"Pour mettre fin \u00e0 l\u2019anarchie du stationnement \u00e0 Annaba: Des parkings \u00e0 \u00e9tages propos\u00e9s - La Sentinelle","isPartOf":{"@id":"https:\/\/lasentinelle.dz\/#website"},"primaryImageOfPage":{"@id":"https:\/\/lasentinelle.dz\/index.php\/2024\/12\/19\/pour-mettre-fin-a-lanarchie-du-stationnement-a-annaba-des-parkings-a-etages-proposes\/#primaryimage"},"image":{"@id":"https:\/\/lasentinelle.dz\/index.php\/2024\/12\/19\/pour-mettre-fin-a-lanarchie-du-stationnement-a-annaba-des-parkings-a-etages-proposes\/#primaryimage"},"thumbnailUrl":"https:\/\/lasentinelle.dz\/wp-content\/uploads\/2024\/12\/parkings.jpg","datePublished":"2024-12-19T09:23:03+00:00","dateModified":"2024-12-22T09:24:11+00:00","breadcrumb":{"@id":"https:\/\/lasentinelle.dz\/index.php\/2024\/12\/19\/pour-mettre-fin-a-lanarchie-du-stationnement-a-annaba-des-parkings-a-etages-proposes\/#breadcrumb"},"inLanguage":"fr-FR","potentialAction":[{"@type":"ReadAction","target":["https:\/\/lasentinelle.dz\/index.php\/2024\/12\/19\/pour-mettre-fin-a-lanarchie-du-stationnement-a-annaba-des-parkings-a-etages-proposes\/"]}]},{"@type":"ImageObject","inLanguage":"fr-FR","@id":"https:\/\/lasentinelle.dz\/index.php\/2024\/12\/19\/pour-mettre-fin-a-lanarchie-du-stationnement-a-annaba-des-parkings-a-etages-proposes\/#primaryimage","url":"https:\/\/lasentinelle.dz\/wp-content\/uploads\/2024\/12\/parkings.jpg","contentUrl":"https:\/\/lasentinelle.dz\/wp-content\/uploads\/2024\/12\/parkings.jpg","width":1017,"height":717},{"@type":"BreadcrumbList","@id":"https:\/\/lasentinelle.dz\/index.php\/2024\/12\/19\/pour-mettre-fin-a-lanarchie-du-stationnement-a-annaba-des-parkings-a-etages-proposes\/#breadcrumb","itemListElement":[{"@type":"ListItem","position":1,"name":"Accueil","item":"https:\/\/lasentinelle.dz\/"},{"@type":"ListItem","position":2,"name":"Pour mettre fin \u00e0 l\u2019anarchie du stationnement \u00e0 Annaba: Des parkings \u00e0 \u00e9tages propos\u00e9s"}]},{"@type":"WebSite","@id":"https:\/\/lasentinelle.dz\/#website","url":"https:\/\/lasentinelle.dz\/","name":"La Sentinelle","description":"Quotidien national d&#039;information","publisher":{"@id":"https:\/\/lasentinelle.dz\/#organization"},"potentialAction":[{"@type":"SearchAction","target":{"@type":"EntryPoint","urlTemplate":"https:\/\/lasentinelle.dz\/?s={search_term_string}"},"query-input":{"@type":"PropertyValueSpecification","valueRequired":true,"valueName":"search_term_string"}}],"inLanguage":"fr-FR"},{"@type":"Organization","@id":"https:\/\/lasentinelle.dz\/#organization","name":"Quotidien La Sentinelle","url":"https:\/\/lasentinelle.dz\/","logo":{"@type":"ImageObject","inLanguage":"fr-FR","@id":"https:\/\/lasentinelle.dz\/#\/schema\/logo\/image\/","url":"https:\/\/lasentinelle.dz\/wp-content\/uploads\/2021\/09\/logo-sentinelleSLOGAN-1.png","contentUrl":"https:\/\/lasentinelle.dz\/wp-content\/uploads\/2021\/09\/logo-sentinelleSLOGAN-1.png","width":615,"height":142,"caption":"Quotidien La Sentinelle"},"image":{"@id":"https:\/\/lasentinelle.dz\/#\/schema\/logo\/image\/"},"sameAs":["https:\/\/www.facebook.com\/La-Sentinelle-104059864394773"]},{"@type":"Person","@id":"https:\/\/lasentinelle.dz\/#\/schema\/person\/729ee0024f24e0b8c5ec17232f8e8b41","name":"admin","image":{"@type":"ImageObject","inLanguage":"fr-FR","@id":"https:\/\/secure.gravatar.com\/avatar\/4c81fed838786e9b53f540bf46533e750f5d292099ae3b66cfc6fb1982e29df7?s=96&d=mm&r=g","url":"https:\/\/secure.gravatar.com\/avatar\/4c81fed838786e9b53f540bf46533e750f5d292099ae3b66cfc6fb1982e29df7?s=96&d=mm&r=g","contentUrl":"https:\/\/secure.gravatar.com\/avatar\/4c81fed838786e9b53f540bf46533e750f5d292099ae3b66cfc6fb1982e29df7?s=96&d=mm&r=g","caption":"admin"},"description":"admin","url":"https:\/\/lasentinelle.dz\/author\/admin\/"}]}},"_links":{"self":[{"href":"https:\/\/lasentinelle.dz\/index.php\/wp-json\/wp\/v2\/posts\/60686","targetHints":{"allow":["GET"]}}],"collection":[{"href":"https:\/\/lasentinelle.dz\/index.php\/wp-json\/wp\/v2\/posts"}],"about":[{"href":"https:\/\/lasentinelle.dz\/index.php\/wp-json\/wp\/v2\/types\/post"}],"author":[{"embeddable":true,"href":"https:\/\/lasentinelle.dz\/index.php\/wp-json\/wp\/v2\/users\/6"}],"replies":[{"embeddable":true,"href":"https:\/\/lasentinelle.dz\/index.php\/wp-json\/wp\/v2\/comments?post=60686"}],"version-history":[{"count":1,"href":"https:\/\/lasentinelle.dz\/index.php\/wp-json\/wp\/v2\/posts\/60686\/revisions"}],"predecessor-version":[{"id":60688,"href":"https:\/\/lasentinelle.dz\/index.php\/wp-json\/wp\/v2\/posts\/60686\/revisions\/60688"}],"wp:featuredmedia":[{"embeddable":true,"href":"https:\/\/lasentinelle.dz\/index.php\/wp-json\/wp\/v2\/media\/60687"}],"wp:attachment":[{"href":"https:\/\/lasentinelle.dz\/index.php\/wp-json\/wp\/v2\/media?parent=60686"}],"wp:term":[{"taxonomy":"category","embeddable":true,"href":"https:\/\/lasentinelle.dz\/index.php\/wp-json\/wp\/v2\/categories?post=60686"},{"taxonomy":"post_tag","embeddable":true,"href":"https:\/\/lasentinelle.dz\/index.php\/wp-json\/wp\/v2\/tags?post=60686"}],"curies":[{"name":"wp","href":"https:\/\/api.w.org\/{rel}","templated":true}]}}