{"id":60705,"date":"2024-12-19T10:32:58","date_gmt":"2024-12-19T09:32:58","guid":{"rendered":"https:\/\/lasentinelle.dz\/?p=60705"},"modified":"2024-12-22T10:33:25","modified_gmt":"2024-12-22T09:33:25","slug":"conseil-de-securite-le-groupe-a3-plaide-pour-le-respect-de-la-souverainete-de-la-syrie","status":"publish","type":"post","link":"https:\/\/lasentinelle.dz\/index.php\/2024\/12\/19\/conseil-de-securite-le-groupe-a3-plaide-pour-le-respect-de-la-souverainete-de-la-syrie\/","title":{"rendered":"Conseil de s\u00e9curit\u00e9 : Le groupe A3+ plaide pour le respect de la souverainet\u00e9 de la Syrie"},"content":{"rendered":"\n<p>Le groupe A3+ au Conseil de s\u00e9curit\u00e9 a plaid\u00e9, mardi \u00e0 New York, pour le respect de la souverainet\u00e9 de la Syrie et de l&rsquo;int\u00e9grit\u00e9 de son territoire, appelant \u00e0 un cessez-le-feu global dans le pays. &nbsp;Dans le cadre d&rsquo;une session ouverte du Conseil de s\u00e9curit\u00e9 consacr\u00e9e \u00e0 la situation en Syrie, le repr\u00e9sentant permanent de l&rsquo;Alg\u00e9rie aupr\u00e8s des Nations unies, Amar Bendjama, s&rsquo;est exprim\u00e9 au nom du groupe A3+ (Alg\u00e9rie, Sierra Leone, Mozambique, Guyana), a soulign\u00e9 que la r\u00e9union se tenait alors que la Syrie connait ces derniers jours \u00ab\u00a0un calme pr\u00e9caire\u00a0\u00bb qui pourrait entra\u00eener une nouvelle crise que personne ne souhaite. Intervenant \u00e0 un moment o\u00f9 la Syrie traverse une p\u00e9riode de \u00ab\u00a0calme pr\u00e9caire\u00a0\u00bb susceptible de basculer vers une nouvelle crise, Bendjama a soulign\u00e9 l&rsquo;urgence d&rsquo;une approche politique inclusive et conduite par les Syriens eux-m\u00eames. Le diplomate alg\u00e9rien a insist\u00e9 sur la n\u00e9cessit\u00e9 de lancer un processus politique sous l&rsquo;\u00e9gide des Nations unies, visant \u00e0 construire une \u00ab\u00a0nouvelle Syrie\u00a0\u00bb capable de rassembler l&rsquo;ensemble des composantes syriennes. \u00ab Le moment est venu pour lancer un processus politique conduit par les Syriens sous l&rsquo;\u00e9gide des Nations unies, afin de parvenir \u00e0 une +nouvelle Syrie+ qui rassemblera tous les Syriens \u00bb, a-t-il d\u00e9clar\u00e9, en insistant sur \u00ab une participation totale de tous les Syriens \u00e0 ce processus politique \u00bb. Il a mis l&rsquo;accent sur l&rsquo;importance cruciale de la participation de la soci\u00e9t\u00e9 civile, la consid\u00e9rant comme \u00ab un \u00e9l\u00e9ment essentiel pour garantir le succ\u00e8s de la transition en Syrie et r\u00e9aliser les aspirations du peuple syrien \u00bb. Dans ce cadre, Bendjama a r\u00e9affirm\u00e9 le soutien de son groupe aux efforts de l&rsquo;envoy\u00e9 sp\u00e9cial de l&rsquo;ONU et appel\u00e9 \u00e0 l&rsquo;application effective de la r\u00e9solution 2254, notamment par la cr\u00e9ation d&rsquo;instances dirigeantes de transition dot\u00e9es de pleins pouvoirs ex\u00e9cutifs. Le repr\u00e9sentant permanent de l\u2019Alg\u00e9rie a \u00e9t\u00e9 sans ambigu\u00eft\u00e9 concernant la souverainet\u00e9 syrienne, r\u00e9affirmant \u00ab l&rsquo;engagement in\u00e9branlable du groupe A3+ envers la souverainet\u00e9, l&rsquo;ind\u00e9pendance, l&rsquo;unit\u00e9 et l&rsquo;int\u00e9grit\u00e9 territoriale de la Syrie \u00bb. Il a \u00ab cat\u00e9goriquement rejet\u00e9 toute tentative visant sa division \u00bb, soulignant que \u00ab pour avancer et s&rsquo;\u00e9loigner de la violence, la Syrie ne doit pas \u00eatre un champ de bataille entre les forces \u00e9trang\u00e8res, et que seuls les Syriens doivent d\u00e9cider de l&rsquo;avenir de leur pays \u00bb. Sur le plan humanitaire, Bendjama a exprim\u00e9 une pr\u00e9occupation profonde, rappelant que pr\u00e8s de 17 millions de personnes ont d\u00e9sormais besoin d&rsquo;aide, avec plus d&rsquo;un million de personnes d\u00e9plac\u00e9es r\u00e9cemment. Il a appel\u00e9 \u00e0 une mobilisation internationale pour permettre aux travailleurs humanitaires de r\u00e9pondre aux besoins urgents, exhortant toutes les parties \u00e0 respecter scrupuleusement le droit international humanitaire, en particulier la protection des civils et des infrastructures. Le diplomate a notamment plaid\u00e9 pour un \u00ab cessez-le-feu imm\u00e9diat sur l&rsquo;ensemble du territoire syrien afin de faciliter le d\u00e9placement des travailleurs humanitaires \u00bb, insistant sur la n\u00e9cessit\u00e9 de garantir un acc\u00e8s sans entrave \u00e0 l&rsquo;aide, \u00ab y compris les op\u00e9rations transfrontali\u00e8res \u00bb. Concernant les r\u00e9fugi\u00e9s, Bendjama a mis en garde contre tout retour forc\u00e9, soulignant que le retour \u00ab doit \u00eatre volontaire et ne doit en aucun cas \u00eatre forc\u00e9 \u00bb. L\u2019ambassadeur Bendjama a conclu son intervention par un avertissement solennel : \u00ab Les r\u00e9cents d\u00e9veloppements en Syrie ont d\u00e9montr\u00e9 que les crises non r\u00e9solues ne disparaissent pas simplement mais resurgissent. Par cons\u00e9quent, si nous ne parvenons pas \u00e0 trouver une solution globale et durable \u00e0 la situation en Syrie, les cons\u00e9quences et les r\u00e9percussions seront d\u00e9sastreuses pour la r\u00e9gion \u00bb. Il a enfin r\u00e9affirm\u00e9 qu&rsquo;\u00ab il incombe \u00e0 la communaut\u00e9 internationale de soutenir le peuple syrien et de l&rsquo;aider \u00e0 construire un avenir radieux pour son pays \u00bb.<\/p>\n\n\n\n<p>R.N.<\/p>\n","protected":false},"excerpt":{"rendered":"<p>Le groupe A3+ au Conseil de s\u00e9curit\u00e9 a plaid\u00e9, mardi \u00e0 New York, pour le respect de la souverainet\u00e9 de<\/p>\n","protected":false},"author":6,"featured_media":48688,"comment_status":"open","ping_status":"closed","sticky":false,"template":"","format":"standard","meta":{"colormag_page_container_layout":"default_layout","colormag_page_sidebar_layout":"default_layout","om_disable_all_campaigns":false,"_monsterinsights_skip_tracking":false,"_monsterinsights_sitenote_active":false,"_monsterinsights_sitenote_note":"","_monsterinsights_sitenote_category":0,"footnotes":"","_wpscppro_dont_share_socialmedia":false,"_wpscppro_custom_social_share_image":0,"_facebook_share_type":"default","_twitter_share_type":"default","_linkedin_share_type":"default","_pinterest_share_type":"default","_linkedin_share_type_page":"","_instagram_share_type":"default","_medium_share_type":"default","_threads_share_type":"","_google_business_share_type":"","_selected_social_profile":[],"_wpsp_enable_custom_social_template":false,"_wpsp_social_scheduling":{"enabled":false,"datetime":null,"platforms":[],"status":"template_only","dateOption":"today","timeOption":"now","customDays":"","customHours":"","customDate":"","customTime":"","schedulingType":"absolute"},"_wpsp_active_default_template":true},"categories":[27],"tags":[],"class_list":["post-60705","post","type-post","status-publish","format-standard","has-post-thumbnail","hentry","category-actualite"],"aioseo_notices":[],"yoast_head":"<!-- This site is optimized with the Yoast SEO plugin v27.5 - https:\/\/yoast.com\/product\/yoast-seo-wordpress\/ -->\n<title>Conseil de s\u00e9curit\u00e9 : Le groupe A3+ plaide pour le respect de la souverainet\u00e9 de la Syrie - La Sentinelle<\/title>\n<meta name=\"robots\" content=\"index, follow, max-snippet:-1, max-image-preview:large, max-video-preview:-1\" \/>\n<link rel=\"canonical\" href=\"https:\/\/lasentinelle.dz\/index.php\/2024\/12\/19\/conseil-de-securite-le-groupe-a3-plaide-pour-le-respect-de-la-souverainete-de-la-syrie\/\" \/>\n<meta property=\"og:locale\" content=\"fr_FR\" \/>\n<meta property=\"og:type\" content=\"article\" \/>\n<meta property=\"og:title\" content=\"Conseil de s\u00e9curit\u00e9 : Le groupe A3+ plaide pour le respect de la souverainet\u00e9 de la Syrie - La Sentinelle\" \/>\n<meta property=\"og:description\" content=\"Le groupe A3+ au Conseil de s\u00e9curit\u00e9 a plaid\u00e9, mardi \u00e0 New York, pour le respect de la souverainet\u00e9 de\" \/>\n<meta property=\"og:url\" content=\"https:\/\/lasentinelle.dz\/index.php\/2024\/12\/19\/conseil-de-securite-le-groupe-a3-plaide-pour-le-respect-de-la-souverainete-de-la-syrie\/\" \/>\n<meta property=\"og:site_name\" content=\"La Sentinelle\" \/>\n<meta property=\"article:publisher\" content=\"https:\/\/www.facebook.com\/La-Sentinelle-104059864394773\" \/>\n<meta property=\"article:published_time\" content=\"2024-12-19T09:32:58+00:00\" \/>\n<meta property=\"article:modified_time\" content=\"2024-12-22T09:33:25+00:00\" \/>\n<meta property=\"og:image\" content=\"https:\/\/lasentinelle.dz\/wp-content\/uploads\/2024\/01\/amar-Bendjama.jpeg\" \/>\n\t<meta property=\"og:image:width\" content=\"745\" \/>\n\t<meta property=\"og:image:height\" content=\"470\" \/>\n\t<meta property=\"og:image:type\" content=\"image\/jpeg\" \/>\n<meta name=\"author\" content=\"admin\" \/>\n<meta name=\"twitter:card\" content=\"summary_large_image\" \/>\n<meta name=\"twitter:label1\" content=\"\u00c9crit par\" \/>\n\t<meta name=\"twitter:data1\" content=\"admin\" \/>\n\t<meta name=\"twitter:label2\" content=\"Dur\u00e9e de lecture estim\u00e9e\" \/>\n\t<meta name=\"twitter:data2\" content=\"4 minutes\" \/>\n<script type=\"application\/ld+json\" class=\"yoast-schema-graph\">{\"@context\":\"https:\\\/\\\/schema.org\",\"@graph\":[{\"@type\":\"Article\",\"@id\":\"https:\\\/\\\/lasentinelle.dz\\\/index.php\\\/2024\\\/12\\\/19\\\/conseil-de-securite-le-groupe-a3-plaide-pour-le-respect-de-la-souverainete-de-la-syrie\\\/#article\",\"isPartOf\":{\"@id\":\"https:\\\/\\\/lasentinelle.dz\\\/index.php\\\/2024\\\/12\\\/19\\\/conseil-de-securite-le-groupe-a3-plaide-pour-le-respect-de-la-souverainete-de-la-syrie\\\/\"},\"author\":{\"name\":\"admin\",\"@id\":\"https:\\\/\\\/lasentinelle.dz\\\/#\\\/schema\\\/person\\\/729ee0024f24e0b8c5ec17232f8e8b41\"},\"headline\":\"Conseil de s\u00e9curit\u00e9 : Le groupe A3+ plaide pour le respect de la souverainet\u00e9 de la Syrie\",\"datePublished\":\"2024-12-19T09:32:58+00:00\",\"dateModified\":\"2024-12-22T09:33:25+00:00\",\"mainEntityOfPage\":{\"@id\":\"https:\\\/\\\/lasentinelle.dz\\\/index.php\\\/2024\\\/12\\\/19\\\/conseil-de-securite-le-groupe-a3-plaide-pour-le-respect-de-la-souverainete-de-la-syrie\\\/\"},\"wordCount\":675,\"commentCount\":0,\"publisher\":{\"@id\":\"https:\\\/\\\/lasentinelle.dz\\\/#organization\"},\"image\":{\"@id\":\"https:\\\/\\\/lasentinelle.dz\\\/index.php\\\/2024\\\/12\\\/19\\\/conseil-de-securite-le-groupe-a3-plaide-pour-le-respect-de-la-souverainete-de-la-syrie\\\/#primaryimage\"},\"thumbnailUrl\":\"https:\\\/\\\/lasentinelle.dz\\\/wp-content\\\/uploads\\\/2024\\\/01\\\/amar-Bendjama.jpeg\",\"articleSection\":[\"Actualit\u00e9\"],\"inLanguage\":\"fr-FR\",\"potentialAction\":[{\"@type\":\"CommentAction\",\"name\":\"Comment\",\"target\":[\"https:\\\/\\\/lasentinelle.dz\\\/index.php\\\/2024\\\/12\\\/19\\\/conseil-de-securite-le-groupe-a3-plaide-pour-le-respect-de-la-souverainete-de-la-syrie\\\/#respond\"]}]},{\"@type\":\"WebPage\",\"@id\":\"https:\\\/\\\/lasentinelle.dz\\\/index.php\\\/2024\\\/12\\\/19\\\/conseil-de-securite-le-groupe-a3-plaide-pour-le-respect-de-la-souverainete-de-la-syrie\\\/\",\"url\":\"https:\\\/\\\/lasentinelle.dz\\\/index.php\\\/2024\\\/12\\\/19\\\/conseil-de-securite-le-groupe-a3-plaide-pour-le-respect-de-la-souverainete-de-la-syrie\\\/\",\"name\":\"Conseil de s\u00e9curit\u00e9 : Le groupe A3+ plaide pour le respect de la souverainet\u00e9 de la Syrie - La Sentinelle\",\"isPartOf\":{\"@id\":\"https:\\\/\\\/lasentinelle.dz\\\/#website\"},\"primaryImageOfPage\":{\"@id\":\"https:\\\/\\\/lasentinelle.dz\\\/index.php\\\/2024\\\/12\\\/19\\\/conseil-de-securite-le-groupe-a3-plaide-pour-le-respect-de-la-souverainete-de-la-syrie\\\/#primaryimage\"},\"image\":{\"@id\":\"https:\\\/\\\/lasentinelle.dz\\\/index.php\\\/2024\\\/12\\\/19\\\/conseil-de-securite-le-groupe-a3-plaide-pour-le-respect-de-la-souverainete-de-la-syrie\\\/#primaryimage\"},\"thumbnailUrl\":\"https:\\\/\\\/lasentinelle.dz\\\/wp-content\\\/uploads\\\/2024\\\/01\\\/amar-Bendjama.jpeg\",\"datePublished\":\"2024-12-19T09:32:58+00:00\",\"dateModified\":\"2024-12-22T09:33:25+00:00\",\"breadcrumb\":{\"@id\":\"https:\\\/\\\/lasentinelle.dz\\\/index.php\\\/2024\\\/12\\\/19\\\/conseil-de-securite-le-groupe-a3-plaide-pour-le-respect-de-la-souverainete-de-la-syrie\\\/#breadcrumb\"},\"inLanguage\":\"fr-FR\",\"potentialAction\":[{\"@type\":\"ReadAction\",\"target\":[\"https:\\\/\\\/lasentinelle.dz\\\/index.php\\\/2024\\\/12\\\/19\\\/conseil-de-securite-le-groupe-a3-plaide-pour-le-respect-de-la-souverainete-de-la-syrie\\\/\"]}]},{\"@type\":\"ImageObject\",\"inLanguage\":\"fr-FR\",\"@id\":\"https:\\\/\\\/lasentinelle.dz\\\/index.php\\\/2024\\\/12\\\/19\\\/conseil-de-securite-le-groupe-a3-plaide-pour-le-respect-de-la-souverainete-de-la-syrie\\\/#primaryimage\",\"url\":\"https:\\\/\\\/lasentinelle.dz\\\/wp-content\\\/uploads\\\/2024\\\/01\\\/amar-Bendjama.jpeg\",\"contentUrl\":\"https:\\\/\\\/lasentinelle.dz\\\/wp-content\\\/uploads\\\/2024\\\/01\\\/amar-Bendjama.jpeg\",\"width\":745,\"height\":470},{\"@type\":\"BreadcrumbList\",\"@id\":\"https:\\\/\\\/lasentinelle.dz\\\/index.php\\\/2024\\\/12\\\/19\\\/conseil-de-securite-le-groupe-a3-plaide-pour-le-respect-de-la-souverainete-de-la-syrie\\\/#breadcrumb\",\"itemListElement\":[{\"@type\":\"ListItem\",\"position\":1,\"name\":\"Accueil\",\"item\":\"https:\\\/\\\/lasentinelle.dz\\\/\"},{\"@type\":\"ListItem\",\"position\":2,\"name\":\"Conseil de s\u00e9curit\u00e9 : Le groupe A3+ plaide pour le respect de la souverainet\u00e9 de la Syrie\"}]},{\"@type\":\"WebSite\",\"@id\":\"https:\\\/\\\/lasentinelle.dz\\\/#website\",\"url\":\"https:\\\/\\\/lasentinelle.dz\\\/\",\"name\":\"La Sentinelle\",\"description\":\"Quotidien national d&#039;information\",\"publisher\":{\"@id\":\"https:\\\/\\\/lasentinelle.dz\\\/#organization\"},\"potentialAction\":[{\"@type\":\"SearchAction\",\"target\":{\"@type\":\"EntryPoint\",\"urlTemplate\":\"https:\\\/\\\/lasentinelle.dz\\\/?s={search_term_string}\"},\"query-input\":{\"@type\":\"PropertyValueSpecification\",\"valueRequired\":true,\"valueName\":\"search_term_string\"}}],\"inLanguage\":\"fr-FR\"},{\"@type\":\"Organization\",\"@id\":\"https:\\\/\\\/lasentinelle.dz\\\/#organization\",\"name\":\"Quotidien La Sentinelle\",\"url\":\"https:\\\/\\\/lasentinelle.dz\\\/\",\"logo\":{\"@type\":\"ImageObject\",\"inLanguage\":\"fr-FR\",\"@id\":\"https:\\\/\\\/lasentinelle.dz\\\/#\\\/schema\\\/logo\\\/image\\\/\",\"url\":\"https:\\\/\\\/lasentinelle.dz\\\/wp-content\\\/uploads\\\/2021\\\/09\\\/logo-sentinelleSLOGAN-1.png\",\"contentUrl\":\"https:\\\/\\\/lasentinelle.dz\\\/wp-content\\\/uploads\\\/2021\\\/09\\\/logo-sentinelleSLOGAN-1.png\",\"width\":615,\"height\":142,\"caption\":\"Quotidien La Sentinelle\"},\"image\":{\"@id\":\"https:\\\/\\\/lasentinelle.dz\\\/#\\\/schema\\\/logo\\\/image\\\/\"},\"sameAs\":[\"https:\\\/\\\/www.facebook.com\\\/La-Sentinelle-104059864394773\"]},{\"@type\":\"Person\",\"@id\":\"https:\\\/\\\/lasentinelle.dz\\\/#\\\/schema\\\/person\\\/729ee0024f24e0b8c5ec17232f8e8b41\",\"name\":\"admin\",\"image\":{\"@type\":\"ImageObject\",\"inLanguage\":\"fr-FR\",\"@id\":\"https:\\\/\\\/secure.gravatar.com\\\/avatar\\\/4c81fed838786e9b53f540bf46533e750f5d292099ae3b66cfc6fb1982e29df7?s=96&d=mm&r=g\",\"url\":\"https:\\\/\\\/secure.gravatar.com\\\/avatar\\\/4c81fed838786e9b53f540bf46533e750f5d292099ae3b66cfc6fb1982e29df7?s=96&d=mm&r=g\",\"contentUrl\":\"https:\\\/\\\/secure.gravatar.com\\\/avatar\\\/4c81fed838786e9b53f540bf46533e750f5d292099ae3b66cfc6fb1982e29df7?s=96&d=mm&r=g\",\"caption\":\"admin\"},\"description\":\"admin\",\"url\":\"https:\\\/\\\/lasentinelle.dz\\\/author\\\/admin\\\/\"}]}<\/script>\n<!-- \/ Yoast SEO plugin. -->","yoast_head_json":{"title":"Conseil de s\u00e9curit\u00e9 : Le groupe A3+ plaide pour le respect de la souverainet\u00e9 de la Syrie - La Sentinelle","robots":{"index":"index","follow":"follow","max-snippet":"max-snippet:-1","max-image-preview":"max-image-preview:large","max-video-preview":"max-video-preview:-1"},"canonical":"https:\/\/lasentinelle.dz\/index.php\/2024\/12\/19\/conseil-de-securite-le-groupe-a3-plaide-pour-le-respect-de-la-souverainete-de-la-syrie\/","og_locale":"fr_FR","og_type":"article","og_title":"Conseil de s\u00e9curit\u00e9 : Le groupe A3+ plaide pour le respect de la souverainet\u00e9 de la Syrie - La Sentinelle","og_description":"Le groupe A3+ au Conseil de s\u00e9curit\u00e9 a plaid\u00e9, mardi \u00e0 New York, pour le respect de la souverainet\u00e9 de","og_url":"https:\/\/lasentinelle.dz\/index.php\/2024\/12\/19\/conseil-de-securite-le-groupe-a3-plaide-pour-le-respect-de-la-souverainete-de-la-syrie\/","og_site_name":"La Sentinelle","article_publisher":"https:\/\/www.facebook.com\/La-Sentinelle-104059864394773","article_published_time":"2024-12-19T09:32:58+00:00","article_modified_time":"2024-12-22T09:33:25+00:00","og_image":[{"width":745,"height":470,"url":"https:\/\/lasentinelle.dz\/wp-content\/uploads\/2024\/01\/amar-Bendjama.jpeg","type":"image\/jpeg"}],"author":"admin","twitter_card":"summary_large_image","twitter_misc":{"\u00c9crit par":"admin","Dur\u00e9e de lecture estim\u00e9e":"4 minutes"},"schema":{"@context":"https:\/\/schema.org","@graph":[{"@type":"Article","@id":"https:\/\/lasentinelle.dz\/index.php\/2024\/12\/19\/conseil-de-securite-le-groupe-a3-plaide-pour-le-respect-de-la-souverainete-de-la-syrie\/#article","isPartOf":{"@id":"https:\/\/lasentinelle.dz\/index.php\/2024\/12\/19\/conseil-de-securite-le-groupe-a3-plaide-pour-le-respect-de-la-souverainete-de-la-syrie\/"},"author":{"name":"admin","@id":"https:\/\/lasentinelle.dz\/#\/schema\/person\/729ee0024f24e0b8c5ec17232f8e8b41"},"headline":"Conseil de s\u00e9curit\u00e9 : Le groupe A3+ plaide pour le respect de la souverainet\u00e9 de la Syrie","datePublished":"2024-12-19T09:32:58+00:00","dateModified":"2024-12-22T09:33:25+00:00","mainEntityOfPage":{"@id":"https:\/\/lasentinelle.dz\/index.php\/2024\/12\/19\/conseil-de-securite-le-groupe-a3-plaide-pour-le-respect-de-la-souverainete-de-la-syrie\/"},"wordCount":675,"commentCount":0,"publisher":{"@id":"https:\/\/lasentinelle.dz\/#organization"},"image":{"@id":"https:\/\/lasentinelle.dz\/index.php\/2024\/12\/19\/conseil-de-securite-le-groupe-a3-plaide-pour-le-respect-de-la-souverainete-de-la-syrie\/#primaryimage"},"thumbnailUrl":"https:\/\/lasentinelle.dz\/wp-content\/uploads\/2024\/01\/amar-Bendjama.jpeg","articleSection":["Actualit\u00e9"],"inLanguage":"fr-FR","potentialAction":[{"@type":"CommentAction","name":"Comment","target":["https:\/\/lasentinelle.dz\/index.php\/2024\/12\/19\/conseil-de-securite-le-groupe-a3-plaide-pour-le-respect-de-la-souverainete-de-la-syrie\/#respond"]}]},{"@type":"WebPage","@id":"https:\/\/lasentinelle.dz\/index.php\/2024\/12\/19\/conseil-de-securite-le-groupe-a3-plaide-pour-le-respect-de-la-souverainete-de-la-syrie\/","url":"https:\/\/lasentinelle.dz\/index.php\/2024\/12\/19\/conseil-de-securite-le-groupe-a3-plaide-pour-le-respect-de-la-souverainete-de-la-syrie\/","name":"Conseil de s\u00e9curit\u00e9 : Le groupe A3+ plaide pour le respect de la souverainet\u00e9 de la Syrie - La Sentinelle","isPartOf":{"@id":"https:\/\/lasentinelle.dz\/#website"},"primaryImageOfPage":{"@id":"https:\/\/lasentinelle.dz\/index.php\/2024\/12\/19\/conseil-de-securite-le-groupe-a3-plaide-pour-le-respect-de-la-souverainete-de-la-syrie\/#primaryimage"},"image":{"@id":"https:\/\/lasentinelle.dz\/index.php\/2024\/12\/19\/conseil-de-securite-le-groupe-a3-plaide-pour-le-respect-de-la-souverainete-de-la-syrie\/#primaryimage"},"thumbnailUrl":"https:\/\/lasentinelle.dz\/wp-content\/uploads\/2024\/01\/amar-Bendjama.jpeg","datePublished":"2024-12-19T09:32:58+00:00","dateModified":"2024-12-22T09:33:25+00:00","breadcrumb":{"@id":"https:\/\/lasentinelle.dz\/index.php\/2024\/12\/19\/conseil-de-securite-le-groupe-a3-plaide-pour-le-respect-de-la-souverainete-de-la-syrie\/#breadcrumb"},"inLanguage":"fr-FR","potentialAction":[{"@type":"ReadAction","target":["https:\/\/lasentinelle.dz\/index.php\/2024\/12\/19\/conseil-de-securite-le-groupe-a3-plaide-pour-le-respect-de-la-souverainete-de-la-syrie\/"]}]},{"@type":"ImageObject","inLanguage":"fr-FR","@id":"https:\/\/lasentinelle.dz\/index.php\/2024\/12\/19\/conseil-de-securite-le-groupe-a3-plaide-pour-le-respect-de-la-souverainete-de-la-syrie\/#primaryimage","url":"https:\/\/lasentinelle.dz\/wp-content\/uploads\/2024\/01\/amar-Bendjama.jpeg","contentUrl":"https:\/\/lasentinelle.dz\/wp-content\/uploads\/2024\/01\/amar-Bendjama.jpeg","width":745,"height":470},{"@type":"BreadcrumbList","@id":"https:\/\/lasentinelle.dz\/index.php\/2024\/12\/19\/conseil-de-securite-le-groupe-a3-plaide-pour-le-respect-de-la-souverainete-de-la-syrie\/#breadcrumb","itemListElement":[{"@type":"ListItem","position":1,"name":"Accueil","item":"https:\/\/lasentinelle.dz\/"},{"@type":"ListItem","position":2,"name":"Conseil de s\u00e9curit\u00e9 : Le groupe A3+ plaide pour le respect de la souverainet\u00e9 de la Syrie"}]},{"@type":"WebSite","@id":"https:\/\/lasentinelle.dz\/#website","url":"https:\/\/lasentinelle.dz\/","name":"La Sentinelle","description":"Quotidien national d&#039;information","publisher":{"@id":"https:\/\/lasentinelle.dz\/#organization"},"potentialAction":[{"@type":"SearchAction","target":{"@type":"EntryPoint","urlTemplate":"https:\/\/lasentinelle.dz\/?s={search_term_string}"},"query-input":{"@type":"PropertyValueSpecification","valueRequired":true,"valueName":"search_term_string"}}],"inLanguage":"fr-FR"},{"@type":"Organization","@id":"https:\/\/lasentinelle.dz\/#organization","name":"Quotidien La Sentinelle","url":"https:\/\/lasentinelle.dz\/","logo":{"@type":"ImageObject","inLanguage":"fr-FR","@id":"https:\/\/lasentinelle.dz\/#\/schema\/logo\/image\/","url":"https:\/\/lasentinelle.dz\/wp-content\/uploads\/2021\/09\/logo-sentinelleSLOGAN-1.png","contentUrl":"https:\/\/lasentinelle.dz\/wp-content\/uploads\/2021\/09\/logo-sentinelleSLOGAN-1.png","width":615,"height":142,"caption":"Quotidien La Sentinelle"},"image":{"@id":"https:\/\/lasentinelle.dz\/#\/schema\/logo\/image\/"},"sameAs":["https:\/\/www.facebook.com\/La-Sentinelle-104059864394773"]},{"@type":"Person","@id":"https:\/\/lasentinelle.dz\/#\/schema\/person\/729ee0024f24e0b8c5ec17232f8e8b41","name":"admin","image":{"@type":"ImageObject","inLanguage":"fr-FR","@id":"https:\/\/secure.gravatar.com\/avatar\/4c81fed838786e9b53f540bf46533e750f5d292099ae3b66cfc6fb1982e29df7?s=96&d=mm&r=g","url":"https:\/\/secure.gravatar.com\/avatar\/4c81fed838786e9b53f540bf46533e750f5d292099ae3b66cfc6fb1982e29df7?s=96&d=mm&r=g","contentUrl":"https:\/\/secure.gravatar.com\/avatar\/4c81fed838786e9b53f540bf46533e750f5d292099ae3b66cfc6fb1982e29df7?s=96&d=mm&r=g","caption":"admin"},"description":"admin","url":"https:\/\/lasentinelle.dz\/author\/admin\/"}]}},"_links":{"self":[{"href":"https:\/\/lasentinelle.dz\/index.php\/wp-json\/wp\/v2\/posts\/60705","targetHints":{"allow":["GET"]}}],"collection":[{"href":"https:\/\/lasentinelle.dz\/index.php\/wp-json\/wp\/v2\/posts"}],"about":[{"href":"https:\/\/lasentinelle.dz\/index.php\/wp-json\/wp\/v2\/types\/post"}],"author":[{"embeddable":true,"href":"https:\/\/lasentinelle.dz\/index.php\/wp-json\/wp\/v2\/users\/6"}],"replies":[{"embeddable":true,"href":"https:\/\/lasentinelle.dz\/index.php\/wp-json\/wp\/v2\/comments?post=60705"}],"version-history":[{"count":1,"href":"https:\/\/lasentinelle.dz\/index.php\/wp-json\/wp\/v2\/posts\/60705\/revisions"}],"predecessor-version":[{"id":60706,"href":"https:\/\/lasentinelle.dz\/index.php\/wp-json\/wp\/v2\/posts\/60705\/revisions\/60706"}],"wp:featuredmedia":[{"embeddable":true,"href":"https:\/\/lasentinelle.dz\/index.php\/wp-json\/wp\/v2\/media\/48688"}],"wp:attachment":[{"href":"https:\/\/lasentinelle.dz\/index.php\/wp-json\/wp\/v2\/media?parent=60705"}],"wp:term":[{"taxonomy":"category","embeddable":true,"href":"https:\/\/lasentinelle.dz\/index.php\/wp-json\/wp\/v2\/categories?post=60705"},{"taxonomy":"post_tag","embeddable":true,"href":"https:\/\/lasentinelle.dz\/index.php\/wp-json\/wp\/v2\/tags?post=60705"}],"curies":[{"name":"wp","href":"https:\/\/api.w.org\/{rel}","templated":true}]}}