{"id":60721,"date":"2024-12-19T10:42:09","date_gmt":"2024-12-19T09:42:09","guid":{"rendered":"https:\/\/lasentinelle.dz\/?p=60721"},"modified":"2024-12-22T10:42:44","modified_gmt":"2024-12-22T09:42:44","slug":"reunion-du-gouvernement-cap-sur-la-concretisation-des-engagements-presidentiels","status":"publish","type":"post","link":"https:\/\/lasentinelle.dz\/index.php\/2024\/12\/19\/reunion-du-gouvernement-cap-sur-la-concretisation-des-engagements-presidentiels\/","title":{"rendered":"R\u00e9union du Gouvernement : Cap sur la concr\u00e9tisation des engagements pr\u00e9sidentiels"},"content":{"rendered":"\n<p>Le Premier ministre Nadir Larbaoui a pr\u00e9sid\u00e9 une r\u00e9union du Gouvernement consacr\u00e9 en partie \u00e0 l\u2019examen de la concr\u00e9tisation des objectifs du programme du pr\u00e9sident de la R\u00e9publique et de ses engagements notamment en ce qui concerne les grandes infrastructures ferroviaires et hydrauliques, marquant ainsi une \u00e9tape d\u00e9cisive dans la mise en \u0153uvre des r\u00e9formes et des orientations strat\u00e9giques d\u00e9finies par Abdelmadjid Tebboune.<\/p>\n\n\n\n<p>Les travaux de cette s\u00e9ance ont port\u00e9 sur plusieurs dossiers structurants, illustrant la volont\u00e9 de transformation en profondeur de l&rsquo;\u00e9conomie et des services publics. Au c\u0153ur des discussions, un projet de d\u00e9cret ex\u00e9cutif fixant les modalit\u00e9s d&rsquo;application des r\u00e8gles g\u00e9n\u00e9rales des march\u00e9s publics, qui s&rsquo;inscrit dans le cadre du parach\u00e8vement r\u00e9glementaire visant \u00e0 renforcer la transparence et l&rsquo;\u00e9galit\u00e9 de traitement dans l&rsquo;acc\u00e8s \u00e0 la commande publique. Ce texte, fruit de la loi n\u00b0 23-12 du 5 ao\u00fbt 2023, entend promouvoir un climat concurrentiel r\u00e9pondant aux normes de qualit\u00e9 et permettant une exploitation optimale des ressources publiques. Le gouvernement a \u00e9galement examin\u00e9 un projet de d\u00e9cret relatif \u00e0 la pr\u00e9vention et \u00e0 la r\u00e9duction des risques de catastrophes, conform\u00e9ment \u00e0 la loi n\u00b0 24-04 du 26 f\u00e9vrier 2024. L&rsquo;objectif est d&rsquo;identifier pr\u00e9cis\u00e9ment les secteurs charg\u00e9s d&rsquo;\u00e9laborer les plans g\u00e9n\u00e9raux de pr\u00e9vention selon les diff\u00e9rents types de risques, dans une d\u00e9marche de d\u00e9veloppement durable. Une communication sectorielle sur les services publics de l&rsquo;eau et de l&rsquo;assainissement a permis de dresser un \u00e9tat des lieux des efforts entrepris pour satisfaire les besoins fondamentaux de la population. Cette pr\u00e9sentation s&rsquo;inscrit dans le programme de s\u00e9curit\u00e9 hydrique d\u00e9cid\u00e9 par le pr\u00e9sident de la R\u00e9publique, avec des objectifs pr\u00e9cis de mobilisation, production et distribution de l&rsquo;eau, assortis d&rsquo;un contr\u00f4le qualit\u00e9 et d&rsquo;une lutte contre le gaspillage. Le gouvernement a \u00e9galement \u00e9tudi\u00e9 une s\u00e9rie de mesures relatives \u00e0 la mise en \u0153uvre de projets de d\u00e9veloppement d&rsquo;envergure, notamment le programme de d\u00e9veloppement des chemins de fer et des transferts d&rsquo;eau, ainsi que le projet de zone de libre-\u00e9change \u00e0 Tindouf. Ces initiatives font \u00e9cho aux directives pr\u00e9sidentielles r\u00e9centes concernant le d\u00e9veloppement des infrastructures ferroviaires. Lors du pr\u00e9c\u00e9dent Conseil des ministres, Tebboune avait enjoint d&rsquo;acc\u00e9l\u00e9rer la modernisation du r\u00e9seau, avec un objectif ambitieux de construction de plus de deux kilom\u00e8tres de voies ferr\u00e9es par jour, en accordant une priorit\u00e9 absolue \u00e0 la ligne Alger-Tamanrasset et \u00e0 l&rsquo;interconnexion avec les pays africains. Le projet phare B\u00e9char-Tindouf-Gara Djebilet, lanc\u00e9 en octobre 2023, &nbsp;et qui entre d\u2019ailleurs dans le contexte du d\u00e9veloppement du r\u00e9seau ferroviaire, enregistre des avanc\u00e9es significatives, avec le premier tron\u00e7on B\u00e9char-Hammaguir atteignant 68% de r\u00e9alisation pour les remblais. La Soci\u00e9t\u00e9 nationale des transports ferroviaires pr\u00e9voit la livraison de 768 kilom\u00e8tres de nouvelles lignes dans les prochains mois, mat\u00e9rialisant un investissement de 378 milliards de dinars jusqu&rsquo;en 2035. Le secteur hydraulique fait \u00e9galement l&rsquo;objet d&rsquo;une attention particuli\u00e8re, avec la poursuite du plan national de cr\u00e9ation de stations de dessalement. L&rsquo;Alg\u00e9rie, d\u00e9j\u00e0 leader africain avec 25 stations, entend multiplier ces infrastructures le long du littoral national. Le syst\u00e8me des grands transferts hydrauliques, le recyclage des eaux non utilis\u00e9es et la construction de nouveaux barrages constituent des leviers compl\u00e9mentaires pour assurer une alimentation en eau potable \u00e9quitable et stable. Ces diff\u00e9rents chantiers refl\u00e8tent la vision pr\u00e9sidentielle d&rsquo;une Alg\u00e9rie en mouvement, r\u00e9solument tourn\u00e9e vers le d\u00e9veloppement et la modernisation. Chaque projet incarne la volont\u00e9 de Tebboune de transformer les promesses \u00e9lectorales en r\u00e9alisations concr\u00e8tes, en construisant une nation plus r\u00e9siliente, plus comp\u00e9titive et plus solidaire.<\/p>\n\n\n\n<p>Salim Amokrane<\/p>\n","protected":false},"excerpt":{"rendered":"<p>Le Premier ministre Nadir Larbaoui a pr\u00e9sid\u00e9 une r\u00e9union du Gouvernement consacr\u00e9 en partie \u00e0 l\u2019examen de la concr\u00e9tisation des<\/p>\n","protected":false},"author":6,"featured_media":57477,"comment_status":"open","ping_status":"closed","sticky":false,"template":"","format":"standard","meta":{"colormag_page_container_layout":"default_layout","colormag_page_sidebar_layout":"default_layout","om_disable_all_campaigns":false,"_monsterinsights_skip_tracking":false,"_monsterinsights_sitenote_active":false,"_monsterinsights_sitenote_note":"","_monsterinsights_sitenote_category":0,"footnotes":"","_wpscppro_dont_share_socialmedia":false,"_wpscppro_custom_social_share_image":0,"_facebook_share_type":"default","_twitter_share_type":"default","_linkedin_share_type":"default","_pinterest_share_type":"default","_linkedin_share_type_page":"","_instagram_share_type":"default","_medium_share_type":"default","_threads_share_type":"","_google_business_share_type":"","_selected_social_profile":[],"_wpsp_enable_custom_social_template":false,"_wpsp_social_scheduling":{"enabled":false,"datetime":null,"platforms":[],"status":"template_only","dateOption":"today","timeOption":"now","customDays":"","customHours":"","customDate":"","customTime":"","schedulingType":"absolute"},"_wpsp_active_default_template":true},"categories":[52,27],"tags":[],"class_list":["post-60721","post","type-post","status-publish","format-standard","has-post-thumbnail","hentry","category-a-la-une","category-actualite"],"aioseo_notices":[],"yoast_head":"<!-- This site is optimized with the Yoast SEO plugin v27.5 - https:\/\/yoast.com\/product\/yoast-seo-wordpress\/ -->\n<title>R\u00e9union du Gouvernement : Cap sur la concr\u00e9tisation des engagements pr\u00e9sidentiels - La Sentinelle<\/title>\n<meta name=\"robots\" content=\"index, follow, max-snippet:-1, max-image-preview:large, max-video-preview:-1\" \/>\n<link rel=\"canonical\" href=\"https:\/\/lasentinelle.dz\/index.php\/2024\/12\/19\/reunion-du-gouvernement-cap-sur-la-concretisation-des-engagements-presidentiels\/\" \/>\n<meta property=\"og:locale\" content=\"fr_FR\" \/>\n<meta property=\"og:type\" content=\"article\" \/>\n<meta property=\"og:title\" content=\"R\u00e9union du Gouvernement : Cap sur la concr\u00e9tisation des engagements pr\u00e9sidentiels - La Sentinelle\" \/>\n<meta property=\"og:description\" content=\"Le Premier ministre Nadir Larbaoui a pr\u00e9sid\u00e9 une r\u00e9union du Gouvernement consacr\u00e9 en partie \u00e0 l\u2019examen de la concr\u00e9tisation des\" \/>\n<meta property=\"og:url\" content=\"https:\/\/lasentinelle.dz\/index.php\/2024\/12\/19\/reunion-du-gouvernement-cap-sur-la-concretisation-des-engagements-presidentiels\/\" \/>\n<meta property=\"og:site_name\" content=\"La Sentinelle\" \/>\n<meta property=\"article:publisher\" content=\"https:\/\/www.facebook.com\/La-Sentinelle-104059864394773\" \/>\n<meta property=\"article:published_time\" content=\"2024-12-19T09:42:09+00:00\" \/>\n<meta property=\"article:modified_time\" content=\"2024-12-22T09:42:44+00:00\" \/>\n<meta property=\"og:image\" content=\"https:\/\/lasentinelle.dz\/wp-content\/uploads\/2024\/09\/Palais-du-Gouvernement.png\" \/>\n\t<meta property=\"og:image:width\" content=\"1640\" \/>\n\t<meta property=\"og:image:height\" content=\"924\" \/>\n\t<meta property=\"og:image:type\" content=\"image\/png\" \/>\n<meta name=\"author\" content=\"admin\" \/>\n<meta name=\"twitter:card\" content=\"summary_large_image\" \/>\n<meta name=\"twitter:label1\" content=\"\u00c9crit par\" \/>\n\t<meta name=\"twitter:data1\" content=\"admin\" \/>\n\t<meta name=\"twitter:label2\" content=\"Dur\u00e9e de lecture estim\u00e9e\" \/>\n\t<meta name=\"twitter:data2\" content=\"4 minutes\" \/>\n<script type=\"application\/ld+json\" class=\"yoast-schema-graph\">{\"@context\":\"https:\\\/\\\/schema.org\",\"@graph\":[{\"@type\":\"Article\",\"@id\":\"https:\\\/\\\/lasentinelle.dz\\\/index.php\\\/2024\\\/12\\\/19\\\/reunion-du-gouvernement-cap-sur-la-concretisation-des-engagements-presidentiels\\\/#article\",\"isPartOf\":{\"@id\":\"https:\\\/\\\/lasentinelle.dz\\\/index.php\\\/2024\\\/12\\\/19\\\/reunion-du-gouvernement-cap-sur-la-concretisation-des-engagements-presidentiels\\\/\"},\"author\":{\"name\":\"admin\",\"@id\":\"https:\\\/\\\/lasentinelle.dz\\\/#\\\/schema\\\/person\\\/729ee0024f24e0b8c5ec17232f8e8b41\"},\"headline\":\"R\u00e9union du Gouvernement : Cap sur la concr\u00e9tisation des engagements pr\u00e9sidentiels\",\"datePublished\":\"2024-12-19T09:42:09+00:00\",\"dateModified\":\"2024-12-22T09:42:44+00:00\",\"mainEntityOfPage\":{\"@id\":\"https:\\\/\\\/lasentinelle.dz\\\/index.php\\\/2024\\\/12\\\/19\\\/reunion-du-gouvernement-cap-sur-la-concretisation-des-engagements-presidentiels\\\/\"},\"wordCount\":674,\"commentCount\":0,\"publisher\":{\"@id\":\"https:\\\/\\\/lasentinelle.dz\\\/#organization\"},\"image\":{\"@id\":\"https:\\\/\\\/lasentinelle.dz\\\/index.php\\\/2024\\\/12\\\/19\\\/reunion-du-gouvernement-cap-sur-la-concretisation-des-engagements-presidentiels\\\/#primaryimage\"},\"thumbnailUrl\":\"https:\\\/\\\/lasentinelle.dz\\\/wp-content\\\/uploads\\\/2024\\\/09\\\/Palais-du-Gouvernement.png\",\"articleSection\":[\"\u00c0 la Une\",\"Actualit\u00e9\"],\"inLanguage\":\"fr-FR\",\"potentialAction\":[{\"@type\":\"CommentAction\",\"name\":\"Comment\",\"target\":[\"https:\\\/\\\/lasentinelle.dz\\\/index.php\\\/2024\\\/12\\\/19\\\/reunion-du-gouvernement-cap-sur-la-concretisation-des-engagements-presidentiels\\\/#respond\"]}]},{\"@type\":\"WebPage\",\"@id\":\"https:\\\/\\\/lasentinelle.dz\\\/index.php\\\/2024\\\/12\\\/19\\\/reunion-du-gouvernement-cap-sur-la-concretisation-des-engagements-presidentiels\\\/\",\"url\":\"https:\\\/\\\/lasentinelle.dz\\\/index.php\\\/2024\\\/12\\\/19\\\/reunion-du-gouvernement-cap-sur-la-concretisation-des-engagements-presidentiels\\\/\",\"name\":\"R\u00e9union du Gouvernement : Cap sur la concr\u00e9tisation des engagements pr\u00e9sidentiels - La Sentinelle\",\"isPartOf\":{\"@id\":\"https:\\\/\\\/lasentinelle.dz\\\/#website\"},\"primaryImageOfPage\":{\"@id\":\"https:\\\/\\\/lasentinelle.dz\\\/index.php\\\/2024\\\/12\\\/19\\\/reunion-du-gouvernement-cap-sur-la-concretisation-des-engagements-presidentiels\\\/#primaryimage\"},\"image\":{\"@id\":\"https:\\\/\\\/lasentinelle.dz\\\/index.php\\\/2024\\\/12\\\/19\\\/reunion-du-gouvernement-cap-sur-la-concretisation-des-engagements-presidentiels\\\/#primaryimage\"},\"thumbnailUrl\":\"https:\\\/\\\/lasentinelle.dz\\\/wp-content\\\/uploads\\\/2024\\\/09\\\/Palais-du-Gouvernement.png\",\"datePublished\":\"2024-12-19T09:42:09+00:00\",\"dateModified\":\"2024-12-22T09:42:44+00:00\",\"breadcrumb\":{\"@id\":\"https:\\\/\\\/lasentinelle.dz\\\/index.php\\\/2024\\\/12\\\/19\\\/reunion-du-gouvernement-cap-sur-la-concretisation-des-engagements-presidentiels\\\/#breadcrumb\"},\"inLanguage\":\"fr-FR\",\"potentialAction\":[{\"@type\":\"ReadAction\",\"target\":[\"https:\\\/\\\/lasentinelle.dz\\\/index.php\\\/2024\\\/12\\\/19\\\/reunion-du-gouvernement-cap-sur-la-concretisation-des-engagements-presidentiels\\\/\"]}]},{\"@type\":\"ImageObject\",\"inLanguage\":\"fr-FR\",\"@id\":\"https:\\\/\\\/lasentinelle.dz\\\/index.php\\\/2024\\\/12\\\/19\\\/reunion-du-gouvernement-cap-sur-la-concretisation-des-engagements-presidentiels\\\/#primaryimage\",\"url\":\"https:\\\/\\\/lasentinelle.dz\\\/wp-content\\\/uploads\\\/2024\\\/09\\\/Palais-du-Gouvernement.png\",\"contentUrl\":\"https:\\\/\\\/lasentinelle.dz\\\/wp-content\\\/uploads\\\/2024\\\/09\\\/Palais-du-Gouvernement.png\",\"width\":1640,\"height\":924},{\"@type\":\"BreadcrumbList\",\"@id\":\"https:\\\/\\\/lasentinelle.dz\\\/index.php\\\/2024\\\/12\\\/19\\\/reunion-du-gouvernement-cap-sur-la-concretisation-des-engagements-presidentiels\\\/#breadcrumb\",\"itemListElement\":[{\"@type\":\"ListItem\",\"position\":1,\"name\":\"Accueil\",\"item\":\"https:\\\/\\\/lasentinelle.dz\\\/\"},{\"@type\":\"ListItem\",\"position\":2,\"name\":\"R\u00e9union du Gouvernement : Cap sur la concr\u00e9tisation des engagements pr\u00e9sidentiels\"}]},{\"@type\":\"WebSite\",\"@id\":\"https:\\\/\\\/lasentinelle.dz\\\/#website\",\"url\":\"https:\\\/\\\/lasentinelle.dz\\\/\",\"name\":\"La Sentinelle\",\"description\":\"Quotidien national d&#039;information\",\"publisher\":{\"@id\":\"https:\\\/\\\/lasentinelle.dz\\\/#organization\"},\"potentialAction\":[{\"@type\":\"SearchAction\",\"target\":{\"@type\":\"EntryPoint\",\"urlTemplate\":\"https:\\\/\\\/lasentinelle.dz\\\/?s={search_term_string}\"},\"query-input\":{\"@type\":\"PropertyValueSpecification\",\"valueRequired\":true,\"valueName\":\"search_term_string\"}}],\"inLanguage\":\"fr-FR\"},{\"@type\":\"Organization\",\"@id\":\"https:\\\/\\\/lasentinelle.dz\\\/#organization\",\"name\":\"Quotidien La Sentinelle\",\"url\":\"https:\\\/\\\/lasentinelle.dz\\\/\",\"logo\":{\"@type\":\"ImageObject\",\"inLanguage\":\"fr-FR\",\"@id\":\"https:\\\/\\\/lasentinelle.dz\\\/#\\\/schema\\\/logo\\\/image\\\/\",\"url\":\"https:\\\/\\\/lasentinelle.dz\\\/wp-content\\\/uploads\\\/2021\\\/09\\\/logo-sentinelleSLOGAN-1.png\",\"contentUrl\":\"https:\\\/\\\/lasentinelle.dz\\\/wp-content\\\/uploads\\\/2021\\\/09\\\/logo-sentinelleSLOGAN-1.png\",\"width\":615,\"height\":142,\"caption\":\"Quotidien La Sentinelle\"},\"image\":{\"@id\":\"https:\\\/\\\/lasentinelle.dz\\\/#\\\/schema\\\/logo\\\/image\\\/\"},\"sameAs\":[\"https:\\\/\\\/www.facebook.com\\\/La-Sentinelle-104059864394773\"]},{\"@type\":\"Person\",\"@id\":\"https:\\\/\\\/lasentinelle.dz\\\/#\\\/schema\\\/person\\\/729ee0024f24e0b8c5ec17232f8e8b41\",\"name\":\"admin\",\"image\":{\"@type\":\"ImageObject\",\"inLanguage\":\"fr-FR\",\"@id\":\"https:\\\/\\\/secure.gravatar.com\\\/avatar\\\/4c81fed838786e9b53f540bf46533e750f5d292099ae3b66cfc6fb1982e29df7?s=96&d=mm&r=g\",\"url\":\"https:\\\/\\\/secure.gravatar.com\\\/avatar\\\/4c81fed838786e9b53f540bf46533e750f5d292099ae3b66cfc6fb1982e29df7?s=96&d=mm&r=g\",\"contentUrl\":\"https:\\\/\\\/secure.gravatar.com\\\/avatar\\\/4c81fed838786e9b53f540bf46533e750f5d292099ae3b66cfc6fb1982e29df7?s=96&d=mm&r=g\",\"caption\":\"admin\"},\"description\":\"admin\",\"url\":\"https:\\\/\\\/lasentinelle.dz\\\/author\\\/admin\\\/\"}]}<\/script>\n<!-- \/ Yoast SEO plugin. -->","yoast_head_json":{"title":"R\u00e9union du Gouvernement : Cap sur la concr\u00e9tisation des engagements pr\u00e9sidentiels - La Sentinelle","robots":{"index":"index","follow":"follow","max-snippet":"max-snippet:-1","max-image-preview":"max-image-preview:large","max-video-preview":"max-video-preview:-1"},"canonical":"https:\/\/lasentinelle.dz\/index.php\/2024\/12\/19\/reunion-du-gouvernement-cap-sur-la-concretisation-des-engagements-presidentiels\/","og_locale":"fr_FR","og_type":"article","og_title":"R\u00e9union du Gouvernement : Cap sur la concr\u00e9tisation des engagements pr\u00e9sidentiels - La Sentinelle","og_description":"Le Premier ministre Nadir Larbaoui a pr\u00e9sid\u00e9 une r\u00e9union du Gouvernement consacr\u00e9 en partie \u00e0 l\u2019examen de la concr\u00e9tisation des","og_url":"https:\/\/lasentinelle.dz\/index.php\/2024\/12\/19\/reunion-du-gouvernement-cap-sur-la-concretisation-des-engagements-presidentiels\/","og_site_name":"La Sentinelle","article_publisher":"https:\/\/www.facebook.com\/La-Sentinelle-104059864394773","article_published_time":"2024-12-19T09:42:09+00:00","article_modified_time":"2024-12-22T09:42:44+00:00","og_image":[{"width":1640,"height":924,"url":"https:\/\/lasentinelle.dz\/wp-content\/uploads\/2024\/09\/Palais-du-Gouvernement.png","type":"image\/png"}],"author":"admin","twitter_card":"summary_large_image","twitter_misc":{"\u00c9crit par":"admin","Dur\u00e9e de lecture estim\u00e9e":"4 minutes"},"schema":{"@context":"https:\/\/schema.org","@graph":[{"@type":"Article","@id":"https:\/\/lasentinelle.dz\/index.php\/2024\/12\/19\/reunion-du-gouvernement-cap-sur-la-concretisation-des-engagements-presidentiels\/#article","isPartOf":{"@id":"https:\/\/lasentinelle.dz\/index.php\/2024\/12\/19\/reunion-du-gouvernement-cap-sur-la-concretisation-des-engagements-presidentiels\/"},"author":{"name":"admin","@id":"https:\/\/lasentinelle.dz\/#\/schema\/person\/729ee0024f24e0b8c5ec17232f8e8b41"},"headline":"R\u00e9union du Gouvernement : Cap sur la concr\u00e9tisation des engagements pr\u00e9sidentiels","datePublished":"2024-12-19T09:42:09+00:00","dateModified":"2024-12-22T09:42:44+00:00","mainEntityOfPage":{"@id":"https:\/\/lasentinelle.dz\/index.php\/2024\/12\/19\/reunion-du-gouvernement-cap-sur-la-concretisation-des-engagements-presidentiels\/"},"wordCount":674,"commentCount":0,"publisher":{"@id":"https:\/\/lasentinelle.dz\/#organization"},"image":{"@id":"https:\/\/lasentinelle.dz\/index.php\/2024\/12\/19\/reunion-du-gouvernement-cap-sur-la-concretisation-des-engagements-presidentiels\/#primaryimage"},"thumbnailUrl":"https:\/\/lasentinelle.dz\/wp-content\/uploads\/2024\/09\/Palais-du-Gouvernement.png","articleSection":["\u00c0 la Une","Actualit\u00e9"],"inLanguage":"fr-FR","potentialAction":[{"@type":"CommentAction","name":"Comment","target":["https:\/\/lasentinelle.dz\/index.php\/2024\/12\/19\/reunion-du-gouvernement-cap-sur-la-concretisation-des-engagements-presidentiels\/#respond"]}]},{"@type":"WebPage","@id":"https:\/\/lasentinelle.dz\/index.php\/2024\/12\/19\/reunion-du-gouvernement-cap-sur-la-concretisation-des-engagements-presidentiels\/","url":"https:\/\/lasentinelle.dz\/index.php\/2024\/12\/19\/reunion-du-gouvernement-cap-sur-la-concretisation-des-engagements-presidentiels\/","name":"R\u00e9union du Gouvernement : Cap sur la concr\u00e9tisation des engagements pr\u00e9sidentiels - La Sentinelle","isPartOf":{"@id":"https:\/\/lasentinelle.dz\/#website"},"primaryImageOfPage":{"@id":"https:\/\/lasentinelle.dz\/index.php\/2024\/12\/19\/reunion-du-gouvernement-cap-sur-la-concretisation-des-engagements-presidentiels\/#primaryimage"},"image":{"@id":"https:\/\/lasentinelle.dz\/index.php\/2024\/12\/19\/reunion-du-gouvernement-cap-sur-la-concretisation-des-engagements-presidentiels\/#primaryimage"},"thumbnailUrl":"https:\/\/lasentinelle.dz\/wp-content\/uploads\/2024\/09\/Palais-du-Gouvernement.png","datePublished":"2024-12-19T09:42:09+00:00","dateModified":"2024-12-22T09:42:44+00:00","breadcrumb":{"@id":"https:\/\/lasentinelle.dz\/index.php\/2024\/12\/19\/reunion-du-gouvernement-cap-sur-la-concretisation-des-engagements-presidentiels\/#breadcrumb"},"inLanguage":"fr-FR","potentialAction":[{"@type":"ReadAction","target":["https:\/\/lasentinelle.dz\/index.php\/2024\/12\/19\/reunion-du-gouvernement-cap-sur-la-concretisation-des-engagements-presidentiels\/"]}]},{"@type":"ImageObject","inLanguage":"fr-FR","@id":"https:\/\/lasentinelle.dz\/index.php\/2024\/12\/19\/reunion-du-gouvernement-cap-sur-la-concretisation-des-engagements-presidentiels\/#primaryimage","url":"https:\/\/lasentinelle.dz\/wp-content\/uploads\/2024\/09\/Palais-du-Gouvernement.png","contentUrl":"https:\/\/lasentinelle.dz\/wp-content\/uploads\/2024\/09\/Palais-du-Gouvernement.png","width":1640,"height":924},{"@type":"BreadcrumbList","@id":"https:\/\/lasentinelle.dz\/index.php\/2024\/12\/19\/reunion-du-gouvernement-cap-sur-la-concretisation-des-engagements-presidentiels\/#breadcrumb","itemListElement":[{"@type":"ListItem","position":1,"name":"Accueil","item":"https:\/\/lasentinelle.dz\/"},{"@type":"ListItem","position":2,"name":"R\u00e9union du Gouvernement : Cap sur la concr\u00e9tisation des engagements pr\u00e9sidentiels"}]},{"@type":"WebSite","@id":"https:\/\/lasentinelle.dz\/#website","url":"https:\/\/lasentinelle.dz\/","name":"La Sentinelle","description":"Quotidien national d&#039;information","publisher":{"@id":"https:\/\/lasentinelle.dz\/#organization"},"potentialAction":[{"@type":"SearchAction","target":{"@type":"EntryPoint","urlTemplate":"https:\/\/lasentinelle.dz\/?s={search_term_string}"},"query-input":{"@type":"PropertyValueSpecification","valueRequired":true,"valueName":"search_term_string"}}],"inLanguage":"fr-FR"},{"@type":"Organization","@id":"https:\/\/lasentinelle.dz\/#organization","name":"Quotidien La Sentinelle","url":"https:\/\/lasentinelle.dz\/","logo":{"@type":"ImageObject","inLanguage":"fr-FR","@id":"https:\/\/lasentinelle.dz\/#\/schema\/logo\/image\/","url":"https:\/\/lasentinelle.dz\/wp-content\/uploads\/2021\/09\/logo-sentinelleSLOGAN-1.png","contentUrl":"https:\/\/lasentinelle.dz\/wp-content\/uploads\/2021\/09\/logo-sentinelleSLOGAN-1.png","width":615,"height":142,"caption":"Quotidien La Sentinelle"},"image":{"@id":"https:\/\/lasentinelle.dz\/#\/schema\/logo\/image\/"},"sameAs":["https:\/\/www.facebook.com\/La-Sentinelle-104059864394773"]},{"@type":"Person","@id":"https:\/\/lasentinelle.dz\/#\/schema\/person\/729ee0024f24e0b8c5ec17232f8e8b41","name":"admin","image":{"@type":"ImageObject","inLanguage":"fr-FR","@id":"https:\/\/secure.gravatar.com\/avatar\/4c81fed838786e9b53f540bf46533e750f5d292099ae3b66cfc6fb1982e29df7?s=96&d=mm&r=g","url":"https:\/\/secure.gravatar.com\/avatar\/4c81fed838786e9b53f540bf46533e750f5d292099ae3b66cfc6fb1982e29df7?s=96&d=mm&r=g","contentUrl":"https:\/\/secure.gravatar.com\/avatar\/4c81fed838786e9b53f540bf46533e750f5d292099ae3b66cfc6fb1982e29df7?s=96&d=mm&r=g","caption":"admin"},"description":"admin","url":"https:\/\/lasentinelle.dz\/author\/admin\/"}]}},"_links":{"self":[{"href":"https:\/\/lasentinelle.dz\/index.php\/wp-json\/wp\/v2\/posts\/60721","targetHints":{"allow":["GET"]}}],"collection":[{"href":"https:\/\/lasentinelle.dz\/index.php\/wp-json\/wp\/v2\/posts"}],"about":[{"href":"https:\/\/lasentinelle.dz\/index.php\/wp-json\/wp\/v2\/types\/post"}],"author":[{"embeddable":true,"href":"https:\/\/lasentinelle.dz\/index.php\/wp-json\/wp\/v2\/users\/6"}],"replies":[{"embeddable":true,"href":"https:\/\/lasentinelle.dz\/index.php\/wp-json\/wp\/v2\/comments?post=60721"}],"version-history":[{"count":1,"href":"https:\/\/lasentinelle.dz\/index.php\/wp-json\/wp\/v2\/posts\/60721\/revisions"}],"predecessor-version":[{"id":60722,"href":"https:\/\/lasentinelle.dz\/index.php\/wp-json\/wp\/v2\/posts\/60721\/revisions\/60722"}],"wp:featuredmedia":[{"embeddable":true,"href":"https:\/\/lasentinelle.dz\/index.php\/wp-json\/wp\/v2\/media\/57477"}],"wp:attachment":[{"href":"https:\/\/lasentinelle.dz\/index.php\/wp-json\/wp\/v2\/media?parent=60721"}],"wp:term":[{"taxonomy":"category","embeddable":true,"href":"https:\/\/lasentinelle.dz\/index.php\/wp-json\/wp\/v2\/categories?post=60721"},{"taxonomy":"post_tag","embeddable":true,"href":"https:\/\/lasentinelle.dz\/index.php\/wp-json\/wp\/v2\/tags?post=60721"}],"curies":[{"name":"wp","href":"https:\/\/api.w.org\/{rel}","templated":true}]}}