{"id":60731,"date":"2024-12-22T10:48:53","date_gmt":"2024-12-22T09:48:53","guid":{"rendered":"https:\/\/lasentinelle.dz\/?p=60731"},"modified":"2024-12-22T10:48:53","modified_gmt":"2024-12-22T09:48:53","slug":"formation-professionnelle-une-feuille-de-route-pour-sadapter-au-marche-du-travail","status":"publish","type":"post","link":"https:\/\/lasentinelle.dz\/index.php\/2024\/12\/22\/formation-professionnelle-une-feuille-de-route-pour-sadapter-au-marche-du-travail\/","title":{"rendered":"Formation Professionnelle : Une feuille de route pour s\u2019adapter au march\u00e9 du travail"},"content":{"rendered":"\n<p>Dans un contexte de mutations technologiques profondes et d&rsquo;\u00e9volution rapide du march\u00e9 du travail, l&rsquo;Alg\u00e9rie engage une r\u00e9forme majeure de son syst\u00e8me de formation professionnelle. Les assises nationales sur la formation professionnelle, qui se sont ouvertes hier au Centre international de Conf\u00e9rences Abdelatif-Rahal \u00e0 Alger, ont l\u2019objectif de se pencher sur une r\u00e9forme du secteur dans cette perspective. M. Yacine El Mahdi Oualid, ministre de la Formation et de l&rsquo;Enseignement professionnels, a clairement d\u00e9fini l&rsquo;enjeu de ces assises en d\u00e9clarant qu&rsquo;elles avaient \u00ab\u00a0pour objectif d&rsquo;\u00e9laborer une feuille de route visant \u00e0 promouvoir le secteur, conform\u00e9ment aux besoins du march\u00e9 du travail.\u00a0\u00bb Cette initiative s&rsquo;appuie sur un r\u00e9seau d\u00e9j\u00e0 substantiel de plus de 1.200 \u00e9tablissements de formation accueillant plus de 600.000 stagiaires chaque ann\u00e9e, que le ministre qualifie de \u00ab\u00a0pierre angulaire du march\u00e9 du travail.\u00a0\u00bb L&rsquo;urgence de cette r\u00e9forme est soulign\u00e9e par les donn\u00e9es de l&rsquo;Organisation internationale du travail (OIT), cit\u00e9es par le ministre, selon lesquelles \u00ab\u00a060% des m\u00e9tiers de l&rsquo;avenir requi\u00e8rent de nouvelles comp\u00e9tences technologiques et professionnelles.\u00a0\u00bb Face \u00e0 ce constat, la modernisation du syst\u00e8me de formation professionnelle devient une priorit\u00e9 nationale. Pour r\u00e9pondre \u00e0 ces d\u00e9fis, huit ateliers th\u00e9matiques ont \u00e9t\u00e9 programm\u00e9s durant ces assises de deux jours. Ces ateliers couvrent des aspects essentiels tels que l&rsquo;adaptation de la formation aux besoins du march\u00e9 du travail, l&rsquo;am\u00e9lioration de l&#8217;employabilit\u00e9 et l&rsquo;ing\u00e9nierie p\u00e9dagogique. La num\u00e9risation occupe une place centrale dans cette r\u00e9forme, avec un objectif ambitieux annonc\u00e9 par le ministre : \u00ab\u00a0une rentr\u00e9e professionnelle, f\u00e9vrier prochain, sans papier.\u00a0\u00bb Les travaux portent \u00e9galement sur la r\u00e9forme du cadre juridique et r\u00e9glementaire, visant \u00e0 assurer une meilleure gouvernance et des proc\u00e9dures plus flexibles. L&rsquo;am\u00e9lioration des conditions de formation et l&rsquo;\u00e9tablissement de normes de qualit\u00e9 pour les \u00e9tablissements constituent d&rsquo;autres axes prioritaires, tout comme l&rsquo;encouragement des soci\u00e9t\u00e9s priv\u00e9es de formation et la promotion de la formation continue. Selon le ministre, ces assises repr\u00e9sentent \u00ab\u00a0une v\u00e9ritable opportunit\u00e9 de transformer le secteur de la formation professionnelle pour en faire un moteur essentiel de l&rsquo;\u00e9conomie nationale.\u00a0\u00bb Il reconna\u00eet n\u00e9anmoins que \u00ab\u00a0les d\u00e9fis sont immenses\u00a0\u00bb et n\u00e9cessitent la mise en place de \u00ab\u00a0plans strat\u00e9giques solides pour cr\u00e9er de meilleures opportunit\u00e9s en faveur des jeunes et soutenir, ainsi, la croissance durable de l&rsquo;\u00e9conomie nationale.\u00a0\u00bb<\/p>\n\n\n\n<p>&nbsp;Cette refonte du syst\u00e8me de formation professionnelle s&rsquo;inscrit dans une d\u00e9marche plus large de modernisation de l&rsquo;\u00e9conomie alg\u00e9rienne, visant \u00e0 r\u00e9pondre aux d\u00e9fis de la quatri\u00e8me r\u00e9volution industrielle tout en assurant une meilleure insertion professionnelle des jeunes.<\/p>\n\n\n\n<p>Lyna Larbi<\/p>\n","protected":false},"excerpt":{"rendered":"<p>Dans un contexte de mutations technologiques profondes et d&rsquo;\u00e9volution rapide du march\u00e9 du travail, l&rsquo;Alg\u00e9rie engage une r\u00e9forme majeure de<\/p>\n","protected":false},"author":6,"featured_media":20594,"comment_status":"open","ping_status":"closed","sticky":false,"template":"","format":"standard","meta":{"colormag_page_container_layout":"default_layout","colormag_page_sidebar_layout":"default_layout","om_disable_all_campaigns":false,"_monsterinsights_skip_tracking":false,"_monsterinsights_sitenote_active":false,"_monsterinsights_sitenote_note":"","_monsterinsights_sitenote_category":0,"footnotes":"","_wpscppro_dont_share_socialmedia":false,"_wpscppro_custom_social_share_image":0,"_facebook_share_type":"default","_twitter_share_type":"default","_linkedin_share_type":"default","_pinterest_share_type":"default","_linkedin_share_type_page":"","_instagram_share_type":"default","_medium_share_type":"default","_threads_share_type":"","_google_business_share_type":"","_selected_social_profile":[],"_wpsp_enable_custom_social_template":false,"_wpsp_social_scheduling":{"enabled":false,"datetime":null,"platforms":[],"status":"template_only","dateOption":"today","timeOption":"now","customDays":"","customHours":"","customDate":"","customTime":"","schedulingType":"absolute"},"_wpsp_active_default_template":true},"categories":[27],"tags":[],"class_list":["post-60731","post","type-post","status-publish","format-standard","has-post-thumbnail","hentry","category-actualite"],"aioseo_notices":[],"yoast_head":"<!-- This site is optimized with the Yoast SEO plugin v27.5 - https:\/\/yoast.com\/product\/yoast-seo-wordpress\/ -->\n<title>Formation Professionnelle : Une feuille de route pour s\u2019adapter au march\u00e9 du travail - La Sentinelle<\/title>\n<meta name=\"robots\" content=\"index, follow, max-snippet:-1, max-image-preview:large, max-video-preview:-1\" \/>\n<link rel=\"canonical\" href=\"https:\/\/lasentinelle.dz\/index.php\/2024\/12\/22\/formation-professionnelle-une-feuille-de-route-pour-sadapter-au-marche-du-travail\/\" \/>\n<meta property=\"og:locale\" content=\"fr_FR\" \/>\n<meta property=\"og:type\" content=\"article\" \/>\n<meta property=\"og:title\" content=\"Formation Professionnelle : Une feuille de route pour s\u2019adapter au march\u00e9 du travail - La Sentinelle\" \/>\n<meta property=\"og:description\" content=\"Dans un contexte de mutations technologiques profondes et d&rsquo;\u00e9volution rapide du march\u00e9 du travail, l&rsquo;Alg\u00e9rie engage une r\u00e9forme majeure de\" \/>\n<meta property=\"og:url\" content=\"https:\/\/lasentinelle.dz\/index.php\/2024\/12\/22\/formation-professionnelle-une-feuille-de-route-pour-sadapter-au-marche-du-travail\/\" \/>\n<meta property=\"og:site_name\" content=\"La Sentinelle\" \/>\n<meta property=\"article:publisher\" content=\"https:\/\/www.facebook.com\/La-Sentinelle-104059864394773\" \/>\n<meta property=\"article:published_time\" content=\"2024-12-22T09:48:53+00:00\" \/>\n<meta property=\"og:image\" content=\"https:\/\/lasentinelle.dz\/wp-content\/uploads\/2022\/05\/Oualid.png\" \/>\n\t<meta property=\"og:image:width\" content=\"862\" \/>\n\t<meta property=\"og:image:height\" content=\"600\" \/>\n\t<meta property=\"og:image:type\" content=\"image\/png\" \/>\n<meta name=\"author\" content=\"admin\" \/>\n<meta name=\"twitter:card\" content=\"summary_large_image\" \/>\n<meta name=\"twitter:label1\" content=\"\u00c9crit par\" \/>\n\t<meta name=\"twitter:data1\" content=\"admin\" \/>\n\t<meta name=\"twitter:label2\" content=\"Dur\u00e9e de lecture estim\u00e9e\" \/>\n\t<meta name=\"twitter:data2\" content=\"3 minutes\" \/>\n<script type=\"application\/ld+json\" class=\"yoast-schema-graph\">{\"@context\":\"https:\\\/\\\/schema.org\",\"@graph\":[{\"@type\":\"Article\",\"@id\":\"https:\\\/\\\/lasentinelle.dz\\\/index.php\\\/2024\\\/12\\\/22\\\/formation-professionnelle-une-feuille-de-route-pour-sadapter-au-marche-du-travail\\\/#article\",\"isPartOf\":{\"@id\":\"https:\\\/\\\/lasentinelle.dz\\\/index.php\\\/2024\\\/12\\\/22\\\/formation-professionnelle-une-feuille-de-route-pour-sadapter-au-marche-du-travail\\\/\"},\"author\":{\"name\":\"admin\",\"@id\":\"https:\\\/\\\/lasentinelle.dz\\\/#\\\/schema\\\/person\\\/729ee0024f24e0b8c5ec17232f8e8b41\"},\"headline\":\"Formation Professionnelle : Une feuille de route pour s\u2019adapter au march\u00e9 du travail\",\"datePublished\":\"2024-12-22T09:48:53+00:00\",\"mainEntityOfPage\":{\"@id\":\"https:\\\/\\\/lasentinelle.dz\\\/index.php\\\/2024\\\/12\\\/22\\\/formation-professionnelle-une-feuille-de-route-pour-sadapter-au-marche-du-travail\\\/\"},\"wordCount\":485,\"commentCount\":0,\"publisher\":{\"@id\":\"https:\\\/\\\/lasentinelle.dz\\\/#organization\"},\"image\":{\"@id\":\"https:\\\/\\\/lasentinelle.dz\\\/index.php\\\/2024\\\/12\\\/22\\\/formation-professionnelle-une-feuille-de-route-pour-sadapter-au-marche-du-travail\\\/#primaryimage\"},\"thumbnailUrl\":\"https:\\\/\\\/lasentinelle.dz\\\/wp-content\\\/uploads\\\/2022\\\/05\\\/Oualid.png\",\"articleSection\":[\"Actualit\u00e9\"],\"inLanguage\":\"fr-FR\",\"potentialAction\":[{\"@type\":\"CommentAction\",\"name\":\"Comment\",\"target\":[\"https:\\\/\\\/lasentinelle.dz\\\/index.php\\\/2024\\\/12\\\/22\\\/formation-professionnelle-une-feuille-de-route-pour-sadapter-au-marche-du-travail\\\/#respond\"]}]},{\"@type\":\"WebPage\",\"@id\":\"https:\\\/\\\/lasentinelle.dz\\\/index.php\\\/2024\\\/12\\\/22\\\/formation-professionnelle-une-feuille-de-route-pour-sadapter-au-marche-du-travail\\\/\",\"url\":\"https:\\\/\\\/lasentinelle.dz\\\/index.php\\\/2024\\\/12\\\/22\\\/formation-professionnelle-une-feuille-de-route-pour-sadapter-au-marche-du-travail\\\/\",\"name\":\"Formation Professionnelle : Une feuille de route pour s\u2019adapter au march\u00e9 du travail - La Sentinelle\",\"isPartOf\":{\"@id\":\"https:\\\/\\\/lasentinelle.dz\\\/#website\"},\"primaryImageOfPage\":{\"@id\":\"https:\\\/\\\/lasentinelle.dz\\\/index.php\\\/2024\\\/12\\\/22\\\/formation-professionnelle-une-feuille-de-route-pour-sadapter-au-marche-du-travail\\\/#primaryimage\"},\"image\":{\"@id\":\"https:\\\/\\\/lasentinelle.dz\\\/index.php\\\/2024\\\/12\\\/22\\\/formation-professionnelle-une-feuille-de-route-pour-sadapter-au-marche-du-travail\\\/#primaryimage\"},\"thumbnailUrl\":\"https:\\\/\\\/lasentinelle.dz\\\/wp-content\\\/uploads\\\/2022\\\/05\\\/Oualid.png\",\"datePublished\":\"2024-12-22T09:48:53+00:00\",\"breadcrumb\":{\"@id\":\"https:\\\/\\\/lasentinelle.dz\\\/index.php\\\/2024\\\/12\\\/22\\\/formation-professionnelle-une-feuille-de-route-pour-sadapter-au-marche-du-travail\\\/#breadcrumb\"},\"inLanguage\":\"fr-FR\",\"potentialAction\":[{\"@type\":\"ReadAction\",\"target\":[\"https:\\\/\\\/lasentinelle.dz\\\/index.php\\\/2024\\\/12\\\/22\\\/formation-professionnelle-une-feuille-de-route-pour-sadapter-au-marche-du-travail\\\/\"]}]},{\"@type\":\"ImageObject\",\"inLanguage\":\"fr-FR\",\"@id\":\"https:\\\/\\\/lasentinelle.dz\\\/index.php\\\/2024\\\/12\\\/22\\\/formation-professionnelle-une-feuille-de-route-pour-sadapter-au-marche-du-travail\\\/#primaryimage\",\"url\":\"https:\\\/\\\/lasentinelle.dz\\\/wp-content\\\/uploads\\\/2022\\\/05\\\/Oualid.png\",\"contentUrl\":\"https:\\\/\\\/lasentinelle.dz\\\/wp-content\\\/uploads\\\/2022\\\/05\\\/Oualid.png\",\"width\":862,\"height\":600},{\"@type\":\"BreadcrumbList\",\"@id\":\"https:\\\/\\\/lasentinelle.dz\\\/index.php\\\/2024\\\/12\\\/22\\\/formation-professionnelle-une-feuille-de-route-pour-sadapter-au-marche-du-travail\\\/#breadcrumb\",\"itemListElement\":[{\"@type\":\"ListItem\",\"position\":1,\"name\":\"Accueil\",\"item\":\"https:\\\/\\\/lasentinelle.dz\\\/\"},{\"@type\":\"ListItem\",\"position\":2,\"name\":\"Formation Professionnelle : Une feuille de route pour s\u2019adapter au march\u00e9 du travail\"}]},{\"@type\":\"WebSite\",\"@id\":\"https:\\\/\\\/lasentinelle.dz\\\/#website\",\"url\":\"https:\\\/\\\/lasentinelle.dz\\\/\",\"name\":\"La Sentinelle\",\"description\":\"Quotidien national d&#039;information\",\"publisher\":{\"@id\":\"https:\\\/\\\/lasentinelle.dz\\\/#organization\"},\"potentialAction\":[{\"@type\":\"SearchAction\",\"target\":{\"@type\":\"EntryPoint\",\"urlTemplate\":\"https:\\\/\\\/lasentinelle.dz\\\/?s={search_term_string}\"},\"query-input\":{\"@type\":\"PropertyValueSpecification\",\"valueRequired\":true,\"valueName\":\"search_term_string\"}}],\"inLanguage\":\"fr-FR\"},{\"@type\":\"Organization\",\"@id\":\"https:\\\/\\\/lasentinelle.dz\\\/#organization\",\"name\":\"Quotidien La Sentinelle\",\"url\":\"https:\\\/\\\/lasentinelle.dz\\\/\",\"logo\":{\"@type\":\"ImageObject\",\"inLanguage\":\"fr-FR\",\"@id\":\"https:\\\/\\\/lasentinelle.dz\\\/#\\\/schema\\\/logo\\\/image\\\/\",\"url\":\"https:\\\/\\\/lasentinelle.dz\\\/wp-content\\\/uploads\\\/2021\\\/09\\\/logo-sentinelleSLOGAN-1.png\",\"contentUrl\":\"https:\\\/\\\/lasentinelle.dz\\\/wp-content\\\/uploads\\\/2021\\\/09\\\/logo-sentinelleSLOGAN-1.png\",\"width\":615,\"height\":142,\"caption\":\"Quotidien La Sentinelle\"},\"image\":{\"@id\":\"https:\\\/\\\/lasentinelle.dz\\\/#\\\/schema\\\/logo\\\/image\\\/\"},\"sameAs\":[\"https:\\\/\\\/www.facebook.com\\\/La-Sentinelle-104059864394773\"]},{\"@type\":\"Person\",\"@id\":\"https:\\\/\\\/lasentinelle.dz\\\/#\\\/schema\\\/person\\\/729ee0024f24e0b8c5ec17232f8e8b41\",\"name\":\"admin\",\"image\":{\"@type\":\"ImageObject\",\"inLanguage\":\"fr-FR\",\"@id\":\"https:\\\/\\\/secure.gravatar.com\\\/avatar\\\/4c81fed838786e9b53f540bf46533e750f5d292099ae3b66cfc6fb1982e29df7?s=96&d=mm&r=g\",\"url\":\"https:\\\/\\\/secure.gravatar.com\\\/avatar\\\/4c81fed838786e9b53f540bf46533e750f5d292099ae3b66cfc6fb1982e29df7?s=96&d=mm&r=g\",\"contentUrl\":\"https:\\\/\\\/secure.gravatar.com\\\/avatar\\\/4c81fed838786e9b53f540bf46533e750f5d292099ae3b66cfc6fb1982e29df7?s=96&d=mm&r=g\",\"caption\":\"admin\"},\"description\":\"admin\",\"url\":\"https:\\\/\\\/lasentinelle.dz\\\/author\\\/admin\\\/\"}]}<\/script>\n<!-- \/ Yoast SEO plugin. -->","yoast_head_json":{"title":"Formation Professionnelle : Une feuille de route pour s\u2019adapter au march\u00e9 du travail - La Sentinelle","robots":{"index":"index","follow":"follow","max-snippet":"max-snippet:-1","max-image-preview":"max-image-preview:large","max-video-preview":"max-video-preview:-1"},"canonical":"https:\/\/lasentinelle.dz\/index.php\/2024\/12\/22\/formation-professionnelle-une-feuille-de-route-pour-sadapter-au-marche-du-travail\/","og_locale":"fr_FR","og_type":"article","og_title":"Formation Professionnelle : Une feuille de route pour s\u2019adapter au march\u00e9 du travail - La Sentinelle","og_description":"Dans un contexte de mutations technologiques profondes et d&rsquo;\u00e9volution rapide du march\u00e9 du travail, l&rsquo;Alg\u00e9rie engage une r\u00e9forme majeure de","og_url":"https:\/\/lasentinelle.dz\/index.php\/2024\/12\/22\/formation-professionnelle-une-feuille-de-route-pour-sadapter-au-marche-du-travail\/","og_site_name":"La Sentinelle","article_publisher":"https:\/\/www.facebook.com\/La-Sentinelle-104059864394773","article_published_time":"2024-12-22T09:48:53+00:00","og_image":[{"width":862,"height":600,"url":"https:\/\/lasentinelle.dz\/wp-content\/uploads\/2022\/05\/Oualid.png","type":"image\/png"}],"author":"admin","twitter_card":"summary_large_image","twitter_misc":{"\u00c9crit par":"admin","Dur\u00e9e de lecture estim\u00e9e":"3 minutes"},"schema":{"@context":"https:\/\/schema.org","@graph":[{"@type":"Article","@id":"https:\/\/lasentinelle.dz\/index.php\/2024\/12\/22\/formation-professionnelle-une-feuille-de-route-pour-sadapter-au-marche-du-travail\/#article","isPartOf":{"@id":"https:\/\/lasentinelle.dz\/index.php\/2024\/12\/22\/formation-professionnelle-une-feuille-de-route-pour-sadapter-au-marche-du-travail\/"},"author":{"name":"admin","@id":"https:\/\/lasentinelle.dz\/#\/schema\/person\/729ee0024f24e0b8c5ec17232f8e8b41"},"headline":"Formation Professionnelle : Une feuille de route pour s\u2019adapter au march\u00e9 du travail","datePublished":"2024-12-22T09:48:53+00:00","mainEntityOfPage":{"@id":"https:\/\/lasentinelle.dz\/index.php\/2024\/12\/22\/formation-professionnelle-une-feuille-de-route-pour-sadapter-au-marche-du-travail\/"},"wordCount":485,"commentCount":0,"publisher":{"@id":"https:\/\/lasentinelle.dz\/#organization"},"image":{"@id":"https:\/\/lasentinelle.dz\/index.php\/2024\/12\/22\/formation-professionnelle-une-feuille-de-route-pour-sadapter-au-marche-du-travail\/#primaryimage"},"thumbnailUrl":"https:\/\/lasentinelle.dz\/wp-content\/uploads\/2022\/05\/Oualid.png","articleSection":["Actualit\u00e9"],"inLanguage":"fr-FR","potentialAction":[{"@type":"CommentAction","name":"Comment","target":["https:\/\/lasentinelle.dz\/index.php\/2024\/12\/22\/formation-professionnelle-une-feuille-de-route-pour-sadapter-au-marche-du-travail\/#respond"]}]},{"@type":"WebPage","@id":"https:\/\/lasentinelle.dz\/index.php\/2024\/12\/22\/formation-professionnelle-une-feuille-de-route-pour-sadapter-au-marche-du-travail\/","url":"https:\/\/lasentinelle.dz\/index.php\/2024\/12\/22\/formation-professionnelle-une-feuille-de-route-pour-sadapter-au-marche-du-travail\/","name":"Formation Professionnelle : Une feuille de route pour s\u2019adapter au march\u00e9 du travail - La Sentinelle","isPartOf":{"@id":"https:\/\/lasentinelle.dz\/#website"},"primaryImageOfPage":{"@id":"https:\/\/lasentinelle.dz\/index.php\/2024\/12\/22\/formation-professionnelle-une-feuille-de-route-pour-sadapter-au-marche-du-travail\/#primaryimage"},"image":{"@id":"https:\/\/lasentinelle.dz\/index.php\/2024\/12\/22\/formation-professionnelle-une-feuille-de-route-pour-sadapter-au-marche-du-travail\/#primaryimage"},"thumbnailUrl":"https:\/\/lasentinelle.dz\/wp-content\/uploads\/2022\/05\/Oualid.png","datePublished":"2024-12-22T09:48:53+00:00","breadcrumb":{"@id":"https:\/\/lasentinelle.dz\/index.php\/2024\/12\/22\/formation-professionnelle-une-feuille-de-route-pour-sadapter-au-marche-du-travail\/#breadcrumb"},"inLanguage":"fr-FR","potentialAction":[{"@type":"ReadAction","target":["https:\/\/lasentinelle.dz\/index.php\/2024\/12\/22\/formation-professionnelle-une-feuille-de-route-pour-sadapter-au-marche-du-travail\/"]}]},{"@type":"ImageObject","inLanguage":"fr-FR","@id":"https:\/\/lasentinelle.dz\/index.php\/2024\/12\/22\/formation-professionnelle-une-feuille-de-route-pour-sadapter-au-marche-du-travail\/#primaryimage","url":"https:\/\/lasentinelle.dz\/wp-content\/uploads\/2022\/05\/Oualid.png","contentUrl":"https:\/\/lasentinelle.dz\/wp-content\/uploads\/2022\/05\/Oualid.png","width":862,"height":600},{"@type":"BreadcrumbList","@id":"https:\/\/lasentinelle.dz\/index.php\/2024\/12\/22\/formation-professionnelle-une-feuille-de-route-pour-sadapter-au-marche-du-travail\/#breadcrumb","itemListElement":[{"@type":"ListItem","position":1,"name":"Accueil","item":"https:\/\/lasentinelle.dz\/"},{"@type":"ListItem","position":2,"name":"Formation Professionnelle : Une feuille de route pour s\u2019adapter au march\u00e9 du travail"}]},{"@type":"WebSite","@id":"https:\/\/lasentinelle.dz\/#website","url":"https:\/\/lasentinelle.dz\/","name":"La Sentinelle","description":"Quotidien national d&#039;information","publisher":{"@id":"https:\/\/lasentinelle.dz\/#organization"},"potentialAction":[{"@type":"SearchAction","target":{"@type":"EntryPoint","urlTemplate":"https:\/\/lasentinelle.dz\/?s={search_term_string}"},"query-input":{"@type":"PropertyValueSpecification","valueRequired":true,"valueName":"search_term_string"}}],"inLanguage":"fr-FR"},{"@type":"Organization","@id":"https:\/\/lasentinelle.dz\/#organization","name":"Quotidien La Sentinelle","url":"https:\/\/lasentinelle.dz\/","logo":{"@type":"ImageObject","inLanguage":"fr-FR","@id":"https:\/\/lasentinelle.dz\/#\/schema\/logo\/image\/","url":"https:\/\/lasentinelle.dz\/wp-content\/uploads\/2021\/09\/logo-sentinelleSLOGAN-1.png","contentUrl":"https:\/\/lasentinelle.dz\/wp-content\/uploads\/2021\/09\/logo-sentinelleSLOGAN-1.png","width":615,"height":142,"caption":"Quotidien La Sentinelle"},"image":{"@id":"https:\/\/lasentinelle.dz\/#\/schema\/logo\/image\/"},"sameAs":["https:\/\/www.facebook.com\/La-Sentinelle-104059864394773"]},{"@type":"Person","@id":"https:\/\/lasentinelle.dz\/#\/schema\/person\/729ee0024f24e0b8c5ec17232f8e8b41","name":"admin","image":{"@type":"ImageObject","inLanguage":"fr-FR","@id":"https:\/\/secure.gravatar.com\/avatar\/4c81fed838786e9b53f540bf46533e750f5d292099ae3b66cfc6fb1982e29df7?s=96&d=mm&r=g","url":"https:\/\/secure.gravatar.com\/avatar\/4c81fed838786e9b53f540bf46533e750f5d292099ae3b66cfc6fb1982e29df7?s=96&d=mm&r=g","contentUrl":"https:\/\/secure.gravatar.com\/avatar\/4c81fed838786e9b53f540bf46533e750f5d292099ae3b66cfc6fb1982e29df7?s=96&d=mm&r=g","caption":"admin"},"description":"admin","url":"https:\/\/lasentinelle.dz\/author\/admin\/"}]}},"_links":{"self":[{"href":"https:\/\/lasentinelle.dz\/index.php\/wp-json\/wp\/v2\/posts\/60731","targetHints":{"allow":["GET"]}}],"collection":[{"href":"https:\/\/lasentinelle.dz\/index.php\/wp-json\/wp\/v2\/posts"}],"about":[{"href":"https:\/\/lasentinelle.dz\/index.php\/wp-json\/wp\/v2\/types\/post"}],"author":[{"embeddable":true,"href":"https:\/\/lasentinelle.dz\/index.php\/wp-json\/wp\/v2\/users\/6"}],"replies":[{"embeddable":true,"href":"https:\/\/lasentinelle.dz\/index.php\/wp-json\/wp\/v2\/comments?post=60731"}],"version-history":[{"count":1,"href":"https:\/\/lasentinelle.dz\/index.php\/wp-json\/wp\/v2\/posts\/60731\/revisions"}],"predecessor-version":[{"id":60732,"href":"https:\/\/lasentinelle.dz\/index.php\/wp-json\/wp\/v2\/posts\/60731\/revisions\/60732"}],"wp:featuredmedia":[{"embeddable":true,"href":"https:\/\/lasentinelle.dz\/index.php\/wp-json\/wp\/v2\/media\/20594"}],"wp:attachment":[{"href":"https:\/\/lasentinelle.dz\/index.php\/wp-json\/wp\/v2\/media?parent=60731"}],"wp:term":[{"taxonomy":"category","embeddable":true,"href":"https:\/\/lasentinelle.dz\/index.php\/wp-json\/wp\/v2\/categories?post=60731"},{"taxonomy":"post_tag","embeddable":true,"href":"https:\/\/lasentinelle.dz\/index.php\/wp-json\/wp\/v2\/tags?post=60731"}],"curies":[{"name":"wp","href":"https:\/\/api.w.org\/{rel}","templated":true}]}}