{"id":60759,"date":"2024-12-22T11:00:40","date_gmt":"2024-12-22T10:00:40","guid":{"rendered":"https:\/\/lasentinelle.dz\/?p=60759"},"modified":"2024-12-22T11:00:40","modified_gmt":"2024-12-22T10:00:40","slug":"les-ambitions-economiques-de-tebboune","status":"publish","type":"post","link":"https:\/\/lasentinelle.dz\/index.php\/2024\/12\/22\/les-ambitions-economiques-de-tebboune\/","title":{"rendered":"Les ambitions \u00e9conomiques de Tebboune"},"content":{"rendered":"\n<p>En inaugurant la 32e \u00e9dition de la Foire de la production alg\u00e9rienne jeudi, le pr\u00e9sident de la R\u00e9publique, Abdelmadjid Tebboune, a d\u00e9voil\u00e9 une vision ambitieuse pour l&rsquo;\u00e9conomie alg\u00e9rienne, articul\u00e9e autour de la production nationale et de l&rsquo;innovation. Cette manifestation, qui se tient du 19 au 28 d\u00e9cembre sous le slogan \u00ab\u00a0Notre production, pilier de notre souverainet\u00e9\u00a0\u00bb, r\u00e9unit 603 exposants, dont 84 exportateurs, t\u00e9moignant du dynamisme croissant du secteur productif alg\u00e9rien.<\/p>\n\n\n\n<p>Les chiffres pr\u00e9sent\u00e9s par le ministre du Commerce int\u00e9rieur et de la R\u00e9gulation du march\u00e9 national, Tayeb Zitouni, illustrent l&rsquo;ampleur de la transformation \u00e9conomique en cours : l&rsquo;Alg\u00e9rie compte d\u00e9sormais plus de 1,65 million d&rsquo;entreprises de production et de services immatricul\u00e9es au registre de commerce, ainsi que 186.725 op\u00e9rateurs \u00e9conomiques \u00e0 l&rsquo;\u00e9chelle nationale, parmi lesquels plus de 1.800 exportateurs permanents. Au cours de sa visite, le Pr\u00e9sident Tebboune a soulign\u00e9 les avanc\u00e9es r\u00e9alis\u00e9es source de fiert\u00e9 nationale, mais insist\u00e9 sur la n\u00e9cessit\u00e9 de voire plus grand. Il a particuli\u00e8rement mis en avant l&rsquo;excellence de l&rsquo;industrie militaire, qu&rsquo;il a qualifi\u00e9e de \u00ab\u00a0mod\u00e8le \u00e0 suivre et de locomotive de l&rsquo;industrie nationale\u00a0\u00bb. Cette reconnaissance s&rsquo;accompagne d&rsquo;une vision inclusive du tissu industriel national, le pr\u00e9sident de la R\u00e9publique soulignant qu&rsquo;il ne fallait \u00ab\u00a0pas faire de distinction entre les entreprises militaires, publiques et priv\u00e9es\u00a0\u00bb, car elles \u00ab\u00a0contribuent toutes \u00e0 la production nationale\u00a0\u00bb. Cette approche unifi\u00e9e semble porter ses fruits, comme en t\u00e9moigne la r\u00e9duction de 40% de la facture des importations, r\u00e9sultat direct de la politique \u00e9tatique d&rsquo;encouragement de la production locale.<\/p>\n\n\n\n<p>Dans le secteur automobile, les ambitions sont tout aussi marqu\u00e9es. Au stand de Fiat, le Pr\u00e9sident Tebboune a expos\u00e9 sa vision d&rsquo;une industrie automobile int\u00e9gr\u00e9e, incluant le d\u00e9veloppement de la sous-traitance pour la fabrication des pi\u00e8ces d\u00e9tach\u00e9es. L&rsquo;objectif affich\u00e9 est ambitieux : porter le taux d&rsquo;int\u00e9gration \u00e0 50%, une cible qui n\u00e9cessitera des investissements cons\u00e9quents et une collaboration \u00e9troite avec des op\u00e9rateurs \u00e9conomiques.<\/p>\n\n\n\n<p>La protection de la production nationale constitue \u00e9galement un axe majeur de la strat\u00e9gie pr\u00e9sidentielle. En t\u00e9moigne la d\u00e9cision de r\u00e9duire progressivement les importations de plaquettes de frein \u00e0 partir de 2025, suite au succ\u00e8s d&rsquo;une entreprise alg\u00e9rienne priv\u00e9e dans ce domaine. Cette mesure illustre la volont\u00e9 de privil\u00e9gier les producteurs locaux capables de r\u00e9pondre aux besoins du march\u00e9 national. L&rsquo;attention particuli\u00e8re port\u00e9e au secteur sid\u00e9rurgique r\u00e9v\u00e8le une approche pragmatique du d\u00e9veloppement industriel. Au stand de la Soci\u00e9t\u00e9 nationale de sid\u00e9rurgie (SNS), le pr\u00e9sident a insist\u00e9 sur l&rsquo;importance \u00ab\u00a0d&rsquo;adapter la production aux besoins du march\u00e9 national, plut\u00f4t que de se concentrer uniquement sur l&rsquo;exportation\u00a0\u00bb, une orientation justifi\u00e9e par l&rsquo;enregistrement de 11.000 nouveaux projets aupr\u00e8s de l&rsquo;Agence alg\u00e9rienne de promotion de l&rsquo;investissement (AAPI). Les infrastructures n&rsquo;ont pas \u00e9t\u00e9 oubli\u00e9es, avec des directives pr\u00e9sidentielles claires concernant la synchronisation des projets miniers avec le d\u00e9veloppement des infrastructures ferroviaires et portuaires, notamment le quai min\u00e9ralier du port d&rsquo;Annaba. Dans le domaine hydraulique, le pr\u00e9sident a fix\u00e9 des \u00e9ch\u00e9ances pr\u00e9cises pour \u00ab\u00a0le lancement progressif de la distribution d&rsquo;eau \u00e0 partir des cinq stations de dessalement en cours de r\u00e9alisation \u00e0 compter de fin f\u00e9vrier 2025\u00a0\u00bb. L&rsquo;engagement environnemental se manifeste \u00e0 travers la directive pr\u00e9sidentielle de g\u00e9n\u00e9raliser progressivement l&rsquo;\u00e9clairage public \u00e0 l&rsquo;\u00e9nergie solaire \u00e0 partir de 2025, particuli\u00e8rement dans les grandes villes, une mesure visant \u00e0 all\u00e9ger la charge financi\u00e8re des communes tout en promouvant les \u00e9nergies renouvelables.<\/p>\n\n\n\n<p><strong>L&rsquo;exportation apr\u00e8s la satisfaction des besoins du march\u00e9 national<\/strong><\/p>\n\n\n\n<p>Le secteur agroalimentaire n&rsquo;\u00e9chappe pas \u00e0 cette vision protectrice du march\u00e9 int\u00e9rieur. Au stand du groupe \u00ab\u00a0La Belle\u00a0\u00bb, le pr\u00e9sident a r\u00e9it\u00e9r\u00e9 sa position : l&rsquo;exportation ne doit intervenir qu&rsquo;apr\u00e8s la satisfaction des besoins du march\u00e9 national. Le succ\u00e8s international de la p\u00e2te \u00e0 tartiner El Mordjene de la soci\u00e9t\u00e9 \u00ab\u00a0CEBON\u00a0\u00bb a suscit\u00e9 la fiert\u00e9 pr\u00e9sidentielle, accompagn\u00e9e d&rsquo;encouragements \u00e0 poursuivre le d\u00e9veloppement avec la production locale de noisettes. L&rsquo;innovation et la jeunesse occupent une place centrale dans cette vision \u00e9conomique. \u00ab\u00a0Je crois en les start-up, car elles repr\u00e9sentent l&rsquo;avenir du pays. Nous avons atteint 9.000 start-up et je m&rsquo;engage \u00e0 porter ce nombre \u00e0 20.000. L&rsquo;Alg\u00e9rien est cr\u00e9atif et s&rsquo;impose partout o\u00f9 il va\u00a0\u00bb, a d\u00e9clar\u00e9 le pr\u00e9sident Tebboune, soulignant que \u00ab\u00a0gr\u00e2ce aux jeunes, il est possible de cr\u00e9er une \u00e9conomie forte, int\u00e8gre et fond\u00e9e sur la connaissance\u00a0\u00bb. Cette confiance s&rsquo;accompagne d&rsquo;actions concr\u00e8tes, avec des instructions pour faciliter la collaboration internationale des startups et l&rsquo;invitation aux grandes entreprises alg\u00e9riennes \u00e0 financer leurs projets et leurs recherches. Dans le secteur pharmaceutique, la strat\u00e9gie pr\u00e9sidentielle vise \u00e0 redynamiser l&rsquo;entreprise publique Saidal, appel\u00e9e \u00e0 augmenter sa part de production sur le march\u00e9 \u00ab\u00a0sans impacter le secteur priv\u00e9\u00a0\u00bb. Cette approche s&rsquo;accompagne d&rsquo;une demande aux m\u00e9decins de privil\u00e9gier la prescription de m\u00e9dicaments disponibles sur le march\u00e9 national. Enfin, la simplification administrative n&rsquo;est pas en reste, avec l&rsquo;objectif d&rsquo;une mise en service du guichet unique avant janvier 2025, une mesure destin\u00e9e \u00e0 faciliter les d\u00e9marches des investisseurs, comme l&rsquo;a soulign\u00e9 le pr\u00e9sident lors de sa visite au stand du Conseil du renouveau \u00e9conomique alg\u00e9rien (CREA). Cette visite pr\u00e9sidentielle \u00e0 la Foire de la production alg\u00e9rienne dessine ainsi les contours d&rsquo;une strat\u00e9gie \u00e9conomique ambitieuse, alliant protection du march\u00e9 int\u00e9rieur, d\u00e9veloppement industriel, transition \u00e9nerg\u00e9tique et innovation technologique, le tout orchestr\u00e9 autour d&rsquo;un objectif central : renforcer la souverainet\u00e9 \u00e9conomique de l&rsquo;Alg\u00e9rie tout en stimulant sa croissance et sa modernisation.<\/p>\n\n\n\n<p>Sabrina Aziouez<\/p>\n\n\n\n<p><\/p>\n","protected":false},"excerpt":{"rendered":"<p>En inaugurant la 32e \u00e9dition de la Foire de la production alg\u00e9rienne jeudi, le pr\u00e9sident de la R\u00e9publique, Abdelmadjid Tebboune,<\/p>\n","protected":false},"author":6,"featured_media":60760,"comment_status":"open","ping_status":"closed","sticky":false,"template":"","format":"standard","meta":{"colormag_page_container_layout":"default_layout","colormag_page_sidebar_layout":"default_layout","om_disable_all_campaigns":false,"_monsterinsights_skip_tracking":false,"_monsterinsights_sitenote_active":false,"_monsterinsights_sitenote_note":"","_monsterinsights_sitenote_category":0,"footnotes":"","_wpscppro_dont_share_socialmedia":false,"_wpscppro_custom_social_share_image":0,"_facebook_share_type":"default","_twitter_share_type":"default","_linkedin_share_type":"default","_pinterest_share_type":"default","_linkedin_share_type_page":"","_instagram_share_type":"default","_medium_share_type":"default","_threads_share_type":"","_google_business_share_type":"","_selected_social_profile":[],"_wpsp_enable_custom_social_template":false,"_wpsp_social_scheduling":{"enabled":false,"datetime":null,"platforms":[],"status":"template_only","dateOption":"today","timeOption":"now","customDays":"","customHours":"","customDate":"","customTime":"","schedulingType":"absolute"},"_wpsp_active_default_template":true},"categories":[52,29],"tags":[],"class_list":["post-60759","post","type-post","status-publish","format-standard","has-post-thumbnail","hentry","category-a-la-une","category-economie"],"aioseo_notices":[],"yoast_head":"<!-- This site is optimized with the Yoast SEO plugin v27.5 - https:\/\/yoast.com\/product\/yoast-seo-wordpress\/ -->\n<title>Les ambitions \u00e9conomiques de Tebboune - La Sentinelle<\/title>\n<meta name=\"robots\" content=\"index, follow, max-snippet:-1, max-image-preview:large, max-video-preview:-1\" \/>\n<link rel=\"canonical\" href=\"https:\/\/lasentinelle.dz\/index.php\/2024\/12\/22\/les-ambitions-economiques-de-tebboune\/\" \/>\n<meta property=\"og:locale\" content=\"fr_FR\" \/>\n<meta property=\"og:type\" content=\"article\" \/>\n<meta property=\"og:title\" content=\"Les ambitions \u00e9conomiques de Tebboune - La Sentinelle\" \/>\n<meta property=\"og:description\" content=\"En inaugurant la 32e \u00e9dition de la Foire de la production alg\u00e9rienne jeudi, le pr\u00e9sident de la R\u00e9publique, Abdelmadjid Tebboune,\" \/>\n<meta property=\"og:url\" content=\"https:\/\/lasentinelle.dz\/index.php\/2024\/12\/22\/les-ambitions-economiques-de-tebboune\/\" \/>\n<meta property=\"og:site_name\" content=\"La Sentinelle\" \/>\n<meta property=\"article:publisher\" content=\"https:\/\/www.facebook.com\/La-Sentinelle-104059864394773\" \/>\n<meta property=\"article:published_time\" content=\"2024-12-22T10:00:40+00:00\" \/>\n<meta property=\"og:image\" content=\"https:\/\/lasentinelle.dz\/wp-content\/uploads\/2024\/12\/Tebboune-foire.jpeg\" \/>\n\t<meta property=\"og:image:width\" content=\"2048\" \/>\n\t<meta property=\"og:image:height\" content=\"1366\" \/>\n\t<meta property=\"og:image:type\" content=\"image\/jpeg\" \/>\n<meta name=\"author\" content=\"admin\" \/>\n<meta name=\"twitter:card\" content=\"summary_large_image\" \/>\n<meta name=\"twitter:label1\" content=\"\u00c9crit par\" \/>\n\t<meta name=\"twitter:data1\" content=\"admin\" \/>\n\t<meta name=\"twitter:label2\" content=\"Dur\u00e9e de lecture estim\u00e9e\" \/>\n\t<meta name=\"twitter:data2\" content=\"5 minutes\" \/>\n<script type=\"application\/ld+json\" class=\"yoast-schema-graph\">{\"@context\":\"https:\\\/\\\/schema.org\",\"@graph\":[{\"@type\":\"Article\",\"@id\":\"https:\\\/\\\/lasentinelle.dz\\\/index.php\\\/2024\\\/12\\\/22\\\/les-ambitions-economiques-de-tebboune\\\/#article\",\"isPartOf\":{\"@id\":\"https:\\\/\\\/lasentinelle.dz\\\/index.php\\\/2024\\\/12\\\/22\\\/les-ambitions-economiques-de-tebboune\\\/\"},\"author\":{\"name\":\"admin\",\"@id\":\"https:\\\/\\\/lasentinelle.dz\\\/#\\\/schema\\\/person\\\/729ee0024f24e0b8c5ec17232f8e8b41\"},\"headline\":\"Les ambitions \u00e9conomiques de Tebboune\",\"datePublished\":\"2024-12-22T10:00:40+00:00\",\"mainEntityOfPage\":{\"@id\":\"https:\\\/\\\/lasentinelle.dz\\\/index.php\\\/2024\\\/12\\\/22\\\/les-ambitions-economiques-de-tebboune\\\/\"},\"wordCount\":1005,\"commentCount\":0,\"publisher\":{\"@id\":\"https:\\\/\\\/lasentinelle.dz\\\/#organization\"},\"image\":{\"@id\":\"https:\\\/\\\/lasentinelle.dz\\\/index.php\\\/2024\\\/12\\\/22\\\/les-ambitions-economiques-de-tebboune\\\/#primaryimage\"},\"thumbnailUrl\":\"https:\\\/\\\/lasentinelle.dz\\\/wp-content\\\/uploads\\\/2024\\\/12\\\/Tebboune-foire.jpeg\",\"articleSection\":[\"\u00c0 la Une\",\"\u00c9conomie\"],\"inLanguage\":\"fr-FR\",\"potentialAction\":[{\"@type\":\"CommentAction\",\"name\":\"Comment\",\"target\":[\"https:\\\/\\\/lasentinelle.dz\\\/index.php\\\/2024\\\/12\\\/22\\\/les-ambitions-economiques-de-tebboune\\\/#respond\"]}]},{\"@type\":\"WebPage\",\"@id\":\"https:\\\/\\\/lasentinelle.dz\\\/index.php\\\/2024\\\/12\\\/22\\\/les-ambitions-economiques-de-tebboune\\\/\",\"url\":\"https:\\\/\\\/lasentinelle.dz\\\/index.php\\\/2024\\\/12\\\/22\\\/les-ambitions-economiques-de-tebboune\\\/\",\"name\":\"Les ambitions \u00e9conomiques de Tebboune - La Sentinelle\",\"isPartOf\":{\"@id\":\"https:\\\/\\\/lasentinelle.dz\\\/#website\"},\"primaryImageOfPage\":{\"@id\":\"https:\\\/\\\/lasentinelle.dz\\\/index.php\\\/2024\\\/12\\\/22\\\/les-ambitions-economiques-de-tebboune\\\/#primaryimage\"},\"image\":{\"@id\":\"https:\\\/\\\/lasentinelle.dz\\\/index.php\\\/2024\\\/12\\\/22\\\/les-ambitions-economiques-de-tebboune\\\/#primaryimage\"},\"thumbnailUrl\":\"https:\\\/\\\/lasentinelle.dz\\\/wp-content\\\/uploads\\\/2024\\\/12\\\/Tebboune-foire.jpeg\",\"datePublished\":\"2024-12-22T10:00:40+00:00\",\"breadcrumb\":{\"@id\":\"https:\\\/\\\/lasentinelle.dz\\\/index.php\\\/2024\\\/12\\\/22\\\/les-ambitions-economiques-de-tebboune\\\/#breadcrumb\"},\"inLanguage\":\"fr-FR\",\"potentialAction\":[{\"@type\":\"ReadAction\",\"target\":[\"https:\\\/\\\/lasentinelle.dz\\\/index.php\\\/2024\\\/12\\\/22\\\/les-ambitions-economiques-de-tebboune\\\/\"]}]},{\"@type\":\"ImageObject\",\"inLanguage\":\"fr-FR\",\"@id\":\"https:\\\/\\\/lasentinelle.dz\\\/index.php\\\/2024\\\/12\\\/22\\\/les-ambitions-economiques-de-tebboune\\\/#primaryimage\",\"url\":\"https:\\\/\\\/lasentinelle.dz\\\/wp-content\\\/uploads\\\/2024\\\/12\\\/Tebboune-foire.jpeg\",\"contentUrl\":\"https:\\\/\\\/lasentinelle.dz\\\/wp-content\\\/uploads\\\/2024\\\/12\\\/Tebboune-foire.jpeg\",\"width\":2048,\"height\":1366},{\"@type\":\"BreadcrumbList\",\"@id\":\"https:\\\/\\\/lasentinelle.dz\\\/index.php\\\/2024\\\/12\\\/22\\\/les-ambitions-economiques-de-tebboune\\\/#breadcrumb\",\"itemListElement\":[{\"@type\":\"ListItem\",\"position\":1,\"name\":\"Accueil\",\"item\":\"https:\\\/\\\/lasentinelle.dz\\\/\"},{\"@type\":\"ListItem\",\"position\":2,\"name\":\"Les ambitions \u00e9conomiques de Tebboune\"}]},{\"@type\":\"WebSite\",\"@id\":\"https:\\\/\\\/lasentinelle.dz\\\/#website\",\"url\":\"https:\\\/\\\/lasentinelle.dz\\\/\",\"name\":\"La Sentinelle\",\"description\":\"Quotidien national d&#039;information\",\"publisher\":{\"@id\":\"https:\\\/\\\/lasentinelle.dz\\\/#organization\"},\"potentialAction\":[{\"@type\":\"SearchAction\",\"target\":{\"@type\":\"EntryPoint\",\"urlTemplate\":\"https:\\\/\\\/lasentinelle.dz\\\/?s={search_term_string}\"},\"query-input\":{\"@type\":\"PropertyValueSpecification\",\"valueRequired\":true,\"valueName\":\"search_term_string\"}}],\"inLanguage\":\"fr-FR\"},{\"@type\":\"Organization\",\"@id\":\"https:\\\/\\\/lasentinelle.dz\\\/#organization\",\"name\":\"Quotidien La Sentinelle\",\"url\":\"https:\\\/\\\/lasentinelle.dz\\\/\",\"logo\":{\"@type\":\"ImageObject\",\"inLanguage\":\"fr-FR\",\"@id\":\"https:\\\/\\\/lasentinelle.dz\\\/#\\\/schema\\\/logo\\\/image\\\/\",\"url\":\"https:\\\/\\\/lasentinelle.dz\\\/wp-content\\\/uploads\\\/2021\\\/09\\\/logo-sentinelleSLOGAN-1.png\",\"contentUrl\":\"https:\\\/\\\/lasentinelle.dz\\\/wp-content\\\/uploads\\\/2021\\\/09\\\/logo-sentinelleSLOGAN-1.png\",\"width\":615,\"height\":142,\"caption\":\"Quotidien La Sentinelle\"},\"image\":{\"@id\":\"https:\\\/\\\/lasentinelle.dz\\\/#\\\/schema\\\/logo\\\/image\\\/\"},\"sameAs\":[\"https:\\\/\\\/www.facebook.com\\\/La-Sentinelle-104059864394773\"]},{\"@type\":\"Person\",\"@id\":\"https:\\\/\\\/lasentinelle.dz\\\/#\\\/schema\\\/person\\\/729ee0024f24e0b8c5ec17232f8e8b41\",\"name\":\"admin\",\"image\":{\"@type\":\"ImageObject\",\"inLanguage\":\"fr-FR\",\"@id\":\"https:\\\/\\\/secure.gravatar.com\\\/avatar\\\/4c81fed838786e9b53f540bf46533e750f5d292099ae3b66cfc6fb1982e29df7?s=96&d=mm&r=g\",\"url\":\"https:\\\/\\\/secure.gravatar.com\\\/avatar\\\/4c81fed838786e9b53f540bf46533e750f5d292099ae3b66cfc6fb1982e29df7?s=96&d=mm&r=g\",\"contentUrl\":\"https:\\\/\\\/secure.gravatar.com\\\/avatar\\\/4c81fed838786e9b53f540bf46533e750f5d292099ae3b66cfc6fb1982e29df7?s=96&d=mm&r=g\",\"caption\":\"admin\"},\"description\":\"admin\",\"url\":\"https:\\\/\\\/lasentinelle.dz\\\/author\\\/admin\\\/\"}]}<\/script>\n<!-- \/ Yoast SEO plugin. -->","yoast_head_json":{"title":"Les ambitions \u00e9conomiques de Tebboune - La Sentinelle","robots":{"index":"index","follow":"follow","max-snippet":"max-snippet:-1","max-image-preview":"max-image-preview:large","max-video-preview":"max-video-preview:-1"},"canonical":"https:\/\/lasentinelle.dz\/index.php\/2024\/12\/22\/les-ambitions-economiques-de-tebboune\/","og_locale":"fr_FR","og_type":"article","og_title":"Les ambitions \u00e9conomiques de Tebboune - La Sentinelle","og_description":"En inaugurant la 32e \u00e9dition de la Foire de la production alg\u00e9rienne jeudi, le pr\u00e9sident de la R\u00e9publique, Abdelmadjid Tebboune,","og_url":"https:\/\/lasentinelle.dz\/index.php\/2024\/12\/22\/les-ambitions-economiques-de-tebboune\/","og_site_name":"La Sentinelle","article_publisher":"https:\/\/www.facebook.com\/La-Sentinelle-104059864394773","article_published_time":"2024-12-22T10:00:40+00:00","og_image":[{"width":2048,"height":1366,"url":"https:\/\/lasentinelle.dz\/wp-content\/uploads\/2024\/12\/Tebboune-foire.jpeg","type":"image\/jpeg"}],"author":"admin","twitter_card":"summary_large_image","twitter_misc":{"\u00c9crit par":"admin","Dur\u00e9e de lecture estim\u00e9e":"5 minutes"},"schema":{"@context":"https:\/\/schema.org","@graph":[{"@type":"Article","@id":"https:\/\/lasentinelle.dz\/index.php\/2024\/12\/22\/les-ambitions-economiques-de-tebboune\/#article","isPartOf":{"@id":"https:\/\/lasentinelle.dz\/index.php\/2024\/12\/22\/les-ambitions-economiques-de-tebboune\/"},"author":{"name":"admin","@id":"https:\/\/lasentinelle.dz\/#\/schema\/person\/729ee0024f24e0b8c5ec17232f8e8b41"},"headline":"Les ambitions \u00e9conomiques de Tebboune","datePublished":"2024-12-22T10:00:40+00:00","mainEntityOfPage":{"@id":"https:\/\/lasentinelle.dz\/index.php\/2024\/12\/22\/les-ambitions-economiques-de-tebboune\/"},"wordCount":1005,"commentCount":0,"publisher":{"@id":"https:\/\/lasentinelle.dz\/#organization"},"image":{"@id":"https:\/\/lasentinelle.dz\/index.php\/2024\/12\/22\/les-ambitions-economiques-de-tebboune\/#primaryimage"},"thumbnailUrl":"https:\/\/lasentinelle.dz\/wp-content\/uploads\/2024\/12\/Tebboune-foire.jpeg","articleSection":["\u00c0 la Une","\u00c9conomie"],"inLanguage":"fr-FR","potentialAction":[{"@type":"CommentAction","name":"Comment","target":["https:\/\/lasentinelle.dz\/index.php\/2024\/12\/22\/les-ambitions-economiques-de-tebboune\/#respond"]}]},{"@type":"WebPage","@id":"https:\/\/lasentinelle.dz\/index.php\/2024\/12\/22\/les-ambitions-economiques-de-tebboune\/","url":"https:\/\/lasentinelle.dz\/index.php\/2024\/12\/22\/les-ambitions-economiques-de-tebboune\/","name":"Les ambitions \u00e9conomiques de Tebboune - La Sentinelle","isPartOf":{"@id":"https:\/\/lasentinelle.dz\/#website"},"primaryImageOfPage":{"@id":"https:\/\/lasentinelle.dz\/index.php\/2024\/12\/22\/les-ambitions-economiques-de-tebboune\/#primaryimage"},"image":{"@id":"https:\/\/lasentinelle.dz\/index.php\/2024\/12\/22\/les-ambitions-economiques-de-tebboune\/#primaryimage"},"thumbnailUrl":"https:\/\/lasentinelle.dz\/wp-content\/uploads\/2024\/12\/Tebboune-foire.jpeg","datePublished":"2024-12-22T10:00:40+00:00","breadcrumb":{"@id":"https:\/\/lasentinelle.dz\/index.php\/2024\/12\/22\/les-ambitions-economiques-de-tebboune\/#breadcrumb"},"inLanguage":"fr-FR","potentialAction":[{"@type":"ReadAction","target":["https:\/\/lasentinelle.dz\/index.php\/2024\/12\/22\/les-ambitions-economiques-de-tebboune\/"]}]},{"@type":"ImageObject","inLanguage":"fr-FR","@id":"https:\/\/lasentinelle.dz\/index.php\/2024\/12\/22\/les-ambitions-economiques-de-tebboune\/#primaryimage","url":"https:\/\/lasentinelle.dz\/wp-content\/uploads\/2024\/12\/Tebboune-foire.jpeg","contentUrl":"https:\/\/lasentinelle.dz\/wp-content\/uploads\/2024\/12\/Tebboune-foire.jpeg","width":2048,"height":1366},{"@type":"BreadcrumbList","@id":"https:\/\/lasentinelle.dz\/index.php\/2024\/12\/22\/les-ambitions-economiques-de-tebboune\/#breadcrumb","itemListElement":[{"@type":"ListItem","position":1,"name":"Accueil","item":"https:\/\/lasentinelle.dz\/"},{"@type":"ListItem","position":2,"name":"Les ambitions \u00e9conomiques de Tebboune"}]},{"@type":"WebSite","@id":"https:\/\/lasentinelle.dz\/#website","url":"https:\/\/lasentinelle.dz\/","name":"La Sentinelle","description":"Quotidien national d&#039;information","publisher":{"@id":"https:\/\/lasentinelle.dz\/#organization"},"potentialAction":[{"@type":"SearchAction","target":{"@type":"EntryPoint","urlTemplate":"https:\/\/lasentinelle.dz\/?s={search_term_string}"},"query-input":{"@type":"PropertyValueSpecification","valueRequired":true,"valueName":"search_term_string"}}],"inLanguage":"fr-FR"},{"@type":"Organization","@id":"https:\/\/lasentinelle.dz\/#organization","name":"Quotidien La Sentinelle","url":"https:\/\/lasentinelle.dz\/","logo":{"@type":"ImageObject","inLanguage":"fr-FR","@id":"https:\/\/lasentinelle.dz\/#\/schema\/logo\/image\/","url":"https:\/\/lasentinelle.dz\/wp-content\/uploads\/2021\/09\/logo-sentinelleSLOGAN-1.png","contentUrl":"https:\/\/lasentinelle.dz\/wp-content\/uploads\/2021\/09\/logo-sentinelleSLOGAN-1.png","width":615,"height":142,"caption":"Quotidien La Sentinelle"},"image":{"@id":"https:\/\/lasentinelle.dz\/#\/schema\/logo\/image\/"},"sameAs":["https:\/\/www.facebook.com\/La-Sentinelle-104059864394773"]},{"@type":"Person","@id":"https:\/\/lasentinelle.dz\/#\/schema\/person\/729ee0024f24e0b8c5ec17232f8e8b41","name":"admin","image":{"@type":"ImageObject","inLanguage":"fr-FR","@id":"https:\/\/secure.gravatar.com\/avatar\/4c81fed838786e9b53f540bf46533e750f5d292099ae3b66cfc6fb1982e29df7?s=96&d=mm&r=g","url":"https:\/\/secure.gravatar.com\/avatar\/4c81fed838786e9b53f540bf46533e750f5d292099ae3b66cfc6fb1982e29df7?s=96&d=mm&r=g","contentUrl":"https:\/\/secure.gravatar.com\/avatar\/4c81fed838786e9b53f540bf46533e750f5d292099ae3b66cfc6fb1982e29df7?s=96&d=mm&r=g","caption":"admin"},"description":"admin","url":"https:\/\/lasentinelle.dz\/author\/admin\/"}]}},"_links":{"self":[{"href":"https:\/\/lasentinelle.dz\/index.php\/wp-json\/wp\/v2\/posts\/60759","targetHints":{"allow":["GET"]}}],"collection":[{"href":"https:\/\/lasentinelle.dz\/index.php\/wp-json\/wp\/v2\/posts"}],"about":[{"href":"https:\/\/lasentinelle.dz\/index.php\/wp-json\/wp\/v2\/types\/post"}],"author":[{"embeddable":true,"href":"https:\/\/lasentinelle.dz\/index.php\/wp-json\/wp\/v2\/users\/6"}],"replies":[{"embeddable":true,"href":"https:\/\/lasentinelle.dz\/index.php\/wp-json\/wp\/v2\/comments?post=60759"}],"version-history":[{"count":1,"href":"https:\/\/lasentinelle.dz\/index.php\/wp-json\/wp\/v2\/posts\/60759\/revisions"}],"predecessor-version":[{"id":60761,"href":"https:\/\/lasentinelle.dz\/index.php\/wp-json\/wp\/v2\/posts\/60759\/revisions\/60761"}],"wp:featuredmedia":[{"embeddable":true,"href":"https:\/\/lasentinelle.dz\/index.php\/wp-json\/wp\/v2\/media\/60760"}],"wp:attachment":[{"href":"https:\/\/lasentinelle.dz\/index.php\/wp-json\/wp\/v2\/media?parent=60759"}],"wp:term":[{"taxonomy":"category","embeddable":true,"href":"https:\/\/lasentinelle.dz\/index.php\/wp-json\/wp\/v2\/categories?post=60759"},{"taxonomy":"post_tag","embeddable":true,"href":"https:\/\/lasentinelle.dz\/index.php\/wp-json\/wp\/v2\/tags?post=60759"}],"curies":[{"name":"wp","href":"https:\/\/api.w.org\/{rel}","templated":true}]}}