{"id":60766,"date":"2024-12-22T11:08:08","date_gmt":"2024-12-22T10:08:08","guid":{"rendered":"https:\/\/lasentinelle.dz\/?p=60766"},"modified":"2024-12-22T11:08:08","modified_gmt":"2024-12-22T10:08:08","slug":"il-y-a-quatre-ans-le-makhzen-signait-le-deal-de-la-honte-avec-lentite-sioniste-la-rue-gronde-au-maroc","status":"publish","type":"post","link":"https:\/\/lasentinelle.dz\/index.php\/2024\/12\/22\/il-y-a-quatre-ans-le-makhzen-signait-le-deal-de-la-honte-avec-lentite-sioniste-la-rue-gronde-au-maroc\/","title":{"rendered":"Il y a quatre ans le Makhzen signait le deal de la honte avec l\u2019entit\u00e9 sioniste: La rue gronde au Maroc\u00a0!"},"content":{"rendered":"\n<p>L\u2019agression g\u00e9nocidaire sioniste \u00e0 Ghaza depuis octobre 2023 a particuli\u00e8rement mis en lumi\u00e8re les implications concr\u00e8tes de ce deal de la honte.<\/p>\n\n\n\n<p>Quatre ans apr\u00e8s la normalisation des relations entre le Maroc et l&rsquo;entit\u00e9 sioniste, le foss\u00e9 ne cesse de se creuser entre le r\u00e9gime du Makhzen et le peuple marocain. Un sondage r\u00e9cent r\u00e9v\u00e8le que plus de 95% des Marocains rejettent cette trahison et ne fait qu\u2019alimenter la rupture entre le pouvoir et un peuple historiquement engag\u00e9 pour la cause palestinienne, dans un contexte de crise politique et social qui menace d\u00e9j\u00e0 le Maroc. Cette transaction de la honte a \u00e9t\u00e9 scell\u00e9e en d\u00e9cembre 2020 en \u00e9change d&rsquo;un simple tweet am\u00e9ricain sur le Sahara occidental, sans aucune valeur juridique internationale.<\/p>\n\n\n\n<p>Le Front marocain de soutien \u00e0 la Palestine d\u00e9nonce une d\u00e9cision \u00ab\u00a0impos\u00e9e contre la volont\u00e9 du peuple marocain\u00a0\u00bb et condamne \u00ab\u00a0l&rsquo;ent\u00eatement des autorit\u00e9s \u00e0 poursuivre le processus de normalisation\u00a0\u00bb malgr\u00e9 quinze mois de guerre g\u00e9nocidaire sioniste \u00e0 Ghaza. Cette obstination du r\u00e9gime se manifeste par une r\u00e9pression accrue des voix dissidentes, avec des arrestations et des poursuites judiciaires visant les militants pro-palestiniens, transformant de facto la solidarit\u00e9 avec la Palestine en d\u00e9lit&nbsp;!<\/p>\n\n\n\n<p>L&rsquo;Instance marocaine de soutien aux causes de la nation va plus loin en qualifiant cette normalisation de \u00ab\u00a0capitulation humiliante\u00a0\u00bb et de \u00ab\u00a0d\u00e9ch\u00e9ance morale sans pr\u00e9c\u00e9dent\u00a0\u00bb. Elle d\u00e9nonce la complicit\u00e9 du royaume avec \u00ab\u00a0un r\u00e9gime occupant des terres, d\u00e9molissant des maisons et violant des lieux sacr\u00e9s\u00a0\u00bb. Le slogan \u00ab\u00a0La normalisation est un crime\u00a0\u00bb, scand\u00e9 dans les rues marocaines, traduit le sentiment populaire de trahison face \u00e0 un abandon du devoir moral et historique du Maroc envers la Palestine.<\/p>\n\n\n\n<p>Le Maroc est devenu un \u00ab&nbsp;protectorat sioniste&nbsp;\u00bb<\/p>\n\n\n\n<p>L\u2019agression g\u00e9nocidaire sioniste \u00e0 Ghaza depuis octobre 2023 a particuli\u00e8rement mis en lumi\u00e8re les implications concr\u00e8tes de ce deal de la honte. Des organisations de d\u00e9fense des droits humains ont document\u00e9 le transit d&rsquo;au moins cinq navires charg\u00e9s de mat\u00e9riel militaire par le port de Tanger Med, le dernier datant de d\u00e9but d\u00e9cembre 2024. Une situation particuli\u00e8rement choquante pour un pays qui pr\u00e9side le Comit\u00e9 d&rsquo;El-Qods, cens\u00e9 d\u00e9fendre les int\u00e9r\u00eats palestiniens dans leur capitale \u00e9ternelle. Selon le juriste marocain Mohamed Kandil, \u00e9tabli en Islande, le royaume est devenu un v\u00e9ritable \u00ab\u00a0protectorat sioniste\u00a0\u00bb. Il affirme que l&rsquo;entit\u00e9 sioniste a pris \u00ab\u00a0le contr\u00f4le de tous les rouages de l&rsquo;\u00c9tat, y compris l&rsquo;arm\u00e9e et les diff\u00e9rentes institutions s\u00e9curitaires\u00a0\u00bb, servant ainsi ses \u00ab\u00a0agendas malveillants\u00a0\u00bb dans la r\u00e9gion. Cette mainmise s&rsquo;\u00e9tend jusqu&rsquo;\u00e0 la spoliation des biens des citoyens marocains, avec des projets controvers\u00e9s comme l&rsquo;octroi de la nationalit\u00e9 marocaine aux descendants des Isra\u00e9liens d&rsquo;origine marocaine. Face \u00e0 cette situation, la r\u00e9sistance populaire s&rsquo;organise. Le Front marocain de soutien \u00e0 la Palestine appelle \u00e0 des manifestations dans plusieurs villes dont Casablanca, Marrakech et Tanger, sous le mot d&rsquo;ordre \u00ab\u00a0Une seule marche pour faire tomber la normalisation et soutenir la lutte du peuple palestinien\u00a0\u00bb. Ces mobilisations traduisent la d\u00e9termination d&rsquo;une population qui, selon les militants, \u00ab\u00a0ne tol\u00e9rera jamais de devenir complice des crimes de l&rsquo;occupation\u00a0\u00bb. Cette rupture entre le r\u00e9gime et sa population s&rsquo;inscrit dans un contexte plus large de crise politique et sociale. Le Makhzen, en privil\u00e9giant une alliance avec l\u2019entit\u00e9 sioniste contre l&rsquo;avis de son peuple, semble avoir franchi une ligne rouge suppl\u00e9mentaire. La r\u00e9pression des manifestations pro-palestiniennes et l&#8217;emprisonnement des militants ne font qu&rsquo;exacerber les tensions sociales existantes. Comme le souligne l&rsquo;Instance marocaine, \u00ab\u00a0la normalisation est une trahison et y mettre fin est un devoir national\u00a0\u00bb.<\/p>\n\n\n\n<p>La situation actuelle r\u00e9v\u00e8le un paradoxe saisissant : alors que le Maroc pr\u00e9side le Comit\u00e9 d&rsquo;El-Qods, il facilite dans le m\u00eame temps le transit d&rsquo;armes vers l\u2019entit\u00e9 sioniste en pleine g\u00e9nocide Ghaza. Cette contradiction illustre la profondeur de la crise morale et politique dans laquelle la normalisation a plong\u00e9 le royaume, creusant un foss\u00e9 qui semble chaque jour plus difficile \u00e0 combler entre le pouvoir et une population rest\u00e9e fid\u00e8le \u00e0 son engagement historique en faveur de la cause palestinienne.<\/p>\n\n\n\n<p><strong>Salim Amokrane<\/strong><\/p>\n","protected":false},"excerpt":{"rendered":"<p>L\u2019agression g\u00e9nocidaire sioniste \u00e0 Ghaza depuis octobre 2023 a particuli\u00e8rement mis en lumi\u00e8re les implications concr\u00e8tes de ce deal de<\/p>\n","protected":false},"author":6,"featured_media":60767,"comment_status":"open","ping_status":"closed","sticky":false,"template":"","format":"standard","meta":{"colormag_page_container_layout":"default_layout","colormag_page_sidebar_layout":"default_layout","om_disable_all_campaigns":false,"_monsterinsights_skip_tracking":false,"_monsterinsights_sitenote_active":false,"_monsterinsights_sitenote_note":"","_monsterinsights_sitenote_category":0,"footnotes":"","_wpscppro_dont_share_socialmedia":false,"_wpscppro_custom_social_share_image":0,"_facebook_share_type":"default","_twitter_share_type":"default","_linkedin_share_type":"default","_pinterest_share_type":"default","_linkedin_share_type_page":"","_instagram_share_type":"default","_medium_share_type":"default","_threads_share_type":"","_google_business_share_type":"","_selected_social_profile":[],"_wpsp_enable_custom_social_template":false,"_wpsp_social_scheduling":{"enabled":false,"datetime":null,"platforms":[],"status":"template_only","dateOption":"today","timeOption":"now","customDays":"","customHours":"","customDate":"","customTime":"","schedulingType":"absolute"},"_wpsp_active_default_template":true},"categories":[52,27],"tags":[],"class_list":["post-60766","post","type-post","status-publish","format-standard","has-post-thumbnail","hentry","category-a-la-une","category-actualite"],"aioseo_notices":[],"yoast_head":"<!-- This site is optimized with the Yoast SEO plugin v27.5 - https:\/\/yoast.com\/product\/yoast-seo-wordpress\/ -->\n<title>Il y a quatre ans le Makhzen signait le deal de la honte avec l\u2019entit\u00e9 sioniste: La rue gronde au Maroc\u00a0! - La Sentinelle<\/title>\n<meta name=\"robots\" content=\"index, follow, max-snippet:-1, max-image-preview:large, max-video-preview:-1\" \/>\n<link rel=\"canonical\" href=\"https:\/\/lasentinelle.dz\/index.php\/2024\/12\/22\/il-y-a-quatre-ans-le-makhzen-signait-le-deal-de-la-honte-avec-lentite-sioniste-la-rue-gronde-au-maroc\/\" \/>\n<meta property=\"og:locale\" content=\"fr_FR\" \/>\n<meta property=\"og:type\" content=\"article\" \/>\n<meta property=\"og:title\" content=\"Il y a quatre ans le Makhzen signait le deal de la honte avec l\u2019entit\u00e9 sioniste: La rue gronde au Maroc\u00a0! - La Sentinelle\" \/>\n<meta property=\"og:description\" content=\"L\u2019agression g\u00e9nocidaire sioniste \u00e0 Ghaza depuis octobre 2023 a particuli\u00e8rement mis en lumi\u00e8re les implications concr\u00e8tes de ce deal de\" \/>\n<meta property=\"og:url\" content=\"https:\/\/lasentinelle.dz\/index.php\/2024\/12\/22\/il-y-a-quatre-ans-le-makhzen-signait-le-deal-de-la-honte-avec-lentite-sioniste-la-rue-gronde-au-maroc\/\" \/>\n<meta property=\"og:site_name\" content=\"La Sentinelle\" \/>\n<meta property=\"article:publisher\" content=\"https:\/\/www.facebook.com\/La-Sentinelle-104059864394773\" \/>\n<meta property=\"article:published_time\" content=\"2024-12-22T10:08:08+00:00\" \/>\n<meta property=\"og:image\" content=\"https:\/\/lasentinelle.dz\/wp-content\/uploads\/2024\/12\/maroc-manif.png\" \/>\n\t<meta property=\"og:image:width\" content=\"1080\" \/>\n\t<meta property=\"og:image:height\" content=\"608\" \/>\n\t<meta property=\"og:image:type\" content=\"image\/png\" \/>\n<meta name=\"author\" content=\"admin\" \/>\n<meta name=\"twitter:card\" content=\"summary_large_image\" \/>\n<meta name=\"twitter:label1\" content=\"\u00c9crit par\" \/>\n\t<meta name=\"twitter:data1\" content=\"admin\" \/>\n\t<meta name=\"twitter:label2\" content=\"Dur\u00e9e de lecture estim\u00e9e\" \/>\n\t<meta name=\"twitter:data2\" content=\"4 minutes\" \/>\n<script type=\"application\/ld+json\" class=\"yoast-schema-graph\">{\"@context\":\"https:\\\/\\\/schema.org\",\"@graph\":[{\"@type\":\"Article\",\"@id\":\"https:\\\/\\\/lasentinelle.dz\\\/index.php\\\/2024\\\/12\\\/22\\\/il-y-a-quatre-ans-le-makhzen-signait-le-deal-de-la-honte-avec-lentite-sioniste-la-rue-gronde-au-maroc\\\/#article\",\"isPartOf\":{\"@id\":\"https:\\\/\\\/lasentinelle.dz\\\/index.php\\\/2024\\\/12\\\/22\\\/il-y-a-quatre-ans-le-makhzen-signait-le-deal-de-la-honte-avec-lentite-sioniste-la-rue-gronde-au-maroc\\\/\"},\"author\":{\"name\":\"admin\",\"@id\":\"https:\\\/\\\/lasentinelle.dz\\\/#\\\/schema\\\/person\\\/729ee0024f24e0b8c5ec17232f8e8b41\"},\"headline\":\"Il y a quatre ans le Makhzen signait le deal de la honte avec l\u2019entit\u00e9 sioniste: La rue gronde au Maroc\u00a0!\",\"datePublished\":\"2024-12-22T10:08:08+00:00\",\"mainEntityOfPage\":{\"@id\":\"https:\\\/\\\/lasentinelle.dz\\\/index.php\\\/2024\\\/12\\\/22\\\/il-y-a-quatre-ans-le-makhzen-signait-le-deal-de-la-honte-avec-lentite-sioniste-la-rue-gronde-au-maroc\\\/\"},\"wordCount\":753,\"commentCount\":0,\"publisher\":{\"@id\":\"https:\\\/\\\/lasentinelle.dz\\\/#organization\"},\"image\":{\"@id\":\"https:\\\/\\\/lasentinelle.dz\\\/index.php\\\/2024\\\/12\\\/22\\\/il-y-a-quatre-ans-le-makhzen-signait-le-deal-de-la-honte-avec-lentite-sioniste-la-rue-gronde-au-maroc\\\/#primaryimage\"},\"thumbnailUrl\":\"https:\\\/\\\/lasentinelle.dz\\\/wp-content\\\/uploads\\\/2024\\\/12\\\/maroc-manif.png\",\"articleSection\":[\"\u00c0 la Une\",\"Actualit\u00e9\"],\"inLanguage\":\"fr-FR\",\"potentialAction\":[{\"@type\":\"CommentAction\",\"name\":\"Comment\",\"target\":[\"https:\\\/\\\/lasentinelle.dz\\\/index.php\\\/2024\\\/12\\\/22\\\/il-y-a-quatre-ans-le-makhzen-signait-le-deal-de-la-honte-avec-lentite-sioniste-la-rue-gronde-au-maroc\\\/#respond\"]}]},{\"@type\":\"WebPage\",\"@id\":\"https:\\\/\\\/lasentinelle.dz\\\/index.php\\\/2024\\\/12\\\/22\\\/il-y-a-quatre-ans-le-makhzen-signait-le-deal-de-la-honte-avec-lentite-sioniste-la-rue-gronde-au-maroc\\\/\",\"url\":\"https:\\\/\\\/lasentinelle.dz\\\/index.php\\\/2024\\\/12\\\/22\\\/il-y-a-quatre-ans-le-makhzen-signait-le-deal-de-la-honte-avec-lentite-sioniste-la-rue-gronde-au-maroc\\\/\",\"name\":\"Il y a quatre ans le Makhzen signait le deal de la honte avec l\u2019entit\u00e9 sioniste: La rue gronde au Maroc\u00a0! - La Sentinelle\",\"isPartOf\":{\"@id\":\"https:\\\/\\\/lasentinelle.dz\\\/#website\"},\"primaryImageOfPage\":{\"@id\":\"https:\\\/\\\/lasentinelle.dz\\\/index.php\\\/2024\\\/12\\\/22\\\/il-y-a-quatre-ans-le-makhzen-signait-le-deal-de-la-honte-avec-lentite-sioniste-la-rue-gronde-au-maroc\\\/#primaryimage\"},\"image\":{\"@id\":\"https:\\\/\\\/lasentinelle.dz\\\/index.php\\\/2024\\\/12\\\/22\\\/il-y-a-quatre-ans-le-makhzen-signait-le-deal-de-la-honte-avec-lentite-sioniste-la-rue-gronde-au-maroc\\\/#primaryimage\"},\"thumbnailUrl\":\"https:\\\/\\\/lasentinelle.dz\\\/wp-content\\\/uploads\\\/2024\\\/12\\\/maroc-manif.png\",\"datePublished\":\"2024-12-22T10:08:08+00:00\",\"breadcrumb\":{\"@id\":\"https:\\\/\\\/lasentinelle.dz\\\/index.php\\\/2024\\\/12\\\/22\\\/il-y-a-quatre-ans-le-makhzen-signait-le-deal-de-la-honte-avec-lentite-sioniste-la-rue-gronde-au-maroc\\\/#breadcrumb\"},\"inLanguage\":\"fr-FR\",\"potentialAction\":[{\"@type\":\"ReadAction\",\"target\":[\"https:\\\/\\\/lasentinelle.dz\\\/index.php\\\/2024\\\/12\\\/22\\\/il-y-a-quatre-ans-le-makhzen-signait-le-deal-de-la-honte-avec-lentite-sioniste-la-rue-gronde-au-maroc\\\/\"]}]},{\"@type\":\"ImageObject\",\"inLanguage\":\"fr-FR\",\"@id\":\"https:\\\/\\\/lasentinelle.dz\\\/index.php\\\/2024\\\/12\\\/22\\\/il-y-a-quatre-ans-le-makhzen-signait-le-deal-de-la-honte-avec-lentite-sioniste-la-rue-gronde-au-maroc\\\/#primaryimage\",\"url\":\"https:\\\/\\\/lasentinelle.dz\\\/wp-content\\\/uploads\\\/2024\\\/12\\\/maroc-manif.png\",\"contentUrl\":\"https:\\\/\\\/lasentinelle.dz\\\/wp-content\\\/uploads\\\/2024\\\/12\\\/maroc-manif.png\",\"width\":1080,\"height\":608},{\"@type\":\"BreadcrumbList\",\"@id\":\"https:\\\/\\\/lasentinelle.dz\\\/index.php\\\/2024\\\/12\\\/22\\\/il-y-a-quatre-ans-le-makhzen-signait-le-deal-de-la-honte-avec-lentite-sioniste-la-rue-gronde-au-maroc\\\/#breadcrumb\",\"itemListElement\":[{\"@type\":\"ListItem\",\"position\":1,\"name\":\"Accueil\",\"item\":\"https:\\\/\\\/lasentinelle.dz\\\/\"},{\"@type\":\"ListItem\",\"position\":2,\"name\":\"Il y a quatre ans le Makhzen signait le deal de la honte avec l\u2019entit\u00e9 sioniste: La rue gronde au Maroc\u00a0!\"}]},{\"@type\":\"WebSite\",\"@id\":\"https:\\\/\\\/lasentinelle.dz\\\/#website\",\"url\":\"https:\\\/\\\/lasentinelle.dz\\\/\",\"name\":\"La Sentinelle\",\"description\":\"Quotidien national d&#039;information\",\"publisher\":{\"@id\":\"https:\\\/\\\/lasentinelle.dz\\\/#organization\"},\"potentialAction\":[{\"@type\":\"SearchAction\",\"target\":{\"@type\":\"EntryPoint\",\"urlTemplate\":\"https:\\\/\\\/lasentinelle.dz\\\/?s={search_term_string}\"},\"query-input\":{\"@type\":\"PropertyValueSpecification\",\"valueRequired\":true,\"valueName\":\"search_term_string\"}}],\"inLanguage\":\"fr-FR\"},{\"@type\":\"Organization\",\"@id\":\"https:\\\/\\\/lasentinelle.dz\\\/#organization\",\"name\":\"Quotidien La Sentinelle\",\"url\":\"https:\\\/\\\/lasentinelle.dz\\\/\",\"logo\":{\"@type\":\"ImageObject\",\"inLanguage\":\"fr-FR\",\"@id\":\"https:\\\/\\\/lasentinelle.dz\\\/#\\\/schema\\\/logo\\\/image\\\/\",\"url\":\"https:\\\/\\\/lasentinelle.dz\\\/wp-content\\\/uploads\\\/2021\\\/09\\\/logo-sentinelleSLOGAN-1.png\",\"contentUrl\":\"https:\\\/\\\/lasentinelle.dz\\\/wp-content\\\/uploads\\\/2021\\\/09\\\/logo-sentinelleSLOGAN-1.png\",\"width\":615,\"height\":142,\"caption\":\"Quotidien La Sentinelle\"},\"image\":{\"@id\":\"https:\\\/\\\/lasentinelle.dz\\\/#\\\/schema\\\/logo\\\/image\\\/\"},\"sameAs\":[\"https:\\\/\\\/www.facebook.com\\\/La-Sentinelle-104059864394773\"]},{\"@type\":\"Person\",\"@id\":\"https:\\\/\\\/lasentinelle.dz\\\/#\\\/schema\\\/person\\\/729ee0024f24e0b8c5ec17232f8e8b41\",\"name\":\"admin\",\"image\":{\"@type\":\"ImageObject\",\"inLanguage\":\"fr-FR\",\"@id\":\"https:\\\/\\\/secure.gravatar.com\\\/avatar\\\/4c81fed838786e9b53f540bf46533e750f5d292099ae3b66cfc6fb1982e29df7?s=96&d=mm&r=g\",\"url\":\"https:\\\/\\\/secure.gravatar.com\\\/avatar\\\/4c81fed838786e9b53f540bf46533e750f5d292099ae3b66cfc6fb1982e29df7?s=96&d=mm&r=g\",\"contentUrl\":\"https:\\\/\\\/secure.gravatar.com\\\/avatar\\\/4c81fed838786e9b53f540bf46533e750f5d292099ae3b66cfc6fb1982e29df7?s=96&d=mm&r=g\",\"caption\":\"admin\"},\"description\":\"admin\",\"url\":\"https:\\\/\\\/lasentinelle.dz\\\/author\\\/admin\\\/\"}]}<\/script>\n<!-- \/ Yoast SEO plugin. -->","yoast_head_json":{"title":"Il y a quatre ans le Makhzen signait le deal de la honte avec l\u2019entit\u00e9 sioniste: La rue gronde au Maroc\u00a0! - La Sentinelle","robots":{"index":"index","follow":"follow","max-snippet":"max-snippet:-1","max-image-preview":"max-image-preview:large","max-video-preview":"max-video-preview:-1"},"canonical":"https:\/\/lasentinelle.dz\/index.php\/2024\/12\/22\/il-y-a-quatre-ans-le-makhzen-signait-le-deal-de-la-honte-avec-lentite-sioniste-la-rue-gronde-au-maroc\/","og_locale":"fr_FR","og_type":"article","og_title":"Il y a quatre ans le Makhzen signait le deal de la honte avec l\u2019entit\u00e9 sioniste: La rue gronde au Maroc\u00a0! - La Sentinelle","og_description":"L\u2019agression g\u00e9nocidaire sioniste \u00e0 Ghaza depuis octobre 2023 a particuli\u00e8rement mis en lumi\u00e8re les implications concr\u00e8tes de ce deal de","og_url":"https:\/\/lasentinelle.dz\/index.php\/2024\/12\/22\/il-y-a-quatre-ans-le-makhzen-signait-le-deal-de-la-honte-avec-lentite-sioniste-la-rue-gronde-au-maroc\/","og_site_name":"La Sentinelle","article_publisher":"https:\/\/www.facebook.com\/La-Sentinelle-104059864394773","article_published_time":"2024-12-22T10:08:08+00:00","og_image":[{"width":1080,"height":608,"url":"https:\/\/lasentinelle.dz\/wp-content\/uploads\/2024\/12\/maroc-manif.png","type":"image\/png"}],"author":"admin","twitter_card":"summary_large_image","twitter_misc":{"\u00c9crit par":"admin","Dur\u00e9e de lecture estim\u00e9e":"4 minutes"},"schema":{"@context":"https:\/\/schema.org","@graph":[{"@type":"Article","@id":"https:\/\/lasentinelle.dz\/index.php\/2024\/12\/22\/il-y-a-quatre-ans-le-makhzen-signait-le-deal-de-la-honte-avec-lentite-sioniste-la-rue-gronde-au-maroc\/#article","isPartOf":{"@id":"https:\/\/lasentinelle.dz\/index.php\/2024\/12\/22\/il-y-a-quatre-ans-le-makhzen-signait-le-deal-de-la-honte-avec-lentite-sioniste-la-rue-gronde-au-maroc\/"},"author":{"name":"admin","@id":"https:\/\/lasentinelle.dz\/#\/schema\/person\/729ee0024f24e0b8c5ec17232f8e8b41"},"headline":"Il y a quatre ans le Makhzen signait le deal de la honte avec l\u2019entit\u00e9 sioniste: La rue gronde au Maroc\u00a0!","datePublished":"2024-12-22T10:08:08+00:00","mainEntityOfPage":{"@id":"https:\/\/lasentinelle.dz\/index.php\/2024\/12\/22\/il-y-a-quatre-ans-le-makhzen-signait-le-deal-de-la-honte-avec-lentite-sioniste-la-rue-gronde-au-maroc\/"},"wordCount":753,"commentCount":0,"publisher":{"@id":"https:\/\/lasentinelle.dz\/#organization"},"image":{"@id":"https:\/\/lasentinelle.dz\/index.php\/2024\/12\/22\/il-y-a-quatre-ans-le-makhzen-signait-le-deal-de-la-honte-avec-lentite-sioniste-la-rue-gronde-au-maroc\/#primaryimage"},"thumbnailUrl":"https:\/\/lasentinelle.dz\/wp-content\/uploads\/2024\/12\/maroc-manif.png","articleSection":["\u00c0 la Une","Actualit\u00e9"],"inLanguage":"fr-FR","potentialAction":[{"@type":"CommentAction","name":"Comment","target":["https:\/\/lasentinelle.dz\/index.php\/2024\/12\/22\/il-y-a-quatre-ans-le-makhzen-signait-le-deal-de-la-honte-avec-lentite-sioniste-la-rue-gronde-au-maroc\/#respond"]}]},{"@type":"WebPage","@id":"https:\/\/lasentinelle.dz\/index.php\/2024\/12\/22\/il-y-a-quatre-ans-le-makhzen-signait-le-deal-de-la-honte-avec-lentite-sioniste-la-rue-gronde-au-maroc\/","url":"https:\/\/lasentinelle.dz\/index.php\/2024\/12\/22\/il-y-a-quatre-ans-le-makhzen-signait-le-deal-de-la-honte-avec-lentite-sioniste-la-rue-gronde-au-maroc\/","name":"Il y a quatre ans le Makhzen signait le deal de la honte avec l\u2019entit\u00e9 sioniste: La rue gronde au Maroc\u00a0! - La Sentinelle","isPartOf":{"@id":"https:\/\/lasentinelle.dz\/#website"},"primaryImageOfPage":{"@id":"https:\/\/lasentinelle.dz\/index.php\/2024\/12\/22\/il-y-a-quatre-ans-le-makhzen-signait-le-deal-de-la-honte-avec-lentite-sioniste-la-rue-gronde-au-maroc\/#primaryimage"},"image":{"@id":"https:\/\/lasentinelle.dz\/index.php\/2024\/12\/22\/il-y-a-quatre-ans-le-makhzen-signait-le-deal-de-la-honte-avec-lentite-sioniste-la-rue-gronde-au-maroc\/#primaryimage"},"thumbnailUrl":"https:\/\/lasentinelle.dz\/wp-content\/uploads\/2024\/12\/maroc-manif.png","datePublished":"2024-12-22T10:08:08+00:00","breadcrumb":{"@id":"https:\/\/lasentinelle.dz\/index.php\/2024\/12\/22\/il-y-a-quatre-ans-le-makhzen-signait-le-deal-de-la-honte-avec-lentite-sioniste-la-rue-gronde-au-maroc\/#breadcrumb"},"inLanguage":"fr-FR","potentialAction":[{"@type":"ReadAction","target":["https:\/\/lasentinelle.dz\/index.php\/2024\/12\/22\/il-y-a-quatre-ans-le-makhzen-signait-le-deal-de-la-honte-avec-lentite-sioniste-la-rue-gronde-au-maroc\/"]}]},{"@type":"ImageObject","inLanguage":"fr-FR","@id":"https:\/\/lasentinelle.dz\/index.php\/2024\/12\/22\/il-y-a-quatre-ans-le-makhzen-signait-le-deal-de-la-honte-avec-lentite-sioniste-la-rue-gronde-au-maroc\/#primaryimage","url":"https:\/\/lasentinelle.dz\/wp-content\/uploads\/2024\/12\/maroc-manif.png","contentUrl":"https:\/\/lasentinelle.dz\/wp-content\/uploads\/2024\/12\/maroc-manif.png","width":1080,"height":608},{"@type":"BreadcrumbList","@id":"https:\/\/lasentinelle.dz\/index.php\/2024\/12\/22\/il-y-a-quatre-ans-le-makhzen-signait-le-deal-de-la-honte-avec-lentite-sioniste-la-rue-gronde-au-maroc\/#breadcrumb","itemListElement":[{"@type":"ListItem","position":1,"name":"Accueil","item":"https:\/\/lasentinelle.dz\/"},{"@type":"ListItem","position":2,"name":"Il y a quatre ans le Makhzen signait le deal de la honte avec l\u2019entit\u00e9 sioniste: La rue gronde au Maroc\u00a0!"}]},{"@type":"WebSite","@id":"https:\/\/lasentinelle.dz\/#website","url":"https:\/\/lasentinelle.dz\/","name":"La Sentinelle","description":"Quotidien national d&#039;information","publisher":{"@id":"https:\/\/lasentinelle.dz\/#organization"},"potentialAction":[{"@type":"SearchAction","target":{"@type":"EntryPoint","urlTemplate":"https:\/\/lasentinelle.dz\/?s={search_term_string}"},"query-input":{"@type":"PropertyValueSpecification","valueRequired":true,"valueName":"search_term_string"}}],"inLanguage":"fr-FR"},{"@type":"Organization","@id":"https:\/\/lasentinelle.dz\/#organization","name":"Quotidien La Sentinelle","url":"https:\/\/lasentinelle.dz\/","logo":{"@type":"ImageObject","inLanguage":"fr-FR","@id":"https:\/\/lasentinelle.dz\/#\/schema\/logo\/image\/","url":"https:\/\/lasentinelle.dz\/wp-content\/uploads\/2021\/09\/logo-sentinelleSLOGAN-1.png","contentUrl":"https:\/\/lasentinelle.dz\/wp-content\/uploads\/2021\/09\/logo-sentinelleSLOGAN-1.png","width":615,"height":142,"caption":"Quotidien La Sentinelle"},"image":{"@id":"https:\/\/lasentinelle.dz\/#\/schema\/logo\/image\/"},"sameAs":["https:\/\/www.facebook.com\/La-Sentinelle-104059864394773"]},{"@type":"Person","@id":"https:\/\/lasentinelle.dz\/#\/schema\/person\/729ee0024f24e0b8c5ec17232f8e8b41","name":"admin","image":{"@type":"ImageObject","inLanguage":"fr-FR","@id":"https:\/\/secure.gravatar.com\/avatar\/4c81fed838786e9b53f540bf46533e750f5d292099ae3b66cfc6fb1982e29df7?s=96&d=mm&r=g","url":"https:\/\/secure.gravatar.com\/avatar\/4c81fed838786e9b53f540bf46533e750f5d292099ae3b66cfc6fb1982e29df7?s=96&d=mm&r=g","contentUrl":"https:\/\/secure.gravatar.com\/avatar\/4c81fed838786e9b53f540bf46533e750f5d292099ae3b66cfc6fb1982e29df7?s=96&d=mm&r=g","caption":"admin"},"description":"admin","url":"https:\/\/lasentinelle.dz\/author\/admin\/"}]}},"_links":{"self":[{"href":"https:\/\/lasentinelle.dz\/index.php\/wp-json\/wp\/v2\/posts\/60766","targetHints":{"allow":["GET"]}}],"collection":[{"href":"https:\/\/lasentinelle.dz\/index.php\/wp-json\/wp\/v2\/posts"}],"about":[{"href":"https:\/\/lasentinelle.dz\/index.php\/wp-json\/wp\/v2\/types\/post"}],"author":[{"embeddable":true,"href":"https:\/\/lasentinelle.dz\/index.php\/wp-json\/wp\/v2\/users\/6"}],"replies":[{"embeddable":true,"href":"https:\/\/lasentinelle.dz\/index.php\/wp-json\/wp\/v2\/comments?post=60766"}],"version-history":[{"count":1,"href":"https:\/\/lasentinelle.dz\/index.php\/wp-json\/wp\/v2\/posts\/60766\/revisions"}],"predecessor-version":[{"id":60768,"href":"https:\/\/lasentinelle.dz\/index.php\/wp-json\/wp\/v2\/posts\/60766\/revisions\/60768"}],"wp:featuredmedia":[{"embeddable":true,"href":"https:\/\/lasentinelle.dz\/index.php\/wp-json\/wp\/v2\/media\/60767"}],"wp:attachment":[{"href":"https:\/\/lasentinelle.dz\/index.php\/wp-json\/wp\/v2\/media?parent=60766"}],"wp:term":[{"taxonomy":"category","embeddable":true,"href":"https:\/\/lasentinelle.dz\/index.php\/wp-json\/wp\/v2\/categories?post=60766"},{"taxonomy":"post_tag","embeddable":true,"href":"https:\/\/lasentinelle.dz\/index.php\/wp-json\/wp\/v2\/tags?post=60766"}],"curies":[{"name":"wp","href":"https:\/\/api.w.org\/{rel}","templated":true}]}}