{"id":60769,"date":"2024-12-22T11:10:19","date_gmt":"2024-12-22T10:10:19","guid":{"rendered":"https:\/\/lasentinelle.dz\/?p=60769"},"modified":"2024-12-22T11:10:20","modified_gmt":"2024-12-22T10:10:20","slug":"algerie-cameroun-plaidoyer-pour-un-ordre-mondial-plus-juste","status":"publish","type":"post","link":"https:\/\/lasentinelle.dz\/index.php\/2024\/12\/22\/algerie-cameroun-plaidoyer-pour-un-ordre-mondial-plus-juste\/","title":{"rendered":"Alg\u00e9rie-Cameroun: Plaidoyer pour un ordre mondial plus juste"},"content":{"rendered":"\n<p>Dans un contexte international marqu\u00e9 par des mutations profondes et une qu\u00eate croissante de multipolarit\u00e9, l&rsquo;Alg\u00e9rie et le Cameroun affirment leur volont\u00e9 commune de contribuer \u00e0 l&rsquo;\u00e9mergence d&rsquo;un nouvel ordre mondial plus \u00e9quitable. Cette convergence de vues s&rsquo;est manifest\u00e9e hier lors d&rsquo;une importante rencontre \u00e0 Alger entre le ministre d&rsquo;\u00c9tat, ministre des Affaires \u00e9trang\u00e8res, de la Communaut\u00e9 nationale \u00e0 l\u2019\u00e9tranger et des Affaires africaines, Ahmed Attaf, et son homologue camerounais, Lejeune Mbella Mbella, marquant une nouvelle \u00e9tape dans les relations bilat\u00e9rales entre ces deux nations africaines influentes. Cette rencontre s&rsquo;inscrit dans un moment particuli\u00e8rement strat\u00e9gique, alors que l&rsquo;Alg\u00e9rie occupe un si\u00e8ge de membre non permanent au Conseil de s\u00e9curit\u00e9 des Nations Unies et que le Cameroun assume la pr\u00e9sidence de l&rsquo;Assembl\u00e9e g\u00e9n\u00e9rale des Nations Unies. Cette configuration unique offre aux deux pays une opportunit\u00e9 historique de porter la voix de l&rsquo;Afrique sur la sc\u00e8ne internationale avec une force renouvel\u00e9e. Dans une d\u00e9claration forte de sens, Attaf a affirm\u00e9 que \u00ab\u00a0l&rsquo;Alg\u00e9rie, en tant que membre non permanent du Conseil de s\u00e9curit\u00e9, et le Cameroun, en tant que pr\u00e9sident en exercice de l&rsquo;Assembl\u00e9e g\u00e9n\u00e9rale des Nations Unies, plaident pour l&rsquo;av\u00e8nement d&rsquo;un ordre international plus juste, plus \u00e9quitable et plus \u00e9quilibr\u00e9 (&#8230;), dans lequel notre continent africain aura une voix audible et un r\u00f4le important \u00e0 jouer en tant que partenaire respect\u00e9, fiable et pleinement engag\u00e9 \u00e0 apporter une contribution de qualit\u00e9 dans le traitement des d\u00e9fis r\u00e9gionaux et internationaux majeurs\u00a0\u00bb.Les relations alg\u00e9ro-camerounaises, ancr\u00e9es dans une histoire commune de plus de dix d\u00e9cennies, connaissent aujourd&rsquo;hui un nouvel \u00e9lan, comme en t\u00e9moignent les propos du ministre Attaf qui a soulign\u00e9 avec fiert\u00e9 que ces relations \u00ab\u00a0ont toujours repos\u00e9 sur la coop\u00e9ration, la solidarit\u00e9, l&rsquo;entente et le soutien mutuel en toutes circonstances\u00a0\u00bb. Cette dynamique positive s&rsquo;est r\u00e9cemment concr\u00e9tis\u00e9e par des avanc\u00e9es significatives dans plusieurs secteurs strat\u00e9giques, notamment la d\u00e9fense, la formation, le commerce, et plus r\u00e9cemment l&rsquo;aviation civile avec l&rsquo;inauguration en octobre 2023 d&rsquo;une liaison directe entre Alger et Douala. Le renforcement de ce partenariat bilat\u00e9ral s&rsquo;articule autour de trois axes majeurs clairement d\u00e9finis lors de cette rencontre. Le premier concerne le cadre juridique, avec la signature d&rsquo;un accord significatif sur l&rsquo;exemption de visas pour les d\u00e9tenteurs de passeports diplomatiques et de service, facilitant ainsi les \u00e9changes officiels entre les deux nations. Ahmed Attaf a pr\u00e9cis\u00e9 que plus de sept textes juridiques sont actuellement en cours de n\u00e9gociation, visant \u00e0 diversifier davantage le partenariat bilat\u00e9ral. Le deuxi\u00e8me axe de collaboration vise \u00e0 dynamiser les m\u00e9canismes institutionnels de coop\u00e9ration bilat\u00e9rale, notamment \u00e0 travers l&rsquo;organisation prochaine d&rsquo;une commission mixte et l&rsquo;activation du Conseil d&rsquo;affaires alg\u00e9ro-camerounais cr\u00e9\u00e9 en janvier 2023. Le troisi\u00e8me axe, particuli\u00e8rement ambitieux, concerne l&rsquo;actualisation des priorit\u00e9s de coop\u00e9ration, en capitalisant sur les acquis existants tout en explorant de nouveaux domaines prometteurs tels que l&rsquo;\u00e9nergie, les mines, l&rsquo;industrie pharmaceutique, l&rsquo;agriculture et la p\u00eache. Le ministre camerounais des Relations ext\u00e9rieures a confirm\u00e9 cette vision positive en d\u00e9clarant que cette rencontre \u00ab\u00a0marque un nouveau d\u00e9part dans les relations entre le Cameroun et l&rsquo;Alg\u00e9rie dans plusieurs domaines, visant \u00e0 renforcer le partenariat solide qui unit les deux pays depuis plus de soixante ans\u00a0\u00bb. Il a particuli\u00e8rement mis en avant les perspectives \u00e9conomiques ouvertes par les r\u00e9cents accords, notamment dans le domaine du transport a\u00e9rien. Dans le contexte de la Zone de libre-\u00e9change continentale africaine (ZLECAf), les deux pays manifestent une volont\u00e9 commune de stimuler le commerce intra-africain. Le ministre Mbella Mbella a d&rsquo;ailleurs soulign\u00e9 l&rsquo;importance de l&rsquo;exp\u00e9rience alg\u00e9rienne, rappelant que l&rsquo;Alg\u00e9rie, \u00ab\u00a0troisi\u00e8me plus grande puissance \u00e9conomique en Afrique\u00a0\u00bb, repr\u00e9sente un mod\u00e8le dont le Cameroun peut s&rsquo;inspirer pour l&rsquo;accompagnement de ses projets \u00e9conomiques. La coop\u00e9ration dans le domaine de l&rsquo;enseignement sup\u00e9rieur constitue \u00e9galement un pilier majeur de ce partenariat, avec la formation continue d&rsquo;\u00e9tudiants camerounais dans les universit\u00e9s alg\u00e9riennes. Cette dimension \u00e9ducative renforce les liens humains entre les deux nations et contribue au d\u00e9veloppement des comp\u00e9tences n\u00e9cessaires pour relever les d\u00e9fis futurs. Cette convergence de vues entre l&rsquo;Alg\u00e9rie et le Cameroun s&rsquo;inscrit dans une vision plus large de renforcement de l&rsquo;unit\u00e9 africaine et du r\u00f4le de l&rsquo;Union africaine. Comme l&rsquo;a soulign\u00e9 le Ahmed Attaf, les deux pays partagent \u00ab\u00a0un engagement ferme en faveur du projet d&rsquo;unit\u00e9 africaine et du renforcement du r\u00f4le de l&rsquo;Union africaine afin de mettre notre continent \u00e0 l&rsquo;abri des tiraillements et des polarisations qui caract\u00e9risent le monde actuel\u00a0\u00bb. Ce rapprochement alg\u00e9ro-camerounais illustre une volont\u00e9 commune de renforcer la position de l&rsquo;Afrique sur l&rsquo;\u00e9chiquier mondial, tout en d\u00e9veloppant des partenariats concrets et mutuellement b\u00e9n\u00e9fiques. Il t\u00e9moigne \u00e9galement de la capacit\u00e9 des nations africaines \u00e0 construire des alliances strat\u00e9giques pour faire face aux d\u00e9fis contemporains et contribuer \u00e0 l&rsquo;\u00e9mergence d&rsquo;un ordre mondial plus \u00e9quitable.<\/p>\n\n\n\n<p>Samir Benisid<\/p>\n","protected":false},"excerpt":{"rendered":"<p>Dans un contexte international marqu\u00e9 par des mutations profondes et une qu\u00eate croissante de multipolarit\u00e9, l&rsquo;Alg\u00e9rie et le Cameroun affirment<\/p>\n","protected":false},"author":6,"featured_media":60770,"comment_status":"open","ping_status":"closed","sticky":false,"template":"","format":"standard","meta":{"colormag_page_container_layout":"default_layout","colormag_page_sidebar_layout":"default_layout","om_disable_all_campaigns":false,"_monsterinsights_skip_tracking":false,"_monsterinsights_sitenote_active":false,"_monsterinsights_sitenote_note":"","_monsterinsights_sitenote_category":0,"footnotes":"","_wpscppro_dont_share_socialmedia":false,"_wpscppro_custom_social_share_image":0,"_facebook_share_type":"default","_twitter_share_type":"default","_linkedin_share_type":"default","_pinterest_share_type":"default","_linkedin_share_type_page":"","_instagram_share_type":"default","_medium_share_type":"default","_threads_share_type":"","_google_business_share_type":"","_selected_social_profile":[],"_wpsp_enable_custom_social_template":false,"_wpsp_social_scheduling":{"enabled":false,"datetime":null,"platforms":[],"status":"template_only","dateOption":"today","timeOption":"now","customDays":"","customHours":"","customDate":"","customTime":"","schedulingType":"absolute"},"_wpsp_active_default_template":true},"categories":[52,27],"tags":[],"class_list":["post-60769","post","type-post","status-publish","format-standard","has-post-thumbnail","hentry","category-a-la-une","category-actualite"],"aioseo_notices":[],"yoast_head":"<!-- This site is optimized with the Yoast SEO plugin v27.5 - https:\/\/yoast.com\/product\/yoast-seo-wordpress\/ -->\n<title>Alg\u00e9rie-Cameroun: Plaidoyer pour un ordre mondial plus juste - La Sentinelle<\/title>\n<meta name=\"robots\" content=\"index, follow, max-snippet:-1, max-image-preview:large, max-video-preview:-1\" \/>\n<link rel=\"canonical\" href=\"https:\/\/lasentinelle.dz\/index.php\/2024\/12\/22\/algerie-cameroun-plaidoyer-pour-un-ordre-mondial-plus-juste\/\" \/>\n<meta property=\"og:locale\" content=\"fr_FR\" \/>\n<meta property=\"og:type\" content=\"article\" \/>\n<meta property=\"og:title\" content=\"Alg\u00e9rie-Cameroun: Plaidoyer pour un ordre mondial plus juste - La Sentinelle\" \/>\n<meta property=\"og:description\" content=\"Dans un contexte international marqu\u00e9 par des mutations profondes et une qu\u00eate croissante de multipolarit\u00e9, l&rsquo;Alg\u00e9rie et le Cameroun affirment\" \/>\n<meta property=\"og:url\" content=\"https:\/\/lasentinelle.dz\/index.php\/2024\/12\/22\/algerie-cameroun-plaidoyer-pour-un-ordre-mondial-plus-juste\/\" \/>\n<meta property=\"og:site_name\" content=\"La Sentinelle\" \/>\n<meta property=\"article:publisher\" content=\"https:\/\/www.facebook.com\/La-Sentinelle-104059864394773\" \/>\n<meta property=\"article:published_time\" content=\"2024-12-22T10:10:19+00:00\" \/>\n<meta property=\"article:modified_time\" content=\"2024-12-22T10:10:20+00:00\" \/>\n<meta property=\"og:image\" content=\"https:\/\/lasentinelle.dz\/wp-content\/uploads\/2024\/12\/Attaf-Cameroun.jpg\" \/>\n\t<meta property=\"og:image:width\" content=\"900\" \/>\n\t<meta property=\"og:image:height\" content=\"500\" \/>\n\t<meta property=\"og:image:type\" content=\"image\/jpeg\" \/>\n<meta name=\"author\" content=\"admin\" \/>\n<meta name=\"twitter:card\" content=\"summary_large_image\" \/>\n<meta name=\"twitter:label1\" content=\"\u00c9crit par\" \/>\n\t<meta name=\"twitter:data1\" content=\"admin\" \/>\n\t<meta name=\"twitter:label2\" content=\"Dur\u00e9e de lecture estim\u00e9e\" \/>\n\t<meta name=\"twitter:data2\" content=\"5 minutes\" \/>\n<script type=\"application\/ld+json\" class=\"yoast-schema-graph\">{\"@context\":\"https:\\\/\\\/schema.org\",\"@graph\":[{\"@type\":\"Article\",\"@id\":\"https:\\\/\\\/lasentinelle.dz\\\/index.php\\\/2024\\\/12\\\/22\\\/algerie-cameroun-plaidoyer-pour-un-ordre-mondial-plus-juste\\\/#article\",\"isPartOf\":{\"@id\":\"https:\\\/\\\/lasentinelle.dz\\\/index.php\\\/2024\\\/12\\\/22\\\/algerie-cameroun-plaidoyer-pour-un-ordre-mondial-plus-juste\\\/\"},\"author\":{\"name\":\"admin\",\"@id\":\"https:\\\/\\\/lasentinelle.dz\\\/#\\\/schema\\\/person\\\/729ee0024f24e0b8c5ec17232f8e8b41\"},\"headline\":\"Alg\u00e9rie-Cameroun: Plaidoyer pour un ordre mondial plus juste\",\"datePublished\":\"2024-12-22T10:10:19+00:00\",\"dateModified\":\"2024-12-22T10:10:20+00:00\",\"mainEntityOfPage\":{\"@id\":\"https:\\\/\\\/lasentinelle.dz\\\/index.php\\\/2024\\\/12\\\/22\\\/algerie-cameroun-plaidoyer-pour-un-ordre-mondial-plus-juste\\\/\"},\"wordCount\":904,\"commentCount\":0,\"publisher\":{\"@id\":\"https:\\\/\\\/lasentinelle.dz\\\/#organization\"},\"image\":{\"@id\":\"https:\\\/\\\/lasentinelle.dz\\\/index.php\\\/2024\\\/12\\\/22\\\/algerie-cameroun-plaidoyer-pour-un-ordre-mondial-plus-juste\\\/#primaryimage\"},\"thumbnailUrl\":\"https:\\\/\\\/lasentinelle.dz\\\/wp-content\\\/uploads\\\/2024\\\/12\\\/Attaf-Cameroun.jpg\",\"articleSection\":[\"\u00c0 la Une\",\"Actualit\u00e9\"],\"inLanguage\":\"fr-FR\",\"potentialAction\":[{\"@type\":\"CommentAction\",\"name\":\"Comment\",\"target\":[\"https:\\\/\\\/lasentinelle.dz\\\/index.php\\\/2024\\\/12\\\/22\\\/algerie-cameroun-plaidoyer-pour-un-ordre-mondial-plus-juste\\\/#respond\"]}]},{\"@type\":\"WebPage\",\"@id\":\"https:\\\/\\\/lasentinelle.dz\\\/index.php\\\/2024\\\/12\\\/22\\\/algerie-cameroun-plaidoyer-pour-un-ordre-mondial-plus-juste\\\/\",\"url\":\"https:\\\/\\\/lasentinelle.dz\\\/index.php\\\/2024\\\/12\\\/22\\\/algerie-cameroun-plaidoyer-pour-un-ordre-mondial-plus-juste\\\/\",\"name\":\"Alg\u00e9rie-Cameroun: Plaidoyer pour un ordre mondial plus juste - La Sentinelle\",\"isPartOf\":{\"@id\":\"https:\\\/\\\/lasentinelle.dz\\\/#website\"},\"primaryImageOfPage\":{\"@id\":\"https:\\\/\\\/lasentinelle.dz\\\/index.php\\\/2024\\\/12\\\/22\\\/algerie-cameroun-plaidoyer-pour-un-ordre-mondial-plus-juste\\\/#primaryimage\"},\"image\":{\"@id\":\"https:\\\/\\\/lasentinelle.dz\\\/index.php\\\/2024\\\/12\\\/22\\\/algerie-cameroun-plaidoyer-pour-un-ordre-mondial-plus-juste\\\/#primaryimage\"},\"thumbnailUrl\":\"https:\\\/\\\/lasentinelle.dz\\\/wp-content\\\/uploads\\\/2024\\\/12\\\/Attaf-Cameroun.jpg\",\"datePublished\":\"2024-12-22T10:10:19+00:00\",\"dateModified\":\"2024-12-22T10:10:20+00:00\",\"breadcrumb\":{\"@id\":\"https:\\\/\\\/lasentinelle.dz\\\/index.php\\\/2024\\\/12\\\/22\\\/algerie-cameroun-plaidoyer-pour-un-ordre-mondial-plus-juste\\\/#breadcrumb\"},\"inLanguage\":\"fr-FR\",\"potentialAction\":[{\"@type\":\"ReadAction\",\"target\":[\"https:\\\/\\\/lasentinelle.dz\\\/index.php\\\/2024\\\/12\\\/22\\\/algerie-cameroun-plaidoyer-pour-un-ordre-mondial-plus-juste\\\/\"]}]},{\"@type\":\"ImageObject\",\"inLanguage\":\"fr-FR\",\"@id\":\"https:\\\/\\\/lasentinelle.dz\\\/index.php\\\/2024\\\/12\\\/22\\\/algerie-cameroun-plaidoyer-pour-un-ordre-mondial-plus-juste\\\/#primaryimage\",\"url\":\"https:\\\/\\\/lasentinelle.dz\\\/wp-content\\\/uploads\\\/2024\\\/12\\\/Attaf-Cameroun.jpg\",\"contentUrl\":\"https:\\\/\\\/lasentinelle.dz\\\/wp-content\\\/uploads\\\/2024\\\/12\\\/Attaf-Cameroun.jpg\",\"width\":900,\"height\":500},{\"@type\":\"BreadcrumbList\",\"@id\":\"https:\\\/\\\/lasentinelle.dz\\\/index.php\\\/2024\\\/12\\\/22\\\/algerie-cameroun-plaidoyer-pour-un-ordre-mondial-plus-juste\\\/#breadcrumb\",\"itemListElement\":[{\"@type\":\"ListItem\",\"position\":1,\"name\":\"Accueil\",\"item\":\"https:\\\/\\\/lasentinelle.dz\\\/\"},{\"@type\":\"ListItem\",\"position\":2,\"name\":\"Alg\u00e9rie-Cameroun: Plaidoyer pour un ordre mondial plus juste\"}]},{\"@type\":\"WebSite\",\"@id\":\"https:\\\/\\\/lasentinelle.dz\\\/#website\",\"url\":\"https:\\\/\\\/lasentinelle.dz\\\/\",\"name\":\"La Sentinelle\",\"description\":\"Quotidien national d&#039;information\",\"publisher\":{\"@id\":\"https:\\\/\\\/lasentinelle.dz\\\/#organization\"},\"potentialAction\":[{\"@type\":\"SearchAction\",\"target\":{\"@type\":\"EntryPoint\",\"urlTemplate\":\"https:\\\/\\\/lasentinelle.dz\\\/?s={search_term_string}\"},\"query-input\":{\"@type\":\"PropertyValueSpecification\",\"valueRequired\":true,\"valueName\":\"search_term_string\"}}],\"inLanguage\":\"fr-FR\"},{\"@type\":\"Organization\",\"@id\":\"https:\\\/\\\/lasentinelle.dz\\\/#organization\",\"name\":\"Quotidien La Sentinelle\",\"url\":\"https:\\\/\\\/lasentinelle.dz\\\/\",\"logo\":{\"@type\":\"ImageObject\",\"inLanguage\":\"fr-FR\",\"@id\":\"https:\\\/\\\/lasentinelle.dz\\\/#\\\/schema\\\/logo\\\/image\\\/\",\"url\":\"https:\\\/\\\/lasentinelle.dz\\\/wp-content\\\/uploads\\\/2021\\\/09\\\/logo-sentinelleSLOGAN-1.png\",\"contentUrl\":\"https:\\\/\\\/lasentinelle.dz\\\/wp-content\\\/uploads\\\/2021\\\/09\\\/logo-sentinelleSLOGAN-1.png\",\"width\":615,\"height\":142,\"caption\":\"Quotidien La Sentinelle\"},\"image\":{\"@id\":\"https:\\\/\\\/lasentinelle.dz\\\/#\\\/schema\\\/logo\\\/image\\\/\"},\"sameAs\":[\"https:\\\/\\\/www.facebook.com\\\/La-Sentinelle-104059864394773\"]},{\"@type\":\"Person\",\"@id\":\"https:\\\/\\\/lasentinelle.dz\\\/#\\\/schema\\\/person\\\/729ee0024f24e0b8c5ec17232f8e8b41\",\"name\":\"admin\",\"image\":{\"@type\":\"ImageObject\",\"inLanguage\":\"fr-FR\",\"@id\":\"https:\\\/\\\/secure.gravatar.com\\\/avatar\\\/4c81fed838786e9b53f540bf46533e750f5d292099ae3b66cfc6fb1982e29df7?s=96&d=mm&r=g\",\"url\":\"https:\\\/\\\/secure.gravatar.com\\\/avatar\\\/4c81fed838786e9b53f540bf46533e750f5d292099ae3b66cfc6fb1982e29df7?s=96&d=mm&r=g\",\"contentUrl\":\"https:\\\/\\\/secure.gravatar.com\\\/avatar\\\/4c81fed838786e9b53f540bf46533e750f5d292099ae3b66cfc6fb1982e29df7?s=96&d=mm&r=g\",\"caption\":\"admin\"},\"description\":\"admin\",\"url\":\"https:\\\/\\\/lasentinelle.dz\\\/author\\\/admin\\\/\"}]}<\/script>\n<!-- \/ Yoast SEO plugin. -->","yoast_head_json":{"title":"Alg\u00e9rie-Cameroun: Plaidoyer pour un ordre mondial plus juste - La Sentinelle","robots":{"index":"index","follow":"follow","max-snippet":"max-snippet:-1","max-image-preview":"max-image-preview:large","max-video-preview":"max-video-preview:-1"},"canonical":"https:\/\/lasentinelle.dz\/index.php\/2024\/12\/22\/algerie-cameroun-plaidoyer-pour-un-ordre-mondial-plus-juste\/","og_locale":"fr_FR","og_type":"article","og_title":"Alg\u00e9rie-Cameroun: Plaidoyer pour un ordre mondial plus juste - La Sentinelle","og_description":"Dans un contexte international marqu\u00e9 par des mutations profondes et une qu\u00eate croissante de multipolarit\u00e9, l&rsquo;Alg\u00e9rie et le Cameroun affirment","og_url":"https:\/\/lasentinelle.dz\/index.php\/2024\/12\/22\/algerie-cameroun-plaidoyer-pour-un-ordre-mondial-plus-juste\/","og_site_name":"La Sentinelle","article_publisher":"https:\/\/www.facebook.com\/La-Sentinelle-104059864394773","article_published_time":"2024-12-22T10:10:19+00:00","article_modified_time":"2024-12-22T10:10:20+00:00","og_image":[{"width":900,"height":500,"url":"https:\/\/lasentinelle.dz\/wp-content\/uploads\/2024\/12\/Attaf-Cameroun.jpg","type":"image\/jpeg"}],"author":"admin","twitter_card":"summary_large_image","twitter_misc":{"\u00c9crit par":"admin","Dur\u00e9e de lecture estim\u00e9e":"5 minutes"},"schema":{"@context":"https:\/\/schema.org","@graph":[{"@type":"Article","@id":"https:\/\/lasentinelle.dz\/index.php\/2024\/12\/22\/algerie-cameroun-plaidoyer-pour-un-ordre-mondial-plus-juste\/#article","isPartOf":{"@id":"https:\/\/lasentinelle.dz\/index.php\/2024\/12\/22\/algerie-cameroun-plaidoyer-pour-un-ordre-mondial-plus-juste\/"},"author":{"name":"admin","@id":"https:\/\/lasentinelle.dz\/#\/schema\/person\/729ee0024f24e0b8c5ec17232f8e8b41"},"headline":"Alg\u00e9rie-Cameroun: Plaidoyer pour un ordre mondial plus juste","datePublished":"2024-12-22T10:10:19+00:00","dateModified":"2024-12-22T10:10:20+00:00","mainEntityOfPage":{"@id":"https:\/\/lasentinelle.dz\/index.php\/2024\/12\/22\/algerie-cameroun-plaidoyer-pour-un-ordre-mondial-plus-juste\/"},"wordCount":904,"commentCount":0,"publisher":{"@id":"https:\/\/lasentinelle.dz\/#organization"},"image":{"@id":"https:\/\/lasentinelle.dz\/index.php\/2024\/12\/22\/algerie-cameroun-plaidoyer-pour-un-ordre-mondial-plus-juste\/#primaryimage"},"thumbnailUrl":"https:\/\/lasentinelle.dz\/wp-content\/uploads\/2024\/12\/Attaf-Cameroun.jpg","articleSection":["\u00c0 la Une","Actualit\u00e9"],"inLanguage":"fr-FR","potentialAction":[{"@type":"CommentAction","name":"Comment","target":["https:\/\/lasentinelle.dz\/index.php\/2024\/12\/22\/algerie-cameroun-plaidoyer-pour-un-ordre-mondial-plus-juste\/#respond"]}]},{"@type":"WebPage","@id":"https:\/\/lasentinelle.dz\/index.php\/2024\/12\/22\/algerie-cameroun-plaidoyer-pour-un-ordre-mondial-plus-juste\/","url":"https:\/\/lasentinelle.dz\/index.php\/2024\/12\/22\/algerie-cameroun-plaidoyer-pour-un-ordre-mondial-plus-juste\/","name":"Alg\u00e9rie-Cameroun: Plaidoyer pour un ordre mondial plus juste - La Sentinelle","isPartOf":{"@id":"https:\/\/lasentinelle.dz\/#website"},"primaryImageOfPage":{"@id":"https:\/\/lasentinelle.dz\/index.php\/2024\/12\/22\/algerie-cameroun-plaidoyer-pour-un-ordre-mondial-plus-juste\/#primaryimage"},"image":{"@id":"https:\/\/lasentinelle.dz\/index.php\/2024\/12\/22\/algerie-cameroun-plaidoyer-pour-un-ordre-mondial-plus-juste\/#primaryimage"},"thumbnailUrl":"https:\/\/lasentinelle.dz\/wp-content\/uploads\/2024\/12\/Attaf-Cameroun.jpg","datePublished":"2024-12-22T10:10:19+00:00","dateModified":"2024-12-22T10:10:20+00:00","breadcrumb":{"@id":"https:\/\/lasentinelle.dz\/index.php\/2024\/12\/22\/algerie-cameroun-plaidoyer-pour-un-ordre-mondial-plus-juste\/#breadcrumb"},"inLanguage":"fr-FR","potentialAction":[{"@type":"ReadAction","target":["https:\/\/lasentinelle.dz\/index.php\/2024\/12\/22\/algerie-cameroun-plaidoyer-pour-un-ordre-mondial-plus-juste\/"]}]},{"@type":"ImageObject","inLanguage":"fr-FR","@id":"https:\/\/lasentinelle.dz\/index.php\/2024\/12\/22\/algerie-cameroun-plaidoyer-pour-un-ordre-mondial-plus-juste\/#primaryimage","url":"https:\/\/lasentinelle.dz\/wp-content\/uploads\/2024\/12\/Attaf-Cameroun.jpg","contentUrl":"https:\/\/lasentinelle.dz\/wp-content\/uploads\/2024\/12\/Attaf-Cameroun.jpg","width":900,"height":500},{"@type":"BreadcrumbList","@id":"https:\/\/lasentinelle.dz\/index.php\/2024\/12\/22\/algerie-cameroun-plaidoyer-pour-un-ordre-mondial-plus-juste\/#breadcrumb","itemListElement":[{"@type":"ListItem","position":1,"name":"Accueil","item":"https:\/\/lasentinelle.dz\/"},{"@type":"ListItem","position":2,"name":"Alg\u00e9rie-Cameroun: Plaidoyer pour un ordre mondial plus juste"}]},{"@type":"WebSite","@id":"https:\/\/lasentinelle.dz\/#website","url":"https:\/\/lasentinelle.dz\/","name":"La Sentinelle","description":"Quotidien national d&#039;information","publisher":{"@id":"https:\/\/lasentinelle.dz\/#organization"},"potentialAction":[{"@type":"SearchAction","target":{"@type":"EntryPoint","urlTemplate":"https:\/\/lasentinelle.dz\/?s={search_term_string}"},"query-input":{"@type":"PropertyValueSpecification","valueRequired":true,"valueName":"search_term_string"}}],"inLanguage":"fr-FR"},{"@type":"Organization","@id":"https:\/\/lasentinelle.dz\/#organization","name":"Quotidien La Sentinelle","url":"https:\/\/lasentinelle.dz\/","logo":{"@type":"ImageObject","inLanguage":"fr-FR","@id":"https:\/\/lasentinelle.dz\/#\/schema\/logo\/image\/","url":"https:\/\/lasentinelle.dz\/wp-content\/uploads\/2021\/09\/logo-sentinelleSLOGAN-1.png","contentUrl":"https:\/\/lasentinelle.dz\/wp-content\/uploads\/2021\/09\/logo-sentinelleSLOGAN-1.png","width":615,"height":142,"caption":"Quotidien La Sentinelle"},"image":{"@id":"https:\/\/lasentinelle.dz\/#\/schema\/logo\/image\/"},"sameAs":["https:\/\/www.facebook.com\/La-Sentinelle-104059864394773"]},{"@type":"Person","@id":"https:\/\/lasentinelle.dz\/#\/schema\/person\/729ee0024f24e0b8c5ec17232f8e8b41","name":"admin","image":{"@type":"ImageObject","inLanguage":"fr-FR","@id":"https:\/\/secure.gravatar.com\/avatar\/4c81fed838786e9b53f540bf46533e750f5d292099ae3b66cfc6fb1982e29df7?s=96&d=mm&r=g","url":"https:\/\/secure.gravatar.com\/avatar\/4c81fed838786e9b53f540bf46533e750f5d292099ae3b66cfc6fb1982e29df7?s=96&d=mm&r=g","contentUrl":"https:\/\/secure.gravatar.com\/avatar\/4c81fed838786e9b53f540bf46533e750f5d292099ae3b66cfc6fb1982e29df7?s=96&d=mm&r=g","caption":"admin"},"description":"admin","url":"https:\/\/lasentinelle.dz\/author\/admin\/"}]}},"_links":{"self":[{"href":"https:\/\/lasentinelle.dz\/index.php\/wp-json\/wp\/v2\/posts\/60769","targetHints":{"allow":["GET"]}}],"collection":[{"href":"https:\/\/lasentinelle.dz\/index.php\/wp-json\/wp\/v2\/posts"}],"about":[{"href":"https:\/\/lasentinelle.dz\/index.php\/wp-json\/wp\/v2\/types\/post"}],"author":[{"embeddable":true,"href":"https:\/\/lasentinelle.dz\/index.php\/wp-json\/wp\/v2\/users\/6"}],"replies":[{"embeddable":true,"href":"https:\/\/lasentinelle.dz\/index.php\/wp-json\/wp\/v2\/comments?post=60769"}],"version-history":[{"count":1,"href":"https:\/\/lasentinelle.dz\/index.php\/wp-json\/wp\/v2\/posts\/60769\/revisions"}],"predecessor-version":[{"id":60771,"href":"https:\/\/lasentinelle.dz\/index.php\/wp-json\/wp\/v2\/posts\/60769\/revisions\/60771"}],"wp:featuredmedia":[{"embeddable":true,"href":"https:\/\/lasentinelle.dz\/index.php\/wp-json\/wp\/v2\/media\/60770"}],"wp:attachment":[{"href":"https:\/\/lasentinelle.dz\/index.php\/wp-json\/wp\/v2\/media?parent=60769"}],"wp:term":[{"taxonomy":"category","embeddable":true,"href":"https:\/\/lasentinelle.dz\/index.php\/wp-json\/wp\/v2\/categories?post=60769"},{"taxonomy":"post_tag","embeddable":true,"href":"https:\/\/lasentinelle.dz\/index.php\/wp-json\/wp\/v2\/tags?post=60769"}],"curies":[{"name":"wp","href":"https:\/\/api.w.org\/{rel}","templated":true}]}}