{"id":60818,"date":"2024-12-23T12:35:15","date_gmt":"2024-12-23T11:35:15","guid":{"rendered":"https:\/\/lasentinelle.dz\/?p=60818"},"modified":"2024-12-23T12:35:16","modified_gmt":"2024-12-23T11:35:16","slug":"un-recensement-du-produit-algerien-lance-en-janvier-2025","status":"publish","type":"post","link":"https:\/\/lasentinelle.dz\/index.php\/2024\/12\/23\/un-recensement-du-produit-algerien-lance-en-janvier-2025\/","title":{"rendered":"Un recensement du produit alg\u00e9rien lanc\u00e9 en janvier 2025"},"content":{"rendered":"\n<p>Le ministre du Commerce int\u00e9rieur et de la R\u00e9gulation du march\u00e9 national, Tayeb Zitouni a pr\u00e9sid\u00e9, hier \u00e0 Alger, la c\u00e9r\u00e9monie d\u2019installation de la commission nationale charg\u00e9e de l\u2019op\u00e9ration du recensement du produit alg\u00e9rien, qui sera lanc\u00e9e \u00e0 partir du mois de janvier 2025, selon un communiqu\u00e9 de ce minist\u00e8re diffus\u00e9 sur sa page Facebook.<\/p>\n\n\n\n<p>Selon ce communiqu\u00e9, cette commission nationale est compos\u00e9e notamment des cadres centraux du minist\u00e8re, des repr\u00e9sentants des organismes sous tutelle dont la Chambre alg\u00e9rienne du commerce et de l\u2019industrie (CACI), le Centre national du registre du commerce (CNRC), le Centre alg\u00e9rien de contr\u00f4le de la qualit\u00e9, le groupe SAFEX (Soci\u00e9t\u00e9 alg\u00e9rienne des foires et des expositions) et la Soci\u00e9t\u00e9 de r\u00e9alisation et de gestion des march\u00e9s de gros \u00ab&nbsp;Magro&nbsp;\u00bb.<\/p>\n\n\n\n<p>Selon la m\u00eame source, des commissions de wilayas charg\u00e9e de l\u2019op\u00e9ration du recensement du produit alg\u00e9rien seront cr\u00e9\u00e9s, \u00e9galement, sous la supervision des walis et elles seront pr\u00e9sid\u00e9es par les directeurs locaux du commerce int\u00e9rieur et de la r\u00e9gulation du march\u00e9 national, pr\u00e9cisant que ces commissions de wilayas seront compos\u00e9es principalement des repr\u00e9sentants des organismes sous tutelle du minist\u00e8re du Commerce int\u00e9rieur et des repr\u00e9sentants des diff\u00e9rents secteurs d\u2019activit\u00e9s concern\u00e9s par cette op\u00e9ration.<\/p>\n\n\n\n<p>Intervenant lors de cette c\u00e9r\u00e9monie , le ministre du Commerce int\u00e9rieur et de la R\u00e9gulation du march\u00e9 national a insist\u00e9, selon ce communiqu\u00e9, sur l\u2019importance de cette op\u00e9ration qui permettra de constituer une base de donn\u00e9es pr\u00e9cises et globales sur la production nationale, affirmant au passage que ladite op\u00e9ration renforcera davantage la capacit\u00e9 du gouvernement dans la prise de d\u00e9cisions strat\u00e9giques afin de soutenir la production nationale et contribuer \u00e0 la r\u00e9alisation d\u2019un d\u00e9veloppement \u00e9conomique durable.<\/p>\n\n\n\n<p>Notons dans ce contexte que le directeur g\u00e9n\u00e9ral de la r\u00e9gulation des activit\u00e9s et de leur organisation au minist\u00e8re du Commerce int\u00e9rieur et de la R\u00e9gulation du march\u00e9 national, Ahmed Mokrani a expliqu\u00e9 hier, lors d\u2019une intervention sur les ondes de la Radio alg\u00e9rienne que cette op\u00e9ration concernera 186 000 op\u00e9rateurs \u00e9conomiques dans divers secteurs.<\/p>\n\n\n\n<p>Et d\u2019ajouter que ce recensement permettra \u00e9galement de guider les autorit\u00e9s publiques dans les d\u00e9marches d&rsquo;investissement.<\/p>\n\n\n\n<p>Ceci dit, le lancement de l\u2019op\u00e9ration de recensement \u00e9conomique intervient, selon les observateurs, apr\u00e8s la finalisation et la publication des r\u00e9sultats partiels du troisi\u00e8me recensement g\u00e9n\u00e9ral de l\u2019agriculture (RGA) lanc\u00e9e en juillet dernier par le minist\u00e8re de l\u2019Agriculture et du D\u00e9veloppement rural et il permettra de compl\u00e9ter la base de donn\u00e9es \u00e9labor\u00e9e par les services de ce minist\u00e8re pour assurer une meilleure maitrise de la production nationale et une r\u00e9gulation efficace et efficiente du march\u00e9 national.<\/p>\n\n\n\n<p>Un processus qui passe, selon ces observateurs, par la mise en place d\u2019un tableau de bord d\u00e9taill\u00e9 comportant des donn\u00e9es fiables sur les diff\u00e9rentes filiales et branches d\u2019activit\u00e9s \u00e9conomiques, accompagn\u00e9s de donn\u00e9es sur la consommation nationale des m\u00e9nages en terme notamment de produits alimentaires, agroalimentaires et agricoles.<\/p>\n\n\n\n<p>Autrement dit, ce travail fastidieux qui est men\u00e9, actuellement, par le minist\u00e8re du Commerce int\u00e9rieur et de la R\u00e9gulation du march\u00e9 national en concertation avec l\u2019ensemble des acteurs de la sph\u00e8re \u00e9conomique s\u2019inscrit, aussi, dans le cadre de la strat\u00e9gie nationale de promotion et de d\u00e9veloppement des exportations hors hydrocarbures et la r\u00e9duction de la facture d\u2019importation des biens alimentaires et agricoles, tout en renfor\u00e7ant les capacit\u00e9s de la production nationale. Des objectifs qui figurent parmi les principales priorit\u00e9s du Pr\u00e9sident de la R\u00e9publique, M. Abdelmadjid Tebboune, qui a plac\u00e9 l\u2019ann\u00e9e 2025 sous le signe du renouveau \u00e9conomique.<\/p>\n\n\n\n<p>Hakim Aomar<\/p>\n","protected":false},"excerpt":{"rendered":"<p>Le ministre du Commerce int\u00e9rieur et de la R\u00e9gulation du march\u00e9 national, Tayeb Zitouni a pr\u00e9sid\u00e9, hier \u00e0 Alger, la<\/p>\n","protected":false},"author":6,"featured_media":60819,"comment_status":"open","ping_status":"closed","sticky":false,"template":"","format":"standard","meta":{"colormag_page_container_layout":"default_layout","colormag_page_sidebar_layout":"default_layout","om_disable_all_campaigns":false,"_monsterinsights_skip_tracking":false,"_monsterinsights_sitenote_active":false,"_monsterinsights_sitenote_note":"","_monsterinsights_sitenote_category":0,"footnotes":"","_wpscppro_dont_share_socialmedia":false,"_wpscppro_custom_social_share_image":0,"_facebook_share_type":"default","_twitter_share_type":"default","_linkedin_share_type":"default","_pinterest_share_type":"default","_linkedin_share_type_page":"","_instagram_share_type":"default","_medium_share_type":"default","_threads_share_type":"","_google_business_share_type":"","_selected_social_profile":[],"_wpsp_enable_custom_social_template":false,"_wpsp_social_scheduling":{"enabled":false,"datetime":null,"platforms":[],"status":"template_only","dateOption":"today","timeOption":"now","customDays":"","customHours":"","customDate":"","customTime":"","schedulingType":"absolute"},"_wpsp_active_default_template":true},"categories":[52,27],"tags":[],"class_list":["post-60818","post","type-post","status-publish","format-standard","has-post-thumbnail","hentry","category-a-la-une","category-actualite"],"aioseo_notices":[],"yoast_head":"<!-- This site is optimized with the Yoast SEO plugin v27.5 - https:\/\/yoast.com\/product\/yoast-seo-wordpress\/ -->\n<title>Un recensement du produit alg\u00e9rien lanc\u00e9 en janvier 2025 - La Sentinelle<\/title>\n<meta name=\"robots\" content=\"index, follow, max-snippet:-1, max-image-preview:large, max-video-preview:-1\" \/>\n<link rel=\"canonical\" href=\"https:\/\/lasentinelle.dz\/index.php\/2024\/12\/23\/un-recensement-du-produit-algerien-lance-en-janvier-2025\/\" \/>\n<meta property=\"og:locale\" content=\"fr_FR\" \/>\n<meta property=\"og:type\" content=\"article\" \/>\n<meta property=\"og:title\" content=\"Un recensement du produit alg\u00e9rien lanc\u00e9 en janvier 2025 - La Sentinelle\" \/>\n<meta property=\"og:description\" content=\"Le ministre du Commerce int\u00e9rieur et de la R\u00e9gulation du march\u00e9 national, Tayeb Zitouni a pr\u00e9sid\u00e9, hier \u00e0 Alger, la\" \/>\n<meta property=\"og:url\" content=\"https:\/\/lasentinelle.dz\/index.php\/2024\/12\/23\/un-recensement-du-produit-algerien-lance-en-janvier-2025\/\" \/>\n<meta property=\"og:site_name\" content=\"La Sentinelle\" \/>\n<meta property=\"article:publisher\" content=\"https:\/\/www.facebook.com\/La-Sentinelle-104059864394773\" \/>\n<meta property=\"article:published_time\" content=\"2024-12-23T11:35:15+00:00\" \/>\n<meta property=\"article:modified_time\" content=\"2024-12-23T11:35:16+00:00\" \/>\n<meta property=\"og:image\" content=\"https:\/\/lasentinelle.dz\/wp-content\/uploads\/2024\/12\/zitouni.jpeg\" \/>\n\t<meta property=\"og:image:width\" content=\"1080\" \/>\n\t<meta property=\"og:image:height\" content=\"810\" \/>\n\t<meta property=\"og:image:type\" content=\"image\/jpeg\" \/>\n<meta name=\"author\" content=\"admin\" \/>\n<meta name=\"twitter:card\" content=\"summary_large_image\" \/>\n<meta name=\"twitter:label1\" content=\"\u00c9crit par\" \/>\n\t<meta name=\"twitter:data1\" content=\"admin\" \/>\n\t<meta name=\"twitter:label2\" content=\"Dur\u00e9e de lecture estim\u00e9e\" \/>\n\t<meta name=\"twitter:data2\" content=\"4 minutes\" \/>\n<script type=\"application\/ld+json\" class=\"yoast-schema-graph\">{\"@context\":\"https:\\\/\\\/schema.org\",\"@graph\":[{\"@type\":\"Article\",\"@id\":\"https:\\\/\\\/lasentinelle.dz\\\/index.php\\\/2024\\\/12\\\/23\\\/un-recensement-du-produit-algerien-lance-en-janvier-2025\\\/#article\",\"isPartOf\":{\"@id\":\"https:\\\/\\\/lasentinelle.dz\\\/index.php\\\/2024\\\/12\\\/23\\\/un-recensement-du-produit-algerien-lance-en-janvier-2025\\\/\"},\"author\":{\"name\":\"admin\",\"@id\":\"https:\\\/\\\/lasentinelle.dz\\\/#\\\/schema\\\/person\\\/729ee0024f24e0b8c5ec17232f8e8b41\"},\"headline\":\"Un recensement du produit alg\u00e9rien lanc\u00e9 en janvier 2025\",\"datePublished\":\"2024-12-23T11:35:15+00:00\",\"dateModified\":\"2024-12-23T11:35:16+00:00\",\"mainEntityOfPage\":{\"@id\":\"https:\\\/\\\/lasentinelle.dz\\\/index.php\\\/2024\\\/12\\\/23\\\/un-recensement-du-produit-algerien-lance-en-janvier-2025\\\/\"},\"wordCount\":687,\"commentCount\":1,\"publisher\":{\"@id\":\"https:\\\/\\\/lasentinelle.dz\\\/#organization\"},\"image\":{\"@id\":\"https:\\\/\\\/lasentinelle.dz\\\/index.php\\\/2024\\\/12\\\/23\\\/un-recensement-du-produit-algerien-lance-en-janvier-2025\\\/#primaryimage\"},\"thumbnailUrl\":\"https:\\\/\\\/lasentinelle.dz\\\/wp-content\\\/uploads\\\/2024\\\/12\\\/zitouni.jpeg\",\"articleSection\":[\"\u00c0 la Une\",\"Actualit\u00e9\"],\"inLanguage\":\"fr-FR\",\"potentialAction\":[{\"@type\":\"CommentAction\",\"name\":\"Comment\",\"target\":[\"https:\\\/\\\/lasentinelle.dz\\\/index.php\\\/2024\\\/12\\\/23\\\/un-recensement-du-produit-algerien-lance-en-janvier-2025\\\/#respond\"]}]},{\"@type\":\"WebPage\",\"@id\":\"https:\\\/\\\/lasentinelle.dz\\\/index.php\\\/2024\\\/12\\\/23\\\/un-recensement-du-produit-algerien-lance-en-janvier-2025\\\/\",\"url\":\"https:\\\/\\\/lasentinelle.dz\\\/index.php\\\/2024\\\/12\\\/23\\\/un-recensement-du-produit-algerien-lance-en-janvier-2025\\\/\",\"name\":\"Un recensement du produit alg\u00e9rien lanc\u00e9 en janvier 2025 - La Sentinelle\",\"isPartOf\":{\"@id\":\"https:\\\/\\\/lasentinelle.dz\\\/#website\"},\"primaryImageOfPage\":{\"@id\":\"https:\\\/\\\/lasentinelle.dz\\\/index.php\\\/2024\\\/12\\\/23\\\/un-recensement-du-produit-algerien-lance-en-janvier-2025\\\/#primaryimage\"},\"image\":{\"@id\":\"https:\\\/\\\/lasentinelle.dz\\\/index.php\\\/2024\\\/12\\\/23\\\/un-recensement-du-produit-algerien-lance-en-janvier-2025\\\/#primaryimage\"},\"thumbnailUrl\":\"https:\\\/\\\/lasentinelle.dz\\\/wp-content\\\/uploads\\\/2024\\\/12\\\/zitouni.jpeg\",\"datePublished\":\"2024-12-23T11:35:15+00:00\",\"dateModified\":\"2024-12-23T11:35:16+00:00\",\"breadcrumb\":{\"@id\":\"https:\\\/\\\/lasentinelle.dz\\\/index.php\\\/2024\\\/12\\\/23\\\/un-recensement-du-produit-algerien-lance-en-janvier-2025\\\/#breadcrumb\"},\"inLanguage\":\"fr-FR\",\"potentialAction\":[{\"@type\":\"ReadAction\",\"target\":[\"https:\\\/\\\/lasentinelle.dz\\\/index.php\\\/2024\\\/12\\\/23\\\/un-recensement-du-produit-algerien-lance-en-janvier-2025\\\/\"]}]},{\"@type\":\"ImageObject\",\"inLanguage\":\"fr-FR\",\"@id\":\"https:\\\/\\\/lasentinelle.dz\\\/index.php\\\/2024\\\/12\\\/23\\\/un-recensement-du-produit-algerien-lance-en-janvier-2025\\\/#primaryimage\",\"url\":\"https:\\\/\\\/lasentinelle.dz\\\/wp-content\\\/uploads\\\/2024\\\/12\\\/zitouni.jpeg\",\"contentUrl\":\"https:\\\/\\\/lasentinelle.dz\\\/wp-content\\\/uploads\\\/2024\\\/12\\\/zitouni.jpeg\",\"width\":1080,\"height\":810},{\"@type\":\"BreadcrumbList\",\"@id\":\"https:\\\/\\\/lasentinelle.dz\\\/index.php\\\/2024\\\/12\\\/23\\\/un-recensement-du-produit-algerien-lance-en-janvier-2025\\\/#breadcrumb\",\"itemListElement\":[{\"@type\":\"ListItem\",\"position\":1,\"name\":\"Accueil\",\"item\":\"https:\\\/\\\/lasentinelle.dz\\\/\"},{\"@type\":\"ListItem\",\"position\":2,\"name\":\"Un recensement du produit alg\u00e9rien lanc\u00e9 en janvier 2025\"}]},{\"@type\":\"WebSite\",\"@id\":\"https:\\\/\\\/lasentinelle.dz\\\/#website\",\"url\":\"https:\\\/\\\/lasentinelle.dz\\\/\",\"name\":\"La Sentinelle\",\"description\":\"Quotidien national d&#039;information\",\"publisher\":{\"@id\":\"https:\\\/\\\/lasentinelle.dz\\\/#organization\"},\"potentialAction\":[{\"@type\":\"SearchAction\",\"target\":{\"@type\":\"EntryPoint\",\"urlTemplate\":\"https:\\\/\\\/lasentinelle.dz\\\/?s={search_term_string}\"},\"query-input\":{\"@type\":\"PropertyValueSpecification\",\"valueRequired\":true,\"valueName\":\"search_term_string\"}}],\"inLanguage\":\"fr-FR\"},{\"@type\":\"Organization\",\"@id\":\"https:\\\/\\\/lasentinelle.dz\\\/#organization\",\"name\":\"Quotidien La Sentinelle\",\"url\":\"https:\\\/\\\/lasentinelle.dz\\\/\",\"logo\":{\"@type\":\"ImageObject\",\"inLanguage\":\"fr-FR\",\"@id\":\"https:\\\/\\\/lasentinelle.dz\\\/#\\\/schema\\\/logo\\\/image\\\/\",\"url\":\"https:\\\/\\\/lasentinelle.dz\\\/wp-content\\\/uploads\\\/2021\\\/09\\\/logo-sentinelleSLOGAN-1.png\",\"contentUrl\":\"https:\\\/\\\/lasentinelle.dz\\\/wp-content\\\/uploads\\\/2021\\\/09\\\/logo-sentinelleSLOGAN-1.png\",\"width\":615,\"height\":142,\"caption\":\"Quotidien La Sentinelle\"},\"image\":{\"@id\":\"https:\\\/\\\/lasentinelle.dz\\\/#\\\/schema\\\/logo\\\/image\\\/\"},\"sameAs\":[\"https:\\\/\\\/www.facebook.com\\\/La-Sentinelle-104059864394773\"]},{\"@type\":\"Person\",\"@id\":\"https:\\\/\\\/lasentinelle.dz\\\/#\\\/schema\\\/person\\\/729ee0024f24e0b8c5ec17232f8e8b41\",\"name\":\"admin\",\"image\":{\"@type\":\"ImageObject\",\"inLanguage\":\"fr-FR\",\"@id\":\"https:\\\/\\\/secure.gravatar.com\\\/avatar\\\/4c81fed838786e9b53f540bf46533e750f5d292099ae3b66cfc6fb1982e29df7?s=96&d=mm&r=g\",\"url\":\"https:\\\/\\\/secure.gravatar.com\\\/avatar\\\/4c81fed838786e9b53f540bf46533e750f5d292099ae3b66cfc6fb1982e29df7?s=96&d=mm&r=g\",\"contentUrl\":\"https:\\\/\\\/secure.gravatar.com\\\/avatar\\\/4c81fed838786e9b53f540bf46533e750f5d292099ae3b66cfc6fb1982e29df7?s=96&d=mm&r=g\",\"caption\":\"admin\"},\"description\":\"admin\",\"url\":\"https:\\\/\\\/lasentinelle.dz\\\/author\\\/admin\\\/\"}]}<\/script>\n<!-- \/ Yoast SEO plugin. -->","yoast_head_json":{"title":"Un recensement du produit alg\u00e9rien lanc\u00e9 en janvier 2025 - La Sentinelle","robots":{"index":"index","follow":"follow","max-snippet":"max-snippet:-1","max-image-preview":"max-image-preview:large","max-video-preview":"max-video-preview:-1"},"canonical":"https:\/\/lasentinelle.dz\/index.php\/2024\/12\/23\/un-recensement-du-produit-algerien-lance-en-janvier-2025\/","og_locale":"fr_FR","og_type":"article","og_title":"Un recensement du produit alg\u00e9rien lanc\u00e9 en janvier 2025 - La Sentinelle","og_description":"Le ministre du Commerce int\u00e9rieur et de la R\u00e9gulation du march\u00e9 national, Tayeb Zitouni a pr\u00e9sid\u00e9, hier \u00e0 Alger, la","og_url":"https:\/\/lasentinelle.dz\/index.php\/2024\/12\/23\/un-recensement-du-produit-algerien-lance-en-janvier-2025\/","og_site_name":"La Sentinelle","article_publisher":"https:\/\/www.facebook.com\/La-Sentinelle-104059864394773","article_published_time":"2024-12-23T11:35:15+00:00","article_modified_time":"2024-12-23T11:35:16+00:00","og_image":[{"width":1080,"height":810,"url":"https:\/\/lasentinelle.dz\/wp-content\/uploads\/2024\/12\/zitouni.jpeg","type":"image\/jpeg"}],"author":"admin","twitter_card":"summary_large_image","twitter_misc":{"\u00c9crit par":"admin","Dur\u00e9e de lecture estim\u00e9e":"4 minutes"},"schema":{"@context":"https:\/\/schema.org","@graph":[{"@type":"Article","@id":"https:\/\/lasentinelle.dz\/index.php\/2024\/12\/23\/un-recensement-du-produit-algerien-lance-en-janvier-2025\/#article","isPartOf":{"@id":"https:\/\/lasentinelle.dz\/index.php\/2024\/12\/23\/un-recensement-du-produit-algerien-lance-en-janvier-2025\/"},"author":{"name":"admin","@id":"https:\/\/lasentinelle.dz\/#\/schema\/person\/729ee0024f24e0b8c5ec17232f8e8b41"},"headline":"Un recensement du produit alg\u00e9rien lanc\u00e9 en janvier 2025","datePublished":"2024-12-23T11:35:15+00:00","dateModified":"2024-12-23T11:35:16+00:00","mainEntityOfPage":{"@id":"https:\/\/lasentinelle.dz\/index.php\/2024\/12\/23\/un-recensement-du-produit-algerien-lance-en-janvier-2025\/"},"wordCount":687,"commentCount":1,"publisher":{"@id":"https:\/\/lasentinelle.dz\/#organization"},"image":{"@id":"https:\/\/lasentinelle.dz\/index.php\/2024\/12\/23\/un-recensement-du-produit-algerien-lance-en-janvier-2025\/#primaryimage"},"thumbnailUrl":"https:\/\/lasentinelle.dz\/wp-content\/uploads\/2024\/12\/zitouni.jpeg","articleSection":["\u00c0 la Une","Actualit\u00e9"],"inLanguage":"fr-FR","potentialAction":[{"@type":"CommentAction","name":"Comment","target":["https:\/\/lasentinelle.dz\/index.php\/2024\/12\/23\/un-recensement-du-produit-algerien-lance-en-janvier-2025\/#respond"]}]},{"@type":"WebPage","@id":"https:\/\/lasentinelle.dz\/index.php\/2024\/12\/23\/un-recensement-du-produit-algerien-lance-en-janvier-2025\/","url":"https:\/\/lasentinelle.dz\/index.php\/2024\/12\/23\/un-recensement-du-produit-algerien-lance-en-janvier-2025\/","name":"Un recensement du produit alg\u00e9rien lanc\u00e9 en janvier 2025 - La Sentinelle","isPartOf":{"@id":"https:\/\/lasentinelle.dz\/#website"},"primaryImageOfPage":{"@id":"https:\/\/lasentinelle.dz\/index.php\/2024\/12\/23\/un-recensement-du-produit-algerien-lance-en-janvier-2025\/#primaryimage"},"image":{"@id":"https:\/\/lasentinelle.dz\/index.php\/2024\/12\/23\/un-recensement-du-produit-algerien-lance-en-janvier-2025\/#primaryimage"},"thumbnailUrl":"https:\/\/lasentinelle.dz\/wp-content\/uploads\/2024\/12\/zitouni.jpeg","datePublished":"2024-12-23T11:35:15+00:00","dateModified":"2024-12-23T11:35:16+00:00","breadcrumb":{"@id":"https:\/\/lasentinelle.dz\/index.php\/2024\/12\/23\/un-recensement-du-produit-algerien-lance-en-janvier-2025\/#breadcrumb"},"inLanguage":"fr-FR","potentialAction":[{"@type":"ReadAction","target":["https:\/\/lasentinelle.dz\/index.php\/2024\/12\/23\/un-recensement-du-produit-algerien-lance-en-janvier-2025\/"]}]},{"@type":"ImageObject","inLanguage":"fr-FR","@id":"https:\/\/lasentinelle.dz\/index.php\/2024\/12\/23\/un-recensement-du-produit-algerien-lance-en-janvier-2025\/#primaryimage","url":"https:\/\/lasentinelle.dz\/wp-content\/uploads\/2024\/12\/zitouni.jpeg","contentUrl":"https:\/\/lasentinelle.dz\/wp-content\/uploads\/2024\/12\/zitouni.jpeg","width":1080,"height":810},{"@type":"BreadcrumbList","@id":"https:\/\/lasentinelle.dz\/index.php\/2024\/12\/23\/un-recensement-du-produit-algerien-lance-en-janvier-2025\/#breadcrumb","itemListElement":[{"@type":"ListItem","position":1,"name":"Accueil","item":"https:\/\/lasentinelle.dz\/"},{"@type":"ListItem","position":2,"name":"Un recensement du produit alg\u00e9rien lanc\u00e9 en janvier 2025"}]},{"@type":"WebSite","@id":"https:\/\/lasentinelle.dz\/#website","url":"https:\/\/lasentinelle.dz\/","name":"La Sentinelle","description":"Quotidien national d&#039;information","publisher":{"@id":"https:\/\/lasentinelle.dz\/#organization"},"potentialAction":[{"@type":"SearchAction","target":{"@type":"EntryPoint","urlTemplate":"https:\/\/lasentinelle.dz\/?s={search_term_string}"},"query-input":{"@type":"PropertyValueSpecification","valueRequired":true,"valueName":"search_term_string"}}],"inLanguage":"fr-FR"},{"@type":"Organization","@id":"https:\/\/lasentinelle.dz\/#organization","name":"Quotidien La Sentinelle","url":"https:\/\/lasentinelle.dz\/","logo":{"@type":"ImageObject","inLanguage":"fr-FR","@id":"https:\/\/lasentinelle.dz\/#\/schema\/logo\/image\/","url":"https:\/\/lasentinelle.dz\/wp-content\/uploads\/2021\/09\/logo-sentinelleSLOGAN-1.png","contentUrl":"https:\/\/lasentinelle.dz\/wp-content\/uploads\/2021\/09\/logo-sentinelleSLOGAN-1.png","width":615,"height":142,"caption":"Quotidien La Sentinelle"},"image":{"@id":"https:\/\/lasentinelle.dz\/#\/schema\/logo\/image\/"},"sameAs":["https:\/\/www.facebook.com\/La-Sentinelle-104059864394773"]},{"@type":"Person","@id":"https:\/\/lasentinelle.dz\/#\/schema\/person\/729ee0024f24e0b8c5ec17232f8e8b41","name":"admin","image":{"@type":"ImageObject","inLanguage":"fr-FR","@id":"https:\/\/secure.gravatar.com\/avatar\/4c81fed838786e9b53f540bf46533e750f5d292099ae3b66cfc6fb1982e29df7?s=96&d=mm&r=g","url":"https:\/\/secure.gravatar.com\/avatar\/4c81fed838786e9b53f540bf46533e750f5d292099ae3b66cfc6fb1982e29df7?s=96&d=mm&r=g","contentUrl":"https:\/\/secure.gravatar.com\/avatar\/4c81fed838786e9b53f540bf46533e750f5d292099ae3b66cfc6fb1982e29df7?s=96&d=mm&r=g","caption":"admin"},"description":"admin","url":"https:\/\/lasentinelle.dz\/author\/admin\/"}]}},"_links":{"self":[{"href":"https:\/\/lasentinelle.dz\/index.php\/wp-json\/wp\/v2\/posts\/60818","targetHints":{"allow":["GET"]}}],"collection":[{"href":"https:\/\/lasentinelle.dz\/index.php\/wp-json\/wp\/v2\/posts"}],"about":[{"href":"https:\/\/lasentinelle.dz\/index.php\/wp-json\/wp\/v2\/types\/post"}],"author":[{"embeddable":true,"href":"https:\/\/lasentinelle.dz\/index.php\/wp-json\/wp\/v2\/users\/6"}],"replies":[{"embeddable":true,"href":"https:\/\/lasentinelle.dz\/index.php\/wp-json\/wp\/v2\/comments?post=60818"}],"version-history":[{"count":1,"href":"https:\/\/lasentinelle.dz\/index.php\/wp-json\/wp\/v2\/posts\/60818\/revisions"}],"predecessor-version":[{"id":60820,"href":"https:\/\/lasentinelle.dz\/index.php\/wp-json\/wp\/v2\/posts\/60818\/revisions\/60820"}],"wp:featuredmedia":[{"embeddable":true,"href":"https:\/\/lasentinelle.dz\/index.php\/wp-json\/wp\/v2\/media\/60819"}],"wp:attachment":[{"href":"https:\/\/lasentinelle.dz\/index.php\/wp-json\/wp\/v2\/media?parent=60818"}],"wp:term":[{"taxonomy":"category","embeddable":true,"href":"https:\/\/lasentinelle.dz\/index.php\/wp-json\/wp\/v2\/categories?post=60818"},{"taxonomy":"post_tag","embeddable":true,"href":"https:\/\/lasentinelle.dz\/index.php\/wp-json\/wp\/v2\/tags?post=60818"}],"curies":[{"name":"wp","href":"https:\/\/api.w.org\/{rel}","templated":true}]}}