{"id":60827,"date":"2024-12-23T12:51:42","date_gmt":"2024-12-23T11:51:42","guid":{"rendered":"https:\/\/lasentinelle.dz\/?p=60827"},"modified":"2024-12-23T12:51:43","modified_gmt":"2024-12-23T11:51:43","slug":"les-algeriens-font-bloc-face-aux-tentatives-de-destabilisation","status":"publish","type":"post","link":"https:\/\/lasentinelle.dz\/index.php\/2024\/12\/23\/les-algeriens-font-bloc-face-aux-tentatives-de-destabilisation\/","title":{"rendered":"Les Alg\u00e9riens font bloc face aux tentatives de d\u00e9stabilisation"},"content":{"rendered":"\n<p>Les r\u00e9seaux sociaux alg\u00e9riens ont connu une mobilisation massive en r\u00e9ponse \u00e0 une tentative de d\u00e9stabilisation orchestr\u00e9e depuis le Maroc. Face au hashtag \u00ab\u00a0manich radi\u00a0\u00bb (je ne suis pas satisfait), lanc\u00e9 par des comptes marocains se faisant passer pour des Alg\u00e9riens, la riposte ne s&rsquo;est pas fait attendre avec le hashtag \u00ab\u00a0Ana ma\u00e2 bladi\u00a0\u00bb (je suis avec mon pays) qui a rapidement inond\u00e9 la toile. Cette campagne \u00e9lectronique t\u00e9moigne d&rsquo;une nouvelle forme de guerre hybride o\u00f9 la d\u00e9sinformation devient une arme de choix dans un contexte g\u00e9opolitique tendu. La manipulation, manifestement orchestr\u00e9e depuis les laboratoires du Makhzen avec l&rsquo;appui de leur alli\u00e9 isra\u00e9lien, s&rsquo;est rapidement retourn\u00e9e contre ses initiateurs, r\u00e9v\u00e9lant leur amateurisme par une erreur technique flagrante : le hashtag controvers\u00e9 \u00e9tait visible dans les tendances marocaines et non alg\u00e9riennes. Cette maladresse n&rsquo;a pas \u00e9chapp\u00e9 aux observateurs internationaux, notamment un internaute kowe\u00eftien qui s&rsquo;est publiquement interrog\u00e9 sur X sur cette \u00e9trange situation o\u00f9 un peuple tente de se faire passer pour un autre, allant jusqu&rsquo;\u00e0 questionner une possible crise identitaire au Maroc. La r\u00e9action des Alg\u00e9riens a \u00e9t\u00e9 fulgurante et unanime. Toutes les franges de la soci\u00e9t\u00e9, des journalistes aux enseignants, en passant par les artistes et les citoyens ordinaires, se sont mobilis\u00e9es pour exprimer leur attachement \u00e0 leur pays et leur soutien \u00e0 l&rsquo;arm\u00e9e nationale. Cette d\u00e9monstration de force sur les r\u00e9seaux sociaux s&rsquo;inscrit dans un contexte plus large de tensions r\u00e9gionales, notamment apr\u00e8s la chute de Bachar El Assad en Syrie et dans le sillage des relations tendues entre l&rsquo;Alg\u00e9rie et la France. Elle fait suite \u00e0 d&rsquo;autres tentatives de d\u00e9stabilisation, notamment via le MAK et le narcotrafic, qui ont toutes \u00e9chou\u00e9 face \u00e0 la vigilance du peuple alg\u00e9rien. Cette mobilisation massive d\u00e9montre la maturit\u00e9 d&rsquo;une population aguerrie par les ann\u00e9es de violence des ann\u00e9es 1990, capable de d\u00e9jouer les tentatives de manipulation et fermement attach\u00e9e \u00e0 la stabilit\u00e9 de son pays. La campagne \u00ab\u00a0Ana ma\u00e2 bladi\u00a0\u00bb s&rsquo;est rapidement transform\u00e9e en un v\u00e9ritable rempart num\u00e9rique contre les vell\u00e9it\u00e9s de d\u00e9stabilisation, prouvant que le peuple alg\u00e9rien reste uni et vigilant face aux menaces ext\u00e9rieures. Cette r\u00e9ponse populaire spontan\u00e9e illustre \u00e9galement l&rsquo;efficacit\u00e9 de la soci\u00e9t\u00e9 civile alg\u00e9rienne \u00e0 contrer les op\u00e9rations de d\u00e9sinformation, d\u00e9montrant une conscience aig\u00fce des enjeux de la guerre informationnelle moderne. L&rsquo;\u00e9chec de cette tentative de manipulation souligne la r\u00e9silience d&rsquo;une nation qui refuse toute ing\u00e9rence \u00e9trang\u00e8re dans ses affaires int\u00e9rieures et qui sait faire bloc face aux menaces visant son unit\u00e9 et sa stabilit\u00e9.<\/p>\n\n\n\n<p>Hocine Fadheli<\/p>\n","protected":false},"excerpt":{"rendered":"<p>Les r\u00e9seaux sociaux alg\u00e9riens ont connu une mobilisation massive en r\u00e9ponse \u00e0 une tentative de d\u00e9stabilisation orchestr\u00e9e depuis le Maroc.<\/p>\n","protected":false},"author":6,"featured_media":60828,"comment_status":"open","ping_status":"closed","sticky":false,"template":"","format":"standard","meta":{"colormag_page_container_layout":"default_layout","colormag_page_sidebar_layout":"default_layout","om_disable_all_campaigns":false,"_monsterinsights_skip_tracking":false,"_monsterinsights_sitenote_active":false,"_monsterinsights_sitenote_note":"","_monsterinsights_sitenote_category":0,"footnotes":"","_wpscppro_dont_share_socialmedia":false,"_wpscppro_custom_social_share_image":0,"_facebook_share_type":"default","_twitter_share_type":"default","_linkedin_share_type":"default","_pinterest_share_type":"default","_linkedin_share_type_page":"","_instagram_share_type":"default","_medium_share_type":"default","_threads_share_type":"","_google_business_share_type":"","_selected_social_profile":[],"_wpsp_enable_custom_social_template":false,"_wpsp_social_scheduling":{"enabled":false,"datetime":null,"platforms":[],"status":"template_only","dateOption":"today","timeOption":"now","customDays":"","customHours":"","customDate":"","customTime":"","schedulingType":"absolute"},"_wpsp_active_default_template":true},"categories":[52,27],"tags":[],"class_list":["post-60827","post","type-post","status-publish","format-standard","has-post-thumbnail","hentry","category-a-la-une","category-actualite"],"aioseo_notices":[],"yoast_head":"<!-- This site is optimized with the Yoast SEO plugin v27.5 - https:\/\/yoast.com\/product\/yoast-seo-wordpress\/ -->\n<title>Les Alg\u00e9riens font bloc face aux tentatives de d\u00e9stabilisation - La Sentinelle<\/title>\n<meta name=\"robots\" content=\"index, follow, max-snippet:-1, max-image-preview:large, max-video-preview:-1\" \/>\n<link rel=\"canonical\" href=\"https:\/\/lasentinelle.dz\/index.php\/2024\/12\/23\/les-algeriens-font-bloc-face-aux-tentatives-de-destabilisation\/\" \/>\n<meta property=\"og:locale\" content=\"fr_FR\" \/>\n<meta property=\"og:type\" content=\"article\" \/>\n<meta property=\"og:title\" content=\"Les Alg\u00e9riens font bloc face aux tentatives de d\u00e9stabilisation - La Sentinelle\" \/>\n<meta property=\"og:description\" content=\"Les r\u00e9seaux sociaux alg\u00e9riens ont connu une mobilisation massive en r\u00e9ponse \u00e0 une tentative de d\u00e9stabilisation orchestr\u00e9e depuis le Maroc.\" \/>\n<meta property=\"og:url\" content=\"https:\/\/lasentinelle.dz\/index.php\/2024\/12\/23\/les-algeriens-font-bloc-face-aux-tentatives-de-destabilisation\/\" \/>\n<meta property=\"og:site_name\" content=\"La Sentinelle\" \/>\n<meta property=\"article:publisher\" content=\"https:\/\/www.facebook.com\/La-Sentinelle-104059864394773\" \/>\n<meta property=\"article:published_time\" content=\"2024-12-23T11:51:42+00:00\" \/>\n<meta property=\"article:modified_time\" content=\"2024-12-23T11:51:43+00:00\" \/>\n<meta property=\"og:image\" content=\"https:\/\/lasentinelle.dz\/wp-content\/uploads\/2024\/12\/hashtag.jpeg\" \/>\n\t<meta property=\"og:image:width\" content=\"980\" \/>\n\t<meta property=\"og:image:height\" content=\"823\" \/>\n\t<meta property=\"og:image:type\" content=\"image\/jpeg\" \/>\n<meta name=\"author\" content=\"admin\" \/>\n<meta name=\"twitter:card\" content=\"summary_large_image\" \/>\n<meta name=\"twitter:label1\" content=\"\u00c9crit par\" \/>\n\t<meta name=\"twitter:data1\" content=\"admin\" \/>\n\t<meta name=\"twitter:label2\" content=\"Dur\u00e9e de lecture estim\u00e9e\" \/>\n\t<meta name=\"twitter:data2\" content=\"3 minutes\" \/>\n<script type=\"application\/ld+json\" class=\"yoast-schema-graph\">{\"@context\":\"https:\\\/\\\/schema.org\",\"@graph\":[{\"@type\":\"Article\",\"@id\":\"https:\\\/\\\/lasentinelle.dz\\\/index.php\\\/2024\\\/12\\\/23\\\/les-algeriens-font-bloc-face-aux-tentatives-de-destabilisation\\\/#article\",\"isPartOf\":{\"@id\":\"https:\\\/\\\/lasentinelle.dz\\\/index.php\\\/2024\\\/12\\\/23\\\/les-algeriens-font-bloc-face-aux-tentatives-de-destabilisation\\\/\"},\"author\":{\"name\":\"admin\",\"@id\":\"https:\\\/\\\/lasentinelle.dz\\\/#\\\/schema\\\/person\\\/729ee0024f24e0b8c5ec17232f8e8b41\"},\"headline\":\"Les Alg\u00e9riens font bloc face aux tentatives de d\u00e9stabilisation\",\"datePublished\":\"2024-12-23T11:51:42+00:00\",\"dateModified\":\"2024-12-23T11:51:43+00:00\",\"mainEntityOfPage\":{\"@id\":\"https:\\\/\\\/lasentinelle.dz\\\/index.php\\\/2024\\\/12\\\/23\\\/les-algeriens-font-bloc-face-aux-tentatives-de-destabilisation\\\/\"},\"wordCount\":480,\"commentCount\":0,\"publisher\":{\"@id\":\"https:\\\/\\\/lasentinelle.dz\\\/#organization\"},\"image\":{\"@id\":\"https:\\\/\\\/lasentinelle.dz\\\/index.php\\\/2024\\\/12\\\/23\\\/les-algeriens-font-bloc-face-aux-tentatives-de-destabilisation\\\/#primaryimage\"},\"thumbnailUrl\":\"https:\\\/\\\/lasentinelle.dz\\\/wp-content\\\/uploads\\\/2024\\\/12\\\/hashtag.jpeg\",\"articleSection\":[\"\u00c0 la Une\",\"Actualit\u00e9\"],\"inLanguage\":\"fr-FR\",\"potentialAction\":[{\"@type\":\"CommentAction\",\"name\":\"Comment\",\"target\":[\"https:\\\/\\\/lasentinelle.dz\\\/index.php\\\/2024\\\/12\\\/23\\\/les-algeriens-font-bloc-face-aux-tentatives-de-destabilisation\\\/#respond\"]}]},{\"@type\":\"WebPage\",\"@id\":\"https:\\\/\\\/lasentinelle.dz\\\/index.php\\\/2024\\\/12\\\/23\\\/les-algeriens-font-bloc-face-aux-tentatives-de-destabilisation\\\/\",\"url\":\"https:\\\/\\\/lasentinelle.dz\\\/index.php\\\/2024\\\/12\\\/23\\\/les-algeriens-font-bloc-face-aux-tentatives-de-destabilisation\\\/\",\"name\":\"Les Alg\u00e9riens font bloc face aux tentatives de d\u00e9stabilisation - La Sentinelle\",\"isPartOf\":{\"@id\":\"https:\\\/\\\/lasentinelle.dz\\\/#website\"},\"primaryImageOfPage\":{\"@id\":\"https:\\\/\\\/lasentinelle.dz\\\/index.php\\\/2024\\\/12\\\/23\\\/les-algeriens-font-bloc-face-aux-tentatives-de-destabilisation\\\/#primaryimage\"},\"image\":{\"@id\":\"https:\\\/\\\/lasentinelle.dz\\\/index.php\\\/2024\\\/12\\\/23\\\/les-algeriens-font-bloc-face-aux-tentatives-de-destabilisation\\\/#primaryimage\"},\"thumbnailUrl\":\"https:\\\/\\\/lasentinelle.dz\\\/wp-content\\\/uploads\\\/2024\\\/12\\\/hashtag.jpeg\",\"datePublished\":\"2024-12-23T11:51:42+00:00\",\"dateModified\":\"2024-12-23T11:51:43+00:00\",\"breadcrumb\":{\"@id\":\"https:\\\/\\\/lasentinelle.dz\\\/index.php\\\/2024\\\/12\\\/23\\\/les-algeriens-font-bloc-face-aux-tentatives-de-destabilisation\\\/#breadcrumb\"},\"inLanguage\":\"fr-FR\",\"potentialAction\":[{\"@type\":\"ReadAction\",\"target\":[\"https:\\\/\\\/lasentinelle.dz\\\/index.php\\\/2024\\\/12\\\/23\\\/les-algeriens-font-bloc-face-aux-tentatives-de-destabilisation\\\/\"]}]},{\"@type\":\"ImageObject\",\"inLanguage\":\"fr-FR\",\"@id\":\"https:\\\/\\\/lasentinelle.dz\\\/index.php\\\/2024\\\/12\\\/23\\\/les-algeriens-font-bloc-face-aux-tentatives-de-destabilisation\\\/#primaryimage\",\"url\":\"https:\\\/\\\/lasentinelle.dz\\\/wp-content\\\/uploads\\\/2024\\\/12\\\/hashtag.jpeg\",\"contentUrl\":\"https:\\\/\\\/lasentinelle.dz\\\/wp-content\\\/uploads\\\/2024\\\/12\\\/hashtag.jpeg\",\"width\":980,\"height\":823},{\"@type\":\"BreadcrumbList\",\"@id\":\"https:\\\/\\\/lasentinelle.dz\\\/index.php\\\/2024\\\/12\\\/23\\\/les-algeriens-font-bloc-face-aux-tentatives-de-destabilisation\\\/#breadcrumb\",\"itemListElement\":[{\"@type\":\"ListItem\",\"position\":1,\"name\":\"Accueil\",\"item\":\"https:\\\/\\\/lasentinelle.dz\\\/\"},{\"@type\":\"ListItem\",\"position\":2,\"name\":\"Les Alg\u00e9riens font bloc face aux tentatives de d\u00e9stabilisation\"}]},{\"@type\":\"WebSite\",\"@id\":\"https:\\\/\\\/lasentinelle.dz\\\/#website\",\"url\":\"https:\\\/\\\/lasentinelle.dz\\\/\",\"name\":\"La Sentinelle\",\"description\":\"Quotidien national d&#039;information\",\"publisher\":{\"@id\":\"https:\\\/\\\/lasentinelle.dz\\\/#organization\"},\"potentialAction\":[{\"@type\":\"SearchAction\",\"target\":{\"@type\":\"EntryPoint\",\"urlTemplate\":\"https:\\\/\\\/lasentinelle.dz\\\/?s={search_term_string}\"},\"query-input\":{\"@type\":\"PropertyValueSpecification\",\"valueRequired\":true,\"valueName\":\"search_term_string\"}}],\"inLanguage\":\"fr-FR\"},{\"@type\":\"Organization\",\"@id\":\"https:\\\/\\\/lasentinelle.dz\\\/#organization\",\"name\":\"Quotidien La Sentinelle\",\"url\":\"https:\\\/\\\/lasentinelle.dz\\\/\",\"logo\":{\"@type\":\"ImageObject\",\"inLanguage\":\"fr-FR\",\"@id\":\"https:\\\/\\\/lasentinelle.dz\\\/#\\\/schema\\\/logo\\\/image\\\/\",\"url\":\"https:\\\/\\\/lasentinelle.dz\\\/wp-content\\\/uploads\\\/2021\\\/09\\\/logo-sentinelleSLOGAN-1.png\",\"contentUrl\":\"https:\\\/\\\/lasentinelle.dz\\\/wp-content\\\/uploads\\\/2021\\\/09\\\/logo-sentinelleSLOGAN-1.png\",\"width\":615,\"height\":142,\"caption\":\"Quotidien La Sentinelle\"},\"image\":{\"@id\":\"https:\\\/\\\/lasentinelle.dz\\\/#\\\/schema\\\/logo\\\/image\\\/\"},\"sameAs\":[\"https:\\\/\\\/www.facebook.com\\\/La-Sentinelle-104059864394773\"]},{\"@type\":\"Person\",\"@id\":\"https:\\\/\\\/lasentinelle.dz\\\/#\\\/schema\\\/person\\\/729ee0024f24e0b8c5ec17232f8e8b41\",\"name\":\"admin\",\"image\":{\"@type\":\"ImageObject\",\"inLanguage\":\"fr-FR\",\"@id\":\"https:\\\/\\\/secure.gravatar.com\\\/avatar\\\/4c81fed838786e9b53f540bf46533e750f5d292099ae3b66cfc6fb1982e29df7?s=96&d=mm&r=g\",\"url\":\"https:\\\/\\\/secure.gravatar.com\\\/avatar\\\/4c81fed838786e9b53f540bf46533e750f5d292099ae3b66cfc6fb1982e29df7?s=96&d=mm&r=g\",\"contentUrl\":\"https:\\\/\\\/secure.gravatar.com\\\/avatar\\\/4c81fed838786e9b53f540bf46533e750f5d292099ae3b66cfc6fb1982e29df7?s=96&d=mm&r=g\",\"caption\":\"admin\"},\"description\":\"admin\",\"url\":\"https:\\\/\\\/lasentinelle.dz\\\/author\\\/admin\\\/\"}]}<\/script>\n<!-- \/ Yoast SEO plugin. -->","yoast_head_json":{"title":"Les Alg\u00e9riens font bloc face aux tentatives de d\u00e9stabilisation - La Sentinelle","robots":{"index":"index","follow":"follow","max-snippet":"max-snippet:-1","max-image-preview":"max-image-preview:large","max-video-preview":"max-video-preview:-1"},"canonical":"https:\/\/lasentinelle.dz\/index.php\/2024\/12\/23\/les-algeriens-font-bloc-face-aux-tentatives-de-destabilisation\/","og_locale":"fr_FR","og_type":"article","og_title":"Les Alg\u00e9riens font bloc face aux tentatives de d\u00e9stabilisation - La Sentinelle","og_description":"Les r\u00e9seaux sociaux alg\u00e9riens ont connu une mobilisation massive en r\u00e9ponse \u00e0 une tentative de d\u00e9stabilisation orchestr\u00e9e depuis le Maroc.","og_url":"https:\/\/lasentinelle.dz\/index.php\/2024\/12\/23\/les-algeriens-font-bloc-face-aux-tentatives-de-destabilisation\/","og_site_name":"La Sentinelle","article_publisher":"https:\/\/www.facebook.com\/La-Sentinelle-104059864394773","article_published_time":"2024-12-23T11:51:42+00:00","article_modified_time":"2024-12-23T11:51:43+00:00","og_image":[{"width":980,"height":823,"url":"https:\/\/lasentinelle.dz\/wp-content\/uploads\/2024\/12\/hashtag.jpeg","type":"image\/jpeg"}],"author":"admin","twitter_card":"summary_large_image","twitter_misc":{"\u00c9crit par":"admin","Dur\u00e9e de lecture estim\u00e9e":"3 minutes"},"schema":{"@context":"https:\/\/schema.org","@graph":[{"@type":"Article","@id":"https:\/\/lasentinelle.dz\/index.php\/2024\/12\/23\/les-algeriens-font-bloc-face-aux-tentatives-de-destabilisation\/#article","isPartOf":{"@id":"https:\/\/lasentinelle.dz\/index.php\/2024\/12\/23\/les-algeriens-font-bloc-face-aux-tentatives-de-destabilisation\/"},"author":{"name":"admin","@id":"https:\/\/lasentinelle.dz\/#\/schema\/person\/729ee0024f24e0b8c5ec17232f8e8b41"},"headline":"Les Alg\u00e9riens font bloc face aux tentatives de d\u00e9stabilisation","datePublished":"2024-12-23T11:51:42+00:00","dateModified":"2024-12-23T11:51:43+00:00","mainEntityOfPage":{"@id":"https:\/\/lasentinelle.dz\/index.php\/2024\/12\/23\/les-algeriens-font-bloc-face-aux-tentatives-de-destabilisation\/"},"wordCount":480,"commentCount":0,"publisher":{"@id":"https:\/\/lasentinelle.dz\/#organization"},"image":{"@id":"https:\/\/lasentinelle.dz\/index.php\/2024\/12\/23\/les-algeriens-font-bloc-face-aux-tentatives-de-destabilisation\/#primaryimage"},"thumbnailUrl":"https:\/\/lasentinelle.dz\/wp-content\/uploads\/2024\/12\/hashtag.jpeg","articleSection":["\u00c0 la Une","Actualit\u00e9"],"inLanguage":"fr-FR","potentialAction":[{"@type":"CommentAction","name":"Comment","target":["https:\/\/lasentinelle.dz\/index.php\/2024\/12\/23\/les-algeriens-font-bloc-face-aux-tentatives-de-destabilisation\/#respond"]}]},{"@type":"WebPage","@id":"https:\/\/lasentinelle.dz\/index.php\/2024\/12\/23\/les-algeriens-font-bloc-face-aux-tentatives-de-destabilisation\/","url":"https:\/\/lasentinelle.dz\/index.php\/2024\/12\/23\/les-algeriens-font-bloc-face-aux-tentatives-de-destabilisation\/","name":"Les Alg\u00e9riens font bloc face aux tentatives de d\u00e9stabilisation - La Sentinelle","isPartOf":{"@id":"https:\/\/lasentinelle.dz\/#website"},"primaryImageOfPage":{"@id":"https:\/\/lasentinelle.dz\/index.php\/2024\/12\/23\/les-algeriens-font-bloc-face-aux-tentatives-de-destabilisation\/#primaryimage"},"image":{"@id":"https:\/\/lasentinelle.dz\/index.php\/2024\/12\/23\/les-algeriens-font-bloc-face-aux-tentatives-de-destabilisation\/#primaryimage"},"thumbnailUrl":"https:\/\/lasentinelle.dz\/wp-content\/uploads\/2024\/12\/hashtag.jpeg","datePublished":"2024-12-23T11:51:42+00:00","dateModified":"2024-12-23T11:51:43+00:00","breadcrumb":{"@id":"https:\/\/lasentinelle.dz\/index.php\/2024\/12\/23\/les-algeriens-font-bloc-face-aux-tentatives-de-destabilisation\/#breadcrumb"},"inLanguage":"fr-FR","potentialAction":[{"@type":"ReadAction","target":["https:\/\/lasentinelle.dz\/index.php\/2024\/12\/23\/les-algeriens-font-bloc-face-aux-tentatives-de-destabilisation\/"]}]},{"@type":"ImageObject","inLanguage":"fr-FR","@id":"https:\/\/lasentinelle.dz\/index.php\/2024\/12\/23\/les-algeriens-font-bloc-face-aux-tentatives-de-destabilisation\/#primaryimage","url":"https:\/\/lasentinelle.dz\/wp-content\/uploads\/2024\/12\/hashtag.jpeg","contentUrl":"https:\/\/lasentinelle.dz\/wp-content\/uploads\/2024\/12\/hashtag.jpeg","width":980,"height":823},{"@type":"BreadcrumbList","@id":"https:\/\/lasentinelle.dz\/index.php\/2024\/12\/23\/les-algeriens-font-bloc-face-aux-tentatives-de-destabilisation\/#breadcrumb","itemListElement":[{"@type":"ListItem","position":1,"name":"Accueil","item":"https:\/\/lasentinelle.dz\/"},{"@type":"ListItem","position":2,"name":"Les Alg\u00e9riens font bloc face aux tentatives de d\u00e9stabilisation"}]},{"@type":"WebSite","@id":"https:\/\/lasentinelle.dz\/#website","url":"https:\/\/lasentinelle.dz\/","name":"La Sentinelle","description":"Quotidien national d&#039;information","publisher":{"@id":"https:\/\/lasentinelle.dz\/#organization"},"potentialAction":[{"@type":"SearchAction","target":{"@type":"EntryPoint","urlTemplate":"https:\/\/lasentinelle.dz\/?s={search_term_string}"},"query-input":{"@type":"PropertyValueSpecification","valueRequired":true,"valueName":"search_term_string"}}],"inLanguage":"fr-FR"},{"@type":"Organization","@id":"https:\/\/lasentinelle.dz\/#organization","name":"Quotidien La Sentinelle","url":"https:\/\/lasentinelle.dz\/","logo":{"@type":"ImageObject","inLanguage":"fr-FR","@id":"https:\/\/lasentinelle.dz\/#\/schema\/logo\/image\/","url":"https:\/\/lasentinelle.dz\/wp-content\/uploads\/2021\/09\/logo-sentinelleSLOGAN-1.png","contentUrl":"https:\/\/lasentinelle.dz\/wp-content\/uploads\/2021\/09\/logo-sentinelleSLOGAN-1.png","width":615,"height":142,"caption":"Quotidien La Sentinelle"},"image":{"@id":"https:\/\/lasentinelle.dz\/#\/schema\/logo\/image\/"},"sameAs":["https:\/\/www.facebook.com\/La-Sentinelle-104059864394773"]},{"@type":"Person","@id":"https:\/\/lasentinelle.dz\/#\/schema\/person\/729ee0024f24e0b8c5ec17232f8e8b41","name":"admin","image":{"@type":"ImageObject","inLanguage":"fr-FR","@id":"https:\/\/secure.gravatar.com\/avatar\/4c81fed838786e9b53f540bf46533e750f5d292099ae3b66cfc6fb1982e29df7?s=96&d=mm&r=g","url":"https:\/\/secure.gravatar.com\/avatar\/4c81fed838786e9b53f540bf46533e750f5d292099ae3b66cfc6fb1982e29df7?s=96&d=mm&r=g","contentUrl":"https:\/\/secure.gravatar.com\/avatar\/4c81fed838786e9b53f540bf46533e750f5d292099ae3b66cfc6fb1982e29df7?s=96&d=mm&r=g","caption":"admin"},"description":"admin","url":"https:\/\/lasentinelle.dz\/author\/admin\/"}]}},"_links":{"self":[{"href":"https:\/\/lasentinelle.dz\/index.php\/wp-json\/wp\/v2\/posts\/60827","targetHints":{"allow":["GET"]}}],"collection":[{"href":"https:\/\/lasentinelle.dz\/index.php\/wp-json\/wp\/v2\/posts"}],"about":[{"href":"https:\/\/lasentinelle.dz\/index.php\/wp-json\/wp\/v2\/types\/post"}],"author":[{"embeddable":true,"href":"https:\/\/lasentinelle.dz\/index.php\/wp-json\/wp\/v2\/users\/6"}],"replies":[{"embeddable":true,"href":"https:\/\/lasentinelle.dz\/index.php\/wp-json\/wp\/v2\/comments?post=60827"}],"version-history":[{"count":1,"href":"https:\/\/lasentinelle.dz\/index.php\/wp-json\/wp\/v2\/posts\/60827\/revisions"}],"predecessor-version":[{"id":60829,"href":"https:\/\/lasentinelle.dz\/index.php\/wp-json\/wp\/v2\/posts\/60827\/revisions\/60829"}],"wp:featuredmedia":[{"embeddable":true,"href":"https:\/\/lasentinelle.dz\/index.php\/wp-json\/wp\/v2\/media\/60828"}],"wp:attachment":[{"href":"https:\/\/lasentinelle.dz\/index.php\/wp-json\/wp\/v2\/media?parent=60827"}],"wp:term":[{"taxonomy":"category","embeddable":true,"href":"https:\/\/lasentinelle.dz\/index.php\/wp-json\/wp\/v2\/categories?post=60827"},{"taxonomy":"post_tag","embeddable":true,"href":"https:\/\/lasentinelle.dz\/index.php\/wp-json\/wp\/v2\/tags?post=60827"}],"curies":[{"name":"wp","href":"https:\/\/api.w.org\/{rel}","templated":true}]}}