{"id":60833,"date":"2024-12-23T12:04:00","date_gmt":"2024-12-23T11:04:00","guid":{"rendered":"https:\/\/lasentinelle.dz\/?p=60833"},"modified":"2024-12-23T12:56:51","modified_gmt":"2024-12-23T11:56:51","slug":"anirav-la-chaine-el-hayat-rappelee-a-lordre","status":"publish","type":"post","link":"https:\/\/lasentinelle.dz\/index.php\/2024\/12\/23\/anirav-la-chaine-el-hayat-rappelee-a-lordre\/","title":{"rendered":"ANIRAV\u00a0: La cha\u00eene \u00ab\u00a0El\u00a0Hayat\u00a0\u00bb rappel\u00e9e \u00e0 l\u2019ordre"},"content":{"rendered":"\n<p>L&rsquo;Autorit\u00e9 nationale ind\u00e9pendante de r\u00e9gulation de l&rsquo;audiovisuel (ANIRAV) a rappel\u00e9, dimanche dans un communiqu\u00e9, \u00e0 la cha\u00eene \u00ab\u00a0El Hayat\u00a0\u00bb, la n\u00e9cessit\u00e9 du strict respect des dispositions r\u00e9glementaires en vigueur dans le domaine de l&rsquo;audiovisuel, suite au \u00ab\u00a0manquement\u00a0\u00bb constat\u00e9 lors de la diffusion du programme t\u00e9l\u00e9vis\u00e9 intitul\u00e9 \u00ab\u00a0Hayat Jdida\u00a0\u00bb. \u00ab\u00a0Dans le cadre de l&rsquo;exercice de ses pr\u00e9rogatives de contr\u00f4le conf\u00e9r\u00e9es par la loi, l&rsquo;ANIRAV a constat\u00e9 un manquement de la part du service de communication audiovisuelle de la cha\u00eene +El Hayat+ au respect des dispositions r\u00e9glementaires en vigueur dans le domaine de l&rsquo;audiovisuel, lors de la diffusion, le 17 d\u00e9cembre 2024, du programme t\u00e9l\u00e9vis\u00e9 intitul\u00e9 +Hayat Jdida+, anim\u00e9 par le journaliste Hicham Bougouffa\u00a0\u00bb, pr\u00e9cise la m\u00eame source. L&rsquo;Autorit\u00e9 a pr\u00e9cis\u00e9 avoir \u00ab\u00a0convoqu\u00e9 le repr\u00e9sentant l\u00e9gal de la cha\u00eene ainsi que l&rsquo;animateur de cette \u00e9mission afin de s&rsquo;expliquer\u00a0\u00bb. Ces derniers ont argu\u00e9 que \u00ab\u00a0le programme avait une vocation sociale et humanitaire visant \u00e0 donner une voix aux citoyens modestes, et que les commentaires tenus \u00e9taient de simples plaisanteries spontan\u00e9es visant \u00e0 d\u00e9tendre l&rsquo;atmosph\u00e8re et \u00e0 instaurer un climat convivial, sans intention aucune d&rsquo;offenser l&rsquo;invit\u00e9\u00a0\u00bb. Cependant, l&rsquo;autorit\u00e9 a observ\u00e9 que la cha\u00eene \u00ab\u00a0n&rsquo;a pas veill\u00e9 \u00e0 l&rsquo;application des dispositions des articles 13 et 17, alin\u00e9as 1, 3 et 4, du d\u00e9cret ex\u00e9cutif 24-250 fixant les dispositions du cahier des charges g\u00e9n\u00e9rales imposables aux services de communication audiovisuelle\u00a0\u00bb. Ces dispositions stipulent que \u00ab\u00a0les interventions des participants, quelle que soit leur qualit\u00e9 ou le sujet abord\u00e9, doivent se d\u00e9rouler dans un climat de respect et de s\u00e9r\u00e9nit\u00e9, exempt de toute insulte ou vulgarit\u00e9, conform\u00e9ment aux valeurs ancr\u00e9es de la soci\u00e9t\u00e9 alg\u00e9rienne\u00a0\u00bb. Elles imposent \u00ab\u00a0le respect de la dignit\u00e9 humaine, de la vie priv\u00e9e, de l&rsquo;honneur et de l&rsquo;int\u00e9grit\u00e9 morale des individus, tout en s&rsquo;abstenant d&rsquo;inciter \u00e0 l&rsquo;exclusion, la diffamation, l&rsquo;insulte ou l&rsquo;injure\u00a0\u00bb. Elles proscrivent aussi \u00ab\u00a0l&rsquo;exploitation des souffrances humaines \u00e0 des fins promotionnelles ou publicitaires\u00a0\u00bb. Ainsi, l&rsquo;ANIRAV \u00ab\u00a0rappelle avec fermet\u00e9 au service de communication audiovisuelle de la cha\u00eene El Hayat, \u00e0 la n\u00e9cessit\u00e9 du strict respect des dispositions r\u00e9glementaires en vigueur depuis leur publication dans le Journal officiel le 7 ao\u00fbt dernier\u00a0\u00bb, conclut le communiqu\u00e9.<\/p>\n\n\n\n<p>APS<\/p>\n\n\n\n<p><\/p>\n","protected":false},"excerpt":{"rendered":"<p>L&rsquo;Autorit\u00e9 nationale ind\u00e9pendante de r\u00e9gulation de l&rsquo;audiovisuel (ANIRAV) a rappel\u00e9, dimanche dans un communiqu\u00e9, \u00e0 la cha\u00eene \u00ab\u00a0El Hayat\u00a0\u00bb, la<\/p>\n","protected":false},"author":6,"featured_media":60834,"comment_status":"open","ping_status":"closed","sticky":false,"template":"","format":"standard","meta":{"colormag_page_container_layout":"default_layout","colormag_page_sidebar_layout":"default_layout","om_disable_all_campaigns":false,"_monsterinsights_skip_tracking":false,"_monsterinsights_sitenote_active":false,"_monsterinsights_sitenote_note":"","_monsterinsights_sitenote_category":0,"footnotes":"","_wpscppro_dont_share_socialmedia":false,"_wpscppro_custom_social_share_image":0,"_facebook_share_type":"default","_twitter_share_type":"default","_linkedin_share_type":"default","_pinterest_share_type":"default","_linkedin_share_type_page":"","_instagram_share_type":"default","_medium_share_type":"default","_threads_share_type":"","_google_business_share_type":"","_selected_social_profile":[],"_wpsp_enable_custom_social_template":false,"_wpsp_social_scheduling":{"enabled":false,"datetime":null,"platforms":[],"status":"template_only","dateOption":"today","timeOption":"now","customDays":"","customHours":"","customDate":"","customTime":"","schedulingType":"absolute"},"_wpsp_active_default_template":true},"categories":[27],"tags":[],"class_list":["post-60833","post","type-post","status-publish","format-standard","has-post-thumbnail","hentry","category-actualite"],"aioseo_notices":[],"yoast_head":"<!-- This site is optimized with the Yoast SEO plugin v27.5 - https:\/\/yoast.com\/product\/yoast-seo-wordpress\/ -->\n<title>ANIRAV\u00a0: La cha\u00eene \u00ab\u00a0El\u00a0Hayat\u00a0\u00bb rappel\u00e9e \u00e0 l\u2019ordre - La Sentinelle<\/title>\n<meta name=\"robots\" content=\"index, follow, max-snippet:-1, max-image-preview:large, max-video-preview:-1\" \/>\n<link rel=\"canonical\" href=\"https:\/\/lasentinelle.dz\/index.php\/2024\/12\/23\/anirav-la-chaine-el-hayat-rappelee-a-lordre\/\" \/>\n<meta property=\"og:locale\" content=\"fr_FR\" \/>\n<meta property=\"og:type\" content=\"article\" \/>\n<meta property=\"og:title\" content=\"ANIRAV\u00a0: La cha\u00eene \u00ab\u00a0El\u00a0Hayat\u00a0\u00bb rappel\u00e9e \u00e0 l\u2019ordre - La Sentinelle\" \/>\n<meta property=\"og:description\" content=\"L&rsquo;Autorit\u00e9 nationale ind\u00e9pendante de r\u00e9gulation de l&rsquo;audiovisuel (ANIRAV) a rappel\u00e9, dimanche dans un communiqu\u00e9, \u00e0 la cha\u00eene \u00ab\u00a0El Hayat\u00a0\u00bb, la\" \/>\n<meta property=\"og:url\" content=\"https:\/\/lasentinelle.dz\/index.php\/2024\/12\/23\/anirav-la-chaine-el-hayat-rappelee-a-lordre\/\" \/>\n<meta property=\"og:site_name\" content=\"La Sentinelle\" \/>\n<meta property=\"article:publisher\" content=\"https:\/\/www.facebook.com\/La-Sentinelle-104059864394773\" \/>\n<meta property=\"article:published_time\" content=\"2024-12-23T11:04:00+00:00\" \/>\n<meta property=\"article:modified_time\" content=\"2024-12-23T11:56:51+00:00\" \/>\n<meta property=\"og:image\" content=\"https:\/\/lasentinelle.dz\/wp-content\/uploads\/2024\/12\/ARAV.jpeg\" \/>\n\t<meta property=\"og:image:width\" content=\"764\" \/>\n\t<meta property=\"og:image:height\" content=\"509\" \/>\n\t<meta property=\"og:image:type\" content=\"image\/jpeg\" \/>\n<meta name=\"author\" content=\"admin\" \/>\n<meta name=\"twitter:card\" content=\"summary_large_image\" \/>\n<meta name=\"twitter:label1\" content=\"\u00c9crit par\" \/>\n\t<meta name=\"twitter:data1\" content=\"admin\" \/>\n\t<meta name=\"twitter:label2\" content=\"Dur\u00e9e de lecture estim\u00e9e\" \/>\n\t<meta name=\"twitter:data2\" content=\"2 minutes\" \/>\n<script type=\"application\/ld+json\" class=\"yoast-schema-graph\">{\"@context\":\"https:\\\/\\\/schema.org\",\"@graph\":[{\"@type\":\"Article\",\"@id\":\"https:\\\/\\\/lasentinelle.dz\\\/index.php\\\/2024\\\/12\\\/23\\\/anirav-la-chaine-el-hayat-rappelee-a-lordre\\\/#article\",\"isPartOf\":{\"@id\":\"https:\\\/\\\/lasentinelle.dz\\\/index.php\\\/2024\\\/12\\\/23\\\/anirav-la-chaine-el-hayat-rappelee-a-lordre\\\/\"},\"author\":{\"name\":\"admin\",\"@id\":\"https:\\\/\\\/lasentinelle.dz\\\/#\\\/schema\\\/person\\\/729ee0024f24e0b8c5ec17232f8e8b41\"},\"headline\":\"ANIRAV\u00a0: La cha\u00eene \u00ab\u00a0El\u00a0Hayat\u00a0\u00bb rappel\u00e9e \u00e0 l\u2019ordre\",\"datePublished\":\"2024-12-23T11:04:00+00:00\",\"dateModified\":\"2024-12-23T11:56:51+00:00\",\"mainEntityOfPage\":{\"@id\":\"https:\\\/\\\/lasentinelle.dz\\\/index.php\\\/2024\\\/12\\\/23\\\/anirav-la-chaine-el-hayat-rappelee-a-lordre\\\/\"},\"wordCount\":413,\"commentCount\":0,\"publisher\":{\"@id\":\"https:\\\/\\\/lasentinelle.dz\\\/#organization\"},\"image\":{\"@id\":\"https:\\\/\\\/lasentinelle.dz\\\/index.php\\\/2024\\\/12\\\/23\\\/anirav-la-chaine-el-hayat-rappelee-a-lordre\\\/#primaryimage\"},\"thumbnailUrl\":\"https:\\\/\\\/lasentinelle.dz\\\/wp-content\\\/uploads\\\/2024\\\/12\\\/ARAV.jpeg\",\"articleSection\":[\"Actualit\u00e9\"],\"inLanguage\":\"fr-FR\",\"potentialAction\":[{\"@type\":\"CommentAction\",\"name\":\"Comment\",\"target\":[\"https:\\\/\\\/lasentinelle.dz\\\/index.php\\\/2024\\\/12\\\/23\\\/anirav-la-chaine-el-hayat-rappelee-a-lordre\\\/#respond\"]}]},{\"@type\":\"WebPage\",\"@id\":\"https:\\\/\\\/lasentinelle.dz\\\/index.php\\\/2024\\\/12\\\/23\\\/anirav-la-chaine-el-hayat-rappelee-a-lordre\\\/\",\"url\":\"https:\\\/\\\/lasentinelle.dz\\\/index.php\\\/2024\\\/12\\\/23\\\/anirav-la-chaine-el-hayat-rappelee-a-lordre\\\/\",\"name\":\"ANIRAV\u00a0: La cha\u00eene \u00ab\u00a0El\u00a0Hayat\u00a0\u00bb rappel\u00e9e \u00e0 l\u2019ordre - La Sentinelle\",\"isPartOf\":{\"@id\":\"https:\\\/\\\/lasentinelle.dz\\\/#website\"},\"primaryImageOfPage\":{\"@id\":\"https:\\\/\\\/lasentinelle.dz\\\/index.php\\\/2024\\\/12\\\/23\\\/anirav-la-chaine-el-hayat-rappelee-a-lordre\\\/#primaryimage\"},\"image\":{\"@id\":\"https:\\\/\\\/lasentinelle.dz\\\/index.php\\\/2024\\\/12\\\/23\\\/anirav-la-chaine-el-hayat-rappelee-a-lordre\\\/#primaryimage\"},\"thumbnailUrl\":\"https:\\\/\\\/lasentinelle.dz\\\/wp-content\\\/uploads\\\/2024\\\/12\\\/ARAV.jpeg\",\"datePublished\":\"2024-12-23T11:04:00+00:00\",\"dateModified\":\"2024-12-23T11:56:51+00:00\",\"breadcrumb\":{\"@id\":\"https:\\\/\\\/lasentinelle.dz\\\/index.php\\\/2024\\\/12\\\/23\\\/anirav-la-chaine-el-hayat-rappelee-a-lordre\\\/#breadcrumb\"},\"inLanguage\":\"fr-FR\",\"potentialAction\":[{\"@type\":\"ReadAction\",\"target\":[\"https:\\\/\\\/lasentinelle.dz\\\/index.php\\\/2024\\\/12\\\/23\\\/anirav-la-chaine-el-hayat-rappelee-a-lordre\\\/\"]}]},{\"@type\":\"ImageObject\",\"inLanguage\":\"fr-FR\",\"@id\":\"https:\\\/\\\/lasentinelle.dz\\\/index.php\\\/2024\\\/12\\\/23\\\/anirav-la-chaine-el-hayat-rappelee-a-lordre\\\/#primaryimage\",\"url\":\"https:\\\/\\\/lasentinelle.dz\\\/wp-content\\\/uploads\\\/2024\\\/12\\\/ARAV.jpeg\",\"contentUrl\":\"https:\\\/\\\/lasentinelle.dz\\\/wp-content\\\/uploads\\\/2024\\\/12\\\/ARAV.jpeg\",\"width\":764,\"height\":509},{\"@type\":\"BreadcrumbList\",\"@id\":\"https:\\\/\\\/lasentinelle.dz\\\/index.php\\\/2024\\\/12\\\/23\\\/anirav-la-chaine-el-hayat-rappelee-a-lordre\\\/#breadcrumb\",\"itemListElement\":[{\"@type\":\"ListItem\",\"position\":1,\"name\":\"Accueil\",\"item\":\"https:\\\/\\\/lasentinelle.dz\\\/\"},{\"@type\":\"ListItem\",\"position\":2,\"name\":\"ANIRAV\u00a0: La cha\u00eene \u00ab\u00a0El\u00a0Hayat\u00a0\u00bb rappel\u00e9e \u00e0 l\u2019ordre\"}]},{\"@type\":\"WebSite\",\"@id\":\"https:\\\/\\\/lasentinelle.dz\\\/#website\",\"url\":\"https:\\\/\\\/lasentinelle.dz\\\/\",\"name\":\"La Sentinelle\",\"description\":\"Quotidien national d&#039;information\",\"publisher\":{\"@id\":\"https:\\\/\\\/lasentinelle.dz\\\/#organization\"},\"potentialAction\":[{\"@type\":\"SearchAction\",\"target\":{\"@type\":\"EntryPoint\",\"urlTemplate\":\"https:\\\/\\\/lasentinelle.dz\\\/?s={search_term_string}\"},\"query-input\":{\"@type\":\"PropertyValueSpecification\",\"valueRequired\":true,\"valueName\":\"search_term_string\"}}],\"inLanguage\":\"fr-FR\"},{\"@type\":\"Organization\",\"@id\":\"https:\\\/\\\/lasentinelle.dz\\\/#organization\",\"name\":\"Quotidien La Sentinelle\",\"url\":\"https:\\\/\\\/lasentinelle.dz\\\/\",\"logo\":{\"@type\":\"ImageObject\",\"inLanguage\":\"fr-FR\",\"@id\":\"https:\\\/\\\/lasentinelle.dz\\\/#\\\/schema\\\/logo\\\/image\\\/\",\"url\":\"https:\\\/\\\/lasentinelle.dz\\\/wp-content\\\/uploads\\\/2021\\\/09\\\/logo-sentinelleSLOGAN-1.png\",\"contentUrl\":\"https:\\\/\\\/lasentinelle.dz\\\/wp-content\\\/uploads\\\/2021\\\/09\\\/logo-sentinelleSLOGAN-1.png\",\"width\":615,\"height\":142,\"caption\":\"Quotidien La Sentinelle\"},\"image\":{\"@id\":\"https:\\\/\\\/lasentinelle.dz\\\/#\\\/schema\\\/logo\\\/image\\\/\"},\"sameAs\":[\"https:\\\/\\\/www.facebook.com\\\/La-Sentinelle-104059864394773\"]},{\"@type\":\"Person\",\"@id\":\"https:\\\/\\\/lasentinelle.dz\\\/#\\\/schema\\\/person\\\/729ee0024f24e0b8c5ec17232f8e8b41\",\"name\":\"admin\",\"image\":{\"@type\":\"ImageObject\",\"inLanguage\":\"fr-FR\",\"@id\":\"https:\\\/\\\/secure.gravatar.com\\\/avatar\\\/4c81fed838786e9b53f540bf46533e750f5d292099ae3b66cfc6fb1982e29df7?s=96&d=mm&r=g\",\"url\":\"https:\\\/\\\/secure.gravatar.com\\\/avatar\\\/4c81fed838786e9b53f540bf46533e750f5d292099ae3b66cfc6fb1982e29df7?s=96&d=mm&r=g\",\"contentUrl\":\"https:\\\/\\\/secure.gravatar.com\\\/avatar\\\/4c81fed838786e9b53f540bf46533e750f5d292099ae3b66cfc6fb1982e29df7?s=96&d=mm&r=g\",\"caption\":\"admin\"},\"description\":\"admin\",\"url\":\"https:\\\/\\\/lasentinelle.dz\\\/author\\\/admin\\\/\"}]}<\/script>\n<!-- \/ Yoast SEO plugin. -->","yoast_head_json":{"title":"ANIRAV\u00a0: La cha\u00eene \u00ab\u00a0El\u00a0Hayat\u00a0\u00bb rappel\u00e9e \u00e0 l\u2019ordre - La Sentinelle","robots":{"index":"index","follow":"follow","max-snippet":"max-snippet:-1","max-image-preview":"max-image-preview:large","max-video-preview":"max-video-preview:-1"},"canonical":"https:\/\/lasentinelle.dz\/index.php\/2024\/12\/23\/anirav-la-chaine-el-hayat-rappelee-a-lordre\/","og_locale":"fr_FR","og_type":"article","og_title":"ANIRAV\u00a0: La cha\u00eene \u00ab\u00a0El\u00a0Hayat\u00a0\u00bb rappel\u00e9e \u00e0 l\u2019ordre - La Sentinelle","og_description":"L&rsquo;Autorit\u00e9 nationale ind\u00e9pendante de r\u00e9gulation de l&rsquo;audiovisuel (ANIRAV) a rappel\u00e9, dimanche dans un communiqu\u00e9, \u00e0 la cha\u00eene \u00ab\u00a0El Hayat\u00a0\u00bb, la","og_url":"https:\/\/lasentinelle.dz\/index.php\/2024\/12\/23\/anirav-la-chaine-el-hayat-rappelee-a-lordre\/","og_site_name":"La Sentinelle","article_publisher":"https:\/\/www.facebook.com\/La-Sentinelle-104059864394773","article_published_time":"2024-12-23T11:04:00+00:00","article_modified_time":"2024-12-23T11:56:51+00:00","og_image":[{"width":764,"height":509,"url":"https:\/\/lasentinelle.dz\/wp-content\/uploads\/2024\/12\/ARAV.jpeg","type":"image\/jpeg"}],"author":"admin","twitter_card":"summary_large_image","twitter_misc":{"\u00c9crit par":"admin","Dur\u00e9e de lecture estim\u00e9e":"2 minutes"},"schema":{"@context":"https:\/\/schema.org","@graph":[{"@type":"Article","@id":"https:\/\/lasentinelle.dz\/index.php\/2024\/12\/23\/anirav-la-chaine-el-hayat-rappelee-a-lordre\/#article","isPartOf":{"@id":"https:\/\/lasentinelle.dz\/index.php\/2024\/12\/23\/anirav-la-chaine-el-hayat-rappelee-a-lordre\/"},"author":{"name":"admin","@id":"https:\/\/lasentinelle.dz\/#\/schema\/person\/729ee0024f24e0b8c5ec17232f8e8b41"},"headline":"ANIRAV\u00a0: La cha\u00eene \u00ab\u00a0El\u00a0Hayat\u00a0\u00bb rappel\u00e9e \u00e0 l\u2019ordre","datePublished":"2024-12-23T11:04:00+00:00","dateModified":"2024-12-23T11:56:51+00:00","mainEntityOfPage":{"@id":"https:\/\/lasentinelle.dz\/index.php\/2024\/12\/23\/anirav-la-chaine-el-hayat-rappelee-a-lordre\/"},"wordCount":413,"commentCount":0,"publisher":{"@id":"https:\/\/lasentinelle.dz\/#organization"},"image":{"@id":"https:\/\/lasentinelle.dz\/index.php\/2024\/12\/23\/anirav-la-chaine-el-hayat-rappelee-a-lordre\/#primaryimage"},"thumbnailUrl":"https:\/\/lasentinelle.dz\/wp-content\/uploads\/2024\/12\/ARAV.jpeg","articleSection":["Actualit\u00e9"],"inLanguage":"fr-FR","potentialAction":[{"@type":"CommentAction","name":"Comment","target":["https:\/\/lasentinelle.dz\/index.php\/2024\/12\/23\/anirav-la-chaine-el-hayat-rappelee-a-lordre\/#respond"]}]},{"@type":"WebPage","@id":"https:\/\/lasentinelle.dz\/index.php\/2024\/12\/23\/anirav-la-chaine-el-hayat-rappelee-a-lordre\/","url":"https:\/\/lasentinelle.dz\/index.php\/2024\/12\/23\/anirav-la-chaine-el-hayat-rappelee-a-lordre\/","name":"ANIRAV\u00a0: La cha\u00eene \u00ab\u00a0El\u00a0Hayat\u00a0\u00bb rappel\u00e9e \u00e0 l\u2019ordre - La Sentinelle","isPartOf":{"@id":"https:\/\/lasentinelle.dz\/#website"},"primaryImageOfPage":{"@id":"https:\/\/lasentinelle.dz\/index.php\/2024\/12\/23\/anirav-la-chaine-el-hayat-rappelee-a-lordre\/#primaryimage"},"image":{"@id":"https:\/\/lasentinelle.dz\/index.php\/2024\/12\/23\/anirav-la-chaine-el-hayat-rappelee-a-lordre\/#primaryimage"},"thumbnailUrl":"https:\/\/lasentinelle.dz\/wp-content\/uploads\/2024\/12\/ARAV.jpeg","datePublished":"2024-12-23T11:04:00+00:00","dateModified":"2024-12-23T11:56:51+00:00","breadcrumb":{"@id":"https:\/\/lasentinelle.dz\/index.php\/2024\/12\/23\/anirav-la-chaine-el-hayat-rappelee-a-lordre\/#breadcrumb"},"inLanguage":"fr-FR","potentialAction":[{"@type":"ReadAction","target":["https:\/\/lasentinelle.dz\/index.php\/2024\/12\/23\/anirav-la-chaine-el-hayat-rappelee-a-lordre\/"]}]},{"@type":"ImageObject","inLanguage":"fr-FR","@id":"https:\/\/lasentinelle.dz\/index.php\/2024\/12\/23\/anirav-la-chaine-el-hayat-rappelee-a-lordre\/#primaryimage","url":"https:\/\/lasentinelle.dz\/wp-content\/uploads\/2024\/12\/ARAV.jpeg","contentUrl":"https:\/\/lasentinelle.dz\/wp-content\/uploads\/2024\/12\/ARAV.jpeg","width":764,"height":509},{"@type":"BreadcrumbList","@id":"https:\/\/lasentinelle.dz\/index.php\/2024\/12\/23\/anirav-la-chaine-el-hayat-rappelee-a-lordre\/#breadcrumb","itemListElement":[{"@type":"ListItem","position":1,"name":"Accueil","item":"https:\/\/lasentinelle.dz\/"},{"@type":"ListItem","position":2,"name":"ANIRAV\u00a0: La cha\u00eene \u00ab\u00a0El\u00a0Hayat\u00a0\u00bb rappel\u00e9e \u00e0 l\u2019ordre"}]},{"@type":"WebSite","@id":"https:\/\/lasentinelle.dz\/#website","url":"https:\/\/lasentinelle.dz\/","name":"La Sentinelle","description":"Quotidien national d&#039;information","publisher":{"@id":"https:\/\/lasentinelle.dz\/#organization"},"potentialAction":[{"@type":"SearchAction","target":{"@type":"EntryPoint","urlTemplate":"https:\/\/lasentinelle.dz\/?s={search_term_string}"},"query-input":{"@type":"PropertyValueSpecification","valueRequired":true,"valueName":"search_term_string"}}],"inLanguage":"fr-FR"},{"@type":"Organization","@id":"https:\/\/lasentinelle.dz\/#organization","name":"Quotidien La Sentinelle","url":"https:\/\/lasentinelle.dz\/","logo":{"@type":"ImageObject","inLanguage":"fr-FR","@id":"https:\/\/lasentinelle.dz\/#\/schema\/logo\/image\/","url":"https:\/\/lasentinelle.dz\/wp-content\/uploads\/2021\/09\/logo-sentinelleSLOGAN-1.png","contentUrl":"https:\/\/lasentinelle.dz\/wp-content\/uploads\/2021\/09\/logo-sentinelleSLOGAN-1.png","width":615,"height":142,"caption":"Quotidien La Sentinelle"},"image":{"@id":"https:\/\/lasentinelle.dz\/#\/schema\/logo\/image\/"},"sameAs":["https:\/\/www.facebook.com\/La-Sentinelle-104059864394773"]},{"@type":"Person","@id":"https:\/\/lasentinelle.dz\/#\/schema\/person\/729ee0024f24e0b8c5ec17232f8e8b41","name":"admin","image":{"@type":"ImageObject","inLanguage":"fr-FR","@id":"https:\/\/secure.gravatar.com\/avatar\/4c81fed838786e9b53f540bf46533e750f5d292099ae3b66cfc6fb1982e29df7?s=96&d=mm&r=g","url":"https:\/\/secure.gravatar.com\/avatar\/4c81fed838786e9b53f540bf46533e750f5d292099ae3b66cfc6fb1982e29df7?s=96&d=mm&r=g","contentUrl":"https:\/\/secure.gravatar.com\/avatar\/4c81fed838786e9b53f540bf46533e750f5d292099ae3b66cfc6fb1982e29df7?s=96&d=mm&r=g","caption":"admin"},"description":"admin","url":"https:\/\/lasentinelle.dz\/author\/admin\/"}]}},"_links":{"self":[{"href":"https:\/\/lasentinelle.dz\/index.php\/wp-json\/wp\/v2\/posts\/60833","targetHints":{"allow":["GET"]}}],"collection":[{"href":"https:\/\/lasentinelle.dz\/index.php\/wp-json\/wp\/v2\/posts"}],"about":[{"href":"https:\/\/lasentinelle.dz\/index.php\/wp-json\/wp\/v2\/types\/post"}],"author":[{"embeddable":true,"href":"https:\/\/lasentinelle.dz\/index.php\/wp-json\/wp\/v2\/users\/6"}],"replies":[{"embeddable":true,"href":"https:\/\/lasentinelle.dz\/index.php\/wp-json\/wp\/v2\/comments?post=60833"}],"version-history":[{"count":2,"href":"https:\/\/lasentinelle.dz\/index.php\/wp-json\/wp\/v2\/posts\/60833\/revisions"}],"predecessor-version":[{"id":60836,"href":"https:\/\/lasentinelle.dz\/index.php\/wp-json\/wp\/v2\/posts\/60833\/revisions\/60836"}],"wp:featuredmedia":[{"embeddable":true,"href":"https:\/\/lasentinelle.dz\/index.php\/wp-json\/wp\/v2\/media\/60834"}],"wp:attachment":[{"href":"https:\/\/lasentinelle.dz\/index.php\/wp-json\/wp\/v2\/media?parent=60833"}],"wp:term":[{"taxonomy":"category","embeddable":true,"href":"https:\/\/lasentinelle.dz\/index.php\/wp-json\/wp\/v2\/categories?post=60833"},{"taxonomy":"post_tag","embeddable":true,"href":"https:\/\/lasentinelle.dz\/index.php\/wp-json\/wp\/v2\/tags?post=60833"}],"curies":[{"name":"wp","href":"https:\/\/api.w.org\/{rel}","templated":true}]}}