{"id":60849,"date":"2024-12-24T11:51:13","date_gmt":"2024-12-24T10:51:13","guid":{"rendered":"https:\/\/lasentinelle.dz\/?p=60849"},"modified":"2024-12-24T11:51:14","modified_gmt":"2024-12-24T10:51:14","slug":"mondial-feminin-u17-eliminatoires-les-cadettes-a-pied-doeuvre","status":"publish","type":"post","link":"https:\/\/lasentinelle.dz\/index.php\/2024\/12\/24\/mondial-feminin-u17-eliminatoires-les-cadettes-a-pied-doeuvre\/","title":{"rendered":"Mondial f\u00e9minin U17 (\u00c9liminatoires): Les cadettes \u00e0 pied d&rsquo;\u0153uvre"},"content":{"rendered":"\n<p>L&rsquo;heure est \u00e0 la mobilisation pour la s\u00e9lection nationale f\u00e9minine U17 de football. Depuis dimanche, les jeunes Alg\u00e9riennes ont pris leurs quartiers au Centre technique national (CTN) de Sidi Moussa pour un stage de pr\u00e9paration intense de cinq jours, sous la houlette du s\u00e9lectionneur national Abdenour Mira. Ce regroupement s&rsquo;inscrit dans le cadre des pr\u00e9paratifs pour les \u00e9liminatoires de la Coupe du Monde 2025 de la cat\u00e9gorie, o\u00f9 un derby maghr\u00e9bin face \u00e0 la Tunisie les attend d\u00e8s janvier prochain. Le staff technique n&rsquo;a rien laiss\u00e9 au hasard pour ce regroupement, convoquant un groupe \u00e9largi de 26 joueuses issues des quatre coins du pays. La premi\u00e8re s\u00e9ance d&rsquo;entra\u00eenement, qui s&rsquo;est d\u00e9roul\u00e9e ce lundi soir, a donn\u00e9 le ton d&rsquo;un stage qui s&rsquo;annonce studieux. Au programme de cette semaine de travail, deux matchs d&rsquo;application d&rsquo;envergure sont pr\u00e9vus face aux \u00e9quipes seniors du MC Alger et de l&rsquo;USM Alger, respectivement ce mardi et jeudi. Ces confrontations permettront aux jeunes talents de se mesurer \u00e0 des formations plus exp\u00e9riment\u00e9es et de parfaire leurs automatismes. L&rsquo;Afak Relizane, v\u00e9ritable p\u00e9pini\u00e8re du football f\u00e9minin alg\u00e9rien, est largement repr\u00e9sent\u00e9 dans cette s\u00e9lection avec huit joueuses, dont Sehoul Hanane, Boulal Amira Malek et Rebbahi Zaza. Le CF Akbou n&rsquo;est pas en reste avec \u00e9galement huit \u00e9l\u00e9ments, parmi lesquels Benchilla Sabrina et Iskounene Celine. L&rsquo;ASE Alger Centre, le JF Khroub et d&rsquo;autres clubs ont \u00e9galement fourni leur contingent de jeunes espoirs, t\u00e9moignant de la vitalit\u00e9 du football f\u00e9minin \u00e0 travers le territoire national. L&rsquo;enjeu est de taille pour ces jeunes Alg\u00e9riennes. Le premier tour des \u00e9liminatoires les opposera \u00e0 la Tunisie dans une double confrontation qui s&rsquo;annonce passionnante. Le match aller se disputera \u00e0 Tunis entre le 10 et le 12 janvier 2025, tandis que le retour est programm\u00e9 en Alg\u00e9rie une semaine plus tard. En cas de succ\u00e8s, les prot\u00e9g\u00e9es d&rsquo;Abdenour Mira devront ensuite affronter le vainqueur du duel entre la Guin\u00e9e-\u00e9quatoriale et le Botswana, lors d&rsquo;un deuxi\u00e8me tour pr\u00e9vu en mars 2025. Le chemin vers la qualification est encore long, avec un troisi\u00e8me et dernier tour programm\u00e9 en avril 2025. Mais l&rsquo;enthousiasme et la d\u00e9termination affich\u00e9s par ce groupe laissent pr\u00e9sager de belles promesses. Les s\u00e9ances d&rsquo;entra\u00eenement et les matchs amicaux pr\u00e9vus cette semaine seront cruciaux pour peaufiner les derniers r\u00e9glages et cr\u00e9er une v\u00e9ritable coh\u00e9sion d&rsquo;\u00e9quipe. Le travail de formation entrepris depuis plusieurs ann\u00e9es commence \u00e0 porter ses fruits, comme en t\u00e9moigne la qualit\u00e9 des joueuses convoqu\u00e9es. La diversit\u00e9 des clubs repr\u00e9sent\u00e9s, d&rsquo;Alger \u00e0 Relizane en passant par Akbou et Khroub, illustre parfaitement le d\u00e9veloppement du football f\u00e9minin \u00e0 l&rsquo;\u00e9chelle nationale. Le stage de Sidi Moussa repr\u00e9sente ainsi une \u00e9tape cruciale dans la pr\u00e9paration de ces \u00e9liminatoires. L&rsquo;objectif est clair : franchir les trois tours qualificatifs pour offrir \u00e0 l&rsquo;Alg\u00e9rie une participation historique \u00e0 la Coupe du Monde U17 f\u00e9minine.<\/p>\n\n\n\n<p>M.D.<\/p>\n","protected":false},"excerpt":{"rendered":"<p>L&rsquo;heure est \u00e0 la mobilisation pour la s\u00e9lection nationale f\u00e9minine U17 de football. Depuis dimanche, les jeunes Alg\u00e9riennes ont pris<\/p>\n","protected":false},"author":6,"featured_media":60850,"comment_status":"open","ping_status":"closed","sticky":false,"template":"","format":"standard","meta":{"colormag_page_container_layout":"default_layout","colormag_page_sidebar_layout":"default_layout","om_disable_all_campaigns":false,"_monsterinsights_skip_tracking":false,"_monsterinsights_sitenote_active":false,"_monsterinsights_sitenote_note":"","_monsterinsights_sitenote_category":0,"footnotes":"","_wpscppro_dont_share_socialmedia":false,"_wpscppro_custom_social_share_image":0,"_facebook_share_type":"default","_twitter_share_type":"default","_linkedin_share_type":"default","_pinterest_share_type":"default","_linkedin_share_type_page":"","_instagram_share_type":"default","_medium_share_type":"default","_threads_share_type":"","_google_business_share_type":"","_selected_social_profile":[],"_wpsp_enable_custom_social_template":false,"_wpsp_social_scheduling":{"enabled":false,"datetime":null,"platforms":[],"status":"template_only","dateOption":"today","timeOption":"now","customDays":"","customHours":"","customDate":"","customTime":"","schedulingType":"absolute"},"_wpsp_active_default_template":true},"categories":[33],"tags":[],"class_list":["post-60849","post","type-post","status-publish","format-standard","has-post-thumbnail","hentry","category-sports"],"aioseo_notices":[],"yoast_head":"<!-- This site is optimized with the Yoast SEO plugin v27.5 - https:\/\/yoast.com\/product\/yoast-seo-wordpress\/ -->\n<title>Mondial f\u00e9minin U17 (\u00c9liminatoires): Les cadettes \u00e0 pied d&rsquo;\u0153uvre - La Sentinelle<\/title>\n<meta name=\"robots\" content=\"index, follow, max-snippet:-1, max-image-preview:large, max-video-preview:-1\" \/>\n<link rel=\"canonical\" href=\"https:\/\/lasentinelle.dz\/index.php\/2024\/12\/24\/mondial-feminin-u17-eliminatoires-les-cadettes-a-pied-doeuvre\/\" \/>\n<meta property=\"og:locale\" content=\"fr_FR\" \/>\n<meta property=\"og:type\" content=\"article\" \/>\n<meta property=\"og:title\" content=\"Mondial f\u00e9minin U17 (\u00c9liminatoires): Les cadettes \u00e0 pied d&rsquo;\u0153uvre - La Sentinelle\" \/>\n<meta property=\"og:description\" content=\"L&rsquo;heure est \u00e0 la mobilisation pour la s\u00e9lection nationale f\u00e9minine U17 de football. Depuis dimanche, les jeunes Alg\u00e9riennes ont pris\" \/>\n<meta property=\"og:url\" content=\"https:\/\/lasentinelle.dz\/index.php\/2024\/12\/24\/mondial-feminin-u17-eliminatoires-les-cadettes-a-pied-doeuvre\/\" \/>\n<meta property=\"og:site_name\" content=\"La Sentinelle\" \/>\n<meta property=\"article:publisher\" content=\"https:\/\/www.facebook.com\/La-Sentinelle-104059864394773\" \/>\n<meta property=\"article:published_time\" content=\"2024-12-24T10:51:13+00:00\" \/>\n<meta property=\"article:modified_time\" content=\"2024-12-24T10:51:14+00:00\" \/>\n<meta property=\"og:image\" content=\"https:\/\/lasentinelle.dz\/wp-content\/uploads\/2024\/12\/cadette.jpeg\" \/>\n\t<meta property=\"og:image:width\" content=\"2000\" \/>\n\t<meta property=\"og:image:height\" content=\"1456\" \/>\n\t<meta property=\"og:image:type\" content=\"image\/jpeg\" \/>\n<meta name=\"author\" content=\"admin\" \/>\n<meta name=\"twitter:card\" content=\"summary_large_image\" \/>\n<meta name=\"twitter:label1\" content=\"\u00c9crit par\" \/>\n\t<meta name=\"twitter:data1\" content=\"admin\" \/>\n\t<meta name=\"twitter:label2\" content=\"Dur\u00e9e de lecture estim\u00e9e\" \/>\n\t<meta name=\"twitter:data2\" content=\"3 minutes\" \/>\n<script type=\"application\/ld+json\" class=\"yoast-schema-graph\">{\"@context\":\"https:\\\/\\\/schema.org\",\"@graph\":[{\"@type\":\"Article\",\"@id\":\"https:\\\/\\\/lasentinelle.dz\\\/index.php\\\/2024\\\/12\\\/24\\\/mondial-feminin-u17-eliminatoires-les-cadettes-a-pied-doeuvre\\\/#article\",\"isPartOf\":{\"@id\":\"https:\\\/\\\/lasentinelle.dz\\\/index.php\\\/2024\\\/12\\\/24\\\/mondial-feminin-u17-eliminatoires-les-cadettes-a-pied-doeuvre\\\/\"},\"author\":{\"name\":\"admin\",\"@id\":\"https:\\\/\\\/lasentinelle.dz\\\/#\\\/schema\\\/person\\\/729ee0024f24e0b8c5ec17232f8e8b41\"},\"headline\":\"Mondial f\u00e9minin U17 (\u00c9liminatoires): Les cadettes \u00e0 pied d&rsquo;\u0153uvre\",\"datePublished\":\"2024-12-24T10:51:13+00:00\",\"dateModified\":\"2024-12-24T10:51:14+00:00\",\"mainEntityOfPage\":{\"@id\":\"https:\\\/\\\/lasentinelle.dz\\\/index.php\\\/2024\\\/12\\\/24\\\/mondial-feminin-u17-eliminatoires-les-cadettes-a-pied-doeuvre\\\/\"},\"wordCount\":541,\"commentCount\":0,\"publisher\":{\"@id\":\"https:\\\/\\\/lasentinelle.dz\\\/#organization\"},\"image\":{\"@id\":\"https:\\\/\\\/lasentinelle.dz\\\/index.php\\\/2024\\\/12\\\/24\\\/mondial-feminin-u17-eliminatoires-les-cadettes-a-pied-doeuvre\\\/#primaryimage\"},\"thumbnailUrl\":\"https:\\\/\\\/lasentinelle.dz\\\/wp-content\\\/uploads\\\/2024\\\/12\\\/cadette.jpeg\",\"articleSection\":[\"Sports\"],\"inLanguage\":\"fr-FR\",\"potentialAction\":[{\"@type\":\"CommentAction\",\"name\":\"Comment\",\"target\":[\"https:\\\/\\\/lasentinelle.dz\\\/index.php\\\/2024\\\/12\\\/24\\\/mondial-feminin-u17-eliminatoires-les-cadettes-a-pied-doeuvre\\\/#respond\"]}]},{\"@type\":\"WebPage\",\"@id\":\"https:\\\/\\\/lasentinelle.dz\\\/index.php\\\/2024\\\/12\\\/24\\\/mondial-feminin-u17-eliminatoires-les-cadettes-a-pied-doeuvre\\\/\",\"url\":\"https:\\\/\\\/lasentinelle.dz\\\/index.php\\\/2024\\\/12\\\/24\\\/mondial-feminin-u17-eliminatoires-les-cadettes-a-pied-doeuvre\\\/\",\"name\":\"Mondial f\u00e9minin U17 (\u00c9liminatoires): Les cadettes \u00e0 pied d&rsquo;\u0153uvre - La Sentinelle\",\"isPartOf\":{\"@id\":\"https:\\\/\\\/lasentinelle.dz\\\/#website\"},\"primaryImageOfPage\":{\"@id\":\"https:\\\/\\\/lasentinelle.dz\\\/index.php\\\/2024\\\/12\\\/24\\\/mondial-feminin-u17-eliminatoires-les-cadettes-a-pied-doeuvre\\\/#primaryimage\"},\"image\":{\"@id\":\"https:\\\/\\\/lasentinelle.dz\\\/index.php\\\/2024\\\/12\\\/24\\\/mondial-feminin-u17-eliminatoires-les-cadettes-a-pied-doeuvre\\\/#primaryimage\"},\"thumbnailUrl\":\"https:\\\/\\\/lasentinelle.dz\\\/wp-content\\\/uploads\\\/2024\\\/12\\\/cadette.jpeg\",\"datePublished\":\"2024-12-24T10:51:13+00:00\",\"dateModified\":\"2024-12-24T10:51:14+00:00\",\"breadcrumb\":{\"@id\":\"https:\\\/\\\/lasentinelle.dz\\\/index.php\\\/2024\\\/12\\\/24\\\/mondial-feminin-u17-eliminatoires-les-cadettes-a-pied-doeuvre\\\/#breadcrumb\"},\"inLanguage\":\"fr-FR\",\"potentialAction\":[{\"@type\":\"ReadAction\",\"target\":[\"https:\\\/\\\/lasentinelle.dz\\\/index.php\\\/2024\\\/12\\\/24\\\/mondial-feminin-u17-eliminatoires-les-cadettes-a-pied-doeuvre\\\/\"]}]},{\"@type\":\"ImageObject\",\"inLanguage\":\"fr-FR\",\"@id\":\"https:\\\/\\\/lasentinelle.dz\\\/index.php\\\/2024\\\/12\\\/24\\\/mondial-feminin-u17-eliminatoires-les-cadettes-a-pied-doeuvre\\\/#primaryimage\",\"url\":\"https:\\\/\\\/lasentinelle.dz\\\/wp-content\\\/uploads\\\/2024\\\/12\\\/cadette.jpeg\",\"contentUrl\":\"https:\\\/\\\/lasentinelle.dz\\\/wp-content\\\/uploads\\\/2024\\\/12\\\/cadette.jpeg\",\"width\":2000,\"height\":1456},{\"@type\":\"BreadcrumbList\",\"@id\":\"https:\\\/\\\/lasentinelle.dz\\\/index.php\\\/2024\\\/12\\\/24\\\/mondial-feminin-u17-eliminatoires-les-cadettes-a-pied-doeuvre\\\/#breadcrumb\",\"itemListElement\":[{\"@type\":\"ListItem\",\"position\":1,\"name\":\"Accueil\",\"item\":\"https:\\\/\\\/lasentinelle.dz\\\/\"},{\"@type\":\"ListItem\",\"position\":2,\"name\":\"Mondial f\u00e9minin U17 (\u00c9liminatoires): Les cadettes \u00e0 pied d&rsquo;\u0153uvre\"}]},{\"@type\":\"WebSite\",\"@id\":\"https:\\\/\\\/lasentinelle.dz\\\/#website\",\"url\":\"https:\\\/\\\/lasentinelle.dz\\\/\",\"name\":\"La Sentinelle\",\"description\":\"Quotidien national d&#039;information\",\"publisher\":{\"@id\":\"https:\\\/\\\/lasentinelle.dz\\\/#organization\"},\"potentialAction\":[{\"@type\":\"SearchAction\",\"target\":{\"@type\":\"EntryPoint\",\"urlTemplate\":\"https:\\\/\\\/lasentinelle.dz\\\/?s={search_term_string}\"},\"query-input\":{\"@type\":\"PropertyValueSpecification\",\"valueRequired\":true,\"valueName\":\"search_term_string\"}}],\"inLanguage\":\"fr-FR\"},{\"@type\":\"Organization\",\"@id\":\"https:\\\/\\\/lasentinelle.dz\\\/#organization\",\"name\":\"Quotidien La Sentinelle\",\"url\":\"https:\\\/\\\/lasentinelle.dz\\\/\",\"logo\":{\"@type\":\"ImageObject\",\"inLanguage\":\"fr-FR\",\"@id\":\"https:\\\/\\\/lasentinelle.dz\\\/#\\\/schema\\\/logo\\\/image\\\/\",\"url\":\"https:\\\/\\\/lasentinelle.dz\\\/wp-content\\\/uploads\\\/2021\\\/09\\\/logo-sentinelleSLOGAN-1.png\",\"contentUrl\":\"https:\\\/\\\/lasentinelle.dz\\\/wp-content\\\/uploads\\\/2021\\\/09\\\/logo-sentinelleSLOGAN-1.png\",\"width\":615,\"height\":142,\"caption\":\"Quotidien La Sentinelle\"},\"image\":{\"@id\":\"https:\\\/\\\/lasentinelle.dz\\\/#\\\/schema\\\/logo\\\/image\\\/\"},\"sameAs\":[\"https:\\\/\\\/www.facebook.com\\\/La-Sentinelle-104059864394773\"]},{\"@type\":\"Person\",\"@id\":\"https:\\\/\\\/lasentinelle.dz\\\/#\\\/schema\\\/person\\\/729ee0024f24e0b8c5ec17232f8e8b41\",\"name\":\"admin\",\"image\":{\"@type\":\"ImageObject\",\"inLanguage\":\"fr-FR\",\"@id\":\"https:\\\/\\\/secure.gravatar.com\\\/avatar\\\/4c81fed838786e9b53f540bf46533e750f5d292099ae3b66cfc6fb1982e29df7?s=96&d=mm&r=g\",\"url\":\"https:\\\/\\\/secure.gravatar.com\\\/avatar\\\/4c81fed838786e9b53f540bf46533e750f5d292099ae3b66cfc6fb1982e29df7?s=96&d=mm&r=g\",\"contentUrl\":\"https:\\\/\\\/secure.gravatar.com\\\/avatar\\\/4c81fed838786e9b53f540bf46533e750f5d292099ae3b66cfc6fb1982e29df7?s=96&d=mm&r=g\",\"caption\":\"admin\"},\"description\":\"admin\",\"url\":\"https:\\\/\\\/lasentinelle.dz\\\/author\\\/admin\\\/\"}]}<\/script>\n<!-- \/ Yoast SEO plugin. -->","yoast_head_json":{"title":"Mondial f\u00e9minin U17 (\u00c9liminatoires): Les cadettes \u00e0 pied d&rsquo;\u0153uvre - La Sentinelle","robots":{"index":"index","follow":"follow","max-snippet":"max-snippet:-1","max-image-preview":"max-image-preview:large","max-video-preview":"max-video-preview:-1"},"canonical":"https:\/\/lasentinelle.dz\/index.php\/2024\/12\/24\/mondial-feminin-u17-eliminatoires-les-cadettes-a-pied-doeuvre\/","og_locale":"fr_FR","og_type":"article","og_title":"Mondial f\u00e9minin U17 (\u00c9liminatoires): Les cadettes \u00e0 pied d&rsquo;\u0153uvre - La Sentinelle","og_description":"L&rsquo;heure est \u00e0 la mobilisation pour la s\u00e9lection nationale f\u00e9minine U17 de football. Depuis dimanche, les jeunes Alg\u00e9riennes ont pris","og_url":"https:\/\/lasentinelle.dz\/index.php\/2024\/12\/24\/mondial-feminin-u17-eliminatoires-les-cadettes-a-pied-doeuvre\/","og_site_name":"La Sentinelle","article_publisher":"https:\/\/www.facebook.com\/La-Sentinelle-104059864394773","article_published_time":"2024-12-24T10:51:13+00:00","article_modified_time":"2024-12-24T10:51:14+00:00","og_image":[{"width":2000,"height":1456,"url":"https:\/\/lasentinelle.dz\/wp-content\/uploads\/2024\/12\/cadette.jpeg","type":"image\/jpeg"}],"author":"admin","twitter_card":"summary_large_image","twitter_misc":{"\u00c9crit par":"admin","Dur\u00e9e de lecture estim\u00e9e":"3 minutes"},"schema":{"@context":"https:\/\/schema.org","@graph":[{"@type":"Article","@id":"https:\/\/lasentinelle.dz\/index.php\/2024\/12\/24\/mondial-feminin-u17-eliminatoires-les-cadettes-a-pied-doeuvre\/#article","isPartOf":{"@id":"https:\/\/lasentinelle.dz\/index.php\/2024\/12\/24\/mondial-feminin-u17-eliminatoires-les-cadettes-a-pied-doeuvre\/"},"author":{"name":"admin","@id":"https:\/\/lasentinelle.dz\/#\/schema\/person\/729ee0024f24e0b8c5ec17232f8e8b41"},"headline":"Mondial f\u00e9minin U17 (\u00c9liminatoires): Les cadettes \u00e0 pied d&rsquo;\u0153uvre","datePublished":"2024-12-24T10:51:13+00:00","dateModified":"2024-12-24T10:51:14+00:00","mainEntityOfPage":{"@id":"https:\/\/lasentinelle.dz\/index.php\/2024\/12\/24\/mondial-feminin-u17-eliminatoires-les-cadettes-a-pied-doeuvre\/"},"wordCount":541,"commentCount":0,"publisher":{"@id":"https:\/\/lasentinelle.dz\/#organization"},"image":{"@id":"https:\/\/lasentinelle.dz\/index.php\/2024\/12\/24\/mondial-feminin-u17-eliminatoires-les-cadettes-a-pied-doeuvre\/#primaryimage"},"thumbnailUrl":"https:\/\/lasentinelle.dz\/wp-content\/uploads\/2024\/12\/cadette.jpeg","articleSection":["Sports"],"inLanguage":"fr-FR","potentialAction":[{"@type":"CommentAction","name":"Comment","target":["https:\/\/lasentinelle.dz\/index.php\/2024\/12\/24\/mondial-feminin-u17-eliminatoires-les-cadettes-a-pied-doeuvre\/#respond"]}]},{"@type":"WebPage","@id":"https:\/\/lasentinelle.dz\/index.php\/2024\/12\/24\/mondial-feminin-u17-eliminatoires-les-cadettes-a-pied-doeuvre\/","url":"https:\/\/lasentinelle.dz\/index.php\/2024\/12\/24\/mondial-feminin-u17-eliminatoires-les-cadettes-a-pied-doeuvre\/","name":"Mondial f\u00e9minin U17 (\u00c9liminatoires): Les cadettes \u00e0 pied d&rsquo;\u0153uvre - La Sentinelle","isPartOf":{"@id":"https:\/\/lasentinelle.dz\/#website"},"primaryImageOfPage":{"@id":"https:\/\/lasentinelle.dz\/index.php\/2024\/12\/24\/mondial-feminin-u17-eliminatoires-les-cadettes-a-pied-doeuvre\/#primaryimage"},"image":{"@id":"https:\/\/lasentinelle.dz\/index.php\/2024\/12\/24\/mondial-feminin-u17-eliminatoires-les-cadettes-a-pied-doeuvre\/#primaryimage"},"thumbnailUrl":"https:\/\/lasentinelle.dz\/wp-content\/uploads\/2024\/12\/cadette.jpeg","datePublished":"2024-12-24T10:51:13+00:00","dateModified":"2024-12-24T10:51:14+00:00","breadcrumb":{"@id":"https:\/\/lasentinelle.dz\/index.php\/2024\/12\/24\/mondial-feminin-u17-eliminatoires-les-cadettes-a-pied-doeuvre\/#breadcrumb"},"inLanguage":"fr-FR","potentialAction":[{"@type":"ReadAction","target":["https:\/\/lasentinelle.dz\/index.php\/2024\/12\/24\/mondial-feminin-u17-eliminatoires-les-cadettes-a-pied-doeuvre\/"]}]},{"@type":"ImageObject","inLanguage":"fr-FR","@id":"https:\/\/lasentinelle.dz\/index.php\/2024\/12\/24\/mondial-feminin-u17-eliminatoires-les-cadettes-a-pied-doeuvre\/#primaryimage","url":"https:\/\/lasentinelle.dz\/wp-content\/uploads\/2024\/12\/cadette.jpeg","contentUrl":"https:\/\/lasentinelle.dz\/wp-content\/uploads\/2024\/12\/cadette.jpeg","width":2000,"height":1456},{"@type":"BreadcrumbList","@id":"https:\/\/lasentinelle.dz\/index.php\/2024\/12\/24\/mondial-feminin-u17-eliminatoires-les-cadettes-a-pied-doeuvre\/#breadcrumb","itemListElement":[{"@type":"ListItem","position":1,"name":"Accueil","item":"https:\/\/lasentinelle.dz\/"},{"@type":"ListItem","position":2,"name":"Mondial f\u00e9minin U17 (\u00c9liminatoires): Les cadettes \u00e0 pied d&rsquo;\u0153uvre"}]},{"@type":"WebSite","@id":"https:\/\/lasentinelle.dz\/#website","url":"https:\/\/lasentinelle.dz\/","name":"La Sentinelle","description":"Quotidien national d&#039;information","publisher":{"@id":"https:\/\/lasentinelle.dz\/#organization"},"potentialAction":[{"@type":"SearchAction","target":{"@type":"EntryPoint","urlTemplate":"https:\/\/lasentinelle.dz\/?s={search_term_string}"},"query-input":{"@type":"PropertyValueSpecification","valueRequired":true,"valueName":"search_term_string"}}],"inLanguage":"fr-FR"},{"@type":"Organization","@id":"https:\/\/lasentinelle.dz\/#organization","name":"Quotidien La Sentinelle","url":"https:\/\/lasentinelle.dz\/","logo":{"@type":"ImageObject","inLanguage":"fr-FR","@id":"https:\/\/lasentinelle.dz\/#\/schema\/logo\/image\/","url":"https:\/\/lasentinelle.dz\/wp-content\/uploads\/2021\/09\/logo-sentinelleSLOGAN-1.png","contentUrl":"https:\/\/lasentinelle.dz\/wp-content\/uploads\/2021\/09\/logo-sentinelleSLOGAN-1.png","width":615,"height":142,"caption":"Quotidien La Sentinelle"},"image":{"@id":"https:\/\/lasentinelle.dz\/#\/schema\/logo\/image\/"},"sameAs":["https:\/\/www.facebook.com\/La-Sentinelle-104059864394773"]},{"@type":"Person","@id":"https:\/\/lasentinelle.dz\/#\/schema\/person\/729ee0024f24e0b8c5ec17232f8e8b41","name":"admin","image":{"@type":"ImageObject","inLanguage":"fr-FR","@id":"https:\/\/secure.gravatar.com\/avatar\/4c81fed838786e9b53f540bf46533e750f5d292099ae3b66cfc6fb1982e29df7?s=96&d=mm&r=g","url":"https:\/\/secure.gravatar.com\/avatar\/4c81fed838786e9b53f540bf46533e750f5d292099ae3b66cfc6fb1982e29df7?s=96&d=mm&r=g","contentUrl":"https:\/\/secure.gravatar.com\/avatar\/4c81fed838786e9b53f540bf46533e750f5d292099ae3b66cfc6fb1982e29df7?s=96&d=mm&r=g","caption":"admin"},"description":"admin","url":"https:\/\/lasentinelle.dz\/author\/admin\/"}]}},"_links":{"self":[{"href":"https:\/\/lasentinelle.dz\/index.php\/wp-json\/wp\/v2\/posts\/60849","targetHints":{"allow":["GET"]}}],"collection":[{"href":"https:\/\/lasentinelle.dz\/index.php\/wp-json\/wp\/v2\/posts"}],"about":[{"href":"https:\/\/lasentinelle.dz\/index.php\/wp-json\/wp\/v2\/types\/post"}],"author":[{"embeddable":true,"href":"https:\/\/lasentinelle.dz\/index.php\/wp-json\/wp\/v2\/users\/6"}],"replies":[{"embeddable":true,"href":"https:\/\/lasentinelle.dz\/index.php\/wp-json\/wp\/v2\/comments?post=60849"}],"version-history":[{"count":2,"href":"https:\/\/lasentinelle.dz\/index.php\/wp-json\/wp\/v2\/posts\/60849\/revisions"}],"predecessor-version":[{"id":60852,"href":"https:\/\/lasentinelle.dz\/index.php\/wp-json\/wp\/v2\/posts\/60849\/revisions\/60852"}],"wp:featuredmedia":[{"embeddable":true,"href":"https:\/\/lasentinelle.dz\/index.php\/wp-json\/wp\/v2\/media\/60850"}],"wp:attachment":[{"href":"https:\/\/lasentinelle.dz\/index.php\/wp-json\/wp\/v2\/media?parent=60849"}],"wp:term":[{"taxonomy":"category","embeddable":true,"href":"https:\/\/lasentinelle.dz\/index.php\/wp-json\/wp\/v2\/categories?post=60849"},{"taxonomy":"post_tag","embeddable":true,"href":"https:\/\/lasentinelle.dz\/index.php\/wp-json\/wp\/v2\/tags?post=60849"}],"curies":[{"name":"wp","href":"https:\/\/api.w.org\/{rel}","templated":true}]}}