{"id":6085,"date":"2021-09-01T00:05:00","date_gmt":"2021-08-31T23:05:00","guid":{"rendered":"https:\/\/lasentinelle.dz\/?p=6085"},"modified":"2021-08-31T19:56:01","modified_gmt":"2021-08-31T18:56:01","slug":"depart-des-mercenaires-etrangers-de-libye-un-defi-pour-la-securite-de-la-region","status":"publish","type":"post","link":"https:\/\/lasentinelle.dz\/index.php\/2021\/09\/01\/depart-des-mercenaires-etrangers-de-libye-un-defi-pour-la-securite-de-la-region\/","title":{"rendered":"D\u00e9part des mercenaires \u00e9trangers de Libye : Un d\u00e9fi pour la s\u00e9curit\u00e9 de la r\u00e9gion"},"content":{"rendered":"\n<p>Les travaux de r\u00e9union minist\u00e9rielle des pays du voisinage de la Libye ont \u00e9t\u00e9 cl\u00f4tur\u00e9s hier. Une r\u00e9union qui a permis de mettre en lumi\u00e8re l\u2019importance du processus de stabilisation de la Libye en vue de la tenue des \u00e9lections pr\u00e9vues le 24 d\u00e9cembre prochain, mais aussi et surtout le d\u00e9part des mercenaires et des forces \u00e9trang\u00e8res dans un cadre transparent et organis\u00e9.<\/p>\n\n\n\n<p>Une question que le ministre des Affaires \u00e9trang\u00e8res et de la Communaut\u00e9 nationale \u00e0 l\u2019\u00e9tranger, RamtaneLamamra a tenu \u00e0 mettre en lumi\u00e8re \u00e0 l\u2019issue des travaux. Au cours d\u2019une conf\u00e9rence de presse qu\u2019il a co-anim\u00e9 avec son homologue libyenne, Najla El Menqouch, Ramtane Lamamra a mis l&rsquo;accent sur la n\u00e9cessit\u00e9 de lib\u00e9rer le territoire libyen de toutes les interf\u00e9rences \u00e9trang\u00e8res qui agissent n\u00e9gativement sur le processus de r\u00e8glement de la crise et de r\u00e9\u00e9dification des institutions de la libye, notamment, les mercenaires. Ces derniers, affirme-t-il, repr\u00e9sentent un danger non seulement pour l&rsquo;int\u00e9grit\u00e9 de la Libye mais aussi un danger pour la s\u00e9curit\u00e9 des pays du voisinage dont l&rsquo;Alg\u00e9rie qui \u0153uvre pour un d\u00e9part organis\u00e9 et transparent de ces groupes. Lamamra a recommand\u00e9 ainsi que le d\u00e9part de ces groupes soient pris en charge par des m\u00e9canismes qui \u00e9vitent des implications n\u00e9gatives pour les pays du voisinage. Il a ainsi affirm\u00e9 qu\u2019une sortie non contr\u00f4l\u00e9e des mercenaires \u00e9trangers du territoire suscite une inqui\u00e9tude l\u00e9gitime au sein des pays du voisinage, plaidant pour un d\u00e9part de ces forces dans un cadre organis\u00e9 et transparent. Et d\u2019ajouter que la question des mercenaires \u00e9trangers doit \u00eatre prise en charge par la communaut\u00e9 internationale. C\u2019est dans ce sens que RamtaneLamamra a rappel\u00e9 que l\u2019Alg\u00e9rie a souhait\u00e9 \u00eatre associ\u00e9 au processus de dialogue militaire 5+5 et au Forum de dialogue politique. \u00ab&nbsp;Ce n\u2019est en aucun cas une intrusion, mais nous souhaitons que notre point de vue soit entendu&nbsp;\u00bb, a expliqu\u00e9 le ministre des Affaires \u00e9trang\u00e8res.<\/p>\n\n\n\n<p>En ce concerne le r\u00e8glement de la crise en Libye, le chef de la diplomatie alg\u00e9rienne a mise en avant l\u2019importance de la r\u00e9conciliation nationale en Libye, ajoutant que ce pays \u00ab\u00a0peut pleinement tirer profit de l&rsquo;exp\u00e9rience alg\u00e9rienne en la mati\u00e8re\u00a0\u00bb.Lamamra a pr\u00e9cis\u00e9 que \u00ab\u00a0tous les textes, y compris les conclusions de la conf\u00e9rence de Berlin, affirment la possibilit\u00e9 pour la Libye de tirer profit de l&rsquo;exp\u00e9rience alg\u00e9rienne en la mati\u00e8re\u00a0\u00bb, relevant que la r\u00e9conciliation nationale \u00e9tait un pilier pour le r\u00e9tablissement de la s\u00e9curit\u00e9 dans ce pays. Un pr\u00e9alable pour tout processus de stabilisation.<\/p>\n\n\n\n<p>D\u2019ailleurs, la question du retour de la stabilit\u00e9 en Libye constitue l\u2019un des pr\u00e9alables au processus de r\u00e9\u00e9dification des institutions \u00e0 travers l\u2019organisation des \u00e9lections et lequel doit \u00eatre assis sur une base juridique et constitutionnelle, point d\u2019achoppement d\u2019ailleurs entre les acteurs du Forum de dialogue interlibyen.&nbsp; Sur ce point, RamtaneLamamra n&rsquo;a pas omis de souligner que la r\u00e9conciliation entre les fr\u00e8res libyens est un pr\u00e9alable \u00e0 toute sortie de crise notamment la r\u00e9ussite du processus \u00e9lectoral dont la premi\u00e8re escale reste les \u00e9lections pr\u00e9sidentielles pr\u00e9vues le mois de d\u00e9cembre prochain. Lamamra a, \u00e0 ce sujet, r\u00e9affirm\u00e9 la disponibilit\u00e9 de l&rsquo;Alg\u00e9rie \u00e0 accompagner ce processus &nbsp;et est pr\u00eate \u00e0 d\u00e9p\u00eacher, si le Gouvernement libyen en fait la demande, un groupe d&rsquo;observateurs pour suivre la tenue des prochaines \u00e9lections pr\u00e9vues en d\u00e9cembre prochain en Libye.<\/p>\n\n\n\n<p>Pour sa part, la ministre libyenne des affaires \u00e9trang\u00e8res Najla El Manqouch&nbsp; a tenu \u00e0 exprimer sa reconnaissance \u00e0 l&rsquo;Alg\u00e9rie \u00e0 sa t\u00eate le pr\u00e9sident de la R\u00e9publique, Abdelmadjid Tebboune, et son ministre des affaires \u00e9trang\u00e8res qui ont \u00ab&nbsp;\u0153uvr\u00e9 sans rel\u00e2che pour la r\u00e9ussite de cette r\u00e9union et pour leur d\u00e9vouement \u00e0 la position alg\u00e9rienne de principe qui est d\u2019accompagner le peuple libyen et le refus de tout interf\u00e9rence \u00e9trang\u00e8re&nbsp;\u00bb.&nbsp; Najla El Manqouche&nbsp; n&rsquo;a ainsi pas omis l&rsquo;importance de trouver des solutions aux implications s\u00e9curitaires de la crise libyenne sur les pays voisins dont l&rsquo;Alg\u00e9rie dont l&rsquo;apport, ajoute elle, est pr\u00e9pond\u00e9rant dans ce processus. La MAE libyenne&nbsp; a ainsi soulign\u00e9 le r\u00f4le de l&rsquo;Alg\u00e9rie dans ce processus d&rsquo;accompagnement du peuple libyen et surtout dans l&rsquo;aboutissement durant cette r\u00e9union \u00e0 la r\u00e9activation de l&rsquo;accord entre les quatre pays voisins de la Libye pour la s\u00e9curisation des fronti\u00e8res. La ministre a \u00e9galement rappel\u00e9 le travail du gouvernement d&rsquo;union nationale dans l&rsquo;organisation des \u00e9lections pr\u00e9sidentielles du mois de d\u00e9cembre prochain.<\/p>\n\n\n\n<p><strong>La question palestinienne au c\u0153ur du prochain sommet arabe<\/strong><\/p>\n\n\n\n<p>Notons que la conf\u00e9rence de presse tenue hier, a \u00e9t\u00e9 l\u2019occasion pour le chef de la diplomatiealg\u00e9rienne d\u2019\u00e9voquer le prochain sommet arabe que doit se tenir \u00e0 Alger et dont la t\u00eate reste \u00e0 fixer. Un sommet qui devra mettre \u00e0 profit pour consolider l\u2019action arabe commune. Interroger \u00e0 ce propos, RamtaneLamamra a mis en avant l\u2019importance du r\u00e8glement de certaines questions r\u00e9gionales, \u00e0 l\u2019image de la question libyenne dans la r\u00e9ussite du prochain sommet arabe. C\u2019est aussi le cas pour certaines questions de premier ordre pour le monde arabe, notamment la cause palestinienne.<\/p>\n\n\n\n<p>Le chef de la diplomatie alg\u00e9rienne a soulign\u00e9 l&rsquo;importance de la concertation entre les pays arabe pour le bien de la cause palestinienne tout en r\u00e9it\u00e9rant la position de principe alg\u00e9rienne qui a toujours \u00e9t\u00e9 aux c\u00f4t\u00e9s du peuple palestinien et son droit \u00e0 disposer de son Etat. Il a dans ce sens insist\u00e9 sur le fait que l\u2019action commune arabe doit permettre de r\u00e9affirmer l\u2019attachement au plan de paix arabe. Lamamra a \u00e9galement \u00e9voqu\u00e9 la question de l&rsquo;octroi \u00e0 l\u2019entit\u00e9 sioniste de statut d\u2019observateur au sein de l&rsquo;Union africaine, Lamamra indiqu\u00e9 que \u00ab&nbsp;la question palestinienne est une cause africaine&nbsp;\u00bb et a estim\u00e9 que les choses commencent \u00e0 s&rsquo;\u00e9claircir \u00e0 ce propos , vu que les pays africains affichent leur opposition \u00e0 la d\u00e9cisions unilat\u00e9rale prise par la commission de l\u2019UA..&nbsp;<\/p>\n\n\n\n<p><strong>Kamel Nait Ameur<\/strong><\/p>\n","protected":false},"excerpt":{"rendered":"<p>Les travaux de r\u00e9union minist\u00e9rielle des pays du voisinage de la Libye ont \u00e9t\u00e9 cl\u00f4tur\u00e9s hier. Une r\u00e9union qui a<\/p>\n","protected":false},"author":3,"featured_media":6147,"comment_status":"open","ping_status":"closed","sticky":false,"template":"","format":"standard","meta":{"colormag_page_container_layout":"default_layout","colormag_page_sidebar_layout":"default_layout","om_disable_all_campaigns":false,"_monsterinsights_skip_tracking":false,"_monsterinsights_sitenote_active":false,"_monsterinsights_sitenote_note":"","_monsterinsights_sitenote_category":0,"footnotes":"","_wpscppro_dont_share_socialmedia":false,"_wpscppro_custom_social_share_image":0,"_facebook_share_type":"","_twitter_share_type":"","_linkedin_share_type":"","_pinterest_share_type":"","_linkedin_share_type_page":"","_instagram_share_type":"","_medium_share_type":"","_threads_share_type":"","_google_business_share_type":"","_selected_social_profile":[],"_wpsp_enable_custom_social_template":false,"_wpsp_social_scheduling":{"enabled":false,"datetime":null,"platforms":[],"status":"template_only","dateOption":"today","timeOption":"now","customDays":"","customHours":"","customDate":"","customTime":"","schedulingType":"absolute"},"_wpsp_active_default_template":true},"categories":[52,27],"tags":[],"class_list":["post-6085","post","type-post","status-publish","format-standard","has-post-thumbnail","hentry","category-a-la-une","category-actualite"],"aioseo_notices":[],"yoast_head":"<!-- This site is optimized with the Yoast SEO plugin v27.5 - https:\/\/yoast.com\/product\/yoast-seo-wordpress\/ -->\n<title>D\u00e9part des mercenaires \u00e9trangers de Libye : Un d\u00e9fi pour la s\u00e9curit\u00e9 de la r\u00e9gion - La Sentinelle<\/title>\n<meta name=\"robots\" content=\"index, follow, max-snippet:-1, max-image-preview:large, max-video-preview:-1\" \/>\n<link rel=\"canonical\" href=\"https:\/\/lasentinelle.dz\/index.php\/2021\/09\/01\/depart-des-mercenaires-etrangers-de-libye-un-defi-pour-la-securite-de-la-region\/\" \/>\n<meta property=\"og:locale\" content=\"fr_FR\" \/>\n<meta property=\"og:type\" content=\"article\" \/>\n<meta property=\"og:title\" content=\"D\u00e9part des mercenaires \u00e9trangers de Libye : Un d\u00e9fi pour la s\u00e9curit\u00e9 de la r\u00e9gion - La Sentinelle\" \/>\n<meta property=\"og:description\" content=\"Les travaux de r\u00e9union minist\u00e9rielle des pays du voisinage de la Libye ont \u00e9t\u00e9 cl\u00f4tur\u00e9s hier. Une r\u00e9union qui a\" \/>\n<meta property=\"og:url\" content=\"https:\/\/lasentinelle.dz\/index.php\/2021\/09\/01\/depart-des-mercenaires-etrangers-de-libye-un-defi-pour-la-securite-de-la-region\/\" \/>\n<meta property=\"og:site_name\" content=\"La Sentinelle\" \/>\n<meta property=\"article:publisher\" content=\"https:\/\/www.facebook.com\/La-Sentinelle-104059864394773\" \/>\n<meta property=\"article:published_time\" content=\"2021-08-31T23:05:00+00:00\" \/>\n<meta property=\"og:image\" content=\"https:\/\/lasentinelle.dz\/wp-content\/uploads\/2021\/08\/mercenaires.png\" \/>\n\t<meta property=\"og:image:width\" content=\"1598\" \/>\n\t<meta property=\"og:image:height\" content=\"900\" \/>\n\t<meta property=\"og:image:type\" content=\"image\/png\" \/>\n<meta name=\"author\" content=\"La Sentinelle\" \/>\n<meta name=\"twitter:card\" content=\"summary_large_image\" \/>\n<meta name=\"twitter:label1\" content=\"\u00c9crit par\" \/>\n\t<meta name=\"twitter:data1\" content=\"La Sentinelle\" \/>\n\t<meta name=\"twitter:label2\" content=\"Dur\u00e9e de lecture estim\u00e9e\" \/>\n\t<meta name=\"twitter:data2\" content=\"5 minutes\" \/>\n<script type=\"application\/ld+json\" class=\"yoast-schema-graph\">{\"@context\":\"https:\\\/\\\/schema.org\",\"@graph\":[{\"@type\":\"Article\",\"@id\":\"https:\\\/\\\/lasentinelle.dz\\\/index.php\\\/2021\\\/09\\\/01\\\/depart-des-mercenaires-etrangers-de-libye-un-defi-pour-la-securite-de-la-region\\\/#article\",\"isPartOf\":{\"@id\":\"https:\\\/\\\/lasentinelle.dz\\\/index.php\\\/2021\\\/09\\\/01\\\/depart-des-mercenaires-etrangers-de-libye-un-defi-pour-la-securite-de-la-region\\\/\"},\"author\":{\"name\":\"La Sentinelle\",\"@id\":\"https:\\\/\\\/lasentinelle.dz\\\/#\\\/schema\\\/person\\\/d865044e22e70a75174ce8bcad3acfb3\"},\"headline\":\"D\u00e9part des mercenaires \u00e9trangers de Libye : Un d\u00e9fi pour la s\u00e9curit\u00e9 de la r\u00e9gion\",\"datePublished\":\"2021-08-31T23:05:00+00:00\",\"mainEntityOfPage\":{\"@id\":\"https:\\\/\\\/lasentinelle.dz\\\/index.php\\\/2021\\\/09\\\/01\\\/depart-des-mercenaires-etrangers-de-libye-un-defi-pour-la-securite-de-la-region\\\/\"},\"wordCount\":1110,\"commentCount\":0,\"publisher\":{\"@id\":\"https:\\\/\\\/lasentinelle.dz\\\/#organization\"},\"image\":{\"@id\":\"https:\\\/\\\/lasentinelle.dz\\\/index.php\\\/2021\\\/09\\\/01\\\/depart-des-mercenaires-etrangers-de-libye-un-defi-pour-la-securite-de-la-region\\\/#primaryimage\"},\"thumbnailUrl\":\"https:\\\/\\\/lasentinelle.dz\\\/wp-content\\\/uploads\\\/2021\\\/08\\\/mercenaires.png\",\"articleSection\":[\"\u00c0 la Une\",\"Actualit\u00e9\"],\"inLanguage\":\"fr-FR\",\"potentialAction\":[{\"@type\":\"CommentAction\",\"name\":\"Comment\",\"target\":[\"https:\\\/\\\/lasentinelle.dz\\\/index.php\\\/2021\\\/09\\\/01\\\/depart-des-mercenaires-etrangers-de-libye-un-defi-pour-la-securite-de-la-region\\\/#respond\"]}]},{\"@type\":\"WebPage\",\"@id\":\"https:\\\/\\\/lasentinelle.dz\\\/index.php\\\/2021\\\/09\\\/01\\\/depart-des-mercenaires-etrangers-de-libye-un-defi-pour-la-securite-de-la-region\\\/\",\"url\":\"https:\\\/\\\/lasentinelle.dz\\\/index.php\\\/2021\\\/09\\\/01\\\/depart-des-mercenaires-etrangers-de-libye-un-defi-pour-la-securite-de-la-region\\\/\",\"name\":\"D\u00e9part des mercenaires \u00e9trangers de Libye : Un d\u00e9fi pour la s\u00e9curit\u00e9 de la r\u00e9gion - La Sentinelle\",\"isPartOf\":{\"@id\":\"https:\\\/\\\/lasentinelle.dz\\\/#website\"},\"primaryImageOfPage\":{\"@id\":\"https:\\\/\\\/lasentinelle.dz\\\/index.php\\\/2021\\\/09\\\/01\\\/depart-des-mercenaires-etrangers-de-libye-un-defi-pour-la-securite-de-la-region\\\/#primaryimage\"},\"image\":{\"@id\":\"https:\\\/\\\/lasentinelle.dz\\\/index.php\\\/2021\\\/09\\\/01\\\/depart-des-mercenaires-etrangers-de-libye-un-defi-pour-la-securite-de-la-region\\\/#primaryimage\"},\"thumbnailUrl\":\"https:\\\/\\\/lasentinelle.dz\\\/wp-content\\\/uploads\\\/2021\\\/08\\\/mercenaires.png\",\"datePublished\":\"2021-08-31T23:05:00+00:00\",\"breadcrumb\":{\"@id\":\"https:\\\/\\\/lasentinelle.dz\\\/index.php\\\/2021\\\/09\\\/01\\\/depart-des-mercenaires-etrangers-de-libye-un-defi-pour-la-securite-de-la-region\\\/#breadcrumb\"},\"inLanguage\":\"fr-FR\",\"potentialAction\":[{\"@type\":\"ReadAction\",\"target\":[\"https:\\\/\\\/lasentinelle.dz\\\/index.php\\\/2021\\\/09\\\/01\\\/depart-des-mercenaires-etrangers-de-libye-un-defi-pour-la-securite-de-la-region\\\/\"]}]},{\"@type\":\"ImageObject\",\"inLanguage\":\"fr-FR\",\"@id\":\"https:\\\/\\\/lasentinelle.dz\\\/index.php\\\/2021\\\/09\\\/01\\\/depart-des-mercenaires-etrangers-de-libye-un-defi-pour-la-securite-de-la-region\\\/#primaryimage\",\"url\":\"https:\\\/\\\/lasentinelle.dz\\\/wp-content\\\/uploads\\\/2021\\\/08\\\/mercenaires.png\",\"contentUrl\":\"https:\\\/\\\/lasentinelle.dz\\\/wp-content\\\/uploads\\\/2021\\\/08\\\/mercenaires.png\",\"width\":1598,\"height\":900},{\"@type\":\"BreadcrumbList\",\"@id\":\"https:\\\/\\\/lasentinelle.dz\\\/index.php\\\/2021\\\/09\\\/01\\\/depart-des-mercenaires-etrangers-de-libye-un-defi-pour-la-securite-de-la-region\\\/#breadcrumb\",\"itemListElement\":[{\"@type\":\"ListItem\",\"position\":1,\"name\":\"Accueil\",\"item\":\"https:\\\/\\\/lasentinelle.dz\\\/\"},{\"@type\":\"ListItem\",\"position\":2,\"name\":\"D\u00e9part des mercenaires \u00e9trangers de Libye : Un d\u00e9fi pour la s\u00e9curit\u00e9 de la r\u00e9gion\"}]},{\"@type\":\"WebSite\",\"@id\":\"https:\\\/\\\/lasentinelle.dz\\\/#website\",\"url\":\"https:\\\/\\\/lasentinelle.dz\\\/\",\"name\":\"La Sentinelle\",\"description\":\"Quotidien national d&#039;information\",\"publisher\":{\"@id\":\"https:\\\/\\\/lasentinelle.dz\\\/#organization\"},\"potentialAction\":[{\"@type\":\"SearchAction\",\"target\":{\"@type\":\"EntryPoint\",\"urlTemplate\":\"https:\\\/\\\/lasentinelle.dz\\\/?s={search_term_string}\"},\"query-input\":{\"@type\":\"PropertyValueSpecification\",\"valueRequired\":true,\"valueName\":\"search_term_string\"}}],\"inLanguage\":\"fr-FR\"},{\"@type\":\"Organization\",\"@id\":\"https:\\\/\\\/lasentinelle.dz\\\/#organization\",\"name\":\"Quotidien La Sentinelle\",\"url\":\"https:\\\/\\\/lasentinelle.dz\\\/\",\"logo\":{\"@type\":\"ImageObject\",\"inLanguage\":\"fr-FR\",\"@id\":\"https:\\\/\\\/lasentinelle.dz\\\/#\\\/schema\\\/logo\\\/image\\\/\",\"url\":\"https:\\\/\\\/lasentinelle.dz\\\/wp-content\\\/uploads\\\/2021\\\/09\\\/logo-sentinelleSLOGAN-1.png\",\"contentUrl\":\"https:\\\/\\\/lasentinelle.dz\\\/wp-content\\\/uploads\\\/2021\\\/09\\\/logo-sentinelleSLOGAN-1.png\",\"width\":615,\"height\":142,\"caption\":\"Quotidien La Sentinelle\"},\"image\":{\"@id\":\"https:\\\/\\\/lasentinelle.dz\\\/#\\\/schema\\\/logo\\\/image\\\/\"},\"sameAs\":[\"https:\\\/\\\/www.facebook.com\\\/La-Sentinelle-104059864394773\"]},{\"@type\":\"Person\",\"@id\":\"https:\\\/\\\/lasentinelle.dz\\\/#\\\/schema\\\/person\\\/d865044e22e70a75174ce8bcad3acfb3\",\"name\":\"La Sentinelle\",\"image\":{\"@type\":\"ImageObject\",\"inLanguage\":\"fr-FR\",\"@id\":\"https:\\\/\\\/secure.gravatar.com\\\/avatar\\\/57de8e5d4b15d43fb361a71fbb36338450fe67865b528a43dd10ef7c51a20392?s=96&d=mm&r=g\",\"url\":\"https:\\\/\\\/secure.gravatar.com\\\/avatar\\\/57de8e5d4b15d43fb361a71fbb36338450fe67865b528a43dd10ef7c51a20392?s=96&d=mm&r=g\",\"contentUrl\":\"https:\\\/\\\/secure.gravatar.com\\\/avatar\\\/57de8e5d4b15d43fb361a71fbb36338450fe67865b528a43dd10ef7c51a20392?s=96&d=mm&r=g\",\"caption\":\"La Sentinelle\"},\"sameAs\":[\"http:\\\/\\\/www.lasentinelle.dz\"],\"url\":\"https:\\\/\\\/lasentinelle.dz\\\/author\\\/redaction\\\/\"}]}<\/script>\n<!-- \/ Yoast SEO plugin. -->","yoast_head_json":{"title":"D\u00e9part des mercenaires \u00e9trangers de Libye : Un d\u00e9fi pour la s\u00e9curit\u00e9 de la r\u00e9gion - La Sentinelle","robots":{"index":"index","follow":"follow","max-snippet":"max-snippet:-1","max-image-preview":"max-image-preview:large","max-video-preview":"max-video-preview:-1"},"canonical":"https:\/\/lasentinelle.dz\/index.php\/2021\/09\/01\/depart-des-mercenaires-etrangers-de-libye-un-defi-pour-la-securite-de-la-region\/","og_locale":"fr_FR","og_type":"article","og_title":"D\u00e9part des mercenaires \u00e9trangers de Libye : Un d\u00e9fi pour la s\u00e9curit\u00e9 de la r\u00e9gion - La Sentinelle","og_description":"Les travaux de r\u00e9union minist\u00e9rielle des pays du voisinage de la Libye ont \u00e9t\u00e9 cl\u00f4tur\u00e9s hier. Une r\u00e9union qui a","og_url":"https:\/\/lasentinelle.dz\/index.php\/2021\/09\/01\/depart-des-mercenaires-etrangers-de-libye-un-defi-pour-la-securite-de-la-region\/","og_site_name":"La Sentinelle","article_publisher":"https:\/\/www.facebook.com\/La-Sentinelle-104059864394773","article_published_time":"2021-08-31T23:05:00+00:00","og_image":[{"width":1598,"height":900,"url":"https:\/\/lasentinelle.dz\/wp-content\/uploads\/2021\/08\/mercenaires.png","type":"image\/png"}],"author":"La Sentinelle","twitter_card":"summary_large_image","twitter_misc":{"\u00c9crit par":"La Sentinelle","Dur\u00e9e de lecture estim\u00e9e":"5 minutes"},"schema":{"@context":"https:\/\/schema.org","@graph":[{"@type":"Article","@id":"https:\/\/lasentinelle.dz\/index.php\/2021\/09\/01\/depart-des-mercenaires-etrangers-de-libye-un-defi-pour-la-securite-de-la-region\/#article","isPartOf":{"@id":"https:\/\/lasentinelle.dz\/index.php\/2021\/09\/01\/depart-des-mercenaires-etrangers-de-libye-un-defi-pour-la-securite-de-la-region\/"},"author":{"name":"La Sentinelle","@id":"https:\/\/lasentinelle.dz\/#\/schema\/person\/d865044e22e70a75174ce8bcad3acfb3"},"headline":"D\u00e9part des mercenaires \u00e9trangers de Libye : Un d\u00e9fi pour la s\u00e9curit\u00e9 de la r\u00e9gion","datePublished":"2021-08-31T23:05:00+00:00","mainEntityOfPage":{"@id":"https:\/\/lasentinelle.dz\/index.php\/2021\/09\/01\/depart-des-mercenaires-etrangers-de-libye-un-defi-pour-la-securite-de-la-region\/"},"wordCount":1110,"commentCount":0,"publisher":{"@id":"https:\/\/lasentinelle.dz\/#organization"},"image":{"@id":"https:\/\/lasentinelle.dz\/index.php\/2021\/09\/01\/depart-des-mercenaires-etrangers-de-libye-un-defi-pour-la-securite-de-la-region\/#primaryimage"},"thumbnailUrl":"https:\/\/lasentinelle.dz\/wp-content\/uploads\/2021\/08\/mercenaires.png","articleSection":["\u00c0 la Une","Actualit\u00e9"],"inLanguage":"fr-FR","potentialAction":[{"@type":"CommentAction","name":"Comment","target":["https:\/\/lasentinelle.dz\/index.php\/2021\/09\/01\/depart-des-mercenaires-etrangers-de-libye-un-defi-pour-la-securite-de-la-region\/#respond"]}]},{"@type":"WebPage","@id":"https:\/\/lasentinelle.dz\/index.php\/2021\/09\/01\/depart-des-mercenaires-etrangers-de-libye-un-defi-pour-la-securite-de-la-region\/","url":"https:\/\/lasentinelle.dz\/index.php\/2021\/09\/01\/depart-des-mercenaires-etrangers-de-libye-un-defi-pour-la-securite-de-la-region\/","name":"D\u00e9part des mercenaires \u00e9trangers de Libye : Un d\u00e9fi pour la s\u00e9curit\u00e9 de la r\u00e9gion - La Sentinelle","isPartOf":{"@id":"https:\/\/lasentinelle.dz\/#website"},"primaryImageOfPage":{"@id":"https:\/\/lasentinelle.dz\/index.php\/2021\/09\/01\/depart-des-mercenaires-etrangers-de-libye-un-defi-pour-la-securite-de-la-region\/#primaryimage"},"image":{"@id":"https:\/\/lasentinelle.dz\/index.php\/2021\/09\/01\/depart-des-mercenaires-etrangers-de-libye-un-defi-pour-la-securite-de-la-region\/#primaryimage"},"thumbnailUrl":"https:\/\/lasentinelle.dz\/wp-content\/uploads\/2021\/08\/mercenaires.png","datePublished":"2021-08-31T23:05:00+00:00","breadcrumb":{"@id":"https:\/\/lasentinelle.dz\/index.php\/2021\/09\/01\/depart-des-mercenaires-etrangers-de-libye-un-defi-pour-la-securite-de-la-region\/#breadcrumb"},"inLanguage":"fr-FR","potentialAction":[{"@type":"ReadAction","target":["https:\/\/lasentinelle.dz\/index.php\/2021\/09\/01\/depart-des-mercenaires-etrangers-de-libye-un-defi-pour-la-securite-de-la-region\/"]}]},{"@type":"ImageObject","inLanguage":"fr-FR","@id":"https:\/\/lasentinelle.dz\/index.php\/2021\/09\/01\/depart-des-mercenaires-etrangers-de-libye-un-defi-pour-la-securite-de-la-region\/#primaryimage","url":"https:\/\/lasentinelle.dz\/wp-content\/uploads\/2021\/08\/mercenaires.png","contentUrl":"https:\/\/lasentinelle.dz\/wp-content\/uploads\/2021\/08\/mercenaires.png","width":1598,"height":900},{"@type":"BreadcrumbList","@id":"https:\/\/lasentinelle.dz\/index.php\/2021\/09\/01\/depart-des-mercenaires-etrangers-de-libye-un-defi-pour-la-securite-de-la-region\/#breadcrumb","itemListElement":[{"@type":"ListItem","position":1,"name":"Accueil","item":"https:\/\/lasentinelle.dz\/"},{"@type":"ListItem","position":2,"name":"D\u00e9part des mercenaires \u00e9trangers de Libye : Un d\u00e9fi pour la s\u00e9curit\u00e9 de la r\u00e9gion"}]},{"@type":"WebSite","@id":"https:\/\/lasentinelle.dz\/#website","url":"https:\/\/lasentinelle.dz\/","name":"La Sentinelle","description":"Quotidien national d&#039;information","publisher":{"@id":"https:\/\/lasentinelle.dz\/#organization"},"potentialAction":[{"@type":"SearchAction","target":{"@type":"EntryPoint","urlTemplate":"https:\/\/lasentinelle.dz\/?s={search_term_string}"},"query-input":{"@type":"PropertyValueSpecification","valueRequired":true,"valueName":"search_term_string"}}],"inLanguage":"fr-FR"},{"@type":"Organization","@id":"https:\/\/lasentinelle.dz\/#organization","name":"Quotidien La Sentinelle","url":"https:\/\/lasentinelle.dz\/","logo":{"@type":"ImageObject","inLanguage":"fr-FR","@id":"https:\/\/lasentinelle.dz\/#\/schema\/logo\/image\/","url":"https:\/\/lasentinelle.dz\/wp-content\/uploads\/2021\/09\/logo-sentinelleSLOGAN-1.png","contentUrl":"https:\/\/lasentinelle.dz\/wp-content\/uploads\/2021\/09\/logo-sentinelleSLOGAN-1.png","width":615,"height":142,"caption":"Quotidien La Sentinelle"},"image":{"@id":"https:\/\/lasentinelle.dz\/#\/schema\/logo\/image\/"},"sameAs":["https:\/\/www.facebook.com\/La-Sentinelle-104059864394773"]},{"@type":"Person","@id":"https:\/\/lasentinelle.dz\/#\/schema\/person\/d865044e22e70a75174ce8bcad3acfb3","name":"La Sentinelle","image":{"@type":"ImageObject","inLanguage":"fr-FR","@id":"https:\/\/secure.gravatar.com\/avatar\/57de8e5d4b15d43fb361a71fbb36338450fe67865b528a43dd10ef7c51a20392?s=96&d=mm&r=g","url":"https:\/\/secure.gravatar.com\/avatar\/57de8e5d4b15d43fb361a71fbb36338450fe67865b528a43dd10ef7c51a20392?s=96&d=mm&r=g","contentUrl":"https:\/\/secure.gravatar.com\/avatar\/57de8e5d4b15d43fb361a71fbb36338450fe67865b528a43dd10ef7c51a20392?s=96&d=mm&r=g","caption":"La Sentinelle"},"sameAs":["http:\/\/www.lasentinelle.dz"],"url":"https:\/\/lasentinelle.dz\/author\/redaction\/"}]}},"_links":{"self":[{"href":"https:\/\/lasentinelle.dz\/index.php\/wp-json\/wp\/v2\/posts\/6085","targetHints":{"allow":["GET"]}}],"collection":[{"href":"https:\/\/lasentinelle.dz\/index.php\/wp-json\/wp\/v2\/posts"}],"about":[{"href":"https:\/\/lasentinelle.dz\/index.php\/wp-json\/wp\/v2\/types\/post"}],"author":[{"embeddable":true,"href":"https:\/\/lasentinelle.dz\/index.php\/wp-json\/wp\/v2\/users\/3"}],"replies":[{"embeddable":true,"href":"https:\/\/lasentinelle.dz\/index.php\/wp-json\/wp\/v2\/comments?post=6085"}],"version-history":[{"count":1,"href":"https:\/\/lasentinelle.dz\/index.php\/wp-json\/wp\/v2\/posts\/6085\/revisions"}],"predecessor-version":[{"id":6148,"href":"https:\/\/lasentinelle.dz\/index.php\/wp-json\/wp\/v2\/posts\/6085\/revisions\/6148"}],"wp:featuredmedia":[{"embeddable":true,"href":"https:\/\/lasentinelle.dz\/index.php\/wp-json\/wp\/v2\/media\/6147"}],"wp:attachment":[{"href":"https:\/\/lasentinelle.dz\/index.php\/wp-json\/wp\/v2\/media?parent=6085"}],"wp:term":[{"taxonomy":"category","embeddable":true,"href":"https:\/\/lasentinelle.dz\/index.php\/wp-json\/wp\/v2\/categories?post=6085"},{"taxonomy":"post_tag","embeddable":true,"href":"https:\/\/lasentinelle.dz\/index.php\/wp-json\/wp\/v2\/tags?post=6085"}],"curies":[{"name":"wp","href":"https:\/\/api.w.org\/{rel}","templated":true}]}}