{"id":60900,"date":"2024-12-18T12:19:05","date_gmt":"2024-12-18T11:19:05","guid":{"rendered":"https:\/\/lasentinelle.dz\/?p=60900"},"modified":"2024-12-24T12:20:04","modified_gmt":"2024-12-24T11:20:04","slug":"festival-international-du-malouf-la-troupe-iranienne-les-freres-yahia-zada-illumine-la-troisieme-soiree","status":"publish","type":"post","link":"https:\/\/lasentinelle.dz\/index.php\/2024\/12\/18\/festival-international-du-malouf-la-troupe-iranienne-les-freres-yahia-zada-illumine-la-troisieme-soiree\/","title":{"rendered":"Festival international du Malouf : La troupe iranienne les Fr\u00e8res Yahia Zada illumine la troisi\u00e8me soir\u00e9e"},"content":{"rendered":"\n<p>L&rsquo;interpr\u00e9tation magistrale du po\u00e8me \u00ab\u00a0Mawlana\u00a0\u00bb, figure embl\u00e9matique du soufisme, a marqu\u00e9 le point culminant de cette repr\u00e9sentation sublime, o\u00f9 l&rsquo;\u00e9motion brute et la sensibilit\u00e9 po\u00e9tique se sont entrelac\u00e9es pour cr\u00e9er un moment de communion artistique quasi mystique.<\/p>\n\n\n\n<p>La salle Ahmed Bey de Constantine a trembl\u00e9 lundi soir sous les notes envo\u00fbtantes d&rsquo;une soir\u00e9e musicale extraordinaire, o\u00f9 la troupe iranienne des Fr\u00e8res Yahia Zada a d\u00e9ploy\u00e9 un oc\u00e9an de sensibilit\u00e9s artistiques, transportant l&rsquo;assistance dans un voyage \u00e9motionnel \u00e0 travers les m\u00e9andres profonds de la musique persane. &nbsp;Leur prestation, v\u00e9ritable fresque sonore, a illumin\u00e9 la troisi\u00e8me soir\u00e9e du 12e Festival international culturel du Malouf, r\u00e9v\u00e9lant la puissance transcendante et universelle de l&rsquo;art musical.<\/p>\n\n\n\n<p>L&rsquo;interpr\u00e9tation magistrale du po\u00e8me \u00ab\u00a0Mawlana\u00a0\u00bb, figure embl\u00e9matique du soufisme, a marqu\u00e9 le point culminant de cette repr\u00e9sentation sublime, o\u00f9 l&rsquo;\u00e9motion brute et la sensibilit\u00e9 po\u00e9tique se sont entrelac\u00e9es pour cr\u00e9er un moment de communion artistique quasi mystique. Les musiciens ont d\u00e9ploy\u00e9 une palette sonore extraordinaire, o\u00f9 chaque note semblait murmurer des secrets ancestraux, invitant l&rsquo;auditoire \u00e0 un voyage introspectif au c\u0153ur des traditions musicales iraniennes les plus profondes. L&rsquo;improvisation subtile des artistes, int\u00e9grant les r\u00e9sonances complexes de la musique persane classique, a v\u00e9ritablement transform\u00e9 la performance en un message universel de paix et de tol\u00e9rance. La fl\u00fbte, avec ses tonalit\u00e9s d\u00e9licates et profondes, a tiss\u00e9 une atmosph\u00e8re presque mystique, conf\u00e9rant \u00e0 la soir\u00e9e une dimension m\u00e9ditative et ressour\u00e7ante qui a profond\u00e9ment touch\u00e9 le public constantinois. Les artistes locaux Djamel Khelaifia, Wassim El Ksantini et Toufik Aoun ont \u00e9galement contribu\u00e9 \u00e0 l&rsquo;enchantement de la soir\u00e9e, offrant des extraits de Malouf empreints de joie et de gr\u00e2ce, confirmant la richesse et la vitalit\u00e9 de ce patrimoine musical alg\u00e9rien. \u00ab Le Malouf est notre m\u00e9moire vivante \u00bb, a d\u00e9clar\u00e9 Djamel Khelaifia, \u00ab chaque note est un fragment de notre histoire \u00bb. Plac\u00e9 sous le slogan \u00ab\u00a0Le Malouf, premier pont de Constantine et sa voix \u00e9ternelle\u00a0\u00bb, le festival continue de c\u00e9l\u00e9brer cette forme artistique qui transcende les fronti\u00e8res et unit les c\u0153urs. La musique est un langage universel qui parle directement \u00e0 l&rsquo;\u00e2me. Les Fr\u00e8res Yahia Zada ont offert plus qu&rsquo;un concert : ils ont livr\u00e9 une v\u00e9ritable exp\u00e9rience spirituelle, transformant la musique en un dialogue intime et profond entre les \u00eatres et les civilisations.<\/p>\n\n\n\n<p>Plac\u00e9e sous le slogan \u00a0\u00bb Le Malouf, premier pont de Constantine et sa voix \u00e9ternelle \u00ab\u00a0, le 12\u00e8 Festival international du Malouf se poursuivra jusqu\u2019\u00e0 ce soir.<\/p>\n\n\n\n<p>Mohand Seghir<\/p>\n","protected":false},"excerpt":{"rendered":"<p>L&rsquo;interpr\u00e9tation magistrale du po\u00e8me \u00ab\u00a0Mawlana\u00a0\u00bb, figure embl\u00e9matique du soufisme, a marqu\u00e9 le point culminant de cette repr\u00e9sentation sublime, o\u00f9 l&rsquo;\u00e9motion<\/p>\n","protected":false},"author":2,"featured_media":60901,"comment_status":"open","ping_status":"closed","sticky":false,"template":"","format":"standard","meta":{"colormag_page_container_layout":"default_layout","colormag_page_sidebar_layout":"default_layout","om_disable_all_campaigns":false,"_monsterinsights_skip_tracking":false,"_monsterinsights_sitenote_active":false,"_monsterinsights_sitenote_note":"","_monsterinsights_sitenote_category":0,"footnotes":"","_wpscppro_dont_share_socialmedia":false,"_wpscppro_custom_social_share_image":0,"_facebook_share_type":"default","_twitter_share_type":"default","_linkedin_share_type":"default","_pinterest_share_type":"default","_linkedin_share_type_page":"","_instagram_share_type":"default","_medium_share_type":"default","_threads_share_type":"","_google_business_share_type":"","_selected_social_profile":[],"_wpsp_enable_custom_social_template":false,"_wpsp_social_scheduling":{"enabled":false,"datetime":null,"platforms":[],"status":"template_only","dateOption":"today","timeOption":"now","customDays":"","customHours":"","customDate":"","customTime":"","schedulingType":"absolute"},"_wpsp_active_default_template":true},"categories":[36],"tags":[],"class_list":["post-60900","post","type-post","status-publish","format-standard","has-post-thumbnail","hentry","category-culture"],"aioseo_notices":[],"yoast_head":"<!-- This site is optimized with the Yoast SEO plugin v27.5 - https:\/\/yoast.com\/product\/yoast-seo-wordpress\/ -->\n<title>Festival international du Malouf : La troupe iranienne les Fr\u00e8res Yahia Zada illumine la troisi\u00e8me soir\u00e9e - La Sentinelle<\/title>\n<meta name=\"robots\" content=\"index, follow, max-snippet:-1, max-image-preview:large, max-video-preview:-1\" \/>\n<link rel=\"canonical\" href=\"https:\/\/lasentinelle.dz\/index.php\/2024\/12\/18\/festival-international-du-malouf-la-troupe-iranienne-les-freres-yahia-zada-illumine-la-troisieme-soiree\/\" \/>\n<meta property=\"og:locale\" content=\"fr_FR\" \/>\n<meta property=\"og:type\" content=\"article\" \/>\n<meta property=\"og:title\" content=\"Festival international du Malouf : La troupe iranienne les Fr\u00e8res Yahia Zada illumine la troisi\u00e8me soir\u00e9e - La Sentinelle\" \/>\n<meta property=\"og:description\" content=\"L&rsquo;interpr\u00e9tation magistrale du po\u00e8me \u00ab\u00a0Mawlana\u00a0\u00bb, figure embl\u00e9matique du soufisme, a marqu\u00e9 le point culminant de cette repr\u00e9sentation sublime, o\u00f9 l&rsquo;\u00e9motion\" \/>\n<meta property=\"og:url\" content=\"https:\/\/lasentinelle.dz\/index.php\/2024\/12\/18\/festival-international-du-malouf-la-troupe-iranienne-les-freres-yahia-zada-illumine-la-troisieme-soiree\/\" \/>\n<meta property=\"og:site_name\" content=\"La Sentinelle\" \/>\n<meta property=\"article:publisher\" content=\"https:\/\/www.facebook.com\/La-Sentinelle-104059864394773\" \/>\n<meta property=\"article:published_time\" content=\"2024-12-18T11:19:05+00:00\" \/>\n<meta property=\"article:modified_time\" content=\"2024-12-24T11:20:04+00:00\" \/>\n<meta property=\"og:image\" content=\"https:\/\/lasentinelle.dz\/wp-content\/uploads\/2024\/12\/spectacle.jpeg\" \/>\n\t<meta property=\"og:image:width\" content=\"720\" \/>\n\t<meta property=\"og:image:height\" content=\"480\" \/>\n\t<meta property=\"og:image:type\" content=\"image\/jpeg\" \/>\n<meta name=\"author\" content=\"Azzedine Belferag\" \/>\n<meta name=\"twitter:card\" content=\"summary_large_image\" \/>\n<meta name=\"twitter:label1\" content=\"\u00c9crit par\" \/>\n\t<meta name=\"twitter:data1\" content=\"Azzedine Belferag\" \/>\n\t<meta name=\"twitter:label2\" content=\"Dur\u00e9e de lecture estim\u00e9e\" \/>\n\t<meta name=\"twitter:data2\" content=\"3 minutes\" \/>\n<script type=\"application\/ld+json\" class=\"yoast-schema-graph\">{\"@context\":\"https:\\\/\\\/schema.org\",\"@graph\":[{\"@type\":\"Article\",\"@id\":\"https:\\\/\\\/lasentinelle.dz\\\/index.php\\\/2024\\\/12\\\/18\\\/festival-international-du-malouf-la-troupe-iranienne-les-freres-yahia-zada-illumine-la-troisieme-soiree\\\/#article\",\"isPartOf\":{\"@id\":\"https:\\\/\\\/lasentinelle.dz\\\/index.php\\\/2024\\\/12\\\/18\\\/festival-international-du-malouf-la-troupe-iranienne-les-freres-yahia-zada-illumine-la-troisieme-soiree\\\/\"},\"author\":{\"name\":\"Azzedine Belferag\",\"@id\":\"https:\\\/\\\/lasentinelle.dz\\\/#\\\/schema\\\/person\\\/e22c868643946ece5f328ac9d185b29f\"},\"headline\":\"Festival international du Malouf : La troupe iranienne les Fr\u00e8res Yahia Zada illumine la troisi\u00e8me soir\u00e9e\",\"datePublished\":\"2024-12-18T11:19:05+00:00\",\"dateModified\":\"2024-12-24T11:20:04+00:00\",\"mainEntityOfPage\":{\"@id\":\"https:\\\/\\\/lasentinelle.dz\\\/index.php\\\/2024\\\/12\\\/18\\\/festival-international-du-malouf-la-troupe-iranienne-les-freres-yahia-zada-illumine-la-troisieme-soiree\\\/\"},\"wordCount\":473,\"commentCount\":0,\"publisher\":{\"@id\":\"https:\\\/\\\/lasentinelle.dz\\\/#organization\"},\"image\":{\"@id\":\"https:\\\/\\\/lasentinelle.dz\\\/index.php\\\/2024\\\/12\\\/18\\\/festival-international-du-malouf-la-troupe-iranienne-les-freres-yahia-zada-illumine-la-troisieme-soiree\\\/#primaryimage\"},\"thumbnailUrl\":\"https:\\\/\\\/lasentinelle.dz\\\/wp-content\\\/uploads\\\/2024\\\/12\\\/spectacle.jpeg\",\"articleSection\":[\"Culture\"],\"inLanguage\":\"fr-FR\",\"potentialAction\":[{\"@type\":\"CommentAction\",\"name\":\"Comment\",\"target\":[\"https:\\\/\\\/lasentinelle.dz\\\/index.php\\\/2024\\\/12\\\/18\\\/festival-international-du-malouf-la-troupe-iranienne-les-freres-yahia-zada-illumine-la-troisieme-soiree\\\/#respond\"]}]},{\"@type\":\"WebPage\",\"@id\":\"https:\\\/\\\/lasentinelle.dz\\\/index.php\\\/2024\\\/12\\\/18\\\/festival-international-du-malouf-la-troupe-iranienne-les-freres-yahia-zada-illumine-la-troisieme-soiree\\\/\",\"url\":\"https:\\\/\\\/lasentinelle.dz\\\/index.php\\\/2024\\\/12\\\/18\\\/festival-international-du-malouf-la-troupe-iranienne-les-freres-yahia-zada-illumine-la-troisieme-soiree\\\/\",\"name\":\"Festival international du Malouf : La troupe iranienne les Fr\u00e8res Yahia Zada illumine la troisi\u00e8me soir\u00e9e - La Sentinelle\",\"isPartOf\":{\"@id\":\"https:\\\/\\\/lasentinelle.dz\\\/#website\"},\"primaryImageOfPage\":{\"@id\":\"https:\\\/\\\/lasentinelle.dz\\\/index.php\\\/2024\\\/12\\\/18\\\/festival-international-du-malouf-la-troupe-iranienne-les-freres-yahia-zada-illumine-la-troisieme-soiree\\\/#primaryimage\"},\"image\":{\"@id\":\"https:\\\/\\\/lasentinelle.dz\\\/index.php\\\/2024\\\/12\\\/18\\\/festival-international-du-malouf-la-troupe-iranienne-les-freres-yahia-zada-illumine-la-troisieme-soiree\\\/#primaryimage\"},\"thumbnailUrl\":\"https:\\\/\\\/lasentinelle.dz\\\/wp-content\\\/uploads\\\/2024\\\/12\\\/spectacle.jpeg\",\"datePublished\":\"2024-12-18T11:19:05+00:00\",\"dateModified\":\"2024-12-24T11:20:04+00:00\",\"breadcrumb\":{\"@id\":\"https:\\\/\\\/lasentinelle.dz\\\/index.php\\\/2024\\\/12\\\/18\\\/festival-international-du-malouf-la-troupe-iranienne-les-freres-yahia-zada-illumine-la-troisieme-soiree\\\/#breadcrumb\"},\"inLanguage\":\"fr-FR\",\"potentialAction\":[{\"@type\":\"ReadAction\",\"target\":[\"https:\\\/\\\/lasentinelle.dz\\\/index.php\\\/2024\\\/12\\\/18\\\/festival-international-du-malouf-la-troupe-iranienne-les-freres-yahia-zada-illumine-la-troisieme-soiree\\\/\"]}]},{\"@type\":\"ImageObject\",\"inLanguage\":\"fr-FR\",\"@id\":\"https:\\\/\\\/lasentinelle.dz\\\/index.php\\\/2024\\\/12\\\/18\\\/festival-international-du-malouf-la-troupe-iranienne-les-freres-yahia-zada-illumine-la-troisieme-soiree\\\/#primaryimage\",\"url\":\"https:\\\/\\\/lasentinelle.dz\\\/wp-content\\\/uploads\\\/2024\\\/12\\\/spectacle.jpeg\",\"contentUrl\":\"https:\\\/\\\/lasentinelle.dz\\\/wp-content\\\/uploads\\\/2024\\\/12\\\/spectacle.jpeg\",\"width\":720,\"height\":480},{\"@type\":\"BreadcrumbList\",\"@id\":\"https:\\\/\\\/lasentinelle.dz\\\/index.php\\\/2024\\\/12\\\/18\\\/festival-international-du-malouf-la-troupe-iranienne-les-freres-yahia-zada-illumine-la-troisieme-soiree\\\/#breadcrumb\",\"itemListElement\":[{\"@type\":\"ListItem\",\"position\":1,\"name\":\"Accueil\",\"item\":\"https:\\\/\\\/lasentinelle.dz\\\/\"},{\"@type\":\"ListItem\",\"position\":2,\"name\":\"Festival international du Malouf : La troupe iranienne les Fr\u00e8res Yahia Zada illumine la troisi\u00e8me soir\u00e9e\"}]},{\"@type\":\"WebSite\",\"@id\":\"https:\\\/\\\/lasentinelle.dz\\\/#website\",\"url\":\"https:\\\/\\\/lasentinelle.dz\\\/\",\"name\":\"La Sentinelle\",\"description\":\"Quotidien national d&#039;information\",\"publisher\":{\"@id\":\"https:\\\/\\\/lasentinelle.dz\\\/#organization\"},\"potentialAction\":[{\"@type\":\"SearchAction\",\"target\":{\"@type\":\"EntryPoint\",\"urlTemplate\":\"https:\\\/\\\/lasentinelle.dz\\\/?s={search_term_string}\"},\"query-input\":{\"@type\":\"PropertyValueSpecification\",\"valueRequired\":true,\"valueName\":\"search_term_string\"}}],\"inLanguage\":\"fr-FR\"},{\"@type\":\"Organization\",\"@id\":\"https:\\\/\\\/lasentinelle.dz\\\/#organization\",\"name\":\"Quotidien La Sentinelle\",\"url\":\"https:\\\/\\\/lasentinelle.dz\\\/\",\"logo\":{\"@type\":\"ImageObject\",\"inLanguage\":\"fr-FR\",\"@id\":\"https:\\\/\\\/lasentinelle.dz\\\/#\\\/schema\\\/logo\\\/image\\\/\",\"url\":\"https:\\\/\\\/lasentinelle.dz\\\/wp-content\\\/uploads\\\/2021\\\/09\\\/logo-sentinelleSLOGAN-1.png\",\"contentUrl\":\"https:\\\/\\\/lasentinelle.dz\\\/wp-content\\\/uploads\\\/2021\\\/09\\\/logo-sentinelleSLOGAN-1.png\",\"width\":615,\"height\":142,\"caption\":\"Quotidien La Sentinelle\"},\"image\":{\"@id\":\"https:\\\/\\\/lasentinelle.dz\\\/#\\\/schema\\\/logo\\\/image\\\/\"},\"sameAs\":[\"https:\\\/\\\/www.facebook.com\\\/La-Sentinelle-104059864394773\"]},{\"@type\":\"Person\",\"@id\":\"https:\\\/\\\/lasentinelle.dz\\\/#\\\/schema\\\/person\\\/e22c868643946ece5f328ac9d185b29f\",\"name\":\"Azzedine Belferag\",\"image\":{\"@type\":\"ImageObject\",\"inLanguage\":\"fr-FR\",\"@id\":\"https:\\\/\\\/secure.gravatar.com\\\/avatar\\\/767ecc3bfcf23cd6d0dae1705f124feb13a88fded1daa56498e4fb3aa3fc36a1?s=96&d=mm&r=g\",\"url\":\"https:\\\/\\\/secure.gravatar.com\\\/avatar\\\/767ecc3bfcf23cd6d0dae1705f124feb13a88fded1daa56498e4fb3aa3fc36a1?s=96&d=mm&r=g\",\"contentUrl\":\"https:\\\/\\\/secure.gravatar.com\\\/avatar\\\/767ecc3bfcf23cd6d0dae1705f124feb13a88fded1daa56498e4fb3aa3fc36a1?s=96&d=mm&r=g\",\"caption\":\"Azzedine Belferag\"},\"sameAs\":[\"http:\\\/\\\/www.lasentinelle.dz\"],\"url\":\"https:\\\/\\\/lasentinelle.dz\\\/author\\\/belferag\\\/\"}]}<\/script>\n<!-- \/ Yoast SEO plugin. -->","yoast_head_json":{"title":"Festival international du Malouf : La troupe iranienne les Fr\u00e8res Yahia Zada illumine la troisi\u00e8me soir\u00e9e - La Sentinelle","robots":{"index":"index","follow":"follow","max-snippet":"max-snippet:-1","max-image-preview":"max-image-preview:large","max-video-preview":"max-video-preview:-1"},"canonical":"https:\/\/lasentinelle.dz\/index.php\/2024\/12\/18\/festival-international-du-malouf-la-troupe-iranienne-les-freres-yahia-zada-illumine-la-troisieme-soiree\/","og_locale":"fr_FR","og_type":"article","og_title":"Festival international du Malouf : La troupe iranienne les Fr\u00e8res Yahia Zada illumine la troisi\u00e8me soir\u00e9e - La Sentinelle","og_description":"L&rsquo;interpr\u00e9tation magistrale du po\u00e8me \u00ab\u00a0Mawlana\u00a0\u00bb, figure embl\u00e9matique du soufisme, a marqu\u00e9 le point culminant de cette repr\u00e9sentation sublime, o\u00f9 l&rsquo;\u00e9motion","og_url":"https:\/\/lasentinelle.dz\/index.php\/2024\/12\/18\/festival-international-du-malouf-la-troupe-iranienne-les-freres-yahia-zada-illumine-la-troisieme-soiree\/","og_site_name":"La Sentinelle","article_publisher":"https:\/\/www.facebook.com\/La-Sentinelle-104059864394773","article_published_time":"2024-12-18T11:19:05+00:00","article_modified_time":"2024-12-24T11:20:04+00:00","og_image":[{"width":720,"height":480,"url":"https:\/\/lasentinelle.dz\/wp-content\/uploads\/2024\/12\/spectacle.jpeg","type":"image\/jpeg"}],"author":"Azzedine Belferag","twitter_card":"summary_large_image","twitter_misc":{"\u00c9crit par":"Azzedine Belferag","Dur\u00e9e de lecture estim\u00e9e":"3 minutes"},"schema":{"@context":"https:\/\/schema.org","@graph":[{"@type":"Article","@id":"https:\/\/lasentinelle.dz\/index.php\/2024\/12\/18\/festival-international-du-malouf-la-troupe-iranienne-les-freres-yahia-zada-illumine-la-troisieme-soiree\/#article","isPartOf":{"@id":"https:\/\/lasentinelle.dz\/index.php\/2024\/12\/18\/festival-international-du-malouf-la-troupe-iranienne-les-freres-yahia-zada-illumine-la-troisieme-soiree\/"},"author":{"name":"Azzedine Belferag","@id":"https:\/\/lasentinelle.dz\/#\/schema\/person\/e22c868643946ece5f328ac9d185b29f"},"headline":"Festival international du Malouf : La troupe iranienne les Fr\u00e8res Yahia Zada illumine la troisi\u00e8me soir\u00e9e","datePublished":"2024-12-18T11:19:05+00:00","dateModified":"2024-12-24T11:20:04+00:00","mainEntityOfPage":{"@id":"https:\/\/lasentinelle.dz\/index.php\/2024\/12\/18\/festival-international-du-malouf-la-troupe-iranienne-les-freres-yahia-zada-illumine-la-troisieme-soiree\/"},"wordCount":473,"commentCount":0,"publisher":{"@id":"https:\/\/lasentinelle.dz\/#organization"},"image":{"@id":"https:\/\/lasentinelle.dz\/index.php\/2024\/12\/18\/festival-international-du-malouf-la-troupe-iranienne-les-freres-yahia-zada-illumine-la-troisieme-soiree\/#primaryimage"},"thumbnailUrl":"https:\/\/lasentinelle.dz\/wp-content\/uploads\/2024\/12\/spectacle.jpeg","articleSection":["Culture"],"inLanguage":"fr-FR","potentialAction":[{"@type":"CommentAction","name":"Comment","target":["https:\/\/lasentinelle.dz\/index.php\/2024\/12\/18\/festival-international-du-malouf-la-troupe-iranienne-les-freres-yahia-zada-illumine-la-troisieme-soiree\/#respond"]}]},{"@type":"WebPage","@id":"https:\/\/lasentinelle.dz\/index.php\/2024\/12\/18\/festival-international-du-malouf-la-troupe-iranienne-les-freres-yahia-zada-illumine-la-troisieme-soiree\/","url":"https:\/\/lasentinelle.dz\/index.php\/2024\/12\/18\/festival-international-du-malouf-la-troupe-iranienne-les-freres-yahia-zada-illumine-la-troisieme-soiree\/","name":"Festival international du Malouf : La troupe iranienne les Fr\u00e8res Yahia Zada illumine la troisi\u00e8me soir\u00e9e - La Sentinelle","isPartOf":{"@id":"https:\/\/lasentinelle.dz\/#website"},"primaryImageOfPage":{"@id":"https:\/\/lasentinelle.dz\/index.php\/2024\/12\/18\/festival-international-du-malouf-la-troupe-iranienne-les-freres-yahia-zada-illumine-la-troisieme-soiree\/#primaryimage"},"image":{"@id":"https:\/\/lasentinelle.dz\/index.php\/2024\/12\/18\/festival-international-du-malouf-la-troupe-iranienne-les-freres-yahia-zada-illumine-la-troisieme-soiree\/#primaryimage"},"thumbnailUrl":"https:\/\/lasentinelle.dz\/wp-content\/uploads\/2024\/12\/spectacle.jpeg","datePublished":"2024-12-18T11:19:05+00:00","dateModified":"2024-12-24T11:20:04+00:00","breadcrumb":{"@id":"https:\/\/lasentinelle.dz\/index.php\/2024\/12\/18\/festival-international-du-malouf-la-troupe-iranienne-les-freres-yahia-zada-illumine-la-troisieme-soiree\/#breadcrumb"},"inLanguage":"fr-FR","potentialAction":[{"@type":"ReadAction","target":["https:\/\/lasentinelle.dz\/index.php\/2024\/12\/18\/festival-international-du-malouf-la-troupe-iranienne-les-freres-yahia-zada-illumine-la-troisieme-soiree\/"]}]},{"@type":"ImageObject","inLanguage":"fr-FR","@id":"https:\/\/lasentinelle.dz\/index.php\/2024\/12\/18\/festival-international-du-malouf-la-troupe-iranienne-les-freres-yahia-zada-illumine-la-troisieme-soiree\/#primaryimage","url":"https:\/\/lasentinelle.dz\/wp-content\/uploads\/2024\/12\/spectacle.jpeg","contentUrl":"https:\/\/lasentinelle.dz\/wp-content\/uploads\/2024\/12\/spectacle.jpeg","width":720,"height":480},{"@type":"BreadcrumbList","@id":"https:\/\/lasentinelle.dz\/index.php\/2024\/12\/18\/festival-international-du-malouf-la-troupe-iranienne-les-freres-yahia-zada-illumine-la-troisieme-soiree\/#breadcrumb","itemListElement":[{"@type":"ListItem","position":1,"name":"Accueil","item":"https:\/\/lasentinelle.dz\/"},{"@type":"ListItem","position":2,"name":"Festival international du Malouf : La troupe iranienne les Fr\u00e8res Yahia Zada illumine la troisi\u00e8me soir\u00e9e"}]},{"@type":"WebSite","@id":"https:\/\/lasentinelle.dz\/#website","url":"https:\/\/lasentinelle.dz\/","name":"La Sentinelle","description":"Quotidien national d&#039;information","publisher":{"@id":"https:\/\/lasentinelle.dz\/#organization"},"potentialAction":[{"@type":"SearchAction","target":{"@type":"EntryPoint","urlTemplate":"https:\/\/lasentinelle.dz\/?s={search_term_string}"},"query-input":{"@type":"PropertyValueSpecification","valueRequired":true,"valueName":"search_term_string"}}],"inLanguage":"fr-FR"},{"@type":"Organization","@id":"https:\/\/lasentinelle.dz\/#organization","name":"Quotidien La Sentinelle","url":"https:\/\/lasentinelle.dz\/","logo":{"@type":"ImageObject","inLanguage":"fr-FR","@id":"https:\/\/lasentinelle.dz\/#\/schema\/logo\/image\/","url":"https:\/\/lasentinelle.dz\/wp-content\/uploads\/2021\/09\/logo-sentinelleSLOGAN-1.png","contentUrl":"https:\/\/lasentinelle.dz\/wp-content\/uploads\/2021\/09\/logo-sentinelleSLOGAN-1.png","width":615,"height":142,"caption":"Quotidien La Sentinelle"},"image":{"@id":"https:\/\/lasentinelle.dz\/#\/schema\/logo\/image\/"},"sameAs":["https:\/\/www.facebook.com\/La-Sentinelle-104059864394773"]},{"@type":"Person","@id":"https:\/\/lasentinelle.dz\/#\/schema\/person\/e22c868643946ece5f328ac9d185b29f","name":"Azzedine Belferag","image":{"@type":"ImageObject","inLanguage":"fr-FR","@id":"https:\/\/secure.gravatar.com\/avatar\/767ecc3bfcf23cd6d0dae1705f124feb13a88fded1daa56498e4fb3aa3fc36a1?s=96&d=mm&r=g","url":"https:\/\/secure.gravatar.com\/avatar\/767ecc3bfcf23cd6d0dae1705f124feb13a88fded1daa56498e4fb3aa3fc36a1?s=96&d=mm&r=g","contentUrl":"https:\/\/secure.gravatar.com\/avatar\/767ecc3bfcf23cd6d0dae1705f124feb13a88fded1daa56498e4fb3aa3fc36a1?s=96&d=mm&r=g","caption":"Azzedine Belferag"},"sameAs":["http:\/\/www.lasentinelle.dz"],"url":"https:\/\/lasentinelle.dz\/author\/belferag\/"}]}},"_links":{"self":[{"href":"https:\/\/lasentinelle.dz\/index.php\/wp-json\/wp\/v2\/posts\/60900","targetHints":{"allow":["GET"]}}],"collection":[{"href":"https:\/\/lasentinelle.dz\/index.php\/wp-json\/wp\/v2\/posts"}],"about":[{"href":"https:\/\/lasentinelle.dz\/index.php\/wp-json\/wp\/v2\/types\/post"}],"author":[{"embeddable":true,"href":"https:\/\/lasentinelle.dz\/index.php\/wp-json\/wp\/v2\/users\/2"}],"replies":[{"embeddable":true,"href":"https:\/\/lasentinelle.dz\/index.php\/wp-json\/wp\/v2\/comments?post=60900"}],"version-history":[{"count":1,"href":"https:\/\/lasentinelle.dz\/index.php\/wp-json\/wp\/v2\/posts\/60900\/revisions"}],"predecessor-version":[{"id":60902,"href":"https:\/\/lasentinelle.dz\/index.php\/wp-json\/wp\/v2\/posts\/60900\/revisions\/60902"}],"wp:featuredmedia":[{"embeddable":true,"href":"https:\/\/lasentinelle.dz\/index.php\/wp-json\/wp\/v2\/media\/60901"}],"wp:attachment":[{"href":"https:\/\/lasentinelle.dz\/index.php\/wp-json\/wp\/v2\/media?parent=60900"}],"wp:term":[{"taxonomy":"category","embeddable":true,"href":"https:\/\/lasentinelle.dz\/index.php\/wp-json\/wp\/v2\/categories?post=60900"},{"taxonomy":"post_tag","embeddable":true,"href":"https:\/\/lasentinelle.dz\/index.php\/wp-json\/wp\/v2\/tags?post=60900"}],"curies":[{"name":"wp","href":"https:\/\/api.w.org\/{rel}","templated":true}]}}