{"id":60915,"date":"2024-12-18T12:28:41","date_gmt":"2024-12-18T11:28:41","guid":{"rendered":"https:\/\/lasentinelle.dz\/?p=60915"},"modified":"2024-12-24T12:29:53","modified_gmt":"2024-12-24T11:29:53","slug":"credit-bail-le-constat-accablant-de-la-cour-des-comptes","status":"publish","type":"post","link":"https:\/\/lasentinelle.dz\/index.php\/2024\/12\/18\/credit-bail-le-constat-accablant-de-la-cour-des-comptes\/","title":{"rendered":"Cr\u00e9dit-Bail: Le constat accablant de la Cour des comptes"},"content":{"rendered":"\n<p>La Cour des comptes souligne que le march\u00e9 de cr\u00e9dit-bail est encore \u00e0 un stade relativement embryonnaire et \u00e0 faible croissance. Cependant son potentiel de progression n&rsquo;en reste pas moins important, si l&rsquo;on tient compte des besoins d&rsquo;investissement des entreprises.<\/p>\n\n\n\n<p>La Cour des comptes mis en avant dans son rapport annuel 2024 des lacunes en ce qui concerne le dispositif de financement par leasing \u00e0 travers le contr\u00f4le&nbsp;de l\u2019activit\u00e9 de l\u2019\u00e9tablissement El Djazair Idjar. L\u2019organe de contr\u00f4le a posteriori des finances publiques, mais aussi des institutions, des \u00e9tablissements et entreprises publics a effectu\u00e9 un contr\u00f4le visant, principalement, l\u2019appr\u00e9ciation des r\u00e9sultats r\u00e9alis\u00e9s par l\u2019\u00e9tablissement, financier de cr\u00e9dit-bail \u00ab El Djazair Idjar (EDI) \u00bb au titre de la p\u00e9riode 2020-2022, par r\u00e9f\u00e9rence aux objectifs fix\u00e9s et aux moyens mis \u00e0 sa disposition. &nbsp;Ce contr\u00f4le a permis, selon le rapport annuel, de relever que plus d\u2019une d\u00e9cennie apr\u00e8s sa cr\u00e9ation, ses activit\u00e9s demeurent r\u00e9duites \u00e0 un seul produit, \u00e0 savoir le leasing financier mobilier, ce qui n&rsquo;est pas de nature \u00e0 assurer sa viabilit\u00e9 financi\u00e8re \u00e0 long terme, indiquant que cette soci\u00e9t\u00e9 par actions sp\u00e9cialis\u00e9e dans le cr\u00e9dit-bail cr\u00e9e, en 2012, pour r\u00e9pondre notamment, aux besoins de financement des petites et moyennes entreprises (PME) qui, bien souvent, ne disposent pas des garanties n\u00e9cessaires leur permettant d&rsquo;acc\u00e9der au cr\u00e9dit bancaire classique. &nbsp;Continuant dans le m\u00eame sens, la Cour des comptes a relev\u00e9 que faute d\u2019une strat\u00e9gie de d\u00e9veloppement tendant \u00e0 mettre en \u0153uvre les objectifs \u00e9nonc\u00e9s, la part de march\u00e9 d\u2019El Djazair Idjar, durant la p\u00e9riode sous revue, n\u2019a pas d\u00e9pass\u00e9 5% du total des cr\u00e9dits-bails distribu\u00e9s par les \u00e9tablissements financiers.&nbsp;<\/p>\n\n\n\n<p>Par ailleurs, le potentiel de financement consid\u00e9rable qu&rsquo;offre l\u2019augmentation du capital social de la soci\u00e9t\u00e9, au cours des ann\u00e9es 2020 et 2021, devant lui permettre de mobiliser plus de cr\u00e9dits-bails et, pour l&rsquo;essentiel, sous-utilis\u00e9.&nbsp; Ainsi, les faibles niveaux de financement en cr\u00e9dit-bail ont fortement affect\u00e9 les r\u00e9sultats comptables et la rentabilit\u00e9.<\/p>\n\n\n\n<p>Cette situation risque, selon la m\u00eame source, de s\u2019amplifier avec la fin des mesures d\u2019assouplissement temporaires prises par la Banque d\u2019Alg\u00e9rie lors de la pand\u00e9mie de la Covid-19, sous l&rsquo;effet d&rsquo;une mont\u00e9e des risques de cr\u00e9dit n\u00e9cessitant une augmentation des provisions pour cr\u00e9ances douteuses. Et d\u2019ajouter : \u00ab les banques publiques ont cr\u00e9\u00e9 des soci\u00e9t\u00e9s de leasing, ou ont pris des participations dans ces soci\u00e9t\u00e9s, \u00e0 l&rsquo;initiative des pouvoirs publiques, pour conforter leur pr\u00e9sence sur le march\u00e9 du cr\u00e9dit, o\u00f9 il existe une demande potentielle ou non satisfaite de financement des investissements des petites et moyennes entreprises (PME) qui, bien souvent, ne disposent pas des garanties n\u00e9cessaires leur permettant d&rsquo;acc\u00e9der au cr\u00e9dit bancaire classique \u00bb.<\/p>\n\n\n\n<p>Plus explicite, la Cour des comptes a soutenu que compte tenu du caract\u00e8re restreint de ses activit\u00e9s, mesur\u00e9es en termes de produit net bancaire et par le nombre de clients, la soci\u00e9t\u00e9 ne g\u00e9n\u00e8re pas suffisamment de revenus par elle-m\u00eame et qu&rsquo;elle d\u00e9pend des fonds consentis par ses actionnaires, soulignant au passage que la Cour a constat\u00e9 que les mesures appropri\u00e9es n\u2019avaient pas \u00e9t\u00e9 prises pour la mise en \u0153uvre d&rsquo;actions concr\u00e8tes visant \u00e0 promouvoir les activit\u00e9s de cr\u00e9dit et \u00e0 \u00e9largir la gamme des produits financiers.<\/p>\n\n\n\n<p>Et pour cause, la soci\u00e9t\u00e9 conserve un niveau relativement \u00e9lev\u00e9 de fonds propres et un exc\u00e9dent de liquidit\u00e9s substantiel, d&rsquo;o\u00f9 un moindre rendement sur fonds propres et elle n&rsquo;offre qu&rsquo;un seul produit de cr\u00e9dit, depuis plus d&rsquo;une d\u00e9cennie, l&rsquo;\u00e9tendue de ses activit\u00e9s est particuli\u00e8rement restreinte, ce qui n&rsquo;est pas de nature assurer sa viabilit\u00e9 financi\u00e8re \u00e0 long terme.<\/p>\n\n\n\n<p><strong>Un march\u00e9 du cr\u00e9dit-bail embryonnaire<\/strong><\/p>\n\n\n\n<p>Ce rapport a not\u00e9 que l\u2019encours total des cr\u00e9dits-bails accord\u00e9s par les banques et les \u00e9tablissements financiers s&rsquo;\u00e9l\u00e8ve \u00e0 144,3 milliards de DA en 2021, en r\u00e9gression de 9,1% par rapport \u00e0 l&rsquo;ann\u00e9e pr\u00e9c\u00e9dente (158,7 milliards DA), soit 0,65% du produit int\u00e9rieur brut (PIB), 1,5% du montant total des pr\u00eats octroy\u00e9s par le secteur bancaire et 2,3% de l&rsquo;encours total des cr\u00e9dits \u00e0 moyen et long terme, tout en soulignant que le march\u00e9 de cr\u00e9dit-bail est encore \u00e0 un stade relativement embryonnaire et \u00e0 faible croissance, son potentiel de progression n&rsquo;en reste pas moins important, si l&rsquo;on tient compte des besoins d&rsquo;investissement des entreprises. &nbsp;Ceci dit, les plans d\u2019action annuels ne fixent pas de calendrier pr\u00e9cis et manquent de clart\u00e9 quant aux m\u00e9canismes \u00e0 mettre en \u0153uvre pour r\u00e9aliser les objectifs \u00e9nonc\u00e9s alors que les programmes op\u00e9rationnels ne sont pas \u00e9tablis en conformit\u00e9 avec les orientations strat\u00e9giques de d\u00e9veloppement, mais tiennent compte des perspectives commerciales actuelles et des tendances observ\u00e9es sur le march\u00e9 du leasing.<\/p>\n\n\n\n<p>Outre la faiblesse de l\u2019activit\u00e9 de promotion commerciale, la r\u00e9alisation de l\u2019objectif commercial d\u00e9pend du nombre de dossiers rejet\u00e9s ou class\u00e9s sans suite, celle de l\u2019objectif relatif \u00e0 l\u2019approbation est impact\u00e9e par l\u2019indisponibilit\u00e9 du bien \u00e0 financer, l\u2019abandon du client, ou encore la suspension temporaire du financement en raison d\u2019un \u00e9ventuel probl\u00e8me de tr\u00e9sorerie. De plus, les comparaisons entre les pr\u00e9visions et les r\u00e9alisations ne fournissent pas d&rsquo;informations pertinentes en raison du manque de rigueur qui caract\u00e9rise les m\u00e9thodes ou les donn\u00e9es utilis\u00e9es et le niveau de cr\u00e9dit-bail accord\u00e9 aux entreprises demeure relativement faible, affirmant que ce niveau tr\u00e8s faible d&rsquo;activit\u00e9 ne permet pas de g\u00e9n\u00e9rer des profits suffisants, de conqu\u00e9rir des parts de march\u00e9 et de prot\u00e9ger les investissements de l\u2019\u00e9tablissement.&nbsp; &nbsp;Autrement dit, le volume annuel des cr\u00e9dits distribu\u00e9s \u00e0 moyen terme, en 2022, a atteint 995 millions de DA, soit plus du double du volume de 2021, mais en de\u00e7\u00e0 du niveau de 1 217 millions de DA atteint \u00e0 la fin de 2020. Le nombre annuel de clients financ\u00e9s sur la p\u00e9riode consid\u00e9r\u00e9e, a nettement baiss\u00e9 pour passer de 27 clients en 2020 \u00e0 24 en 2022. &nbsp;Cette am\u00e9lioration constat\u00e9e en 2022 s\u2019explique, selon ce rapport, \u00e0 la fois par un stock de dossiers d\u2019un montant de 321,8 millions de DA approuv\u00e9 en 2021 et r\u00e9alis\u00e9 en 2022, mais \u00e9galement par l&rsquo;augmentation significative des op\u00e9rations d\u2019importation.<\/p>\n\n\n\n<p><strong>Faible rentablilit\u00e9<\/strong><\/p>\n\n\n\n<p>Enfin, la Cour des comptes a constat\u00e9 que la faiblesse des b\u00e9n\u00e9fices r\u00e9alis\u00e9s, au cours de la p\u00e9riode consid\u00e9r\u00e9e a impact\u00e9 les taux de la rentabilit\u00e9 \u00e9conomique et de la rentabilit\u00e9 financi\u00e8re qui \u00e9taient extr\u00eamement faibles (aux alentours de 1%), ce qui risque de mettre en p\u00e9ril le d\u00e9veloppement \u00e0 moyen terme de la soci\u00e9t\u00e9. A ce titre, elle a invit\u00e9 les responsables de cette soci\u00e9t\u00e9 \u00e0 mettre en \u0153uvre une strat\u00e9gie de d\u00e9veloppement, \u00e0 travers notamment la diversification de la gamme de produits et services de cr\u00e9dit-bail pour une meilleure rentabilit\u00e9 et une plus grande ma\u00eetrise du risque de cr\u00e9dit ainsi que la mise \u00e0 profit du r\u00e9seau commercial des banques actionnaires pour la promotion et la commercialisation des produits et services de la soci\u00e9t\u00e9.<\/p>\n\n\n\n<p>En outre, les responsables de ladite soci\u00e9t\u00e9 se sont engag\u00e9s, selon ce rapport, \u00e0 mettre en \u0153uvre une strat\u00e9gie de d\u00e9veloppement \u00e0 travers la diversification de sa gamme de produits pour une meilleure rentabilit\u00e9 et une ma\u00eetrise accrue du risque de cr\u00e9dit ainsi que l\u2019\u00e9largissement du r\u00e9seau commercial de l\u2019\u00e9tablissement par diff\u00e9rentes initiatives qui incluent principalement une analyse actualis\u00e9e des besoins du march\u00e9, un \u00e9largissement de la gamme de produits adapt\u00e9s aux besoins identifi\u00e9s, tels que le cr\u00e9ditbail pour des \u00e9quipements sp\u00e9cialis\u00e9s, les solutions de financement des cr\u00e9ations pour les petites entreprises, ou des produits de cr\u00e9dit-bail des technologies propos\u00e9es dans le cadre des projets port\u00e9s par les start-up.<\/p>\n\n\n\n<p>A cela s\u2019ajoute, une expansion g\u00e9ographique par l\u2019identification des r\u00e9gions sous-exploit\u00e9es avec un fort potentiel de croissance pour y \u00e9tablir des repr\u00e9sentations r\u00e9gionales, une digitalisation des services en mettant en place des outils num\u00e9riques pour faciliter l\u2019acc\u00e8s aux repr\u00e9sentants r\u00e9gionaux d\u2019El Djazair Idjar au niveau des agences des actionnaires en les dotant des moyens n\u00e9cessaires pour la bonne prise en charge de la client\u00e8le et le d\u00e9veloppement de strat\u00e9gies marketing et de communication avec des campagnes de sensibilisation et ce par l\u2019utilisation des diff\u00e9rents canaux des m\u00e9dias sociaux ainsi que des programmes de fid\u00e9lisation des clients solvables.<\/p>\n\n\n\n<p><strong>Hakim Aomar<\/strong><\/p>\n","protected":false},"excerpt":{"rendered":"<p>La Cour des comptes souligne que le march\u00e9 de cr\u00e9dit-bail est encore \u00e0 un stade relativement embryonnaire et \u00e0 faible<\/p>\n","protected":false},"author":6,"featured_media":60622,"comment_status":"open","ping_status":"closed","sticky":false,"template":"","format":"standard","meta":{"colormag_page_container_layout":"default_layout","colormag_page_sidebar_layout":"default_layout","om_disable_all_campaigns":false,"_monsterinsights_skip_tracking":false,"_monsterinsights_sitenote_active":false,"_monsterinsights_sitenote_note":"","_monsterinsights_sitenote_category":0,"footnotes":"","_wpscppro_dont_share_socialmedia":false,"_wpscppro_custom_social_share_image":0,"_facebook_share_type":"default","_twitter_share_type":"default","_linkedin_share_type":"default","_pinterest_share_type":"default","_linkedin_share_type_page":"","_instagram_share_type":"default","_medium_share_type":"default","_threads_share_type":"","_google_business_share_type":"","_selected_social_profile":[],"_wpsp_enable_custom_social_template":false,"_wpsp_social_scheduling":{"enabled":false,"datetime":null,"platforms":[],"status":"template_only","dateOption":"today","timeOption":"now","customDays":"","customHours":"","customDate":"","customTime":"","schedulingType":"absolute"},"_wpsp_active_default_template":true},"categories":[52,29],"tags":[],"class_list":["post-60915","post","type-post","status-publish","format-standard","has-post-thumbnail","hentry","category-a-la-une","category-economie"],"aioseo_notices":[],"yoast_head":"<!-- This site is optimized with the Yoast SEO plugin v27.4 - https:\/\/yoast.com\/product\/yoast-seo-wordpress\/ -->\n<title>Cr\u00e9dit-Bail: Le constat accablant de la Cour des comptes - La Sentinelle<\/title>\n<meta name=\"robots\" content=\"index, follow, max-snippet:-1, max-image-preview:large, max-video-preview:-1\" \/>\n<link rel=\"canonical\" href=\"https:\/\/lasentinelle.dz\/index.php\/2024\/12\/18\/credit-bail-le-constat-accablant-de-la-cour-des-comptes\/\" \/>\n<meta property=\"og:locale\" content=\"fr_FR\" \/>\n<meta property=\"og:type\" content=\"article\" \/>\n<meta property=\"og:title\" content=\"Cr\u00e9dit-Bail: Le constat accablant de la Cour des comptes - La Sentinelle\" \/>\n<meta property=\"og:description\" content=\"La Cour des comptes souligne que le march\u00e9 de cr\u00e9dit-bail est encore \u00e0 un stade relativement embryonnaire et \u00e0 faible\" \/>\n<meta property=\"og:url\" content=\"https:\/\/lasentinelle.dz\/index.php\/2024\/12\/18\/credit-bail-le-constat-accablant-de-la-cour-des-comptes\/\" \/>\n<meta property=\"og:site_name\" content=\"La Sentinelle\" \/>\n<meta property=\"article:publisher\" content=\"https:\/\/www.facebook.com\/La-Sentinelle-104059864394773\" \/>\n<meta property=\"article:published_time\" content=\"2024-12-18T11:28:41+00:00\" \/>\n<meta property=\"article:modified_time\" content=\"2024-12-24T11:29:53+00:00\" \/>\n<meta property=\"og:image\" content=\"https:\/\/lasentinelle.dz\/wp-content\/uploads\/2024\/12\/Cour-des-comptes-scaled.jpeg\" \/>\n\t<meta property=\"og:image:width\" content=\"2560\" \/>\n\t<meta property=\"og:image:height\" content=\"1920\" \/>\n\t<meta property=\"og:image:type\" content=\"image\/jpeg\" \/>\n<meta name=\"author\" content=\"admin\" \/>\n<meta name=\"twitter:card\" content=\"summary_large_image\" \/>\n<meta name=\"twitter:label1\" content=\"\u00c9crit par\" \/>\n\t<meta name=\"twitter:data1\" content=\"admin\" \/>\n\t<meta name=\"twitter:label2\" content=\"Dur\u00e9e de lecture estim\u00e9e\" \/>\n\t<meta name=\"twitter:data2\" content=\"7 minutes\" \/>\n<script type=\"application\/ld+json\" class=\"yoast-schema-graph\">{\"@context\":\"https:\\\/\\\/schema.org\",\"@graph\":[{\"@type\":\"Article\",\"@id\":\"https:\\\/\\\/lasentinelle.dz\\\/index.php\\\/2024\\\/12\\\/18\\\/credit-bail-le-constat-accablant-de-la-cour-des-comptes\\\/#article\",\"isPartOf\":{\"@id\":\"https:\\\/\\\/lasentinelle.dz\\\/index.php\\\/2024\\\/12\\\/18\\\/credit-bail-le-constat-accablant-de-la-cour-des-comptes\\\/\"},\"author\":{\"name\":\"admin\",\"@id\":\"https:\\\/\\\/lasentinelle.dz\\\/#\\\/schema\\\/person\\\/729ee0024f24e0b8c5ec17232f8e8b41\"},\"headline\":\"Cr\u00e9dit-Bail: Le constat accablant de la Cour des comptes\",\"datePublished\":\"2024-12-18T11:28:41+00:00\",\"dateModified\":\"2024-12-24T11:29:53+00:00\",\"mainEntityOfPage\":{\"@id\":\"https:\\\/\\\/lasentinelle.dz\\\/index.php\\\/2024\\\/12\\\/18\\\/credit-bail-le-constat-accablant-de-la-cour-des-comptes\\\/\"},\"wordCount\":1516,\"commentCount\":0,\"publisher\":{\"@id\":\"https:\\\/\\\/lasentinelle.dz\\\/#organization\"},\"image\":{\"@id\":\"https:\\\/\\\/lasentinelle.dz\\\/index.php\\\/2024\\\/12\\\/18\\\/credit-bail-le-constat-accablant-de-la-cour-des-comptes\\\/#primaryimage\"},\"thumbnailUrl\":\"https:\\\/\\\/lasentinelle.dz\\\/wp-content\\\/uploads\\\/2024\\\/12\\\/Cour-des-comptes-scaled.jpeg\",\"articleSection\":[\"\u00c0 la Une\",\"\u00c9conomie\"],\"inLanguage\":\"fr-FR\",\"potentialAction\":[{\"@type\":\"CommentAction\",\"name\":\"Comment\",\"target\":[\"https:\\\/\\\/lasentinelle.dz\\\/index.php\\\/2024\\\/12\\\/18\\\/credit-bail-le-constat-accablant-de-la-cour-des-comptes\\\/#respond\"]}]},{\"@type\":\"WebPage\",\"@id\":\"https:\\\/\\\/lasentinelle.dz\\\/index.php\\\/2024\\\/12\\\/18\\\/credit-bail-le-constat-accablant-de-la-cour-des-comptes\\\/\",\"url\":\"https:\\\/\\\/lasentinelle.dz\\\/index.php\\\/2024\\\/12\\\/18\\\/credit-bail-le-constat-accablant-de-la-cour-des-comptes\\\/\",\"name\":\"Cr\u00e9dit-Bail: Le constat accablant de la Cour des comptes - La Sentinelle\",\"isPartOf\":{\"@id\":\"https:\\\/\\\/lasentinelle.dz\\\/#website\"},\"primaryImageOfPage\":{\"@id\":\"https:\\\/\\\/lasentinelle.dz\\\/index.php\\\/2024\\\/12\\\/18\\\/credit-bail-le-constat-accablant-de-la-cour-des-comptes\\\/#primaryimage\"},\"image\":{\"@id\":\"https:\\\/\\\/lasentinelle.dz\\\/index.php\\\/2024\\\/12\\\/18\\\/credit-bail-le-constat-accablant-de-la-cour-des-comptes\\\/#primaryimage\"},\"thumbnailUrl\":\"https:\\\/\\\/lasentinelle.dz\\\/wp-content\\\/uploads\\\/2024\\\/12\\\/Cour-des-comptes-scaled.jpeg\",\"datePublished\":\"2024-12-18T11:28:41+00:00\",\"dateModified\":\"2024-12-24T11:29:53+00:00\",\"breadcrumb\":{\"@id\":\"https:\\\/\\\/lasentinelle.dz\\\/index.php\\\/2024\\\/12\\\/18\\\/credit-bail-le-constat-accablant-de-la-cour-des-comptes\\\/#breadcrumb\"},\"inLanguage\":\"fr-FR\",\"potentialAction\":[{\"@type\":\"ReadAction\",\"target\":[\"https:\\\/\\\/lasentinelle.dz\\\/index.php\\\/2024\\\/12\\\/18\\\/credit-bail-le-constat-accablant-de-la-cour-des-comptes\\\/\"]}]},{\"@type\":\"ImageObject\",\"inLanguage\":\"fr-FR\",\"@id\":\"https:\\\/\\\/lasentinelle.dz\\\/index.php\\\/2024\\\/12\\\/18\\\/credit-bail-le-constat-accablant-de-la-cour-des-comptes\\\/#primaryimage\",\"url\":\"https:\\\/\\\/lasentinelle.dz\\\/wp-content\\\/uploads\\\/2024\\\/12\\\/Cour-des-comptes-scaled.jpeg\",\"contentUrl\":\"https:\\\/\\\/lasentinelle.dz\\\/wp-content\\\/uploads\\\/2024\\\/12\\\/Cour-des-comptes-scaled.jpeg\",\"width\":2560,\"height\":1920,\"caption\":\"CREATOR: gd-jpeg v1.0 (using IJG JPEG v62), quality = 82\"},{\"@type\":\"BreadcrumbList\",\"@id\":\"https:\\\/\\\/lasentinelle.dz\\\/index.php\\\/2024\\\/12\\\/18\\\/credit-bail-le-constat-accablant-de-la-cour-des-comptes\\\/#breadcrumb\",\"itemListElement\":[{\"@type\":\"ListItem\",\"position\":1,\"name\":\"Accueil\",\"item\":\"https:\\\/\\\/lasentinelle.dz\\\/\"},{\"@type\":\"ListItem\",\"position\":2,\"name\":\"Cr\u00e9dit-Bail: Le constat accablant de la Cour des comptes\"}]},{\"@type\":\"WebSite\",\"@id\":\"https:\\\/\\\/lasentinelle.dz\\\/#website\",\"url\":\"https:\\\/\\\/lasentinelle.dz\\\/\",\"name\":\"La Sentinelle\",\"description\":\"Quotidien national d&#039;information\",\"publisher\":{\"@id\":\"https:\\\/\\\/lasentinelle.dz\\\/#organization\"},\"potentialAction\":[{\"@type\":\"SearchAction\",\"target\":{\"@type\":\"EntryPoint\",\"urlTemplate\":\"https:\\\/\\\/lasentinelle.dz\\\/?s={search_term_string}\"},\"query-input\":{\"@type\":\"PropertyValueSpecification\",\"valueRequired\":true,\"valueName\":\"search_term_string\"}}],\"inLanguage\":\"fr-FR\"},{\"@type\":\"Organization\",\"@id\":\"https:\\\/\\\/lasentinelle.dz\\\/#organization\",\"name\":\"Quotidien La Sentinelle\",\"url\":\"https:\\\/\\\/lasentinelle.dz\\\/\",\"logo\":{\"@type\":\"ImageObject\",\"inLanguage\":\"fr-FR\",\"@id\":\"https:\\\/\\\/lasentinelle.dz\\\/#\\\/schema\\\/logo\\\/image\\\/\",\"url\":\"https:\\\/\\\/lasentinelle.dz\\\/wp-content\\\/uploads\\\/2021\\\/09\\\/logo-sentinelleSLOGAN-1.png\",\"contentUrl\":\"https:\\\/\\\/lasentinelle.dz\\\/wp-content\\\/uploads\\\/2021\\\/09\\\/logo-sentinelleSLOGAN-1.png\",\"width\":615,\"height\":142,\"caption\":\"Quotidien La Sentinelle\"},\"image\":{\"@id\":\"https:\\\/\\\/lasentinelle.dz\\\/#\\\/schema\\\/logo\\\/image\\\/\"},\"sameAs\":[\"https:\\\/\\\/www.facebook.com\\\/La-Sentinelle-104059864394773\"]},{\"@type\":\"Person\",\"@id\":\"https:\\\/\\\/lasentinelle.dz\\\/#\\\/schema\\\/person\\\/729ee0024f24e0b8c5ec17232f8e8b41\",\"name\":\"admin\",\"image\":{\"@type\":\"ImageObject\",\"inLanguage\":\"fr-FR\",\"@id\":\"https:\\\/\\\/secure.gravatar.com\\\/avatar\\\/4c81fed838786e9b53f540bf46533e750f5d292099ae3b66cfc6fb1982e29df7?s=96&d=mm&r=g\",\"url\":\"https:\\\/\\\/secure.gravatar.com\\\/avatar\\\/4c81fed838786e9b53f540bf46533e750f5d292099ae3b66cfc6fb1982e29df7?s=96&d=mm&r=g\",\"contentUrl\":\"https:\\\/\\\/secure.gravatar.com\\\/avatar\\\/4c81fed838786e9b53f540bf46533e750f5d292099ae3b66cfc6fb1982e29df7?s=96&d=mm&r=g\",\"caption\":\"admin\"},\"description\":\"admin\",\"url\":\"https:\\\/\\\/lasentinelle.dz\\\/author\\\/admin\\\/\"}]}<\/script>\n<!-- \/ Yoast SEO plugin. -->","yoast_head_json":{"title":"Cr\u00e9dit-Bail: Le constat accablant de la Cour des comptes - La Sentinelle","robots":{"index":"index","follow":"follow","max-snippet":"max-snippet:-1","max-image-preview":"max-image-preview:large","max-video-preview":"max-video-preview:-1"},"canonical":"https:\/\/lasentinelle.dz\/index.php\/2024\/12\/18\/credit-bail-le-constat-accablant-de-la-cour-des-comptes\/","og_locale":"fr_FR","og_type":"article","og_title":"Cr\u00e9dit-Bail: Le constat accablant de la Cour des comptes - La Sentinelle","og_description":"La Cour des comptes souligne que le march\u00e9 de cr\u00e9dit-bail est encore \u00e0 un stade relativement embryonnaire et \u00e0 faible","og_url":"https:\/\/lasentinelle.dz\/index.php\/2024\/12\/18\/credit-bail-le-constat-accablant-de-la-cour-des-comptes\/","og_site_name":"La Sentinelle","article_publisher":"https:\/\/www.facebook.com\/La-Sentinelle-104059864394773","article_published_time":"2024-12-18T11:28:41+00:00","article_modified_time":"2024-12-24T11:29:53+00:00","og_image":[{"width":2560,"height":1920,"url":"https:\/\/lasentinelle.dz\/wp-content\/uploads\/2024\/12\/Cour-des-comptes-scaled.jpeg","type":"image\/jpeg"}],"author":"admin","twitter_card":"summary_large_image","twitter_misc":{"\u00c9crit par":"admin","Dur\u00e9e de lecture estim\u00e9e":"7 minutes"},"schema":{"@context":"https:\/\/schema.org","@graph":[{"@type":"Article","@id":"https:\/\/lasentinelle.dz\/index.php\/2024\/12\/18\/credit-bail-le-constat-accablant-de-la-cour-des-comptes\/#article","isPartOf":{"@id":"https:\/\/lasentinelle.dz\/index.php\/2024\/12\/18\/credit-bail-le-constat-accablant-de-la-cour-des-comptes\/"},"author":{"name":"admin","@id":"https:\/\/lasentinelle.dz\/#\/schema\/person\/729ee0024f24e0b8c5ec17232f8e8b41"},"headline":"Cr\u00e9dit-Bail: Le constat accablant de la Cour des comptes","datePublished":"2024-12-18T11:28:41+00:00","dateModified":"2024-12-24T11:29:53+00:00","mainEntityOfPage":{"@id":"https:\/\/lasentinelle.dz\/index.php\/2024\/12\/18\/credit-bail-le-constat-accablant-de-la-cour-des-comptes\/"},"wordCount":1516,"commentCount":0,"publisher":{"@id":"https:\/\/lasentinelle.dz\/#organization"},"image":{"@id":"https:\/\/lasentinelle.dz\/index.php\/2024\/12\/18\/credit-bail-le-constat-accablant-de-la-cour-des-comptes\/#primaryimage"},"thumbnailUrl":"https:\/\/lasentinelle.dz\/wp-content\/uploads\/2024\/12\/Cour-des-comptes-scaled.jpeg","articleSection":["\u00c0 la Une","\u00c9conomie"],"inLanguage":"fr-FR","potentialAction":[{"@type":"CommentAction","name":"Comment","target":["https:\/\/lasentinelle.dz\/index.php\/2024\/12\/18\/credit-bail-le-constat-accablant-de-la-cour-des-comptes\/#respond"]}]},{"@type":"WebPage","@id":"https:\/\/lasentinelle.dz\/index.php\/2024\/12\/18\/credit-bail-le-constat-accablant-de-la-cour-des-comptes\/","url":"https:\/\/lasentinelle.dz\/index.php\/2024\/12\/18\/credit-bail-le-constat-accablant-de-la-cour-des-comptes\/","name":"Cr\u00e9dit-Bail: Le constat accablant de la Cour des comptes - La Sentinelle","isPartOf":{"@id":"https:\/\/lasentinelle.dz\/#website"},"primaryImageOfPage":{"@id":"https:\/\/lasentinelle.dz\/index.php\/2024\/12\/18\/credit-bail-le-constat-accablant-de-la-cour-des-comptes\/#primaryimage"},"image":{"@id":"https:\/\/lasentinelle.dz\/index.php\/2024\/12\/18\/credit-bail-le-constat-accablant-de-la-cour-des-comptes\/#primaryimage"},"thumbnailUrl":"https:\/\/lasentinelle.dz\/wp-content\/uploads\/2024\/12\/Cour-des-comptes-scaled.jpeg","datePublished":"2024-12-18T11:28:41+00:00","dateModified":"2024-12-24T11:29:53+00:00","breadcrumb":{"@id":"https:\/\/lasentinelle.dz\/index.php\/2024\/12\/18\/credit-bail-le-constat-accablant-de-la-cour-des-comptes\/#breadcrumb"},"inLanguage":"fr-FR","potentialAction":[{"@type":"ReadAction","target":["https:\/\/lasentinelle.dz\/index.php\/2024\/12\/18\/credit-bail-le-constat-accablant-de-la-cour-des-comptes\/"]}]},{"@type":"ImageObject","inLanguage":"fr-FR","@id":"https:\/\/lasentinelle.dz\/index.php\/2024\/12\/18\/credit-bail-le-constat-accablant-de-la-cour-des-comptes\/#primaryimage","url":"https:\/\/lasentinelle.dz\/wp-content\/uploads\/2024\/12\/Cour-des-comptes-scaled.jpeg","contentUrl":"https:\/\/lasentinelle.dz\/wp-content\/uploads\/2024\/12\/Cour-des-comptes-scaled.jpeg","width":2560,"height":1920,"caption":"CREATOR: gd-jpeg v1.0 (using IJG JPEG v62), quality = 82"},{"@type":"BreadcrumbList","@id":"https:\/\/lasentinelle.dz\/index.php\/2024\/12\/18\/credit-bail-le-constat-accablant-de-la-cour-des-comptes\/#breadcrumb","itemListElement":[{"@type":"ListItem","position":1,"name":"Accueil","item":"https:\/\/lasentinelle.dz\/"},{"@type":"ListItem","position":2,"name":"Cr\u00e9dit-Bail: Le constat accablant de la Cour des comptes"}]},{"@type":"WebSite","@id":"https:\/\/lasentinelle.dz\/#website","url":"https:\/\/lasentinelle.dz\/","name":"La Sentinelle","description":"Quotidien national d&#039;information","publisher":{"@id":"https:\/\/lasentinelle.dz\/#organization"},"potentialAction":[{"@type":"SearchAction","target":{"@type":"EntryPoint","urlTemplate":"https:\/\/lasentinelle.dz\/?s={search_term_string}"},"query-input":{"@type":"PropertyValueSpecification","valueRequired":true,"valueName":"search_term_string"}}],"inLanguage":"fr-FR"},{"@type":"Organization","@id":"https:\/\/lasentinelle.dz\/#organization","name":"Quotidien La Sentinelle","url":"https:\/\/lasentinelle.dz\/","logo":{"@type":"ImageObject","inLanguage":"fr-FR","@id":"https:\/\/lasentinelle.dz\/#\/schema\/logo\/image\/","url":"https:\/\/lasentinelle.dz\/wp-content\/uploads\/2021\/09\/logo-sentinelleSLOGAN-1.png","contentUrl":"https:\/\/lasentinelle.dz\/wp-content\/uploads\/2021\/09\/logo-sentinelleSLOGAN-1.png","width":615,"height":142,"caption":"Quotidien La Sentinelle"},"image":{"@id":"https:\/\/lasentinelle.dz\/#\/schema\/logo\/image\/"},"sameAs":["https:\/\/www.facebook.com\/La-Sentinelle-104059864394773"]},{"@type":"Person","@id":"https:\/\/lasentinelle.dz\/#\/schema\/person\/729ee0024f24e0b8c5ec17232f8e8b41","name":"admin","image":{"@type":"ImageObject","inLanguage":"fr-FR","@id":"https:\/\/secure.gravatar.com\/avatar\/4c81fed838786e9b53f540bf46533e750f5d292099ae3b66cfc6fb1982e29df7?s=96&d=mm&r=g","url":"https:\/\/secure.gravatar.com\/avatar\/4c81fed838786e9b53f540bf46533e750f5d292099ae3b66cfc6fb1982e29df7?s=96&d=mm&r=g","contentUrl":"https:\/\/secure.gravatar.com\/avatar\/4c81fed838786e9b53f540bf46533e750f5d292099ae3b66cfc6fb1982e29df7?s=96&d=mm&r=g","caption":"admin"},"description":"admin","url":"https:\/\/lasentinelle.dz\/author\/admin\/"}]}},"_links":{"self":[{"href":"https:\/\/lasentinelle.dz\/index.php\/wp-json\/wp\/v2\/posts\/60915","targetHints":{"allow":["GET"]}}],"collection":[{"href":"https:\/\/lasentinelle.dz\/index.php\/wp-json\/wp\/v2\/posts"}],"about":[{"href":"https:\/\/lasentinelle.dz\/index.php\/wp-json\/wp\/v2\/types\/post"}],"author":[{"embeddable":true,"href":"https:\/\/lasentinelle.dz\/index.php\/wp-json\/wp\/v2\/users\/6"}],"replies":[{"embeddable":true,"href":"https:\/\/lasentinelle.dz\/index.php\/wp-json\/wp\/v2\/comments?post=60915"}],"version-history":[{"count":1,"href":"https:\/\/lasentinelle.dz\/index.php\/wp-json\/wp\/v2\/posts\/60915\/revisions"}],"predecessor-version":[{"id":60916,"href":"https:\/\/lasentinelle.dz\/index.php\/wp-json\/wp\/v2\/posts\/60915\/revisions\/60916"}],"wp:featuredmedia":[{"embeddable":true,"href":"https:\/\/lasentinelle.dz\/index.php\/wp-json\/wp\/v2\/media\/60622"}],"wp:attachment":[{"href":"https:\/\/lasentinelle.dz\/index.php\/wp-json\/wp\/v2\/media?parent=60915"}],"wp:term":[{"taxonomy":"category","embeddable":true,"href":"https:\/\/lasentinelle.dz\/index.php\/wp-json\/wp\/v2\/categories?post=60915"},{"taxonomy":"post_tag","embeddable":true,"href":"https:\/\/lasentinelle.dz\/index.php\/wp-json\/wp\/v2\/tags?post=60915"}],"curies":[{"name":"wp","href":"https:\/\/api.w.org\/{rel}","templated":true}]}}