{"id":60958,"date":"2024-12-25T12:27:10","date_gmt":"2024-12-25T11:27:10","guid":{"rendered":"https:\/\/lasentinelle.dz\/?p=60958"},"modified":"2024-12-25T12:27:10","modified_gmt":"2024-12-25T11:27:10","slug":"msila-le-gerant-dun-moulin-prive-place-en-detention-pour-speculation","status":"publish","type":"post","link":"https:\/\/lasentinelle.dz\/index.php\/2024\/12\/25\/msila-le-gerant-dun-moulin-prive-place-en-detention-pour-speculation\/","title":{"rendered":"M\u2019Sila : Le g\u00e9rant d\u2019un moulin priv\u00e9 plac\u00e9 en d\u00e9tention pour sp\u00e9culation"},"content":{"rendered":"\n<p><strong>Le g\u00e9rant d\u2019un moulin priv\u00e9 a \u00e9t\u00e9 plac\u00e9 en d\u00e9tention<\/strong> pour son implication, avec trois autres mis en causes, dans une affaire de sp\u00e9culation ill\u00e9gale, perturbation du march\u00e9 et d\u00e9tournement de marchandises de leur destination, entre autres. La mise \u00e0 nu de cette affaire, selon une source s\u00e9curitaire, fait suite \u00e0 l&rsquo;enqu\u00eate men\u00e9e par les \u00e9l\u00e9ments de la Brigade \u00e9conomique et financi\u00e8re de la police judiciaire, Pr\u00e8s la S\u00fbret\u00e9 de wilaya de M&rsquo;sila, sur une personne transportant des quantit\u00e9s de ma\u00efs et de soja \u00e0 bord d&rsquo;un tracteur \u00e9quip\u00e9 d&rsquo;une remorque, au motif qu&rsquo;il s&rsquo;agissait, est-il avanc\u00e9, de produit destin\u00e9 \u00e0 l&rsquo;alimentation du b\u00e9tail. Selon les explications apport\u00e9es par nos sources, lors du contr\u00f4le du roulant, il a \u00e9t\u00e9 constat\u00e9 de grandes quantit\u00e9s de ma\u00efs et soja purs, d\u00e9pourvue de toutes compositions, nous dit-on. Emball\u00e9s dans des sacs, les produits ne portaient aucune donn\u00e9e d\u2019\u00e9tiquetage obligatoire, contrairement aux factures pr\u00e9sent\u00e9es par le chauffeur et qui \u00e9taient cens\u00e9es porter la mention de produits destin\u00e9s \u00e0 l\u2019aliment de b\u00e9tail. Suite \u00e0 quoi, le chargement estim\u00e9 \u00e0environ 120 quintaux (99,80 quintaux de ma\u00efs pur et 20 quintaux de soja), ont aussit\u00f4t \u00e9t\u00e9 saisis. Une information judiciaire a \u00e9t\u00e9 ouverte par la brigade financi\u00e8re et \u00e9conomique. L\u2019affaire a d\u00e9bouch\u00e9, a fait savoir notre source, sur l\u2019implication dans cet acte de sp\u00e9culation ill\u00e9gale sur le ma\u00efs et le Soja, de 4 personnes, dont le propri\u00e9taire d&rsquo;un moulin priv\u00e9. L\u2019enqu\u00eate des services de s\u00e9curit\u00e9 a, par ailleurs, r\u00e9v\u00e9l\u00e9 d\u2019autres actes outre la sp\u00e9culation ill\u00e9gale, comme la perturbation du march\u00e9, d\u00e9tournement de produits de leur destination, \u00e9mission de factures non conformes et vente de mati\u00e8res premi\u00e8res dans leur \u00e9tat d&rsquo;origine. \u00c0 l\u2019issue des mesures judiciaires d\u2019usage, les 4 pr\u00e9venus ont \u00e9t\u00e9 d\u00e9f\u00e9r\u00e9s par devant le parquet du tribunal de M&rsquo;sila. Au terme de l\u2019instruction, le magistrat instructeur a ordonn\u00e9 la mise en d\u00e9tention provisoire pour le g\u00e9rant du moulin priv\u00e9 et du chauffeur du tracteur, tandis que deux autres personnes ont \u00e9t\u00e9 plac\u00e9es sous contr\u00f4le judiciaire, a conclu la m\u00eame source.<\/p>\n\n\n\n<p><strong>Sofia Chahine<\/strong><\/p>\n","protected":false},"excerpt":{"rendered":"<p>Le g\u00e9rant d\u2019un moulin priv\u00e9 a \u00e9t\u00e9 plac\u00e9 en d\u00e9tention pour son implication, avec trois autres mis en causes, dans<\/p>\n","protected":false},"author":6,"featured_media":54967,"comment_status":"open","ping_status":"closed","sticky":false,"template":"","format":"standard","meta":{"colormag_page_container_layout":"default_layout","colormag_page_sidebar_layout":"default_layout","om_disable_all_campaigns":false,"_monsterinsights_skip_tracking":false,"_monsterinsights_sitenote_active":false,"_monsterinsights_sitenote_note":"","_monsterinsights_sitenote_category":0,"footnotes":"","_wpscppro_dont_share_socialmedia":false,"_wpscppro_custom_social_share_image":0,"_facebook_share_type":"default","_twitter_share_type":"default","_linkedin_share_type":"default","_pinterest_share_type":"default","_linkedin_share_type_page":"","_instagram_share_type":"default","_medium_share_type":"default","_threads_share_type":"","_google_business_share_type":"","_selected_social_profile":[],"_wpsp_enable_custom_social_template":false,"_wpsp_social_scheduling":{"enabled":false,"datetime":null,"platforms":[],"status":"template_only","dateOption":"today","timeOption":"now","customDays":"","customHours":"","customDate":"","customTime":"","schedulingType":"absolute"},"_wpsp_active_default_template":true},"categories":[31],"tags":[],"class_list":["post-60958","post","type-post","status-publish","format-standard","has-post-thumbnail","hentry","category-regions"],"aioseo_notices":[],"yoast_head":"<!-- This site is optimized with the Yoast SEO plugin v27.4 - https:\/\/yoast.com\/product\/yoast-seo-wordpress\/ -->\n<title>M\u2019Sila : Le g\u00e9rant d\u2019un moulin priv\u00e9 plac\u00e9 en d\u00e9tention pour sp\u00e9culation - La Sentinelle<\/title>\n<meta name=\"robots\" content=\"index, follow, max-snippet:-1, max-image-preview:large, max-video-preview:-1\" \/>\n<link rel=\"canonical\" href=\"https:\/\/lasentinelle.dz\/index.php\/2024\/12\/25\/msila-le-gerant-dun-moulin-prive-place-en-detention-pour-speculation\/\" \/>\n<meta property=\"og:locale\" content=\"fr_FR\" \/>\n<meta property=\"og:type\" content=\"article\" \/>\n<meta property=\"og:title\" content=\"M\u2019Sila : Le g\u00e9rant d\u2019un moulin priv\u00e9 plac\u00e9 en d\u00e9tention pour sp\u00e9culation - La Sentinelle\" \/>\n<meta property=\"og:description\" content=\"Le g\u00e9rant d\u2019un moulin priv\u00e9 a \u00e9t\u00e9 plac\u00e9 en d\u00e9tention pour son implication, avec trois autres mis en causes, dans\" \/>\n<meta property=\"og:url\" content=\"https:\/\/lasentinelle.dz\/index.php\/2024\/12\/25\/msila-le-gerant-dun-moulin-prive-place-en-detention-pour-speculation\/\" \/>\n<meta property=\"og:site_name\" content=\"La Sentinelle\" \/>\n<meta property=\"article:publisher\" content=\"https:\/\/www.facebook.com\/La-Sentinelle-104059864394773\" \/>\n<meta property=\"article:published_time\" content=\"2024-12-25T11:27:10+00:00\" \/>\n<meta property=\"og:image\" content=\"https:\/\/lasentinelle.dz\/wp-content\/uploads\/2024\/07\/justice.jpg\" \/>\n\t<meta property=\"og:image:width\" content=\"1023\" \/>\n\t<meta property=\"og:image:height\" content=\"583\" \/>\n\t<meta property=\"og:image:type\" content=\"image\/jpeg\" \/>\n<meta name=\"author\" content=\"admin\" \/>\n<meta name=\"twitter:card\" content=\"summary_large_image\" \/>\n<meta name=\"twitter:label1\" content=\"\u00c9crit par\" \/>\n\t<meta name=\"twitter:data1\" content=\"admin\" \/>\n\t<meta name=\"twitter:label2\" content=\"Dur\u00e9e de lecture estim\u00e9e\" \/>\n\t<meta name=\"twitter:data2\" content=\"2 minutes\" \/>\n<script type=\"application\/ld+json\" class=\"yoast-schema-graph\">{\"@context\":\"https:\\\/\\\/schema.org\",\"@graph\":[{\"@type\":\"Article\",\"@id\":\"https:\\\/\\\/lasentinelle.dz\\\/index.php\\\/2024\\\/12\\\/25\\\/msila-le-gerant-dun-moulin-prive-place-en-detention-pour-speculation\\\/#article\",\"isPartOf\":{\"@id\":\"https:\\\/\\\/lasentinelle.dz\\\/index.php\\\/2024\\\/12\\\/25\\\/msila-le-gerant-dun-moulin-prive-place-en-detention-pour-speculation\\\/\"},\"author\":{\"name\":\"admin\",\"@id\":\"https:\\\/\\\/lasentinelle.dz\\\/#\\\/schema\\\/person\\\/729ee0024f24e0b8c5ec17232f8e8b41\"},\"headline\":\"M\u2019Sila : Le g\u00e9rant d\u2019un moulin priv\u00e9 plac\u00e9 en d\u00e9tention pour sp\u00e9culation\",\"datePublished\":\"2024-12-25T11:27:10+00:00\",\"mainEntityOfPage\":{\"@id\":\"https:\\\/\\\/lasentinelle.dz\\\/index.php\\\/2024\\\/12\\\/25\\\/msila-le-gerant-dun-moulin-prive-place-en-detention-pour-speculation\\\/\"},\"wordCount\":413,\"commentCount\":0,\"publisher\":{\"@id\":\"https:\\\/\\\/lasentinelle.dz\\\/#organization\"},\"image\":{\"@id\":\"https:\\\/\\\/lasentinelle.dz\\\/index.php\\\/2024\\\/12\\\/25\\\/msila-le-gerant-dun-moulin-prive-place-en-detention-pour-speculation\\\/#primaryimage\"},\"thumbnailUrl\":\"https:\\\/\\\/lasentinelle.dz\\\/wp-content\\\/uploads\\\/2024\\\/07\\\/justice.jpg\",\"articleSection\":[\"R\u00e9gions\"],\"inLanguage\":\"fr-FR\",\"potentialAction\":[{\"@type\":\"CommentAction\",\"name\":\"Comment\",\"target\":[\"https:\\\/\\\/lasentinelle.dz\\\/index.php\\\/2024\\\/12\\\/25\\\/msila-le-gerant-dun-moulin-prive-place-en-detention-pour-speculation\\\/#respond\"]}]},{\"@type\":\"WebPage\",\"@id\":\"https:\\\/\\\/lasentinelle.dz\\\/index.php\\\/2024\\\/12\\\/25\\\/msila-le-gerant-dun-moulin-prive-place-en-detention-pour-speculation\\\/\",\"url\":\"https:\\\/\\\/lasentinelle.dz\\\/index.php\\\/2024\\\/12\\\/25\\\/msila-le-gerant-dun-moulin-prive-place-en-detention-pour-speculation\\\/\",\"name\":\"M\u2019Sila : Le g\u00e9rant d\u2019un moulin priv\u00e9 plac\u00e9 en d\u00e9tention pour sp\u00e9culation - La Sentinelle\",\"isPartOf\":{\"@id\":\"https:\\\/\\\/lasentinelle.dz\\\/#website\"},\"primaryImageOfPage\":{\"@id\":\"https:\\\/\\\/lasentinelle.dz\\\/index.php\\\/2024\\\/12\\\/25\\\/msila-le-gerant-dun-moulin-prive-place-en-detention-pour-speculation\\\/#primaryimage\"},\"image\":{\"@id\":\"https:\\\/\\\/lasentinelle.dz\\\/index.php\\\/2024\\\/12\\\/25\\\/msila-le-gerant-dun-moulin-prive-place-en-detention-pour-speculation\\\/#primaryimage\"},\"thumbnailUrl\":\"https:\\\/\\\/lasentinelle.dz\\\/wp-content\\\/uploads\\\/2024\\\/07\\\/justice.jpg\",\"datePublished\":\"2024-12-25T11:27:10+00:00\",\"breadcrumb\":{\"@id\":\"https:\\\/\\\/lasentinelle.dz\\\/index.php\\\/2024\\\/12\\\/25\\\/msila-le-gerant-dun-moulin-prive-place-en-detention-pour-speculation\\\/#breadcrumb\"},\"inLanguage\":\"fr-FR\",\"potentialAction\":[{\"@type\":\"ReadAction\",\"target\":[\"https:\\\/\\\/lasentinelle.dz\\\/index.php\\\/2024\\\/12\\\/25\\\/msila-le-gerant-dun-moulin-prive-place-en-detention-pour-speculation\\\/\"]}]},{\"@type\":\"ImageObject\",\"inLanguage\":\"fr-FR\",\"@id\":\"https:\\\/\\\/lasentinelle.dz\\\/index.php\\\/2024\\\/12\\\/25\\\/msila-le-gerant-dun-moulin-prive-place-en-detention-pour-speculation\\\/#primaryimage\",\"url\":\"https:\\\/\\\/lasentinelle.dz\\\/wp-content\\\/uploads\\\/2024\\\/07\\\/justice.jpg\",\"contentUrl\":\"https:\\\/\\\/lasentinelle.dz\\\/wp-content\\\/uploads\\\/2024\\\/07\\\/justice.jpg\",\"width\":1023,\"height\":583},{\"@type\":\"BreadcrumbList\",\"@id\":\"https:\\\/\\\/lasentinelle.dz\\\/index.php\\\/2024\\\/12\\\/25\\\/msila-le-gerant-dun-moulin-prive-place-en-detention-pour-speculation\\\/#breadcrumb\",\"itemListElement\":[{\"@type\":\"ListItem\",\"position\":1,\"name\":\"Accueil\",\"item\":\"https:\\\/\\\/lasentinelle.dz\\\/\"},{\"@type\":\"ListItem\",\"position\":2,\"name\":\"M\u2019Sila : Le g\u00e9rant d\u2019un moulin priv\u00e9 plac\u00e9 en d\u00e9tention pour sp\u00e9culation\"}]},{\"@type\":\"WebSite\",\"@id\":\"https:\\\/\\\/lasentinelle.dz\\\/#website\",\"url\":\"https:\\\/\\\/lasentinelle.dz\\\/\",\"name\":\"La Sentinelle\",\"description\":\"Quotidien national d&#039;information\",\"publisher\":{\"@id\":\"https:\\\/\\\/lasentinelle.dz\\\/#organization\"},\"potentialAction\":[{\"@type\":\"SearchAction\",\"target\":{\"@type\":\"EntryPoint\",\"urlTemplate\":\"https:\\\/\\\/lasentinelle.dz\\\/?s={search_term_string}\"},\"query-input\":{\"@type\":\"PropertyValueSpecification\",\"valueRequired\":true,\"valueName\":\"search_term_string\"}}],\"inLanguage\":\"fr-FR\"},{\"@type\":\"Organization\",\"@id\":\"https:\\\/\\\/lasentinelle.dz\\\/#organization\",\"name\":\"Quotidien La Sentinelle\",\"url\":\"https:\\\/\\\/lasentinelle.dz\\\/\",\"logo\":{\"@type\":\"ImageObject\",\"inLanguage\":\"fr-FR\",\"@id\":\"https:\\\/\\\/lasentinelle.dz\\\/#\\\/schema\\\/logo\\\/image\\\/\",\"url\":\"https:\\\/\\\/lasentinelle.dz\\\/wp-content\\\/uploads\\\/2021\\\/09\\\/logo-sentinelleSLOGAN-1.png\",\"contentUrl\":\"https:\\\/\\\/lasentinelle.dz\\\/wp-content\\\/uploads\\\/2021\\\/09\\\/logo-sentinelleSLOGAN-1.png\",\"width\":615,\"height\":142,\"caption\":\"Quotidien La Sentinelle\"},\"image\":{\"@id\":\"https:\\\/\\\/lasentinelle.dz\\\/#\\\/schema\\\/logo\\\/image\\\/\"},\"sameAs\":[\"https:\\\/\\\/www.facebook.com\\\/La-Sentinelle-104059864394773\"]},{\"@type\":\"Person\",\"@id\":\"https:\\\/\\\/lasentinelle.dz\\\/#\\\/schema\\\/person\\\/729ee0024f24e0b8c5ec17232f8e8b41\",\"name\":\"admin\",\"image\":{\"@type\":\"ImageObject\",\"inLanguage\":\"fr-FR\",\"@id\":\"https:\\\/\\\/secure.gravatar.com\\\/avatar\\\/4c81fed838786e9b53f540bf46533e750f5d292099ae3b66cfc6fb1982e29df7?s=96&d=mm&r=g\",\"url\":\"https:\\\/\\\/secure.gravatar.com\\\/avatar\\\/4c81fed838786e9b53f540bf46533e750f5d292099ae3b66cfc6fb1982e29df7?s=96&d=mm&r=g\",\"contentUrl\":\"https:\\\/\\\/secure.gravatar.com\\\/avatar\\\/4c81fed838786e9b53f540bf46533e750f5d292099ae3b66cfc6fb1982e29df7?s=96&d=mm&r=g\",\"caption\":\"admin\"},\"description\":\"admin\",\"url\":\"https:\\\/\\\/lasentinelle.dz\\\/author\\\/admin\\\/\"}]}<\/script>\n<!-- \/ Yoast SEO plugin. -->","yoast_head_json":{"title":"M\u2019Sila : Le g\u00e9rant d\u2019un moulin priv\u00e9 plac\u00e9 en d\u00e9tention pour sp\u00e9culation - La Sentinelle","robots":{"index":"index","follow":"follow","max-snippet":"max-snippet:-1","max-image-preview":"max-image-preview:large","max-video-preview":"max-video-preview:-1"},"canonical":"https:\/\/lasentinelle.dz\/index.php\/2024\/12\/25\/msila-le-gerant-dun-moulin-prive-place-en-detention-pour-speculation\/","og_locale":"fr_FR","og_type":"article","og_title":"M\u2019Sila : Le g\u00e9rant d\u2019un moulin priv\u00e9 plac\u00e9 en d\u00e9tention pour sp\u00e9culation - La Sentinelle","og_description":"Le g\u00e9rant d\u2019un moulin priv\u00e9 a \u00e9t\u00e9 plac\u00e9 en d\u00e9tention pour son implication, avec trois autres mis en causes, dans","og_url":"https:\/\/lasentinelle.dz\/index.php\/2024\/12\/25\/msila-le-gerant-dun-moulin-prive-place-en-detention-pour-speculation\/","og_site_name":"La Sentinelle","article_publisher":"https:\/\/www.facebook.com\/La-Sentinelle-104059864394773","article_published_time":"2024-12-25T11:27:10+00:00","og_image":[{"width":1023,"height":583,"url":"https:\/\/lasentinelle.dz\/wp-content\/uploads\/2024\/07\/justice.jpg","type":"image\/jpeg"}],"author":"admin","twitter_card":"summary_large_image","twitter_misc":{"\u00c9crit par":"admin","Dur\u00e9e de lecture estim\u00e9e":"2 minutes"},"schema":{"@context":"https:\/\/schema.org","@graph":[{"@type":"Article","@id":"https:\/\/lasentinelle.dz\/index.php\/2024\/12\/25\/msila-le-gerant-dun-moulin-prive-place-en-detention-pour-speculation\/#article","isPartOf":{"@id":"https:\/\/lasentinelle.dz\/index.php\/2024\/12\/25\/msila-le-gerant-dun-moulin-prive-place-en-detention-pour-speculation\/"},"author":{"name":"admin","@id":"https:\/\/lasentinelle.dz\/#\/schema\/person\/729ee0024f24e0b8c5ec17232f8e8b41"},"headline":"M\u2019Sila : Le g\u00e9rant d\u2019un moulin priv\u00e9 plac\u00e9 en d\u00e9tention pour sp\u00e9culation","datePublished":"2024-12-25T11:27:10+00:00","mainEntityOfPage":{"@id":"https:\/\/lasentinelle.dz\/index.php\/2024\/12\/25\/msila-le-gerant-dun-moulin-prive-place-en-detention-pour-speculation\/"},"wordCount":413,"commentCount":0,"publisher":{"@id":"https:\/\/lasentinelle.dz\/#organization"},"image":{"@id":"https:\/\/lasentinelle.dz\/index.php\/2024\/12\/25\/msila-le-gerant-dun-moulin-prive-place-en-detention-pour-speculation\/#primaryimage"},"thumbnailUrl":"https:\/\/lasentinelle.dz\/wp-content\/uploads\/2024\/07\/justice.jpg","articleSection":["R\u00e9gions"],"inLanguage":"fr-FR","potentialAction":[{"@type":"CommentAction","name":"Comment","target":["https:\/\/lasentinelle.dz\/index.php\/2024\/12\/25\/msila-le-gerant-dun-moulin-prive-place-en-detention-pour-speculation\/#respond"]}]},{"@type":"WebPage","@id":"https:\/\/lasentinelle.dz\/index.php\/2024\/12\/25\/msila-le-gerant-dun-moulin-prive-place-en-detention-pour-speculation\/","url":"https:\/\/lasentinelle.dz\/index.php\/2024\/12\/25\/msila-le-gerant-dun-moulin-prive-place-en-detention-pour-speculation\/","name":"M\u2019Sila : Le g\u00e9rant d\u2019un moulin priv\u00e9 plac\u00e9 en d\u00e9tention pour sp\u00e9culation - La Sentinelle","isPartOf":{"@id":"https:\/\/lasentinelle.dz\/#website"},"primaryImageOfPage":{"@id":"https:\/\/lasentinelle.dz\/index.php\/2024\/12\/25\/msila-le-gerant-dun-moulin-prive-place-en-detention-pour-speculation\/#primaryimage"},"image":{"@id":"https:\/\/lasentinelle.dz\/index.php\/2024\/12\/25\/msila-le-gerant-dun-moulin-prive-place-en-detention-pour-speculation\/#primaryimage"},"thumbnailUrl":"https:\/\/lasentinelle.dz\/wp-content\/uploads\/2024\/07\/justice.jpg","datePublished":"2024-12-25T11:27:10+00:00","breadcrumb":{"@id":"https:\/\/lasentinelle.dz\/index.php\/2024\/12\/25\/msila-le-gerant-dun-moulin-prive-place-en-detention-pour-speculation\/#breadcrumb"},"inLanguage":"fr-FR","potentialAction":[{"@type":"ReadAction","target":["https:\/\/lasentinelle.dz\/index.php\/2024\/12\/25\/msila-le-gerant-dun-moulin-prive-place-en-detention-pour-speculation\/"]}]},{"@type":"ImageObject","inLanguage":"fr-FR","@id":"https:\/\/lasentinelle.dz\/index.php\/2024\/12\/25\/msila-le-gerant-dun-moulin-prive-place-en-detention-pour-speculation\/#primaryimage","url":"https:\/\/lasentinelle.dz\/wp-content\/uploads\/2024\/07\/justice.jpg","contentUrl":"https:\/\/lasentinelle.dz\/wp-content\/uploads\/2024\/07\/justice.jpg","width":1023,"height":583},{"@type":"BreadcrumbList","@id":"https:\/\/lasentinelle.dz\/index.php\/2024\/12\/25\/msila-le-gerant-dun-moulin-prive-place-en-detention-pour-speculation\/#breadcrumb","itemListElement":[{"@type":"ListItem","position":1,"name":"Accueil","item":"https:\/\/lasentinelle.dz\/"},{"@type":"ListItem","position":2,"name":"M\u2019Sila : Le g\u00e9rant d\u2019un moulin priv\u00e9 plac\u00e9 en d\u00e9tention pour sp\u00e9culation"}]},{"@type":"WebSite","@id":"https:\/\/lasentinelle.dz\/#website","url":"https:\/\/lasentinelle.dz\/","name":"La Sentinelle","description":"Quotidien national d&#039;information","publisher":{"@id":"https:\/\/lasentinelle.dz\/#organization"},"potentialAction":[{"@type":"SearchAction","target":{"@type":"EntryPoint","urlTemplate":"https:\/\/lasentinelle.dz\/?s={search_term_string}"},"query-input":{"@type":"PropertyValueSpecification","valueRequired":true,"valueName":"search_term_string"}}],"inLanguage":"fr-FR"},{"@type":"Organization","@id":"https:\/\/lasentinelle.dz\/#organization","name":"Quotidien La Sentinelle","url":"https:\/\/lasentinelle.dz\/","logo":{"@type":"ImageObject","inLanguage":"fr-FR","@id":"https:\/\/lasentinelle.dz\/#\/schema\/logo\/image\/","url":"https:\/\/lasentinelle.dz\/wp-content\/uploads\/2021\/09\/logo-sentinelleSLOGAN-1.png","contentUrl":"https:\/\/lasentinelle.dz\/wp-content\/uploads\/2021\/09\/logo-sentinelleSLOGAN-1.png","width":615,"height":142,"caption":"Quotidien La Sentinelle"},"image":{"@id":"https:\/\/lasentinelle.dz\/#\/schema\/logo\/image\/"},"sameAs":["https:\/\/www.facebook.com\/La-Sentinelle-104059864394773"]},{"@type":"Person","@id":"https:\/\/lasentinelle.dz\/#\/schema\/person\/729ee0024f24e0b8c5ec17232f8e8b41","name":"admin","image":{"@type":"ImageObject","inLanguage":"fr-FR","@id":"https:\/\/secure.gravatar.com\/avatar\/4c81fed838786e9b53f540bf46533e750f5d292099ae3b66cfc6fb1982e29df7?s=96&d=mm&r=g","url":"https:\/\/secure.gravatar.com\/avatar\/4c81fed838786e9b53f540bf46533e750f5d292099ae3b66cfc6fb1982e29df7?s=96&d=mm&r=g","contentUrl":"https:\/\/secure.gravatar.com\/avatar\/4c81fed838786e9b53f540bf46533e750f5d292099ae3b66cfc6fb1982e29df7?s=96&d=mm&r=g","caption":"admin"},"description":"admin","url":"https:\/\/lasentinelle.dz\/author\/admin\/"}]}},"_links":{"self":[{"href":"https:\/\/lasentinelle.dz\/index.php\/wp-json\/wp\/v2\/posts\/60958","targetHints":{"allow":["GET"]}}],"collection":[{"href":"https:\/\/lasentinelle.dz\/index.php\/wp-json\/wp\/v2\/posts"}],"about":[{"href":"https:\/\/lasentinelle.dz\/index.php\/wp-json\/wp\/v2\/types\/post"}],"author":[{"embeddable":true,"href":"https:\/\/lasentinelle.dz\/index.php\/wp-json\/wp\/v2\/users\/6"}],"replies":[{"embeddable":true,"href":"https:\/\/lasentinelle.dz\/index.php\/wp-json\/wp\/v2\/comments?post=60958"}],"version-history":[{"count":1,"href":"https:\/\/lasentinelle.dz\/index.php\/wp-json\/wp\/v2\/posts\/60958\/revisions"}],"predecessor-version":[{"id":60959,"href":"https:\/\/lasentinelle.dz\/index.php\/wp-json\/wp\/v2\/posts\/60958\/revisions\/60959"}],"wp:featuredmedia":[{"embeddable":true,"href":"https:\/\/lasentinelle.dz\/index.php\/wp-json\/wp\/v2\/media\/54967"}],"wp:attachment":[{"href":"https:\/\/lasentinelle.dz\/index.php\/wp-json\/wp\/v2\/media?parent=60958"}],"wp:term":[{"taxonomy":"category","embeddable":true,"href":"https:\/\/lasentinelle.dz\/index.php\/wp-json\/wp\/v2\/categories?post=60958"},{"taxonomy":"post_tag","embeddable":true,"href":"https:\/\/lasentinelle.dz\/index.php\/wp-json\/wp\/v2\/tags?post=60958"}],"curies":[{"name":"wp","href":"https:\/\/api.w.org\/{rel}","templated":true}]}}