{"id":60997,"date":"2024-12-26T12:20:10","date_gmt":"2024-12-26T11:20:10","guid":{"rendered":"https:\/\/lasentinelle.dz\/?p=60997"},"modified":"2024-12-28T12:21:31","modified_gmt":"2024-12-28T11:21:31","slug":"avant-theatre-presente-au-17e-fntp-loeuvre-de-kaki-revisitee","status":"publish","type":"post","link":"https:\/\/lasentinelle.dz\/index.php\/2024\/12\/26\/avant-theatre-presente-au-17e-fntp-loeuvre-de-kaki-revisitee\/","title":{"rendered":"\u00ab\u00a0Avant th\u00e9\u00e2tre\u00a0\u00bb pr\u00e9sent\u00e9 au 17e FNTP: L\u2019\u0153uvre de Kaki revisit\u00e9e"},"content":{"rendered":"\n<p>Le festival pr\u00e9sente 19 spectacles en comp\u00e9tition, auxquels s&rsquo;ajoutent plusieurs repr\u00e9sentations hors comp\u00e9tition r\u00e9parties entre la salle Hadj-Omar du Th\u00e9\u00e2tre National Alg\u00e9rien, le Th\u00e9\u00e2tre municipal d&rsquo;Alger-centre et la Place Mohamed-Touri.<\/p>\n\n\n\n<p>Le Festival national du th\u00e9\u00e2tre professionnel (FNTP) d&rsquo;Alger a accueilli mardi une proposition artistique audacieuse avec la pr\u00e9sentation en comp\u00e9tition officielle du spectacle \u00ab\u00a0Avant th\u00e9\u00e2tre\u00a0\u00bb. Cette cr\u00e9ation singuli\u00e8re, port\u00e9e par l&rsquo;Association \u00ab\u00a0Kartina\u00a0\u00bb de Mostaganem sous la direction de Sa\u00efd Zakaria, propose une relecture contemporaine du texte \u00e9ponyme d&rsquo;Ould Abderrahmane Kaki, figure majeure du th\u00e9\u00e2tre alg\u00e9rien du XXe si\u00e8cle. L&rsquo;\u0153uvre originale, \u00e9crite pendant la guerre d&rsquo;ind\u00e9pendance par Kaki (1934-1995), s&rsquo;inscrit dans la tradition du th\u00e9\u00e2tre de l&rsquo;absurde tout en portant un regard ac\u00e9r\u00e9 sur les souffrances du peuple alg\u00e9rien durant la p\u00e9riode coloniale. La mise en sc\u00e8ne actuelle fait le pari radical d&rsquo;une adaptation sans paroles, d&rsquo;une dur\u00e9e de 98 minutes, structur\u00e9e en trois actes : \u00ab\u00a0le voyage\u00a0\u00bb, \u00ab\u00a0le filet\u00a0\u00bb et \u00ab\u00a0la cabane\u00a0\u00bb. Cette tripartition permet d&rsquo;explorer les tourments existentiels de l&rsquo;individu, ses questionnements moraux et sa qu\u00eate permanente de beaut\u00e9 et d&rsquo;amour.<\/p>\n\n\n\n<p>Le metteur en sc\u00e8ne Sa\u00efd Zakaria reconna\u00eet la difficult\u00e9 du d\u00e9fi relev\u00e9 par sa troupe amateur : donner corps \u00e0 un texte d\u00e9pourvu de trame narrative traditionnelle. Pour y parvenir, la production s&rsquo;appuie sur un remarquable travail chor\u00e9graphique sign\u00e9 Abdelouahab Tarek. Les mouvements des com\u00e9diens trouvent leur prolongement naturel dans la partition musicale compos\u00e9e par Mohamed Nazim Bennouh, interpr\u00e9t\u00e9e en direct sur sc\u00e8ne et enrichie d&rsquo;une bande son diffus\u00e9e en coulisse. Cette cr\u00e9ation sonore participe pleinement \u00e0 la dramaturgie en soulignant les \u00e9tats \u00e9motionnels des personnages et en sculptant les atmosph\u00e8res successives.<\/p>\n\n\n\n<p>La sc\u00e9nographie \u00e9labor\u00e9e par Said Yacine t\u00e9moigne d&rsquo;une grande ma\u00eetrise dans l&rsquo;articulation des diff\u00e9rents \u00e9l\u00e9ments sc\u00e9niques. Le traitement subtil de la lumi\u00e8re, alternant entre \u00e9clats vifs et ambiances feutr\u00e9es, contribue \u00e0 la caract\u00e9risation des personnages et au modelage de leurs singularit\u00e9s. L&rsquo;ensemble compose une succession de tableaux o\u00f9 corps, musique, espace et lumi\u00e8re se r\u00e9pondent avec justesse.<\/p>\n\n\n\n<p>Cette proposition s&rsquo;inscrit dans la programmation ambitieuse de la 17e \u00e9dition du FNTP, qui se d\u00e9roule jusqu&rsquo;au 30 d\u00e9cembre. Le festival pr\u00e9sente 19 spectacles en comp\u00e9tition, auxquels s&rsquo;ajoutent plusieurs repr\u00e9sentations hors comp\u00e9tition r\u00e9parties entre la salle Hadj-Omar du Th\u00e9\u00e2tre National Alg\u00e9rien, le Th\u00e9\u00e2tre municipal d&rsquo;Alger-centre et la Place Mohamed-Touri. \u00ab\u00a0Avant th\u00e9\u00e2tre\u00a0\u00bb illustre parfaitement la vitalit\u00e9 de la cr\u00e9ation th\u00e9\u00e2trale alg\u00e9rienne contemporaine, capable de revisiter son patrimoine dramatique tout en explorant des formes d&rsquo;expression novatrices.<\/p>\n\n\n\n<p>Mohand Seghir<\/p>\n","protected":false},"excerpt":{"rendered":"<p>Le festival pr\u00e9sente 19 spectacles en comp\u00e9tition, auxquels s&rsquo;ajoutent plusieurs repr\u00e9sentations hors comp\u00e9tition r\u00e9parties entre la salle Hadj-Omar du Th\u00e9\u00e2tre<\/p>\n","protected":false},"author":6,"featured_media":60998,"comment_status":"open","ping_status":"closed","sticky":false,"template":"","format":"standard","meta":{"colormag_page_container_layout":"default_layout","colormag_page_sidebar_layout":"default_layout","om_disable_all_campaigns":false,"_monsterinsights_skip_tracking":false,"_monsterinsights_sitenote_active":false,"_monsterinsights_sitenote_note":"","_monsterinsights_sitenote_category":0,"footnotes":"","_wpscppro_dont_share_socialmedia":false,"_wpscppro_custom_social_share_image":0,"_facebook_share_type":"default","_twitter_share_type":"default","_linkedin_share_type":"default","_pinterest_share_type":"default","_linkedin_share_type_page":"","_instagram_share_type":"default","_medium_share_type":"default","_threads_share_type":"","_google_business_share_type":"","_selected_social_profile":[],"_wpsp_enable_custom_social_template":false,"_wpsp_social_scheduling":{"enabled":false,"datetime":null,"platforms":[],"status":"template_only","dateOption":"today","timeOption":"now","customDays":"","customHours":"","customDate":"","customTime":"","schedulingType":"absolute"},"_wpsp_active_default_template":true},"categories":[36],"tags":[],"class_list":["post-60997","post","type-post","status-publish","format-standard","has-post-thumbnail","hentry","category-culture"],"aioseo_notices":[],"yoast_head":"<!-- This site is optimized with the Yoast SEO plugin v27.5 - https:\/\/yoast.com\/product\/yoast-seo-wordpress\/ -->\n<title>\u00ab\u00a0Avant th\u00e9\u00e2tre\u00a0\u00bb pr\u00e9sent\u00e9 au 17e FNTP: L\u2019\u0153uvre de Kaki revisit\u00e9e - La Sentinelle<\/title>\n<meta name=\"robots\" content=\"index, follow, max-snippet:-1, max-image-preview:large, max-video-preview:-1\" \/>\n<link rel=\"canonical\" href=\"https:\/\/lasentinelle.dz\/index.php\/2024\/12\/26\/avant-theatre-presente-au-17e-fntp-loeuvre-de-kaki-revisitee\/\" \/>\n<meta property=\"og:locale\" content=\"fr_FR\" \/>\n<meta property=\"og:type\" content=\"article\" \/>\n<meta property=\"og:title\" content=\"\u00ab\u00a0Avant th\u00e9\u00e2tre\u00a0\u00bb pr\u00e9sent\u00e9 au 17e FNTP: L\u2019\u0153uvre de Kaki revisit\u00e9e - La Sentinelle\" \/>\n<meta property=\"og:description\" content=\"Le festival pr\u00e9sente 19 spectacles en comp\u00e9tition, auxquels s&rsquo;ajoutent plusieurs repr\u00e9sentations hors comp\u00e9tition r\u00e9parties entre la salle Hadj-Omar du Th\u00e9\u00e2tre\" \/>\n<meta property=\"og:url\" content=\"https:\/\/lasentinelle.dz\/index.php\/2024\/12\/26\/avant-theatre-presente-au-17e-fntp-loeuvre-de-kaki-revisitee\/\" \/>\n<meta property=\"og:site_name\" content=\"La Sentinelle\" \/>\n<meta property=\"article:publisher\" content=\"https:\/\/www.facebook.com\/La-Sentinelle-104059864394773\" \/>\n<meta property=\"article:published_time\" content=\"2024-12-26T11:20:10+00:00\" \/>\n<meta property=\"article:modified_time\" content=\"2024-12-28T11:21:31+00:00\" \/>\n<meta property=\"og:image\" content=\"https:\/\/lasentinelle.dz\/wp-content\/uploads\/2024\/12\/Piece-1.jpeg\" \/>\n\t<meta property=\"og:image:width\" content=\"960\" \/>\n\t<meta property=\"og:image:height\" content=\"639\" \/>\n\t<meta property=\"og:image:type\" content=\"image\/jpeg\" \/>\n<meta name=\"author\" content=\"admin\" \/>\n<meta name=\"twitter:card\" content=\"summary_large_image\" \/>\n<meta name=\"twitter:label1\" content=\"\u00c9crit par\" \/>\n\t<meta name=\"twitter:data1\" content=\"admin\" \/>\n\t<meta name=\"twitter:label2\" content=\"Dur\u00e9e de lecture estim\u00e9e\" \/>\n\t<meta name=\"twitter:data2\" content=\"3 minutes\" \/>\n<script type=\"application\/ld+json\" class=\"yoast-schema-graph\">{\"@context\":\"https:\\\/\\\/schema.org\",\"@graph\":[{\"@type\":\"Article\",\"@id\":\"https:\\\/\\\/lasentinelle.dz\\\/index.php\\\/2024\\\/12\\\/26\\\/avant-theatre-presente-au-17e-fntp-loeuvre-de-kaki-revisitee\\\/#article\",\"isPartOf\":{\"@id\":\"https:\\\/\\\/lasentinelle.dz\\\/index.php\\\/2024\\\/12\\\/26\\\/avant-theatre-presente-au-17e-fntp-loeuvre-de-kaki-revisitee\\\/\"},\"author\":{\"name\":\"admin\",\"@id\":\"https:\\\/\\\/lasentinelle.dz\\\/#\\\/schema\\\/person\\\/729ee0024f24e0b8c5ec17232f8e8b41\"},\"headline\":\"\u00ab\u00a0Avant th\u00e9\u00e2tre\u00a0\u00bb pr\u00e9sent\u00e9 au 17e FNTP: L\u2019\u0153uvre de Kaki revisit\u00e9e\",\"datePublished\":\"2024-12-26T11:20:10+00:00\",\"dateModified\":\"2024-12-28T11:21:31+00:00\",\"mainEntityOfPage\":{\"@id\":\"https:\\\/\\\/lasentinelle.dz\\\/index.php\\\/2024\\\/12\\\/26\\\/avant-theatre-presente-au-17e-fntp-loeuvre-de-kaki-revisitee\\\/\"},\"wordCount\":495,\"commentCount\":0,\"publisher\":{\"@id\":\"https:\\\/\\\/lasentinelle.dz\\\/#organization\"},\"image\":{\"@id\":\"https:\\\/\\\/lasentinelle.dz\\\/index.php\\\/2024\\\/12\\\/26\\\/avant-theatre-presente-au-17e-fntp-loeuvre-de-kaki-revisitee\\\/#primaryimage\"},\"thumbnailUrl\":\"https:\\\/\\\/lasentinelle.dz\\\/wp-content\\\/uploads\\\/2024\\\/12\\\/Piece-1.jpeg\",\"articleSection\":[\"Culture\"],\"inLanguage\":\"fr-FR\",\"potentialAction\":[{\"@type\":\"CommentAction\",\"name\":\"Comment\",\"target\":[\"https:\\\/\\\/lasentinelle.dz\\\/index.php\\\/2024\\\/12\\\/26\\\/avant-theatre-presente-au-17e-fntp-loeuvre-de-kaki-revisitee\\\/#respond\"]}]},{\"@type\":\"WebPage\",\"@id\":\"https:\\\/\\\/lasentinelle.dz\\\/index.php\\\/2024\\\/12\\\/26\\\/avant-theatre-presente-au-17e-fntp-loeuvre-de-kaki-revisitee\\\/\",\"url\":\"https:\\\/\\\/lasentinelle.dz\\\/index.php\\\/2024\\\/12\\\/26\\\/avant-theatre-presente-au-17e-fntp-loeuvre-de-kaki-revisitee\\\/\",\"name\":\"\u00ab\u00a0Avant th\u00e9\u00e2tre\u00a0\u00bb pr\u00e9sent\u00e9 au 17e FNTP: L\u2019\u0153uvre de Kaki revisit\u00e9e - La Sentinelle\",\"isPartOf\":{\"@id\":\"https:\\\/\\\/lasentinelle.dz\\\/#website\"},\"primaryImageOfPage\":{\"@id\":\"https:\\\/\\\/lasentinelle.dz\\\/index.php\\\/2024\\\/12\\\/26\\\/avant-theatre-presente-au-17e-fntp-loeuvre-de-kaki-revisitee\\\/#primaryimage\"},\"image\":{\"@id\":\"https:\\\/\\\/lasentinelle.dz\\\/index.php\\\/2024\\\/12\\\/26\\\/avant-theatre-presente-au-17e-fntp-loeuvre-de-kaki-revisitee\\\/#primaryimage\"},\"thumbnailUrl\":\"https:\\\/\\\/lasentinelle.dz\\\/wp-content\\\/uploads\\\/2024\\\/12\\\/Piece-1.jpeg\",\"datePublished\":\"2024-12-26T11:20:10+00:00\",\"dateModified\":\"2024-12-28T11:21:31+00:00\",\"breadcrumb\":{\"@id\":\"https:\\\/\\\/lasentinelle.dz\\\/index.php\\\/2024\\\/12\\\/26\\\/avant-theatre-presente-au-17e-fntp-loeuvre-de-kaki-revisitee\\\/#breadcrumb\"},\"inLanguage\":\"fr-FR\",\"potentialAction\":[{\"@type\":\"ReadAction\",\"target\":[\"https:\\\/\\\/lasentinelle.dz\\\/index.php\\\/2024\\\/12\\\/26\\\/avant-theatre-presente-au-17e-fntp-loeuvre-de-kaki-revisitee\\\/\"]}]},{\"@type\":\"ImageObject\",\"inLanguage\":\"fr-FR\",\"@id\":\"https:\\\/\\\/lasentinelle.dz\\\/index.php\\\/2024\\\/12\\\/26\\\/avant-theatre-presente-au-17e-fntp-loeuvre-de-kaki-revisitee\\\/#primaryimage\",\"url\":\"https:\\\/\\\/lasentinelle.dz\\\/wp-content\\\/uploads\\\/2024\\\/12\\\/Piece-1.jpeg\",\"contentUrl\":\"https:\\\/\\\/lasentinelle.dz\\\/wp-content\\\/uploads\\\/2024\\\/12\\\/Piece-1.jpeg\",\"width\":960,\"height\":639},{\"@type\":\"BreadcrumbList\",\"@id\":\"https:\\\/\\\/lasentinelle.dz\\\/index.php\\\/2024\\\/12\\\/26\\\/avant-theatre-presente-au-17e-fntp-loeuvre-de-kaki-revisitee\\\/#breadcrumb\",\"itemListElement\":[{\"@type\":\"ListItem\",\"position\":1,\"name\":\"Accueil\",\"item\":\"https:\\\/\\\/lasentinelle.dz\\\/\"},{\"@type\":\"ListItem\",\"position\":2,\"name\":\"\u00ab\u00a0Avant th\u00e9\u00e2tre\u00a0\u00bb pr\u00e9sent\u00e9 au 17e FNTP: L\u2019\u0153uvre de Kaki revisit\u00e9e\"}]},{\"@type\":\"WebSite\",\"@id\":\"https:\\\/\\\/lasentinelle.dz\\\/#website\",\"url\":\"https:\\\/\\\/lasentinelle.dz\\\/\",\"name\":\"La Sentinelle\",\"description\":\"Quotidien national d&#039;information\",\"publisher\":{\"@id\":\"https:\\\/\\\/lasentinelle.dz\\\/#organization\"},\"potentialAction\":[{\"@type\":\"SearchAction\",\"target\":{\"@type\":\"EntryPoint\",\"urlTemplate\":\"https:\\\/\\\/lasentinelle.dz\\\/?s={search_term_string}\"},\"query-input\":{\"@type\":\"PropertyValueSpecification\",\"valueRequired\":true,\"valueName\":\"search_term_string\"}}],\"inLanguage\":\"fr-FR\"},{\"@type\":\"Organization\",\"@id\":\"https:\\\/\\\/lasentinelle.dz\\\/#organization\",\"name\":\"Quotidien La Sentinelle\",\"url\":\"https:\\\/\\\/lasentinelle.dz\\\/\",\"logo\":{\"@type\":\"ImageObject\",\"inLanguage\":\"fr-FR\",\"@id\":\"https:\\\/\\\/lasentinelle.dz\\\/#\\\/schema\\\/logo\\\/image\\\/\",\"url\":\"https:\\\/\\\/lasentinelle.dz\\\/wp-content\\\/uploads\\\/2021\\\/09\\\/logo-sentinelleSLOGAN-1.png\",\"contentUrl\":\"https:\\\/\\\/lasentinelle.dz\\\/wp-content\\\/uploads\\\/2021\\\/09\\\/logo-sentinelleSLOGAN-1.png\",\"width\":615,\"height\":142,\"caption\":\"Quotidien La Sentinelle\"},\"image\":{\"@id\":\"https:\\\/\\\/lasentinelle.dz\\\/#\\\/schema\\\/logo\\\/image\\\/\"},\"sameAs\":[\"https:\\\/\\\/www.facebook.com\\\/La-Sentinelle-104059864394773\"]},{\"@type\":\"Person\",\"@id\":\"https:\\\/\\\/lasentinelle.dz\\\/#\\\/schema\\\/person\\\/729ee0024f24e0b8c5ec17232f8e8b41\",\"name\":\"admin\",\"image\":{\"@type\":\"ImageObject\",\"inLanguage\":\"fr-FR\",\"@id\":\"https:\\\/\\\/secure.gravatar.com\\\/avatar\\\/4c81fed838786e9b53f540bf46533e750f5d292099ae3b66cfc6fb1982e29df7?s=96&d=mm&r=g\",\"url\":\"https:\\\/\\\/secure.gravatar.com\\\/avatar\\\/4c81fed838786e9b53f540bf46533e750f5d292099ae3b66cfc6fb1982e29df7?s=96&d=mm&r=g\",\"contentUrl\":\"https:\\\/\\\/secure.gravatar.com\\\/avatar\\\/4c81fed838786e9b53f540bf46533e750f5d292099ae3b66cfc6fb1982e29df7?s=96&d=mm&r=g\",\"caption\":\"admin\"},\"description\":\"admin\",\"url\":\"https:\\\/\\\/lasentinelle.dz\\\/author\\\/admin\\\/\"}]}<\/script>\n<!-- \/ Yoast SEO plugin. -->","yoast_head_json":{"title":"\u00ab\u00a0Avant th\u00e9\u00e2tre\u00a0\u00bb pr\u00e9sent\u00e9 au 17e FNTP: L\u2019\u0153uvre de Kaki revisit\u00e9e - La Sentinelle","robots":{"index":"index","follow":"follow","max-snippet":"max-snippet:-1","max-image-preview":"max-image-preview:large","max-video-preview":"max-video-preview:-1"},"canonical":"https:\/\/lasentinelle.dz\/index.php\/2024\/12\/26\/avant-theatre-presente-au-17e-fntp-loeuvre-de-kaki-revisitee\/","og_locale":"fr_FR","og_type":"article","og_title":"\u00ab\u00a0Avant th\u00e9\u00e2tre\u00a0\u00bb pr\u00e9sent\u00e9 au 17e FNTP: L\u2019\u0153uvre de Kaki revisit\u00e9e - La Sentinelle","og_description":"Le festival pr\u00e9sente 19 spectacles en comp\u00e9tition, auxquels s&rsquo;ajoutent plusieurs repr\u00e9sentations hors comp\u00e9tition r\u00e9parties entre la salle Hadj-Omar du Th\u00e9\u00e2tre","og_url":"https:\/\/lasentinelle.dz\/index.php\/2024\/12\/26\/avant-theatre-presente-au-17e-fntp-loeuvre-de-kaki-revisitee\/","og_site_name":"La Sentinelle","article_publisher":"https:\/\/www.facebook.com\/La-Sentinelle-104059864394773","article_published_time":"2024-12-26T11:20:10+00:00","article_modified_time":"2024-12-28T11:21:31+00:00","og_image":[{"width":960,"height":639,"url":"https:\/\/lasentinelle.dz\/wp-content\/uploads\/2024\/12\/Piece-1.jpeg","type":"image\/jpeg"}],"author":"admin","twitter_card":"summary_large_image","twitter_misc":{"\u00c9crit par":"admin","Dur\u00e9e de lecture estim\u00e9e":"3 minutes"},"schema":{"@context":"https:\/\/schema.org","@graph":[{"@type":"Article","@id":"https:\/\/lasentinelle.dz\/index.php\/2024\/12\/26\/avant-theatre-presente-au-17e-fntp-loeuvre-de-kaki-revisitee\/#article","isPartOf":{"@id":"https:\/\/lasentinelle.dz\/index.php\/2024\/12\/26\/avant-theatre-presente-au-17e-fntp-loeuvre-de-kaki-revisitee\/"},"author":{"name":"admin","@id":"https:\/\/lasentinelle.dz\/#\/schema\/person\/729ee0024f24e0b8c5ec17232f8e8b41"},"headline":"\u00ab\u00a0Avant th\u00e9\u00e2tre\u00a0\u00bb pr\u00e9sent\u00e9 au 17e FNTP: L\u2019\u0153uvre de Kaki revisit\u00e9e","datePublished":"2024-12-26T11:20:10+00:00","dateModified":"2024-12-28T11:21:31+00:00","mainEntityOfPage":{"@id":"https:\/\/lasentinelle.dz\/index.php\/2024\/12\/26\/avant-theatre-presente-au-17e-fntp-loeuvre-de-kaki-revisitee\/"},"wordCount":495,"commentCount":0,"publisher":{"@id":"https:\/\/lasentinelle.dz\/#organization"},"image":{"@id":"https:\/\/lasentinelle.dz\/index.php\/2024\/12\/26\/avant-theatre-presente-au-17e-fntp-loeuvre-de-kaki-revisitee\/#primaryimage"},"thumbnailUrl":"https:\/\/lasentinelle.dz\/wp-content\/uploads\/2024\/12\/Piece-1.jpeg","articleSection":["Culture"],"inLanguage":"fr-FR","potentialAction":[{"@type":"CommentAction","name":"Comment","target":["https:\/\/lasentinelle.dz\/index.php\/2024\/12\/26\/avant-theatre-presente-au-17e-fntp-loeuvre-de-kaki-revisitee\/#respond"]}]},{"@type":"WebPage","@id":"https:\/\/lasentinelle.dz\/index.php\/2024\/12\/26\/avant-theatre-presente-au-17e-fntp-loeuvre-de-kaki-revisitee\/","url":"https:\/\/lasentinelle.dz\/index.php\/2024\/12\/26\/avant-theatre-presente-au-17e-fntp-loeuvre-de-kaki-revisitee\/","name":"\u00ab\u00a0Avant th\u00e9\u00e2tre\u00a0\u00bb pr\u00e9sent\u00e9 au 17e FNTP: L\u2019\u0153uvre de Kaki revisit\u00e9e - La Sentinelle","isPartOf":{"@id":"https:\/\/lasentinelle.dz\/#website"},"primaryImageOfPage":{"@id":"https:\/\/lasentinelle.dz\/index.php\/2024\/12\/26\/avant-theatre-presente-au-17e-fntp-loeuvre-de-kaki-revisitee\/#primaryimage"},"image":{"@id":"https:\/\/lasentinelle.dz\/index.php\/2024\/12\/26\/avant-theatre-presente-au-17e-fntp-loeuvre-de-kaki-revisitee\/#primaryimage"},"thumbnailUrl":"https:\/\/lasentinelle.dz\/wp-content\/uploads\/2024\/12\/Piece-1.jpeg","datePublished":"2024-12-26T11:20:10+00:00","dateModified":"2024-12-28T11:21:31+00:00","breadcrumb":{"@id":"https:\/\/lasentinelle.dz\/index.php\/2024\/12\/26\/avant-theatre-presente-au-17e-fntp-loeuvre-de-kaki-revisitee\/#breadcrumb"},"inLanguage":"fr-FR","potentialAction":[{"@type":"ReadAction","target":["https:\/\/lasentinelle.dz\/index.php\/2024\/12\/26\/avant-theatre-presente-au-17e-fntp-loeuvre-de-kaki-revisitee\/"]}]},{"@type":"ImageObject","inLanguage":"fr-FR","@id":"https:\/\/lasentinelle.dz\/index.php\/2024\/12\/26\/avant-theatre-presente-au-17e-fntp-loeuvre-de-kaki-revisitee\/#primaryimage","url":"https:\/\/lasentinelle.dz\/wp-content\/uploads\/2024\/12\/Piece-1.jpeg","contentUrl":"https:\/\/lasentinelle.dz\/wp-content\/uploads\/2024\/12\/Piece-1.jpeg","width":960,"height":639},{"@type":"BreadcrumbList","@id":"https:\/\/lasentinelle.dz\/index.php\/2024\/12\/26\/avant-theatre-presente-au-17e-fntp-loeuvre-de-kaki-revisitee\/#breadcrumb","itemListElement":[{"@type":"ListItem","position":1,"name":"Accueil","item":"https:\/\/lasentinelle.dz\/"},{"@type":"ListItem","position":2,"name":"\u00ab\u00a0Avant th\u00e9\u00e2tre\u00a0\u00bb pr\u00e9sent\u00e9 au 17e FNTP: L\u2019\u0153uvre de Kaki revisit\u00e9e"}]},{"@type":"WebSite","@id":"https:\/\/lasentinelle.dz\/#website","url":"https:\/\/lasentinelle.dz\/","name":"La Sentinelle","description":"Quotidien national d&#039;information","publisher":{"@id":"https:\/\/lasentinelle.dz\/#organization"},"potentialAction":[{"@type":"SearchAction","target":{"@type":"EntryPoint","urlTemplate":"https:\/\/lasentinelle.dz\/?s={search_term_string}"},"query-input":{"@type":"PropertyValueSpecification","valueRequired":true,"valueName":"search_term_string"}}],"inLanguage":"fr-FR"},{"@type":"Organization","@id":"https:\/\/lasentinelle.dz\/#organization","name":"Quotidien La Sentinelle","url":"https:\/\/lasentinelle.dz\/","logo":{"@type":"ImageObject","inLanguage":"fr-FR","@id":"https:\/\/lasentinelle.dz\/#\/schema\/logo\/image\/","url":"https:\/\/lasentinelle.dz\/wp-content\/uploads\/2021\/09\/logo-sentinelleSLOGAN-1.png","contentUrl":"https:\/\/lasentinelle.dz\/wp-content\/uploads\/2021\/09\/logo-sentinelleSLOGAN-1.png","width":615,"height":142,"caption":"Quotidien La Sentinelle"},"image":{"@id":"https:\/\/lasentinelle.dz\/#\/schema\/logo\/image\/"},"sameAs":["https:\/\/www.facebook.com\/La-Sentinelle-104059864394773"]},{"@type":"Person","@id":"https:\/\/lasentinelle.dz\/#\/schema\/person\/729ee0024f24e0b8c5ec17232f8e8b41","name":"admin","image":{"@type":"ImageObject","inLanguage":"fr-FR","@id":"https:\/\/secure.gravatar.com\/avatar\/4c81fed838786e9b53f540bf46533e750f5d292099ae3b66cfc6fb1982e29df7?s=96&d=mm&r=g","url":"https:\/\/secure.gravatar.com\/avatar\/4c81fed838786e9b53f540bf46533e750f5d292099ae3b66cfc6fb1982e29df7?s=96&d=mm&r=g","contentUrl":"https:\/\/secure.gravatar.com\/avatar\/4c81fed838786e9b53f540bf46533e750f5d292099ae3b66cfc6fb1982e29df7?s=96&d=mm&r=g","caption":"admin"},"description":"admin","url":"https:\/\/lasentinelle.dz\/author\/admin\/"}]}},"_links":{"self":[{"href":"https:\/\/lasentinelle.dz\/index.php\/wp-json\/wp\/v2\/posts\/60997","targetHints":{"allow":["GET"]}}],"collection":[{"href":"https:\/\/lasentinelle.dz\/index.php\/wp-json\/wp\/v2\/posts"}],"about":[{"href":"https:\/\/lasentinelle.dz\/index.php\/wp-json\/wp\/v2\/types\/post"}],"author":[{"embeddable":true,"href":"https:\/\/lasentinelle.dz\/index.php\/wp-json\/wp\/v2\/users\/6"}],"replies":[{"embeddable":true,"href":"https:\/\/lasentinelle.dz\/index.php\/wp-json\/wp\/v2\/comments?post=60997"}],"version-history":[{"count":2,"href":"https:\/\/lasentinelle.dz\/index.php\/wp-json\/wp\/v2\/posts\/60997\/revisions"}],"predecessor-version":[{"id":61000,"href":"https:\/\/lasentinelle.dz\/index.php\/wp-json\/wp\/v2\/posts\/60997\/revisions\/61000"}],"wp:featuredmedia":[{"embeddable":true,"href":"https:\/\/lasentinelle.dz\/index.php\/wp-json\/wp\/v2\/media\/60998"}],"wp:attachment":[{"href":"https:\/\/lasentinelle.dz\/index.php\/wp-json\/wp\/v2\/media?parent=60997"}],"wp:term":[{"taxonomy":"category","embeddable":true,"href":"https:\/\/lasentinelle.dz\/index.php\/wp-json\/wp\/v2\/categories?post=60997"},{"taxonomy":"post_tag","embeddable":true,"href":"https:\/\/lasentinelle.dz\/index.php\/wp-json\/wp\/v2\/tags?post=60997"}],"curies":[{"name":"wp","href":"https:\/\/api.w.org\/{rel}","templated":true}]}}