{"id":6103,"date":"2021-09-01T00:05:00","date_gmt":"2021-08-31T23:05:00","guid":{"rendered":"https:\/\/lasentinelle.dz\/?p=6103"},"modified":"2021-08-31T19:58:50","modified_gmt":"2021-08-31T18:58:50","slug":"secteur-du-travail-et-de-la-securite-sociale-des-mesures-exceptionnelles-au-profit-des-employeurs-2","status":"publish","type":"post","link":"https:\/\/lasentinelle.dz\/index.php\/2021\/09\/01\/secteur-du-travail-et-de-la-securite-sociale-des-mesures-exceptionnelles-au-profit-des-employeurs-2\/","title":{"rendered":"Secteur du travail et de la s\u00e9curit\u00e9 sociale : Des mesures exceptionnelles au profit des employeurs"},"content":{"rendered":"\n<p>Le Pr\u00e9sident de la R\u00e9publique, Abdelamdjid Tebboune a sign\u00e9, le 25 ao\u00fbt dernier, une ordonnance pr\u00e9sidentielle relative aux mesures exceptionnelles au profit des employeurs et des personnes non salari\u00e9s exer\u00e7ant une activit\u00e9 pour leur propre compte, redevable en mati\u00e8re de cotisations de s\u00e9curit\u00e9 sociale.<\/p>\n\n\n\n<p>Cette ordonnance publi\u00e9e dans le num\u00e9ro 65 du Journal officiel pr\u00e9voit des mesures de facilitation au profit des employeurs et des commer\u00e7ants qui ont rencontr\u00e9 des difficult\u00e9s pour le paiement de leurs cotisations de s\u00e9curit\u00e9 sociale. Ces mesures permettront, selon ce texte, aux contribuables redevables envers les caisses de la s\u00e9curit\u00e9 sociale de r\u00e9gulariser leur situation en b\u00e9n\u00e9ficiant du paiement \u00e9chelonn\u00e9 des cotisations principales en contrepartie de l&rsquo;exon\u00e9ration totale des majorations et p\u00e9nalit\u00e9s de retard jusqu&rsquo;au 31 janvier 2022.Ellespermettront, \u00e9galement, au secteur du travail de renforcer davantage \u00ab\u00a0sa politique de promotion de l&#8217;emploi et la pr\u00e9servation des emplois acquis \u00e0 travers le r\u00e9-octroi des avantages pr\u00e9vus dans le cadre \u00ab\u00a0des mesures incitatives \u00e0 l&rsquo;aide et la promotion de l&#8217;emploi par la r\u00e9duction des taux de cotisations de la s\u00e9curit\u00e9 sociale en plus du b\u00e9n\u00e9fice des mesures relatives \u00e0 l&rsquo;exon\u00e9ration des majorations et p\u00e9nalit\u00e9 de retard\u00a0\u00bb. Ceci dit, les dites mesures toucheront notamment \u00ab\u00a0153 458 employeurs actifs affili\u00e9s \u00e0 la Caisse nationale des assurances sociales des travailleurs salari\u00e9s (CNAS) et plus de 589 426 employeurs actifs affili\u00e9s \u00e0 la caisse nationale des assurances sociales des travailleurs non-salari\u00e9s (CASNOS) ainsi que 17 668 employeurs affili\u00e9s \u00e0 la caisse d&rsquo;assurance des cong\u00e9s , ch\u00f4mage et intemp\u00e9ries dans les secteurs de la construction, des travaux publics et de l&rsquo;hydraulique (CACOBATPH). Elles s&rsquo;inscrivent, par ailleurs, dans les mesures de facilitation accord\u00e9es par l&rsquo;Etat aux op\u00e9rateurs et entreprises \u00e9conomiques publiques et priv\u00e9es afin de relancer l&rsquo;activit\u00e9 \u00e9conomique ax\u00e9e sur \u00ab\u00a0les grands \u00e9quilibres socio-\u00e9conomiques et le seul garant pour la pr\u00e9servation de l&#8217;emploi et la cr\u00e9ation de la richesse qui m\u00e8nera vers une redynamisationdu march\u00e9 de l&#8217;emploi et la r\u00e9duction du taux de ch\u00f4mage\u00a0\u00bb.Ces mesures exceptionnelles b\u00e9n\u00e9ficieront aux employeurs et les personnes non-salari\u00e9s exer\u00e7ant une activit\u00e9 pour leur propre compte notamment ceux qui rencontrent des difficult\u00e9s pour r\u00e9gulariser leurs situationet honorer leurs engagements envers la s\u00e9curit\u00e9 sociale.Aussi, les op\u00e9rateurs \u00e9conomiques concern\u00e9s peuvent b\u00e9n\u00e9ficier d&rsquo;un \u00e9ch\u00e9ancier de paiement des cotisationsprincipales avec une exon\u00e9ration totale des majorations et p\u00e9nalit\u00e9s de retard lors du payement de la derni\u00e8re \u00e9ch\u00e9ance.<\/p>\n\n\n\n<p>Afin de b\u00e9n\u00e9ficier de ces dispositions, l&#8217;employeur ou la personne non-salari\u00e9e doit payer l&rsquo;encours de la cotisation de s\u00e9curit\u00e9 sociale et l&rsquo;introduction d&rsquo;une demande d&rsquo;\u00e9ch\u00e9ancier de payementdes cotisations ant\u00e9rieures.<\/p>\n\n\n\n<p>Les employeurs redevables envers la Caisse Nationale d&rsquo;Assurances Sociales des Travailleurs Salari\u00e9s (CNAS) b\u00e9n\u00e9ficieront d&rsquo;une r\u00e9duction de la quote-part patronale dans les cotisations de s\u00e9curit\u00e9 sociale et ce, dans le cadre des dispositions incitatives sp\u00e9cifiques pour la promotion et le soutien \u00e0 l&#8217;emploi. Ces mesures exceptionnelles sont dict\u00e9es essentiellement par la conjoncture socio-\u00e9conomique qu&rsquo;a travers\u00e9 notre pays, impr\u00e9gn\u00e9e par la propagation de la pand\u00e9mie du Covid-19, qui a engendr\u00e9 des effets directs sur la vie des citoyens et les acteurs \u00e9conomiques \u00e0 travers une perte consid\u00e9rable de postes d&#8217;emploi dans certains secteurs et l&rsquo;arr\u00eat de certaines activit\u00e9s commerciales suite au ralentissement de l&rsquo;\u00e9conomie nationale. Cette situation exceptionnelle a entrain\u00e9e, selon nos sources, des d\u00e9s\u00e9quilibres importants entre les revenus et les charges impos\u00e9es aux entreprises et aux op\u00e9rateurs \u00e9conomiques. Ces d\u00e9s\u00e9quilibres financiers ont engendr\u00e9 essentiellement des difficult\u00e9s pour honorer les engagements parafiscaux de ces entreprises envers les caisses de s\u00e9curit\u00e9 sociale aussi bien les cotisations principales que les p\u00e9nalit\u00e9s de retard, aggravant leur situation financi\u00e8re, ajoutent nos sources.<\/p>\n\n\n\n<p><strong>Fai\u00e7al Bedjaoui<\/strong><\/p>\n","protected":false},"excerpt":{"rendered":"<p>Le Pr\u00e9sident de la R\u00e9publique, Abdelamdjid Tebboune a sign\u00e9, le 25 ao\u00fbt dernier, une ordonnance pr\u00e9sidentielle relative aux mesures exceptionnelles<\/p>\n","protected":false},"author":3,"featured_media":6126,"comment_status":"open","ping_status":"closed","sticky":false,"template":"","format":"standard","meta":{"colormag_page_container_layout":"default_layout","colormag_page_sidebar_layout":"default_layout","om_disable_all_campaigns":false,"_monsterinsights_skip_tracking":false,"_monsterinsights_sitenote_active":false,"_monsterinsights_sitenote_note":"","_monsterinsights_sitenote_category":0,"footnotes":"","_wpscppro_dont_share_socialmedia":false,"_wpscppro_custom_social_share_image":0,"_facebook_share_type":"","_twitter_share_type":"","_linkedin_share_type":"","_pinterest_share_type":"","_linkedin_share_type_page":"","_instagram_share_type":"","_medium_share_type":"","_threads_share_type":"","_google_business_share_type":"","_selected_social_profile":[],"_wpsp_enable_custom_social_template":false,"_wpsp_social_scheduling":{"enabled":false,"datetime":null,"platforms":[],"status":"template_only","dateOption":"today","timeOption":"now","customDays":"","customHours":"","customDate":"","customTime":"","schedulingType":"absolute"},"_wpsp_active_default_template":true},"categories":[52,29],"tags":[],"class_list":["post-6103","post","type-post","status-publish","format-standard","has-post-thumbnail","hentry","category-a-la-une","category-economie"],"aioseo_notices":[],"yoast_head":"<!-- This site is optimized with the Yoast SEO plugin v27.5 - https:\/\/yoast.com\/product\/yoast-seo-wordpress\/ -->\n<title>Secteur du travail et de la s\u00e9curit\u00e9 sociale : Des mesures exceptionnelles au profit des employeurs - La Sentinelle<\/title>\n<meta name=\"robots\" content=\"index, follow, max-snippet:-1, max-image-preview:large, max-video-preview:-1\" \/>\n<link rel=\"canonical\" href=\"https:\/\/lasentinelle.dz\/index.php\/2021\/09\/01\/secteur-du-travail-et-de-la-securite-sociale-des-mesures-exceptionnelles-au-profit-des-employeurs-2\/\" \/>\n<meta property=\"og:locale\" content=\"fr_FR\" \/>\n<meta property=\"og:type\" content=\"article\" \/>\n<meta property=\"og:title\" content=\"Secteur du travail et de la s\u00e9curit\u00e9 sociale : Des mesures exceptionnelles au profit des employeurs - La Sentinelle\" \/>\n<meta property=\"og:description\" content=\"Le Pr\u00e9sident de la R\u00e9publique, Abdelamdjid Tebboune a sign\u00e9, le 25 ao\u00fbt dernier, une ordonnance pr\u00e9sidentielle relative aux mesures exceptionnelles\" \/>\n<meta property=\"og:url\" content=\"https:\/\/lasentinelle.dz\/index.php\/2021\/09\/01\/secteur-du-travail-et-de-la-securite-sociale-des-mesures-exceptionnelles-au-profit-des-employeurs-2\/\" \/>\n<meta property=\"og:site_name\" content=\"La Sentinelle\" \/>\n<meta property=\"article:publisher\" content=\"https:\/\/www.facebook.com\/La-Sentinelle-104059864394773\" \/>\n<meta property=\"article:published_time\" content=\"2021-08-31T23:05:00+00:00\" \/>\n<meta property=\"og:image\" content=\"https:\/\/lasentinelle.dz\/wp-content\/uploads\/2021\/08\/CNAS.jpg\" \/>\n\t<meta property=\"og:image:width\" content=\"2000\" \/>\n\t<meta property=\"og:image:height\" content=\"1000\" \/>\n\t<meta property=\"og:image:type\" content=\"image\/jpeg\" \/>\n<meta name=\"author\" content=\"La Sentinelle\" \/>\n<meta name=\"twitter:card\" content=\"summary_large_image\" \/>\n<meta name=\"twitter:label1\" content=\"\u00c9crit par\" \/>\n\t<meta name=\"twitter:data1\" content=\"La Sentinelle\" \/>\n\t<meta name=\"twitter:label2\" content=\"Dur\u00e9e de lecture estim\u00e9e\" \/>\n\t<meta name=\"twitter:data2\" content=\"3 minutes\" \/>\n<script type=\"application\/ld+json\" class=\"yoast-schema-graph\">{\"@context\":\"https:\\\/\\\/schema.org\",\"@graph\":[{\"@type\":\"Article\",\"@id\":\"https:\\\/\\\/lasentinelle.dz\\\/index.php\\\/2021\\\/09\\\/01\\\/secteur-du-travail-et-de-la-securite-sociale-des-mesures-exceptionnelles-au-profit-des-employeurs-2\\\/#article\",\"isPartOf\":{\"@id\":\"https:\\\/\\\/lasentinelle.dz\\\/index.php\\\/2021\\\/09\\\/01\\\/secteur-du-travail-et-de-la-securite-sociale-des-mesures-exceptionnelles-au-profit-des-employeurs-2\\\/\"},\"author\":{\"name\":\"La Sentinelle\",\"@id\":\"https:\\\/\\\/lasentinelle.dz\\\/#\\\/schema\\\/person\\\/d865044e22e70a75174ce8bcad3acfb3\"},\"headline\":\"Secteur du travail et de la s\u00e9curit\u00e9 sociale : Des mesures exceptionnelles au profit des employeurs\",\"datePublished\":\"2021-08-31T23:05:00+00:00\",\"mainEntityOfPage\":{\"@id\":\"https:\\\/\\\/lasentinelle.dz\\\/index.php\\\/2021\\\/09\\\/01\\\/secteur-du-travail-et-de-la-securite-sociale-des-mesures-exceptionnelles-au-profit-des-employeurs-2\\\/\"},\"wordCount\":705,\"commentCount\":0,\"publisher\":{\"@id\":\"https:\\\/\\\/lasentinelle.dz\\\/#organization\"},\"image\":{\"@id\":\"https:\\\/\\\/lasentinelle.dz\\\/index.php\\\/2021\\\/09\\\/01\\\/secteur-du-travail-et-de-la-securite-sociale-des-mesures-exceptionnelles-au-profit-des-employeurs-2\\\/#primaryimage\"},\"thumbnailUrl\":\"https:\\\/\\\/lasentinelle.dz\\\/wp-content\\\/uploads\\\/2021\\\/08\\\/CNAS.jpg\",\"articleSection\":[\"\u00c0 la Une\",\"\u00c9conomie\"],\"inLanguage\":\"fr-FR\",\"potentialAction\":[{\"@type\":\"CommentAction\",\"name\":\"Comment\",\"target\":[\"https:\\\/\\\/lasentinelle.dz\\\/index.php\\\/2021\\\/09\\\/01\\\/secteur-du-travail-et-de-la-securite-sociale-des-mesures-exceptionnelles-au-profit-des-employeurs-2\\\/#respond\"]}]},{\"@type\":\"WebPage\",\"@id\":\"https:\\\/\\\/lasentinelle.dz\\\/index.php\\\/2021\\\/09\\\/01\\\/secteur-du-travail-et-de-la-securite-sociale-des-mesures-exceptionnelles-au-profit-des-employeurs-2\\\/\",\"url\":\"https:\\\/\\\/lasentinelle.dz\\\/index.php\\\/2021\\\/09\\\/01\\\/secteur-du-travail-et-de-la-securite-sociale-des-mesures-exceptionnelles-au-profit-des-employeurs-2\\\/\",\"name\":\"Secteur du travail et de la s\u00e9curit\u00e9 sociale : Des mesures exceptionnelles au profit des employeurs - La Sentinelle\",\"isPartOf\":{\"@id\":\"https:\\\/\\\/lasentinelle.dz\\\/#website\"},\"primaryImageOfPage\":{\"@id\":\"https:\\\/\\\/lasentinelle.dz\\\/index.php\\\/2021\\\/09\\\/01\\\/secteur-du-travail-et-de-la-securite-sociale-des-mesures-exceptionnelles-au-profit-des-employeurs-2\\\/#primaryimage\"},\"image\":{\"@id\":\"https:\\\/\\\/lasentinelle.dz\\\/index.php\\\/2021\\\/09\\\/01\\\/secteur-du-travail-et-de-la-securite-sociale-des-mesures-exceptionnelles-au-profit-des-employeurs-2\\\/#primaryimage\"},\"thumbnailUrl\":\"https:\\\/\\\/lasentinelle.dz\\\/wp-content\\\/uploads\\\/2021\\\/08\\\/CNAS.jpg\",\"datePublished\":\"2021-08-31T23:05:00+00:00\",\"breadcrumb\":{\"@id\":\"https:\\\/\\\/lasentinelle.dz\\\/index.php\\\/2021\\\/09\\\/01\\\/secteur-du-travail-et-de-la-securite-sociale-des-mesures-exceptionnelles-au-profit-des-employeurs-2\\\/#breadcrumb\"},\"inLanguage\":\"fr-FR\",\"potentialAction\":[{\"@type\":\"ReadAction\",\"target\":[\"https:\\\/\\\/lasentinelle.dz\\\/index.php\\\/2021\\\/09\\\/01\\\/secteur-du-travail-et-de-la-securite-sociale-des-mesures-exceptionnelles-au-profit-des-employeurs-2\\\/\"]}]},{\"@type\":\"ImageObject\",\"inLanguage\":\"fr-FR\",\"@id\":\"https:\\\/\\\/lasentinelle.dz\\\/index.php\\\/2021\\\/09\\\/01\\\/secteur-du-travail-et-de-la-securite-sociale-des-mesures-exceptionnelles-au-profit-des-employeurs-2\\\/#primaryimage\",\"url\":\"https:\\\/\\\/lasentinelle.dz\\\/wp-content\\\/uploads\\\/2021\\\/08\\\/CNAS.jpg\",\"contentUrl\":\"https:\\\/\\\/lasentinelle.dz\\\/wp-content\\\/uploads\\\/2021\\\/08\\\/CNAS.jpg\",\"width\":2000,\"height\":1000},{\"@type\":\"BreadcrumbList\",\"@id\":\"https:\\\/\\\/lasentinelle.dz\\\/index.php\\\/2021\\\/09\\\/01\\\/secteur-du-travail-et-de-la-securite-sociale-des-mesures-exceptionnelles-au-profit-des-employeurs-2\\\/#breadcrumb\",\"itemListElement\":[{\"@type\":\"ListItem\",\"position\":1,\"name\":\"Accueil\",\"item\":\"https:\\\/\\\/lasentinelle.dz\\\/\"},{\"@type\":\"ListItem\",\"position\":2,\"name\":\"Secteur du travail et de la s\u00e9curit\u00e9 sociale : Des mesures exceptionnelles au profit des employeurs\"}]},{\"@type\":\"WebSite\",\"@id\":\"https:\\\/\\\/lasentinelle.dz\\\/#website\",\"url\":\"https:\\\/\\\/lasentinelle.dz\\\/\",\"name\":\"La Sentinelle\",\"description\":\"Quotidien national d&#039;information\",\"publisher\":{\"@id\":\"https:\\\/\\\/lasentinelle.dz\\\/#organization\"},\"potentialAction\":[{\"@type\":\"SearchAction\",\"target\":{\"@type\":\"EntryPoint\",\"urlTemplate\":\"https:\\\/\\\/lasentinelle.dz\\\/?s={search_term_string}\"},\"query-input\":{\"@type\":\"PropertyValueSpecification\",\"valueRequired\":true,\"valueName\":\"search_term_string\"}}],\"inLanguage\":\"fr-FR\"},{\"@type\":\"Organization\",\"@id\":\"https:\\\/\\\/lasentinelle.dz\\\/#organization\",\"name\":\"Quotidien La Sentinelle\",\"url\":\"https:\\\/\\\/lasentinelle.dz\\\/\",\"logo\":{\"@type\":\"ImageObject\",\"inLanguage\":\"fr-FR\",\"@id\":\"https:\\\/\\\/lasentinelle.dz\\\/#\\\/schema\\\/logo\\\/image\\\/\",\"url\":\"https:\\\/\\\/lasentinelle.dz\\\/wp-content\\\/uploads\\\/2021\\\/09\\\/logo-sentinelleSLOGAN-1.png\",\"contentUrl\":\"https:\\\/\\\/lasentinelle.dz\\\/wp-content\\\/uploads\\\/2021\\\/09\\\/logo-sentinelleSLOGAN-1.png\",\"width\":615,\"height\":142,\"caption\":\"Quotidien La Sentinelle\"},\"image\":{\"@id\":\"https:\\\/\\\/lasentinelle.dz\\\/#\\\/schema\\\/logo\\\/image\\\/\"},\"sameAs\":[\"https:\\\/\\\/www.facebook.com\\\/La-Sentinelle-104059864394773\"]},{\"@type\":\"Person\",\"@id\":\"https:\\\/\\\/lasentinelle.dz\\\/#\\\/schema\\\/person\\\/d865044e22e70a75174ce8bcad3acfb3\",\"name\":\"La Sentinelle\",\"image\":{\"@type\":\"ImageObject\",\"inLanguage\":\"fr-FR\",\"@id\":\"https:\\\/\\\/secure.gravatar.com\\\/avatar\\\/57de8e5d4b15d43fb361a71fbb36338450fe67865b528a43dd10ef7c51a20392?s=96&d=mm&r=g\",\"url\":\"https:\\\/\\\/secure.gravatar.com\\\/avatar\\\/57de8e5d4b15d43fb361a71fbb36338450fe67865b528a43dd10ef7c51a20392?s=96&d=mm&r=g\",\"contentUrl\":\"https:\\\/\\\/secure.gravatar.com\\\/avatar\\\/57de8e5d4b15d43fb361a71fbb36338450fe67865b528a43dd10ef7c51a20392?s=96&d=mm&r=g\",\"caption\":\"La Sentinelle\"},\"sameAs\":[\"http:\\\/\\\/www.lasentinelle.dz\"],\"url\":\"https:\\\/\\\/lasentinelle.dz\\\/author\\\/redaction\\\/\"}]}<\/script>\n<!-- \/ Yoast SEO plugin. -->","yoast_head_json":{"title":"Secteur du travail et de la s\u00e9curit\u00e9 sociale : Des mesures exceptionnelles au profit des employeurs - La Sentinelle","robots":{"index":"index","follow":"follow","max-snippet":"max-snippet:-1","max-image-preview":"max-image-preview:large","max-video-preview":"max-video-preview:-1"},"canonical":"https:\/\/lasentinelle.dz\/index.php\/2021\/09\/01\/secteur-du-travail-et-de-la-securite-sociale-des-mesures-exceptionnelles-au-profit-des-employeurs-2\/","og_locale":"fr_FR","og_type":"article","og_title":"Secteur du travail et de la s\u00e9curit\u00e9 sociale : Des mesures exceptionnelles au profit des employeurs - La Sentinelle","og_description":"Le Pr\u00e9sident de la R\u00e9publique, Abdelamdjid Tebboune a sign\u00e9, le 25 ao\u00fbt dernier, une ordonnance pr\u00e9sidentielle relative aux mesures exceptionnelles","og_url":"https:\/\/lasentinelle.dz\/index.php\/2021\/09\/01\/secteur-du-travail-et-de-la-securite-sociale-des-mesures-exceptionnelles-au-profit-des-employeurs-2\/","og_site_name":"La Sentinelle","article_publisher":"https:\/\/www.facebook.com\/La-Sentinelle-104059864394773","article_published_time":"2021-08-31T23:05:00+00:00","og_image":[{"width":2000,"height":1000,"url":"https:\/\/lasentinelle.dz\/wp-content\/uploads\/2021\/08\/CNAS.jpg","type":"image\/jpeg"}],"author":"La Sentinelle","twitter_card":"summary_large_image","twitter_misc":{"\u00c9crit par":"La Sentinelle","Dur\u00e9e de lecture estim\u00e9e":"3 minutes"},"schema":{"@context":"https:\/\/schema.org","@graph":[{"@type":"Article","@id":"https:\/\/lasentinelle.dz\/index.php\/2021\/09\/01\/secteur-du-travail-et-de-la-securite-sociale-des-mesures-exceptionnelles-au-profit-des-employeurs-2\/#article","isPartOf":{"@id":"https:\/\/lasentinelle.dz\/index.php\/2021\/09\/01\/secteur-du-travail-et-de-la-securite-sociale-des-mesures-exceptionnelles-au-profit-des-employeurs-2\/"},"author":{"name":"La Sentinelle","@id":"https:\/\/lasentinelle.dz\/#\/schema\/person\/d865044e22e70a75174ce8bcad3acfb3"},"headline":"Secteur du travail et de la s\u00e9curit\u00e9 sociale : Des mesures exceptionnelles au profit des employeurs","datePublished":"2021-08-31T23:05:00+00:00","mainEntityOfPage":{"@id":"https:\/\/lasentinelle.dz\/index.php\/2021\/09\/01\/secteur-du-travail-et-de-la-securite-sociale-des-mesures-exceptionnelles-au-profit-des-employeurs-2\/"},"wordCount":705,"commentCount":0,"publisher":{"@id":"https:\/\/lasentinelle.dz\/#organization"},"image":{"@id":"https:\/\/lasentinelle.dz\/index.php\/2021\/09\/01\/secteur-du-travail-et-de-la-securite-sociale-des-mesures-exceptionnelles-au-profit-des-employeurs-2\/#primaryimage"},"thumbnailUrl":"https:\/\/lasentinelle.dz\/wp-content\/uploads\/2021\/08\/CNAS.jpg","articleSection":["\u00c0 la Une","\u00c9conomie"],"inLanguage":"fr-FR","potentialAction":[{"@type":"CommentAction","name":"Comment","target":["https:\/\/lasentinelle.dz\/index.php\/2021\/09\/01\/secteur-du-travail-et-de-la-securite-sociale-des-mesures-exceptionnelles-au-profit-des-employeurs-2\/#respond"]}]},{"@type":"WebPage","@id":"https:\/\/lasentinelle.dz\/index.php\/2021\/09\/01\/secteur-du-travail-et-de-la-securite-sociale-des-mesures-exceptionnelles-au-profit-des-employeurs-2\/","url":"https:\/\/lasentinelle.dz\/index.php\/2021\/09\/01\/secteur-du-travail-et-de-la-securite-sociale-des-mesures-exceptionnelles-au-profit-des-employeurs-2\/","name":"Secteur du travail et de la s\u00e9curit\u00e9 sociale : Des mesures exceptionnelles au profit des employeurs - La Sentinelle","isPartOf":{"@id":"https:\/\/lasentinelle.dz\/#website"},"primaryImageOfPage":{"@id":"https:\/\/lasentinelle.dz\/index.php\/2021\/09\/01\/secteur-du-travail-et-de-la-securite-sociale-des-mesures-exceptionnelles-au-profit-des-employeurs-2\/#primaryimage"},"image":{"@id":"https:\/\/lasentinelle.dz\/index.php\/2021\/09\/01\/secteur-du-travail-et-de-la-securite-sociale-des-mesures-exceptionnelles-au-profit-des-employeurs-2\/#primaryimage"},"thumbnailUrl":"https:\/\/lasentinelle.dz\/wp-content\/uploads\/2021\/08\/CNAS.jpg","datePublished":"2021-08-31T23:05:00+00:00","breadcrumb":{"@id":"https:\/\/lasentinelle.dz\/index.php\/2021\/09\/01\/secteur-du-travail-et-de-la-securite-sociale-des-mesures-exceptionnelles-au-profit-des-employeurs-2\/#breadcrumb"},"inLanguage":"fr-FR","potentialAction":[{"@type":"ReadAction","target":["https:\/\/lasentinelle.dz\/index.php\/2021\/09\/01\/secteur-du-travail-et-de-la-securite-sociale-des-mesures-exceptionnelles-au-profit-des-employeurs-2\/"]}]},{"@type":"ImageObject","inLanguage":"fr-FR","@id":"https:\/\/lasentinelle.dz\/index.php\/2021\/09\/01\/secteur-du-travail-et-de-la-securite-sociale-des-mesures-exceptionnelles-au-profit-des-employeurs-2\/#primaryimage","url":"https:\/\/lasentinelle.dz\/wp-content\/uploads\/2021\/08\/CNAS.jpg","contentUrl":"https:\/\/lasentinelle.dz\/wp-content\/uploads\/2021\/08\/CNAS.jpg","width":2000,"height":1000},{"@type":"BreadcrumbList","@id":"https:\/\/lasentinelle.dz\/index.php\/2021\/09\/01\/secteur-du-travail-et-de-la-securite-sociale-des-mesures-exceptionnelles-au-profit-des-employeurs-2\/#breadcrumb","itemListElement":[{"@type":"ListItem","position":1,"name":"Accueil","item":"https:\/\/lasentinelle.dz\/"},{"@type":"ListItem","position":2,"name":"Secteur du travail et de la s\u00e9curit\u00e9 sociale : Des mesures exceptionnelles au profit des employeurs"}]},{"@type":"WebSite","@id":"https:\/\/lasentinelle.dz\/#website","url":"https:\/\/lasentinelle.dz\/","name":"La Sentinelle","description":"Quotidien national d&#039;information","publisher":{"@id":"https:\/\/lasentinelle.dz\/#organization"},"potentialAction":[{"@type":"SearchAction","target":{"@type":"EntryPoint","urlTemplate":"https:\/\/lasentinelle.dz\/?s={search_term_string}"},"query-input":{"@type":"PropertyValueSpecification","valueRequired":true,"valueName":"search_term_string"}}],"inLanguage":"fr-FR"},{"@type":"Organization","@id":"https:\/\/lasentinelle.dz\/#organization","name":"Quotidien La Sentinelle","url":"https:\/\/lasentinelle.dz\/","logo":{"@type":"ImageObject","inLanguage":"fr-FR","@id":"https:\/\/lasentinelle.dz\/#\/schema\/logo\/image\/","url":"https:\/\/lasentinelle.dz\/wp-content\/uploads\/2021\/09\/logo-sentinelleSLOGAN-1.png","contentUrl":"https:\/\/lasentinelle.dz\/wp-content\/uploads\/2021\/09\/logo-sentinelleSLOGAN-1.png","width":615,"height":142,"caption":"Quotidien La Sentinelle"},"image":{"@id":"https:\/\/lasentinelle.dz\/#\/schema\/logo\/image\/"},"sameAs":["https:\/\/www.facebook.com\/La-Sentinelle-104059864394773"]},{"@type":"Person","@id":"https:\/\/lasentinelle.dz\/#\/schema\/person\/d865044e22e70a75174ce8bcad3acfb3","name":"La Sentinelle","image":{"@type":"ImageObject","inLanguage":"fr-FR","@id":"https:\/\/secure.gravatar.com\/avatar\/57de8e5d4b15d43fb361a71fbb36338450fe67865b528a43dd10ef7c51a20392?s=96&d=mm&r=g","url":"https:\/\/secure.gravatar.com\/avatar\/57de8e5d4b15d43fb361a71fbb36338450fe67865b528a43dd10ef7c51a20392?s=96&d=mm&r=g","contentUrl":"https:\/\/secure.gravatar.com\/avatar\/57de8e5d4b15d43fb361a71fbb36338450fe67865b528a43dd10ef7c51a20392?s=96&d=mm&r=g","caption":"La Sentinelle"},"sameAs":["http:\/\/www.lasentinelle.dz"],"url":"https:\/\/lasentinelle.dz\/author\/redaction\/"}]}},"_links":{"self":[{"href":"https:\/\/lasentinelle.dz\/index.php\/wp-json\/wp\/v2\/posts\/6103","targetHints":{"allow":["GET"]}}],"collection":[{"href":"https:\/\/lasentinelle.dz\/index.php\/wp-json\/wp\/v2\/posts"}],"about":[{"href":"https:\/\/lasentinelle.dz\/index.php\/wp-json\/wp\/v2\/types\/post"}],"author":[{"embeddable":true,"href":"https:\/\/lasentinelle.dz\/index.php\/wp-json\/wp\/v2\/users\/3"}],"replies":[{"embeddable":true,"href":"https:\/\/lasentinelle.dz\/index.php\/wp-json\/wp\/v2\/comments?post=6103"}],"version-history":[{"count":1,"href":"https:\/\/lasentinelle.dz\/index.php\/wp-json\/wp\/v2\/posts\/6103\/revisions"}],"predecessor-version":[{"id":6127,"href":"https:\/\/lasentinelle.dz\/index.php\/wp-json\/wp\/v2\/posts\/6103\/revisions\/6127"}],"wp:featuredmedia":[{"embeddable":true,"href":"https:\/\/lasentinelle.dz\/index.php\/wp-json\/wp\/v2\/media\/6126"}],"wp:attachment":[{"href":"https:\/\/lasentinelle.dz\/index.php\/wp-json\/wp\/v2\/media?parent=6103"}],"wp:term":[{"taxonomy":"category","embeddable":true,"href":"https:\/\/lasentinelle.dz\/index.php\/wp-json\/wp\/v2\/categories?post=6103"},{"taxonomy":"post_tag","embeddable":true,"href":"https:\/\/lasentinelle.dz\/index.php\/wp-json\/wp\/v2\/tags?post=6103"}],"curies":[{"name":"wp","href":"https:\/\/api.w.org\/{rel}","templated":true}]}}