{"id":6104,"date":"2021-09-01T00:05:00","date_gmt":"2021-08-31T23:05:00","guid":{"rendered":"https:\/\/lasentinelle.dz\/?p=6104"},"modified":"2021-08-31T19:58:09","modified_gmt":"2021-08-31T18:58:09","slug":"le-pole-penal-national-specialise-vient-detre-institue-consolider-la-lutte-contre-les-infractions-liees-aux-tic","status":"publish","type":"post","link":"https:\/\/lasentinelle.dz\/index.php\/2021\/09\/01\/le-pole-penal-national-specialise-vient-detre-institue-consolider-la-lutte-contre-les-infractions-liees-aux-tic\/","title":{"rendered":"Le p\u00f4le p\u00e9nal national sp\u00e9cialis\u00e9 vient d\u2019\u00eatre institu\u00e9 : Consolider la lutte contre les infractions li\u00e9es aux TIC"},"content":{"rendered":"\n<p>Le Pr\u00e9sident de la R\u00e9publique, Abdelmadjid Tebboune vient de signer une ordonnance portant sur l&rsquo;amendement&nbsp; des dispositions de l\u2019ordonnance n\u00b0 66-155 du 8juin 1966 portant code de proc\u00e9dure p\u00e9nale. Ce texte publi\u00e9 au dernier num\u00e9ro du Journal officiel pr\u00e9voit la cr\u00e9ation d&rsquo;un p\u00f4le p\u00e9nal national de lutte contre les infractions li\u00e9es aux technologies de l\u2019information et de la communication aupr\u00e8s du tribunal si\u00e9geant au chef-lieu de la Cour d\u2019Alger, un p\u00f4le p\u00e9nal national sp\u00e9cialis\u00e9. Ce p\u00f4le est charg\u00e9&nbsp; notamment de la poursuite et de l&rsquo;instruction des infractions li\u00e9es aux technologies de l\u2019information et de la communication et des infractions qui leur sont connexes. Il est, \u00e9galement, comp\u00e9tent pour le&nbsp; jugement&nbsp; des infractions li\u00e9e aux&nbsp; technologies&nbsp; de l\u2019information et de la communication, au sens du pr\u00e9sent code, toute infraction commise ou dont la commission est facilit\u00e9e par l\u2019utilisation d\u2019un syst\u00e8me informatique ou un syst\u00e8me de communication \u00e9lectronique ou tout autre moyen ou proc\u00e9d\u00e9 li\u00e9 aux technologies de l\u2019information et de la communication lorsqu\u2019elles constituent des d\u00e9lits\u00a0\u00bb. Ce texte pr\u00e9cise que \u00ab\u00a0le procureur de la R\u00e9publique pr\u00e8s le p\u00f4le p\u00e9nal national de lutte contre les infractions li\u00e9es aux technologies de l\u2019information et de la communication, le juge d\u2019instruction et le pr\u00e9sident dudit p\u00f4le exercent leurs attributions sur toute l\u2019\u00e9tendue du territoire national \u00ab\u00a0. Et d&rsquo;ajouter que \u00ab\u00a0le procureur de la R\u00e9publique pr\u00e8s le p\u00f4le p\u00e9nal national de lutte contre les infractions li\u00e9es aux technologies de l\u2019information et de la communication, le juge d\u2019instruction et le pr\u00e9sident dudit p\u00f4le ont une comp\u00e9tence exclusive pour la poursuite, l\u2019instruction et le jugement des infractions li\u00e9es aux technologies de l\u2019information et de la communication\u00a0\u00bb.&nbsp; Autrement dit, le procureur de la R\u00e9publique pr\u00e8s le p\u00f4le p\u00e9nal national de lutte contre les infractions li\u00e9es aux technologies de l\u2019information et de la communication, le juge d\u2019instruction et le pr\u00e9sident dudit p\u00f4le,&nbsp; ont&nbsp; une&nbsp; comp\u00e9tence exclusive&nbsp; pour la&nbsp; poursuite, l&rsquo;instruction&nbsp; et&nbsp; le jugement&nbsp; des&nbsp; infractions li\u00e9es aux technologies de l\u2019information et de la communication de&nbsp; grande&nbsp; complexit\u00e9&nbsp; et&nbsp; les&nbsp; infractions&nbsp; qui&nbsp; leur&nbsp; sont connexes, note-t-on. Plus explicite, les r\u00e9dacteurs de ce texte ont soulign\u00e9 que \u00ab\u00a0si&nbsp; la&nbsp; comp\u00e9tence&nbsp; du&nbsp; p\u00f4le&nbsp; p\u00e9nal national de lutte contre les infractions li\u00e9es aux technologies de l\u2019information et de la communication co\u00efncide avec celle du p\u00f4le \u00e9conomique et financier, la comp\u00e9tence&nbsp; revient d\u2019office \u00e0 ce dernier \u00ab\u00a0, indiquant au passage que \u00ab\u00a0si&nbsp; la comp\u00e9tence&nbsp; du p\u00f4le p\u00e9nal national de lutte contre les infractions li\u00e9es aux technologies de l\u2019information et de la communication co\u00efncide avec celle du tribunal si\u00e9geant&nbsp; au&nbsp; chef-lieu&nbsp; de&nbsp; la&nbsp; Cour&nbsp; d\u2019Alger, conform\u00e9ment aux dispositions des articles 211 bis 16\u00e0211bis 21du pr\u00e9sent code, la comp\u00e9tence revient d\u2019office \u00e0 ce dernier\u00a0\u00bb.&nbsp;<\/p>\n\n\n\n<p><strong>Fai\u00e7al Bedjaoui<\/strong><\/p>\n","protected":false},"excerpt":{"rendered":"<p>Le Pr\u00e9sident de la R\u00e9publique, Abdelmadjid Tebboune vient de signer une ordonnance portant sur l&rsquo;amendement&nbsp; des dispositions de l\u2019ordonnance n\u00b0<\/p>\n","protected":false},"author":3,"featured_media":6134,"comment_status":"open","ping_status":"closed","sticky":false,"template":"","format":"standard","meta":{"colormag_page_container_layout":"default_layout","colormag_page_sidebar_layout":"default_layout","om_disable_all_campaigns":false,"_monsterinsights_skip_tracking":false,"_monsterinsights_sitenote_active":false,"_monsterinsights_sitenote_note":"","_monsterinsights_sitenote_category":0,"footnotes":"","_wpscppro_dont_share_socialmedia":false,"_wpscppro_custom_social_share_image":0,"_facebook_share_type":"","_twitter_share_type":"","_linkedin_share_type":"","_pinterest_share_type":"","_linkedin_share_type_page":"","_instagram_share_type":"","_medium_share_type":"","_threads_share_type":"","_google_business_share_type":"","_selected_social_profile":[],"_wpsp_enable_custom_social_template":false,"_wpsp_social_scheduling":{"enabled":false,"datetime":null,"platforms":[],"status":"template_only","dateOption":"today","timeOption":"now","customDays":"","customHours":"","customDate":"","customTime":"","schedulingType":"absolute"},"_wpsp_active_default_template":true},"categories":[52,27],"tags":[],"class_list":["post-6104","post","type-post","status-publish","format-standard","has-post-thumbnail","hentry","category-a-la-une","category-actualite"],"aioseo_notices":[],"yoast_head":"<!-- This site is optimized with the Yoast SEO plugin v27.5 - https:\/\/yoast.com\/product\/yoast-seo-wordpress\/ -->\n<title>Le p\u00f4le p\u00e9nal national sp\u00e9cialis\u00e9 vient d\u2019\u00eatre institu\u00e9 : Consolider la lutte contre les infractions li\u00e9es aux TIC - La Sentinelle<\/title>\n<meta name=\"robots\" content=\"index, follow, max-snippet:-1, max-image-preview:large, max-video-preview:-1\" \/>\n<link rel=\"canonical\" href=\"https:\/\/lasentinelle.dz\/index.php\/2021\/09\/01\/le-pole-penal-national-specialise-vient-detre-institue-consolider-la-lutte-contre-les-infractions-liees-aux-tic\/\" \/>\n<meta property=\"og:locale\" content=\"fr_FR\" \/>\n<meta property=\"og:type\" content=\"article\" \/>\n<meta property=\"og:title\" content=\"Le p\u00f4le p\u00e9nal national sp\u00e9cialis\u00e9 vient d\u2019\u00eatre institu\u00e9 : Consolider la lutte contre les infractions li\u00e9es aux TIC - La Sentinelle\" \/>\n<meta property=\"og:description\" content=\"Le Pr\u00e9sident de la R\u00e9publique, Abdelmadjid Tebboune vient de signer une ordonnance portant sur l&rsquo;amendement&nbsp; des dispositions de l\u2019ordonnance n\u00b0\" \/>\n<meta property=\"og:url\" content=\"https:\/\/lasentinelle.dz\/index.php\/2021\/09\/01\/le-pole-penal-national-specialise-vient-detre-institue-consolider-la-lutte-contre-les-infractions-liees-aux-tic\/\" \/>\n<meta property=\"og:site_name\" content=\"La Sentinelle\" \/>\n<meta property=\"article:publisher\" content=\"https:\/\/www.facebook.com\/La-Sentinelle-104059864394773\" \/>\n<meta property=\"article:published_time\" content=\"2021-08-31T23:05:00+00:00\" \/>\n<meta property=\"og:image\" content=\"https:\/\/lasentinelle.dz\/wp-content\/uploads\/2021\/08\/cybercriminalite.png\" \/>\n\t<meta property=\"og:image:width\" content=\"1543\" \/>\n\t<meta property=\"og:image:height\" content=\"900\" \/>\n\t<meta property=\"og:image:type\" content=\"image\/png\" \/>\n<meta name=\"author\" content=\"La Sentinelle\" \/>\n<meta name=\"twitter:card\" content=\"summary_large_image\" \/>\n<meta name=\"twitter:label1\" content=\"\u00c9crit par\" \/>\n\t<meta name=\"twitter:data1\" content=\"La Sentinelle\" \/>\n\t<meta name=\"twitter:label2\" content=\"Dur\u00e9e de lecture estim\u00e9e\" \/>\n\t<meta name=\"twitter:data2\" content=\"2 minutes\" \/>\n<script type=\"application\/ld+json\" class=\"yoast-schema-graph\">{\"@context\":\"https:\\\/\\\/schema.org\",\"@graph\":[{\"@type\":\"Article\",\"@id\":\"https:\\\/\\\/lasentinelle.dz\\\/index.php\\\/2021\\\/09\\\/01\\\/le-pole-penal-national-specialise-vient-detre-institue-consolider-la-lutte-contre-les-infractions-liees-aux-tic\\\/#article\",\"isPartOf\":{\"@id\":\"https:\\\/\\\/lasentinelle.dz\\\/index.php\\\/2021\\\/09\\\/01\\\/le-pole-penal-national-specialise-vient-detre-institue-consolider-la-lutte-contre-les-infractions-liees-aux-tic\\\/\"},\"author\":{\"name\":\"La Sentinelle\",\"@id\":\"https:\\\/\\\/lasentinelle.dz\\\/#\\\/schema\\\/person\\\/d865044e22e70a75174ce8bcad3acfb3\"},\"headline\":\"Le p\u00f4le p\u00e9nal national sp\u00e9cialis\u00e9 vient d\u2019\u00eatre institu\u00e9 : Consolider la lutte contre les infractions li\u00e9es aux TIC\",\"datePublished\":\"2021-08-31T23:05:00+00:00\",\"mainEntityOfPage\":{\"@id\":\"https:\\\/\\\/lasentinelle.dz\\\/index.php\\\/2021\\\/09\\\/01\\\/le-pole-penal-national-specialise-vient-detre-institue-consolider-la-lutte-contre-les-infractions-liees-aux-tic\\\/\"},\"wordCount\":592,\"commentCount\":0,\"publisher\":{\"@id\":\"https:\\\/\\\/lasentinelle.dz\\\/#organization\"},\"image\":{\"@id\":\"https:\\\/\\\/lasentinelle.dz\\\/index.php\\\/2021\\\/09\\\/01\\\/le-pole-penal-national-specialise-vient-detre-institue-consolider-la-lutte-contre-les-infractions-liees-aux-tic\\\/#primaryimage\"},\"thumbnailUrl\":\"https:\\\/\\\/lasentinelle.dz\\\/wp-content\\\/uploads\\\/2021\\\/08\\\/cybercriminalite.png\",\"articleSection\":[\"\u00c0 la Une\",\"Actualit\u00e9\"],\"inLanguage\":\"fr-FR\",\"potentialAction\":[{\"@type\":\"CommentAction\",\"name\":\"Comment\",\"target\":[\"https:\\\/\\\/lasentinelle.dz\\\/index.php\\\/2021\\\/09\\\/01\\\/le-pole-penal-national-specialise-vient-detre-institue-consolider-la-lutte-contre-les-infractions-liees-aux-tic\\\/#respond\"]}]},{\"@type\":\"WebPage\",\"@id\":\"https:\\\/\\\/lasentinelle.dz\\\/index.php\\\/2021\\\/09\\\/01\\\/le-pole-penal-national-specialise-vient-detre-institue-consolider-la-lutte-contre-les-infractions-liees-aux-tic\\\/\",\"url\":\"https:\\\/\\\/lasentinelle.dz\\\/index.php\\\/2021\\\/09\\\/01\\\/le-pole-penal-national-specialise-vient-detre-institue-consolider-la-lutte-contre-les-infractions-liees-aux-tic\\\/\",\"name\":\"Le p\u00f4le p\u00e9nal national sp\u00e9cialis\u00e9 vient d\u2019\u00eatre institu\u00e9 : Consolider la lutte contre les infractions li\u00e9es aux TIC - La Sentinelle\",\"isPartOf\":{\"@id\":\"https:\\\/\\\/lasentinelle.dz\\\/#website\"},\"primaryImageOfPage\":{\"@id\":\"https:\\\/\\\/lasentinelle.dz\\\/index.php\\\/2021\\\/09\\\/01\\\/le-pole-penal-national-specialise-vient-detre-institue-consolider-la-lutte-contre-les-infractions-liees-aux-tic\\\/#primaryimage\"},\"image\":{\"@id\":\"https:\\\/\\\/lasentinelle.dz\\\/index.php\\\/2021\\\/09\\\/01\\\/le-pole-penal-national-specialise-vient-detre-institue-consolider-la-lutte-contre-les-infractions-liees-aux-tic\\\/#primaryimage\"},\"thumbnailUrl\":\"https:\\\/\\\/lasentinelle.dz\\\/wp-content\\\/uploads\\\/2021\\\/08\\\/cybercriminalite.png\",\"datePublished\":\"2021-08-31T23:05:00+00:00\",\"breadcrumb\":{\"@id\":\"https:\\\/\\\/lasentinelle.dz\\\/index.php\\\/2021\\\/09\\\/01\\\/le-pole-penal-national-specialise-vient-detre-institue-consolider-la-lutte-contre-les-infractions-liees-aux-tic\\\/#breadcrumb\"},\"inLanguage\":\"fr-FR\",\"potentialAction\":[{\"@type\":\"ReadAction\",\"target\":[\"https:\\\/\\\/lasentinelle.dz\\\/index.php\\\/2021\\\/09\\\/01\\\/le-pole-penal-national-specialise-vient-detre-institue-consolider-la-lutte-contre-les-infractions-liees-aux-tic\\\/\"]}]},{\"@type\":\"ImageObject\",\"inLanguage\":\"fr-FR\",\"@id\":\"https:\\\/\\\/lasentinelle.dz\\\/index.php\\\/2021\\\/09\\\/01\\\/le-pole-penal-national-specialise-vient-detre-institue-consolider-la-lutte-contre-les-infractions-liees-aux-tic\\\/#primaryimage\",\"url\":\"https:\\\/\\\/lasentinelle.dz\\\/wp-content\\\/uploads\\\/2021\\\/08\\\/cybercriminalite.png\",\"contentUrl\":\"https:\\\/\\\/lasentinelle.dz\\\/wp-content\\\/uploads\\\/2021\\\/08\\\/cybercriminalite.png\",\"width\":1543,\"height\":900},{\"@type\":\"BreadcrumbList\",\"@id\":\"https:\\\/\\\/lasentinelle.dz\\\/index.php\\\/2021\\\/09\\\/01\\\/le-pole-penal-national-specialise-vient-detre-institue-consolider-la-lutte-contre-les-infractions-liees-aux-tic\\\/#breadcrumb\",\"itemListElement\":[{\"@type\":\"ListItem\",\"position\":1,\"name\":\"Accueil\",\"item\":\"https:\\\/\\\/lasentinelle.dz\\\/\"},{\"@type\":\"ListItem\",\"position\":2,\"name\":\"Le p\u00f4le p\u00e9nal national sp\u00e9cialis\u00e9 vient d\u2019\u00eatre institu\u00e9 : Consolider la lutte contre les infractions li\u00e9es aux TIC\"}]},{\"@type\":\"WebSite\",\"@id\":\"https:\\\/\\\/lasentinelle.dz\\\/#website\",\"url\":\"https:\\\/\\\/lasentinelle.dz\\\/\",\"name\":\"La Sentinelle\",\"description\":\"Quotidien national d&#039;information\",\"publisher\":{\"@id\":\"https:\\\/\\\/lasentinelle.dz\\\/#organization\"},\"potentialAction\":[{\"@type\":\"SearchAction\",\"target\":{\"@type\":\"EntryPoint\",\"urlTemplate\":\"https:\\\/\\\/lasentinelle.dz\\\/?s={search_term_string}\"},\"query-input\":{\"@type\":\"PropertyValueSpecification\",\"valueRequired\":true,\"valueName\":\"search_term_string\"}}],\"inLanguage\":\"fr-FR\"},{\"@type\":\"Organization\",\"@id\":\"https:\\\/\\\/lasentinelle.dz\\\/#organization\",\"name\":\"Quotidien La Sentinelle\",\"url\":\"https:\\\/\\\/lasentinelle.dz\\\/\",\"logo\":{\"@type\":\"ImageObject\",\"inLanguage\":\"fr-FR\",\"@id\":\"https:\\\/\\\/lasentinelle.dz\\\/#\\\/schema\\\/logo\\\/image\\\/\",\"url\":\"https:\\\/\\\/lasentinelle.dz\\\/wp-content\\\/uploads\\\/2021\\\/09\\\/logo-sentinelleSLOGAN-1.png\",\"contentUrl\":\"https:\\\/\\\/lasentinelle.dz\\\/wp-content\\\/uploads\\\/2021\\\/09\\\/logo-sentinelleSLOGAN-1.png\",\"width\":615,\"height\":142,\"caption\":\"Quotidien La Sentinelle\"},\"image\":{\"@id\":\"https:\\\/\\\/lasentinelle.dz\\\/#\\\/schema\\\/logo\\\/image\\\/\"},\"sameAs\":[\"https:\\\/\\\/www.facebook.com\\\/La-Sentinelle-104059864394773\"]},{\"@type\":\"Person\",\"@id\":\"https:\\\/\\\/lasentinelle.dz\\\/#\\\/schema\\\/person\\\/d865044e22e70a75174ce8bcad3acfb3\",\"name\":\"La Sentinelle\",\"image\":{\"@type\":\"ImageObject\",\"inLanguage\":\"fr-FR\",\"@id\":\"https:\\\/\\\/secure.gravatar.com\\\/avatar\\\/57de8e5d4b15d43fb361a71fbb36338450fe67865b528a43dd10ef7c51a20392?s=96&d=mm&r=g\",\"url\":\"https:\\\/\\\/secure.gravatar.com\\\/avatar\\\/57de8e5d4b15d43fb361a71fbb36338450fe67865b528a43dd10ef7c51a20392?s=96&d=mm&r=g\",\"contentUrl\":\"https:\\\/\\\/secure.gravatar.com\\\/avatar\\\/57de8e5d4b15d43fb361a71fbb36338450fe67865b528a43dd10ef7c51a20392?s=96&d=mm&r=g\",\"caption\":\"La Sentinelle\"},\"sameAs\":[\"http:\\\/\\\/www.lasentinelle.dz\"],\"url\":\"https:\\\/\\\/lasentinelle.dz\\\/author\\\/redaction\\\/\"}]}<\/script>\n<!-- \/ Yoast SEO plugin. -->","yoast_head_json":{"title":"Le p\u00f4le p\u00e9nal national sp\u00e9cialis\u00e9 vient d\u2019\u00eatre institu\u00e9 : Consolider la lutte contre les infractions li\u00e9es aux TIC - La Sentinelle","robots":{"index":"index","follow":"follow","max-snippet":"max-snippet:-1","max-image-preview":"max-image-preview:large","max-video-preview":"max-video-preview:-1"},"canonical":"https:\/\/lasentinelle.dz\/index.php\/2021\/09\/01\/le-pole-penal-national-specialise-vient-detre-institue-consolider-la-lutte-contre-les-infractions-liees-aux-tic\/","og_locale":"fr_FR","og_type":"article","og_title":"Le p\u00f4le p\u00e9nal national sp\u00e9cialis\u00e9 vient d\u2019\u00eatre institu\u00e9 : Consolider la lutte contre les infractions li\u00e9es aux TIC - La Sentinelle","og_description":"Le Pr\u00e9sident de la R\u00e9publique, Abdelmadjid Tebboune vient de signer une ordonnance portant sur l&rsquo;amendement&nbsp; des dispositions de l\u2019ordonnance n\u00b0","og_url":"https:\/\/lasentinelle.dz\/index.php\/2021\/09\/01\/le-pole-penal-national-specialise-vient-detre-institue-consolider-la-lutte-contre-les-infractions-liees-aux-tic\/","og_site_name":"La Sentinelle","article_publisher":"https:\/\/www.facebook.com\/La-Sentinelle-104059864394773","article_published_time":"2021-08-31T23:05:00+00:00","og_image":[{"width":1543,"height":900,"url":"https:\/\/lasentinelle.dz\/wp-content\/uploads\/2021\/08\/cybercriminalite.png","type":"image\/png"}],"author":"La Sentinelle","twitter_card":"summary_large_image","twitter_misc":{"\u00c9crit par":"La Sentinelle","Dur\u00e9e de lecture estim\u00e9e":"2 minutes"},"schema":{"@context":"https:\/\/schema.org","@graph":[{"@type":"Article","@id":"https:\/\/lasentinelle.dz\/index.php\/2021\/09\/01\/le-pole-penal-national-specialise-vient-detre-institue-consolider-la-lutte-contre-les-infractions-liees-aux-tic\/#article","isPartOf":{"@id":"https:\/\/lasentinelle.dz\/index.php\/2021\/09\/01\/le-pole-penal-national-specialise-vient-detre-institue-consolider-la-lutte-contre-les-infractions-liees-aux-tic\/"},"author":{"name":"La Sentinelle","@id":"https:\/\/lasentinelle.dz\/#\/schema\/person\/d865044e22e70a75174ce8bcad3acfb3"},"headline":"Le p\u00f4le p\u00e9nal national sp\u00e9cialis\u00e9 vient d\u2019\u00eatre institu\u00e9 : Consolider la lutte contre les infractions li\u00e9es aux TIC","datePublished":"2021-08-31T23:05:00+00:00","mainEntityOfPage":{"@id":"https:\/\/lasentinelle.dz\/index.php\/2021\/09\/01\/le-pole-penal-national-specialise-vient-detre-institue-consolider-la-lutte-contre-les-infractions-liees-aux-tic\/"},"wordCount":592,"commentCount":0,"publisher":{"@id":"https:\/\/lasentinelle.dz\/#organization"},"image":{"@id":"https:\/\/lasentinelle.dz\/index.php\/2021\/09\/01\/le-pole-penal-national-specialise-vient-detre-institue-consolider-la-lutte-contre-les-infractions-liees-aux-tic\/#primaryimage"},"thumbnailUrl":"https:\/\/lasentinelle.dz\/wp-content\/uploads\/2021\/08\/cybercriminalite.png","articleSection":["\u00c0 la Une","Actualit\u00e9"],"inLanguage":"fr-FR","potentialAction":[{"@type":"CommentAction","name":"Comment","target":["https:\/\/lasentinelle.dz\/index.php\/2021\/09\/01\/le-pole-penal-national-specialise-vient-detre-institue-consolider-la-lutte-contre-les-infractions-liees-aux-tic\/#respond"]}]},{"@type":"WebPage","@id":"https:\/\/lasentinelle.dz\/index.php\/2021\/09\/01\/le-pole-penal-national-specialise-vient-detre-institue-consolider-la-lutte-contre-les-infractions-liees-aux-tic\/","url":"https:\/\/lasentinelle.dz\/index.php\/2021\/09\/01\/le-pole-penal-national-specialise-vient-detre-institue-consolider-la-lutte-contre-les-infractions-liees-aux-tic\/","name":"Le p\u00f4le p\u00e9nal national sp\u00e9cialis\u00e9 vient d\u2019\u00eatre institu\u00e9 : Consolider la lutte contre les infractions li\u00e9es aux TIC - La Sentinelle","isPartOf":{"@id":"https:\/\/lasentinelle.dz\/#website"},"primaryImageOfPage":{"@id":"https:\/\/lasentinelle.dz\/index.php\/2021\/09\/01\/le-pole-penal-national-specialise-vient-detre-institue-consolider-la-lutte-contre-les-infractions-liees-aux-tic\/#primaryimage"},"image":{"@id":"https:\/\/lasentinelle.dz\/index.php\/2021\/09\/01\/le-pole-penal-national-specialise-vient-detre-institue-consolider-la-lutte-contre-les-infractions-liees-aux-tic\/#primaryimage"},"thumbnailUrl":"https:\/\/lasentinelle.dz\/wp-content\/uploads\/2021\/08\/cybercriminalite.png","datePublished":"2021-08-31T23:05:00+00:00","breadcrumb":{"@id":"https:\/\/lasentinelle.dz\/index.php\/2021\/09\/01\/le-pole-penal-national-specialise-vient-detre-institue-consolider-la-lutte-contre-les-infractions-liees-aux-tic\/#breadcrumb"},"inLanguage":"fr-FR","potentialAction":[{"@type":"ReadAction","target":["https:\/\/lasentinelle.dz\/index.php\/2021\/09\/01\/le-pole-penal-national-specialise-vient-detre-institue-consolider-la-lutte-contre-les-infractions-liees-aux-tic\/"]}]},{"@type":"ImageObject","inLanguage":"fr-FR","@id":"https:\/\/lasentinelle.dz\/index.php\/2021\/09\/01\/le-pole-penal-national-specialise-vient-detre-institue-consolider-la-lutte-contre-les-infractions-liees-aux-tic\/#primaryimage","url":"https:\/\/lasentinelle.dz\/wp-content\/uploads\/2021\/08\/cybercriminalite.png","contentUrl":"https:\/\/lasentinelle.dz\/wp-content\/uploads\/2021\/08\/cybercriminalite.png","width":1543,"height":900},{"@type":"BreadcrumbList","@id":"https:\/\/lasentinelle.dz\/index.php\/2021\/09\/01\/le-pole-penal-national-specialise-vient-detre-institue-consolider-la-lutte-contre-les-infractions-liees-aux-tic\/#breadcrumb","itemListElement":[{"@type":"ListItem","position":1,"name":"Accueil","item":"https:\/\/lasentinelle.dz\/"},{"@type":"ListItem","position":2,"name":"Le p\u00f4le p\u00e9nal national sp\u00e9cialis\u00e9 vient d\u2019\u00eatre institu\u00e9 : Consolider la lutte contre les infractions li\u00e9es aux TIC"}]},{"@type":"WebSite","@id":"https:\/\/lasentinelle.dz\/#website","url":"https:\/\/lasentinelle.dz\/","name":"La Sentinelle","description":"Quotidien national d&#039;information","publisher":{"@id":"https:\/\/lasentinelle.dz\/#organization"},"potentialAction":[{"@type":"SearchAction","target":{"@type":"EntryPoint","urlTemplate":"https:\/\/lasentinelle.dz\/?s={search_term_string}"},"query-input":{"@type":"PropertyValueSpecification","valueRequired":true,"valueName":"search_term_string"}}],"inLanguage":"fr-FR"},{"@type":"Organization","@id":"https:\/\/lasentinelle.dz\/#organization","name":"Quotidien La Sentinelle","url":"https:\/\/lasentinelle.dz\/","logo":{"@type":"ImageObject","inLanguage":"fr-FR","@id":"https:\/\/lasentinelle.dz\/#\/schema\/logo\/image\/","url":"https:\/\/lasentinelle.dz\/wp-content\/uploads\/2021\/09\/logo-sentinelleSLOGAN-1.png","contentUrl":"https:\/\/lasentinelle.dz\/wp-content\/uploads\/2021\/09\/logo-sentinelleSLOGAN-1.png","width":615,"height":142,"caption":"Quotidien La Sentinelle"},"image":{"@id":"https:\/\/lasentinelle.dz\/#\/schema\/logo\/image\/"},"sameAs":["https:\/\/www.facebook.com\/La-Sentinelle-104059864394773"]},{"@type":"Person","@id":"https:\/\/lasentinelle.dz\/#\/schema\/person\/d865044e22e70a75174ce8bcad3acfb3","name":"La Sentinelle","image":{"@type":"ImageObject","inLanguage":"fr-FR","@id":"https:\/\/secure.gravatar.com\/avatar\/57de8e5d4b15d43fb361a71fbb36338450fe67865b528a43dd10ef7c51a20392?s=96&d=mm&r=g","url":"https:\/\/secure.gravatar.com\/avatar\/57de8e5d4b15d43fb361a71fbb36338450fe67865b528a43dd10ef7c51a20392?s=96&d=mm&r=g","contentUrl":"https:\/\/secure.gravatar.com\/avatar\/57de8e5d4b15d43fb361a71fbb36338450fe67865b528a43dd10ef7c51a20392?s=96&d=mm&r=g","caption":"La Sentinelle"},"sameAs":["http:\/\/www.lasentinelle.dz"],"url":"https:\/\/lasentinelle.dz\/author\/redaction\/"}]}},"_links":{"self":[{"href":"https:\/\/lasentinelle.dz\/index.php\/wp-json\/wp\/v2\/posts\/6104","targetHints":{"allow":["GET"]}}],"collection":[{"href":"https:\/\/lasentinelle.dz\/index.php\/wp-json\/wp\/v2\/posts"}],"about":[{"href":"https:\/\/lasentinelle.dz\/index.php\/wp-json\/wp\/v2\/types\/post"}],"author":[{"embeddable":true,"href":"https:\/\/lasentinelle.dz\/index.php\/wp-json\/wp\/v2\/users\/3"}],"replies":[{"embeddable":true,"href":"https:\/\/lasentinelle.dz\/index.php\/wp-json\/wp\/v2\/comments?post=6104"}],"version-history":[{"count":1,"href":"https:\/\/lasentinelle.dz\/index.php\/wp-json\/wp\/v2\/posts\/6104\/revisions"}],"predecessor-version":[{"id":6135,"href":"https:\/\/lasentinelle.dz\/index.php\/wp-json\/wp\/v2\/posts\/6104\/revisions\/6135"}],"wp:featuredmedia":[{"embeddable":true,"href":"https:\/\/lasentinelle.dz\/index.php\/wp-json\/wp\/v2\/media\/6134"}],"wp:attachment":[{"href":"https:\/\/lasentinelle.dz\/index.php\/wp-json\/wp\/v2\/media?parent=6104"}],"wp:term":[{"taxonomy":"category","embeddable":true,"href":"https:\/\/lasentinelle.dz\/index.php\/wp-json\/wp\/v2\/categories?post=6104"},{"taxonomy":"post_tag","embeddable":true,"href":"https:\/\/lasentinelle.dz\/index.php\/wp-json\/wp\/v2\/tags?post=6104"}],"curies":[{"name":"wp","href":"https:\/\/api.w.org\/{rel}","templated":true}]}}