{"id":61042,"date":"2024-12-29T12:46:29","date_gmt":"2024-12-29T11:46:29","guid":{"rendered":"https:\/\/lasentinelle.dz\/?p=61042"},"modified":"2024-12-29T12:46:29","modified_gmt":"2024-12-29T11:46:29","slug":"2024-lannee-qui-franchira-le-seuil-critique-des-15c","status":"publish","type":"post","link":"https:\/\/lasentinelle.dz\/index.php\/2024\/12\/29\/2024-lannee-qui-franchira-le-seuil-critique-des-15c\/","title":{"rendered":"2024, l&rsquo;ann\u00e9e qui franchira le seuil critique des 1,5\u00b0c"},"content":{"rendered":"\n<p>Les pr\u00e9visions climatiques pour l&rsquo;ann\u00e9e 2024 sonnent comme un nouveau signal d&rsquo;alarme dans la lutte contre le r\u00e9chauffement climatique. Roman Vilfand, responsable scientifique du Centre hydrom\u00e9t\u00e9orologique russe, vient d&rsquo;annoncer une projection particuli\u00e8rement pr\u00e9occupante : 2024 marquera la premi\u00e8re ann\u00e9e o\u00f9 la temp\u00e9rature moyenne mondiale d\u00e9passera le seuil crucial de 1,5 degr\u00e9 Celsius par rapport aux niveaux pr\u00e9industriels. Cette annonce survient dans un contexte o\u00f9 la communaut\u00e9 scientifique internationale multiplie les avertissements sur l&rsquo;acc\u00e9l\u00e9ration du changement climatique. Avec une probabilit\u00e9 d\u00e9passant 99%, les pr\u00e9visions indiquent que 2024 s&rsquo;annonce comme une ann\u00e9e record en termes de temp\u00e9ratures, surpassant m\u00eame les records \u00e9tablis en 2023. \u00ab\u00a0Avec une probabilit\u00e9 sup\u00e9rieure \u00e0 99%, nous pouvons affirmer que 2024 sera une ann\u00e9e record +en termes de temp\u00e9rature+. Auparavant, le record de temp\u00e9rature moyenne mondiale avait \u00e9t\u00e9 observ\u00e9 en 2023. Cette ann\u00e9e d\u00e9passera ce niveau&#8230; C&rsquo;est la premi\u00e8re ann\u00e9e o\u00f9 la temp\u00e9rature moyenne annuelle \u00e0 travers le monde d\u00e9passera le chiffre de 1,5 degr\u00e9 Celsius, a-t-il d\u00e9clar\u00e9.<\/p>\n\n\n\n<p>M. Wilfand a rappel\u00e9 que l&rsquo;accord de Paris sur le climat pr\u00e9sente ce chiffre comme un seuil. Si l&rsquo;accord pr\u00e9voit un tr\u00e8s grand nombre de mesures, elles ne sont pas suffisantes, a-t-il not\u00e9.Cette projection rev\u00eat une importance particuli\u00e8re car elle marque le franchissement d&rsquo;un seuil symbolique et critique, celui des 1,5\u00b0C, une limite \u00e9tablie comme r\u00e9f\u00e9rence dans l&rsquo;Accord de Paris sur le climat sign\u00e9 en 2015 par 175 pays. L&rsquo;explication de ce nouveau record thermique trouve notamment son origine dans le ph\u00e9nom\u00e8ne El Ni\u00f1o, qui devrait persister jusqu&rsquo;en mai. Ce ph\u00e9nom\u00e8ne climatique cyclique se caract\u00e9rise par un transfert massif de chaleur depuis les zones \u00e9quatoriales de l&rsquo;oc\u00e9an vers les latitudes temp\u00e9r\u00e9es, contribuant ainsi \u00e0 l&rsquo;augmentation globale des temp\u00e9ratures. Bien qu&rsquo;une nouvelle manifestation d&rsquo;El Ni\u00f1o soit envisag\u00e9e pour d\u00e9but 2025, les experts pr\u00e9voient qu&rsquo;elle sera de courte dur\u00e9e. Cette situation met en lumi\u00e8re l&rsquo;insuffisance des mesures actuelles pr\u00e9vues par l&rsquo;Accord de Paris, pourtant consid\u00e9r\u00e9 comme une avanc\u00e9e majeure dans la lutte contre le changement climatique. Cet accord, fruit de la 21e conf\u00e9rence de la Convention-cadre sur les changements climatiques, avait fix\u00e9 des objectifs ambitieux : contenir le r\u00e9chauffement plan\u00e9taire \u00e0 1,5\u00b0C et emp\u00eacher que la hausse des temp\u00e9ratures moyennes ne d\u00e9passe les 2\u00b0C d&rsquo;ici 2100 par rapport \u00e0 l&rsquo;\u00e8re pr\u00e9industrielle. Face \u00e0 cette situation alarmante, la communaut\u00e9 m\u00e9t\u00e9orologique internationale, incluant le Service m\u00e9t\u00e9orologique mondial et le Centre climatique de Roshydromet, appelle \u00e0 une intensification urgente des actions de lutte contre le r\u00e9chauffement climatique. Les experts soulignent la n\u00e9cessit\u00e9 d&rsquo;acc\u00e9l\u00e9rer la mise en \u0153uvre des mesures existantes et d&rsquo;en d\u00e9velopper de nouvelles, plus ambitieuses, pour ralentir le rythme du r\u00e9chauffement global.<\/p>\n\n\n\n<p>Chokri Hafed<\/p>\n","protected":false},"excerpt":{"rendered":"<p>Les pr\u00e9visions climatiques pour l&rsquo;ann\u00e9e 2024 sonnent comme un nouveau signal d&rsquo;alarme dans la lutte contre le r\u00e9chauffement climatique. Roman<\/p>\n","protected":false},"author":6,"featured_media":42781,"comment_status":"open","ping_status":"closed","sticky":false,"template":"","format":"standard","meta":{"colormag_page_container_layout":"default_layout","colormag_page_sidebar_layout":"default_layout","om_disable_all_campaigns":false,"_monsterinsights_skip_tracking":false,"_monsterinsights_sitenote_active":false,"_monsterinsights_sitenote_note":"","_monsterinsights_sitenote_category":0,"footnotes":"","_wpscppro_dont_share_socialmedia":false,"_wpscppro_custom_social_share_image":0,"_facebook_share_type":"default","_twitter_share_type":"default","_linkedin_share_type":"default","_pinterest_share_type":"default","_linkedin_share_type_page":"","_instagram_share_type":"default","_medium_share_type":"default","_threads_share_type":"","_google_business_share_type":"","_selected_social_profile":[],"_wpsp_enable_custom_social_template":false,"_wpsp_social_scheduling":{"enabled":false,"datetime":null,"platforms":[],"status":"template_only","dateOption":"today","timeOption":"now","customDays":"","customHours":"","customDate":"","customTime":"","schedulingType":"absolute"},"_wpsp_active_default_template":true},"categories":[27],"tags":[],"class_list":["post-61042","post","type-post","status-publish","format-standard","has-post-thumbnail","hentry","category-actualite"],"aioseo_notices":[],"yoast_head":"<!-- This site is optimized with the Yoast SEO plugin v27.5 - https:\/\/yoast.com\/product\/yoast-seo-wordpress\/ -->\n<title>2024, l&rsquo;ann\u00e9e qui franchira le seuil critique des 1,5\u00b0c - La Sentinelle<\/title>\n<meta name=\"robots\" content=\"index, follow, max-snippet:-1, max-image-preview:large, max-video-preview:-1\" \/>\n<link rel=\"canonical\" href=\"https:\/\/lasentinelle.dz\/index.php\/2024\/12\/29\/2024-lannee-qui-franchira-le-seuil-critique-des-15c\/\" \/>\n<meta property=\"og:locale\" content=\"fr_FR\" \/>\n<meta property=\"og:type\" content=\"article\" \/>\n<meta property=\"og:title\" content=\"2024, l&rsquo;ann\u00e9e qui franchira le seuil critique des 1,5\u00b0c - La Sentinelle\" \/>\n<meta property=\"og:description\" content=\"Les pr\u00e9visions climatiques pour l&rsquo;ann\u00e9e 2024 sonnent comme un nouveau signal d&rsquo;alarme dans la lutte contre le r\u00e9chauffement climatique. Roman\" \/>\n<meta property=\"og:url\" content=\"https:\/\/lasentinelle.dz\/index.php\/2024\/12\/29\/2024-lannee-qui-franchira-le-seuil-critique-des-15c\/\" \/>\n<meta property=\"og:site_name\" content=\"La Sentinelle\" \/>\n<meta property=\"article:publisher\" content=\"https:\/\/www.facebook.com\/La-Sentinelle-104059864394773\" \/>\n<meta property=\"article:published_time\" content=\"2024-12-29T11:46:29+00:00\" \/>\n<meta property=\"og:image\" content=\"https:\/\/lasentinelle.dz\/wp-content\/uploads\/2023\/06\/canicule.webp\" \/>\n\t<meta property=\"og:image:width\" content=\"835\" \/>\n\t<meta property=\"og:image:height\" content=\"430\" \/>\n\t<meta property=\"og:image:type\" content=\"image\/webp\" \/>\n<meta name=\"author\" content=\"admin\" \/>\n<meta name=\"twitter:card\" content=\"summary_large_image\" \/>\n<meta name=\"twitter:label1\" content=\"\u00c9crit par\" \/>\n\t<meta name=\"twitter:data1\" content=\"admin\" \/>\n\t<meta name=\"twitter:label2\" content=\"Dur\u00e9e de lecture estim\u00e9e\" \/>\n\t<meta name=\"twitter:data2\" content=\"3 minutes\" \/>\n<script type=\"application\/ld+json\" class=\"yoast-schema-graph\">{\"@context\":\"https:\\\/\\\/schema.org\",\"@graph\":[{\"@type\":\"Article\",\"@id\":\"https:\\\/\\\/lasentinelle.dz\\\/index.php\\\/2024\\\/12\\\/29\\\/2024-lannee-qui-franchira-le-seuil-critique-des-15c\\\/#article\",\"isPartOf\":{\"@id\":\"https:\\\/\\\/lasentinelle.dz\\\/index.php\\\/2024\\\/12\\\/29\\\/2024-lannee-qui-franchira-le-seuil-critique-des-15c\\\/\"},\"author\":{\"name\":\"admin\",\"@id\":\"https:\\\/\\\/lasentinelle.dz\\\/#\\\/schema\\\/person\\\/729ee0024f24e0b8c5ec17232f8e8b41\"},\"headline\":\"2024, l&rsquo;ann\u00e9e qui franchira le seuil critique des 1,5\u00b0c\",\"datePublished\":\"2024-12-29T11:46:29+00:00\",\"mainEntityOfPage\":{\"@id\":\"https:\\\/\\\/lasentinelle.dz\\\/index.php\\\/2024\\\/12\\\/29\\\/2024-lannee-qui-franchira-le-seuil-critique-des-15c\\\/\"},\"wordCount\":516,\"commentCount\":0,\"publisher\":{\"@id\":\"https:\\\/\\\/lasentinelle.dz\\\/#organization\"},\"image\":{\"@id\":\"https:\\\/\\\/lasentinelle.dz\\\/index.php\\\/2024\\\/12\\\/29\\\/2024-lannee-qui-franchira-le-seuil-critique-des-15c\\\/#primaryimage\"},\"thumbnailUrl\":\"https:\\\/\\\/lasentinelle.dz\\\/wp-content\\\/uploads\\\/2023\\\/06\\\/canicule.webp\",\"articleSection\":[\"Actualit\u00e9\"],\"inLanguage\":\"fr-FR\",\"potentialAction\":[{\"@type\":\"CommentAction\",\"name\":\"Comment\",\"target\":[\"https:\\\/\\\/lasentinelle.dz\\\/index.php\\\/2024\\\/12\\\/29\\\/2024-lannee-qui-franchira-le-seuil-critique-des-15c\\\/#respond\"]}]},{\"@type\":\"WebPage\",\"@id\":\"https:\\\/\\\/lasentinelle.dz\\\/index.php\\\/2024\\\/12\\\/29\\\/2024-lannee-qui-franchira-le-seuil-critique-des-15c\\\/\",\"url\":\"https:\\\/\\\/lasentinelle.dz\\\/index.php\\\/2024\\\/12\\\/29\\\/2024-lannee-qui-franchira-le-seuil-critique-des-15c\\\/\",\"name\":\"2024, l&rsquo;ann\u00e9e qui franchira le seuil critique des 1,5\u00b0c - La Sentinelle\",\"isPartOf\":{\"@id\":\"https:\\\/\\\/lasentinelle.dz\\\/#website\"},\"primaryImageOfPage\":{\"@id\":\"https:\\\/\\\/lasentinelle.dz\\\/index.php\\\/2024\\\/12\\\/29\\\/2024-lannee-qui-franchira-le-seuil-critique-des-15c\\\/#primaryimage\"},\"image\":{\"@id\":\"https:\\\/\\\/lasentinelle.dz\\\/index.php\\\/2024\\\/12\\\/29\\\/2024-lannee-qui-franchira-le-seuil-critique-des-15c\\\/#primaryimage\"},\"thumbnailUrl\":\"https:\\\/\\\/lasentinelle.dz\\\/wp-content\\\/uploads\\\/2023\\\/06\\\/canicule.webp\",\"datePublished\":\"2024-12-29T11:46:29+00:00\",\"breadcrumb\":{\"@id\":\"https:\\\/\\\/lasentinelle.dz\\\/index.php\\\/2024\\\/12\\\/29\\\/2024-lannee-qui-franchira-le-seuil-critique-des-15c\\\/#breadcrumb\"},\"inLanguage\":\"fr-FR\",\"potentialAction\":[{\"@type\":\"ReadAction\",\"target\":[\"https:\\\/\\\/lasentinelle.dz\\\/index.php\\\/2024\\\/12\\\/29\\\/2024-lannee-qui-franchira-le-seuil-critique-des-15c\\\/\"]}]},{\"@type\":\"ImageObject\",\"inLanguage\":\"fr-FR\",\"@id\":\"https:\\\/\\\/lasentinelle.dz\\\/index.php\\\/2024\\\/12\\\/29\\\/2024-lannee-qui-franchira-le-seuil-critique-des-15c\\\/#primaryimage\",\"url\":\"https:\\\/\\\/lasentinelle.dz\\\/wp-content\\\/uploads\\\/2023\\\/06\\\/canicule.webp\",\"contentUrl\":\"https:\\\/\\\/lasentinelle.dz\\\/wp-content\\\/uploads\\\/2023\\\/06\\\/canicule.webp\",\"width\":835,\"height\":430},{\"@type\":\"BreadcrumbList\",\"@id\":\"https:\\\/\\\/lasentinelle.dz\\\/index.php\\\/2024\\\/12\\\/29\\\/2024-lannee-qui-franchira-le-seuil-critique-des-15c\\\/#breadcrumb\",\"itemListElement\":[{\"@type\":\"ListItem\",\"position\":1,\"name\":\"Accueil\",\"item\":\"https:\\\/\\\/lasentinelle.dz\\\/\"},{\"@type\":\"ListItem\",\"position\":2,\"name\":\"2024, l&rsquo;ann\u00e9e qui franchira le seuil critique des 1,5\u00b0c\"}]},{\"@type\":\"WebSite\",\"@id\":\"https:\\\/\\\/lasentinelle.dz\\\/#website\",\"url\":\"https:\\\/\\\/lasentinelle.dz\\\/\",\"name\":\"La Sentinelle\",\"description\":\"Quotidien national d&#039;information\",\"publisher\":{\"@id\":\"https:\\\/\\\/lasentinelle.dz\\\/#organization\"},\"potentialAction\":[{\"@type\":\"SearchAction\",\"target\":{\"@type\":\"EntryPoint\",\"urlTemplate\":\"https:\\\/\\\/lasentinelle.dz\\\/?s={search_term_string}\"},\"query-input\":{\"@type\":\"PropertyValueSpecification\",\"valueRequired\":true,\"valueName\":\"search_term_string\"}}],\"inLanguage\":\"fr-FR\"},{\"@type\":\"Organization\",\"@id\":\"https:\\\/\\\/lasentinelle.dz\\\/#organization\",\"name\":\"Quotidien La Sentinelle\",\"url\":\"https:\\\/\\\/lasentinelle.dz\\\/\",\"logo\":{\"@type\":\"ImageObject\",\"inLanguage\":\"fr-FR\",\"@id\":\"https:\\\/\\\/lasentinelle.dz\\\/#\\\/schema\\\/logo\\\/image\\\/\",\"url\":\"https:\\\/\\\/lasentinelle.dz\\\/wp-content\\\/uploads\\\/2021\\\/09\\\/logo-sentinelleSLOGAN-1.png\",\"contentUrl\":\"https:\\\/\\\/lasentinelle.dz\\\/wp-content\\\/uploads\\\/2021\\\/09\\\/logo-sentinelleSLOGAN-1.png\",\"width\":615,\"height\":142,\"caption\":\"Quotidien La Sentinelle\"},\"image\":{\"@id\":\"https:\\\/\\\/lasentinelle.dz\\\/#\\\/schema\\\/logo\\\/image\\\/\"},\"sameAs\":[\"https:\\\/\\\/www.facebook.com\\\/La-Sentinelle-104059864394773\"]},{\"@type\":\"Person\",\"@id\":\"https:\\\/\\\/lasentinelle.dz\\\/#\\\/schema\\\/person\\\/729ee0024f24e0b8c5ec17232f8e8b41\",\"name\":\"admin\",\"image\":{\"@type\":\"ImageObject\",\"inLanguage\":\"fr-FR\",\"@id\":\"https:\\\/\\\/secure.gravatar.com\\\/avatar\\\/4c81fed838786e9b53f540bf46533e750f5d292099ae3b66cfc6fb1982e29df7?s=96&d=mm&r=g\",\"url\":\"https:\\\/\\\/secure.gravatar.com\\\/avatar\\\/4c81fed838786e9b53f540bf46533e750f5d292099ae3b66cfc6fb1982e29df7?s=96&d=mm&r=g\",\"contentUrl\":\"https:\\\/\\\/secure.gravatar.com\\\/avatar\\\/4c81fed838786e9b53f540bf46533e750f5d292099ae3b66cfc6fb1982e29df7?s=96&d=mm&r=g\",\"caption\":\"admin\"},\"description\":\"admin\",\"url\":\"https:\\\/\\\/lasentinelle.dz\\\/author\\\/admin\\\/\"}]}<\/script>\n<!-- \/ Yoast SEO plugin. -->","yoast_head_json":{"title":"2024, l&rsquo;ann\u00e9e qui franchira le seuil critique des 1,5\u00b0c - La Sentinelle","robots":{"index":"index","follow":"follow","max-snippet":"max-snippet:-1","max-image-preview":"max-image-preview:large","max-video-preview":"max-video-preview:-1"},"canonical":"https:\/\/lasentinelle.dz\/index.php\/2024\/12\/29\/2024-lannee-qui-franchira-le-seuil-critique-des-15c\/","og_locale":"fr_FR","og_type":"article","og_title":"2024, l&rsquo;ann\u00e9e qui franchira le seuil critique des 1,5\u00b0c - La Sentinelle","og_description":"Les pr\u00e9visions climatiques pour l&rsquo;ann\u00e9e 2024 sonnent comme un nouveau signal d&rsquo;alarme dans la lutte contre le r\u00e9chauffement climatique. Roman","og_url":"https:\/\/lasentinelle.dz\/index.php\/2024\/12\/29\/2024-lannee-qui-franchira-le-seuil-critique-des-15c\/","og_site_name":"La Sentinelle","article_publisher":"https:\/\/www.facebook.com\/La-Sentinelle-104059864394773","article_published_time":"2024-12-29T11:46:29+00:00","og_image":[{"width":835,"height":430,"url":"https:\/\/lasentinelle.dz\/wp-content\/uploads\/2023\/06\/canicule.webp","type":"image\/webp"}],"author":"admin","twitter_card":"summary_large_image","twitter_misc":{"\u00c9crit par":"admin","Dur\u00e9e de lecture estim\u00e9e":"3 minutes"},"schema":{"@context":"https:\/\/schema.org","@graph":[{"@type":"Article","@id":"https:\/\/lasentinelle.dz\/index.php\/2024\/12\/29\/2024-lannee-qui-franchira-le-seuil-critique-des-15c\/#article","isPartOf":{"@id":"https:\/\/lasentinelle.dz\/index.php\/2024\/12\/29\/2024-lannee-qui-franchira-le-seuil-critique-des-15c\/"},"author":{"name":"admin","@id":"https:\/\/lasentinelle.dz\/#\/schema\/person\/729ee0024f24e0b8c5ec17232f8e8b41"},"headline":"2024, l&rsquo;ann\u00e9e qui franchira le seuil critique des 1,5\u00b0c","datePublished":"2024-12-29T11:46:29+00:00","mainEntityOfPage":{"@id":"https:\/\/lasentinelle.dz\/index.php\/2024\/12\/29\/2024-lannee-qui-franchira-le-seuil-critique-des-15c\/"},"wordCount":516,"commentCount":0,"publisher":{"@id":"https:\/\/lasentinelle.dz\/#organization"},"image":{"@id":"https:\/\/lasentinelle.dz\/index.php\/2024\/12\/29\/2024-lannee-qui-franchira-le-seuil-critique-des-15c\/#primaryimage"},"thumbnailUrl":"https:\/\/lasentinelle.dz\/wp-content\/uploads\/2023\/06\/canicule.webp","articleSection":["Actualit\u00e9"],"inLanguage":"fr-FR","potentialAction":[{"@type":"CommentAction","name":"Comment","target":["https:\/\/lasentinelle.dz\/index.php\/2024\/12\/29\/2024-lannee-qui-franchira-le-seuil-critique-des-15c\/#respond"]}]},{"@type":"WebPage","@id":"https:\/\/lasentinelle.dz\/index.php\/2024\/12\/29\/2024-lannee-qui-franchira-le-seuil-critique-des-15c\/","url":"https:\/\/lasentinelle.dz\/index.php\/2024\/12\/29\/2024-lannee-qui-franchira-le-seuil-critique-des-15c\/","name":"2024, l&rsquo;ann\u00e9e qui franchira le seuil critique des 1,5\u00b0c - La Sentinelle","isPartOf":{"@id":"https:\/\/lasentinelle.dz\/#website"},"primaryImageOfPage":{"@id":"https:\/\/lasentinelle.dz\/index.php\/2024\/12\/29\/2024-lannee-qui-franchira-le-seuil-critique-des-15c\/#primaryimage"},"image":{"@id":"https:\/\/lasentinelle.dz\/index.php\/2024\/12\/29\/2024-lannee-qui-franchira-le-seuil-critique-des-15c\/#primaryimage"},"thumbnailUrl":"https:\/\/lasentinelle.dz\/wp-content\/uploads\/2023\/06\/canicule.webp","datePublished":"2024-12-29T11:46:29+00:00","breadcrumb":{"@id":"https:\/\/lasentinelle.dz\/index.php\/2024\/12\/29\/2024-lannee-qui-franchira-le-seuil-critique-des-15c\/#breadcrumb"},"inLanguage":"fr-FR","potentialAction":[{"@type":"ReadAction","target":["https:\/\/lasentinelle.dz\/index.php\/2024\/12\/29\/2024-lannee-qui-franchira-le-seuil-critique-des-15c\/"]}]},{"@type":"ImageObject","inLanguage":"fr-FR","@id":"https:\/\/lasentinelle.dz\/index.php\/2024\/12\/29\/2024-lannee-qui-franchira-le-seuil-critique-des-15c\/#primaryimage","url":"https:\/\/lasentinelle.dz\/wp-content\/uploads\/2023\/06\/canicule.webp","contentUrl":"https:\/\/lasentinelle.dz\/wp-content\/uploads\/2023\/06\/canicule.webp","width":835,"height":430},{"@type":"BreadcrumbList","@id":"https:\/\/lasentinelle.dz\/index.php\/2024\/12\/29\/2024-lannee-qui-franchira-le-seuil-critique-des-15c\/#breadcrumb","itemListElement":[{"@type":"ListItem","position":1,"name":"Accueil","item":"https:\/\/lasentinelle.dz\/"},{"@type":"ListItem","position":2,"name":"2024, l&rsquo;ann\u00e9e qui franchira le seuil critique des 1,5\u00b0c"}]},{"@type":"WebSite","@id":"https:\/\/lasentinelle.dz\/#website","url":"https:\/\/lasentinelle.dz\/","name":"La Sentinelle","description":"Quotidien national d&#039;information","publisher":{"@id":"https:\/\/lasentinelle.dz\/#organization"},"potentialAction":[{"@type":"SearchAction","target":{"@type":"EntryPoint","urlTemplate":"https:\/\/lasentinelle.dz\/?s={search_term_string}"},"query-input":{"@type":"PropertyValueSpecification","valueRequired":true,"valueName":"search_term_string"}}],"inLanguage":"fr-FR"},{"@type":"Organization","@id":"https:\/\/lasentinelle.dz\/#organization","name":"Quotidien La Sentinelle","url":"https:\/\/lasentinelle.dz\/","logo":{"@type":"ImageObject","inLanguage":"fr-FR","@id":"https:\/\/lasentinelle.dz\/#\/schema\/logo\/image\/","url":"https:\/\/lasentinelle.dz\/wp-content\/uploads\/2021\/09\/logo-sentinelleSLOGAN-1.png","contentUrl":"https:\/\/lasentinelle.dz\/wp-content\/uploads\/2021\/09\/logo-sentinelleSLOGAN-1.png","width":615,"height":142,"caption":"Quotidien La Sentinelle"},"image":{"@id":"https:\/\/lasentinelle.dz\/#\/schema\/logo\/image\/"},"sameAs":["https:\/\/www.facebook.com\/La-Sentinelle-104059864394773"]},{"@type":"Person","@id":"https:\/\/lasentinelle.dz\/#\/schema\/person\/729ee0024f24e0b8c5ec17232f8e8b41","name":"admin","image":{"@type":"ImageObject","inLanguage":"fr-FR","@id":"https:\/\/secure.gravatar.com\/avatar\/4c81fed838786e9b53f540bf46533e750f5d292099ae3b66cfc6fb1982e29df7?s=96&d=mm&r=g","url":"https:\/\/secure.gravatar.com\/avatar\/4c81fed838786e9b53f540bf46533e750f5d292099ae3b66cfc6fb1982e29df7?s=96&d=mm&r=g","contentUrl":"https:\/\/secure.gravatar.com\/avatar\/4c81fed838786e9b53f540bf46533e750f5d292099ae3b66cfc6fb1982e29df7?s=96&d=mm&r=g","caption":"admin"},"description":"admin","url":"https:\/\/lasentinelle.dz\/author\/admin\/"}]}},"_links":{"self":[{"href":"https:\/\/lasentinelle.dz\/index.php\/wp-json\/wp\/v2\/posts\/61042","targetHints":{"allow":["GET"]}}],"collection":[{"href":"https:\/\/lasentinelle.dz\/index.php\/wp-json\/wp\/v2\/posts"}],"about":[{"href":"https:\/\/lasentinelle.dz\/index.php\/wp-json\/wp\/v2\/types\/post"}],"author":[{"embeddable":true,"href":"https:\/\/lasentinelle.dz\/index.php\/wp-json\/wp\/v2\/users\/6"}],"replies":[{"embeddable":true,"href":"https:\/\/lasentinelle.dz\/index.php\/wp-json\/wp\/v2\/comments?post=61042"}],"version-history":[{"count":2,"href":"https:\/\/lasentinelle.dz\/index.php\/wp-json\/wp\/v2\/posts\/61042\/revisions"}],"predecessor-version":[{"id":61044,"href":"https:\/\/lasentinelle.dz\/index.php\/wp-json\/wp\/v2\/posts\/61042\/revisions\/61044"}],"wp:featuredmedia":[{"embeddable":true,"href":"https:\/\/lasentinelle.dz\/index.php\/wp-json\/wp\/v2\/media\/42781"}],"wp:attachment":[{"href":"https:\/\/lasentinelle.dz\/index.php\/wp-json\/wp\/v2\/media?parent=61042"}],"wp:term":[{"taxonomy":"category","embeddable":true,"href":"https:\/\/lasentinelle.dz\/index.php\/wp-json\/wp\/v2\/categories?post=61042"},{"taxonomy":"post_tag","embeddable":true,"href":"https:\/\/lasentinelle.dz\/index.php\/wp-json\/wp\/v2\/tags?post=61042"}],"curies":[{"name":"wp","href":"https:\/\/api.w.org\/{rel}","templated":true}]}}