{"id":61045,"date":"2024-12-29T12:47:14","date_gmt":"2024-12-29T11:47:14","guid":{"rendered":"https:\/\/lasentinelle.dz\/?p=61045"},"modified":"2024-12-29T12:47:15","modified_gmt":"2024-12-29T11:47:15","slug":"la-coree-du-sud-senfonce-dans-la-crise-politique","status":"publish","type":"post","link":"https:\/\/lasentinelle.dz\/index.php\/2024\/12\/29\/la-coree-du-sud-senfonce-dans-la-crise-politique\/","title":{"rendered":"La Cor\u00e9e du Sud s\u2019enfonce dans la crise politique"},"content":{"rendered":"\n<p>Le chef de l&rsquo;Etat par int\u00e9rim en Cor\u00e9e du Sud, le Premier ministre Han Duck-soo, a \u00e9t\u00e9 \u00e0 son tour destitu\u00e9 vendredi par les d\u00e9put\u00e9s, un nouvel \u00e9pisode dans la crise politique qui secoue le pays depuis la tentative rat\u00e9e du pr\u00e9sident d\u00e9chu d&rsquo;instaurer la loi martiale. Le vote s&rsquo;est d\u00e9roul\u00e9 sous les protestations bruyantes des d\u00e9put\u00e9s du parti au pouvoir, le PPP (Parti du pouvoir au peuple), qui se sont mis \u00e0 chanter et \u00e0 lever le poing en signe de col\u00e8re. \u00ab\u00a0Sur les 192 d\u00e9put\u00e9s qui ont vot\u00e9, 192 ont vot\u00e9 pour la destitution\u00a0\u00bb, a annonc\u00e9 le pr\u00e9sident de l&rsquo;Assembl\u00e9e Nationale, Woo Won-shik. Il s&rsquo;agit de la premi\u00e8re destitution d&rsquo;un pr\u00e9sident par int\u00e9rim apr\u00e8s celle du pr\u00e9sident titulaire dans l&rsquo;histoire de la Cor\u00e9e du Sud. C&rsquo;est au ministre des Finances, Choi Sang-mok, que revient d\u00e9sormais la charge de chef de l&rsquo;Etat par int\u00e9rim. Le patron du PPP a estim\u00e9 que M. Han devait \u00ab\u00a0continuer \u00e0 diriger les affaires de l&rsquo;Etat sans se plier au passage de la motion de destitution de l&rsquo;opposition\u00a0\u00bb. Mais ce dernier a r\u00e9agi en indiquant, dans un communiqu\u00e9, qu&rsquo;il comptait \u00ab\u00a0respecter la d\u00e9cision du Parlement\u00a0\u00bb. Les d\u00e9put\u00e9s l&rsquo;accusaient d&rsquo;avoir \u00ab\u00a0activement particip\u00e9 \u00e0 l&rsquo;insurrection\u00a0\u00bb apr\u00e8s la tentative avort\u00e9e de son pr\u00e9d\u00e9cesseur d&rsquo;instaurer la loi martiale le 3 d\u00e9cembre dernier. En tant que nouveau pr\u00e9sident par int\u00e9rim, Choi Sang-mok, a promis de tout faire pour mettre fin \u00e0 la crise politique. \u00ab\u00a0Mettre un terme \u00e0 la crise gouvernementale est maintenant la priorit\u00e9 absolue\u00a0\u00bb, a d\u00e9clar\u00e9 M. Choi dans un discours prononc\u00e9 peu apr\u00e8s sa nomination, ajoutant que \u00ab\u00a0le gouvernement consacrera tous ses efforts \u00e0 surmonter cette p\u00e9riode de turbulences\u00a0\u00bb. Les d\u00e9put\u00e9s avaient d\u00e9j\u00e0 vot\u00e9 le 14 d\u00e9cembre en faveur du limogeage du pr\u00e9sident conservateur Yoon Suk Yeol qui avait impos\u00e9 la loi martiale et envoy\u00e9 l&rsquo;arm\u00e9e au Parlement au d\u00e9but du mois, avant de reculer quelques heures plus tard. La Cour constitutionnelle doit valider ou invalider la destitution de M. Yoon dans les six mois. Or l&rsquo;opposition reprochait \u00e0 M. Han de refuser de pourvoir trois des neuf si\u00e8ges de la Cour, cens\u00e9e prendre une d\u00e9cision \u00e0 la majorit\u00e9 des deux tiers quant \u00e0 cette destitution. Dans le texte de motion de destitution de le pr\u00e9sident par int\u00e9rim \u00ab\u00a0entrave intentionnellement l&rsquo;enqu\u00eate sp\u00e9ciale visant \u00e0 interroger les personnes impliqu\u00e9es dans la r\u00e9bellion et a clairement fait part de son intention de rejeter les nominations de trois juges de la Cour constitutionnelle\u00a0\u00bb, non pourvus en raison du d\u00e9part \u00e0 la retraite de leurs titulaires.<\/p>\n\n\n\n<p>Notons que le parquet sud-cor\u00e9en a accus\u00e9 samedi le pr\u00e9sident d\u00e9chu Yoon Suk Yeol d&rsquo;avoir autoris\u00e9 l&rsquo;arm\u00e9e \u00e0 ouvrir le feu pour entrer au Parlement lors de sa tentative rat\u00e9e d&rsquo;imposer la loi martiale, \u00e0 l&rsquo;origine d&rsquo;une grave crise politique. Alors que des nouvelles manifestations pro et anti-Yoon se tenaient samedi, le parquet a diffus\u00e9 le rapport d&rsquo;inculpation de l&rsquo;ancien ministre de la D\u00e9fense, Kim Yong-hyun, consid\u00e9r\u00e9 comme la personne ayant pouss\u00e9 le pr\u00e9sident \u00e0 imposer la loi martiale. Elle a \u00e9t\u00e9 proclam\u00e9e le 3 d\u00e9cembre \u00e0 la surprise g\u00e9n\u00e9rale, tandis que le pr\u00e9sident envoyait l&rsquo;arm\u00e9e au Parlement. \u00ab\u00a0N&rsquo;\u00eates vous pas encore entr\u00e9s? Que faites-vous? Cassez la porte et sortez-les, m\u00eame si \u00e7a veut dire qu&rsquo;il faut tirer\u00a0\u00bb, a-t-il d\u00e9clar\u00e9 le 3 d\u00e9cembre lors d&rsquo;un appel t\u00e9l\u00e9phonique avec le commandant militaire de S\u00e9oul, Lee Jin-woo, qui se trouvait pr\u00e8s du Parlement, selon le parquet. Apr\u00e8s la proclamation de la loi martiale, des soldats lourdement arm\u00e9s ont pris d&rsquo;assaut le Parlement, escaladant des barri\u00e8res, brisant des fen\u00eatres et pour certains, atterrissant en h\u00e9licopt\u00e8re. Selon le rapport de 10 pages, le pr\u00e9sident a \u00e9galement ordonn\u00e9 au chef du contre-espionnage militaire, le g\u00e9n\u00e9ral Kwak Jong-keun, d'\u00a0\u00bbentrer rapidement \u00e0 l&rsquo;int\u00e9rieur\u00a0\u00bb du Parlement. \u00ab\u00a0Faites sortir les gens \u00e0 l&rsquo;int\u00e9rieur de l&rsquo;assembl\u00e9e, d\u00e9truisez les portes avec une hache si n\u00e9cessaire\u00a0\u00bb, a-t-il d\u00e9clar\u00e9, d&rsquo;apr\u00e8s le parquet, qui ajoute que le pr\u00e9sident aurait discut\u00e9 de la loi martiale d\u00e8s mars avec de hauts responsables militaires. Alors que les d\u00e9put\u00e9s s&rsquo;\u00e9taient d\u00e9p\u00each\u00e9s de rejeter la loi martiale \u00e0 l&rsquo;aube du 4 d\u00e9cembre, le pr\u00e9sident Yoon avait affirm\u00e9 \u00e0 M. Lee qu&rsquo;il la d\u00e9clarerait \u00ab\u00a0une deuxi\u00e8me et une troisi\u00e8me fois\u00a0\u00bb.<\/p>\n\n\n\n<p>R.I. avec agences<\/p>\n","protected":false},"excerpt":{"rendered":"<p>Le chef de l&rsquo;Etat par int\u00e9rim en Cor\u00e9e du Sud, le Premier ministre Han Duck-soo, a \u00e9t\u00e9 \u00e0 son tour<\/p>\n","protected":false},"author":6,"featured_media":60231,"comment_status":"open","ping_status":"closed","sticky":false,"template":"","format":"standard","meta":{"colormag_page_container_layout":"default_layout","colormag_page_sidebar_layout":"default_layout","om_disable_all_campaigns":false,"_monsterinsights_skip_tracking":false,"_monsterinsights_sitenote_active":false,"_monsterinsights_sitenote_note":"","_monsterinsights_sitenote_category":0,"footnotes":"","_wpscppro_dont_share_socialmedia":false,"_wpscppro_custom_social_share_image":0,"_facebook_share_type":"default","_twitter_share_type":"default","_linkedin_share_type":"default","_pinterest_share_type":"default","_linkedin_share_type_page":"","_instagram_share_type":"default","_medium_share_type":"default","_threads_share_type":"","_google_business_share_type":"","_selected_social_profile":[],"_wpsp_enable_custom_social_template":false,"_wpsp_social_scheduling":{"enabled":false,"datetime":null,"platforms":[],"status":"template_only","dateOption":"today","timeOption":"now","customDays":"","customHours":"","customDate":"","customTime":"","schedulingType":"absolute"},"_wpsp_active_default_template":true},"categories":[37],"tags":[],"class_list":["post-61045","post","type-post","status-publish","format-standard","has-post-thumbnail","hentry","category-monde"],"aioseo_notices":[],"yoast_head":"<!-- This site is optimized with the Yoast SEO plugin v27.5 - https:\/\/yoast.com\/product\/yoast-seo-wordpress\/ -->\n<title>La Cor\u00e9e du Sud s\u2019enfonce dans la crise politique - La Sentinelle<\/title>\n<meta name=\"robots\" content=\"index, follow, max-snippet:-1, max-image-preview:large, max-video-preview:-1\" \/>\n<link rel=\"canonical\" href=\"https:\/\/lasentinelle.dz\/index.php\/2024\/12\/29\/la-coree-du-sud-senfonce-dans-la-crise-politique\/\" \/>\n<meta property=\"og:locale\" content=\"fr_FR\" \/>\n<meta property=\"og:type\" content=\"article\" \/>\n<meta property=\"og:title\" content=\"La Cor\u00e9e du Sud s\u2019enfonce dans la crise politique - La Sentinelle\" \/>\n<meta property=\"og:description\" content=\"Le chef de l&rsquo;Etat par int\u00e9rim en Cor\u00e9e du Sud, le Premier ministre Han Duck-soo, a \u00e9t\u00e9 \u00e0 son tour\" \/>\n<meta property=\"og:url\" content=\"https:\/\/lasentinelle.dz\/index.php\/2024\/12\/29\/la-coree-du-sud-senfonce-dans-la-crise-politique\/\" \/>\n<meta property=\"og:site_name\" content=\"La Sentinelle\" \/>\n<meta property=\"article:publisher\" content=\"https:\/\/www.facebook.com\/La-Sentinelle-104059864394773\" \/>\n<meta property=\"article:published_time\" content=\"2024-12-29T11:47:14+00:00\" \/>\n<meta property=\"article:modified_time\" content=\"2024-12-29T11:47:15+00:00\" \/>\n<meta property=\"og:image\" content=\"https:\/\/lasentinelle.dz\/wp-content\/uploads\/2024\/12\/Yoon-Suk-Yeol-.jpg\" \/>\n\t<meta property=\"og:image:width\" content=\"800\" \/>\n\t<meta property=\"og:image:height\" content=\"533\" \/>\n\t<meta property=\"og:image:type\" content=\"image\/jpeg\" \/>\n<meta name=\"author\" content=\"admin\" \/>\n<meta name=\"twitter:card\" content=\"summary_large_image\" \/>\n<meta name=\"twitter:label1\" content=\"\u00c9crit par\" \/>\n\t<meta name=\"twitter:data1\" content=\"admin\" \/>\n\t<meta name=\"twitter:label2\" content=\"Dur\u00e9e de lecture estim\u00e9e\" \/>\n\t<meta name=\"twitter:data2\" content=\"4 minutes\" \/>\n<script type=\"application\/ld+json\" class=\"yoast-schema-graph\">{\"@context\":\"https:\\\/\\\/schema.org\",\"@graph\":[{\"@type\":\"Article\",\"@id\":\"https:\\\/\\\/lasentinelle.dz\\\/index.php\\\/2024\\\/12\\\/29\\\/la-coree-du-sud-senfonce-dans-la-crise-politique\\\/#article\",\"isPartOf\":{\"@id\":\"https:\\\/\\\/lasentinelle.dz\\\/index.php\\\/2024\\\/12\\\/29\\\/la-coree-du-sud-senfonce-dans-la-crise-politique\\\/\"},\"author\":{\"name\":\"admin\",\"@id\":\"https:\\\/\\\/lasentinelle.dz\\\/#\\\/schema\\\/person\\\/729ee0024f24e0b8c5ec17232f8e8b41\"},\"headline\":\"La Cor\u00e9e du Sud s\u2019enfonce dans la crise politique\",\"datePublished\":\"2024-12-29T11:47:14+00:00\",\"dateModified\":\"2024-12-29T11:47:15+00:00\",\"mainEntityOfPage\":{\"@id\":\"https:\\\/\\\/lasentinelle.dz\\\/index.php\\\/2024\\\/12\\\/29\\\/la-coree-du-sud-senfonce-dans-la-crise-politique\\\/\"},\"wordCount\":815,\"commentCount\":0,\"publisher\":{\"@id\":\"https:\\\/\\\/lasentinelle.dz\\\/#organization\"},\"image\":{\"@id\":\"https:\\\/\\\/lasentinelle.dz\\\/index.php\\\/2024\\\/12\\\/29\\\/la-coree-du-sud-senfonce-dans-la-crise-politique\\\/#primaryimage\"},\"thumbnailUrl\":\"https:\\\/\\\/lasentinelle.dz\\\/wp-content\\\/uploads\\\/2024\\\/12\\\/Yoon-Suk-Yeol-.jpg\",\"articleSection\":[\"Monde\"],\"inLanguage\":\"fr-FR\",\"potentialAction\":[{\"@type\":\"CommentAction\",\"name\":\"Comment\",\"target\":[\"https:\\\/\\\/lasentinelle.dz\\\/index.php\\\/2024\\\/12\\\/29\\\/la-coree-du-sud-senfonce-dans-la-crise-politique\\\/#respond\"]}]},{\"@type\":\"WebPage\",\"@id\":\"https:\\\/\\\/lasentinelle.dz\\\/index.php\\\/2024\\\/12\\\/29\\\/la-coree-du-sud-senfonce-dans-la-crise-politique\\\/\",\"url\":\"https:\\\/\\\/lasentinelle.dz\\\/index.php\\\/2024\\\/12\\\/29\\\/la-coree-du-sud-senfonce-dans-la-crise-politique\\\/\",\"name\":\"La Cor\u00e9e du Sud s\u2019enfonce dans la crise politique - La Sentinelle\",\"isPartOf\":{\"@id\":\"https:\\\/\\\/lasentinelle.dz\\\/#website\"},\"primaryImageOfPage\":{\"@id\":\"https:\\\/\\\/lasentinelle.dz\\\/index.php\\\/2024\\\/12\\\/29\\\/la-coree-du-sud-senfonce-dans-la-crise-politique\\\/#primaryimage\"},\"image\":{\"@id\":\"https:\\\/\\\/lasentinelle.dz\\\/index.php\\\/2024\\\/12\\\/29\\\/la-coree-du-sud-senfonce-dans-la-crise-politique\\\/#primaryimage\"},\"thumbnailUrl\":\"https:\\\/\\\/lasentinelle.dz\\\/wp-content\\\/uploads\\\/2024\\\/12\\\/Yoon-Suk-Yeol-.jpg\",\"datePublished\":\"2024-12-29T11:47:14+00:00\",\"dateModified\":\"2024-12-29T11:47:15+00:00\",\"breadcrumb\":{\"@id\":\"https:\\\/\\\/lasentinelle.dz\\\/index.php\\\/2024\\\/12\\\/29\\\/la-coree-du-sud-senfonce-dans-la-crise-politique\\\/#breadcrumb\"},\"inLanguage\":\"fr-FR\",\"potentialAction\":[{\"@type\":\"ReadAction\",\"target\":[\"https:\\\/\\\/lasentinelle.dz\\\/index.php\\\/2024\\\/12\\\/29\\\/la-coree-du-sud-senfonce-dans-la-crise-politique\\\/\"]}]},{\"@type\":\"ImageObject\",\"inLanguage\":\"fr-FR\",\"@id\":\"https:\\\/\\\/lasentinelle.dz\\\/index.php\\\/2024\\\/12\\\/29\\\/la-coree-du-sud-senfonce-dans-la-crise-politique\\\/#primaryimage\",\"url\":\"https:\\\/\\\/lasentinelle.dz\\\/wp-content\\\/uploads\\\/2024\\\/12\\\/Yoon-Suk-Yeol-.jpg\",\"contentUrl\":\"https:\\\/\\\/lasentinelle.dz\\\/wp-content\\\/uploads\\\/2024\\\/12\\\/Yoon-Suk-Yeol-.jpg\",\"width\":800,\"height\":533},{\"@type\":\"BreadcrumbList\",\"@id\":\"https:\\\/\\\/lasentinelle.dz\\\/index.php\\\/2024\\\/12\\\/29\\\/la-coree-du-sud-senfonce-dans-la-crise-politique\\\/#breadcrumb\",\"itemListElement\":[{\"@type\":\"ListItem\",\"position\":1,\"name\":\"Accueil\",\"item\":\"https:\\\/\\\/lasentinelle.dz\\\/\"},{\"@type\":\"ListItem\",\"position\":2,\"name\":\"La Cor\u00e9e du Sud s\u2019enfonce dans la crise politique\"}]},{\"@type\":\"WebSite\",\"@id\":\"https:\\\/\\\/lasentinelle.dz\\\/#website\",\"url\":\"https:\\\/\\\/lasentinelle.dz\\\/\",\"name\":\"La Sentinelle\",\"description\":\"Quotidien national d&#039;information\",\"publisher\":{\"@id\":\"https:\\\/\\\/lasentinelle.dz\\\/#organization\"},\"potentialAction\":[{\"@type\":\"SearchAction\",\"target\":{\"@type\":\"EntryPoint\",\"urlTemplate\":\"https:\\\/\\\/lasentinelle.dz\\\/?s={search_term_string}\"},\"query-input\":{\"@type\":\"PropertyValueSpecification\",\"valueRequired\":true,\"valueName\":\"search_term_string\"}}],\"inLanguage\":\"fr-FR\"},{\"@type\":\"Organization\",\"@id\":\"https:\\\/\\\/lasentinelle.dz\\\/#organization\",\"name\":\"Quotidien La Sentinelle\",\"url\":\"https:\\\/\\\/lasentinelle.dz\\\/\",\"logo\":{\"@type\":\"ImageObject\",\"inLanguage\":\"fr-FR\",\"@id\":\"https:\\\/\\\/lasentinelle.dz\\\/#\\\/schema\\\/logo\\\/image\\\/\",\"url\":\"https:\\\/\\\/lasentinelle.dz\\\/wp-content\\\/uploads\\\/2021\\\/09\\\/logo-sentinelleSLOGAN-1.png\",\"contentUrl\":\"https:\\\/\\\/lasentinelle.dz\\\/wp-content\\\/uploads\\\/2021\\\/09\\\/logo-sentinelleSLOGAN-1.png\",\"width\":615,\"height\":142,\"caption\":\"Quotidien La Sentinelle\"},\"image\":{\"@id\":\"https:\\\/\\\/lasentinelle.dz\\\/#\\\/schema\\\/logo\\\/image\\\/\"},\"sameAs\":[\"https:\\\/\\\/www.facebook.com\\\/La-Sentinelle-104059864394773\"]},{\"@type\":\"Person\",\"@id\":\"https:\\\/\\\/lasentinelle.dz\\\/#\\\/schema\\\/person\\\/729ee0024f24e0b8c5ec17232f8e8b41\",\"name\":\"admin\",\"image\":{\"@type\":\"ImageObject\",\"inLanguage\":\"fr-FR\",\"@id\":\"https:\\\/\\\/secure.gravatar.com\\\/avatar\\\/4c81fed838786e9b53f540bf46533e750f5d292099ae3b66cfc6fb1982e29df7?s=96&d=mm&r=g\",\"url\":\"https:\\\/\\\/secure.gravatar.com\\\/avatar\\\/4c81fed838786e9b53f540bf46533e750f5d292099ae3b66cfc6fb1982e29df7?s=96&d=mm&r=g\",\"contentUrl\":\"https:\\\/\\\/secure.gravatar.com\\\/avatar\\\/4c81fed838786e9b53f540bf46533e750f5d292099ae3b66cfc6fb1982e29df7?s=96&d=mm&r=g\",\"caption\":\"admin\"},\"description\":\"admin\",\"url\":\"https:\\\/\\\/lasentinelle.dz\\\/author\\\/admin\\\/\"}]}<\/script>\n<!-- \/ Yoast SEO plugin. -->","yoast_head_json":{"title":"La Cor\u00e9e du Sud s\u2019enfonce dans la crise politique - La Sentinelle","robots":{"index":"index","follow":"follow","max-snippet":"max-snippet:-1","max-image-preview":"max-image-preview:large","max-video-preview":"max-video-preview:-1"},"canonical":"https:\/\/lasentinelle.dz\/index.php\/2024\/12\/29\/la-coree-du-sud-senfonce-dans-la-crise-politique\/","og_locale":"fr_FR","og_type":"article","og_title":"La Cor\u00e9e du Sud s\u2019enfonce dans la crise politique - La Sentinelle","og_description":"Le chef de l&rsquo;Etat par int\u00e9rim en Cor\u00e9e du Sud, le Premier ministre Han Duck-soo, a \u00e9t\u00e9 \u00e0 son tour","og_url":"https:\/\/lasentinelle.dz\/index.php\/2024\/12\/29\/la-coree-du-sud-senfonce-dans-la-crise-politique\/","og_site_name":"La Sentinelle","article_publisher":"https:\/\/www.facebook.com\/La-Sentinelle-104059864394773","article_published_time":"2024-12-29T11:47:14+00:00","article_modified_time":"2024-12-29T11:47:15+00:00","og_image":[{"width":800,"height":533,"url":"https:\/\/lasentinelle.dz\/wp-content\/uploads\/2024\/12\/Yoon-Suk-Yeol-.jpg","type":"image\/jpeg"}],"author":"admin","twitter_card":"summary_large_image","twitter_misc":{"\u00c9crit par":"admin","Dur\u00e9e de lecture estim\u00e9e":"4 minutes"},"schema":{"@context":"https:\/\/schema.org","@graph":[{"@type":"Article","@id":"https:\/\/lasentinelle.dz\/index.php\/2024\/12\/29\/la-coree-du-sud-senfonce-dans-la-crise-politique\/#article","isPartOf":{"@id":"https:\/\/lasentinelle.dz\/index.php\/2024\/12\/29\/la-coree-du-sud-senfonce-dans-la-crise-politique\/"},"author":{"name":"admin","@id":"https:\/\/lasentinelle.dz\/#\/schema\/person\/729ee0024f24e0b8c5ec17232f8e8b41"},"headline":"La Cor\u00e9e du Sud s\u2019enfonce dans la crise politique","datePublished":"2024-12-29T11:47:14+00:00","dateModified":"2024-12-29T11:47:15+00:00","mainEntityOfPage":{"@id":"https:\/\/lasentinelle.dz\/index.php\/2024\/12\/29\/la-coree-du-sud-senfonce-dans-la-crise-politique\/"},"wordCount":815,"commentCount":0,"publisher":{"@id":"https:\/\/lasentinelle.dz\/#organization"},"image":{"@id":"https:\/\/lasentinelle.dz\/index.php\/2024\/12\/29\/la-coree-du-sud-senfonce-dans-la-crise-politique\/#primaryimage"},"thumbnailUrl":"https:\/\/lasentinelle.dz\/wp-content\/uploads\/2024\/12\/Yoon-Suk-Yeol-.jpg","articleSection":["Monde"],"inLanguage":"fr-FR","potentialAction":[{"@type":"CommentAction","name":"Comment","target":["https:\/\/lasentinelle.dz\/index.php\/2024\/12\/29\/la-coree-du-sud-senfonce-dans-la-crise-politique\/#respond"]}]},{"@type":"WebPage","@id":"https:\/\/lasentinelle.dz\/index.php\/2024\/12\/29\/la-coree-du-sud-senfonce-dans-la-crise-politique\/","url":"https:\/\/lasentinelle.dz\/index.php\/2024\/12\/29\/la-coree-du-sud-senfonce-dans-la-crise-politique\/","name":"La Cor\u00e9e du Sud s\u2019enfonce dans la crise politique - La Sentinelle","isPartOf":{"@id":"https:\/\/lasentinelle.dz\/#website"},"primaryImageOfPage":{"@id":"https:\/\/lasentinelle.dz\/index.php\/2024\/12\/29\/la-coree-du-sud-senfonce-dans-la-crise-politique\/#primaryimage"},"image":{"@id":"https:\/\/lasentinelle.dz\/index.php\/2024\/12\/29\/la-coree-du-sud-senfonce-dans-la-crise-politique\/#primaryimage"},"thumbnailUrl":"https:\/\/lasentinelle.dz\/wp-content\/uploads\/2024\/12\/Yoon-Suk-Yeol-.jpg","datePublished":"2024-12-29T11:47:14+00:00","dateModified":"2024-12-29T11:47:15+00:00","breadcrumb":{"@id":"https:\/\/lasentinelle.dz\/index.php\/2024\/12\/29\/la-coree-du-sud-senfonce-dans-la-crise-politique\/#breadcrumb"},"inLanguage":"fr-FR","potentialAction":[{"@type":"ReadAction","target":["https:\/\/lasentinelle.dz\/index.php\/2024\/12\/29\/la-coree-du-sud-senfonce-dans-la-crise-politique\/"]}]},{"@type":"ImageObject","inLanguage":"fr-FR","@id":"https:\/\/lasentinelle.dz\/index.php\/2024\/12\/29\/la-coree-du-sud-senfonce-dans-la-crise-politique\/#primaryimage","url":"https:\/\/lasentinelle.dz\/wp-content\/uploads\/2024\/12\/Yoon-Suk-Yeol-.jpg","contentUrl":"https:\/\/lasentinelle.dz\/wp-content\/uploads\/2024\/12\/Yoon-Suk-Yeol-.jpg","width":800,"height":533},{"@type":"BreadcrumbList","@id":"https:\/\/lasentinelle.dz\/index.php\/2024\/12\/29\/la-coree-du-sud-senfonce-dans-la-crise-politique\/#breadcrumb","itemListElement":[{"@type":"ListItem","position":1,"name":"Accueil","item":"https:\/\/lasentinelle.dz\/"},{"@type":"ListItem","position":2,"name":"La Cor\u00e9e du Sud s\u2019enfonce dans la crise politique"}]},{"@type":"WebSite","@id":"https:\/\/lasentinelle.dz\/#website","url":"https:\/\/lasentinelle.dz\/","name":"La Sentinelle","description":"Quotidien national d&#039;information","publisher":{"@id":"https:\/\/lasentinelle.dz\/#organization"},"potentialAction":[{"@type":"SearchAction","target":{"@type":"EntryPoint","urlTemplate":"https:\/\/lasentinelle.dz\/?s={search_term_string}"},"query-input":{"@type":"PropertyValueSpecification","valueRequired":true,"valueName":"search_term_string"}}],"inLanguage":"fr-FR"},{"@type":"Organization","@id":"https:\/\/lasentinelle.dz\/#organization","name":"Quotidien La Sentinelle","url":"https:\/\/lasentinelle.dz\/","logo":{"@type":"ImageObject","inLanguage":"fr-FR","@id":"https:\/\/lasentinelle.dz\/#\/schema\/logo\/image\/","url":"https:\/\/lasentinelle.dz\/wp-content\/uploads\/2021\/09\/logo-sentinelleSLOGAN-1.png","contentUrl":"https:\/\/lasentinelle.dz\/wp-content\/uploads\/2021\/09\/logo-sentinelleSLOGAN-1.png","width":615,"height":142,"caption":"Quotidien La Sentinelle"},"image":{"@id":"https:\/\/lasentinelle.dz\/#\/schema\/logo\/image\/"},"sameAs":["https:\/\/www.facebook.com\/La-Sentinelle-104059864394773"]},{"@type":"Person","@id":"https:\/\/lasentinelle.dz\/#\/schema\/person\/729ee0024f24e0b8c5ec17232f8e8b41","name":"admin","image":{"@type":"ImageObject","inLanguage":"fr-FR","@id":"https:\/\/secure.gravatar.com\/avatar\/4c81fed838786e9b53f540bf46533e750f5d292099ae3b66cfc6fb1982e29df7?s=96&d=mm&r=g","url":"https:\/\/secure.gravatar.com\/avatar\/4c81fed838786e9b53f540bf46533e750f5d292099ae3b66cfc6fb1982e29df7?s=96&d=mm&r=g","contentUrl":"https:\/\/secure.gravatar.com\/avatar\/4c81fed838786e9b53f540bf46533e750f5d292099ae3b66cfc6fb1982e29df7?s=96&d=mm&r=g","caption":"admin"},"description":"admin","url":"https:\/\/lasentinelle.dz\/author\/admin\/"}]}},"_links":{"self":[{"href":"https:\/\/lasentinelle.dz\/index.php\/wp-json\/wp\/v2\/posts\/61045","targetHints":{"allow":["GET"]}}],"collection":[{"href":"https:\/\/lasentinelle.dz\/index.php\/wp-json\/wp\/v2\/posts"}],"about":[{"href":"https:\/\/lasentinelle.dz\/index.php\/wp-json\/wp\/v2\/types\/post"}],"author":[{"embeddable":true,"href":"https:\/\/lasentinelle.dz\/index.php\/wp-json\/wp\/v2\/users\/6"}],"replies":[{"embeddable":true,"href":"https:\/\/lasentinelle.dz\/index.php\/wp-json\/wp\/v2\/comments?post=61045"}],"version-history":[{"count":1,"href":"https:\/\/lasentinelle.dz\/index.php\/wp-json\/wp\/v2\/posts\/61045\/revisions"}],"predecessor-version":[{"id":61046,"href":"https:\/\/lasentinelle.dz\/index.php\/wp-json\/wp\/v2\/posts\/61045\/revisions\/61046"}],"wp:featuredmedia":[{"embeddable":true,"href":"https:\/\/lasentinelle.dz\/index.php\/wp-json\/wp\/v2\/media\/60231"}],"wp:attachment":[{"href":"https:\/\/lasentinelle.dz\/index.php\/wp-json\/wp\/v2\/media?parent=61045"}],"wp:term":[{"taxonomy":"category","embeddable":true,"href":"https:\/\/lasentinelle.dz\/index.php\/wp-json\/wp\/v2\/categories?post=61045"},{"taxonomy":"post_tag","embeddable":true,"href":"https:\/\/lasentinelle.dz\/index.php\/wp-json\/wp\/v2\/tags?post=61045"}],"curies":[{"name":"wp","href":"https:\/\/api.w.org\/{rel}","templated":true}]}}