{"id":61047,"date":"2024-12-29T12:48:22","date_gmt":"2024-12-29T11:48:22","guid":{"rendered":"https:\/\/lasentinelle.dz\/?p=61047"},"modified":"2024-12-29T12:48:22","modified_gmt":"2024-12-29T11:48:22","slug":"le-senegal-determine-a-rompre-avec-le-modele-colonial","status":"publish","type":"post","link":"https:\/\/lasentinelle.dz\/index.php\/2024\/12\/29\/le-senegal-determine-a-rompre-avec-le-modele-colonial\/","title":{"rendered":"Le S\u00e9n\u00e9gal d\u00e9termin\u00e9 \u00e0 rompre avec le mod\u00e8le colonial"},"content":{"rendered":"\n<p>Le Premier ministre s\u00e9n\u00e9galais Ousmane Sonko a confirm\u00e9 vendredi la d\u00e9cision de fermer toutes les bases militaires \u00e9trang\u00e8res dans le pays. M. Sonko a indiqu\u00e9 lors de son discours de politique g\u00e9n\u00e9rale au Parlement que cette d\u00e9cision refl\u00e9tait la d\u00e9termination de Dakar de renforcer la souverainet\u00e9 nationale et de r\u00e9orienter la politique de d\u00e9fense du pays.<\/p>\n\n\n\n<p>Dans son premier discours de politique g\u00e9n\u00e9rale prononc\u00e9 vendredi devant l&rsquo;Assembl\u00e9e nationale, le Premier ministre s\u00e9n\u00e9galais Ousmane Sonko a pr\u00e9sent\u00e9 sa vision d&rsquo;une rupture profonde avec le mod\u00e8le h\u00e9rit\u00e9 de la colonisation, esquissant les contours d&rsquo;une transformation radicale de l&rsquo;\u00e9conomie et de la soci\u00e9t\u00e9 s\u00e9n\u00e9galaises pour les cinq ann\u00e9es \u00e0 venir. \u00ab\u00a0Il est imp\u00e9ratif d&rsquo;op\u00e9rer une rupture d&rsquo;une profondeur et d&rsquo;une port\u00e9e jamais vue dans notre pays, jamais vu depuis notre accession \u00e0 l&rsquo;ind\u00e9pendance\u00a0\u00bb, a d\u00e9clar\u00e9 d&#8217;embl\u00e9e le chef du gouvernement. Dans cette optique, le Premier ministre s\u00e9n\u00e9galais a notamment annonc\u00e9 son intention d&rsquo;abroger la loi d&rsquo;amnistie vot\u00e9e \u00e0 l&rsquo;initiative de l&rsquo;ancien pr\u00e9sident, un texte qui avait pourtant permis sa propre lib\u00e9ration ainsi que celle du pr\u00e9sident Bassirou Diomaye Faye au d\u00e9but de l&rsquo;ann\u00e9e. Cette loi visait \u00e0 l&rsquo;\u00e9poque \u00e0 apaiser les tensions politiques apr\u00e8s trois ann\u00e9es de confrontation ayant fait plusieurs dizaines de morts selon les ONG. Sur le plan diplomatique et militaire, le Premier ministre a confirm\u00e9 la d\u00e9cision annonc\u00e9e par le pr\u00e9sident Faye de fermer les bases militaires fran\u00e7aises pr\u00e9sentes sur le territoire s\u00e9n\u00e9galais, une annonce qui a suscit\u00e9 les applaudissements des d\u00e9put\u00e9s. Le S\u00e9n\u00e9gal compte actuellement trois sites militaires fran\u00e7ais o\u00f9 sont d\u00e9ploy\u00e9s environ 300 soldats. Dans la m\u00eame veine de distanciation vis-\u00e0-vis de l&rsquo;ancienne puissance coloniale, Sonko a annonc\u00e9 l&rsquo;application d&rsquo;un \u00ab\u00a0principe de r\u00e9ciprocit\u00e9 pour la d\u00e9livrance de visas aux ressortissants de certains pays qui l&rsquo;exigent \u00e0 nos ressortissants\u00a0\u00bb, une mesure qui, bien que formul\u00e9e de mani\u00e8re g\u00e9n\u00e9rale, semble particuli\u00e8rement viser la France.<\/p>\n\n\n\n<p>Sur le plan \u00e9conomique, Ousmane Sonko a diagnostiqu\u00e9 un pays \u00ab\u00a0enferm\u00e9 dans le mod\u00e8le \u00e9conomique colonial\u00a0\u00bb dont il entend s&rsquo;extraire, malgr\u00e9 une situation qu&rsquo;il qualifie lui-m\u00eame de \u00ab\u00a0catastrophique\u00a0\u00bb, avec un d\u00e9ficit budg\u00e9taire atteignant 10,4% du PIB et une dette publique s&rsquo;\u00e9levant \u00e0 76,3% du PIB. Pour redresser la barre, le Premier ministre mise sur une importante r\u00e9forme fiscale guid\u00e9e par le principe \u00ab\u00a0faire payer moins \u00e0 tous les S\u00e9n\u00e9galais mais faire payer \u00e0 tous les S\u00e9n\u00e9galais\u00a0\u00bb, l&rsquo;objectif \u00e9tant de parvenir \u00e0 une fiscalit\u00e9 plus \u00ab\u00a0efficace et \u00e9quitable\u00a0\u00bb. Dans la m\u00eame logique, il a annonc\u00e9 le retrait du S\u00e9n\u00e9gal de toutes les conventions bilat\u00e9rales impliquant des paradis fiscaux. Le chef du gouvernement a \u00e9galement d\u00e9taill\u00e9 sa vision d&rsquo;une politique sociale r\u00e9nov\u00e9e, avec notamment une \u00ab\u00a0rationalisation des subventions \u00e0 l&rsquo;\u00e9nergie\u00a0\u00bb destin\u00e9e \u00e0 mieux cibler les m\u00e9nages les plus pauvres. Il a par ailleurs r\u00e9affirm\u00e9 sa volont\u00e9 de \u00ab\u00a0s&rsquo;attaquer \u00e0 la vie ch\u00e8re\u00a0\u00bb et de donner la priorit\u00e9 \u00e0 \u00ab\u00a0la demande sociale\u00a0\u00bb pour am\u00e9liorer la qualit\u00e9 de vie des S\u00e9n\u00e9galais. Malgr\u00e9 les difficult\u00e9s \u00e9conomiques actuelles, Sonko affiche l&rsquo;ambition de \u00ab\u00a0hisser le S\u00e9n\u00e9gal parmi les \u00e9conomies les plus comp\u00e9titives d&rsquo;Afrique\u00a0\u00bb, s&rsquo;appuyant notamment sur les perspectives offertes par l&rsquo;exploitation des ressources gazi\u00e8res du pays.<\/p>\n\n\n\n<p>&nbsp;Enfin, dans le domaine \u00e9ducatif, le Premier ministre a esquiss\u00e9 une r\u00e9forme linguistique d&rsquo;envergure avec la promotion du \u00ab\u00a0multilinguisme\u00a0\u00bb via \u00ab\u00a0la g\u00e9n\u00e9ralisation de l&rsquo;enseignement de l&rsquo;anglais \u00e0 l&rsquo;\u00e9cole \u00e9l\u00e9mentaire et l&rsquo;utilisation des langues nationales dans le syst\u00e8me d&rsquo;\u00e9ducation et de formation\u00a0\u00bb. Cette initiative marque une inflexion significative dans ce pays o\u00f9 l&rsquo;enseignement public est traditionnellement dispens\u00e9 en fran\u00e7ais, et s&rsquo;inscrit dans la continuit\u00e9 des mesures visant \u00e0 r\u00e9duire l&rsquo;influence de l&rsquo;ancienne puissance coloniale. \u00c0 travers ce discours programmatique, Ousmane Sonko pose ainsi les jalons d&rsquo;une politique de rupture ambitieuse, tant sur le plan \u00e9conomique que diplomatique et culturel, dont la mise en \u0153uvre effective constituera l&rsquo;un des principaux d\u00e9fis de son mandat de Premier ministre.<\/p>\n\n\n\n<p>R.I.<\/p>\n","protected":false},"excerpt":{"rendered":"<p>Le Premier ministre s\u00e9n\u00e9galais Ousmane Sonko a confirm\u00e9 vendredi la d\u00e9cision de fermer toutes les bases militaires \u00e9trang\u00e8res dans le<\/p>\n","protected":false},"author":6,"featured_media":61048,"comment_status":"open","ping_status":"closed","sticky":false,"template":"","format":"standard","meta":{"colormag_page_container_layout":"default_layout","colormag_page_sidebar_layout":"default_layout","om_disable_all_campaigns":false,"_monsterinsights_skip_tracking":false,"_monsterinsights_sitenote_active":false,"_monsterinsights_sitenote_note":"","_monsterinsights_sitenote_category":0,"footnotes":"","_wpscppro_dont_share_socialmedia":false,"_wpscppro_custom_social_share_image":0,"_facebook_share_type":"default","_twitter_share_type":"default","_linkedin_share_type":"default","_pinterest_share_type":"default","_linkedin_share_type_page":"","_instagram_share_type":"default","_medium_share_type":"default","_threads_share_type":"","_google_business_share_type":"","_selected_social_profile":[],"_wpsp_enable_custom_social_template":false,"_wpsp_social_scheduling":{"enabled":false,"datetime":null,"platforms":[],"status":"template_only","dateOption":"today","timeOption":"now","customDays":"","customHours":"","customDate":"","customTime":"","schedulingType":"absolute"},"_wpsp_active_default_template":true},"categories":[37],"tags":[],"class_list":["post-61047","post","type-post","status-publish","format-standard","has-post-thumbnail","hentry","category-monde"],"aioseo_notices":[],"yoast_head":"<!-- This site is optimized with the Yoast SEO plugin v27.5 - https:\/\/yoast.com\/product\/yoast-seo-wordpress\/ -->\n<title>Le S\u00e9n\u00e9gal d\u00e9termin\u00e9 \u00e0 rompre avec le mod\u00e8le colonial - La Sentinelle<\/title>\n<meta name=\"robots\" content=\"index, follow, max-snippet:-1, max-image-preview:large, max-video-preview:-1\" \/>\n<link rel=\"canonical\" href=\"https:\/\/lasentinelle.dz\/index.php\/2024\/12\/29\/le-senegal-determine-a-rompre-avec-le-modele-colonial\/\" \/>\n<meta property=\"og:locale\" content=\"fr_FR\" \/>\n<meta property=\"og:type\" content=\"article\" \/>\n<meta property=\"og:title\" content=\"Le S\u00e9n\u00e9gal d\u00e9termin\u00e9 \u00e0 rompre avec le mod\u00e8le colonial - La Sentinelle\" \/>\n<meta property=\"og:description\" content=\"Le Premier ministre s\u00e9n\u00e9galais Ousmane Sonko a confirm\u00e9 vendredi la d\u00e9cision de fermer toutes les bases militaires \u00e9trang\u00e8res dans le\" \/>\n<meta property=\"og:url\" content=\"https:\/\/lasentinelle.dz\/index.php\/2024\/12\/29\/le-senegal-determine-a-rompre-avec-le-modele-colonial\/\" \/>\n<meta property=\"og:site_name\" content=\"La Sentinelle\" \/>\n<meta property=\"article:publisher\" content=\"https:\/\/www.facebook.com\/La-Sentinelle-104059864394773\" \/>\n<meta property=\"article:published_time\" content=\"2024-12-29T11:48:22+00:00\" \/>\n<meta property=\"og:image\" content=\"https:\/\/lasentinelle.dz\/wp-content\/uploads\/2024\/12\/sonko.webp\" \/>\n\t<meta property=\"og:image:width\" content=\"640\" \/>\n\t<meta property=\"og:image:height\" content=\"360\" \/>\n\t<meta property=\"og:image:type\" content=\"image\/webp\" \/>\n<meta name=\"author\" content=\"admin\" \/>\n<meta name=\"twitter:card\" content=\"summary_large_image\" \/>\n<meta name=\"twitter:label1\" content=\"\u00c9crit par\" \/>\n\t<meta name=\"twitter:data1\" content=\"admin\" \/>\n\t<meta name=\"twitter:label2\" content=\"Dur\u00e9e de lecture estim\u00e9e\" \/>\n\t<meta name=\"twitter:data2\" content=\"4 minutes\" \/>\n<script type=\"application\/ld+json\" class=\"yoast-schema-graph\">{\"@context\":\"https:\\\/\\\/schema.org\",\"@graph\":[{\"@type\":\"Article\",\"@id\":\"https:\\\/\\\/lasentinelle.dz\\\/index.php\\\/2024\\\/12\\\/29\\\/le-senegal-determine-a-rompre-avec-le-modele-colonial\\\/#article\",\"isPartOf\":{\"@id\":\"https:\\\/\\\/lasentinelle.dz\\\/index.php\\\/2024\\\/12\\\/29\\\/le-senegal-determine-a-rompre-avec-le-modele-colonial\\\/\"},\"author\":{\"name\":\"admin\",\"@id\":\"https:\\\/\\\/lasentinelle.dz\\\/#\\\/schema\\\/person\\\/729ee0024f24e0b8c5ec17232f8e8b41\"},\"headline\":\"Le S\u00e9n\u00e9gal d\u00e9termin\u00e9 \u00e0 rompre avec le mod\u00e8le colonial\",\"datePublished\":\"2024-12-29T11:48:22+00:00\",\"mainEntityOfPage\":{\"@id\":\"https:\\\/\\\/lasentinelle.dz\\\/index.php\\\/2024\\\/12\\\/29\\\/le-senegal-determine-a-rompre-avec-le-modele-colonial\\\/\"},\"wordCount\":754,\"commentCount\":0,\"publisher\":{\"@id\":\"https:\\\/\\\/lasentinelle.dz\\\/#organization\"},\"image\":{\"@id\":\"https:\\\/\\\/lasentinelle.dz\\\/index.php\\\/2024\\\/12\\\/29\\\/le-senegal-determine-a-rompre-avec-le-modele-colonial\\\/#primaryimage\"},\"thumbnailUrl\":\"https:\\\/\\\/lasentinelle.dz\\\/wp-content\\\/uploads\\\/2024\\\/12\\\/sonko.webp\",\"articleSection\":[\"Monde\"],\"inLanguage\":\"fr-FR\",\"potentialAction\":[{\"@type\":\"CommentAction\",\"name\":\"Comment\",\"target\":[\"https:\\\/\\\/lasentinelle.dz\\\/index.php\\\/2024\\\/12\\\/29\\\/le-senegal-determine-a-rompre-avec-le-modele-colonial\\\/#respond\"]}]},{\"@type\":\"WebPage\",\"@id\":\"https:\\\/\\\/lasentinelle.dz\\\/index.php\\\/2024\\\/12\\\/29\\\/le-senegal-determine-a-rompre-avec-le-modele-colonial\\\/\",\"url\":\"https:\\\/\\\/lasentinelle.dz\\\/index.php\\\/2024\\\/12\\\/29\\\/le-senegal-determine-a-rompre-avec-le-modele-colonial\\\/\",\"name\":\"Le S\u00e9n\u00e9gal d\u00e9termin\u00e9 \u00e0 rompre avec le mod\u00e8le colonial - La Sentinelle\",\"isPartOf\":{\"@id\":\"https:\\\/\\\/lasentinelle.dz\\\/#website\"},\"primaryImageOfPage\":{\"@id\":\"https:\\\/\\\/lasentinelle.dz\\\/index.php\\\/2024\\\/12\\\/29\\\/le-senegal-determine-a-rompre-avec-le-modele-colonial\\\/#primaryimage\"},\"image\":{\"@id\":\"https:\\\/\\\/lasentinelle.dz\\\/index.php\\\/2024\\\/12\\\/29\\\/le-senegal-determine-a-rompre-avec-le-modele-colonial\\\/#primaryimage\"},\"thumbnailUrl\":\"https:\\\/\\\/lasentinelle.dz\\\/wp-content\\\/uploads\\\/2024\\\/12\\\/sonko.webp\",\"datePublished\":\"2024-12-29T11:48:22+00:00\",\"breadcrumb\":{\"@id\":\"https:\\\/\\\/lasentinelle.dz\\\/index.php\\\/2024\\\/12\\\/29\\\/le-senegal-determine-a-rompre-avec-le-modele-colonial\\\/#breadcrumb\"},\"inLanguage\":\"fr-FR\",\"potentialAction\":[{\"@type\":\"ReadAction\",\"target\":[\"https:\\\/\\\/lasentinelle.dz\\\/index.php\\\/2024\\\/12\\\/29\\\/le-senegal-determine-a-rompre-avec-le-modele-colonial\\\/\"]}]},{\"@type\":\"ImageObject\",\"inLanguage\":\"fr-FR\",\"@id\":\"https:\\\/\\\/lasentinelle.dz\\\/index.php\\\/2024\\\/12\\\/29\\\/le-senegal-determine-a-rompre-avec-le-modele-colonial\\\/#primaryimage\",\"url\":\"https:\\\/\\\/lasentinelle.dz\\\/wp-content\\\/uploads\\\/2024\\\/12\\\/sonko.webp\",\"contentUrl\":\"https:\\\/\\\/lasentinelle.dz\\\/wp-content\\\/uploads\\\/2024\\\/12\\\/sonko.webp\",\"width\":640,\"height\":360},{\"@type\":\"BreadcrumbList\",\"@id\":\"https:\\\/\\\/lasentinelle.dz\\\/index.php\\\/2024\\\/12\\\/29\\\/le-senegal-determine-a-rompre-avec-le-modele-colonial\\\/#breadcrumb\",\"itemListElement\":[{\"@type\":\"ListItem\",\"position\":1,\"name\":\"Accueil\",\"item\":\"https:\\\/\\\/lasentinelle.dz\\\/\"},{\"@type\":\"ListItem\",\"position\":2,\"name\":\"Le S\u00e9n\u00e9gal d\u00e9termin\u00e9 \u00e0 rompre avec le mod\u00e8le colonial\"}]},{\"@type\":\"WebSite\",\"@id\":\"https:\\\/\\\/lasentinelle.dz\\\/#website\",\"url\":\"https:\\\/\\\/lasentinelle.dz\\\/\",\"name\":\"La Sentinelle\",\"description\":\"Quotidien national d&#039;information\",\"publisher\":{\"@id\":\"https:\\\/\\\/lasentinelle.dz\\\/#organization\"},\"potentialAction\":[{\"@type\":\"SearchAction\",\"target\":{\"@type\":\"EntryPoint\",\"urlTemplate\":\"https:\\\/\\\/lasentinelle.dz\\\/?s={search_term_string}\"},\"query-input\":{\"@type\":\"PropertyValueSpecification\",\"valueRequired\":true,\"valueName\":\"search_term_string\"}}],\"inLanguage\":\"fr-FR\"},{\"@type\":\"Organization\",\"@id\":\"https:\\\/\\\/lasentinelle.dz\\\/#organization\",\"name\":\"Quotidien La Sentinelle\",\"url\":\"https:\\\/\\\/lasentinelle.dz\\\/\",\"logo\":{\"@type\":\"ImageObject\",\"inLanguage\":\"fr-FR\",\"@id\":\"https:\\\/\\\/lasentinelle.dz\\\/#\\\/schema\\\/logo\\\/image\\\/\",\"url\":\"https:\\\/\\\/lasentinelle.dz\\\/wp-content\\\/uploads\\\/2021\\\/09\\\/logo-sentinelleSLOGAN-1.png\",\"contentUrl\":\"https:\\\/\\\/lasentinelle.dz\\\/wp-content\\\/uploads\\\/2021\\\/09\\\/logo-sentinelleSLOGAN-1.png\",\"width\":615,\"height\":142,\"caption\":\"Quotidien La Sentinelle\"},\"image\":{\"@id\":\"https:\\\/\\\/lasentinelle.dz\\\/#\\\/schema\\\/logo\\\/image\\\/\"},\"sameAs\":[\"https:\\\/\\\/www.facebook.com\\\/La-Sentinelle-104059864394773\"]},{\"@type\":\"Person\",\"@id\":\"https:\\\/\\\/lasentinelle.dz\\\/#\\\/schema\\\/person\\\/729ee0024f24e0b8c5ec17232f8e8b41\",\"name\":\"admin\",\"image\":{\"@type\":\"ImageObject\",\"inLanguage\":\"fr-FR\",\"@id\":\"https:\\\/\\\/secure.gravatar.com\\\/avatar\\\/4c81fed838786e9b53f540bf46533e750f5d292099ae3b66cfc6fb1982e29df7?s=96&d=mm&r=g\",\"url\":\"https:\\\/\\\/secure.gravatar.com\\\/avatar\\\/4c81fed838786e9b53f540bf46533e750f5d292099ae3b66cfc6fb1982e29df7?s=96&d=mm&r=g\",\"contentUrl\":\"https:\\\/\\\/secure.gravatar.com\\\/avatar\\\/4c81fed838786e9b53f540bf46533e750f5d292099ae3b66cfc6fb1982e29df7?s=96&d=mm&r=g\",\"caption\":\"admin\"},\"description\":\"admin\",\"url\":\"https:\\\/\\\/lasentinelle.dz\\\/author\\\/admin\\\/\"}]}<\/script>\n<!-- \/ Yoast SEO plugin. -->","yoast_head_json":{"title":"Le S\u00e9n\u00e9gal d\u00e9termin\u00e9 \u00e0 rompre avec le mod\u00e8le colonial - La Sentinelle","robots":{"index":"index","follow":"follow","max-snippet":"max-snippet:-1","max-image-preview":"max-image-preview:large","max-video-preview":"max-video-preview:-1"},"canonical":"https:\/\/lasentinelle.dz\/index.php\/2024\/12\/29\/le-senegal-determine-a-rompre-avec-le-modele-colonial\/","og_locale":"fr_FR","og_type":"article","og_title":"Le S\u00e9n\u00e9gal d\u00e9termin\u00e9 \u00e0 rompre avec le mod\u00e8le colonial - La Sentinelle","og_description":"Le Premier ministre s\u00e9n\u00e9galais Ousmane Sonko a confirm\u00e9 vendredi la d\u00e9cision de fermer toutes les bases militaires \u00e9trang\u00e8res dans le","og_url":"https:\/\/lasentinelle.dz\/index.php\/2024\/12\/29\/le-senegal-determine-a-rompre-avec-le-modele-colonial\/","og_site_name":"La Sentinelle","article_publisher":"https:\/\/www.facebook.com\/La-Sentinelle-104059864394773","article_published_time":"2024-12-29T11:48:22+00:00","og_image":[{"width":640,"height":360,"url":"https:\/\/lasentinelle.dz\/wp-content\/uploads\/2024\/12\/sonko.webp","type":"image\/webp"}],"author":"admin","twitter_card":"summary_large_image","twitter_misc":{"\u00c9crit par":"admin","Dur\u00e9e de lecture estim\u00e9e":"4 minutes"},"schema":{"@context":"https:\/\/schema.org","@graph":[{"@type":"Article","@id":"https:\/\/lasentinelle.dz\/index.php\/2024\/12\/29\/le-senegal-determine-a-rompre-avec-le-modele-colonial\/#article","isPartOf":{"@id":"https:\/\/lasentinelle.dz\/index.php\/2024\/12\/29\/le-senegal-determine-a-rompre-avec-le-modele-colonial\/"},"author":{"name":"admin","@id":"https:\/\/lasentinelle.dz\/#\/schema\/person\/729ee0024f24e0b8c5ec17232f8e8b41"},"headline":"Le S\u00e9n\u00e9gal d\u00e9termin\u00e9 \u00e0 rompre avec le mod\u00e8le colonial","datePublished":"2024-12-29T11:48:22+00:00","mainEntityOfPage":{"@id":"https:\/\/lasentinelle.dz\/index.php\/2024\/12\/29\/le-senegal-determine-a-rompre-avec-le-modele-colonial\/"},"wordCount":754,"commentCount":0,"publisher":{"@id":"https:\/\/lasentinelle.dz\/#organization"},"image":{"@id":"https:\/\/lasentinelle.dz\/index.php\/2024\/12\/29\/le-senegal-determine-a-rompre-avec-le-modele-colonial\/#primaryimage"},"thumbnailUrl":"https:\/\/lasentinelle.dz\/wp-content\/uploads\/2024\/12\/sonko.webp","articleSection":["Monde"],"inLanguage":"fr-FR","potentialAction":[{"@type":"CommentAction","name":"Comment","target":["https:\/\/lasentinelle.dz\/index.php\/2024\/12\/29\/le-senegal-determine-a-rompre-avec-le-modele-colonial\/#respond"]}]},{"@type":"WebPage","@id":"https:\/\/lasentinelle.dz\/index.php\/2024\/12\/29\/le-senegal-determine-a-rompre-avec-le-modele-colonial\/","url":"https:\/\/lasentinelle.dz\/index.php\/2024\/12\/29\/le-senegal-determine-a-rompre-avec-le-modele-colonial\/","name":"Le S\u00e9n\u00e9gal d\u00e9termin\u00e9 \u00e0 rompre avec le mod\u00e8le colonial - La Sentinelle","isPartOf":{"@id":"https:\/\/lasentinelle.dz\/#website"},"primaryImageOfPage":{"@id":"https:\/\/lasentinelle.dz\/index.php\/2024\/12\/29\/le-senegal-determine-a-rompre-avec-le-modele-colonial\/#primaryimage"},"image":{"@id":"https:\/\/lasentinelle.dz\/index.php\/2024\/12\/29\/le-senegal-determine-a-rompre-avec-le-modele-colonial\/#primaryimage"},"thumbnailUrl":"https:\/\/lasentinelle.dz\/wp-content\/uploads\/2024\/12\/sonko.webp","datePublished":"2024-12-29T11:48:22+00:00","breadcrumb":{"@id":"https:\/\/lasentinelle.dz\/index.php\/2024\/12\/29\/le-senegal-determine-a-rompre-avec-le-modele-colonial\/#breadcrumb"},"inLanguage":"fr-FR","potentialAction":[{"@type":"ReadAction","target":["https:\/\/lasentinelle.dz\/index.php\/2024\/12\/29\/le-senegal-determine-a-rompre-avec-le-modele-colonial\/"]}]},{"@type":"ImageObject","inLanguage":"fr-FR","@id":"https:\/\/lasentinelle.dz\/index.php\/2024\/12\/29\/le-senegal-determine-a-rompre-avec-le-modele-colonial\/#primaryimage","url":"https:\/\/lasentinelle.dz\/wp-content\/uploads\/2024\/12\/sonko.webp","contentUrl":"https:\/\/lasentinelle.dz\/wp-content\/uploads\/2024\/12\/sonko.webp","width":640,"height":360},{"@type":"BreadcrumbList","@id":"https:\/\/lasentinelle.dz\/index.php\/2024\/12\/29\/le-senegal-determine-a-rompre-avec-le-modele-colonial\/#breadcrumb","itemListElement":[{"@type":"ListItem","position":1,"name":"Accueil","item":"https:\/\/lasentinelle.dz\/"},{"@type":"ListItem","position":2,"name":"Le S\u00e9n\u00e9gal d\u00e9termin\u00e9 \u00e0 rompre avec le mod\u00e8le colonial"}]},{"@type":"WebSite","@id":"https:\/\/lasentinelle.dz\/#website","url":"https:\/\/lasentinelle.dz\/","name":"La Sentinelle","description":"Quotidien national d&#039;information","publisher":{"@id":"https:\/\/lasentinelle.dz\/#organization"},"potentialAction":[{"@type":"SearchAction","target":{"@type":"EntryPoint","urlTemplate":"https:\/\/lasentinelle.dz\/?s={search_term_string}"},"query-input":{"@type":"PropertyValueSpecification","valueRequired":true,"valueName":"search_term_string"}}],"inLanguage":"fr-FR"},{"@type":"Organization","@id":"https:\/\/lasentinelle.dz\/#organization","name":"Quotidien La Sentinelle","url":"https:\/\/lasentinelle.dz\/","logo":{"@type":"ImageObject","inLanguage":"fr-FR","@id":"https:\/\/lasentinelle.dz\/#\/schema\/logo\/image\/","url":"https:\/\/lasentinelle.dz\/wp-content\/uploads\/2021\/09\/logo-sentinelleSLOGAN-1.png","contentUrl":"https:\/\/lasentinelle.dz\/wp-content\/uploads\/2021\/09\/logo-sentinelleSLOGAN-1.png","width":615,"height":142,"caption":"Quotidien La Sentinelle"},"image":{"@id":"https:\/\/lasentinelle.dz\/#\/schema\/logo\/image\/"},"sameAs":["https:\/\/www.facebook.com\/La-Sentinelle-104059864394773"]},{"@type":"Person","@id":"https:\/\/lasentinelle.dz\/#\/schema\/person\/729ee0024f24e0b8c5ec17232f8e8b41","name":"admin","image":{"@type":"ImageObject","inLanguage":"fr-FR","@id":"https:\/\/secure.gravatar.com\/avatar\/4c81fed838786e9b53f540bf46533e750f5d292099ae3b66cfc6fb1982e29df7?s=96&d=mm&r=g","url":"https:\/\/secure.gravatar.com\/avatar\/4c81fed838786e9b53f540bf46533e750f5d292099ae3b66cfc6fb1982e29df7?s=96&d=mm&r=g","contentUrl":"https:\/\/secure.gravatar.com\/avatar\/4c81fed838786e9b53f540bf46533e750f5d292099ae3b66cfc6fb1982e29df7?s=96&d=mm&r=g","caption":"admin"},"description":"admin","url":"https:\/\/lasentinelle.dz\/author\/admin\/"}]}},"_links":{"self":[{"href":"https:\/\/lasentinelle.dz\/index.php\/wp-json\/wp\/v2\/posts\/61047","targetHints":{"allow":["GET"]}}],"collection":[{"href":"https:\/\/lasentinelle.dz\/index.php\/wp-json\/wp\/v2\/posts"}],"about":[{"href":"https:\/\/lasentinelle.dz\/index.php\/wp-json\/wp\/v2\/types\/post"}],"author":[{"embeddable":true,"href":"https:\/\/lasentinelle.dz\/index.php\/wp-json\/wp\/v2\/users\/6"}],"replies":[{"embeddable":true,"href":"https:\/\/lasentinelle.dz\/index.php\/wp-json\/wp\/v2\/comments?post=61047"}],"version-history":[{"count":1,"href":"https:\/\/lasentinelle.dz\/index.php\/wp-json\/wp\/v2\/posts\/61047\/revisions"}],"predecessor-version":[{"id":61049,"href":"https:\/\/lasentinelle.dz\/index.php\/wp-json\/wp\/v2\/posts\/61047\/revisions\/61049"}],"wp:featuredmedia":[{"embeddable":true,"href":"https:\/\/lasentinelle.dz\/index.php\/wp-json\/wp\/v2\/media\/61048"}],"wp:attachment":[{"href":"https:\/\/lasentinelle.dz\/index.php\/wp-json\/wp\/v2\/media?parent=61047"}],"wp:term":[{"taxonomy":"category","embeddable":true,"href":"https:\/\/lasentinelle.dz\/index.php\/wp-json\/wp\/v2\/categories?post=61047"},{"taxonomy":"post_tag","embeddable":true,"href":"https:\/\/lasentinelle.dz\/index.php\/wp-json\/wp\/v2\/tags?post=61047"}],"curies":[{"name":"wp","href":"https:\/\/api.w.org\/{rel}","templated":true}]}}