{"id":61063,"date":"2024-12-29T12:52:32","date_gmt":"2024-12-29T11:52:32","guid":{"rendered":"https:\/\/lasentinelle.dz\/?p=61063"},"modified":"2024-12-29T12:52:33","modified_gmt":"2024-12-29T11:52:33","slug":"annaba-le-p-apc-del-hadjar-devant-la-justice","status":"publish","type":"post","link":"https:\/\/lasentinelle.dz\/index.php\/2024\/12\/29\/annaba-le-p-apc-del-hadjar-devant-la-justice\/","title":{"rendered":"Annaba : Le P\/APC d\u2019El Hadjar devant la justice"},"content":{"rendered":"\n<p>Le P\/APC de la commune d\u2019El Hadjar et trois autres responsables, dont le secr\u00e9taire g\u00e9n\u00e9ral (SG) ont comparu ce jeudi, devant la barre du tribunal correctionnel d\u2019El Hadjar, pour r\u00e9pondre d\u2019une s\u00e9rie d\u2019accusations, apprend-on de source judiciaire. Celle-ci a fait savoir que le pr\u00e9venu ainsi que ses coaccus\u00e9s ont \u00e9t\u00e9 poursuivis conform\u00e9ment \u00e0 la loi relative \u00e0 la pr\u00e9vention et la lutte contre la corruption. Car, a-t-on pr\u00e9cis\u00e9, le d\u00e9sormais ex P\/APC et le SG, dont les noms ont \u00e9t\u00e9 cit\u00e9s dans plusieurs affaires, sont poursuivis, selon les pr\u00e9cisions apport\u00e9es par la m\u00eame source, pour abus de fonction, d\u00e9tournement de deniers publics, attribution d\u2019indus avantages \u00e0 autrui, d\u00e9tournement et dilapidation de deniers publics et \u00e9tablissement de documents (actes) non conformes \u00e0 la l\u00e9gislation en mati\u00e8re d\u2019\u00e9galit\u00e9 et de transparence des transactions. Ces actes et des d\u00e9passements dans la gestion de la commune \u00e0 caract\u00e8re de corruption, impliquant \u00e9galement deux autres \u00e9lus, ont occasionn\u00e9 un important pr\u00e9judice au Tr\u00e9sor public, a ajout\u00e9 notre source. Cette derni\u00e8re a rappel\u00e9 que le P\/APC, le SG et deux autres \u00e9lus ont fait, en septembre dernier, l\u2019objet d\u2019une instruction, au cours de laquelle, le magistrat instructeur de la deuxi\u00e8me chambre du tribunal d\u2019Annaba avait auditionn\u00e9 les accus\u00e9s sur une s\u00e9rie de d\u00e9passements et irr\u00e9gularit\u00e9s relev\u00e9es par l\u2019enqu\u00eate des services de s\u00e9curit\u00e9. Suite \u00e0 quoi, il a \u00e9t\u00e9 d\u00e9cid\u00e9 de placer les quatre \u00e9lus sous contr\u00f4le judiciaire, a-t-on encore rappel\u00e9. Par ailleurs, il convient de rappeler que ces fait \u00e0 caract\u00e8re de corruption, ont \u00e9t\u00e9 mis \u00e0 nu, \u00e0 l\u2019issue d\u2019une affaire d\u2019octroi d\u2019un contrat de location d\u2019un showroom commercial, pour une dur\u00e9e de plus de deux ans, dans la localit\u00e9 d\u2019Atoui Salah, en plus d\u2019indus avantages accord\u00e9s au locataire au d\u00e9triment de l\u2019APC. Une affaire, dont l\u2019enqu\u00eate men\u00e9e par les services de s\u00e9curit\u00e9, n\u2019\u00e9tait que l\u2019arbre qui cachait la for\u00eat. D\u2019o\u00f9 aux termes des enqu\u00eates men\u00e9es par les services de s\u00e9curit\u00e9, il a \u00e9t\u00e9 d\u00e9couvert des d\u00e9passements et des irr\u00e9gularit\u00e9s \u00e0 la pelle commis par ce P\/APC d\u2019ob\u00e9dience MSP. Ces actes ont \u00e9t\u00e9 entre autres d\u00e9nonc\u00e9s par les membres du conseil de l\u2019APC, qui ont d\u00e9savou\u00e9 l\u2019\u00e9lu et ont exig\u00e9 son d\u00e9part. La situation a d\u00e9bouch\u00e9 sur un blocage qui a, rappelons-le, n\u00e9cessit\u00e9 l\u2019intervention du wali d\u2019Annaba. Le chef de l\u2019ex\u00e9cutif LOCAL a d\u00e9cid\u00e9 la suspension du P\/APC et le gel des activit\u00e9s de l\u2019APC. Celle-ci dont la gestion a \u00e9t\u00e9 confi\u00e9e au chef de da\u00efra, jusqu\u2019\u00e0 la d\u00e9signation d\u2019un P\/APC int\u00e9rimaire. Le verdict est pr\u00e9vu d\u00e9but janvier.<\/p>\n\n\n\n<p><strong>Sofia Chahine<\/strong><\/p>\n","protected":false},"excerpt":{"rendered":"<p>Le P\/APC de la commune d\u2019El Hadjar et trois autres responsables, dont le secr\u00e9taire g\u00e9n\u00e9ral (SG) ont comparu ce jeudi,<\/p>\n","protected":false},"author":6,"featured_media":54967,"comment_status":"open","ping_status":"closed","sticky":false,"template":"","format":"standard","meta":{"colormag_page_container_layout":"default_layout","colormag_page_sidebar_layout":"default_layout","om_disable_all_campaigns":false,"_monsterinsights_skip_tracking":false,"_monsterinsights_sitenote_active":false,"_monsterinsights_sitenote_note":"","_monsterinsights_sitenote_category":0,"footnotes":"","_wpscppro_dont_share_socialmedia":false,"_wpscppro_custom_social_share_image":0,"_facebook_share_type":"default","_twitter_share_type":"default","_linkedin_share_type":"default","_pinterest_share_type":"default","_linkedin_share_type_page":"","_instagram_share_type":"default","_medium_share_type":"default","_threads_share_type":"","_google_business_share_type":"","_selected_social_profile":[],"_wpsp_enable_custom_social_template":false,"_wpsp_social_scheduling":{"enabled":false,"datetime":null,"platforms":[],"status":"template_only","dateOption":"today","timeOption":"now","customDays":"","customHours":"","customDate":"","customTime":"","schedulingType":"absolute"},"_wpsp_active_default_template":true},"categories":[31],"tags":[],"class_list":["post-61063","post","type-post","status-publish","format-standard","has-post-thumbnail","hentry","category-regions"],"aioseo_notices":[],"yoast_head":"<!-- This site is optimized with the Yoast SEO plugin v27.4 - https:\/\/yoast.com\/product\/yoast-seo-wordpress\/ -->\n<title>Annaba : Le P\/APC d\u2019El Hadjar devant la justice - La Sentinelle<\/title>\n<meta name=\"robots\" content=\"index, follow, max-snippet:-1, max-image-preview:large, max-video-preview:-1\" \/>\n<link rel=\"canonical\" href=\"https:\/\/lasentinelle.dz\/index.php\/2024\/12\/29\/annaba-le-p-apc-del-hadjar-devant-la-justice\/\" \/>\n<meta property=\"og:locale\" content=\"fr_FR\" \/>\n<meta property=\"og:type\" content=\"article\" \/>\n<meta property=\"og:title\" content=\"Annaba : Le P\/APC d\u2019El Hadjar devant la justice - La Sentinelle\" \/>\n<meta property=\"og:description\" content=\"Le P\/APC de la commune d\u2019El Hadjar et trois autres responsables, dont le secr\u00e9taire g\u00e9n\u00e9ral (SG) ont comparu ce jeudi,\" \/>\n<meta property=\"og:url\" content=\"https:\/\/lasentinelle.dz\/index.php\/2024\/12\/29\/annaba-le-p-apc-del-hadjar-devant-la-justice\/\" \/>\n<meta property=\"og:site_name\" content=\"La Sentinelle\" \/>\n<meta property=\"article:publisher\" content=\"https:\/\/www.facebook.com\/La-Sentinelle-104059864394773\" \/>\n<meta property=\"article:published_time\" content=\"2024-12-29T11:52:32+00:00\" \/>\n<meta property=\"article:modified_time\" content=\"2024-12-29T11:52:33+00:00\" \/>\n<meta property=\"og:image\" content=\"https:\/\/lasentinelle.dz\/wp-content\/uploads\/2024\/07\/justice.jpg\" \/>\n\t<meta property=\"og:image:width\" content=\"1023\" \/>\n\t<meta property=\"og:image:height\" content=\"583\" \/>\n\t<meta property=\"og:image:type\" content=\"image\/jpeg\" \/>\n<meta name=\"author\" content=\"admin\" \/>\n<meta name=\"twitter:card\" content=\"summary_large_image\" \/>\n<meta name=\"twitter:label1\" content=\"\u00c9crit par\" \/>\n\t<meta name=\"twitter:data1\" content=\"admin\" \/>\n\t<meta name=\"twitter:label2\" content=\"Dur\u00e9e de lecture estim\u00e9e\" \/>\n\t<meta name=\"twitter:data2\" content=\"3 minutes\" \/>\n<script type=\"application\/ld+json\" class=\"yoast-schema-graph\">{\"@context\":\"https:\\\/\\\/schema.org\",\"@graph\":[{\"@type\":\"Article\",\"@id\":\"https:\\\/\\\/lasentinelle.dz\\\/index.php\\\/2024\\\/12\\\/29\\\/annaba-le-p-apc-del-hadjar-devant-la-justice\\\/#article\",\"isPartOf\":{\"@id\":\"https:\\\/\\\/lasentinelle.dz\\\/index.php\\\/2024\\\/12\\\/29\\\/annaba-le-p-apc-del-hadjar-devant-la-justice\\\/\"},\"author\":{\"name\":\"admin\",\"@id\":\"https:\\\/\\\/lasentinelle.dz\\\/#\\\/schema\\\/person\\\/729ee0024f24e0b8c5ec17232f8e8b41\"},\"headline\":\"Annaba : Le P\\\/APC d\u2019El Hadjar devant la justice\",\"datePublished\":\"2024-12-29T11:52:32+00:00\",\"dateModified\":\"2024-12-29T11:52:33+00:00\",\"mainEntityOfPage\":{\"@id\":\"https:\\\/\\\/lasentinelle.dz\\\/index.php\\\/2024\\\/12\\\/29\\\/annaba-le-p-apc-del-hadjar-devant-la-justice\\\/\"},\"wordCount\":517,\"commentCount\":0,\"publisher\":{\"@id\":\"https:\\\/\\\/lasentinelle.dz\\\/#organization\"},\"image\":{\"@id\":\"https:\\\/\\\/lasentinelle.dz\\\/index.php\\\/2024\\\/12\\\/29\\\/annaba-le-p-apc-del-hadjar-devant-la-justice\\\/#primaryimage\"},\"thumbnailUrl\":\"https:\\\/\\\/lasentinelle.dz\\\/wp-content\\\/uploads\\\/2024\\\/07\\\/justice.jpg\",\"articleSection\":[\"R\u00e9gions\"],\"inLanguage\":\"fr-FR\",\"potentialAction\":[{\"@type\":\"CommentAction\",\"name\":\"Comment\",\"target\":[\"https:\\\/\\\/lasentinelle.dz\\\/index.php\\\/2024\\\/12\\\/29\\\/annaba-le-p-apc-del-hadjar-devant-la-justice\\\/#respond\"]}]},{\"@type\":\"WebPage\",\"@id\":\"https:\\\/\\\/lasentinelle.dz\\\/index.php\\\/2024\\\/12\\\/29\\\/annaba-le-p-apc-del-hadjar-devant-la-justice\\\/\",\"url\":\"https:\\\/\\\/lasentinelle.dz\\\/index.php\\\/2024\\\/12\\\/29\\\/annaba-le-p-apc-del-hadjar-devant-la-justice\\\/\",\"name\":\"Annaba : Le P\\\/APC d\u2019El Hadjar devant la justice - La Sentinelle\",\"isPartOf\":{\"@id\":\"https:\\\/\\\/lasentinelle.dz\\\/#website\"},\"primaryImageOfPage\":{\"@id\":\"https:\\\/\\\/lasentinelle.dz\\\/index.php\\\/2024\\\/12\\\/29\\\/annaba-le-p-apc-del-hadjar-devant-la-justice\\\/#primaryimage\"},\"image\":{\"@id\":\"https:\\\/\\\/lasentinelle.dz\\\/index.php\\\/2024\\\/12\\\/29\\\/annaba-le-p-apc-del-hadjar-devant-la-justice\\\/#primaryimage\"},\"thumbnailUrl\":\"https:\\\/\\\/lasentinelle.dz\\\/wp-content\\\/uploads\\\/2024\\\/07\\\/justice.jpg\",\"datePublished\":\"2024-12-29T11:52:32+00:00\",\"dateModified\":\"2024-12-29T11:52:33+00:00\",\"breadcrumb\":{\"@id\":\"https:\\\/\\\/lasentinelle.dz\\\/index.php\\\/2024\\\/12\\\/29\\\/annaba-le-p-apc-del-hadjar-devant-la-justice\\\/#breadcrumb\"},\"inLanguage\":\"fr-FR\",\"potentialAction\":[{\"@type\":\"ReadAction\",\"target\":[\"https:\\\/\\\/lasentinelle.dz\\\/index.php\\\/2024\\\/12\\\/29\\\/annaba-le-p-apc-del-hadjar-devant-la-justice\\\/\"]}]},{\"@type\":\"ImageObject\",\"inLanguage\":\"fr-FR\",\"@id\":\"https:\\\/\\\/lasentinelle.dz\\\/index.php\\\/2024\\\/12\\\/29\\\/annaba-le-p-apc-del-hadjar-devant-la-justice\\\/#primaryimage\",\"url\":\"https:\\\/\\\/lasentinelle.dz\\\/wp-content\\\/uploads\\\/2024\\\/07\\\/justice.jpg\",\"contentUrl\":\"https:\\\/\\\/lasentinelle.dz\\\/wp-content\\\/uploads\\\/2024\\\/07\\\/justice.jpg\",\"width\":1023,\"height\":583},{\"@type\":\"BreadcrumbList\",\"@id\":\"https:\\\/\\\/lasentinelle.dz\\\/index.php\\\/2024\\\/12\\\/29\\\/annaba-le-p-apc-del-hadjar-devant-la-justice\\\/#breadcrumb\",\"itemListElement\":[{\"@type\":\"ListItem\",\"position\":1,\"name\":\"Accueil\",\"item\":\"https:\\\/\\\/lasentinelle.dz\\\/\"},{\"@type\":\"ListItem\",\"position\":2,\"name\":\"Annaba : Le P\\\/APC d\u2019El Hadjar devant la justice\"}]},{\"@type\":\"WebSite\",\"@id\":\"https:\\\/\\\/lasentinelle.dz\\\/#website\",\"url\":\"https:\\\/\\\/lasentinelle.dz\\\/\",\"name\":\"La Sentinelle\",\"description\":\"Quotidien national d&#039;information\",\"publisher\":{\"@id\":\"https:\\\/\\\/lasentinelle.dz\\\/#organization\"},\"potentialAction\":[{\"@type\":\"SearchAction\",\"target\":{\"@type\":\"EntryPoint\",\"urlTemplate\":\"https:\\\/\\\/lasentinelle.dz\\\/?s={search_term_string}\"},\"query-input\":{\"@type\":\"PropertyValueSpecification\",\"valueRequired\":true,\"valueName\":\"search_term_string\"}}],\"inLanguage\":\"fr-FR\"},{\"@type\":\"Organization\",\"@id\":\"https:\\\/\\\/lasentinelle.dz\\\/#organization\",\"name\":\"Quotidien La Sentinelle\",\"url\":\"https:\\\/\\\/lasentinelle.dz\\\/\",\"logo\":{\"@type\":\"ImageObject\",\"inLanguage\":\"fr-FR\",\"@id\":\"https:\\\/\\\/lasentinelle.dz\\\/#\\\/schema\\\/logo\\\/image\\\/\",\"url\":\"https:\\\/\\\/lasentinelle.dz\\\/wp-content\\\/uploads\\\/2021\\\/09\\\/logo-sentinelleSLOGAN-1.png\",\"contentUrl\":\"https:\\\/\\\/lasentinelle.dz\\\/wp-content\\\/uploads\\\/2021\\\/09\\\/logo-sentinelleSLOGAN-1.png\",\"width\":615,\"height\":142,\"caption\":\"Quotidien La Sentinelle\"},\"image\":{\"@id\":\"https:\\\/\\\/lasentinelle.dz\\\/#\\\/schema\\\/logo\\\/image\\\/\"},\"sameAs\":[\"https:\\\/\\\/www.facebook.com\\\/La-Sentinelle-104059864394773\"]},{\"@type\":\"Person\",\"@id\":\"https:\\\/\\\/lasentinelle.dz\\\/#\\\/schema\\\/person\\\/729ee0024f24e0b8c5ec17232f8e8b41\",\"name\":\"admin\",\"image\":{\"@type\":\"ImageObject\",\"inLanguage\":\"fr-FR\",\"@id\":\"https:\\\/\\\/secure.gravatar.com\\\/avatar\\\/4c81fed838786e9b53f540bf46533e750f5d292099ae3b66cfc6fb1982e29df7?s=96&d=mm&r=g\",\"url\":\"https:\\\/\\\/secure.gravatar.com\\\/avatar\\\/4c81fed838786e9b53f540bf46533e750f5d292099ae3b66cfc6fb1982e29df7?s=96&d=mm&r=g\",\"contentUrl\":\"https:\\\/\\\/secure.gravatar.com\\\/avatar\\\/4c81fed838786e9b53f540bf46533e750f5d292099ae3b66cfc6fb1982e29df7?s=96&d=mm&r=g\",\"caption\":\"admin\"},\"description\":\"admin\",\"url\":\"https:\\\/\\\/lasentinelle.dz\\\/author\\\/admin\\\/\"}]}<\/script>\n<!-- \/ Yoast SEO plugin. -->","yoast_head_json":{"title":"Annaba : Le P\/APC d\u2019El Hadjar devant la justice - La Sentinelle","robots":{"index":"index","follow":"follow","max-snippet":"max-snippet:-1","max-image-preview":"max-image-preview:large","max-video-preview":"max-video-preview:-1"},"canonical":"https:\/\/lasentinelle.dz\/index.php\/2024\/12\/29\/annaba-le-p-apc-del-hadjar-devant-la-justice\/","og_locale":"fr_FR","og_type":"article","og_title":"Annaba : Le P\/APC d\u2019El Hadjar devant la justice - La Sentinelle","og_description":"Le P\/APC de la commune d\u2019El Hadjar et trois autres responsables, dont le secr\u00e9taire g\u00e9n\u00e9ral (SG) ont comparu ce jeudi,","og_url":"https:\/\/lasentinelle.dz\/index.php\/2024\/12\/29\/annaba-le-p-apc-del-hadjar-devant-la-justice\/","og_site_name":"La Sentinelle","article_publisher":"https:\/\/www.facebook.com\/La-Sentinelle-104059864394773","article_published_time":"2024-12-29T11:52:32+00:00","article_modified_time":"2024-12-29T11:52:33+00:00","og_image":[{"width":1023,"height":583,"url":"https:\/\/lasentinelle.dz\/wp-content\/uploads\/2024\/07\/justice.jpg","type":"image\/jpeg"}],"author":"admin","twitter_card":"summary_large_image","twitter_misc":{"\u00c9crit par":"admin","Dur\u00e9e de lecture estim\u00e9e":"3 minutes"},"schema":{"@context":"https:\/\/schema.org","@graph":[{"@type":"Article","@id":"https:\/\/lasentinelle.dz\/index.php\/2024\/12\/29\/annaba-le-p-apc-del-hadjar-devant-la-justice\/#article","isPartOf":{"@id":"https:\/\/lasentinelle.dz\/index.php\/2024\/12\/29\/annaba-le-p-apc-del-hadjar-devant-la-justice\/"},"author":{"name":"admin","@id":"https:\/\/lasentinelle.dz\/#\/schema\/person\/729ee0024f24e0b8c5ec17232f8e8b41"},"headline":"Annaba : Le P\/APC d\u2019El Hadjar devant la justice","datePublished":"2024-12-29T11:52:32+00:00","dateModified":"2024-12-29T11:52:33+00:00","mainEntityOfPage":{"@id":"https:\/\/lasentinelle.dz\/index.php\/2024\/12\/29\/annaba-le-p-apc-del-hadjar-devant-la-justice\/"},"wordCount":517,"commentCount":0,"publisher":{"@id":"https:\/\/lasentinelle.dz\/#organization"},"image":{"@id":"https:\/\/lasentinelle.dz\/index.php\/2024\/12\/29\/annaba-le-p-apc-del-hadjar-devant-la-justice\/#primaryimage"},"thumbnailUrl":"https:\/\/lasentinelle.dz\/wp-content\/uploads\/2024\/07\/justice.jpg","articleSection":["R\u00e9gions"],"inLanguage":"fr-FR","potentialAction":[{"@type":"CommentAction","name":"Comment","target":["https:\/\/lasentinelle.dz\/index.php\/2024\/12\/29\/annaba-le-p-apc-del-hadjar-devant-la-justice\/#respond"]}]},{"@type":"WebPage","@id":"https:\/\/lasentinelle.dz\/index.php\/2024\/12\/29\/annaba-le-p-apc-del-hadjar-devant-la-justice\/","url":"https:\/\/lasentinelle.dz\/index.php\/2024\/12\/29\/annaba-le-p-apc-del-hadjar-devant-la-justice\/","name":"Annaba : Le P\/APC d\u2019El Hadjar devant la justice - La Sentinelle","isPartOf":{"@id":"https:\/\/lasentinelle.dz\/#website"},"primaryImageOfPage":{"@id":"https:\/\/lasentinelle.dz\/index.php\/2024\/12\/29\/annaba-le-p-apc-del-hadjar-devant-la-justice\/#primaryimage"},"image":{"@id":"https:\/\/lasentinelle.dz\/index.php\/2024\/12\/29\/annaba-le-p-apc-del-hadjar-devant-la-justice\/#primaryimage"},"thumbnailUrl":"https:\/\/lasentinelle.dz\/wp-content\/uploads\/2024\/07\/justice.jpg","datePublished":"2024-12-29T11:52:32+00:00","dateModified":"2024-12-29T11:52:33+00:00","breadcrumb":{"@id":"https:\/\/lasentinelle.dz\/index.php\/2024\/12\/29\/annaba-le-p-apc-del-hadjar-devant-la-justice\/#breadcrumb"},"inLanguage":"fr-FR","potentialAction":[{"@type":"ReadAction","target":["https:\/\/lasentinelle.dz\/index.php\/2024\/12\/29\/annaba-le-p-apc-del-hadjar-devant-la-justice\/"]}]},{"@type":"ImageObject","inLanguage":"fr-FR","@id":"https:\/\/lasentinelle.dz\/index.php\/2024\/12\/29\/annaba-le-p-apc-del-hadjar-devant-la-justice\/#primaryimage","url":"https:\/\/lasentinelle.dz\/wp-content\/uploads\/2024\/07\/justice.jpg","contentUrl":"https:\/\/lasentinelle.dz\/wp-content\/uploads\/2024\/07\/justice.jpg","width":1023,"height":583},{"@type":"BreadcrumbList","@id":"https:\/\/lasentinelle.dz\/index.php\/2024\/12\/29\/annaba-le-p-apc-del-hadjar-devant-la-justice\/#breadcrumb","itemListElement":[{"@type":"ListItem","position":1,"name":"Accueil","item":"https:\/\/lasentinelle.dz\/"},{"@type":"ListItem","position":2,"name":"Annaba : Le P\/APC d\u2019El Hadjar devant la justice"}]},{"@type":"WebSite","@id":"https:\/\/lasentinelle.dz\/#website","url":"https:\/\/lasentinelle.dz\/","name":"La Sentinelle","description":"Quotidien national d&#039;information","publisher":{"@id":"https:\/\/lasentinelle.dz\/#organization"},"potentialAction":[{"@type":"SearchAction","target":{"@type":"EntryPoint","urlTemplate":"https:\/\/lasentinelle.dz\/?s={search_term_string}"},"query-input":{"@type":"PropertyValueSpecification","valueRequired":true,"valueName":"search_term_string"}}],"inLanguage":"fr-FR"},{"@type":"Organization","@id":"https:\/\/lasentinelle.dz\/#organization","name":"Quotidien La Sentinelle","url":"https:\/\/lasentinelle.dz\/","logo":{"@type":"ImageObject","inLanguage":"fr-FR","@id":"https:\/\/lasentinelle.dz\/#\/schema\/logo\/image\/","url":"https:\/\/lasentinelle.dz\/wp-content\/uploads\/2021\/09\/logo-sentinelleSLOGAN-1.png","contentUrl":"https:\/\/lasentinelle.dz\/wp-content\/uploads\/2021\/09\/logo-sentinelleSLOGAN-1.png","width":615,"height":142,"caption":"Quotidien La Sentinelle"},"image":{"@id":"https:\/\/lasentinelle.dz\/#\/schema\/logo\/image\/"},"sameAs":["https:\/\/www.facebook.com\/La-Sentinelle-104059864394773"]},{"@type":"Person","@id":"https:\/\/lasentinelle.dz\/#\/schema\/person\/729ee0024f24e0b8c5ec17232f8e8b41","name":"admin","image":{"@type":"ImageObject","inLanguage":"fr-FR","@id":"https:\/\/secure.gravatar.com\/avatar\/4c81fed838786e9b53f540bf46533e750f5d292099ae3b66cfc6fb1982e29df7?s=96&d=mm&r=g","url":"https:\/\/secure.gravatar.com\/avatar\/4c81fed838786e9b53f540bf46533e750f5d292099ae3b66cfc6fb1982e29df7?s=96&d=mm&r=g","contentUrl":"https:\/\/secure.gravatar.com\/avatar\/4c81fed838786e9b53f540bf46533e750f5d292099ae3b66cfc6fb1982e29df7?s=96&d=mm&r=g","caption":"admin"},"description":"admin","url":"https:\/\/lasentinelle.dz\/author\/admin\/"}]}},"_links":{"self":[{"href":"https:\/\/lasentinelle.dz\/index.php\/wp-json\/wp\/v2\/posts\/61063","targetHints":{"allow":["GET"]}}],"collection":[{"href":"https:\/\/lasentinelle.dz\/index.php\/wp-json\/wp\/v2\/posts"}],"about":[{"href":"https:\/\/lasentinelle.dz\/index.php\/wp-json\/wp\/v2\/types\/post"}],"author":[{"embeddable":true,"href":"https:\/\/lasentinelle.dz\/index.php\/wp-json\/wp\/v2\/users\/6"}],"replies":[{"embeddable":true,"href":"https:\/\/lasentinelle.dz\/index.php\/wp-json\/wp\/v2\/comments?post=61063"}],"version-history":[{"count":1,"href":"https:\/\/lasentinelle.dz\/index.php\/wp-json\/wp\/v2\/posts\/61063\/revisions"}],"predecessor-version":[{"id":61064,"href":"https:\/\/lasentinelle.dz\/index.php\/wp-json\/wp\/v2\/posts\/61063\/revisions\/61064"}],"wp:featuredmedia":[{"embeddable":true,"href":"https:\/\/lasentinelle.dz\/index.php\/wp-json\/wp\/v2\/media\/54967"}],"wp:attachment":[{"href":"https:\/\/lasentinelle.dz\/index.php\/wp-json\/wp\/v2\/media?parent=61063"}],"wp:term":[{"taxonomy":"category","embeddable":true,"href":"https:\/\/lasentinelle.dz\/index.php\/wp-json\/wp\/v2\/categories?post=61063"},{"taxonomy":"post_tag","embeddable":true,"href":"https:\/\/lasentinelle.dz\/index.php\/wp-json\/wp\/v2\/tags?post=61063"}],"curies":[{"name":"wp","href":"https:\/\/api.w.org\/{rel}","templated":true}]}}