{"id":61098,"date":"2024-12-30T11:48:12","date_gmt":"2024-12-30T10:48:12","guid":{"rendered":"https:\/\/lasentinelle.dz\/?p=61098"},"modified":"2024-12-30T11:48:12","modified_gmt":"2024-12-30T10:48:12","slug":"soudan-un-premier-convoi-daide-arrive-au-sud-de-khartoum","status":"publish","type":"post","link":"https:\/\/lasentinelle.dz\/index.php\/2024\/12\/30\/soudan-un-premier-convoi-daide-arrive-au-sud-de-khartoum\/","title":{"rendered":"Soudan: Un premier convoi d&rsquo;aide arrive au sud de Khartoum"},"content":{"rendered":"\n<p>Des habitants au sud de la capitale soudanaise ont re\u00e7u cette semaine le premier convoi d&rsquo;aide depuis le d\u00e9but de du conflit militaire qui dure depuis 20 mois et a d\u00e9vast\u00e9 le pays, ont indiqu\u00e9 des volontaires locaux.<\/p>\n\n\n\n<p>Au total, 28 camions sont arriv\u00e9s \u00e0 Jebel Aulia, une localit\u00e9 situ\u00e9e \u00e0 40 kilom\u00e8tres au sud de Khartoum, a indiqu\u00e9 vendredi le r\u00e9seau local \u00ab\u00a0Cellules d&rsquo;intervention d&rsquo;urgence\u00a0\u00bb, dirig\u00e9 par des b\u00e9n\u00e9voles qui g\u00e8rent des cuisines communautaires, distribuent des colis alimentaires, organisent des \u00e9vacuations et fournissent une assistance m\u00e9dicale. Le convoi comprend 22 camions transportant de la nourriture du Programme alimentaire mondial de l&rsquo;ONU (PAM), un camion de M\u00e9decins sans fronti\u00e8res et de Care, ainsi que cinq camions charg\u00e9s de m\u00e9dicaments de l&rsquo;agence des Nations unies pour l&rsquo;enfance (Unicef). Le groupe local de volontaires et l&rsquo;Unicef ont d\u00e9clar\u00e9 que les fournitures aideront \u00e0 r\u00e9pondre aux \u00ab\u00a0besoins urgents en mati\u00e8re de sant\u00e9 et de nutrition d&rsquo;environ 200.000 enfants et familles\u00a0\u00bb. Comme Jebel Aulia, de nombreuses r\u00e9gions du Soudan sont confront\u00e9es \u00e0 une famine massive apr\u00e8s que les parties bellig\u00e9rantes y ont coup\u00e9 l&rsquo;acc\u00e8s. Depuis le d\u00e9but de la guerre en avril 2023 entre l&rsquo;arm\u00e9e soudanaise et les Forces de soutien rapide (FSR), rien n&rsquo;entre ou ne sort de la zone sans l&rsquo;approbation des deux parties.(Notons sur un autre volet que pas moins de 21 personnes ont \u00e9t\u00e9 tu\u00e9es et 17 autres bless\u00e9es dans une attaque contre un abri pour personnes d\u00e9plac\u00e9es dans la ville d&rsquo;El Fasher, au centre de l&rsquo;Etat du Darfour-Nord, au Soudan, rapportent samedi des m\u00e9dias. La Coordination pour les personnes d\u00e9plac\u00e9es et les r\u00e9fugi\u00e9s au Darfour, cit\u00e9e par des m\u00e9dias, a d\u00e9clar\u00e9 que \u00ab\u00a0les Forces de soutien rapide (FSR) ont bombard\u00e9 \u00e0 l&rsquo;artillerie le camp de personnes d\u00e9plac\u00e9es Abu Shouk \u00e0 El Fasher, ce qui a fait des morts et des bless\u00e9s\u00a0\u00bb. Un groupe de militants a rapport\u00e9 qu'\u00a0\u00bbun drone appartenant aux FSR a attaqu\u00e9 l&rsquo;\u00e9cole de Goz Binh, qui abrite un grand nombre de personnes d\u00e9plac\u00e9es, faisant 21 morts et 17 bless\u00e9s\u00a0\u00bb. Depuis le 10 mai, El-Fasher, o\u00f9 se centre les op\u00e9rations humanitaires des cinq Etats du Darfour, est le th\u00e9\u00e2tre d&rsquo;affrontements entre l&rsquo;arm\u00e9e soudanaise et les Forces de soutien rapide. Apr\u00e8s plus de 20 mois de conflit opposant l&rsquo;arm\u00e9e soudanaise aux forces de soutien rapide (FSR), pas moins de 20 000 personnes ont \u00e9t\u00e9 tu\u00e9es et plus de 14 millions d&rsquo;autres d\u00e9plac\u00e9es, et plus de 24,6 millions de personnes &#8211; soit plus de la moiti\u00e9 de la population &#8211; sont confront\u00e9es \u00e0 des niveaux \u00e9lev\u00e9s d&rsquo;ins\u00e9curit\u00e9 alimentaire aigu\u00eb, selon les estimations des Nations Unies et des autorit\u00e9s locales.<\/p>\n\n\n\n<p>R.I.<\/p>\n","protected":false},"excerpt":{"rendered":"<p>Des habitants au sud de la capitale soudanaise ont re\u00e7u cette semaine le premier convoi d&rsquo;aide depuis le d\u00e9but de<\/p>\n","protected":false},"author":6,"featured_media":44535,"comment_status":"open","ping_status":"closed","sticky":false,"template":"","format":"standard","meta":{"colormag_page_container_layout":"default_layout","colormag_page_sidebar_layout":"default_layout","om_disable_all_campaigns":false,"_monsterinsights_skip_tracking":false,"_monsterinsights_sitenote_active":false,"_monsterinsights_sitenote_note":"","_monsterinsights_sitenote_category":0,"footnotes":"","_wpscppro_dont_share_socialmedia":false,"_wpscppro_custom_social_share_image":0,"_facebook_share_type":"default","_twitter_share_type":"default","_linkedin_share_type":"default","_pinterest_share_type":"default","_linkedin_share_type_page":"","_instagram_share_type":"default","_medium_share_type":"default","_threads_share_type":"","_google_business_share_type":"","_selected_social_profile":[],"_wpsp_enable_custom_social_template":false,"_wpsp_social_scheduling":{"enabled":false,"datetime":null,"platforms":[],"status":"template_only","dateOption":"today","timeOption":"now","customDays":"","customHours":"","customDate":"","customTime":"","schedulingType":"absolute"},"_wpsp_active_default_template":true},"categories":[37],"tags":[],"class_list":["post-61098","post","type-post","status-publish","format-standard","has-post-thumbnail","hentry","category-monde"],"aioseo_notices":[],"yoast_head":"<!-- This site is optimized with the Yoast SEO plugin v27.5 - https:\/\/yoast.com\/product\/yoast-seo-wordpress\/ -->\n<title>Soudan: Un premier convoi d&rsquo;aide arrive au sud de Khartoum - La Sentinelle<\/title>\n<meta name=\"robots\" content=\"index, follow, max-snippet:-1, max-image-preview:large, max-video-preview:-1\" \/>\n<link rel=\"canonical\" href=\"https:\/\/lasentinelle.dz\/index.php\/2024\/12\/30\/soudan-un-premier-convoi-daide-arrive-au-sud-de-khartoum\/\" \/>\n<meta property=\"og:locale\" content=\"fr_FR\" \/>\n<meta property=\"og:type\" content=\"article\" \/>\n<meta property=\"og:title\" content=\"Soudan: Un premier convoi d&rsquo;aide arrive au sud de Khartoum - La Sentinelle\" \/>\n<meta property=\"og:description\" content=\"Des habitants au sud de la capitale soudanaise ont re\u00e7u cette semaine le premier convoi d&rsquo;aide depuis le d\u00e9but de\" \/>\n<meta property=\"og:url\" content=\"https:\/\/lasentinelle.dz\/index.php\/2024\/12\/30\/soudan-un-premier-convoi-daide-arrive-au-sud-de-khartoum\/\" \/>\n<meta property=\"og:site_name\" content=\"La Sentinelle\" \/>\n<meta property=\"article:publisher\" content=\"https:\/\/www.facebook.com\/La-Sentinelle-104059864394773\" \/>\n<meta property=\"article:published_time\" content=\"2024-12-30T10:48:12+00:00\" \/>\n<meta property=\"og:image\" content=\"https:\/\/lasentinelle.dz\/wp-content\/uploads\/2023\/08\/crise-soudan.jpeg\" \/>\n\t<meta property=\"og:image:width\" content=\"900\" \/>\n\t<meta property=\"og:image:height\" content=\"600\" \/>\n\t<meta property=\"og:image:type\" content=\"image\/jpeg\" \/>\n<meta name=\"author\" content=\"admin\" \/>\n<meta name=\"twitter:card\" content=\"summary_large_image\" \/>\n<meta name=\"twitter:label1\" content=\"\u00c9crit par\" \/>\n\t<meta name=\"twitter:data1\" content=\"admin\" \/>\n\t<meta name=\"twitter:label2\" content=\"Dur\u00e9e de lecture estim\u00e9e\" \/>\n\t<meta name=\"twitter:data2\" content=\"3 minutes\" \/>\n<script type=\"application\/ld+json\" class=\"yoast-schema-graph\">{\"@context\":\"https:\\\/\\\/schema.org\",\"@graph\":[{\"@type\":\"Article\",\"@id\":\"https:\\\/\\\/lasentinelle.dz\\\/index.php\\\/2024\\\/12\\\/30\\\/soudan-un-premier-convoi-daide-arrive-au-sud-de-khartoum\\\/#article\",\"isPartOf\":{\"@id\":\"https:\\\/\\\/lasentinelle.dz\\\/index.php\\\/2024\\\/12\\\/30\\\/soudan-un-premier-convoi-daide-arrive-au-sud-de-khartoum\\\/\"},\"author\":{\"name\":\"admin\",\"@id\":\"https:\\\/\\\/lasentinelle.dz\\\/#\\\/schema\\\/person\\\/729ee0024f24e0b8c5ec17232f8e8b41\"},\"headline\":\"Soudan: Un premier convoi d&rsquo;aide arrive au sud de Khartoum\",\"datePublished\":\"2024-12-30T10:48:12+00:00\",\"mainEntityOfPage\":{\"@id\":\"https:\\\/\\\/lasentinelle.dz\\\/index.php\\\/2024\\\/12\\\/30\\\/soudan-un-premier-convoi-daide-arrive-au-sud-de-khartoum\\\/\"},\"wordCount\":499,\"commentCount\":0,\"publisher\":{\"@id\":\"https:\\\/\\\/lasentinelle.dz\\\/#organization\"},\"image\":{\"@id\":\"https:\\\/\\\/lasentinelle.dz\\\/index.php\\\/2024\\\/12\\\/30\\\/soudan-un-premier-convoi-daide-arrive-au-sud-de-khartoum\\\/#primaryimage\"},\"thumbnailUrl\":\"https:\\\/\\\/lasentinelle.dz\\\/wp-content\\\/uploads\\\/2023\\\/08\\\/crise-soudan.jpeg\",\"articleSection\":[\"Monde\"],\"inLanguage\":\"fr-FR\",\"potentialAction\":[{\"@type\":\"CommentAction\",\"name\":\"Comment\",\"target\":[\"https:\\\/\\\/lasentinelle.dz\\\/index.php\\\/2024\\\/12\\\/30\\\/soudan-un-premier-convoi-daide-arrive-au-sud-de-khartoum\\\/#respond\"]}]},{\"@type\":\"WebPage\",\"@id\":\"https:\\\/\\\/lasentinelle.dz\\\/index.php\\\/2024\\\/12\\\/30\\\/soudan-un-premier-convoi-daide-arrive-au-sud-de-khartoum\\\/\",\"url\":\"https:\\\/\\\/lasentinelle.dz\\\/index.php\\\/2024\\\/12\\\/30\\\/soudan-un-premier-convoi-daide-arrive-au-sud-de-khartoum\\\/\",\"name\":\"Soudan: Un premier convoi d&rsquo;aide arrive au sud de Khartoum - La Sentinelle\",\"isPartOf\":{\"@id\":\"https:\\\/\\\/lasentinelle.dz\\\/#website\"},\"primaryImageOfPage\":{\"@id\":\"https:\\\/\\\/lasentinelle.dz\\\/index.php\\\/2024\\\/12\\\/30\\\/soudan-un-premier-convoi-daide-arrive-au-sud-de-khartoum\\\/#primaryimage\"},\"image\":{\"@id\":\"https:\\\/\\\/lasentinelle.dz\\\/index.php\\\/2024\\\/12\\\/30\\\/soudan-un-premier-convoi-daide-arrive-au-sud-de-khartoum\\\/#primaryimage\"},\"thumbnailUrl\":\"https:\\\/\\\/lasentinelle.dz\\\/wp-content\\\/uploads\\\/2023\\\/08\\\/crise-soudan.jpeg\",\"datePublished\":\"2024-12-30T10:48:12+00:00\",\"breadcrumb\":{\"@id\":\"https:\\\/\\\/lasentinelle.dz\\\/index.php\\\/2024\\\/12\\\/30\\\/soudan-un-premier-convoi-daide-arrive-au-sud-de-khartoum\\\/#breadcrumb\"},\"inLanguage\":\"fr-FR\",\"potentialAction\":[{\"@type\":\"ReadAction\",\"target\":[\"https:\\\/\\\/lasentinelle.dz\\\/index.php\\\/2024\\\/12\\\/30\\\/soudan-un-premier-convoi-daide-arrive-au-sud-de-khartoum\\\/\"]}]},{\"@type\":\"ImageObject\",\"inLanguage\":\"fr-FR\",\"@id\":\"https:\\\/\\\/lasentinelle.dz\\\/index.php\\\/2024\\\/12\\\/30\\\/soudan-un-premier-convoi-daide-arrive-au-sud-de-khartoum\\\/#primaryimage\",\"url\":\"https:\\\/\\\/lasentinelle.dz\\\/wp-content\\\/uploads\\\/2023\\\/08\\\/crise-soudan.jpeg\",\"contentUrl\":\"https:\\\/\\\/lasentinelle.dz\\\/wp-content\\\/uploads\\\/2023\\\/08\\\/crise-soudan.jpeg\",\"width\":900,\"height\":600},{\"@type\":\"BreadcrumbList\",\"@id\":\"https:\\\/\\\/lasentinelle.dz\\\/index.php\\\/2024\\\/12\\\/30\\\/soudan-un-premier-convoi-daide-arrive-au-sud-de-khartoum\\\/#breadcrumb\",\"itemListElement\":[{\"@type\":\"ListItem\",\"position\":1,\"name\":\"Accueil\",\"item\":\"https:\\\/\\\/lasentinelle.dz\\\/\"},{\"@type\":\"ListItem\",\"position\":2,\"name\":\"Soudan: Un premier convoi d&rsquo;aide arrive au sud de Khartoum\"}]},{\"@type\":\"WebSite\",\"@id\":\"https:\\\/\\\/lasentinelle.dz\\\/#website\",\"url\":\"https:\\\/\\\/lasentinelle.dz\\\/\",\"name\":\"La Sentinelle\",\"description\":\"Quotidien national d&#039;information\",\"publisher\":{\"@id\":\"https:\\\/\\\/lasentinelle.dz\\\/#organization\"},\"potentialAction\":[{\"@type\":\"SearchAction\",\"target\":{\"@type\":\"EntryPoint\",\"urlTemplate\":\"https:\\\/\\\/lasentinelle.dz\\\/?s={search_term_string}\"},\"query-input\":{\"@type\":\"PropertyValueSpecification\",\"valueRequired\":true,\"valueName\":\"search_term_string\"}}],\"inLanguage\":\"fr-FR\"},{\"@type\":\"Organization\",\"@id\":\"https:\\\/\\\/lasentinelle.dz\\\/#organization\",\"name\":\"Quotidien La Sentinelle\",\"url\":\"https:\\\/\\\/lasentinelle.dz\\\/\",\"logo\":{\"@type\":\"ImageObject\",\"inLanguage\":\"fr-FR\",\"@id\":\"https:\\\/\\\/lasentinelle.dz\\\/#\\\/schema\\\/logo\\\/image\\\/\",\"url\":\"https:\\\/\\\/lasentinelle.dz\\\/wp-content\\\/uploads\\\/2021\\\/09\\\/logo-sentinelleSLOGAN-1.png\",\"contentUrl\":\"https:\\\/\\\/lasentinelle.dz\\\/wp-content\\\/uploads\\\/2021\\\/09\\\/logo-sentinelleSLOGAN-1.png\",\"width\":615,\"height\":142,\"caption\":\"Quotidien La Sentinelle\"},\"image\":{\"@id\":\"https:\\\/\\\/lasentinelle.dz\\\/#\\\/schema\\\/logo\\\/image\\\/\"},\"sameAs\":[\"https:\\\/\\\/www.facebook.com\\\/La-Sentinelle-104059864394773\"]},{\"@type\":\"Person\",\"@id\":\"https:\\\/\\\/lasentinelle.dz\\\/#\\\/schema\\\/person\\\/729ee0024f24e0b8c5ec17232f8e8b41\",\"name\":\"admin\",\"image\":{\"@type\":\"ImageObject\",\"inLanguage\":\"fr-FR\",\"@id\":\"https:\\\/\\\/secure.gravatar.com\\\/avatar\\\/4c81fed838786e9b53f540bf46533e750f5d292099ae3b66cfc6fb1982e29df7?s=96&d=mm&r=g\",\"url\":\"https:\\\/\\\/secure.gravatar.com\\\/avatar\\\/4c81fed838786e9b53f540bf46533e750f5d292099ae3b66cfc6fb1982e29df7?s=96&d=mm&r=g\",\"contentUrl\":\"https:\\\/\\\/secure.gravatar.com\\\/avatar\\\/4c81fed838786e9b53f540bf46533e750f5d292099ae3b66cfc6fb1982e29df7?s=96&d=mm&r=g\",\"caption\":\"admin\"},\"description\":\"admin\",\"url\":\"https:\\\/\\\/lasentinelle.dz\\\/author\\\/admin\\\/\"}]}<\/script>\n<!-- \/ Yoast SEO plugin. -->","yoast_head_json":{"title":"Soudan: Un premier convoi d&rsquo;aide arrive au sud de Khartoum - La Sentinelle","robots":{"index":"index","follow":"follow","max-snippet":"max-snippet:-1","max-image-preview":"max-image-preview:large","max-video-preview":"max-video-preview:-1"},"canonical":"https:\/\/lasentinelle.dz\/index.php\/2024\/12\/30\/soudan-un-premier-convoi-daide-arrive-au-sud-de-khartoum\/","og_locale":"fr_FR","og_type":"article","og_title":"Soudan: Un premier convoi d&rsquo;aide arrive au sud de Khartoum - La Sentinelle","og_description":"Des habitants au sud de la capitale soudanaise ont re\u00e7u cette semaine le premier convoi d&rsquo;aide depuis le d\u00e9but de","og_url":"https:\/\/lasentinelle.dz\/index.php\/2024\/12\/30\/soudan-un-premier-convoi-daide-arrive-au-sud-de-khartoum\/","og_site_name":"La Sentinelle","article_publisher":"https:\/\/www.facebook.com\/La-Sentinelle-104059864394773","article_published_time":"2024-12-30T10:48:12+00:00","og_image":[{"width":900,"height":600,"url":"https:\/\/lasentinelle.dz\/wp-content\/uploads\/2023\/08\/crise-soudan.jpeg","type":"image\/jpeg"}],"author":"admin","twitter_card":"summary_large_image","twitter_misc":{"\u00c9crit par":"admin","Dur\u00e9e de lecture estim\u00e9e":"3 minutes"},"schema":{"@context":"https:\/\/schema.org","@graph":[{"@type":"Article","@id":"https:\/\/lasentinelle.dz\/index.php\/2024\/12\/30\/soudan-un-premier-convoi-daide-arrive-au-sud-de-khartoum\/#article","isPartOf":{"@id":"https:\/\/lasentinelle.dz\/index.php\/2024\/12\/30\/soudan-un-premier-convoi-daide-arrive-au-sud-de-khartoum\/"},"author":{"name":"admin","@id":"https:\/\/lasentinelle.dz\/#\/schema\/person\/729ee0024f24e0b8c5ec17232f8e8b41"},"headline":"Soudan: Un premier convoi d&rsquo;aide arrive au sud de Khartoum","datePublished":"2024-12-30T10:48:12+00:00","mainEntityOfPage":{"@id":"https:\/\/lasentinelle.dz\/index.php\/2024\/12\/30\/soudan-un-premier-convoi-daide-arrive-au-sud-de-khartoum\/"},"wordCount":499,"commentCount":0,"publisher":{"@id":"https:\/\/lasentinelle.dz\/#organization"},"image":{"@id":"https:\/\/lasentinelle.dz\/index.php\/2024\/12\/30\/soudan-un-premier-convoi-daide-arrive-au-sud-de-khartoum\/#primaryimage"},"thumbnailUrl":"https:\/\/lasentinelle.dz\/wp-content\/uploads\/2023\/08\/crise-soudan.jpeg","articleSection":["Monde"],"inLanguage":"fr-FR","potentialAction":[{"@type":"CommentAction","name":"Comment","target":["https:\/\/lasentinelle.dz\/index.php\/2024\/12\/30\/soudan-un-premier-convoi-daide-arrive-au-sud-de-khartoum\/#respond"]}]},{"@type":"WebPage","@id":"https:\/\/lasentinelle.dz\/index.php\/2024\/12\/30\/soudan-un-premier-convoi-daide-arrive-au-sud-de-khartoum\/","url":"https:\/\/lasentinelle.dz\/index.php\/2024\/12\/30\/soudan-un-premier-convoi-daide-arrive-au-sud-de-khartoum\/","name":"Soudan: Un premier convoi d&rsquo;aide arrive au sud de Khartoum - La Sentinelle","isPartOf":{"@id":"https:\/\/lasentinelle.dz\/#website"},"primaryImageOfPage":{"@id":"https:\/\/lasentinelle.dz\/index.php\/2024\/12\/30\/soudan-un-premier-convoi-daide-arrive-au-sud-de-khartoum\/#primaryimage"},"image":{"@id":"https:\/\/lasentinelle.dz\/index.php\/2024\/12\/30\/soudan-un-premier-convoi-daide-arrive-au-sud-de-khartoum\/#primaryimage"},"thumbnailUrl":"https:\/\/lasentinelle.dz\/wp-content\/uploads\/2023\/08\/crise-soudan.jpeg","datePublished":"2024-12-30T10:48:12+00:00","breadcrumb":{"@id":"https:\/\/lasentinelle.dz\/index.php\/2024\/12\/30\/soudan-un-premier-convoi-daide-arrive-au-sud-de-khartoum\/#breadcrumb"},"inLanguage":"fr-FR","potentialAction":[{"@type":"ReadAction","target":["https:\/\/lasentinelle.dz\/index.php\/2024\/12\/30\/soudan-un-premier-convoi-daide-arrive-au-sud-de-khartoum\/"]}]},{"@type":"ImageObject","inLanguage":"fr-FR","@id":"https:\/\/lasentinelle.dz\/index.php\/2024\/12\/30\/soudan-un-premier-convoi-daide-arrive-au-sud-de-khartoum\/#primaryimage","url":"https:\/\/lasentinelle.dz\/wp-content\/uploads\/2023\/08\/crise-soudan.jpeg","contentUrl":"https:\/\/lasentinelle.dz\/wp-content\/uploads\/2023\/08\/crise-soudan.jpeg","width":900,"height":600},{"@type":"BreadcrumbList","@id":"https:\/\/lasentinelle.dz\/index.php\/2024\/12\/30\/soudan-un-premier-convoi-daide-arrive-au-sud-de-khartoum\/#breadcrumb","itemListElement":[{"@type":"ListItem","position":1,"name":"Accueil","item":"https:\/\/lasentinelle.dz\/"},{"@type":"ListItem","position":2,"name":"Soudan: Un premier convoi d&rsquo;aide arrive au sud de Khartoum"}]},{"@type":"WebSite","@id":"https:\/\/lasentinelle.dz\/#website","url":"https:\/\/lasentinelle.dz\/","name":"La Sentinelle","description":"Quotidien national d&#039;information","publisher":{"@id":"https:\/\/lasentinelle.dz\/#organization"},"potentialAction":[{"@type":"SearchAction","target":{"@type":"EntryPoint","urlTemplate":"https:\/\/lasentinelle.dz\/?s={search_term_string}"},"query-input":{"@type":"PropertyValueSpecification","valueRequired":true,"valueName":"search_term_string"}}],"inLanguage":"fr-FR"},{"@type":"Organization","@id":"https:\/\/lasentinelle.dz\/#organization","name":"Quotidien La Sentinelle","url":"https:\/\/lasentinelle.dz\/","logo":{"@type":"ImageObject","inLanguage":"fr-FR","@id":"https:\/\/lasentinelle.dz\/#\/schema\/logo\/image\/","url":"https:\/\/lasentinelle.dz\/wp-content\/uploads\/2021\/09\/logo-sentinelleSLOGAN-1.png","contentUrl":"https:\/\/lasentinelle.dz\/wp-content\/uploads\/2021\/09\/logo-sentinelleSLOGAN-1.png","width":615,"height":142,"caption":"Quotidien La Sentinelle"},"image":{"@id":"https:\/\/lasentinelle.dz\/#\/schema\/logo\/image\/"},"sameAs":["https:\/\/www.facebook.com\/La-Sentinelle-104059864394773"]},{"@type":"Person","@id":"https:\/\/lasentinelle.dz\/#\/schema\/person\/729ee0024f24e0b8c5ec17232f8e8b41","name":"admin","image":{"@type":"ImageObject","inLanguage":"fr-FR","@id":"https:\/\/secure.gravatar.com\/avatar\/4c81fed838786e9b53f540bf46533e750f5d292099ae3b66cfc6fb1982e29df7?s=96&d=mm&r=g","url":"https:\/\/secure.gravatar.com\/avatar\/4c81fed838786e9b53f540bf46533e750f5d292099ae3b66cfc6fb1982e29df7?s=96&d=mm&r=g","contentUrl":"https:\/\/secure.gravatar.com\/avatar\/4c81fed838786e9b53f540bf46533e750f5d292099ae3b66cfc6fb1982e29df7?s=96&d=mm&r=g","caption":"admin"},"description":"admin","url":"https:\/\/lasentinelle.dz\/author\/admin\/"}]}},"_links":{"self":[{"href":"https:\/\/lasentinelle.dz\/index.php\/wp-json\/wp\/v2\/posts\/61098","targetHints":{"allow":["GET"]}}],"collection":[{"href":"https:\/\/lasentinelle.dz\/index.php\/wp-json\/wp\/v2\/posts"}],"about":[{"href":"https:\/\/lasentinelle.dz\/index.php\/wp-json\/wp\/v2\/types\/post"}],"author":[{"embeddable":true,"href":"https:\/\/lasentinelle.dz\/index.php\/wp-json\/wp\/v2\/users\/6"}],"replies":[{"embeddable":true,"href":"https:\/\/lasentinelle.dz\/index.php\/wp-json\/wp\/v2\/comments?post=61098"}],"version-history":[{"count":2,"href":"https:\/\/lasentinelle.dz\/index.php\/wp-json\/wp\/v2\/posts\/61098\/revisions"}],"predecessor-version":[{"id":61100,"href":"https:\/\/lasentinelle.dz\/index.php\/wp-json\/wp\/v2\/posts\/61098\/revisions\/61100"}],"wp:featuredmedia":[{"embeddable":true,"href":"https:\/\/lasentinelle.dz\/index.php\/wp-json\/wp\/v2\/media\/44535"}],"wp:attachment":[{"href":"https:\/\/lasentinelle.dz\/index.php\/wp-json\/wp\/v2\/media?parent=61098"}],"wp:term":[{"taxonomy":"category","embeddable":true,"href":"https:\/\/lasentinelle.dz\/index.php\/wp-json\/wp\/v2\/categories?post=61098"},{"taxonomy":"post_tag","embeddable":true,"href":"https:\/\/lasentinelle.dz\/index.php\/wp-json\/wp\/v2\/tags?post=61098"}],"curies":[{"name":"wp","href":"https:\/\/api.w.org\/{rel}","templated":true}]}}