{"id":61120,"date":"2024-12-30T11:55:00","date_gmt":"2024-12-30T10:55:00","guid":{"rendered":"https:\/\/lasentinelle.dz\/?p=61120"},"modified":"2024-12-30T11:55:01","modified_gmt":"2024-12-30T10:55:01","slug":"jijel-culture-experimentale-de-soja","status":"publish","type":"post","link":"https:\/\/lasentinelle.dz\/index.php\/2024\/12\/30\/jijel-culture-experimentale-de-soja\/","title":{"rendered":"Jijel : Culture exp\u00e9rimentale de Soja"},"content":{"rendered":"\n<p>La d\u00e9marche, encadr\u00e9e par les chercheurs et les cadres de l&rsquo;Institut national de recherches agronomiques de la wilaya de Jijel, vise l\u2019identification des vari\u00e9t\u00e9s de soja les mieux adapt\u00e9es&nbsp;aux conditions agricoles locales.<\/p>\n\n\n\n<p>Dans une parfaite synergie entre l\u2019industrie et la recherche scientifique, l\u2019exp\u00e9rimentation de la culture du soja devrait \u00eatre lanc\u00e9e au cours de la semaine dans la wilaya de Jijel. En tous cas, c\u2019est ce que nous confie une source relevant de la direction des services agricoles de la wilaya de Jijel. L\u2019initiative a pour objectif de d\u00e9velopper cette culture strat\u00e9gique destin\u00e9e \u00e0 la production d\u2019huile de table, a expliqu\u00e9 la m\u00eame source. Celle -ci a estim\u00e9 que ce projet qui est une avanc\u00e9e significative dans le d\u00e9veloppement de la fili\u00e8re du soja en Alg\u00e9rie, va permettre de r\u00e9duire la facture d\u2019importation de cet aliment destin\u00e9 \u00e9galement \u00e0 l\u2019alimentation du b\u00e9tail. Un projet qui est le fruit des efforts concert\u00e9s des repr\u00e9sentants des secteurs concern\u00e9s par le processus, dont l&rsquo;agriculture, la recherche scientifique et l\u2019industrie. Kotama-Agrifood, une usine de trituration de graines v\u00e9g\u00e9tales, apporte aussi son expertise en mati\u00e8re de transformation et de technologie. Cette synergie entre les trois secteurs traduit parfaitement la volont\u00e9 du d\u00e9veloppement et de valorisation des produits agricoles locaux, capables de r\u00e9duire drastiquement la d\u00e9pendance \u00e0 l\u2019importation. Ce projet ambitieux autour duquel s\u2019articulent les efforts des autorit\u00e9s locales de la wilaya de Jijel qui, au titre de la derni\u00e8re r\u00e9union de travail, ont d\u00e9cid\u00e9 du lancement \u00e0 partir de la semaine en cours, de la phase exp\u00e9rimentale de la culture du soja au sein de l\u2019INRA de Jijel. Une phase qui devra permettre auxchercheurs et aux cadres de l\u2019Institut de recherches de pouvoir identifier la qualit\u00e9 et les vari\u00e9t\u00e9s de soja les mieux adapt\u00e9es aux conditions agricoles et climatiques de la r\u00e9gion. Dans ce contexte, on rappelle que l\u2019INRA a un r\u00f4le important, dont la collaboration se base sur les solutions techniques et des connaissances sp\u00e9cialis\u00e9es n\u00e9cessaires \u00e0 cette culture strat\u00e9gique. Au-del\u00e0, le l&rsquo;INRA contribue au d\u00e9veloppement d&rsquo;une \u00e9conomie verte et r\u00e9siliente, tout en renfor\u00e7ant la s\u00e9curit\u00e9 alimentaire du pays. Cette synergie entre acteurs industriels, agricoles et scientifiques repr\u00e9sente ainsi un pas important vers une agriculture durable et performante, capable de r\u00e9pondre aux d\u00e9fis alimentaires actuels tout en pr\u00e9servant l&rsquo;environnement. En somme, l&rsquo;int\u00e9gration des pratiques agricoles modernes, soutenues par des technologies de pointe, vise non seulement \u00e0 am\u00e9liorer la rentabilit\u00e9, mais aussi \u00e0 pr\u00e9server les ressources naturelles pour les g\u00e9n\u00e9rations futures. Par ailleurs, et dans un&nbsp;contexte relatif au renforcement des comp\u00e9tences agricoles, une session de formation sp\u00e9cialis\u00e9e sur l&rsquo;investissement dans la production de champignons alimentaires a \u00e9t\u00e9 organis\u00e9e la semaine \u00e9coul\u00e9e, au profit des cadres de la DSA. L\u2019initiative s&rsquo;inscrit dans le cadre du programme de renforcement des capacit\u00e9s humaines et d&rsquo;assistance technique (PRCHAT) 2024-2025. L\u2019objectif est de renforcer les comp\u00e9tences techniques et strat\u00e9giques des responsables agricoles dans cette fili\u00e8re prometteuse encore sous-exploit\u00e9e. La session de formation, anim\u00e9e par un professeur et expert en le domaine, a couvert l&rsquo;ensemble du processus de production, du choix des substrats jusqu&rsquo;\u00e0 la r\u00e9colte. Des ateliers de d\u00e9monstration et de pratique ont permis aux participants de conna\u00eetre les techniques de cette culture. La session th\u00e9orique a \u00e9t\u00e9 enrichie par des d\u00e9bats interactifs sur les meilleures pratiques et les solutions adapt\u00e9es au contexte local. La production de champignons alimentaires pr\u00e9sente des atouts \u00e9conomiques significatifs, notamment un investissement initial mod\u00e9r\u00e9 et une rentabilit\u00e9 rapide. Cette fili\u00e8re offre de nombreuses opportunit\u00e9s, dont la cr\u00e9ation de postes d&#8217;emplois et la valorisation dessous-produits agricoles, r\u00e9pondant ainsi \u00e0 une demande croissante sur le march\u00e9 national et international. Sur le plan environnemental, la culture du champion se distingue par sa faible consommation en ressources naturelles. Elle contribue \u00e9galement \u00e0 la durabilit\u00e9 en transformant des d\u00e9chets organiques en aliments nutritifs \u00e0 haute valeur ajout\u00e9e. L&rsquo;initiative s&rsquo;inscrit dans une strat\u00e9gie plus large de modernisation de l&rsquo;agriculture. Les cadres form\u00e9s ont pour t\u00e2che d&rsquo;accompagner les agriculteurs dans des projets innovants, en mettant les connaissances acquises au profit du d\u00e9veloppement local. Au-del\u00e0, &nbsp;l\u2019objectif est de permettre la diversification des revenus des fellahs en plus de la promotion des pratiques agricoles durables, via le d\u00e9veloppement d&rsquo;un secteur agricole plus r\u00e9silient et comp\u00e9titif.<\/p>\n\n\n\n<p>Sofia Chahine<\/p>\n","protected":false},"excerpt":{"rendered":"<p>La d\u00e9marche, encadr\u00e9e par les chercheurs et les cadres de l&rsquo;Institut national de recherches agronomiques de la wilaya de Jijel,<\/p>\n","protected":false},"author":6,"featured_media":61121,"comment_status":"open","ping_status":"closed","sticky":false,"template":"","format":"standard","meta":{"colormag_page_container_layout":"default_layout","colormag_page_sidebar_layout":"default_layout","om_disable_all_campaigns":false,"_monsterinsights_skip_tracking":false,"_monsterinsights_sitenote_active":false,"_monsterinsights_sitenote_note":"","_monsterinsights_sitenote_category":0,"footnotes":"","_wpscppro_dont_share_socialmedia":false,"_wpscppro_custom_social_share_image":0,"_facebook_share_type":"default","_twitter_share_type":"default","_linkedin_share_type":"default","_pinterest_share_type":"default","_linkedin_share_type_page":"","_instagram_share_type":"default","_medium_share_type":"default","_threads_share_type":"","_google_business_share_type":"","_selected_social_profile":[],"_wpsp_enable_custom_social_template":false,"_wpsp_social_scheduling":{"enabled":false,"datetime":null,"platforms":[],"status":"template_only","dateOption":"today","timeOption":"now","customDays":"","customHours":"","customDate":"","customTime":"","schedulingType":"absolute"},"_wpsp_active_default_template":true},"categories":[31],"tags":[],"class_list":["post-61120","post","type-post","status-publish","format-standard","has-post-thumbnail","hentry","category-regions"],"aioseo_notices":[],"yoast_head":"<!-- This site is optimized with the Yoast SEO plugin v27.5 - https:\/\/yoast.com\/product\/yoast-seo-wordpress\/ -->\n<title>Jijel : Culture exp\u00e9rimentale de Soja - La Sentinelle<\/title>\n<meta name=\"robots\" content=\"index, follow, max-snippet:-1, max-image-preview:large, max-video-preview:-1\" \/>\n<link rel=\"canonical\" href=\"https:\/\/lasentinelle.dz\/index.php\/2024\/12\/30\/jijel-culture-experimentale-de-soja\/\" \/>\n<meta property=\"og:locale\" content=\"fr_FR\" \/>\n<meta property=\"og:type\" content=\"article\" \/>\n<meta property=\"og:title\" content=\"Jijel : Culture exp\u00e9rimentale de Soja - La Sentinelle\" \/>\n<meta property=\"og:description\" content=\"La d\u00e9marche, encadr\u00e9e par les chercheurs et les cadres de l&rsquo;Institut national de recherches agronomiques de la wilaya de Jijel,\" \/>\n<meta property=\"og:url\" content=\"https:\/\/lasentinelle.dz\/index.php\/2024\/12\/30\/jijel-culture-experimentale-de-soja\/\" \/>\n<meta property=\"og:site_name\" content=\"La Sentinelle\" \/>\n<meta property=\"article:publisher\" content=\"https:\/\/www.facebook.com\/La-Sentinelle-104059864394773\" \/>\n<meta property=\"article:published_time\" content=\"2024-12-30T10:55:00+00:00\" \/>\n<meta property=\"article:modified_time\" content=\"2024-12-30T10:55:01+00:00\" \/>\n<meta property=\"og:image\" content=\"https:\/\/lasentinelle.dz\/wp-content\/uploads\/2024\/12\/culture-du-soja.jpeg\" \/>\n\t<meta property=\"og:image:width\" content=\"2560\" \/>\n\t<meta property=\"og:image:height\" content=\"1694\" \/>\n\t<meta property=\"og:image:type\" content=\"image\/jpeg\" \/>\n<meta name=\"author\" content=\"admin\" \/>\n<meta name=\"twitter:card\" content=\"summary_large_image\" \/>\n<meta name=\"twitter:label1\" content=\"\u00c9crit par\" \/>\n\t<meta name=\"twitter:data1\" content=\"admin\" \/>\n\t<meta name=\"twitter:label2\" content=\"Dur\u00e9e de lecture estim\u00e9e\" \/>\n\t<meta name=\"twitter:data2\" content=\"4 minutes\" \/>\n<script type=\"application\/ld+json\" class=\"yoast-schema-graph\">{\"@context\":\"https:\\\/\\\/schema.org\",\"@graph\":[{\"@type\":\"Article\",\"@id\":\"https:\\\/\\\/lasentinelle.dz\\\/index.php\\\/2024\\\/12\\\/30\\\/jijel-culture-experimentale-de-soja\\\/#article\",\"isPartOf\":{\"@id\":\"https:\\\/\\\/lasentinelle.dz\\\/index.php\\\/2024\\\/12\\\/30\\\/jijel-culture-experimentale-de-soja\\\/\"},\"author\":{\"name\":\"admin\",\"@id\":\"https:\\\/\\\/lasentinelle.dz\\\/#\\\/schema\\\/person\\\/729ee0024f24e0b8c5ec17232f8e8b41\"},\"headline\":\"Jijel : Culture exp\u00e9rimentale de Soja\",\"datePublished\":\"2024-12-30T10:55:00+00:00\",\"dateModified\":\"2024-12-30T10:55:01+00:00\",\"mainEntityOfPage\":{\"@id\":\"https:\\\/\\\/lasentinelle.dz\\\/index.php\\\/2024\\\/12\\\/30\\\/jijel-culture-experimentale-de-soja\\\/\"},\"wordCount\":812,\"commentCount\":0,\"publisher\":{\"@id\":\"https:\\\/\\\/lasentinelle.dz\\\/#organization\"},\"image\":{\"@id\":\"https:\\\/\\\/lasentinelle.dz\\\/index.php\\\/2024\\\/12\\\/30\\\/jijel-culture-experimentale-de-soja\\\/#primaryimage\"},\"thumbnailUrl\":\"https:\\\/\\\/lasentinelle.dz\\\/wp-content\\\/uploads\\\/2024\\\/12\\\/culture-du-soja.jpeg\",\"articleSection\":[\"R\u00e9gions\"],\"inLanguage\":\"fr-FR\",\"potentialAction\":[{\"@type\":\"CommentAction\",\"name\":\"Comment\",\"target\":[\"https:\\\/\\\/lasentinelle.dz\\\/index.php\\\/2024\\\/12\\\/30\\\/jijel-culture-experimentale-de-soja\\\/#respond\"]}]},{\"@type\":\"WebPage\",\"@id\":\"https:\\\/\\\/lasentinelle.dz\\\/index.php\\\/2024\\\/12\\\/30\\\/jijel-culture-experimentale-de-soja\\\/\",\"url\":\"https:\\\/\\\/lasentinelle.dz\\\/index.php\\\/2024\\\/12\\\/30\\\/jijel-culture-experimentale-de-soja\\\/\",\"name\":\"Jijel : Culture exp\u00e9rimentale de Soja - La Sentinelle\",\"isPartOf\":{\"@id\":\"https:\\\/\\\/lasentinelle.dz\\\/#website\"},\"primaryImageOfPage\":{\"@id\":\"https:\\\/\\\/lasentinelle.dz\\\/index.php\\\/2024\\\/12\\\/30\\\/jijel-culture-experimentale-de-soja\\\/#primaryimage\"},\"image\":{\"@id\":\"https:\\\/\\\/lasentinelle.dz\\\/index.php\\\/2024\\\/12\\\/30\\\/jijel-culture-experimentale-de-soja\\\/#primaryimage\"},\"thumbnailUrl\":\"https:\\\/\\\/lasentinelle.dz\\\/wp-content\\\/uploads\\\/2024\\\/12\\\/culture-du-soja.jpeg\",\"datePublished\":\"2024-12-30T10:55:00+00:00\",\"dateModified\":\"2024-12-30T10:55:01+00:00\",\"breadcrumb\":{\"@id\":\"https:\\\/\\\/lasentinelle.dz\\\/index.php\\\/2024\\\/12\\\/30\\\/jijel-culture-experimentale-de-soja\\\/#breadcrumb\"},\"inLanguage\":\"fr-FR\",\"potentialAction\":[{\"@type\":\"ReadAction\",\"target\":[\"https:\\\/\\\/lasentinelle.dz\\\/index.php\\\/2024\\\/12\\\/30\\\/jijel-culture-experimentale-de-soja\\\/\"]}]},{\"@type\":\"ImageObject\",\"inLanguage\":\"fr-FR\",\"@id\":\"https:\\\/\\\/lasentinelle.dz\\\/index.php\\\/2024\\\/12\\\/30\\\/jijel-culture-experimentale-de-soja\\\/#primaryimage\",\"url\":\"https:\\\/\\\/lasentinelle.dz\\\/wp-content\\\/uploads\\\/2024\\\/12\\\/culture-du-soja.jpeg\",\"contentUrl\":\"https:\\\/\\\/lasentinelle.dz\\\/wp-content\\\/uploads\\\/2024\\\/12\\\/culture-du-soja.jpeg\",\"width\":2560,\"height\":1694},{\"@type\":\"BreadcrumbList\",\"@id\":\"https:\\\/\\\/lasentinelle.dz\\\/index.php\\\/2024\\\/12\\\/30\\\/jijel-culture-experimentale-de-soja\\\/#breadcrumb\",\"itemListElement\":[{\"@type\":\"ListItem\",\"position\":1,\"name\":\"Accueil\",\"item\":\"https:\\\/\\\/lasentinelle.dz\\\/\"},{\"@type\":\"ListItem\",\"position\":2,\"name\":\"Jijel : Culture exp\u00e9rimentale de Soja\"}]},{\"@type\":\"WebSite\",\"@id\":\"https:\\\/\\\/lasentinelle.dz\\\/#website\",\"url\":\"https:\\\/\\\/lasentinelle.dz\\\/\",\"name\":\"La Sentinelle\",\"description\":\"Quotidien national d&#039;information\",\"publisher\":{\"@id\":\"https:\\\/\\\/lasentinelle.dz\\\/#organization\"},\"potentialAction\":[{\"@type\":\"SearchAction\",\"target\":{\"@type\":\"EntryPoint\",\"urlTemplate\":\"https:\\\/\\\/lasentinelle.dz\\\/?s={search_term_string}\"},\"query-input\":{\"@type\":\"PropertyValueSpecification\",\"valueRequired\":true,\"valueName\":\"search_term_string\"}}],\"inLanguage\":\"fr-FR\"},{\"@type\":\"Organization\",\"@id\":\"https:\\\/\\\/lasentinelle.dz\\\/#organization\",\"name\":\"Quotidien La Sentinelle\",\"url\":\"https:\\\/\\\/lasentinelle.dz\\\/\",\"logo\":{\"@type\":\"ImageObject\",\"inLanguage\":\"fr-FR\",\"@id\":\"https:\\\/\\\/lasentinelle.dz\\\/#\\\/schema\\\/logo\\\/image\\\/\",\"url\":\"https:\\\/\\\/lasentinelle.dz\\\/wp-content\\\/uploads\\\/2021\\\/09\\\/logo-sentinelleSLOGAN-1.png\",\"contentUrl\":\"https:\\\/\\\/lasentinelle.dz\\\/wp-content\\\/uploads\\\/2021\\\/09\\\/logo-sentinelleSLOGAN-1.png\",\"width\":615,\"height\":142,\"caption\":\"Quotidien La Sentinelle\"},\"image\":{\"@id\":\"https:\\\/\\\/lasentinelle.dz\\\/#\\\/schema\\\/logo\\\/image\\\/\"},\"sameAs\":[\"https:\\\/\\\/www.facebook.com\\\/La-Sentinelle-104059864394773\"]},{\"@type\":\"Person\",\"@id\":\"https:\\\/\\\/lasentinelle.dz\\\/#\\\/schema\\\/person\\\/729ee0024f24e0b8c5ec17232f8e8b41\",\"name\":\"admin\",\"image\":{\"@type\":\"ImageObject\",\"inLanguage\":\"fr-FR\",\"@id\":\"https:\\\/\\\/secure.gravatar.com\\\/avatar\\\/4c81fed838786e9b53f540bf46533e750f5d292099ae3b66cfc6fb1982e29df7?s=96&d=mm&r=g\",\"url\":\"https:\\\/\\\/secure.gravatar.com\\\/avatar\\\/4c81fed838786e9b53f540bf46533e750f5d292099ae3b66cfc6fb1982e29df7?s=96&d=mm&r=g\",\"contentUrl\":\"https:\\\/\\\/secure.gravatar.com\\\/avatar\\\/4c81fed838786e9b53f540bf46533e750f5d292099ae3b66cfc6fb1982e29df7?s=96&d=mm&r=g\",\"caption\":\"admin\"},\"description\":\"admin\",\"url\":\"https:\\\/\\\/lasentinelle.dz\\\/author\\\/admin\\\/\"}]}<\/script>\n<!-- \/ Yoast SEO plugin. -->","yoast_head_json":{"title":"Jijel : Culture exp\u00e9rimentale de Soja - La Sentinelle","robots":{"index":"index","follow":"follow","max-snippet":"max-snippet:-1","max-image-preview":"max-image-preview:large","max-video-preview":"max-video-preview:-1"},"canonical":"https:\/\/lasentinelle.dz\/index.php\/2024\/12\/30\/jijel-culture-experimentale-de-soja\/","og_locale":"fr_FR","og_type":"article","og_title":"Jijel : Culture exp\u00e9rimentale de Soja - La Sentinelle","og_description":"La d\u00e9marche, encadr\u00e9e par les chercheurs et les cadres de l&rsquo;Institut national de recherches agronomiques de la wilaya de Jijel,","og_url":"https:\/\/lasentinelle.dz\/index.php\/2024\/12\/30\/jijel-culture-experimentale-de-soja\/","og_site_name":"La Sentinelle","article_publisher":"https:\/\/www.facebook.com\/La-Sentinelle-104059864394773","article_published_time":"2024-12-30T10:55:00+00:00","article_modified_time":"2024-12-30T10:55:01+00:00","og_image":[{"width":2560,"height":1694,"url":"https:\/\/lasentinelle.dz\/wp-content\/uploads\/2024\/12\/culture-du-soja.jpeg","type":"image\/jpeg"}],"author":"admin","twitter_card":"summary_large_image","twitter_misc":{"\u00c9crit par":"admin","Dur\u00e9e de lecture estim\u00e9e":"4 minutes"},"schema":{"@context":"https:\/\/schema.org","@graph":[{"@type":"Article","@id":"https:\/\/lasentinelle.dz\/index.php\/2024\/12\/30\/jijel-culture-experimentale-de-soja\/#article","isPartOf":{"@id":"https:\/\/lasentinelle.dz\/index.php\/2024\/12\/30\/jijel-culture-experimentale-de-soja\/"},"author":{"name":"admin","@id":"https:\/\/lasentinelle.dz\/#\/schema\/person\/729ee0024f24e0b8c5ec17232f8e8b41"},"headline":"Jijel : Culture exp\u00e9rimentale de Soja","datePublished":"2024-12-30T10:55:00+00:00","dateModified":"2024-12-30T10:55:01+00:00","mainEntityOfPage":{"@id":"https:\/\/lasentinelle.dz\/index.php\/2024\/12\/30\/jijel-culture-experimentale-de-soja\/"},"wordCount":812,"commentCount":0,"publisher":{"@id":"https:\/\/lasentinelle.dz\/#organization"},"image":{"@id":"https:\/\/lasentinelle.dz\/index.php\/2024\/12\/30\/jijel-culture-experimentale-de-soja\/#primaryimage"},"thumbnailUrl":"https:\/\/lasentinelle.dz\/wp-content\/uploads\/2024\/12\/culture-du-soja.jpeg","articleSection":["R\u00e9gions"],"inLanguage":"fr-FR","potentialAction":[{"@type":"CommentAction","name":"Comment","target":["https:\/\/lasentinelle.dz\/index.php\/2024\/12\/30\/jijel-culture-experimentale-de-soja\/#respond"]}]},{"@type":"WebPage","@id":"https:\/\/lasentinelle.dz\/index.php\/2024\/12\/30\/jijel-culture-experimentale-de-soja\/","url":"https:\/\/lasentinelle.dz\/index.php\/2024\/12\/30\/jijel-culture-experimentale-de-soja\/","name":"Jijel : Culture exp\u00e9rimentale de Soja - La Sentinelle","isPartOf":{"@id":"https:\/\/lasentinelle.dz\/#website"},"primaryImageOfPage":{"@id":"https:\/\/lasentinelle.dz\/index.php\/2024\/12\/30\/jijel-culture-experimentale-de-soja\/#primaryimage"},"image":{"@id":"https:\/\/lasentinelle.dz\/index.php\/2024\/12\/30\/jijel-culture-experimentale-de-soja\/#primaryimage"},"thumbnailUrl":"https:\/\/lasentinelle.dz\/wp-content\/uploads\/2024\/12\/culture-du-soja.jpeg","datePublished":"2024-12-30T10:55:00+00:00","dateModified":"2024-12-30T10:55:01+00:00","breadcrumb":{"@id":"https:\/\/lasentinelle.dz\/index.php\/2024\/12\/30\/jijel-culture-experimentale-de-soja\/#breadcrumb"},"inLanguage":"fr-FR","potentialAction":[{"@type":"ReadAction","target":["https:\/\/lasentinelle.dz\/index.php\/2024\/12\/30\/jijel-culture-experimentale-de-soja\/"]}]},{"@type":"ImageObject","inLanguage":"fr-FR","@id":"https:\/\/lasentinelle.dz\/index.php\/2024\/12\/30\/jijel-culture-experimentale-de-soja\/#primaryimage","url":"https:\/\/lasentinelle.dz\/wp-content\/uploads\/2024\/12\/culture-du-soja.jpeg","contentUrl":"https:\/\/lasentinelle.dz\/wp-content\/uploads\/2024\/12\/culture-du-soja.jpeg","width":2560,"height":1694},{"@type":"BreadcrumbList","@id":"https:\/\/lasentinelle.dz\/index.php\/2024\/12\/30\/jijel-culture-experimentale-de-soja\/#breadcrumb","itemListElement":[{"@type":"ListItem","position":1,"name":"Accueil","item":"https:\/\/lasentinelle.dz\/"},{"@type":"ListItem","position":2,"name":"Jijel : Culture exp\u00e9rimentale de Soja"}]},{"@type":"WebSite","@id":"https:\/\/lasentinelle.dz\/#website","url":"https:\/\/lasentinelle.dz\/","name":"La Sentinelle","description":"Quotidien national d&#039;information","publisher":{"@id":"https:\/\/lasentinelle.dz\/#organization"},"potentialAction":[{"@type":"SearchAction","target":{"@type":"EntryPoint","urlTemplate":"https:\/\/lasentinelle.dz\/?s={search_term_string}"},"query-input":{"@type":"PropertyValueSpecification","valueRequired":true,"valueName":"search_term_string"}}],"inLanguage":"fr-FR"},{"@type":"Organization","@id":"https:\/\/lasentinelle.dz\/#organization","name":"Quotidien La Sentinelle","url":"https:\/\/lasentinelle.dz\/","logo":{"@type":"ImageObject","inLanguage":"fr-FR","@id":"https:\/\/lasentinelle.dz\/#\/schema\/logo\/image\/","url":"https:\/\/lasentinelle.dz\/wp-content\/uploads\/2021\/09\/logo-sentinelleSLOGAN-1.png","contentUrl":"https:\/\/lasentinelle.dz\/wp-content\/uploads\/2021\/09\/logo-sentinelleSLOGAN-1.png","width":615,"height":142,"caption":"Quotidien La Sentinelle"},"image":{"@id":"https:\/\/lasentinelle.dz\/#\/schema\/logo\/image\/"},"sameAs":["https:\/\/www.facebook.com\/La-Sentinelle-104059864394773"]},{"@type":"Person","@id":"https:\/\/lasentinelle.dz\/#\/schema\/person\/729ee0024f24e0b8c5ec17232f8e8b41","name":"admin","image":{"@type":"ImageObject","inLanguage":"fr-FR","@id":"https:\/\/secure.gravatar.com\/avatar\/4c81fed838786e9b53f540bf46533e750f5d292099ae3b66cfc6fb1982e29df7?s=96&d=mm&r=g","url":"https:\/\/secure.gravatar.com\/avatar\/4c81fed838786e9b53f540bf46533e750f5d292099ae3b66cfc6fb1982e29df7?s=96&d=mm&r=g","contentUrl":"https:\/\/secure.gravatar.com\/avatar\/4c81fed838786e9b53f540bf46533e750f5d292099ae3b66cfc6fb1982e29df7?s=96&d=mm&r=g","caption":"admin"},"description":"admin","url":"https:\/\/lasentinelle.dz\/author\/admin\/"}]}},"_links":{"self":[{"href":"https:\/\/lasentinelle.dz\/index.php\/wp-json\/wp\/v2\/posts\/61120","targetHints":{"allow":["GET"]}}],"collection":[{"href":"https:\/\/lasentinelle.dz\/index.php\/wp-json\/wp\/v2\/posts"}],"about":[{"href":"https:\/\/lasentinelle.dz\/index.php\/wp-json\/wp\/v2\/types\/post"}],"author":[{"embeddable":true,"href":"https:\/\/lasentinelle.dz\/index.php\/wp-json\/wp\/v2\/users\/6"}],"replies":[{"embeddable":true,"href":"https:\/\/lasentinelle.dz\/index.php\/wp-json\/wp\/v2\/comments?post=61120"}],"version-history":[{"count":1,"href":"https:\/\/lasentinelle.dz\/index.php\/wp-json\/wp\/v2\/posts\/61120\/revisions"}],"predecessor-version":[{"id":61122,"href":"https:\/\/lasentinelle.dz\/index.php\/wp-json\/wp\/v2\/posts\/61120\/revisions\/61122"}],"wp:featuredmedia":[{"embeddable":true,"href":"https:\/\/lasentinelle.dz\/index.php\/wp-json\/wp\/v2\/media\/61121"}],"wp:attachment":[{"href":"https:\/\/lasentinelle.dz\/index.php\/wp-json\/wp\/v2\/media?parent=61120"}],"wp:term":[{"taxonomy":"category","embeddable":true,"href":"https:\/\/lasentinelle.dz\/index.php\/wp-json\/wp\/v2\/categories?post=61120"},{"taxonomy":"post_tag","embeddable":true,"href":"https:\/\/lasentinelle.dz\/index.php\/wp-json\/wp\/v2\/tags?post=61120"}],"curies":[{"name":"wp","href":"https:\/\/api.w.org\/{rel}","templated":true}]}}