{"id":61132,"date":"2024-12-30T12:00:44","date_gmt":"2024-12-30T11:00:44","guid":{"rendered":"https:\/\/lasentinelle.dz\/?p=61132"},"modified":"2024-12-30T12:00:45","modified_gmt":"2024-12-30T11:00:45","slug":"sonarem-200-millions-de-dollars-dexportations-minieres-en-2024","status":"publish","type":"post","link":"https:\/\/lasentinelle.dz\/index.php\/2024\/12\/30\/sonarem-200-millions-de-dollars-dexportations-minieres-en-2024\/","title":{"rendered":"Sonarem: 200 millions de dollars d\u2019exportations mini\u00e8res en 2024"},"content":{"rendered":"\n<p>Le programme de d\u00e9veloppement minier national, au c\u0153ur de la strat\u00e9gie de diversification \u00e9conomique, commence \u00e0 donner des r\u00e9sultats illustr\u00e9s par les performances du Groupe minier industriel Sonarem. Le groupe public dresse en effet un bilan positif pour l&rsquo;ann\u00e9e 2024, marqu\u00e9 par des performances remarquables \u00e0 l&rsquo;export et des avanc\u00e9es significatives dans ses projets strat\u00e9giques. Selon les d\u00e9clarations de son pr\u00e9sident-directeur g\u00e9n\u00e9ral, Belkacem Soltani, \u00e0 l&rsquo;APS, le groupe a r\u00e9alis\u00e9 des exportations s&rsquo;\u00e9levant \u00e0 200 millions de dollars, dont la part majeure provient du phosphate avec plus de 193 millions de dollars. Le P-DG souligne que \u00ab\u00a0presque tous les objectifs fix\u00e9s par le groupe et ses 12 filiales ont \u00e9t\u00e9 atteints, notamment ceux li\u00e9s au lancement de plusieurs projets pr\u00e9vus\u00a0\u00bb. Cette r\u00e9ussite s&rsquo;inscrit dans le cadre de \u00ab\u00a0la strat\u00e9gie \u00e9labor\u00e9e par le pr\u00e9sident de la R\u00e9publique, M. Abdelmadjid Tebboune, visant \u00e0 r\u00e9duire les importations des mati\u00e8res min\u00e9rales tout en r\u00e9pondant aux besoins du march\u00e9 national et en exportant l&rsquo;exc\u00e9dent pour augmenter les exportations hors hydrocarbures\u00a0\u00bb, explique M. Soltani. L&rsquo;ann\u00e9e 2025 s&rsquo;annonce prometteuse avec le lancement pr\u00e9vu de nouveaux projets structurants, notamment une usine de production de carbonate de calcium fin dans la r\u00e9gion de Bounouara, commune d&rsquo;El-Khroub \u00e0 Constantine. Cette installation devrait contribuer \u00e0 la cr\u00e9ation d&#8217;emplois directs et permettre d&rsquo;am\u00e9liorer la qualit\u00e9 des produits d\u00e9riv\u00e9s du carbonate de calcium. La strat\u00e9gie du groupe pour 2025 met l&rsquo;accent sur le d\u00e9veloppement du capital humain, avec un focus particulier sur le recrutement de comp\u00e9tences sp\u00e9cialis\u00e9es et la formation continue des cadres et fonctionnaires aux nouvelles technologies du secteur.<\/p>\n\n\n\n<p>Int\u00e9r\u00eat accru des entreprises internationales<\/p>\n\n\n\n<p>Le programme d&rsquo;exploration mini\u00e8re, initi\u00e9 en 2021 avec 26 projets de recherche, a permis de d\u00e9couvrir des ressources min\u00e9rales insoup\u00e7onn\u00e9es \u00e0 forte valeur ajout\u00e9e, incluant le feldspath, le lithium et l&rsquo;uranium, ainsi que diverses terres rares. Cette diversification des ressources s&rsquo;accompagne d&rsquo;une ouverture aux investissements \u00e9trangers, comme en t\u00e9moigne la r\u00e9ception de nombreuses offres d&rsquo;investissement \u00e9manant d&rsquo;entreprises chinoises, malaisiennes, belges et indon\u00e9siennes. Dans le domaine de l&rsquo;exploitation aurif\u00e8re, le bilan est \u00e9galement encourageant. M. Soltani r\u00e9v\u00e8le qu'\u00a0\u00bben 2024, pr\u00e8s de 46 licences d&rsquo;exploitation ont \u00e9t\u00e9 d\u00e9livr\u00e9es pour les entreprises\u00a0\u00bb. La production nationale d&rsquo;or entre 2022 et d\u00e9cembre 2024 a atteint 351 kg. Les perspectives sont particuli\u00e8rement prometteuses avec la relance prochaine des mines d&rsquo;or de Tirek et Amsmissa dans la wilaya de Tamanrasset, apr\u00e8s plus d&rsquo;une d\u00e9cennie d&rsquo;arr\u00eat, laissant pr\u00e9sager une augmentation significative de la production aurif\u00e8re nationale. Les grands projets miniers structurants connaissent une progression \u00ab\u00a0tr\u00e8s avanc\u00e9e\u00a0\u00bb, selon le P-DG qui assure qu&rsquo;ils seront \u00ab\u00a0r\u00e9ceptionn\u00e9s dans les d\u00e9lais impartis\u00a0\u00bb. Parmi ces projets phares figurent la mine de fer de Gara Djebilet \u00e0 Tindouf, la mine de phosphate int\u00e9gr\u00e9 de Bled El-Hadba \u00e0 T\u00e9bessa, et la mine de zinc et de plomb de Tala Hamza-Oued Amizour \u00e0 B\u00e9ja\u00efa. La mobilisation des ressources n\u00e9cessaires \u00e0 leur r\u00e9alisation est une priorit\u00e9 pour le groupe, conform\u00e9ment aux directives pr\u00e9sidentielles qui soulignent l&rsquo;urgence de leur ex\u00e9cution \u00ab\u00a0dans les plus brefs d\u00e9lais\u00a0\u00bb compte tenu de leur impact strat\u00e9gique sur l&rsquo;\u00e9conomie nationale.<\/p>\n\n\n\n<p>Samir Benisid<\/p>\n","protected":false},"excerpt":{"rendered":"<p>Le programme de d\u00e9veloppement minier national, au c\u0153ur de la strat\u00e9gie de diversification \u00e9conomique, commence \u00e0 donner des r\u00e9sultats illustr\u00e9s<\/p>\n","protected":false},"author":6,"featured_media":59495,"comment_status":"open","ping_status":"closed","sticky":false,"template":"","format":"standard","meta":{"colormag_page_container_layout":"default_layout","colormag_page_sidebar_layout":"default_layout","om_disable_all_campaigns":false,"_monsterinsights_skip_tracking":false,"_monsterinsights_sitenote_active":false,"_monsterinsights_sitenote_note":"","_monsterinsights_sitenote_category":0,"footnotes":"","_wpscppro_dont_share_socialmedia":false,"_wpscppro_custom_social_share_image":0,"_facebook_share_type":"default","_twitter_share_type":"default","_linkedin_share_type":"default","_pinterest_share_type":"default","_linkedin_share_type_page":"","_instagram_share_type":"default","_medium_share_type":"default","_threads_share_type":"","_google_business_share_type":"","_selected_social_profile":[],"_wpsp_enable_custom_social_template":false,"_wpsp_social_scheduling":{"enabled":false,"datetime":null,"platforms":[],"status":"template_only","dateOption":"today","timeOption":"now","customDays":"","customHours":"","customDate":"","customTime":"","schedulingType":"absolute"},"_wpsp_active_default_template":true},"categories":[29],"tags":[],"class_list":["post-61132","post","type-post","status-publish","format-standard","has-post-thumbnail","hentry","category-economie"],"aioseo_notices":[],"yoast_head":"<!-- This site is optimized with the Yoast SEO plugin v27.5 - https:\/\/yoast.com\/product\/yoast-seo-wordpress\/ -->\n<title>Sonarem: 200 millions de dollars d\u2019exportations mini\u00e8res en 2024 - La Sentinelle<\/title>\n<meta name=\"robots\" content=\"index, follow, max-snippet:-1, max-image-preview:large, max-video-preview:-1\" \/>\n<link rel=\"canonical\" href=\"https:\/\/lasentinelle.dz\/index.php\/2024\/12\/30\/sonarem-200-millions-de-dollars-dexportations-minieres-en-2024\/\" \/>\n<meta property=\"og:locale\" content=\"fr_FR\" \/>\n<meta property=\"og:type\" content=\"article\" \/>\n<meta property=\"og:title\" content=\"Sonarem: 200 millions de dollars d\u2019exportations mini\u00e8res en 2024 - La Sentinelle\" \/>\n<meta property=\"og:description\" content=\"Le programme de d\u00e9veloppement minier national, au c\u0153ur de la strat\u00e9gie de diversification \u00e9conomique, commence \u00e0 donner des r\u00e9sultats illustr\u00e9s\" \/>\n<meta property=\"og:url\" content=\"https:\/\/lasentinelle.dz\/index.php\/2024\/12\/30\/sonarem-200-millions-de-dollars-dexportations-minieres-en-2024\/\" \/>\n<meta property=\"og:site_name\" content=\"La Sentinelle\" \/>\n<meta property=\"article:publisher\" content=\"https:\/\/www.facebook.com\/La-Sentinelle-104059864394773\" \/>\n<meta property=\"article:published_time\" content=\"2024-12-30T11:00:44+00:00\" \/>\n<meta property=\"article:modified_time\" content=\"2024-12-30T11:00:45+00:00\" \/>\n<meta property=\"og:image\" content=\"https:\/\/lasentinelle.dz\/wp-content\/uploads\/2024\/11\/sonatrach-sonarem.jpg\" \/>\n\t<meta property=\"og:image:width\" content=\"1080\" \/>\n\t<meta property=\"og:image:height\" content=\"720\" \/>\n\t<meta property=\"og:image:type\" content=\"image\/jpeg\" \/>\n<meta name=\"author\" content=\"admin\" \/>\n<meta name=\"twitter:card\" content=\"summary_large_image\" \/>\n<meta name=\"twitter:label1\" content=\"\u00c9crit par\" \/>\n\t<meta name=\"twitter:data1\" content=\"admin\" \/>\n\t<meta name=\"twitter:label2\" content=\"Dur\u00e9e de lecture estim\u00e9e\" \/>\n\t<meta name=\"twitter:data2\" content=\"3 minutes\" \/>\n<script type=\"application\/ld+json\" class=\"yoast-schema-graph\">{\"@context\":\"https:\\\/\\\/schema.org\",\"@graph\":[{\"@type\":\"Article\",\"@id\":\"https:\\\/\\\/lasentinelle.dz\\\/index.php\\\/2024\\\/12\\\/30\\\/sonarem-200-millions-de-dollars-dexportations-minieres-en-2024\\\/#article\",\"isPartOf\":{\"@id\":\"https:\\\/\\\/lasentinelle.dz\\\/index.php\\\/2024\\\/12\\\/30\\\/sonarem-200-millions-de-dollars-dexportations-minieres-en-2024\\\/\"},\"author\":{\"name\":\"admin\",\"@id\":\"https:\\\/\\\/lasentinelle.dz\\\/#\\\/schema\\\/person\\\/729ee0024f24e0b8c5ec17232f8e8b41\"},\"headline\":\"Sonarem: 200 millions de dollars d\u2019exportations mini\u00e8res en 2024\",\"datePublished\":\"2024-12-30T11:00:44+00:00\",\"dateModified\":\"2024-12-30T11:00:45+00:00\",\"mainEntityOfPage\":{\"@id\":\"https:\\\/\\\/lasentinelle.dz\\\/index.php\\\/2024\\\/12\\\/30\\\/sonarem-200-millions-de-dollars-dexportations-minieres-en-2024\\\/\"},\"wordCount\":590,\"commentCount\":0,\"publisher\":{\"@id\":\"https:\\\/\\\/lasentinelle.dz\\\/#organization\"},\"image\":{\"@id\":\"https:\\\/\\\/lasentinelle.dz\\\/index.php\\\/2024\\\/12\\\/30\\\/sonarem-200-millions-de-dollars-dexportations-minieres-en-2024\\\/#primaryimage\"},\"thumbnailUrl\":\"https:\\\/\\\/lasentinelle.dz\\\/wp-content\\\/uploads\\\/2024\\\/11\\\/sonatrach-sonarem.jpg\",\"articleSection\":[\"\u00c9conomie\"],\"inLanguage\":\"fr-FR\",\"potentialAction\":[{\"@type\":\"CommentAction\",\"name\":\"Comment\",\"target\":[\"https:\\\/\\\/lasentinelle.dz\\\/index.php\\\/2024\\\/12\\\/30\\\/sonarem-200-millions-de-dollars-dexportations-minieres-en-2024\\\/#respond\"]}]},{\"@type\":\"WebPage\",\"@id\":\"https:\\\/\\\/lasentinelle.dz\\\/index.php\\\/2024\\\/12\\\/30\\\/sonarem-200-millions-de-dollars-dexportations-minieres-en-2024\\\/\",\"url\":\"https:\\\/\\\/lasentinelle.dz\\\/index.php\\\/2024\\\/12\\\/30\\\/sonarem-200-millions-de-dollars-dexportations-minieres-en-2024\\\/\",\"name\":\"Sonarem: 200 millions de dollars d\u2019exportations mini\u00e8res en 2024 - La Sentinelle\",\"isPartOf\":{\"@id\":\"https:\\\/\\\/lasentinelle.dz\\\/#website\"},\"primaryImageOfPage\":{\"@id\":\"https:\\\/\\\/lasentinelle.dz\\\/index.php\\\/2024\\\/12\\\/30\\\/sonarem-200-millions-de-dollars-dexportations-minieres-en-2024\\\/#primaryimage\"},\"image\":{\"@id\":\"https:\\\/\\\/lasentinelle.dz\\\/index.php\\\/2024\\\/12\\\/30\\\/sonarem-200-millions-de-dollars-dexportations-minieres-en-2024\\\/#primaryimage\"},\"thumbnailUrl\":\"https:\\\/\\\/lasentinelle.dz\\\/wp-content\\\/uploads\\\/2024\\\/11\\\/sonatrach-sonarem.jpg\",\"datePublished\":\"2024-12-30T11:00:44+00:00\",\"dateModified\":\"2024-12-30T11:00:45+00:00\",\"breadcrumb\":{\"@id\":\"https:\\\/\\\/lasentinelle.dz\\\/index.php\\\/2024\\\/12\\\/30\\\/sonarem-200-millions-de-dollars-dexportations-minieres-en-2024\\\/#breadcrumb\"},\"inLanguage\":\"fr-FR\",\"potentialAction\":[{\"@type\":\"ReadAction\",\"target\":[\"https:\\\/\\\/lasentinelle.dz\\\/index.php\\\/2024\\\/12\\\/30\\\/sonarem-200-millions-de-dollars-dexportations-minieres-en-2024\\\/\"]}]},{\"@type\":\"ImageObject\",\"inLanguage\":\"fr-FR\",\"@id\":\"https:\\\/\\\/lasentinelle.dz\\\/index.php\\\/2024\\\/12\\\/30\\\/sonarem-200-millions-de-dollars-dexportations-minieres-en-2024\\\/#primaryimage\",\"url\":\"https:\\\/\\\/lasentinelle.dz\\\/wp-content\\\/uploads\\\/2024\\\/11\\\/sonatrach-sonarem.jpg\",\"contentUrl\":\"https:\\\/\\\/lasentinelle.dz\\\/wp-content\\\/uploads\\\/2024\\\/11\\\/sonatrach-sonarem.jpg\",\"width\":1080,\"height\":720},{\"@type\":\"BreadcrumbList\",\"@id\":\"https:\\\/\\\/lasentinelle.dz\\\/index.php\\\/2024\\\/12\\\/30\\\/sonarem-200-millions-de-dollars-dexportations-minieres-en-2024\\\/#breadcrumb\",\"itemListElement\":[{\"@type\":\"ListItem\",\"position\":1,\"name\":\"Accueil\",\"item\":\"https:\\\/\\\/lasentinelle.dz\\\/\"},{\"@type\":\"ListItem\",\"position\":2,\"name\":\"Sonarem: 200 millions de dollars d\u2019exportations mini\u00e8res en 2024\"}]},{\"@type\":\"WebSite\",\"@id\":\"https:\\\/\\\/lasentinelle.dz\\\/#website\",\"url\":\"https:\\\/\\\/lasentinelle.dz\\\/\",\"name\":\"La Sentinelle\",\"description\":\"Quotidien national d&#039;information\",\"publisher\":{\"@id\":\"https:\\\/\\\/lasentinelle.dz\\\/#organization\"},\"potentialAction\":[{\"@type\":\"SearchAction\",\"target\":{\"@type\":\"EntryPoint\",\"urlTemplate\":\"https:\\\/\\\/lasentinelle.dz\\\/?s={search_term_string}\"},\"query-input\":{\"@type\":\"PropertyValueSpecification\",\"valueRequired\":true,\"valueName\":\"search_term_string\"}}],\"inLanguage\":\"fr-FR\"},{\"@type\":\"Organization\",\"@id\":\"https:\\\/\\\/lasentinelle.dz\\\/#organization\",\"name\":\"Quotidien La Sentinelle\",\"url\":\"https:\\\/\\\/lasentinelle.dz\\\/\",\"logo\":{\"@type\":\"ImageObject\",\"inLanguage\":\"fr-FR\",\"@id\":\"https:\\\/\\\/lasentinelle.dz\\\/#\\\/schema\\\/logo\\\/image\\\/\",\"url\":\"https:\\\/\\\/lasentinelle.dz\\\/wp-content\\\/uploads\\\/2021\\\/09\\\/logo-sentinelleSLOGAN-1.png\",\"contentUrl\":\"https:\\\/\\\/lasentinelle.dz\\\/wp-content\\\/uploads\\\/2021\\\/09\\\/logo-sentinelleSLOGAN-1.png\",\"width\":615,\"height\":142,\"caption\":\"Quotidien La Sentinelle\"},\"image\":{\"@id\":\"https:\\\/\\\/lasentinelle.dz\\\/#\\\/schema\\\/logo\\\/image\\\/\"},\"sameAs\":[\"https:\\\/\\\/www.facebook.com\\\/La-Sentinelle-104059864394773\"]},{\"@type\":\"Person\",\"@id\":\"https:\\\/\\\/lasentinelle.dz\\\/#\\\/schema\\\/person\\\/729ee0024f24e0b8c5ec17232f8e8b41\",\"name\":\"admin\",\"image\":{\"@type\":\"ImageObject\",\"inLanguage\":\"fr-FR\",\"@id\":\"https:\\\/\\\/secure.gravatar.com\\\/avatar\\\/4c81fed838786e9b53f540bf46533e750f5d292099ae3b66cfc6fb1982e29df7?s=96&d=mm&r=g\",\"url\":\"https:\\\/\\\/secure.gravatar.com\\\/avatar\\\/4c81fed838786e9b53f540bf46533e750f5d292099ae3b66cfc6fb1982e29df7?s=96&d=mm&r=g\",\"contentUrl\":\"https:\\\/\\\/secure.gravatar.com\\\/avatar\\\/4c81fed838786e9b53f540bf46533e750f5d292099ae3b66cfc6fb1982e29df7?s=96&d=mm&r=g\",\"caption\":\"admin\"},\"description\":\"admin\",\"url\":\"https:\\\/\\\/lasentinelle.dz\\\/author\\\/admin\\\/\"}]}<\/script>\n<!-- \/ Yoast SEO plugin. -->","yoast_head_json":{"title":"Sonarem: 200 millions de dollars d\u2019exportations mini\u00e8res en 2024 - La Sentinelle","robots":{"index":"index","follow":"follow","max-snippet":"max-snippet:-1","max-image-preview":"max-image-preview:large","max-video-preview":"max-video-preview:-1"},"canonical":"https:\/\/lasentinelle.dz\/index.php\/2024\/12\/30\/sonarem-200-millions-de-dollars-dexportations-minieres-en-2024\/","og_locale":"fr_FR","og_type":"article","og_title":"Sonarem: 200 millions de dollars d\u2019exportations mini\u00e8res en 2024 - La Sentinelle","og_description":"Le programme de d\u00e9veloppement minier national, au c\u0153ur de la strat\u00e9gie de diversification \u00e9conomique, commence \u00e0 donner des r\u00e9sultats illustr\u00e9s","og_url":"https:\/\/lasentinelle.dz\/index.php\/2024\/12\/30\/sonarem-200-millions-de-dollars-dexportations-minieres-en-2024\/","og_site_name":"La Sentinelle","article_publisher":"https:\/\/www.facebook.com\/La-Sentinelle-104059864394773","article_published_time":"2024-12-30T11:00:44+00:00","article_modified_time":"2024-12-30T11:00:45+00:00","og_image":[{"width":1080,"height":720,"url":"https:\/\/lasentinelle.dz\/wp-content\/uploads\/2024\/11\/sonatrach-sonarem.jpg","type":"image\/jpeg"}],"author":"admin","twitter_card":"summary_large_image","twitter_misc":{"\u00c9crit par":"admin","Dur\u00e9e de lecture estim\u00e9e":"3 minutes"},"schema":{"@context":"https:\/\/schema.org","@graph":[{"@type":"Article","@id":"https:\/\/lasentinelle.dz\/index.php\/2024\/12\/30\/sonarem-200-millions-de-dollars-dexportations-minieres-en-2024\/#article","isPartOf":{"@id":"https:\/\/lasentinelle.dz\/index.php\/2024\/12\/30\/sonarem-200-millions-de-dollars-dexportations-minieres-en-2024\/"},"author":{"name":"admin","@id":"https:\/\/lasentinelle.dz\/#\/schema\/person\/729ee0024f24e0b8c5ec17232f8e8b41"},"headline":"Sonarem: 200 millions de dollars d\u2019exportations mini\u00e8res en 2024","datePublished":"2024-12-30T11:00:44+00:00","dateModified":"2024-12-30T11:00:45+00:00","mainEntityOfPage":{"@id":"https:\/\/lasentinelle.dz\/index.php\/2024\/12\/30\/sonarem-200-millions-de-dollars-dexportations-minieres-en-2024\/"},"wordCount":590,"commentCount":0,"publisher":{"@id":"https:\/\/lasentinelle.dz\/#organization"},"image":{"@id":"https:\/\/lasentinelle.dz\/index.php\/2024\/12\/30\/sonarem-200-millions-de-dollars-dexportations-minieres-en-2024\/#primaryimage"},"thumbnailUrl":"https:\/\/lasentinelle.dz\/wp-content\/uploads\/2024\/11\/sonatrach-sonarem.jpg","articleSection":["\u00c9conomie"],"inLanguage":"fr-FR","potentialAction":[{"@type":"CommentAction","name":"Comment","target":["https:\/\/lasentinelle.dz\/index.php\/2024\/12\/30\/sonarem-200-millions-de-dollars-dexportations-minieres-en-2024\/#respond"]}]},{"@type":"WebPage","@id":"https:\/\/lasentinelle.dz\/index.php\/2024\/12\/30\/sonarem-200-millions-de-dollars-dexportations-minieres-en-2024\/","url":"https:\/\/lasentinelle.dz\/index.php\/2024\/12\/30\/sonarem-200-millions-de-dollars-dexportations-minieres-en-2024\/","name":"Sonarem: 200 millions de dollars d\u2019exportations mini\u00e8res en 2024 - La Sentinelle","isPartOf":{"@id":"https:\/\/lasentinelle.dz\/#website"},"primaryImageOfPage":{"@id":"https:\/\/lasentinelle.dz\/index.php\/2024\/12\/30\/sonarem-200-millions-de-dollars-dexportations-minieres-en-2024\/#primaryimage"},"image":{"@id":"https:\/\/lasentinelle.dz\/index.php\/2024\/12\/30\/sonarem-200-millions-de-dollars-dexportations-minieres-en-2024\/#primaryimage"},"thumbnailUrl":"https:\/\/lasentinelle.dz\/wp-content\/uploads\/2024\/11\/sonatrach-sonarem.jpg","datePublished":"2024-12-30T11:00:44+00:00","dateModified":"2024-12-30T11:00:45+00:00","breadcrumb":{"@id":"https:\/\/lasentinelle.dz\/index.php\/2024\/12\/30\/sonarem-200-millions-de-dollars-dexportations-minieres-en-2024\/#breadcrumb"},"inLanguage":"fr-FR","potentialAction":[{"@type":"ReadAction","target":["https:\/\/lasentinelle.dz\/index.php\/2024\/12\/30\/sonarem-200-millions-de-dollars-dexportations-minieres-en-2024\/"]}]},{"@type":"ImageObject","inLanguage":"fr-FR","@id":"https:\/\/lasentinelle.dz\/index.php\/2024\/12\/30\/sonarem-200-millions-de-dollars-dexportations-minieres-en-2024\/#primaryimage","url":"https:\/\/lasentinelle.dz\/wp-content\/uploads\/2024\/11\/sonatrach-sonarem.jpg","contentUrl":"https:\/\/lasentinelle.dz\/wp-content\/uploads\/2024\/11\/sonatrach-sonarem.jpg","width":1080,"height":720},{"@type":"BreadcrumbList","@id":"https:\/\/lasentinelle.dz\/index.php\/2024\/12\/30\/sonarem-200-millions-de-dollars-dexportations-minieres-en-2024\/#breadcrumb","itemListElement":[{"@type":"ListItem","position":1,"name":"Accueil","item":"https:\/\/lasentinelle.dz\/"},{"@type":"ListItem","position":2,"name":"Sonarem: 200 millions de dollars d\u2019exportations mini\u00e8res en 2024"}]},{"@type":"WebSite","@id":"https:\/\/lasentinelle.dz\/#website","url":"https:\/\/lasentinelle.dz\/","name":"La Sentinelle","description":"Quotidien national d&#039;information","publisher":{"@id":"https:\/\/lasentinelle.dz\/#organization"},"potentialAction":[{"@type":"SearchAction","target":{"@type":"EntryPoint","urlTemplate":"https:\/\/lasentinelle.dz\/?s={search_term_string}"},"query-input":{"@type":"PropertyValueSpecification","valueRequired":true,"valueName":"search_term_string"}}],"inLanguage":"fr-FR"},{"@type":"Organization","@id":"https:\/\/lasentinelle.dz\/#organization","name":"Quotidien La Sentinelle","url":"https:\/\/lasentinelle.dz\/","logo":{"@type":"ImageObject","inLanguage":"fr-FR","@id":"https:\/\/lasentinelle.dz\/#\/schema\/logo\/image\/","url":"https:\/\/lasentinelle.dz\/wp-content\/uploads\/2021\/09\/logo-sentinelleSLOGAN-1.png","contentUrl":"https:\/\/lasentinelle.dz\/wp-content\/uploads\/2021\/09\/logo-sentinelleSLOGAN-1.png","width":615,"height":142,"caption":"Quotidien La Sentinelle"},"image":{"@id":"https:\/\/lasentinelle.dz\/#\/schema\/logo\/image\/"},"sameAs":["https:\/\/www.facebook.com\/La-Sentinelle-104059864394773"]},{"@type":"Person","@id":"https:\/\/lasentinelle.dz\/#\/schema\/person\/729ee0024f24e0b8c5ec17232f8e8b41","name":"admin","image":{"@type":"ImageObject","inLanguage":"fr-FR","@id":"https:\/\/secure.gravatar.com\/avatar\/4c81fed838786e9b53f540bf46533e750f5d292099ae3b66cfc6fb1982e29df7?s=96&d=mm&r=g","url":"https:\/\/secure.gravatar.com\/avatar\/4c81fed838786e9b53f540bf46533e750f5d292099ae3b66cfc6fb1982e29df7?s=96&d=mm&r=g","contentUrl":"https:\/\/secure.gravatar.com\/avatar\/4c81fed838786e9b53f540bf46533e750f5d292099ae3b66cfc6fb1982e29df7?s=96&d=mm&r=g","caption":"admin"},"description":"admin","url":"https:\/\/lasentinelle.dz\/author\/admin\/"}]}},"_links":{"self":[{"href":"https:\/\/lasentinelle.dz\/index.php\/wp-json\/wp\/v2\/posts\/61132","targetHints":{"allow":["GET"]}}],"collection":[{"href":"https:\/\/lasentinelle.dz\/index.php\/wp-json\/wp\/v2\/posts"}],"about":[{"href":"https:\/\/lasentinelle.dz\/index.php\/wp-json\/wp\/v2\/types\/post"}],"author":[{"embeddable":true,"href":"https:\/\/lasentinelle.dz\/index.php\/wp-json\/wp\/v2\/users\/6"}],"replies":[{"embeddable":true,"href":"https:\/\/lasentinelle.dz\/index.php\/wp-json\/wp\/v2\/comments?post=61132"}],"version-history":[{"count":1,"href":"https:\/\/lasentinelle.dz\/index.php\/wp-json\/wp\/v2\/posts\/61132\/revisions"}],"predecessor-version":[{"id":61133,"href":"https:\/\/lasentinelle.dz\/index.php\/wp-json\/wp\/v2\/posts\/61132\/revisions\/61133"}],"wp:featuredmedia":[{"embeddable":true,"href":"https:\/\/lasentinelle.dz\/index.php\/wp-json\/wp\/v2\/media\/59495"}],"wp:attachment":[{"href":"https:\/\/lasentinelle.dz\/index.php\/wp-json\/wp\/v2\/media?parent=61132"}],"wp:term":[{"taxonomy":"category","embeddable":true,"href":"https:\/\/lasentinelle.dz\/index.php\/wp-json\/wp\/v2\/categories?post=61132"},{"taxonomy":"post_tag","embeddable":true,"href":"https:\/\/lasentinelle.dz\/index.php\/wp-json\/wp\/v2\/tags?post=61132"}],"curies":[{"name":"wp","href":"https:\/\/api.w.org\/{rel}","templated":true}]}}