{"id":61200,"date":"2025-01-02T11:17:06","date_gmt":"2025-01-02T10:17:06","guid":{"rendered":"https:\/\/lasentinelle.dz\/?p=61200"},"modified":"2025-01-04T11:17:40","modified_gmt":"2025-01-04T10:17:40","slug":"faye-fin-de-toutes-presences-militaires-etrangeres-des-2025","status":"publish","type":"post","link":"https:\/\/lasentinelle.dz\/index.php\/2025\/01\/02\/faye-fin-de-toutes-presences-militaires-etrangeres-des-2025\/","title":{"rendered":"Faye : \u00ab\u00a0fin de toutes pr\u00e9sences militaires \u00e9trang\u00e8res d\u00e8s 2025\u00a0\u00bb"},"content":{"rendered":"\n<p>Le pr\u00e9sident s\u00e9n\u00e9galais Bassirou Diomaye Faye a fix\u00e9 lors de son discours du Nouvel an 2025 une \u00e9ch\u00e9ance pr\u00e9cise pour le d\u00e9part de toutes les forces militaires \u00e9trang\u00e8res de son pays.<\/p>\n\n\n\n<p>Cette d\u00e9cision, qui s&rsquo;inscrit dans une dynamique r\u00e9gionale plus large de remise en cause de la pr\u00e9sence militaire fran\u00e7aise sur le continent, concr\u00e9tise les promesses de campagne du nouveau chef d&rsquo;\u00c9tat s\u00e9n\u00e9galais, \u00e9lu en mars 2024 sur un programme souverainiste. Le pr\u00e9sident Faye, qui se r\u00e9clame d&rsquo;un panafricanisme de gauche, avait d\u00e9j\u00e0 annonc\u00e9 le 28 novembre 2024 que la pr\u00e9sence de bases militaires fran\u00e7aises sur le territoire s\u00e9n\u00e9galais \u00e9tait incompatible avec la souverainet\u00e9 nationale. En fixant d\u00e9sormais l&rsquo;\u00e9ch\u00e9ance \u00e0 2025, il franchit une \u00e9tape suppl\u00e9mentaire en donnant une date butoir claire pour ce retrait. Cette d\u00e9cision s&rsquo;accompagne d&rsquo;une instruction donn\u00e9e au ministre des Forces arm\u00e9es de proposer une nouvelle doctrine de coop\u00e9ration en mati\u00e8re de d\u00e9fense et de s\u00e9curit\u00e9. Le pr\u00e9sident s\u00e9n\u00e9galais a toutefois tenu \u00e0 pr\u00e9ciser que tous les amis du S\u00e9n\u00e9gal seront consid\u00e9r\u00e9s comme des partenaires strat\u00e9giques, dans le cadre d&rsquo;une coop\u00e9ration qu&rsquo;il souhaite \u00ab\u00a0ouverte, diversifi\u00e9e et d\u00e9complex\u00e9e\u00a0\u00bb. Cette annonce s&rsquo;inscrit dans un contexte r\u00e9gional particuli\u00e8rement d\u00e9licat pour la France, qui voit son influence militaire reculer rapidement sur le continent africain. Apr\u00e8s avoir \u00e9t\u00e9 contrainte de retirer ses troupes du Mali, du Burkina Faso et du Niger, Paris est forc\u00e9 \u00e0 une reconfiguration majeure de son dispositif en Afrique. Le Tchad, longtemps consid\u00e9r\u00e9 comme un alli\u00e9 strat\u00e9gique de la France dans la r\u00e9gion, a \u00e9galement annonc\u00e9 le d\u00e9part des militaires fran\u00e7ais de son sol. Une premi\u00e8re concr\u00e9tisation de ce retrait a eu lieu le 26 d\u00e9cembre avec la r\u00e9trocession de la base militaire de Faya, situ\u00e9e dans l&rsquo;extr\u00eame nord d\u00e9sertique du pays. En C\u00f4te d&rsquo;Ivoire, autre pays historiquement proche de la France, le pr\u00e9sident Alassane Ouattara a annonc\u00e9 que la base militaire fran\u00e7aise d&rsquo;Abidjan sera r\u00e9troc\u00e9d\u00e9e aux forces arm\u00e9es ivoiriennes d\u00e8s janvier 2025, dans le cadre d&rsquo;un \u00ab\u00a0retrait concert\u00e9 et organis\u00e9\u00a0\u00bb. Cette s\u00e9rie de retraits constitue un bouleversement majeur de la pr\u00e9sence militaire fran\u00e7ais en Afrique, \u00e9tabli depuis les ind\u00e9pendances dans le cadre des accords de d\u00e9fense. Elle t\u00e9moigne d&rsquo;une volont\u00e9 croissante d&rsquo;affirmation de la souverainet\u00e9 nationale de la part des \u00c9tats africains, particuli\u00e8rement visible dans la nouvelle g\u00e9n\u00e9ration de dirigeants comme Bassirou Diomaye Faye, qui revendiquent une rupture avec l&rsquo;ancien syst\u00e8me de d\u00e9pendance vis-\u00e0-vis de l&rsquo;ancienne puissance coloniale. Le cas du S\u00e9n\u00e9gal est particuli\u00e8rement symbolique, car le pays entretenait jusqu&rsquo;ici des relations fortes avec l&rsquo;Occident et \u00e9tait consid\u00e9r\u00e9 comme un partenaire stable et fiable. La d\u00e9cision du pr\u00e9sident Faye, tout en restant dans un cadre diplomatique courtois comme en t\u00e9moigne sa volont\u00e9 de maintenir des partenariats strat\u00e9giques, marque n\u00e9anmoins une rupture claire avec le pass\u00e9. Elle illustre la volont\u00e9 des pays africains de red\u00e9finir leurs relations internationales sur des bases plus \u00e9quilibr\u00e9es, 64 ans apr\u00e8s les ind\u00e9pendances.<\/p>\n\n\n\n<p><strong>Lyes Sa\u00efdi<\/strong><\/p>\n","protected":false},"excerpt":{"rendered":"<p>Le pr\u00e9sident s\u00e9n\u00e9galais Bassirou Diomaye Faye a fix\u00e9 lors de son discours du Nouvel an 2025 une \u00e9ch\u00e9ance pr\u00e9cise pour<\/p>\n","protected":false},"author":6,"featured_media":50802,"comment_status":"open","ping_status":"closed","sticky":false,"template":"","format":"standard","meta":{"colormag_page_container_layout":"default_layout","colormag_page_sidebar_layout":"default_layout","om_disable_all_campaigns":false,"_monsterinsights_skip_tracking":false,"_monsterinsights_sitenote_active":false,"_monsterinsights_sitenote_note":"","_monsterinsights_sitenote_category":0,"footnotes":"","_wpscppro_dont_share_socialmedia":false,"_wpscppro_custom_social_share_image":0,"_facebook_share_type":"default","_twitter_share_type":"default","_linkedin_share_type":"default","_pinterest_share_type":"default","_linkedin_share_type_page":"","_instagram_share_type":"default","_medium_share_type":"default","_threads_share_type":"","_google_business_share_type":"","_selected_social_profile":[],"_wpsp_enable_custom_social_template":false,"_wpsp_social_scheduling":{"enabled":false,"datetime":null,"platforms":[],"status":"template_only","dateOption":"today","timeOption":"now","customDays":"","customHours":"","customDate":"","customTime":"","schedulingType":"absolute"},"_wpsp_active_default_template":true},"categories":[37],"tags":[],"class_list":["post-61200","post","type-post","status-publish","format-standard","has-post-thumbnail","hentry","category-monde"],"aioseo_notices":[],"yoast_head":"<!-- This site is optimized with the Yoast SEO plugin v27.5 - https:\/\/yoast.com\/product\/yoast-seo-wordpress\/ -->\n<title>Faye : \u00ab\u00a0fin de toutes pr\u00e9sences militaires \u00e9trang\u00e8res d\u00e8s 2025\u00a0\u00bb - La Sentinelle<\/title>\n<meta name=\"robots\" content=\"index, follow, max-snippet:-1, max-image-preview:large, max-video-preview:-1\" \/>\n<link rel=\"canonical\" href=\"https:\/\/lasentinelle.dz\/index.php\/2025\/01\/02\/faye-fin-de-toutes-presences-militaires-etrangeres-des-2025\/\" \/>\n<meta property=\"og:locale\" content=\"fr_FR\" \/>\n<meta property=\"og:type\" content=\"article\" \/>\n<meta property=\"og:title\" content=\"Faye : \u00ab\u00a0fin de toutes pr\u00e9sences militaires \u00e9trang\u00e8res d\u00e8s 2025\u00a0\u00bb - La Sentinelle\" \/>\n<meta property=\"og:description\" content=\"Le pr\u00e9sident s\u00e9n\u00e9galais Bassirou Diomaye Faye a fix\u00e9 lors de son discours du Nouvel an 2025 une \u00e9ch\u00e9ance pr\u00e9cise pour\" \/>\n<meta property=\"og:url\" content=\"https:\/\/lasentinelle.dz\/index.php\/2025\/01\/02\/faye-fin-de-toutes-presences-militaires-etrangeres-des-2025\/\" \/>\n<meta property=\"og:site_name\" content=\"La Sentinelle\" \/>\n<meta property=\"article:publisher\" content=\"https:\/\/www.facebook.com\/La-Sentinelle-104059864394773\" \/>\n<meta property=\"article:published_time\" content=\"2025-01-02T10:17:06+00:00\" \/>\n<meta property=\"article:modified_time\" content=\"2025-01-04T10:17:40+00:00\" \/>\n<meta property=\"og:image\" content=\"https:\/\/lasentinelle.dz\/wp-content\/uploads\/2024\/03\/Bassirou-Diomaye-Diakhar-Faye-.jpeg\" \/>\n\t<meta property=\"og:image:width\" content=\"1000\" \/>\n\t<meta property=\"og:image:height\" content=\"500\" \/>\n\t<meta property=\"og:image:type\" content=\"image\/jpeg\" \/>\n<meta name=\"author\" content=\"admin\" \/>\n<meta name=\"twitter:card\" content=\"summary_large_image\" \/>\n<meta name=\"twitter:label1\" content=\"\u00c9crit par\" \/>\n\t<meta name=\"twitter:data1\" content=\"admin\" \/>\n\t<meta name=\"twitter:label2\" content=\"Dur\u00e9e de lecture estim\u00e9e\" \/>\n\t<meta name=\"twitter:data2\" content=\"3 minutes\" \/>\n<script type=\"application\/ld+json\" class=\"yoast-schema-graph\">{\"@context\":\"https:\\\/\\\/schema.org\",\"@graph\":[{\"@type\":\"Article\",\"@id\":\"https:\\\/\\\/lasentinelle.dz\\\/index.php\\\/2025\\\/01\\\/02\\\/faye-fin-de-toutes-presences-militaires-etrangeres-des-2025\\\/#article\",\"isPartOf\":{\"@id\":\"https:\\\/\\\/lasentinelle.dz\\\/index.php\\\/2025\\\/01\\\/02\\\/faye-fin-de-toutes-presences-militaires-etrangeres-des-2025\\\/\"},\"author\":{\"name\":\"admin\",\"@id\":\"https:\\\/\\\/lasentinelle.dz\\\/#\\\/schema\\\/person\\\/729ee0024f24e0b8c5ec17232f8e8b41\"},\"headline\":\"Faye : \u00ab\u00a0fin de toutes pr\u00e9sences militaires \u00e9trang\u00e8res d\u00e8s 2025\u00a0\u00bb\",\"datePublished\":\"2025-01-02T10:17:06+00:00\",\"dateModified\":\"2025-01-04T10:17:40+00:00\",\"mainEntityOfPage\":{\"@id\":\"https:\\\/\\\/lasentinelle.dz\\\/index.php\\\/2025\\\/01\\\/02\\\/faye-fin-de-toutes-presences-militaires-etrangeres-des-2025\\\/\"},\"wordCount\":586,\"commentCount\":0,\"publisher\":{\"@id\":\"https:\\\/\\\/lasentinelle.dz\\\/#organization\"},\"image\":{\"@id\":\"https:\\\/\\\/lasentinelle.dz\\\/index.php\\\/2025\\\/01\\\/02\\\/faye-fin-de-toutes-presences-militaires-etrangeres-des-2025\\\/#primaryimage\"},\"thumbnailUrl\":\"https:\\\/\\\/lasentinelle.dz\\\/wp-content\\\/uploads\\\/2024\\\/03\\\/Bassirou-Diomaye-Diakhar-Faye-.jpeg\",\"articleSection\":[\"Monde\"],\"inLanguage\":\"fr-FR\",\"potentialAction\":[{\"@type\":\"CommentAction\",\"name\":\"Comment\",\"target\":[\"https:\\\/\\\/lasentinelle.dz\\\/index.php\\\/2025\\\/01\\\/02\\\/faye-fin-de-toutes-presences-militaires-etrangeres-des-2025\\\/#respond\"]}]},{\"@type\":\"WebPage\",\"@id\":\"https:\\\/\\\/lasentinelle.dz\\\/index.php\\\/2025\\\/01\\\/02\\\/faye-fin-de-toutes-presences-militaires-etrangeres-des-2025\\\/\",\"url\":\"https:\\\/\\\/lasentinelle.dz\\\/index.php\\\/2025\\\/01\\\/02\\\/faye-fin-de-toutes-presences-militaires-etrangeres-des-2025\\\/\",\"name\":\"Faye : \u00ab\u00a0fin de toutes pr\u00e9sences militaires \u00e9trang\u00e8res d\u00e8s 2025\u00a0\u00bb - La Sentinelle\",\"isPartOf\":{\"@id\":\"https:\\\/\\\/lasentinelle.dz\\\/#website\"},\"primaryImageOfPage\":{\"@id\":\"https:\\\/\\\/lasentinelle.dz\\\/index.php\\\/2025\\\/01\\\/02\\\/faye-fin-de-toutes-presences-militaires-etrangeres-des-2025\\\/#primaryimage\"},\"image\":{\"@id\":\"https:\\\/\\\/lasentinelle.dz\\\/index.php\\\/2025\\\/01\\\/02\\\/faye-fin-de-toutes-presences-militaires-etrangeres-des-2025\\\/#primaryimage\"},\"thumbnailUrl\":\"https:\\\/\\\/lasentinelle.dz\\\/wp-content\\\/uploads\\\/2024\\\/03\\\/Bassirou-Diomaye-Diakhar-Faye-.jpeg\",\"datePublished\":\"2025-01-02T10:17:06+00:00\",\"dateModified\":\"2025-01-04T10:17:40+00:00\",\"breadcrumb\":{\"@id\":\"https:\\\/\\\/lasentinelle.dz\\\/index.php\\\/2025\\\/01\\\/02\\\/faye-fin-de-toutes-presences-militaires-etrangeres-des-2025\\\/#breadcrumb\"},\"inLanguage\":\"fr-FR\",\"potentialAction\":[{\"@type\":\"ReadAction\",\"target\":[\"https:\\\/\\\/lasentinelle.dz\\\/index.php\\\/2025\\\/01\\\/02\\\/faye-fin-de-toutes-presences-militaires-etrangeres-des-2025\\\/\"]}]},{\"@type\":\"ImageObject\",\"inLanguage\":\"fr-FR\",\"@id\":\"https:\\\/\\\/lasentinelle.dz\\\/index.php\\\/2025\\\/01\\\/02\\\/faye-fin-de-toutes-presences-militaires-etrangeres-des-2025\\\/#primaryimage\",\"url\":\"https:\\\/\\\/lasentinelle.dz\\\/wp-content\\\/uploads\\\/2024\\\/03\\\/Bassirou-Diomaye-Diakhar-Faye-.jpeg\",\"contentUrl\":\"https:\\\/\\\/lasentinelle.dz\\\/wp-content\\\/uploads\\\/2024\\\/03\\\/Bassirou-Diomaye-Diakhar-Faye-.jpeg\",\"width\":1000,\"height\":500,\"caption\":\"Senegalese opposition presidential candidate Bassirou Diomaye Faye addresses his first press conference after being declared winner of Senegal's presidential election, in Dakar, on March 25, 2024. Anti-establishment candidate Bassirou Diomaye Faye was set March 25 to become the youngest president in Senegal's history after his rival conceded the race, triggering a political earthquake in the West African nation. (Photo by JOHN WESSELS \\\/ AFP)\"},{\"@type\":\"BreadcrumbList\",\"@id\":\"https:\\\/\\\/lasentinelle.dz\\\/index.php\\\/2025\\\/01\\\/02\\\/faye-fin-de-toutes-presences-militaires-etrangeres-des-2025\\\/#breadcrumb\",\"itemListElement\":[{\"@type\":\"ListItem\",\"position\":1,\"name\":\"Accueil\",\"item\":\"https:\\\/\\\/lasentinelle.dz\\\/\"},{\"@type\":\"ListItem\",\"position\":2,\"name\":\"Faye : \u00ab\u00a0fin de toutes pr\u00e9sences militaires \u00e9trang\u00e8res d\u00e8s 2025\u00a0\u00bb\"}]},{\"@type\":\"WebSite\",\"@id\":\"https:\\\/\\\/lasentinelle.dz\\\/#website\",\"url\":\"https:\\\/\\\/lasentinelle.dz\\\/\",\"name\":\"La Sentinelle\",\"description\":\"Quotidien national d&#039;information\",\"publisher\":{\"@id\":\"https:\\\/\\\/lasentinelle.dz\\\/#organization\"},\"potentialAction\":[{\"@type\":\"SearchAction\",\"target\":{\"@type\":\"EntryPoint\",\"urlTemplate\":\"https:\\\/\\\/lasentinelle.dz\\\/?s={search_term_string}\"},\"query-input\":{\"@type\":\"PropertyValueSpecification\",\"valueRequired\":true,\"valueName\":\"search_term_string\"}}],\"inLanguage\":\"fr-FR\"},{\"@type\":\"Organization\",\"@id\":\"https:\\\/\\\/lasentinelle.dz\\\/#organization\",\"name\":\"Quotidien La Sentinelle\",\"url\":\"https:\\\/\\\/lasentinelle.dz\\\/\",\"logo\":{\"@type\":\"ImageObject\",\"inLanguage\":\"fr-FR\",\"@id\":\"https:\\\/\\\/lasentinelle.dz\\\/#\\\/schema\\\/logo\\\/image\\\/\",\"url\":\"https:\\\/\\\/lasentinelle.dz\\\/wp-content\\\/uploads\\\/2021\\\/09\\\/logo-sentinelleSLOGAN-1.png\",\"contentUrl\":\"https:\\\/\\\/lasentinelle.dz\\\/wp-content\\\/uploads\\\/2021\\\/09\\\/logo-sentinelleSLOGAN-1.png\",\"width\":615,\"height\":142,\"caption\":\"Quotidien La Sentinelle\"},\"image\":{\"@id\":\"https:\\\/\\\/lasentinelle.dz\\\/#\\\/schema\\\/logo\\\/image\\\/\"},\"sameAs\":[\"https:\\\/\\\/www.facebook.com\\\/La-Sentinelle-104059864394773\"]},{\"@type\":\"Person\",\"@id\":\"https:\\\/\\\/lasentinelle.dz\\\/#\\\/schema\\\/person\\\/729ee0024f24e0b8c5ec17232f8e8b41\",\"name\":\"admin\",\"image\":{\"@type\":\"ImageObject\",\"inLanguage\":\"fr-FR\",\"@id\":\"https:\\\/\\\/secure.gravatar.com\\\/avatar\\\/4c81fed838786e9b53f540bf46533e750f5d292099ae3b66cfc6fb1982e29df7?s=96&d=mm&r=g\",\"url\":\"https:\\\/\\\/secure.gravatar.com\\\/avatar\\\/4c81fed838786e9b53f540bf46533e750f5d292099ae3b66cfc6fb1982e29df7?s=96&d=mm&r=g\",\"contentUrl\":\"https:\\\/\\\/secure.gravatar.com\\\/avatar\\\/4c81fed838786e9b53f540bf46533e750f5d292099ae3b66cfc6fb1982e29df7?s=96&d=mm&r=g\",\"caption\":\"admin\"},\"description\":\"admin\",\"url\":\"https:\\\/\\\/lasentinelle.dz\\\/author\\\/admin\\\/\"}]}<\/script>\n<!-- \/ Yoast SEO plugin. -->","yoast_head_json":{"title":"Faye : \u00ab\u00a0fin de toutes pr\u00e9sences militaires \u00e9trang\u00e8res d\u00e8s 2025\u00a0\u00bb - La Sentinelle","robots":{"index":"index","follow":"follow","max-snippet":"max-snippet:-1","max-image-preview":"max-image-preview:large","max-video-preview":"max-video-preview:-1"},"canonical":"https:\/\/lasentinelle.dz\/index.php\/2025\/01\/02\/faye-fin-de-toutes-presences-militaires-etrangeres-des-2025\/","og_locale":"fr_FR","og_type":"article","og_title":"Faye : \u00ab\u00a0fin de toutes pr\u00e9sences militaires \u00e9trang\u00e8res d\u00e8s 2025\u00a0\u00bb - La Sentinelle","og_description":"Le pr\u00e9sident s\u00e9n\u00e9galais Bassirou Diomaye Faye a fix\u00e9 lors de son discours du Nouvel an 2025 une \u00e9ch\u00e9ance pr\u00e9cise pour","og_url":"https:\/\/lasentinelle.dz\/index.php\/2025\/01\/02\/faye-fin-de-toutes-presences-militaires-etrangeres-des-2025\/","og_site_name":"La Sentinelle","article_publisher":"https:\/\/www.facebook.com\/La-Sentinelle-104059864394773","article_published_time":"2025-01-02T10:17:06+00:00","article_modified_time":"2025-01-04T10:17:40+00:00","og_image":[{"width":1000,"height":500,"url":"https:\/\/lasentinelle.dz\/wp-content\/uploads\/2024\/03\/Bassirou-Diomaye-Diakhar-Faye-.jpeg","type":"image\/jpeg"}],"author":"admin","twitter_card":"summary_large_image","twitter_misc":{"\u00c9crit par":"admin","Dur\u00e9e de lecture estim\u00e9e":"3 minutes"},"schema":{"@context":"https:\/\/schema.org","@graph":[{"@type":"Article","@id":"https:\/\/lasentinelle.dz\/index.php\/2025\/01\/02\/faye-fin-de-toutes-presences-militaires-etrangeres-des-2025\/#article","isPartOf":{"@id":"https:\/\/lasentinelle.dz\/index.php\/2025\/01\/02\/faye-fin-de-toutes-presences-militaires-etrangeres-des-2025\/"},"author":{"name":"admin","@id":"https:\/\/lasentinelle.dz\/#\/schema\/person\/729ee0024f24e0b8c5ec17232f8e8b41"},"headline":"Faye : \u00ab\u00a0fin de toutes pr\u00e9sences militaires \u00e9trang\u00e8res d\u00e8s 2025\u00a0\u00bb","datePublished":"2025-01-02T10:17:06+00:00","dateModified":"2025-01-04T10:17:40+00:00","mainEntityOfPage":{"@id":"https:\/\/lasentinelle.dz\/index.php\/2025\/01\/02\/faye-fin-de-toutes-presences-militaires-etrangeres-des-2025\/"},"wordCount":586,"commentCount":0,"publisher":{"@id":"https:\/\/lasentinelle.dz\/#organization"},"image":{"@id":"https:\/\/lasentinelle.dz\/index.php\/2025\/01\/02\/faye-fin-de-toutes-presences-militaires-etrangeres-des-2025\/#primaryimage"},"thumbnailUrl":"https:\/\/lasentinelle.dz\/wp-content\/uploads\/2024\/03\/Bassirou-Diomaye-Diakhar-Faye-.jpeg","articleSection":["Monde"],"inLanguage":"fr-FR","potentialAction":[{"@type":"CommentAction","name":"Comment","target":["https:\/\/lasentinelle.dz\/index.php\/2025\/01\/02\/faye-fin-de-toutes-presences-militaires-etrangeres-des-2025\/#respond"]}]},{"@type":"WebPage","@id":"https:\/\/lasentinelle.dz\/index.php\/2025\/01\/02\/faye-fin-de-toutes-presences-militaires-etrangeres-des-2025\/","url":"https:\/\/lasentinelle.dz\/index.php\/2025\/01\/02\/faye-fin-de-toutes-presences-militaires-etrangeres-des-2025\/","name":"Faye : \u00ab\u00a0fin de toutes pr\u00e9sences militaires \u00e9trang\u00e8res d\u00e8s 2025\u00a0\u00bb - La Sentinelle","isPartOf":{"@id":"https:\/\/lasentinelle.dz\/#website"},"primaryImageOfPage":{"@id":"https:\/\/lasentinelle.dz\/index.php\/2025\/01\/02\/faye-fin-de-toutes-presences-militaires-etrangeres-des-2025\/#primaryimage"},"image":{"@id":"https:\/\/lasentinelle.dz\/index.php\/2025\/01\/02\/faye-fin-de-toutes-presences-militaires-etrangeres-des-2025\/#primaryimage"},"thumbnailUrl":"https:\/\/lasentinelle.dz\/wp-content\/uploads\/2024\/03\/Bassirou-Diomaye-Diakhar-Faye-.jpeg","datePublished":"2025-01-02T10:17:06+00:00","dateModified":"2025-01-04T10:17:40+00:00","breadcrumb":{"@id":"https:\/\/lasentinelle.dz\/index.php\/2025\/01\/02\/faye-fin-de-toutes-presences-militaires-etrangeres-des-2025\/#breadcrumb"},"inLanguage":"fr-FR","potentialAction":[{"@type":"ReadAction","target":["https:\/\/lasentinelle.dz\/index.php\/2025\/01\/02\/faye-fin-de-toutes-presences-militaires-etrangeres-des-2025\/"]}]},{"@type":"ImageObject","inLanguage":"fr-FR","@id":"https:\/\/lasentinelle.dz\/index.php\/2025\/01\/02\/faye-fin-de-toutes-presences-militaires-etrangeres-des-2025\/#primaryimage","url":"https:\/\/lasentinelle.dz\/wp-content\/uploads\/2024\/03\/Bassirou-Diomaye-Diakhar-Faye-.jpeg","contentUrl":"https:\/\/lasentinelle.dz\/wp-content\/uploads\/2024\/03\/Bassirou-Diomaye-Diakhar-Faye-.jpeg","width":1000,"height":500,"caption":"Senegalese opposition presidential candidate Bassirou Diomaye Faye addresses his first press conference after being declared winner of Senegal's presidential election, in Dakar, on March 25, 2024. Anti-establishment candidate Bassirou Diomaye Faye was set March 25 to become the youngest president in Senegal's history after his rival conceded the race, triggering a political earthquake in the West African nation. (Photo by JOHN WESSELS \/ AFP)"},{"@type":"BreadcrumbList","@id":"https:\/\/lasentinelle.dz\/index.php\/2025\/01\/02\/faye-fin-de-toutes-presences-militaires-etrangeres-des-2025\/#breadcrumb","itemListElement":[{"@type":"ListItem","position":1,"name":"Accueil","item":"https:\/\/lasentinelle.dz\/"},{"@type":"ListItem","position":2,"name":"Faye : \u00ab\u00a0fin de toutes pr\u00e9sences militaires \u00e9trang\u00e8res d\u00e8s 2025\u00a0\u00bb"}]},{"@type":"WebSite","@id":"https:\/\/lasentinelle.dz\/#website","url":"https:\/\/lasentinelle.dz\/","name":"La Sentinelle","description":"Quotidien national d&#039;information","publisher":{"@id":"https:\/\/lasentinelle.dz\/#organization"},"potentialAction":[{"@type":"SearchAction","target":{"@type":"EntryPoint","urlTemplate":"https:\/\/lasentinelle.dz\/?s={search_term_string}"},"query-input":{"@type":"PropertyValueSpecification","valueRequired":true,"valueName":"search_term_string"}}],"inLanguage":"fr-FR"},{"@type":"Organization","@id":"https:\/\/lasentinelle.dz\/#organization","name":"Quotidien La Sentinelle","url":"https:\/\/lasentinelle.dz\/","logo":{"@type":"ImageObject","inLanguage":"fr-FR","@id":"https:\/\/lasentinelle.dz\/#\/schema\/logo\/image\/","url":"https:\/\/lasentinelle.dz\/wp-content\/uploads\/2021\/09\/logo-sentinelleSLOGAN-1.png","contentUrl":"https:\/\/lasentinelle.dz\/wp-content\/uploads\/2021\/09\/logo-sentinelleSLOGAN-1.png","width":615,"height":142,"caption":"Quotidien La Sentinelle"},"image":{"@id":"https:\/\/lasentinelle.dz\/#\/schema\/logo\/image\/"},"sameAs":["https:\/\/www.facebook.com\/La-Sentinelle-104059864394773"]},{"@type":"Person","@id":"https:\/\/lasentinelle.dz\/#\/schema\/person\/729ee0024f24e0b8c5ec17232f8e8b41","name":"admin","image":{"@type":"ImageObject","inLanguage":"fr-FR","@id":"https:\/\/secure.gravatar.com\/avatar\/4c81fed838786e9b53f540bf46533e750f5d292099ae3b66cfc6fb1982e29df7?s=96&d=mm&r=g","url":"https:\/\/secure.gravatar.com\/avatar\/4c81fed838786e9b53f540bf46533e750f5d292099ae3b66cfc6fb1982e29df7?s=96&d=mm&r=g","contentUrl":"https:\/\/secure.gravatar.com\/avatar\/4c81fed838786e9b53f540bf46533e750f5d292099ae3b66cfc6fb1982e29df7?s=96&d=mm&r=g","caption":"admin"},"description":"admin","url":"https:\/\/lasentinelle.dz\/author\/admin\/"}]}},"_links":{"self":[{"href":"https:\/\/lasentinelle.dz\/index.php\/wp-json\/wp\/v2\/posts\/61200","targetHints":{"allow":["GET"]}}],"collection":[{"href":"https:\/\/lasentinelle.dz\/index.php\/wp-json\/wp\/v2\/posts"}],"about":[{"href":"https:\/\/lasentinelle.dz\/index.php\/wp-json\/wp\/v2\/types\/post"}],"author":[{"embeddable":true,"href":"https:\/\/lasentinelle.dz\/index.php\/wp-json\/wp\/v2\/users\/6"}],"replies":[{"embeddable":true,"href":"https:\/\/lasentinelle.dz\/index.php\/wp-json\/wp\/v2\/comments?post=61200"}],"version-history":[{"count":2,"href":"https:\/\/lasentinelle.dz\/index.php\/wp-json\/wp\/v2\/posts\/61200\/revisions"}],"predecessor-version":[{"id":61202,"href":"https:\/\/lasentinelle.dz\/index.php\/wp-json\/wp\/v2\/posts\/61200\/revisions\/61202"}],"wp:featuredmedia":[{"embeddable":true,"href":"https:\/\/lasentinelle.dz\/index.php\/wp-json\/wp\/v2\/media\/50802"}],"wp:attachment":[{"href":"https:\/\/lasentinelle.dz\/index.php\/wp-json\/wp\/v2\/media?parent=61200"}],"wp:term":[{"taxonomy":"category","embeddable":true,"href":"https:\/\/lasentinelle.dz\/index.php\/wp-json\/wp\/v2\/categories?post=61200"},{"taxonomy":"post_tag","embeddable":true,"href":"https:\/\/lasentinelle.dz\/index.php\/wp-json\/wp\/v2\/tags?post=61200"}],"curies":[{"name":"wp","href":"https:\/\/api.w.org\/{rel}","templated":true}]}}