{"id":61240,"date":"2025-01-02T11:33:39","date_gmt":"2025-01-02T10:33:39","guid":{"rendered":"https:\/\/lasentinelle.dz\/?p=61240"},"modified":"2025-01-04T11:34:18","modified_gmt":"2025-01-04T10:34:18","slug":"les-defis-du-lannee-2025-leconomie-en-tete-des-priorites","status":"publish","type":"post","link":"https:\/\/lasentinelle.dz\/index.php\/2025\/01\/02\/les-defis-du-lannee-2025-leconomie-en-tete-des-priorites\/","title":{"rendered":"Les d\u00e9fis du l\u2019ann\u00e9e 2025 : L\u2019\u00e9conomie en t\u00eate des priorit\u00e9s"},"content":{"rendered":"\n<p>Le pr\u00e9sident de la R\u00e9publique, M. Abdelmadjid Tebboune, avait affirm\u00e9, lors de son discours d\u2019investiture en septembre 2024, que l\u2019ann\u00e9e 2025 sera \u00ab \u00e9conomique \u00bb. Une affirmation qui donne le ton et souligne la priorit\u00e9 des principaux dossiers \u00e9conomiques inscrits \u00e0 l\u2019ordre du jour du plan d\u2019action du gouvernement Larbaoui II, qui se traduira notamment par la concr\u00e9tisation des engagements du Pr\u00e9sident Tebboune lors de la campagne \u00e9lectorale pour un second mandat pr\u00e9sidentiel.<\/p>\n\n\n\n<p>A la t\u00eate de ses engagements, le premier magistrat du pays a cit\u00e9, lors de son discours prononc\u00e9 devant le parlement, l\u2019incarnation d\u2019une nouvelle approche de gestion de la chose publique pour la cons\u00e9cration de la bonne gouvernance. Cette derni\u00e8re passe, selon les observateurs, par une s\u00e9paration entre le politique et l\u2019\u00e9conomique, qui s\u2019est traduite essentiellement par des poursuites judiciaires contre le magma de l\u2019oligarchie financi\u00e8re sous l\u2019\u00e8re du d\u00e9funt pr\u00e9sident Abdelaziz Bouteflika et le renforcement des m\u00e9canismes de la lutte contre la corruption, \u00e0 travers la cr\u00e9ation de la Haute instance ind\u00e9pendante de la transparence et de la lutte contre la corruption.<\/p>\n\n\n\n<p>A cela s\u2019ajoute, la relance des plusieurs projets qui \u00e9taient \u00e0 l\u2019arr\u00eat ces derni\u00e8res ann\u00e9es et la r\u00e9cup\u00e9ration de plusieurs fonci\u00e8res inexploit\u00e9es dans plusieurs zones industrielles et zones d\u2019activit\u00e9s pour les redistribuer aux op\u00e9rateurs \u00e9conomiques via l\u2019agence alg\u00e9rienne de promotion de l\u2019investissement (AAPI), en adoptant une gestion plus transparente assur\u00e9e par une plateforme num\u00e9rique d\u00e9di\u00e9e aux inventeurs, qu\u2019il a invit\u00e9 \u00e0 s\u2019impliquer davantage dans le d\u00e9veloppement de l\u2019\u00e9conomie nationale en d\u00e9clarant: \u00ab Investissez dans votre pays et combattez ceux qui le combattent, la loi sur l\u2019investissement ne changera pas avant dix ans \u00bb.&nbsp;<\/p>\n\n\n\n<p>Last but not least, le pr\u00e9sident Tebboune s\u2019est engag\u00e9 \u00e0 cr\u00e9er plus de 450 000 nouveaux emplois et plus de 50 000 startups ainsi que la cr\u00e9ation de 20 000 nouveaux projets d\u2019investissements dans tous les secteurs d\u2019activit\u00e9s, soulignant au passage que&nbsp; \u00ab tous les indicateurs \u00e9conomiques et financiers de l\u2019Alg\u00e9rie sont au vert comme le reconnaissent les institutions internationales, soutenant que ces indicateurs&nbsp; montrent que nous sommes en bonne voie pour rejoindre, d\u2019ici quelques mois, les pays \u00e9mergents \u00bb. Et pour cause, le chef de l\u2019Etat a affirm\u00e9 que le produit int\u00e9rieur brut (PIB) du pays atteindra 400 milliards de dollars en 2025, soit \u00e0 la troisi\u00e8me place en Afrique apr\u00e8s l\u2019Afrique du Sud et l\u2019\u00c9gypte, annon\u00e7ant que le gouvernement a lanc\u00e9 des m\u00e9gaprojets et nous sommes en phase d\u2019exploiter pleinement nos richesses, pour la premi\u00e8re fois depuis l\u2019ind\u00e9pendance dont le projet de Ghara Djebilet (Tindouf) et le projet d\u2019exploitation des mines de zinc de Oued Amizour (Bejaia) .<\/p>\n\n\n\n<p>Apr\u00e8s avoir rappel\u00e9 l\u2019existence de mines ayant vocation \u00e0 \u00eatre exploit\u00e9es pour g\u00e9n\u00e9rer de la richesse et des emplois, le pr\u00e9sident de la R\u00e9publique a indiqu\u00e9 que \u00ab la ligne ferroviaire qui ira jusqu\u2019\u00e0 la wilaya de Tamanrasset nous aidera \u00e0 exploiter des ressources mini\u00e8res tr\u00e8s importantes \u00bb, faisant savoir que le Port d\u2019Oran \u00ab recevra les premi\u00e8res cargaisons de fer de Gara Djebilet en 2026 \u00bb.<\/p>\n\n\n\n<p>S\u2019agissant du dossier \u00e9nerg\u00e9tique, le pr\u00e9sident de la R\u00e9publique a soutenu que \u00ab l\u2019Alg\u00e9rie a r\u00e9alis\u00e9 l\u2019autosuffisance en \u00e9lectricit\u00e9 et dispose d\u2019un exc\u00e9dent de 12.000 m\u00e9gawatts pour l\u2019exportation \u00bb, rappelant que \u00ab l\u2019Alg\u00e9rie importait de l\u2019essence jusqu\u2019en 2021, mais aujourd\u2019hui elle la produit sous toutes ses formes avec une main d\u2019\u0153uvre alg\u00e9rienne \u00bb.<\/p>\n\n\n\n<p>Pour ce qui concerne l\u2019agriculture, le pr\u00e9sident de la R\u00e9publique a affirm\u00e9 que \u00ab notre agriculture a atteint une production de 37 milliards de dollars \u00bb, expliquant qu&rsquo; \u00bbapr\u00e8s le bl\u00e9 dur, notre objectif est d\u2019atteindre l\u2019autosuffisance en bl\u00e9 tendre \u00bb.<\/p>\n\n\n\n<p>Ceci dit, le premier magistrat du pays a exclu le recours \u00e0 l\u2019endettement ext\u00e9rieur pour le financement des grands projets d\u2019investissement, confirmant l\u2019option adopt\u00e9e jusque-l\u00e0 par son pr\u00e9d\u00e9cesseur de maintenir le niveau de la dette ext\u00e9rieure \u00e0 moins de 3% du PIB sachant que les principaux indicateurs macroscopiques du pays sont au vert.<\/p>\n\n\n\n<p>Au volet social, le pr\u00e9sident de la R\u00e9publique consid\u00e9r\u00e9e le logement comme \u00ab une question de dignit\u00e9 pour le citoyen, et non un gaspillage d\u2019argent comme le pr\u00e9tendent certains d\u00e9tracteurs \u00bb, soulignant que \u00ab le logement n\u2019est plus un fardeau pour l\u2019Etat, car les projets sont construits avec des mat\u00e9riaux purement alg\u00e9riens, contrairement au pass\u00e9 o\u00f9 nous devions les importer \u00bb.<\/p>\n\n\n\n<p>Et d\u2019ajouter : \u00ab Ils ont pr\u00e9dit une explosion en Alg\u00e9rie en raison de notre politique du logement puis \u00e0 cause de la baisse des r\u00e9serves des barrages, face \u00e0 quoi l\u2019Alg\u00e9rie a r\u00e9pondu par la consolidation de ladite politique, ainsi que par des projets d\u2019envergure en mati\u00e8re de dessalement de l\u2019eau de mer \u00bb. Sachant que le pr\u00e9sident Tebboune avait annonc\u00e9, lors de son investiture pour un second mandat pr\u00e9sidentiel, la r\u00e9alisation de deux millions de logements toutes formules confondues.&nbsp;<\/p>\n\n\n\n<p>S\u2019agissant du pouvoir d\u2019achat, le pr\u00e9sident de la R\u00e9publique a indiqu\u00e9 qu\u2019il sera augment\u00e9 de 53% au cours de ce mandat, d\u2019autant que \u00ab nous pr\u00e9voyons une hausse des revenus de l\u2019Alg\u00e9rie gr\u00e2ce \u00e0 l\u2019acc\u00e9l\u00e9ration de la dynamique de production \u00bb.<\/p>\n\n\n\n<p>Hakim Aomar<\/p>\n","protected":false},"excerpt":{"rendered":"<p>Le pr\u00e9sident de la R\u00e9publique, M. Abdelmadjid Tebboune, avait affirm\u00e9, lors de son discours d\u2019investiture en septembre 2024, que l\u2019ann\u00e9e<\/p>\n","protected":false},"author":6,"featured_media":61241,"comment_status":"open","ping_status":"closed","sticky":false,"template":"","format":"standard","meta":{"colormag_page_container_layout":"default_layout","colormag_page_sidebar_layout":"default_layout","om_disable_all_campaigns":false,"_monsterinsights_skip_tracking":false,"_monsterinsights_sitenote_active":false,"_monsterinsights_sitenote_note":"","_monsterinsights_sitenote_category":0,"footnotes":"","_wpscppro_dont_share_socialmedia":false,"_wpscppro_custom_social_share_image":0,"_facebook_share_type":"default","_twitter_share_type":"default","_linkedin_share_type":"default","_pinterest_share_type":"default","_linkedin_share_type_page":"","_instagram_share_type":"default","_medium_share_type":"default","_threads_share_type":"","_google_business_share_type":"","_selected_social_profile":[],"_wpsp_enable_custom_social_template":false,"_wpsp_social_scheduling":{"enabled":false,"datetime":null,"platforms":[],"status":"template_only","dateOption":"today","timeOption":"now","customDays":"","customHours":"","customDate":"","customTime":"","schedulingType":"absolute"},"_wpsp_active_default_template":true},"categories":[27],"tags":[],"class_list":["post-61240","post","type-post","status-publish","format-standard","has-post-thumbnail","hentry","category-actualite"],"aioseo_notices":[],"yoast_head":"<!-- This site is optimized with the Yoast SEO plugin v27.5 - https:\/\/yoast.com\/product\/yoast-seo-wordpress\/ -->\n<title>Les d\u00e9fis du l\u2019ann\u00e9e 2025 : L\u2019\u00e9conomie en t\u00eate des priorit\u00e9s - La Sentinelle<\/title>\n<meta name=\"robots\" content=\"index, follow, max-snippet:-1, max-image-preview:large, max-video-preview:-1\" \/>\n<link rel=\"canonical\" href=\"https:\/\/lasentinelle.dz\/index.php\/2025\/01\/02\/les-defis-du-lannee-2025-leconomie-en-tete-des-priorites\/\" \/>\n<meta property=\"og:locale\" content=\"fr_FR\" \/>\n<meta property=\"og:type\" content=\"article\" \/>\n<meta property=\"og:title\" content=\"Les d\u00e9fis du l\u2019ann\u00e9e 2025 : L\u2019\u00e9conomie en t\u00eate des priorit\u00e9s - La Sentinelle\" \/>\n<meta property=\"og:description\" content=\"Le pr\u00e9sident de la R\u00e9publique, M. Abdelmadjid Tebboune, avait affirm\u00e9, lors de son discours d\u2019investiture en septembre 2024, que l\u2019ann\u00e9e\" \/>\n<meta property=\"og:url\" content=\"https:\/\/lasentinelle.dz\/index.php\/2025\/01\/02\/les-defis-du-lannee-2025-leconomie-en-tete-des-priorites\/\" \/>\n<meta property=\"og:site_name\" content=\"La Sentinelle\" \/>\n<meta property=\"article:publisher\" content=\"https:\/\/www.facebook.com\/La-Sentinelle-104059864394773\" \/>\n<meta property=\"article:published_time\" content=\"2025-01-02T10:33:39+00:00\" \/>\n<meta property=\"article:modified_time\" content=\"2025-01-04T10:34:18+00:00\" \/>\n<meta property=\"og:image\" content=\"https:\/\/lasentinelle.dz\/wp-content\/uploads\/2025\/01\/economie-algerie.jpeg\" \/>\n\t<meta property=\"og:image:width\" content=\"780\" \/>\n\t<meta property=\"og:image:height\" content=\"470\" \/>\n\t<meta property=\"og:image:type\" content=\"image\/jpeg\" \/>\n<meta name=\"author\" content=\"admin\" \/>\n<meta name=\"twitter:card\" content=\"summary_large_image\" \/>\n<meta name=\"twitter:label1\" content=\"\u00c9crit par\" \/>\n\t<meta name=\"twitter:data1\" content=\"admin\" \/>\n\t<meta name=\"twitter:label2\" content=\"Dur\u00e9e de lecture estim\u00e9e\" \/>\n\t<meta name=\"twitter:data2\" content=\"5 minutes\" \/>\n<script type=\"application\/ld+json\" class=\"yoast-schema-graph\">{\"@context\":\"https:\\\/\\\/schema.org\",\"@graph\":[{\"@type\":\"Article\",\"@id\":\"https:\\\/\\\/lasentinelle.dz\\\/index.php\\\/2025\\\/01\\\/02\\\/les-defis-du-lannee-2025-leconomie-en-tete-des-priorites\\\/#article\",\"isPartOf\":{\"@id\":\"https:\\\/\\\/lasentinelle.dz\\\/index.php\\\/2025\\\/01\\\/02\\\/les-defis-du-lannee-2025-leconomie-en-tete-des-priorites\\\/\"},\"author\":{\"name\":\"admin\",\"@id\":\"https:\\\/\\\/lasentinelle.dz\\\/#\\\/schema\\\/person\\\/729ee0024f24e0b8c5ec17232f8e8b41\"},\"headline\":\"Les d\u00e9fis du l\u2019ann\u00e9e 2025 : L\u2019\u00e9conomie en t\u00eate des priorit\u00e9s\",\"datePublished\":\"2025-01-02T10:33:39+00:00\",\"dateModified\":\"2025-01-04T10:34:18+00:00\",\"mainEntityOfPage\":{\"@id\":\"https:\\\/\\\/lasentinelle.dz\\\/index.php\\\/2025\\\/01\\\/02\\\/les-defis-du-lannee-2025-leconomie-en-tete-des-priorites\\\/\"},\"wordCount\":946,\"commentCount\":0,\"publisher\":{\"@id\":\"https:\\\/\\\/lasentinelle.dz\\\/#organization\"},\"image\":{\"@id\":\"https:\\\/\\\/lasentinelle.dz\\\/index.php\\\/2025\\\/01\\\/02\\\/les-defis-du-lannee-2025-leconomie-en-tete-des-priorites\\\/#primaryimage\"},\"thumbnailUrl\":\"https:\\\/\\\/lasentinelle.dz\\\/wp-content\\\/uploads\\\/2025\\\/01\\\/economie-algerie.jpeg\",\"articleSection\":[\"Actualit\u00e9\"],\"inLanguage\":\"fr-FR\",\"potentialAction\":[{\"@type\":\"CommentAction\",\"name\":\"Comment\",\"target\":[\"https:\\\/\\\/lasentinelle.dz\\\/index.php\\\/2025\\\/01\\\/02\\\/les-defis-du-lannee-2025-leconomie-en-tete-des-priorites\\\/#respond\"]}]},{\"@type\":\"WebPage\",\"@id\":\"https:\\\/\\\/lasentinelle.dz\\\/index.php\\\/2025\\\/01\\\/02\\\/les-defis-du-lannee-2025-leconomie-en-tete-des-priorites\\\/\",\"url\":\"https:\\\/\\\/lasentinelle.dz\\\/index.php\\\/2025\\\/01\\\/02\\\/les-defis-du-lannee-2025-leconomie-en-tete-des-priorites\\\/\",\"name\":\"Les d\u00e9fis du l\u2019ann\u00e9e 2025 : L\u2019\u00e9conomie en t\u00eate des priorit\u00e9s - La Sentinelle\",\"isPartOf\":{\"@id\":\"https:\\\/\\\/lasentinelle.dz\\\/#website\"},\"primaryImageOfPage\":{\"@id\":\"https:\\\/\\\/lasentinelle.dz\\\/index.php\\\/2025\\\/01\\\/02\\\/les-defis-du-lannee-2025-leconomie-en-tete-des-priorites\\\/#primaryimage\"},\"image\":{\"@id\":\"https:\\\/\\\/lasentinelle.dz\\\/index.php\\\/2025\\\/01\\\/02\\\/les-defis-du-lannee-2025-leconomie-en-tete-des-priorites\\\/#primaryimage\"},\"thumbnailUrl\":\"https:\\\/\\\/lasentinelle.dz\\\/wp-content\\\/uploads\\\/2025\\\/01\\\/economie-algerie.jpeg\",\"datePublished\":\"2025-01-02T10:33:39+00:00\",\"dateModified\":\"2025-01-04T10:34:18+00:00\",\"breadcrumb\":{\"@id\":\"https:\\\/\\\/lasentinelle.dz\\\/index.php\\\/2025\\\/01\\\/02\\\/les-defis-du-lannee-2025-leconomie-en-tete-des-priorites\\\/#breadcrumb\"},\"inLanguage\":\"fr-FR\",\"potentialAction\":[{\"@type\":\"ReadAction\",\"target\":[\"https:\\\/\\\/lasentinelle.dz\\\/index.php\\\/2025\\\/01\\\/02\\\/les-defis-du-lannee-2025-leconomie-en-tete-des-priorites\\\/\"]}]},{\"@type\":\"ImageObject\",\"inLanguage\":\"fr-FR\",\"@id\":\"https:\\\/\\\/lasentinelle.dz\\\/index.php\\\/2025\\\/01\\\/02\\\/les-defis-du-lannee-2025-leconomie-en-tete-des-priorites\\\/#primaryimage\",\"url\":\"https:\\\/\\\/lasentinelle.dz\\\/wp-content\\\/uploads\\\/2025\\\/01\\\/economie-algerie.jpeg\",\"contentUrl\":\"https:\\\/\\\/lasentinelle.dz\\\/wp-content\\\/uploads\\\/2025\\\/01\\\/economie-algerie.jpeg\",\"width\":780,\"height\":470},{\"@type\":\"BreadcrumbList\",\"@id\":\"https:\\\/\\\/lasentinelle.dz\\\/index.php\\\/2025\\\/01\\\/02\\\/les-defis-du-lannee-2025-leconomie-en-tete-des-priorites\\\/#breadcrumb\",\"itemListElement\":[{\"@type\":\"ListItem\",\"position\":1,\"name\":\"Accueil\",\"item\":\"https:\\\/\\\/lasentinelle.dz\\\/\"},{\"@type\":\"ListItem\",\"position\":2,\"name\":\"Les d\u00e9fis du l\u2019ann\u00e9e 2025 : L\u2019\u00e9conomie en t\u00eate des priorit\u00e9s\"}]},{\"@type\":\"WebSite\",\"@id\":\"https:\\\/\\\/lasentinelle.dz\\\/#website\",\"url\":\"https:\\\/\\\/lasentinelle.dz\\\/\",\"name\":\"La Sentinelle\",\"description\":\"Quotidien national d&#039;information\",\"publisher\":{\"@id\":\"https:\\\/\\\/lasentinelle.dz\\\/#organization\"},\"potentialAction\":[{\"@type\":\"SearchAction\",\"target\":{\"@type\":\"EntryPoint\",\"urlTemplate\":\"https:\\\/\\\/lasentinelle.dz\\\/?s={search_term_string}\"},\"query-input\":{\"@type\":\"PropertyValueSpecification\",\"valueRequired\":true,\"valueName\":\"search_term_string\"}}],\"inLanguage\":\"fr-FR\"},{\"@type\":\"Organization\",\"@id\":\"https:\\\/\\\/lasentinelle.dz\\\/#organization\",\"name\":\"Quotidien La Sentinelle\",\"url\":\"https:\\\/\\\/lasentinelle.dz\\\/\",\"logo\":{\"@type\":\"ImageObject\",\"inLanguage\":\"fr-FR\",\"@id\":\"https:\\\/\\\/lasentinelle.dz\\\/#\\\/schema\\\/logo\\\/image\\\/\",\"url\":\"https:\\\/\\\/lasentinelle.dz\\\/wp-content\\\/uploads\\\/2021\\\/09\\\/logo-sentinelleSLOGAN-1.png\",\"contentUrl\":\"https:\\\/\\\/lasentinelle.dz\\\/wp-content\\\/uploads\\\/2021\\\/09\\\/logo-sentinelleSLOGAN-1.png\",\"width\":615,\"height\":142,\"caption\":\"Quotidien La Sentinelle\"},\"image\":{\"@id\":\"https:\\\/\\\/lasentinelle.dz\\\/#\\\/schema\\\/logo\\\/image\\\/\"},\"sameAs\":[\"https:\\\/\\\/www.facebook.com\\\/La-Sentinelle-104059864394773\"]},{\"@type\":\"Person\",\"@id\":\"https:\\\/\\\/lasentinelle.dz\\\/#\\\/schema\\\/person\\\/729ee0024f24e0b8c5ec17232f8e8b41\",\"name\":\"admin\",\"image\":{\"@type\":\"ImageObject\",\"inLanguage\":\"fr-FR\",\"@id\":\"https:\\\/\\\/secure.gravatar.com\\\/avatar\\\/4c81fed838786e9b53f540bf46533e750f5d292099ae3b66cfc6fb1982e29df7?s=96&d=mm&r=g\",\"url\":\"https:\\\/\\\/secure.gravatar.com\\\/avatar\\\/4c81fed838786e9b53f540bf46533e750f5d292099ae3b66cfc6fb1982e29df7?s=96&d=mm&r=g\",\"contentUrl\":\"https:\\\/\\\/secure.gravatar.com\\\/avatar\\\/4c81fed838786e9b53f540bf46533e750f5d292099ae3b66cfc6fb1982e29df7?s=96&d=mm&r=g\",\"caption\":\"admin\"},\"description\":\"admin\",\"url\":\"https:\\\/\\\/lasentinelle.dz\\\/author\\\/admin\\\/\"}]}<\/script>\n<!-- \/ Yoast SEO plugin. -->","yoast_head_json":{"title":"Les d\u00e9fis du l\u2019ann\u00e9e 2025 : L\u2019\u00e9conomie en t\u00eate des priorit\u00e9s - La Sentinelle","robots":{"index":"index","follow":"follow","max-snippet":"max-snippet:-1","max-image-preview":"max-image-preview:large","max-video-preview":"max-video-preview:-1"},"canonical":"https:\/\/lasentinelle.dz\/index.php\/2025\/01\/02\/les-defis-du-lannee-2025-leconomie-en-tete-des-priorites\/","og_locale":"fr_FR","og_type":"article","og_title":"Les d\u00e9fis du l\u2019ann\u00e9e 2025 : L\u2019\u00e9conomie en t\u00eate des priorit\u00e9s - La Sentinelle","og_description":"Le pr\u00e9sident de la R\u00e9publique, M. Abdelmadjid Tebboune, avait affirm\u00e9, lors de son discours d\u2019investiture en septembre 2024, que l\u2019ann\u00e9e","og_url":"https:\/\/lasentinelle.dz\/index.php\/2025\/01\/02\/les-defis-du-lannee-2025-leconomie-en-tete-des-priorites\/","og_site_name":"La Sentinelle","article_publisher":"https:\/\/www.facebook.com\/La-Sentinelle-104059864394773","article_published_time":"2025-01-02T10:33:39+00:00","article_modified_time":"2025-01-04T10:34:18+00:00","og_image":[{"width":780,"height":470,"url":"https:\/\/lasentinelle.dz\/wp-content\/uploads\/2025\/01\/economie-algerie.jpeg","type":"image\/jpeg"}],"author":"admin","twitter_card":"summary_large_image","twitter_misc":{"\u00c9crit par":"admin","Dur\u00e9e de lecture estim\u00e9e":"5 minutes"},"schema":{"@context":"https:\/\/schema.org","@graph":[{"@type":"Article","@id":"https:\/\/lasentinelle.dz\/index.php\/2025\/01\/02\/les-defis-du-lannee-2025-leconomie-en-tete-des-priorites\/#article","isPartOf":{"@id":"https:\/\/lasentinelle.dz\/index.php\/2025\/01\/02\/les-defis-du-lannee-2025-leconomie-en-tete-des-priorites\/"},"author":{"name":"admin","@id":"https:\/\/lasentinelle.dz\/#\/schema\/person\/729ee0024f24e0b8c5ec17232f8e8b41"},"headline":"Les d\u00e9fis du l\u2019ann\u00e9e 2025 : L\u2019\u00e9conomie en t\u00eate des priorit\u00e9s","datePublished":"2025-01-02T10:33:39+00:00","dateModified":"2025-01-04T10:34:18+00:00","mainEntityOfPage":{"@id":"https:\/\/lasentinelle.dz\/index.php\/2025\/01\/02\/les-defis-du-lannee-2025-leconomie-en-tete-des-priorites\/"},"wordCount":946,"commentCount":0,"publisher":{"@id":"https:\/\/lasentinelle.dz\/#organization"},"image":{"@id":"https:\/\/lasentinelle.dz\/index.php\/2025\/01\/02\/les-defis-du-lannee-2025-leconomie-en-tete-des-priorites\/#primaryimage"},"thumbnailUrl":"https:\/\/lasentinelle.dz\/wp-content\/uploads\/2025\/01\/economie-algerie.jpeg","articleSection":["Actualit\u00e9"],"inLanguage":"fr-FR","potentialAction":[{"@type":"CommentAction","name":"Comment","target":["https:\/\/lasentinelle.dz\/index.php\/2025\/01\/02\/les-defis-du-lannee-2025-leconomie-en-tete-des-priorites\/#respond"]}]},{"@type":"WebPage","@id":"https:\/\/lasentinelle.dz\/index.php\/2025\/01\/02\/les-defis-du-lannee-2025-leconomie-en-tete-des-priorites\/","url":"https:\/\/lasentinelle.dz\/index.php\/2025\/01\/02\/les-defis-du-lannee-2025-leconomie-en-tete-des-priorites\/","name":"Les d\u00e9fis du l\u2019ann\u00e9e 2025 : L\u2019\u00e9conomie en t\u00eate des priorit\u00e9s - La Sentinelle","isPartOf":{"@id":"https:\/\/lasentinelle.dz\/#website"},"primaryImageOfPage":{"@id":"https:\/\/lasentinelle.dz\/index.php\/2025\/01\/02\/les-defis-du-lannee-2025-leconomie-en-tete-des-priorites\/#primaryimage"},"image":{"@id":"https:\/\/lasentinelle.dz\/index.php\/2025\/01\/02\/les-defis-du-lannee-2025-leconomie-en-tete-des-priorites\/#primaryimage"},"thumbnailUrl":"https:\/\/lasentinelle.dz\/wp-content\/uploads\/2025\/01\/economie-algerie.jpeg","datePublished":"2025-01-02T10:33:39+00:00","dateModified":"2025-01-04T10:34:18+00:00","breadcrumb":{"@id":"https:\/\/lasentinelle.dz\/index.php\/2025\/01\/02\/les-defis-du-lannee-2025-leconomie-en-tete-des-priorites\/#breadcrumb"},"inLanguage":"fr-FR","potentialAction":[{"@type":"ReadAction","target":["https:\/\/lasentinelle.dz\/index.php\/2025\/01\/02\/les-defis-du-lannee-2025-leconomie-en-tete-des-priorites\/"]}]},{"@type":"ImageObject","inLanguage":"fr-FR","@id":"https:\/\/lasentinelle.dz\/index.php\/2025\/01\/02\/les-defis-du-lannee-2025-leconomie-en-tete-des-priorites\/#primaryimage","url":"https:\/\/lasentinelle.dz\/wp-content\/uploads\/2025\/01\/economie-algerie.jpeg","contentUrl":"https:\/\/lasentinelle.dz\/wp-content\/uploads\/2025\/01\/economie-algerie.jpeg","width":780,"height":470},{"@type":"BreadcrumbList","@id":"https:\/\/lasentinelle.dz\/index.php\/2025\/01\/02\/les-defis-du-lannee-2025-leconomie-en-tete-des-priorites\/#breadcrumb","itemListElement":[{"@type":"ListItem","position":1,"name":"Accueil","item":"https:\/\/lasentinelle.dz\/"},{"@type":"ListItem","position":2,"name":"Les d\u00e9fis du l\u2019ann\u00e9e 2025 : L\u2019\u00e9conomie en t\u00eate des priorit\u00e9s"}]},{"@type":"WebSite","@id":"https:\/\/lasentinelle.dz\/#website","url":"https:\/\/lasentinelle.dz\/","name":"La Sentinelle","description":"Quotidien national d&#039;information","publisher":{"@id":"https:\/\/lasentinelle.dz\/#organization"},"potentialAction":[{"@type":"SearchAction","target":{"@type":"EntryPoint","urlTemplate":"https:\/\/lasentinelle.dz\/?s={search_term_string}"},"query-input":{"@type":"PropertyValueSpecification","valueRequired":true,"valueName":"search_term_string"}}],"inLanguage":"fr-FR"},{"@type":"Organization","@id":"https:\/\/lasentinelle.dz\/#organization","name":"Quotidien La Sentinelle","url":"https:\/\/lasentinelle.dz\/","logo":{"@type":"ImageObject","inLanguage":"fr-FR","@id":"https:\/\/lasentinelle.dz\/#\/schema\/logo\/image\/","url":"https:\/\/lasentinelle.dz\/wp-content\/uploads\/2021\/09\/logo-sentinelleSLOGAN-1.png","contentUrl":"https:\/\/lasentinelle.dz\/wp-content\/uploads\/2021\/09\/logo-sentinelleSLOGAN-1.png","width":615,"height":142,"caption":"Quotidien La Sentinelle"},"image":{"@id":"https:\/\/lasentinelle.dz\/#\/schema\/logo\/image\/"},"sameAs":["https:\/\/www.facebook.com\/La-Sentinelle-104059864394773"]},{"@type":"Person","@id":"https:\/\/lasentinelle.dz\/#\/schema\/person\/729ee0024f24e0b8c5ec17232f8e8b41","name":"admin","image":{"@type":"ImageObject","inLanguage":"fr-FR","@id":"https:\/\/secure.gravatar.com\/avatar\/4c81fed838786e9b53f540bf46533e750f5d292099ae3b66cfc6fb1982e29df7?s=96&d=mm&r=g","url":"https:\/\/secure.gravatar.com\/avatar\/4c81fed838786e9b53f540bf46533e750f5d292099ae3b66cfc6fb1982e29df7?s=96&d=mm&r=g","contentUrl":"https:\/\/secure.gravatar.com\/avatar\/4c81fed838786e9b53f540bf46533e750f5d292099ae3b66cfc6fb1982e29df7?s=96&d=mm&r=g","caption":"admin"},"description":"admin","url":"https:\/\/lasentinelle.dz\/author\/admin\/"}]}},"_links":{"self":[{"href":"https:\/\/lasentinelle.dz\/index.php\/wp-json\/wp\/v2\/posts\/61240","targetHints":{"allow":["GET"]}}],"collection":[{"href":"https:\/\/lasentinelle.dz\/index.php\/wp-json\/wp\/v2\/posts"}],"about":[{"href":"https:\/\/lasentinelle.dz\/index.php\/wp-json\/wp\/v2\/types\/post"}],"author":[{"embeddable":true,"href":"https:\/\/lasentinelle.dz\/index.php\/wp-json\/wp\/v2\/users\/6"}],"replies":[{"embeddable":true,"href":"https:\/\/lasentinelle.dz\/index.php\/wp-json\/wp\/v2\/comments?post=61240"}],"version-history":[{"count":1,"href":"https:\/\/lasentinelle.dz\/index.php\/wp-json\/wp\/v2\/posts\/61240\/revisions"}],"predecessor-version":[{"id":61242,"href":"https:\/\/lasentinelle.dz\/index.php\/wp-json\/wp\/v2\/posts\/61240\/revisions\/61242"}],"wp:featuredmedia":[{"embeddable":true,"href":"https:\/\/lasentinelle.dz\/index.php\/wp-json\/wp\/v2\/media\/61241"}],"wp:attachment":[{"href":"https:\/\/lasentinelle.dz\/index.php\/wp-json\/wp\/v2\/media?parent=61240"}],"wp:term":[{"taxonomy":"category","embeddable":true,"href":"https:\/\/lasentinelle.dz\/index.php\/wp-json\/wp\/v2\/categories?post=61240"},{"taxonomy":"post_tag","embeddable":true,"href":"https:\/\/lasentinelle.dz\/index.php\/wp-json\/wp\/v2\/tags?post=61240"}],"curies":[{"name":"wp","href":"https:\/\/api.w.org\/{rel}","templated":true}]}}