{"id":61307,"date":"2025-01-06T11:03:23","date_gmt":"2025-01-06T10:03:23","guid":{"rendered":"https:\/\/lasentinelle.dz\/?p=61307"},"modified":"2025-01-06T11:03:24","modified_gmt":"2025-01-06T10:03:24","slug":"patrimoine-le-palais-ahmed-pacha-dans-la-casbah-classe","status":"publish","type":"post","link":"https:\/\/lasentinelle.dz\/index.php\/2025\/01\/06\/patrimoine-le-palais-ahmed-pacha-dans-la-casbah-classe\/","title":{"rendered":"Patrimoine: Le Palais Ahmed Pacha dans la Casbah class\u00e9"},"content":{"rendered":"\n<p>Le minist\u00e8re de la Culture et des Arts poursuit avec d\u00e9termination sa politique de sauvegarde du patrimoine culturel national. La derni\u00e8re r\u00e9union du Comit\u00e9 national des biens culturels, tenue le 24 d\u00e9cembre 2024 abouti \u00e0 la classification de plusieurs sites et monuments arch\u00e9ologiques majeurs, selon un communiqu\u00e9 du minist\u00e8re. Une d\u00e9marche t\u00e9moignant de l&rsquo;engagement constant des pouvoirs publics dans la pr\u00e9servation de l&rsquo;h\u00e9ritage historique du pays. Parmi les d\u00e9cisions majeures prises lors de cette r\u00e9union, le classement de la Dar Ahmed Pacha rev\u00eat une importance particuli\u00e8re. Ce joyau architectural, nich\u00e9 au c\u0153ur de la Casbah d&rsquo;Alger, dans la da\u00efra de Bab El Oued, illustre parfaitement la richesse du patrimoine ottoman en Alg\u00e9rie. L&rsquo;histoire de ce palais princier, construit par Ahmed Pacha pour sa famille au d\u00e9but du XIXe si\u00e8cle, s&rsquo;inscrit dans la grande narrative de l&rsquo;\u00e9volution urbaine et politique de la capitale. Sa construction, achev\u00e9e en 1808, t\u00e9moigne d&rsquo;une p\u00e9riode charni\u00e8re de l&rsquo;histoire alg\u00e9rienne, o\u00f9 les influences ottomanes et locales se m\u00ealaient harmonieusement.<\/p>\n\n\n\n<p>La valeur exceptionnelle de Dar Ahmed Pacha r\u00e9side non seulement dans son architecture remarquable, mais aussi dans sa position strat\u00e9gique au sein du complexe historique d&rsquo;El Djenina, ancien centre n\u00e9vralgique du pouvoir ottoman. Cette classification rev\u00eat une importance d&rsquo;autant plus cruciale que le palais, avec la Dar Aziza, constitue l&rsquo;un des derniers t\u00e9moins authentiques de cette \u00e9poque glorieuse. Son architecture singuli\u00e8re, m\u00ealant avec \u00e9l\u00e9gance les styles locaux et occidentaux, en fait un v\u00e9ritable livre d&rsquo;histoire \u00e0 ciel ouvert. Les colonnes en marbre et les c\u00e9ramiques grav\u00e9es qui ornent l&rsquo;\u00e9difice racontent l&rsquo;histoire d&rsquo;un raffinement architectural unique, fruit de la rencontre de plusieurs civilisations. Cette initiative de classification s&rsquo;inscrit dans une strat\u00e9gie plus large de protection du patrimoine national. Les autorit\u00e9s d\u00e9montrent ainsi leur volont\u00e9 de pr\u00e9server non seulement les monuments individuels, mais aussi leur environnement urbain historique. La protection accord\u00e9e \u00e0 la Dar Ahmed Pacha contribue directement \u00e0 la sauvegarde du tissu urbain authentique de la Casbah, la prot\u00e9geant des d\u00e9gradations et des pollutions visuelles et lumineuses qui menacent trop souvent les sites historiques. Cette d\u00e9marche t\u00e9moigne d&rsquo;une vision holistique de la conservation patrimoniale, o\u00f9 chaque monument est consid\u00e9r\u00e9 dans son contexte historique et environnemental global. L&rsquo;engagement des pouvoirs publics dans la pr\u00e9servation du patrimoine culturel se manifeste \u00e9galement \u00e0 travers un plan d&rsquo;action ambitieux visant \u00e0 prot\u00e9ger et valoriser tant le patrimoine mat\u00e9riel qu&rsquo;immat\u00e9riel. Cette approche globale d\u00e9montre une conscience aigu\u00eb de l&rsquo;importance de transmettre aux g\u00e9n\u00e9rations futures un h\u00e9ritage pr\u00e9serv\u00e9 et valoris\u00e9, t\u00e9moin de la richesse historique et culturelle de l&rsquo;Alg\u00e9rie. La classification de ces sites historiques repr\u00e9sente ainsi bien plus qu&rsquo;une simple mesure administrative : elle est l&rsquo;expression concr\u00e8te d&rsquo;une politique culturelle visionnaire, consciente que la pr\u00e9servation du patrimoine est un pilier essentiel de l&rsquo;identit\u00e9 nationale.<\/p>\n\n\n\n<p>M.S.<\/p>\n","protected":false},"excerpt":{"rendered":"<p>Le minist\u00e8re de la Culture et des Arts poursuit avec d\u00e9termination sa politique de sauvegarde du patrimoine culturel national. La<\/p>\n","protected":false},"author":6,"featured_media":61308,"comment_status":"open","ping_status":"closed","sticky":false,"template":"","format":"standard","meta":{"colormag_page_container_layout":"default_layout","colormag_page_sidebar_layout":"default_layout","om_disable_all_campaigns":false,"_monsterinsights_skip_tracking":false,"_monsterinsights_sitenote_active":false,"_monsterinsights_sitenote_note":"","_monsterinsights_sitenote_category":0,"footnotes":"","_wpscppro_dont_share_socialmedia":false,"_wpscppro_custom_social_share_image":0,"_facebook_share_type":"default","_twitter_share_type":"default","_linkedin_share_type":"default","_pinterest_share_type":"default","_linkedin_share_type_page":"","_instagram_share_type":"default","_medium_share_type":"default","_threads_share_type":"","_google_business_share_type":"","_selected_social_profile":[],"_wpsp_enable_custom_social_template":false,"_wpsp_social_scheduling":{"enabled":false,"datetime":null,"platforms":[],"status":"template_only","dateOption":"today","timeOption":"now","customDays":"","customHours":"","customDate":"","customTime":"","schedulingType":"absolute"},"_wpsp_active_default_template":true},"categories":[36],"tags":[],"class_list":["post-61307","post","type-post","status-publish","format-standard","has-post-thumbnail","hentry","category-culture"],"aioseo_notices":[],"yoast_head":"<!-- This site is optimized with the Yoast SEO plugin v27.5 - https:\/\/yoast.com\/product\/yoast-seo-wordpress\/ -->\n<title>Patrimoine: Le Palais Ahmed Pacha dans la Casbah class\u00e9 - La Sentinelle<\/title>\n<meta name=\"robots\" content=\"index, follow, max-snippet:-1, max-image-preview:large, max-video-preview:-1\" \/>\n<link rel=\"canonical\" href=\"https:\/\/lasentinelle.dz\/index.php\/2025\/01\/06\/patrimoine-le-palais-ahmed-pacha-dans-la-casbah-classe\/\" \/>\n<meta property=\"og:locale\" content=\"fr_FR\" \/>\n<meta property=\"og:type\" content=\"article\" \/>\n<meta property=\"og:title\" content=\"Patrimoine: Le Palais Ahmed Pacha dans la Casbah class\u00e9 - La Sentinelle\" \/>\n<meta property=\"og:description\" content=\"Le minist\u00e8re de la Culture et des Arts poursuit avec d\u00e9termination sa politique de sauvegarde du patrimoine culturel national. La\" \/>\n<meta property=\"og:url\" content=\"https:\/\/lasentinelle.dz\/index.php\/2025\/01\/06\/patrimoine-le-palais-ahmed-pacha-dans-la-casbah-classe\/\" \/>\n<meta property=\"og:site_name\" content=\"La Sentinelle\" \/>\n<meta property=\"article:publisher\" content=\"https:\/\/www.facebook.com\/La-Sentinelle-104059864394773\" \/>\n<meta property=\"article:published_time\" content=\"2025-01-06T10:03:23+00:00\" \/>\n<meta property=\"article:modified_time\" content=\"2025-01-06T10:03:24+00:00\" \/>\n<meta property=\"og:image\" content=\"https:\/\/lasentinelle.dz\/wp-content\/uploads\/2025\/01\/palais-ahmed-Pacha.jpg\" \/>\n\t<meta property=\"og:image:width\" content=\"1024\" \/>\n\t<meta property=\"og:image:height\" content=\"683\" \/>\n\t<meta property=\"og:image:type\" content=\"image\/jpeg\" \/>\n<meta name=\"author\" content=\"admin\" \/>\n<meta name=\"twitter:card\" content=\"summary_large_image\" \/>\n<meta name=\"twitter:label1\" content=\"\u00c9crit par\" \/>\n\t<meta name=\"twitter:data1\" content=\"admin\" \/>\n\t<meta name=\"twitter:label2\" content=\"Dur\u00e9e de lecture estim\u00e9e\" \/>\n\t<meta name=\"twitter:data2\" content=\"3 minutes\" \/>\n<script type=\"application\/ld+json\" class=\"yoast-schema-graph\">{\"@context\":\"https:\\\/\\\/schema.org\",\"@graph\":[{\"@type\":\"Article\",\"@id\":\"https:\\\/\\\/lasentinelle.dz\\\/index.php\\\/2025\\\/01\\\/06\\\/patrimoine-le-palais-ahmed-pacha-dans-la-casbah-classe\\\/#article\",\"isPartOf\":{\"@id\":\"https:\\\/\\\/lasentinelle.dz\\\/index.php\\\/2025\\\/01\\\/06\\\/patrimoine-le-palais-ahmed-pacha-dans-la-casbah-classe\\\/\"},\"author\":{\"name\":\"admin\",\"@id\":\"https:\\\/\\\/lasentinelle.dz\\\/#\\\/schema\\\/person\\\/729ee0024f24e0b8c5ec17232f8e8b41\"},\"headline\":\"Patrimoine: Le Palais Ahmed Pacha dans la Casbah class\u00e9\",\"datePublished\":\"2025-01-06T10:03:23+00:00\",\"dateModified\":\"2025-01-06T10:03:24+00:00\",\"mainEntityOfPage\":{\"@id\":\"https:\\\/\\\/lasentinelle.dz\\\/index.php\\\/2025\\\/01\\\/06\\\/patrimoine-le-palais-ahmed-pacha-dans-la-casbah-classe\\\/\"},\"wordCount\":539,\"commentCount\":0,\"publisher\":{\"@id\":\"https:\\\/\\\/lasentinelle.dz\\\/#organization\"},\"image\":{\"@id\":\"https:\\\/\\\/lasentinelle.dz\\\/index.php\\\/2025\\\/01\\\/06\\\/patrimoine-le-palais-ahmed-pacha-dans-la-casbah-classe\\\/#primaryimage\"},\"thumbnailUrl\":\"https:\\\/\\\/lasentinelle.dz\\\/wp-content\\\/uploads\\\/2025\\\/01\\\/palais-ahmed-Pacha.jpg\",\"articleSection\":[\"Culture\"],\"inLanguage\":\"fr-FR\",\"potentialAction\":[{\"@type\":\"CommentAction\",\"name\":\"Comment\",\"target\":[\"https:\\\/\\\/lasentinelle.dz\\\/index.php\\\/2025\\\/01\\\/06\\\/patrimoine-le-palais-ahmed-pacha-dans-la-casbah-classe\\\/#respond\"]}]},{\"@type\":\"WebPage\",\"@id\":\"https:\\\/\\\/lasentinelle.dz\\\/index.php\\\/2025\\\/01\\\/06\\\/patrimoine-le-palais-ahmed-pacha-dans-la-casbah-classe\\\/\",\"url\":\"https:\\\/\\\/lasentinelle.dz\\\/index.php\\\/2025\\\/01\\\/06\\\/patrimoine-le-palais-ahmed-pacha-dans-la-casbah-classe\\\/\",\"name\":\"Patrimoine: Le Palais Ahmed Pacha dans la Casbah class\u00e9 - La Sentinelle\",\"isPartOf\":{\"@id\":\"https:\\\/\\\/lasentinelle.dz\\\/#website\"},\"primaryImageOfPage\":{\"@id\":\"https:\\\/\\\/lasentinelle.dz\\\/index.php\\\/2025\\\/01\\\/06\\\/patrimoine-le-palais-ahmed-pacha-dans-la-casbah-classe\\\/#primaryimage\"},\"image\":{\"@id\":\"https:\\\/\\\/lasentinelle.dz\\\/index.php\\\/2025\\\/01\\\/06\\\/patrimoine-le-palais-ahmed-pacha-dans-la-casbah-classe\\\/#primaryimage\"},\"thumbnailUrl\":\"https:\\\/\\\/lasentinelle.dz\\\/wp-content\\\/uploads\\\/2025\\\/01\\\/palais-ahmed-Pacha.jpg\",\"datePublished\":\"2025-01-06T10:03:23+00:00\",\"dateModified\":\"2025-01-06T10:03:24+00:00\",\"breadcrumb\":{\"@id\":\"https:\\\/\\\/lasentinelle.dz\\\/index.php\\\/2025\\\/01\\\/06\\\/patrimoine-le-palais-ahmed-pacha-dans-la-casbah-classe\\\/#breadcrumb\"},\"inLanguage\":\"fr-FR\",\"potentialAction\":[{\"@type\":\"ReadAction\",\"target\":[\"https:\\\/\\\/lasentinelle.dz\\\/index.php\\\/2025\\\/01\\\/06\\\/patrimoine-le-palais-ahmed-pacha-dans-la-casbah-classe\\\/\"]}]},{\"@type\":\"ImageObject\",\"inLanguage\":\"fr-FR\",\"@id\":\"https:\\\/\\\/lasentinelle.dz\\\/index.php\\\/2025\\\/01\\\/06\\\/patrimoine-le-palais-ahmed-pacha-dans-la-casbah-classe\\\/#primaryimage\",\"url\":\"https:\\\/\\\/lasentinelle.dz\\\/wp-content\\\/uploads\\\/2025\\\/01\\\/palais-ahmed-Pacha.jpg\",\"contentUrl\":\"https:\\\/\\\/lasentinelle.dz\\\/wp-content\\\/uploads\\\/2025\\\/01\\\/palais-ahmed-Pacha.jpg\",\"width\":1024,\"height\":683},{\"@type\":\"BreadcrumbList\",\"@id\":\"https:\\\/\\\/lasentinelle.dz\\\/index.php\\\/2025\\\/01\\\/06\\\/patrimoine-le-palais-ahmed-pacha-dans-la-casbah-classe\\\/#breadcrumb\",\"itemListElement\":[{\"@type\":\"ListItem\",\"position\":1,\"name\":\"Accueil\",\"item\":\"https:\\\/\\\/lasentinelle.dz\\\/\"},{\"@type\":\"ListItem\",\"position\":2,\"name\":\"Patrimoine: Le Palais Ahmed Pacha dans la Casbah class\u00e9\"}]},{\"@type\":\"WebSite\",\"@id\":\"https:\\\/\\\/lasentinelle.dz\\\/#website\",\"url\":\"https:\\\/\\\/lasentinelle.dz\\\/\",\"name\":\"La Sentinelle\",\"description\":\"Quotidien national d&#039;information\",\"publisher\":{\"@id\":\"https:\\\/\\\/lasentinelle.dz\\\/#organization\"},\"potentialAction\":[{\"@type\":\"SearchAction\",\"target\":{\"@type\":\"EntryPoint\",\"urlTemplate\":\"https:\\\/\\\/lasentinelle.dz\\\/?s={search_term_string}\"},\"query-input\":{\"@type\":\"PropertyValueSpecification\",\"valueRequired\":true,\"valueName\":\"search_term_string\"}}],\"inLanguage\":\"fr-FR\"},{\"@type\":\"Organization\",\"@id\":\"https:\\\/\\\/lasentinelle.dz\\\/#organization\",\"name\":\"Quotidien La Sentinelle\",\"url\":\"https:\\\/\\\/lasentinelle.dz\\\/\",\"logo\":{\"@type\":\"ImageObject\",\"inLanguage\":\"fr-FR\",\"@id\":\"https:\\\/\\\/lasentinelle.dz\\\/#\\\/schema\\\/logo\\\/image\\\/\",\"url\":\"https:\\\/\\\/lasentinelle.dz\\\/wp-content\\\/uploads\\\/2021\\\/09\\\/logo-sentinelleSLOGAN-1.png\",\"contentUrl\":\"https:\\\/\\\/lasentinelle.dz\\\/wp-content\\\/uploads\\\/2021\\\/09\\\/logo-sentinelleSLOGAN-1.png\",\"width\":615,\"height\":142,\"caption\":\"Quotidien La Sentinelle\"},\"image\":{\"@id\":\"https:\\\/\\\/lasentinelle.dz\\\/#\\\/schema\\\/logo\\\/image\\\/\"},\"sameAs\":[\"https:\\\/\\\/www.facebook.com\\\/La-Sentinelle-104059864394773\"]},{\"@type\":\"Person\",\"@id\":\"https:\\\/\\\/lasentinelle.dz\\\/#\\\/schema\\\/person\\\/729ee0024f24e0b8c5ec17232f8e8b41\",\"name\":\"admin\",\"image\":{\"@type\":\"ImageObject\",\"inLanguage\":\"fr-FR\",\"@id\":\"https:\\\/\\\/secure.gravatar.com\\\/avatar\\\/4c81fed838786e9b53f540bf46533e750f5d292099ae3b66cfc6fb1982e29df7?s=96&d=mm&r=g\",\"url\":\"https:\\\/\\\/secure.gravatar.com\\\/avatar\\\/4c81fed838786e9b53f540bf46533e750f5d292099ae3b66cfc6fb1982e29df7?s=96&d=mm&r=g\",\"contentUrl\":\"https:\\\/\\\/secure.gravatar.com\\\/avatar\\\/4c81fed838786e9b53f540bf46533e750f5d292099ae3b66cfc6fb1982e29df7?s=96&d=mm&r=g\",\"caption\":\"admin\"},\"description\":\"admin\",\"url\":\"https:\\\/\\\/lasentinelle.dz\\\/author\\\/admin\\\/\"}]}<\/script>\n<!-- \/ Yoast SEO plugin. -->","yoast_head_json":{"title":"Patrimoine: Le Palais Ahmed Pacha dans la Casbah class\u00e9 - La Sentinelle","robots":{"index":"index","follow":"follow","max-snippet":"max-snippet:-1","max-image-preview":"max-image-preview:large","max-video-preview":"max-video-preview:-1"},"canonical":"https:\/\/lasentinelle.dz\/index.php\/2025\/01\/06\/patrimoine-le-palais-ahmed-pacha-dans-la-casbah-classe\/","og_locale":"fr_FR","og_type":"article","og_title":"Patrimoine: Le Palais Ahmed Pacha dans la Casbah class\u00e9 - La Sentinelle","og_description":"Le minist\u00e8re de la Culture et des Arts poursuit avec d\u00e9termination sa politique de sauvegarde du patrimoine culturel national. La","og_url":"https:\/\/lasentinelle.dz\/index.php\/2025\/01\/06\/patrimoine-le-palais-ahmed-pacha-dans-la-casbah-classe\/","og_site_name":"La Sentinelle","article_publisher":"https:\/\/www.facebook.com\/La-Sentinelle-104059864394773","article_published_time":"2025-01-06T10:03:23+00:00","article_modified_time":"2025-01-06T10:03:24+00:00","og_image":[{"width":1024,"height":683,"url":"https:\/\/lasentinelle.dz\/wp-content\/uploads\/2025\/01\/palais-ahmed-Pacha.jpg","type":"image\/jpeg"}],"author":"admin","twitter_card":"summary_large_image","twitter_misc":{"\u00c9crit par":"admin","Dur\u00e9e de lecture estim\u00e9e":"3 minutes"},"schema":{"@context":"https:\/\/schema.org","@graph":[{"@type":"Article","@id":"https:\/\/lasentinelle.dz\/index.php\/2025\/01\/06\/patrimoine-le-palais-ahmed-pacha-dans-la-casbah-classe\/#article","isPartOf":{"@id":"https:\/\/lasentinelle.dz\/index.php\/2025\/01\/06\/patrimoine-le-palais-ahmed-pacha-dans-la-casbah-classe\/"},"author":{"name":"admin","@id":"https:\/\/lasentinelle.dz\/#\/schema\/person\/729ee0024f24e0b8c5ec17232f8e8b41"},"headline":"Patrimoine: Le Palais Ahmed Pacha dans la Casbah class\u00e9","datePublished":"2025-01-06T10:03:23+00:00","dateModified":"2025-01-06T10:03:24+00:00","mainEntityOfPage":{"@id":"https:\/\/lasentinelle.dz\/index.php\/2025\/01\/06\/patrimoine-le-palais-ahmed-pacha-dans-la-casbah-classe\/"},"wordCount":539,"commentCount":0,"publisher":{"@id":"https:\/\/lasentinelle.dz\/#organization"},"image":{"@id":"https:\/\/lasentinelle.dz\/index.php\/2025\/01\/06\/patrimoine-le-palais-ahmed-pacha-dans-la-casbah-classe\/#primaryimage"},"thumbnailUrl":"https:\/\/lasentinelle.dz\/wp-content\/uploads\/2025\/01\/palais-ahmed-Pacha.jpg","articleSection":["Culture"],"inLanguage":"fr-FR","potentialAction":[{"@type":"CommentAction","name":"Comment","target":["https:\/\/lasentinelle.dz\/index.php\/2025\/01\/06\/patrimoine-le-palais-ahmed-pacha-dans-la-casbah-classe\/#respond"]}]},{"@type":"WebPage","@id":"https:\/\/lasentinelle.dz\/index.php\/2025\/01\/06\/patrimoine-le-palais-ahmed-pacha-dans-la-casbah-classe\/","url":"https:\/\/lasentinelle.dz\/index.php\/2025\/01\/06\/patrimoine-le-palais-ahmed-pacha-dans-la-casbah-classe\/","name":"Patrimoine: Le Palais Ahmed Pacha dans la Casbah class\u00e9 - La Sentinelle","isPartOf":{"@id":"https:\/\/lasentinelle.dz\/#website"},"primaryImageOfPage":{"@id":"https:\/\/lasentinelle.dz\/index.php\/2025\/01\/06\/patrimoine-le-palais-ahmed-pacha-dans-la-casbah-classe\/#primaryimage"},"image":{"@id":"https:\/\/lasentinelle.dz\/index.php\/2025\/01\/06\/patrimoine-le-palais-ahmed-pacha-dans-la-casbah-classe\/#primaryimage"},"thumbnailUrl":"https:\/\/lasentinelle.dz\/wp-content\/uploads\/2025\/01\/palais-ahmed-Pacha.jpg","datePublished":"2025-01-06T10:03:23+00:00","dateModified":"2025-01-06T10:03:24+00:00","breadcrumb":{"@id":"https:\/\/lasentinelle.dz\/index.php\/2025\/01\/06\/patrimoine-le-palais-ahmed-pacha-dans-la-casbah-classe\/#breadcrumb"},"inLanguage":"fr-FR","potentialAction":[{"@type":"ReadAction","target":["https:\/\/lasentinelle.dz\/index.php\/2025\/01\/06\/patrimoine-le-palais-ahmed-pacha-dans-la-casbah-classe\/"]}]},{"@type":"ImageObject","inLanguage":"fr-FR","@id":"https:\/\/lasentinelle.dz\/index.php\/2025\/01\/06\/patrimoine-le-palais-ahmed-pacha-dans-la-casbah-classe\/#primaryimage","url":"https:\/\/lasentinelle.dz\/wp-content\/uploads\/2025\/01\/palais-ahmed-Pacha.jpg","contentUrl":"https:\/\/lasentinelle.dz\/wp-content\/uploads\/2025\/01\/palais-ahmed-Pacha.jpg","width":1024,"height":683},{"@type":"BreadcrumbList","@id":"https:\/\/lasentinelle.dz\/index.php\/2025\/01\/06\/patrimoine-le-palais-ahmed-pacha-dans-la-casbah-classe\/#breadcrumb","itemListElement":[{"@type":"ListItem","position":1,"name":"Accueil","item":"https:\/\/lasentinelle.dz\/"},{"@type":"ListItem","position":2,"name":"Patrimoine: Le Palais Ahmed Pacha dans la Casbah class\u00e9"}]},{"@type":"WebSite","@id":"https:\/\/lasentinelle.dz\/#website","url":"https:\/\/lasentinelle.dz\/","name":"La Sentinelle","description":"Quotidien national d&#039;information","publisher":{"@id":"https:\/\/lasentinelle.dz\/#organization"},"potentialAction":[{"@type":"SearchAction","target":{"@type":"EntryPoint","urlTemplate":"https:\/\/lasentinelle.dz\/?s={search_term_string}"},"query-input":{"@type":"PropertyValueSpecification","valueRequired":true,"valueName":"search_term_string"}}],"inLanguage":"fr-FR"},{"@type":"Organization","@id":"https:\/\/lasentinelle.dz\/#organization","name":"Quotidien La Sentinelle","url":"https:\/\/lasentinelle.dz\/","logo":{"@type":"ImageObject","inLanguage":"fr-FR","@id":"https:\/\/lasentinelle.dz\/#\/schema\/logo\/image\/","url":"https:\/\/lasentinelle.dz\/wp-content\/uploads\/2021\/09\/logo-sentinelleSLOGAN-1.png","contentUrl":"https:\/\/lasentinelle.dz\/wp-content\/uploads\/2021\/09\/logo-sentinelleSLOGAN-1.png","width":615,"height":142,"caption":"Quotidien La Sentinelle"},"image":{"@id":"https:\/\/lasentinelle.dz\/#\/schema\/logo\/image\/"},"sameAs":["https:\/\/www.facebook.com\/La-Sentinelle-104059864394773"]},{"@type":"Person","@id":"https:\/\/lasentinelle.dz\/#\/schema\/person\/729ee0024f24e0b8c5ec17232f8e8b41","name":"admin","image":{"@type":"ImageObject","inLanguage":"fr-FR","@id":"https:\/\/secure.gravatar.com\/avatar\/4c81fed838786e9b53f540bf46533e750f5d292099ae3b66cfc6fb1982e29df7?s=96&d=mm&r=g","url":"https:\/\/secure.gravatar.com\/avatar\/4c81fed838786e9b53f540bf46533e750f5d292099ae3b66cfc6fb1982e29df7?s=96&d=mm&r=g","contentUrl":"https:\/\/secure.gravatar.com\/avatar\/4c81fed838786e9b53f540bf46533e750f5d292099ae3b66cfc6fb1982e29df7?s=96&d=mm&r=g","caption":"admin"},"description":"admin","url":"https:\/\/lasentinelle.dz\/author\/admin\/"}]}},"_links":{"self":[{"href":"https:\/\/lasentinelle.dz\/index.php\/wp-json\/wp\/v2\/posts\/61307","targetHints":{"allow":["GET"]}}],"collection":[{"href":"https:\/\/lasentinelle.dz\/index.php\/wp-json\/wp\/v2\/posts"}],"about":[{"href":"https:\/\/lasentinelle.dz\/index.php\/wp-json\/wp\/v2\/types\/post"}],"author":[{"embeddable":true,"href":"https:\/\/lasentinelle.dz\/index.php\/wp-json\/wp\/v2\/users\/6"}],"replies":[{"embeddable":true,"href":"https:\/\/lasentinelle.dz\/index.php\/wp-json\/wp\/v2\/comments?post=61307"}],"version-history":[{"count":1,"href":"https:\/\/lasentinelle.dz\/index.php\/wp-json\/wp\/v2\/posts\/61307\/revisions"}],"predecessor-version":[{"id":61309,"href":"https:\/\/lasentinelle.dz\/index.php\/wp-json\/wp\/v2\/posts\/61307\/revisions\/61309"}],"wp:featuredmedia":[{"embeddable":true,"href":"https:\/\/lasentinelle.dz\/index.php\/wp-json\/wp\/v2\/media\/61308"}],"wp:attachment":[{"href":"https:\/\/lasentinelle.dz\/index.php\/wp-json\/wp\/v2\/media?parent=61307"}],"wp:term":[{"taxonomy":"category","embeddable":true,"href":"https:\/\/lasentinelle.dz\/index.php\/wp-json\/wp\/v2\/categories?post=61307"},{"taxonomy":"post_tag","embeddable":true,"href":"https:\/\/lasentinelle.dz\/index.php\/wp-json\/wp\/v2\/tags?post=61307"}],"curies":[{"name":"wp","href":"https:\/\/api.w.org\/{rel}","templated":true}]}}