{"id":6131,"date":"2021-09-01T00:01:00","date_gmt":"2021-08-31T23:01:00","guid":{"rendered":"https:\/\/lasentinelle.dz\/?p=6131"},"modified":"2021-08-31T18:46:22","modified_gmt":"2021-08-31T17:46:22","slug":"propos-haineux-et-appel-a-la-violence-le-procureur-requiert-5-ans-de-prison-contre-lauteur","status":"publish","type":"post","link":"https:\/\/lasentinelle.dz\/index.php\/2021\/09\/01\/propos-haineux-et-appel-a-la-violence-le-procureur-requiert-5-ans-de-prison-contre-lauteur\/","title":{"rendered":"Propos haineux et appel \u00e0 la violence : Le procureur requiert 5 ans de prison contre l\u2019auteur"},"content":{"rendered":"\n<p>Le repr\u00e9sentant du minist\u00e8re public a requis hier, une peine de 5 ans de prison ferme \u00e0 l\u2019encontre du youtubeurRayfa, auteur des propos haineux et d\u2019appels \u00e0 la violence contre les Kabyles. Dans un proc\u00e8s \u00e9quitable, g\u00e9r\u00e9 avec la sagesse du pr\u00e9sident de l\u2019audience tenue au tribunal d\u2019Annaba, le mis en cause a \u00e9t\u00e9 mis \u00e0 l\u2019aise pour s\u2019expliquer sur les faits qui lui sont reproch\u00e9s. D\u2019embl\u00e9e, le pr\u00e9venu a manifest\u00e9 son regret quant aux propos port\u00e9s sur la vid\u00e9o post\u00e9e sur les r\u00e9seaux sociaux. Une action que le mis en cause a tent\u00e9 de justifier par l&rsquo;atrocit\u00e9 du crime perp\u00e9tr\u00e9 sur le d\u00e9funt Djamel Bensmaine. Un argument avanc\u00e9 par les deux avocats de la d\u00e9fense pour tenter de b\u00e9n\u00e9ficier des circonstances att\u00e9nuantes. Or ,Rayfa n&rsquo;est pas uniquement mis en cause dans cette affaire de vid\u00e9o hostile, mais \u00e9galement dans une autre affaire. Il s\u2019agit d\u2019une premi\u00e8re vid\u00e9o post\u00e9e, lors de la fermeture des plages, en raison de la situation \u00e9pid\u00e9miologique \u00e0 Annaba. L\u2019ind\u00e9licat&nbsp; jeune homme s\u2019est aventur\u00e9 \u00e0 poster une vid\u00e9o portant atteinte \u00e0 la personne du chef de l&rsquo;\u00c9tat. \u2018\u2019Rayfa\u2019\u2019 avait accus\u00e9 le pr\u00e9sident de la R\u00e9publique, Abdelmadjid Tebboune, d\u2019\u00eatre un \u2019\u2019tueur d\u2019emplois\u2019\u2019. Car,&nbsp; le pr\u00e9venu, ch\u00f4meur de son \u00e9tat s\u2019occupait, comme tant d\u2019autres jeunes de son statut, du gardiennage de v\u00e9hicules au niveau d\u2019une plage de la c\u00f4te d\u2019Annaba. Une affaire pour laquelle, le m\u00eame&nbsp;&nbsp; repr\u00e9sentant du minist\u00e8re public, a requis une ann\u00e9e de prison ferme.<\/p>\n\n\n\n<p>Rappelons quelors de sa pr\u00e9sentation devant le parquet d\u2019Annaba, le mis en cause ne s\u2019est pas emp\u00each\u00e9 de poster une vid\u00e9o, appelant les jeunes de plusieurs wilayas \u00e0 lui porter aide et assistance. Un appel qui est rest\u00e9 sans \u00e9cho, puisque hier \u00e0 l&rsquo;entr\u00e9e du tribunal de Annaba, une foule immense \u00e9tait pr\u00e9sente, non pas pour le soutenir mais plut\u00f4t pour d\u00e9nigrer son acte, qui selon plusieurs citoyens, aurait&nbsp; pu provoquer un d\u00e9rapage d\u00e9mesur\u00e9. Rappelons qu\u2019apr\u00e8s la diffusion de la vid\u00e9o, dans laquelle apparaissent trois individus,&nbsp; tenant des propos haineux et appelant \u00e0 la violence, une plainte contre \u2018\u2019X\u2019\u2019 a \u00e9t\u00e9 d\u00e9pos\u00e9e le 17 Ao\u00fbt,&nbsp; par la Ligue alg\u00e9rienne des droits de l\u2019Homme (LAADH). L\u2019enqu\u00eate enclench\u00e9e par les services de s\u00e9curit\u00e9 s\u2019est aussi sold\u00e9e par l\u2019identification des&nbsp; trois auteurs de la vid\u00e9o. \u00ab&nbsp;Rayfa&nbsp;\u00bba&nbsp; aussit\u00f4t \u00e9t\u00e9 interpell\u00e9 en son domicile \u00e0 la plaine Ouest (Annaba), pendant que ces deux&nbsp; complices, en fuite demeurent jusqu\u2019\u00e0 la mise sous presse activement recherch\u00e9s par les services de s\u00e9curit\u00e9.&nbsp; D\u00e9f\u00e9r\u00e9 devant le procureur de la R\u00e9publique, pr\u00e8s le tribunal d\u2019Annaba, le premier auteur de cette vid\u00e9o de la honte avait \u00e9t\u00e9 plac\u00e9&nbsp; sous mandat de d\u00e9p\u00f4t. Le jugement sera prononc\u00e9 le 13 septembre prochain.<\/p>\n\n\n\n<p><strong>Sofia Chahine<\/strong><\/p>\n","protected":false},"excerpt":{"rendered":"<p>Le repr\u00e9sentant du minist\u00e8re public a requis hier, une peine de 5 ans de prison ferme \u00e0 l\u2019encontre du youtubeurRayfa,<\/p>\n","protected":false},"author":3,"featured_media":6132,"comment_status":"open","ping_status":"closed","sticky":false,"template":"","format":"standard","meta":{"colormag_page_container_layout":"default_layout","colormag_page_sidebar_layout":"default_layout","om_disable_all_campaigns":false,"_monsterinsights_skip_tracking":false,"_monsterinsights_sitenote_active":false,"_monsterinsights_sitenote_note":"","_monsterinsights_sitenote_category":0,"footnotes":"","_wpscppro_dont_share_socialmedia":false,"_wpscppro_custom_social_share_image":0,"_facebook_share_type":"","_twitter_share_type":"","_linkedin_share_type":"","_pinterest_share_type":"","_linkedin_share_type_page":"","_instagram_share_type":"","_medium_share_type":"","_threads_share_type":"","_google_business_share_type":"","_selected_social_profile":[],"_wpsp_enable_custom_social_template":false,"_wpsp_social_scheduling":{"enabled":false,"datetime":null,"platforms":[],"status":"template_only","dateOption":"today","timeOption":"now","customDays":"","customHours":"","customDate":"","customTime":"","schedulingType":"absolute"},"_wpsp_active_default_template":true},"categories":[27],"tags":[],"class_list":["post-6131","post","type-post","status-publish","format-standard","has-post-thumbnail","hentry","category-actualite"],"aioseo_notices":[],"yoast_head":"<!-- This site is optimized with the Yoast SEO plugin v27.5 - https:\/\/yoast.com\/product\/yoast-seo-wordpress\/ -->\n<title>Propos haineux et appel \u00e0 la violence : Le procureur requiert 5 ans de prison contre l\u2019auteur - La Sentinelle<\/title>\n<meta name=\"robots\" content=\"index, follow, max-snippet:-1, max-image-preview:large, max-video-preview:-1\" \/>\n<link rel=\"canonical\" href=\"https:\/\/lasentinelle.dz\/index.php\/2021\/09\/01\/propos-haineux-et-appel-a-la-violence-le-procureur-requiert-5-ans-de-prison-contre-lauteur\/\" \/>\n<meta property=\"og:locale\" content=\"fr_FR\" \/>\n<meta property=\"og:type\" content=\"article\" \/>\n<meta property=\"og:title\" content=\"Propos haineux et appel \u00e0 la violence : Le procureur requiert 5 ans de prison contre l\u2019auteur - La Sentinelle\" \/>\n<meta property=\"og:description\" content=\"Le repr\u00e9sentant du minist\u00e8re public a requis hier, une peine de 5 ans de prison ferme \u00e0 l\u2019encontre du youtubeurRayfa,\" \/>\n<meta property=\"og:url\" content=\"https:\/\/lasentinelle.dz\/index.php\/2021\/09\/01\/propos-haineux-et-appel-a-la-violence-le-procureur-requiert-5-ans-de-prison-contre-lauteur\/\" \/>\n<meta property=\"og:site_name\" content=\"La Sentinelle\" \/>\n<meta property=\"article:publisher\" content=\"https:\/\/www.facebook.com\/La-Sentinelle-104059864394773\" \/>\n<meta property=\"article:published_time\" content=\"2021-08-31T23:01:00+00:00\" \/>\n<meta property=\"og:image\" content=\"https:\/\/lasentinelle.dz\/wp-content\/uploads\/2021\/08\/image_2021-08-31_184612.png\" \/>\n\t<meta property=\"og:image:width\" content=\"620\" \/>\n\t<meta property=\"og:image:height\" content=\"330\" \/>\n\t<meta property=\"og:image:type\" content=\"image\/png\" \/>\n<meta name=\"author\" content=\"La Sentinelle\" \/>\n<meta name=\"twitter:card\" content=\"summary_large_image\" \/>\n<meta name=\"twitter:label1\" content=\"\u00c9crit par\" \/>\n\t<meta name=\"twitter:data1\" content=\"La Sentinelle\" \/>\n\t<meta name=\"twitter:label2\" content=\"Dur\u00e9e de lecture estim\u00e9e\" \/>\n\t<meta name=\"twitter:data2\" content=\"2 minutes\" \/>\n<script type=\"application\/ld+json\" class=\"yoast-schema-graph\">{\"@context\":\"https:\\\/\\\/schema.org\",\"@graph\":[{\"@type\":\"Article\",\"@id\":\"https:\\\/\\\/lasentinelle.dz\\\/index.php\\\/2021\\\/09\\\/01\\\/propos-haineux-et-appel-a-la-violence-le-procureur-requiert-5-ans-de-prison-contre-lauteur\\\/#article\",\"isPartOf\":{\"@id\":\"https:\\\/\\\/lasentinelle.dz\\\/index.php\\\/2021\\\/09\\\/01\\\/propos-haineux-et-appel-a-la-violence-le-procureur-requiert-5-ans-de-prison-contre-lauteur\\\/\"},\"author\":{\"name\":\"La Sentinelle\",\"@id\":\"https:\\\/\\\/lasentinelle.dz\\\/#\\\/schema\\\/person\\\/d865044e22e70a75174ce8bcad3acfb3\"},\"headline\":\"Propos haineux et appel \u00e0 la violence : Le procureur requiert 5 ans de prison contre l\u2019auteur\",\"datePublished\":\"2021-08-31T23:01:00+00:00\",\"mainEntityOfPage\":{\"@id\":\"https:\\\/\\\/lasentinelle.dz\\\/index.php\\\/2021\\\/09\\\/01\\\/propos-haineux-et-appel-a-la-violence-le-procureur-requiert-5-ans-de-prison-contre-lauteur\\\/\"},\"wordCount\":551,\"commentCount\":0,\"publisher\":{\"@id\":\"https:\\\/\\\/lasentinelle.dz\\\/#organization\"},\"image\":{\"@id\":\"https:\\\/\\\/lasentinelle.dz\\\/index.php\\\/2021\\\/09\\\/01\\\/propos-haineux-et-appel-a-la-violence-le-procureur-requiert-5-ans-de-prison-contre-lauteur\\\/#primaryimage\"},\"thumbnailUrl\":\"https:\\\/\\\/lasentinelle.dz\\\/wp-content\\\/uploads\\\/2021\\\/08\\\/image_2021-08-31_184612.png\",\"articleSection\":[\"Actualit\u00e9\"],\"inLanguage\":\"fr-FR\",\"potentialAction\":[{\"@type\":\"CommentAction\",\"name\":\"Comment\",\"target\":[\"https:\\\/\\\/lasentinelle.dz\\\/index.php\\\/2021\\\/09\\\/01\\\/propos-haineux-et-appel-a-la-violence-le-procureur-requiert-5-ans-de-prison-contre-lauteur\\\/#respond\"]}]},{\"@type\":\"WebPage\",\"@id\":\"https:\\\/\\\/lasentinelle.dz\\\/index.php\\\/2021\\\/09\\\/01\\\/propos-haineux-et-appel-a-la-violence-le-procureur-requiert-5-ans-de-prison-contre-lauteur\\\/\",\"url\":\"https:\\\/\\\/lasentinelle.dz\\\/index.php\\\/2021\\\/09\\\/01\\\/propos-haineux-et-appel-a-la-violence-le-procureur-requiert-5-ans-de-prison-contre-lauteur\\\/\",\"name\":\"Propos haineux et appel \u00e0 la violence : Le procureur requiert 5 ans de prison contre l\u2019auteur - La Sentinelle\",\"isPartOf\":{\"@id\":\"https:\\\/\\\/lasentinelle.dz\\\/#website\"},\"primaryImageOfPage\":{\"@id\":\"https:\\\/\\\/lasentinelle.dz\\\/index.php\\\/2021\\\/09\\\/01\\\/propos-haineux-et-appel-a-la-violence-le-procureur-requiert-5-ans-de-prison-contre-lauteur\\\/#primaryimage\"},\"image\":{\"@id\":\"https:\\\/\\\/lasentinelle.dz\\\/index.php\\\/2021\\\/09\\\/01\\\/propos-haineux-et-appel-a-la-violence-le-procureur-requiert-5-ans-de-prison-contre-lauteur\\\/#primaryimage\"},\"thumbnailUrl\":\"https:\\\/\\\/lasentinelle.dz\\\/wp-content\\\/uploads\\\/2021\\\/08\\\/image_2021-08-31_184612.png\",\"datePublished\":\"2021-08-31T23:01:00+00:00\",\"breadcrumb\":{\"@id\":\"https:\\\/\\\/lasentinelle.dz\\\/index.php\\\/2021\\\/09\\\/01\\\/propos-haineux-et-appel-a-la-violence-le-procureur-requiert-5-ans-de-prison-contre-lauteur\\\/#breadcrumb\"},\"inLanguage\":\"fr-FR\",\"potentialAction\":[{\"@type\":\"ReadAction\",\"target\":[\"https:\\\/\\\/lasentinelle.dz\\\/index.php\\\/2021\\\/09\\\/01\\\/propos-haineux-et-appel-a-la-violence-le-procureur-requiert-5-ans-de-prison-contre-lauteur\\\/\"]}]},{\"@type\":\"ImageObject\",\"inLanguage\":\"fr-FR\",\"@id\":\"https:\\\/\\\/lasentinelle.dz\\\/index.php\\\/2021\\\/09\\\/01\\\/propos-haineux-et-appel-a-la-violence-le-procureur-requiert-5-ans-de-prison-contre-lauteur\\\/#primaryimage\",\"url\":\"https:\\\/\\\/lasentinelle.dz\\\/wp-content\\\/uploads\\\/2021\\\/08\\\/image_2021-08-31_184612.png\",\"contentUrl\":\"https:\\\/\\\/lasentinelle.dz\\\/wp-content\\\/uploads\\\/2021\\\/08\\\/image_2021-08-31_184612.png\",\"width\":620,\"height\":330},{\"@type\":\"BreadcrumbList\",\"@id\":\"https:\\\/\\\/lasentinelle.dz\\\/index.php\\\/2021\\\/09\\\/01\\\/propos-haineux-et-appel-a-la-violence-le-procureur-requiert-5-ans-de-prison-contre-lauteur\\\/#breadcrumb\",\"itemListElement\":[{\"@type\":\"ListItem\",\"position\":1,\"name\":\"Accueil\",\"item\":\"https:\\\/\\\/lasentinelle.dz\\\/\"},{\"@type\":\"ListItem\",\"position\":2,\"name\":\"Propos haineux et appel \u00e0 la violence : Le procureur requiert 5 ans de prison contre l\u2019auteur\"}]},{\"@type\":\"WebSite\",\"@id\":\"https:\\\/\\\/lasentinelle.dz\\\/#website\",\"url\":\"https:\\\/\\\/lasentinelle.dz\\\/\",\"name\":\"La Sentinelle\",\"description\":\"Quotidien national d&#039;information\",\"publisher\":{\"@id\":\"https:\\\/\\\/lasentinelle.dz\\\/#organization\"},\"potentialAction\":[{\"@type\":\"SearchAction\",\"target\":{\"@type\":\"EntryPoint\",\"urlTemplate\":\"https:\\\/\\\/lasentinelle.dz\\\/?s={search_term_string}\"},\"query-input\":{\"@type\":\"PropertyValueSpecification\",\"valueRequired\":true,\"valueName\":\"search_term_string\"}}],\"inLanguage\":\"fr-FR\"},{\"@type\":\"Organization\",\"@id\":\"https:\\\/\\\/lasentinelle.dz\\\/#organization\",\"name\":\"Quotidien La Sentinelle\",\"url\":\"https:\\\/\\\/lasentinelle.dz\\\/\",\"logo\":{\"@type\":\"ImageObject\",\"inLanguage\":\"fr-FR\",\"@id\":\"https:\\\/\\\/lasentinelle.dz\\\/#\\\/schema\\\/logo\\\/image\\\/\",\"url\":\"https:\\\/\\\/lasentinelle.dz\\\/wp-content\\\/uploads\\\/2021\\\/09\\\/logo-sentinelleSLOGAN-1.png\",\"contentUrl\":\"https:\\\/\\\/lasentinelle.dz\\\/wp-content\\\/uploads\\\/2021\\\/09\\\/logo-sentinelleSLOGAN-1.png\",\"width\":615,\"height\":142,\"caption\":\"Quotidien La Sentinelle\"},\"image\":{\"@id\":\"https:\\\/\\\/lasentinelle.dz\\\/#\\\/schema\\\/logo\\\/image\\\/\"},\"sameAs\":[\"https:\\\/\\\/www.facebook.com\\\/La-Sentinelle-104059864394773\"]},{\"@type\":\"Person\",\"@id\":\"https:\\\/\\\/lasentinelle.dz\\\/#\\\/schema\\\/person\\\/d865044e22e70a75174ce8bcad3acfb3\",\"name\":\"La Sentinelle\",\"image\":{\"@type\":\"ImageObject\",\"inLanguage\":\"fr-FR\",\"@id\":\"https:\\\/\\\/secure.gravatar.com\\\/avatar\\\/57de8e5d4b15d43fb361a71fbb36338450fe67865b528a43dd10ef7c51a20392?s=96&d=mm&r=g\",\"url\":\"https:\\\/\\\/secure.gravatar.com\\\/avatar\\\/57de8e5d4b15d43fb361a71fbb36338450fe67865b528a43dd10ef7c51a20392?s=96&d=mm&r=g\",\"contentUrl\":\"https:\\\/\\\/secure.gravatar.com\\\/avatar\\\/57de8e5d4b15d43fb361a71fbb36338450fe67865b528a43dd10ef7c51a20392?s=96&d=mm&r=g\",\"caption\":\"La Sentinelle\"},\"sameAs\":[\"http:\\\/\\\/www.lasentinelle.dz\"],\"url\":\"https:\\\/\\\/lasentinelle.dz\\\/author\\\/redaction\\\/\"}]}<\/script>\n<!-- \/ Yoast SEO plugin. -->","yoast_head_json":{"title":"Propos haineux et appel \u00e0 la violence : Le procureur requiert 5 ans de prison contre l\u2019auteur - La Sentinelle","robots":{"index":"index","follow":"follow","max-snippet":"max-snippet:-1","max-image-preview":"max-image-preview:large","max-video-preview":"max-video-preview:-1"},"canonical":"https:\/\/lasentinelle.dz\/index.php\/2021\/09\/01\/propos-haineux-et-appel-a-la-violence-le-procureur-requiert-5-ans-de-prison-contre-lauteur\/","og_locale":"fr_FR","og_type":"article","og_title":"Propos haineux et appel \u00e0 la violence : Le procureur requiert 5 ans de prison contre l\u2019auteur - La Sentinelle","og_description":"Le repr\u00e9sentant du minist\u00e8re public a requis hier, une peine de 5 ans de prison ferme \u00e0 l\u2019encontre du youtubeurRayfa,","og_url":"https:\/\/lasentinelle.dz\/index.php\/2021\/09\/01\/propos-haineux-et-appel-a-la-violence-le-procureur-requiert-5-ans-de-prison-contre-lauteur\/","og_site_name":"La Sentinelle","article_publisher":"https:\/\/www.facebook.com\/La-Sentinelle-104059864394773","article_published_time":"2021-08-31T23:01:00+00:00","og_image":[{"width":620,"height":330,"url":"https:\/\/lasentinelle.dz\/wp-content\/uploads\/2021\/08\/image_2021-08-31_184612.png","type":"image\/png"}],"author":"La Sentinelle","twitter_card":"summary_large_image","twitter_misc":{"\u00c9crit par":"La Sentinelle","Dur\u00e9e de lecture estim\u00e9e":"2 minutes"},"schema":{"@context":"https:\/\/schema.org","@graph":[{"@type":"Article","@id":"https:\/\/lasentinelle.dz\/index.php\/2021\/09\/01\/propos-haineux-et-appel-a-la-violence-le-procureur-requiert-5-ans-de-prison-contre-lauteur\/#article","isPartOf":{"@id":"https:\/\/lasentinelle.dz\/index.php\/2021\/09\/01\/propos-haineux-et-appel-a-la-violence-le-procureur-requiert-5-ans-de-prison-contre-lauteur\/"},"author":{"name":"La Sentinelle","@id":"https:\/\/lasentinelle.dz\/#\/schema\/person\/d865044e22e70a75174ce8bcad3acfb3"},"headline":"Propos haineux et appel \u00e0 la violence : Le procureur requiert 5 ans de prison contre l\u2019auteur","datePublished":"2021-08-31T23:01:00+00:00","mainEntityOfPage":{"@id":"https:\/\/lasentinelle.dz\/index.php\/2021\/09\/01\/propos-haineux-et-appel-a-la-violence-le-procureur-requiert-5-ans-de-prison-contre-lauteur\/"},"wordCount":551,"commentCount":0,"publisher":{"@id":"https:\/\/lasentinelle.dz\/#organization"},"image":{"@id":"https:\/\/lasentinelle.dz\/index.php\/2021\/09\/01\/propos-haineux-et-appel-a-la-violence-le-procureur-requiert-5-ans-de-prison-contre-lauteur\/#primaryimage"},"thumbnailUrl":"https:\/\/lasentinelle.dz\/wp-content\/uploads\/2021\/08\/image_2021-08-31_184612.png","articleSection":["Actualit\u00e9"],"inLanguage":"fr-FR","potentialAction":[{"@type":"CommentAction","name":"Comment","target":["https:\/\/lasentinelle.dz\/index.php\/2021\/09\/01\/propos-haineux-et-appel-a-la-violence-le-procureur-requiert-5-ans-de-prison-contre-lauteur\/#respond"]}]},{"@type":"WebPage","@id":"https:\/\/lasentinelle.dz\/index.php\/2021\/09\/01\/propos-haineux-et-appel-a-la-violence-le-procureur-requiert-5-ans-de-prison-contre-lauteur\/","url":"https:\/\/lasentinelle.dz\/index.php\/2021\/09\/01\/propos-haineux-et-appel-a-la-violence-le-procureur-requiert-5-ans-de-prison-contre-lauteur\/","name":"Propos haineux et appel \u00e0 la violence : Le procureur requiert 5 ans de prison contre l\u2019auteur - La Sentinelle","isPartOf":{"@id":"https:\/\/lasentinelle.dz\/#website"},"primaryImageOfPage":{"@id":"https:\/\/lasentinelle.dz\/index.php\/2021\/09\/01\/propos-haineux-et-appel-a-la-violence-le-procureur-requiert-5-ans-de-prison-contre-lauteur\/#primaryimage"},"image":{"@id":"https:\/\/lasentinelle.dz\/index.php\/2021\/09\/01\/propos-haineux-et-appel-a-la-violence-le-procureur-requiert-5-ans-de-prison-contre-lauteur\/#primaryimage"},"thumbnailUrl":"https:\/\/lasentinelle.dz\/wp-content\/uploads\/2021\/08\/image_2021-08-31_184612.png","datePublished":"2021-08-31T23:01:00+00:00","breadcrumb":{"@id":"https:\/\/lasentinelle.dz\/index.php\/2021\/09\/01\/propos-haineux-et-appel-a-la-violence-le-procureur-requiert-5-ans-de-prison-contre-lauteur\/#breadcrumb"},"inLanguage":"fr-FR","potentialAction":[{"@type":"ReadAction","target":["https:\/\/lasentinelle.dz\/index.php\/2021\/09\/01\/propos-haineux-et-appel-a-la-violence-le-procureur-requiert-5-ans-de-prison-contre-lauteur\/"]}]},{"@type":"ImageObject","inLanguage":"fr-FR","@id":"https:\/\/lasentinelle.dz\/index.php\/2021\/09\/01\/propos-haineux-et-appel-a-la-violence-le-procureur-requiert-5-ans-de-prison-contre-lauteur\/#primaryimage","url":"https:\/\/lasentinelle.dz\/wp-content\/uploads\/2021\/08\/image_2021-08-31_184612.png","contentUrl":"https:\/\/lasentinelle.dz\/wp-content\/uploads\/2021\/08\/image_2021-08-31_184612.png","width":620,"height":330},{"@type":"BreadcrumbList","@id":"https:\/\/lasentinelle.dz\/index.php\/2021\/09\/01\/propos-haineux-et-appel-a-la-violence-le-procureur-requiert-5-ans-de-prison-contre-lauteur\/#breadcrumb","itemListElement":[{"@type":"ListItem","position":1,"name":"Accueil","item":"https:\/\/lasentinelle.dz\/"},{"@type":"ListItem","position":2,"name":"Propos haineux et appel \u00e0 la violence : Le procureur requiert 5 ans de prison contre l\u2019auteur"}]},{"@type":"WebSite","@id":"https:\/\/lasentinelle.dz\/#website","url":"https:\/\/lasentinelle.dz\/","name":"La Sentinelle","description":"Quotidien national d&#039;information","publisher":{"@id":"https:\/\/lasentinelle.dz\/#organization"},"potentialAction":[{"@type":"SearchAction","target":{"@type":"EntryPoint","urlTemplate":"https:\/\/lasentinelle.dz\/?s={search_term_string}"},"query-input":{"@type":"PropertyValueSpecification","valueRequired":true,"valueName":"search_term_string"}}],"inLanguage":"fr-FR"},{"@type":"Organization","@id":"https:\/\/lasentinelle.dz\/#organization","name":"Quotidien La Sentinelle","url":"https:\/\/lasentinelle.dz\/","logo":{"@type":"ImageObject","inLanguage":"fr-FR","@id":"https:\/\/lasentinelle.dz\/#\/schema\/logo\/image\/","url":"https:\/\/lasentinelle.dz\/wp-content\/uploads\/2021\/09\/logo-sentinelleSLOGAN-1.png","contentUrl":"https:\/\/lasentinelle.dz\/wp-content\/uploads\/2021\/09\/logo-sentinelleSLOGAN-1.png","width":615,"height":142,"caption":"Quotidien La Sentinelle"},"image":{"@id":"https:\/\/lasentinelle.dz\/#\/schema\/logo\/image\/"},"sameAs":["https:\/\/www.facebook.com\/La-Sentinelle-104059864394773"]},{"@type":"Person","@id":"https:\/\/lasentinelle.dz\/#\/schema\/person\/d865044e22e70a75174ce8bcad3acfb3","name":"La Sentinelle","image":{"@type":"ImageObject","inLanguage":"fr-FR","@id":"https:\/\/secure.gravatar.com\/avatar\/57de8e5d4b15d43fb361a71fbb36338450fe67865b528a43dd10ef7c51a20392?s=96&d=mm&r=g","url":"https:\/\/secure.gravatar.com\/avatar\/57de8e5d4b15d43fb361a71fbb36338450fe67865b528a43dd10ef7c51a20392?s=96&d=mm&r=g","contentUrl":"https:\/\/secure.gravatar.com\/avatar\/57de8e5d4b15d43fb361a71fbb36338450fe67865b528a43dd10ef7c51a20392?s=96&d=mm&r=g","caption":"La Sentinelle"},"sameAs":["http:\/\/www.lasentinelle.dz"],"url":"https:\/\/lasentinelle.dz\/author\/redaction\/"}]}},"_links":{"self":[{"href":"https:\/\/lasentinelle.dz\/index.php\/wp-json\/wp\/v2\/posts\/6131","targetHints":{"allow":["GET"]}}],"collection":[{"href":"https:\/\/lasentinelle.dz\/index.php\/wp-json\/wp\/v2\/posts"}],"about":[{"href":"https:\/\/lasentinelle.dz\/index.php\/wp-json\/wp\/v2\/types\/post"}],"author":[{"embeddable":true,"href":"https:\/\/lasentinelle.dz\/index.php\/wp-json\/wp\/v2\/users\/3"}],"replies":[{"embeddable":true,"href":"https:\/\/lasentinelle.dz\/index.php\/wp-json\/wp\/v2\/comments?post=6131"}],"version-history":[{"count":1,"href":"https:\/\/lasentinelle.dz\/index.php\/wp-json\/wp\/v2\/posts\/6131\/revisions"}],"predecessor-version":[{"id":6133,"href":"https:\/\/lasentinelle.dz\/index.php\/wp-json\/wp\/v2\/posts\/6131\/revisions\/6133"}],"wp:featuredmedia":[{"embeddable":true,"href":"https:\/\/lasentinelle.dz\/index.php\/wp-json\/wp\/v2\/media\/6132"}],"wp:attachment":[{"href":"https:\/\/lasentinelle.dz\/index.php\/wp-json\/wp\/v2\/media?parent=6131"}],"wp:term":[{"taxonomy":"category","embeddable":true,"href":"https:\/\/lasentinelle.dz\/index.php\/wp-json\/wp\/v2\/categories?post=6131"},{"taxonomy":"post_tag","embeddable":true,"href":"https:\/\/lasentinelle.dz\/index.php\/wp-json\/wp\/v2\/tags?post=6131"}],"curies":[{"name":"wp","href":"https:\/\/api.w.org\/{rel}","templated":true}]}}