{"id":61375,"date":"2025-01-07T12:08:05","date_gmt":"2025-01-07T11:08:05","guid":{"rendered":"https:\/\/lasentinelle.dz\/?p=61375"},"modified":"2025-01-07T12:08:05","modified_gmt":"2025-01-07T11:08:05","slug":"augmentation-des-capacites-de-stockage-cerealier-vers-la-realisation-dun-silo-geant-a-guelma","status":"publish","type":"post","link":"https:\/\/lasentinelle.dz\/index.php\/2025\/01\/07\/augmentation-des-capacites-de-stockage-cerealier-vers-la-realisation-dun-silo-geant-a-guelma\/","title":{"rendered":"Augmentation des capacit\u00e9s de stockage c\u00e9r\u00e9alier: Vers la r\u00e9alisation d\u2019un silo g\u00e9ant\u00a0\u00e0 Guelma"},"content":{"rendered":"\n<p>Ce projet d\u2019importance strat\u00e9gique permettra, une fois achev\u00e9, de hisser les capacit\u00e9s de stockage dans la wilaya \u00e0 quelques 2,5 millions de quintaux.<\/p>\n\n\n\n<p>Sofia Chahine<\/p>\n\n\n\n<p>Relevant de la strat\u00e9gie nationale visant \u00e0 renforcer les capacit\u00e9s de stockage de c\u00e9r\u00e9ales, dans la politique nationale de d\u00e9veloppement des cultures strat\u00e9giques, la wilaya de Guelma a b\u00e9n\u00e9fici\u00e9 d\u2019un projet de r\u00e9alisation d\u2019un silo g\u00e9ant pour le stockage c\u00e9r\u00e9alier. Les travaux de r\u00e9alisation de cette importante infrastructure d\u2019une capacit\u00e9 de seront lanc\u00e9s dans les prochains jours dans la commune de Boumahra-Ahmed, a r\u00e9v\u00e9l\u00e9 une source de la direction des services agricoles (DSA) dans la wilaya de Guelma. Ce projet rev\u00eat une importance capitale dans le renforcement des capacit\u00e9s de stockage c\u00e9r\u00e9alier, qui r\u00e9pond \u00e0 la vocation agricole de la wilaya de Guelma, notamment en mati\u00e8re de bl\u00e9, a-t-on expliqu\u00e9. Ce projet d\u2019envergure s\u2019inscrit dans le cadre de la strat\u00e9gie nationale visant \u00e0 renforcer les capacit\u00e9s de stockage des cultures strat\u00e9giques et \u00e0 atteindre l\u2019autosuffisance en mati\u00e8res c\u00e9r\u00e9ali\u00e8res, a pr\u00e9cis\u00e9 la m\u00eame source. Les travaux de r\u00e9alisation du projet ont \u00e9t\u00e9 confi\u00e9s \u00e0 un consortium chinois. Ce dernier devra installer son chantier dans les plus brefs d\u00e9lais. \u00c0 cet effet, la premi\u00e8re responsable de l\u2019ex\u00e9cutif de la wilaya de Guelma a tenu une s\u00e9ance de travail samedi avec des repr\u00e9sentants du consortium chinois afin d\u2019arr\u00eater les derni\u00e8res dispositions relatives au lancement de la r\u00e9alisation de cette structure g\u00e9ante de stockage de c\u00e9r\u00e9ales, nous dit-on. Lors de cette r\u00e9union, la wali de Guelma a insist\u00e9 aupr\u00e8s des repr\u00e9sentants du consortium chinois, charg\u00e9 de la r\u00e9alisation de ce projet, sur l\u2019imp\u00e9ratif de recourir \u00e0 une main-d\u2019\u0153uvre issue de la r\u00e9gion. Suite \u00e0 quoi, le partenaire \u00e9tranger s\u2019est engag\u00e9 \u00e0 recourir \u00e0 des travailleurs de la r\u00e9gion de Guelma \u00e0 hauteur de 60 \u00e0 70 %, en fonction des phases de r\u00e9alisation du silo g\u00e9ant. Une superficie de 5 hectares a \u00e9t\u00e9 d\u00e9gag\u00e9e pour la r\u00e9alisation de ce silo g\u00e9ant. D\u2019une capacit\u00e9 de stockage d\u2019un million de quintaux de c\u00e9r\u00e9ales, ce projet d\u2019importance strat\u00e9gique pour le secteur de la c\u00e9r\u00e9aliculture permettra, une fois achev\u00e9, de hisser les capacit\u00e9s de stockage dans la wilaya \u00e0 quelques 2,5 millions de quintaux.<\/p>\n\n\n\n<p><strong>Sofia Chahine<\/strong><\/p>\n","protected":false},"excerpt":{"rendered":"<p>Ce projet d\u2019importance strat\u00e9gique permettra, une fois achev\u00e9, de hisser les capacit\u00e9s de stockage dans la wilaya \u00e0 quelques 2,5<\/p>\n","protected":false},"author":6,"featured_media":48603,"comment_status":"open","ping_status":"closed","sticky":false,"template":"","format":"standard","meta":{"colormag_page_container_layout":"default_layout","colormag_page_sidebar_layout":"default_layout","om_disable_all_campaigns":false,"_monsterinsights_skip_tracking":false,"_monsterinsights_sitenote_active":false,"_monsterinsights_sitenote_note":"","_monsterinsights_sitenote_category":0,"footnotes":"","_wpscppro_dont_share_socialmedia":false,"_wpscppro_custom_social_share_image":0,"_facebook_share_type":"default","_twitter_share_type":"default","_linkedin_share_type":"default","_pinterest_share_type":"default","_linkedin_share_type_page":"","_instagram_share_type":"default","_medium_share_type":"default","_threads_share_type":"","_google_business_share_type":"","_selected_social_profile":[],"_wpsp_enable_custom_social_template":false,"_wpsp_social_scheduling":{"enabled":false,"datetime":null,"platforms":[],"status":"template_only","dateOption":"today","timeOption":"now","customDays":"","customHours":"","customDate":"","customTime":"","schedulingType":"absolute"},"_wpsp_active_default_template":true},"categories":[31],"tags":[],"class_list":["post-61375","post","type-post","status-publish","format-standard","has-post-thumbnail","hentry","category-regions"],"aioseo_notices":[],"yoast_head":"<!-- This site is optimized with the Yoast SEO plugin v27.5 - https:\/\/yoast.com\/product\/yoast-seo-wordpress\/ -->\n<title>Augmentation des capacit\u00e9s de stockage c\u00e9r\u00e9alier: Vers la r\u00e9alisation d\u2019un silo g\u00e9ant\u00a0\u00e0 Guelma - La Sentinelle<\/title>\n<meta name=\"robots\" content=\"index, follow, max-snippet:-1, max-image-preview:large, max-video-preview:-1\" \/>\n<link rel=\"canonical\" href=\"https:\/\/lasentinelle.dz\/index.php\/2025\/01\/07\/augmentation-des-capacites-de-stockage-cerealier-vers-la-realisation-dun-silo-geant-a-guelma\/\" \/>\n<meta property=\"og:locale\" content=\"fr_FR\" \/>\n<meta property=\"og:type\" content=\"article\" \/>\n<meta property=\"og:title\" content=\"Augmentation des capacit\u00e9s de stockage c\u00e9r\u00e9alier: Vers la r\u00e9alisation d\u2019un silo g\u00e9ant\u00a0\u00e0 Guelma - La Sentinelle\" \/>\n<meta property=\"og:description\" content=\"Ce projet d\u2019importance strat\u00e9gique permettra, une fois achev\u00e9, de hisser les capacit\u00e9s de stockage dans la wilaya \u00e0 quelques 2,5\" \/>\n<meta property=\"og:url\" content=\"https:\/\/lasentinelle.dz\/index.php\/2025\/01\/07\/augmentation-des-capacites-de-stockage-cerealier-vers-la-realisation-dun-silo-geant-a-guelma\/\" \/>\n<meta property=\"og:site_name\" content=\"La Sentinelle\" \/>\n<meta property=\"article:publisher\" content=\"https:\/\/www.facebook.com\/La-Sentinelle-104059864394773\" \/>\n<meta property=\"article:published_time\" content=\"2025-01-07T11:08:05+00:00\" \/>\n<meta property=\"og:image\" content=\"https:\/\/lasentinelle.dz\/wp-content\/uploads\/2024\/01\/silos.jpeg\" \/>\n\t<meta property=\"og:image:width\" content=\"576\" \/>\n\t<meta property=\"og:image:height\" content=\"354\" \/>\n\t<meta property=\"og:image:type\" content=\"image\/jpeg\" \/>\n<meta name=\"author\" content=\"admin\" \/>\n<meta name=\"twitter:card\" content=\"summary_large_image\" \/>\n<meta name=\"twitter:label1\" content=\"\u00c9crit par\" \/>\n\t<meta name=\"twitter:data1\" content=\"admin\" \/>\n\t<meta name=\"twitter:label2\" content=\"Dur\u00e9e de lecture estim\u00e9e\" \/>\n\t<meta name=\"twitter:data2\" content=\"3 minutes\" \/>\n<script type=\"application\/ld+json\" class=\"yoast-schema-graph\">{\"@context\":\"https:\\\/\\\/schema.org\",\"@graph\":[{\"@type\":\"Article\",\"@id\":\"https:\\\/\\\/lasentinelle.dz\\\/index.php\\\/2025\\\/01\\\/07\\\/augmentation-des-capacites-de-stockage-cerealier-vers-la-realisation-dun-silo-geant-a-guelma\\\/#article\",\"isPartOf\":{\"@id\":\"https:\\\/\\\/lasentinelle.dz\\\/index.php\\\/2025\\\/01\\\/07\\\/augmentation-des-capacites-de-stockage-cerealier-vers-la-realisation-dun-silo-geant-a-guelma\\\/\"},\"author\":{\"name\":\"admin\",\"@id\":\"https:\\\/\\\/lasentinelle.dz\\\/#\\\/schema\\\/person\\\/729ee0024f24e0b8c5ec17232f8e8b41\"},\"headline\":\"Augmentation des capacit\u00e9s de stockage c\u00e9r\u00e9alier: Vers la r\u00e9alisation d\u2019un silo g\u00e9ant\u00a0\u00e0 Guelma\",\"datePublished\":\"2025-01-07T11:08:05+00:00\",\"mainEntityOfPage\":{\"@id\":\"https:\\\/\\\/lasentinelle.dz\\\/index.php\\\/2025\\\/01\\\/07\\\/augmentation-des-capacites-de-stockage-cerealier-vers-la-realisation-dun-silo-geant-a-guelma\\\/\"},\"wordCount\":442,\"commentCount\":0,\"publisher\":{\"@id\":\"https:\\\/\\\/lasentinelle.dz\\\/#organization\"},\"image\":{\"@id\":\"https:\\\/\\\/lasentinelle.dz\\\/index.php\\\/2025\\\/01\\\/07\\\/augmentation-des-capacites-de-stockage-cerealier-vers-la-realisation-dun-silo-geant-a-guelma\\\/#primaryimage\"},\"thumbnailUrl\":\"https:\\\/\\\/lasentinelle.dz\\\/wp-content\\\/uploads\\\/2024\\\/01\\\/silos.jpeg\",\"articleSection\":[\"R\u00e9gions\"],\"inLanguage\":\"fr-FR\",\"potentialAction\":[{\"@type\":\"CommentAction\",\"name\":\"Comment\",\"target\":[\"https:\\\/\\\/lasentinelle.dz\\\/index.php\\\/2025\\\/01\\\/07\\\/augmentation-des-capacites-de-stockage-cerealier-vers-la-realisation-dun-silo-geant-a-guelma\\\/#respond\"]}]},{\"@type\":\"WebPage\",\"@id\":\"https:\\\/\\\/lasentinelle.dz\\\/index.php\\\/2025\\\/01\\\/07\\\/augmentation-des-capacites-de-stockage-cerealier-vers-la-realisation-dun-silo-geant-a-guelma\\\/\",\"url\":\"https:\\\/\\\/lasentinelle.dz\\\/index.php\\\/2025\\\/01\\\/07\\\/augmentation-des-capacites-de-stockage-cerealier-vers-la-realisation-dun-silo-geant-a-guelma\\\/\",\"name\":\"Augmentation des capacit\u00e9s de stockage c\u00e9r\u00e9alier: Vers la r\u00e9alisation d\u2019un silo g\u00e9ant\u00a0\u00e0 Guelma - La Sentinelle\",\"isPartOf\":{\"@id\":\"https:\\\/\\\/lasentinelle.dz\\\/#website\"},\"primaryImageOfPage\":{\"@id\":\"https:\\\/\\\/lasentinelle.dz\\\/index.php\\\/2025\\\/01\\\/07\\\/augmentation-des-capacites-de-stockage-cerealier-vers-la-realisation-dun-silo-geant-a-guelma\\\/#primaryimage\"},\"image\":{\"@id\":\"https:\\\/\\\/lasentinelle.dz\\\/index.php\\\/2025\\\/01\\\/07\\\/augmentation-des-capacites-de-stockage-cerealier-vers-la-realisation-dun-silo-geant-a-guelma\\\/#primaryimage\"},\"thumbnailUrl\":\"https:\\\/\\\/lasentinelle.dz\\\/wp-content\\\/uploads\\\/2024\\\/01\\\/silos.jpeg\",\"datePublished\":\"2025-01-07T11:08:05+00:00\",\"breadcrumb\":{\"@id\":\"https:\\\/\\\/lasentinelle.dz\\\/index.php\\\/2025\\\/01\\\/07\\\/augmentation-des-capacites-de-stockage-cerealier-vers-la-realisation-dun-silo-geant-a-guelma\\\/#breadcrumb\"},\"inLanguage\":\"fr-FR\",\"potentialAction\":[{\"@type\":\"ReadAction\",\"target\":[\"https:\\\/\\\/lasentinelle.dz\\\/index.php\\\/2025\\\/01\\\/07\\\/augmentation-des-capacites-de-stockage-cerealier-vers-la-realisation-dun-silo-geant-a-guelma\\\/\"]}]},{\"@type\":\"ImageObject\",\"inLanguage\":\"fr-FR\",\"@id\":\"https:\\\/\\\/lasentinelle.dz\\\/index.php\\\/2025\\\/01\\\/07\\\/augmentation-des-capacites-de-stockage-cerealier-vers-la-realisation-dun-silo-geant-a-guelma\\\/#primaryimage\",\"url\":\"https:\\\/\\\/lasentinelle.dz\\\/wp-content\\\/uploads\\\/2024\\\/01\\\/silos.jpeg\",\"contentUrl\":\"https:\\\/\\\/lasentinelle.dz\\\/wp-content\\\/uploads\\\/2024\\\/01\\\/silos.jpeg\",\"width\":576,\"height\":354},{\"@type\":\"BreadcrumbList\",\"@id\":\"https:\\\/\\\/lasentinelle.dz\\\/index.php\\\/2025\\\/01\\\/07\\\/augmentation-des-capacites-de-stockage-cerealier-vers-la-realisation-dun-silo-geant-a-guelma\\\/#breadcrumb\",\"itemListElement\":[{\"@type\":\"ListItem\",\"position\":1,\"name\":\"Accueil\",\"item\":\"https:\\\/\\\/lasentinelle.dz\\\/\"},{\"@type\":\"ListItem\",\"position\":2,\"name\":\"Augmentation des capacit\u00e9s de stockage c\u00e9r\u00e9alier: Vers la r\u00e9alisation d\u2019un silo g\u00e9ant\u00a0\u00e0 Guelma\"}]},{\"@type\":\"WebSite\",\"@id\":\"https:\\\/\\\/lasentinelle.dz\\\/#website\",\"url\":\"https:\\\/\\\/lasentinelle.dz\\\/\",\"name\":\"La Sentinelle\",\"description\":\"Quotidien national d&#039;information\",\"publisher\":{\"@id\":\"https:\\\/\\\/lasentinelle.dz\\\/#organization\"},\"potentialAction\":[{\"@type\":\"SearchAction\",\"target\":{\"@type\":\"EntryPoint\",\"urlTemplate\":\"https:\\\/\\\/lasentinelle.dz\\\/?s={search_term_string}\"},\"query-input\":{\"@type\":\"PropertyValueSpecification\",\"valueRequired\":true,\"valueName\":\"search_term_string\"}}],\"inLanguage\":\"fr-FR\"},{\"@type\":\"Organization\",\"@id\":\"https:\\\/\\\/lasentinelle.dz\\\/#organization\",\"name\":\"Quotidien La Sentinelle\",\"url\":\"https:\\\/\\\/lasentinelle.dz\\\/\",\"logo\":{\"@type\":\"ImageObject\",\"inLanguage\":\"fr-FR\",\"@id\":\"https:\\\/\\\/lasentinelle.dz\\\/#\\\/schema\\\/logo\\\/image\\\/\",\"url\":\"https:\\\/\\\/lasentinelle.dz\\\/wp-content\\\/uploads\\\/2021\\\/09\\\/logo-sentinelleSLOGAN-1.png\",\"contentUrl\":\"https:\\\/\\\/lasentinelle.dz\\\/wp-content\\\/uploads\\\/2021\\\/09\\\/logo-sentinelleSLOGAN-1.png\",\"width\":615,\"height\":142,\"caption\":\"Quotidien La Sentinelle\"},\"image\":{\"@id\":\"https:\\\/\\\/lasentinelle.dz\\\/#\\\/schema\\\/logo\\\/image\\\/\"},\"sameAs\":[\"https:\\\/\\\/www.facebook.com\\\/La-Sentinelle-104059864394773\"]},{\"@type\":\"Person\",\"@id\":\"https:\\\/\\\/lasentinelle.dz\\\/#\\\/schema\\\/person\\\/729ee0024f24e0b8c5ec17232f8e8b41\",\"name\":\"admin\",\"image\":{\"@type\":\"ImageObject\",\"inLanguage\":\"fr-FR\",\"@id\":\"https:\\\/\\\/secure.gravatar.com\\\/avatar\\\/4c81fed838786e9b53f540bf46533e750f5d292099ae3b66cfc6fb1982e29df7?s=96&d=mm&r=g\",\"url\":\"https:\\\/\\\/secure.gravatar.com\\\/avatar\\\/4c81fed838786e9b53f540bf46533e750f5d292099ae3b66cfc6fb1982e29df7?s=96&d=mm&r=g\",\"contentUrl\":\"https:\\\/\\\/secure.gravatar.com\\\/avatar\\\/4c81fed838786e9b53f540bf46533e750f5d292099ae3b66cfc6fb1982e29df7?s=96&d=mm&r=g\",\"caption\":\"admin\"},\"description\":\"admin\",\"url\":\"https:\\\/\\\/lasentinelle.dz\\\/author\\\/admin\\\/\"}]}<\/script>\n<!-- \/ Yoast SEO plugin. -->","yoast_head_json":{"title":"Augmentation des capacit\u00e9s de stockage c\u00e9r\u00e9alier: Vers la r\u00e9alisation d\u2019un silo g\u00e9ant\u00a0\u00e0 Guelma - La Sentinelle","robots":{"index":"index","follow":"follow","max-snippet":"max-snippet:-1","max-image-preview":"max-image-preview:large","max-video-preview":"max-video-preview:-1"},"canonical":"https:\/\/lasentinelle.dz\/index.php\/2025\/01\/07\/augmentation-des-capacites-de-stockage-cerealier-vers-la-realisation-dun-silo-geant-a-guelma\/","og_locale":"fr_FR","og_type":"article","og_title":"Augmentation des capacit\u00e9s de stockage c\u00e9r\u00e9alier: Vers la r\u00e9alisation d\u2019un silo g\u00e9ant\u00a0\u00e0 Guelma - La Sentinelle","og_description":"Ce projet d\u2019importance strat\u00e9gique permettra, une fois achev\u00e9, de hisser les capacit\u00e9s de stockage dans la wilaya \u00e0 quelques 2,5","og_url":"https:\/\/lasentinelle.dz\/index.php\/2025\/01\/07\/augmentation-des-capacites-de-stockage-cerealier-vers-la-realisation-dun-silo-geant-a-guelma\/","og_site_name":"La Sentinelle","article_publisher":"https:\/\/www.facebook.com\/La-Sentinelle-104059864394773","article_published_time":"2025-01-07T11:08:05+00:00","og_image":[{"width":576,"height":354,"url":"https:\/\/lasentinelle.dz\/wp-content\/uploads\/2024\/01\/silos.jpeg","type":"image\/jpeg"}],"author":"admin","twitter_card":"summary_large_image","twitter_misc":{"\u00c9crit par":"admin","Dur\u00e9e de lecture estim\u00e9e":"3 minutes"},"schema":{"@context":"https:\/\/schema.org","@graph":[{"@type":"Article","@id":"https:\/\/lasentinelle.dz\/index.php\/2025\/01\/07\/augmentation-des-capacites-de-stockage-cerealier-vers-la-realisation-dun-silo-geant-a-guelma\/#article","isPartOf":{"@id":"https:\/\/lasentinelle.dz\/index.php\/2025\/01\/07\/augmentation-des-capacites-de-stockage-cerealier-vers-la-realisation-dun-silo-geant-a-guelma\/"},"author":{"name":"admin","@id":"https:\/\/lasentinelle.dz\/#\/schema\/person\/729ee0024f24e0b8c5ec17232f8e8b41"},"headline":"Augmentation des capacit\u00e9s de stockage c\u00e9r\u00e9alier: Vers la r\u00e9alisation d\u2019un silo g\u00e9ant\u00a0\u00e0 Guelma","datePublished":"2025-01-07T11:08:05+00:00","mainEntityOfPage":{"@id":"https:\/\/lasentinelle.dz\/index.php\/2025\/01\/07\/augmentation-des-capacites-de-stockage-cerealier-vers-la-realisation-dun-silo-geant-a-guelma\/"},"wordCount":442,"commentCount":0,"publisher":{"@id":"https:\/\/lasentinelle.dz\/#organization"},"image":{"@id":"https:\/\/lasentinelle.dz\/index.php\/2025\/01\/07\/augmentation-des-capacites-de-stockage-cerealier-vers-la-realisation-dun-silo-geant-a-guelma\/#primaryimage"},"thumbnailUrl":"https:\/\/lasentinelle.dz\/wp-content\/uploads\/2024\/01\/silos.jpeg","articleSection":["R\u00e9gions"],"inLanguage":"fr-FR","potentialAction":[{"@type":"CommentAction","name":"Comment","target":["https:\/\/lasentinelle.dz\/index.php\/2025\/01\/07\/augmentation-des-capacites-de-stockage-cerealier-vers-la-realisation-dun-silo-geant-a-guelma\/#respond"]}]},{"@type":"WebPage","@id":"https:\/\/lasentinelle.dz\/index.php\/2025\/01\/07\/augmentation-des-capacites-de-stockage-cerealier-vers-la-realisation-dun-silo-geant-a-guelma\/","url":"https:\/\/lasentinelle.dz\/index.php\/2025\/01\/07\/augmentation-des-capacites-de-stockage-cerealier-vers-la-realisation-dun-silo-geant-a-guelma\/","name":"Augmentation des capacit\u00e9s de stockage c\u00e9r\u00e9alier: Vers la r\u00e9alisation d\u2019un silo g\u00e9ant\u00a0\u00e0 Guelma - La Sentinelle","isPartOf":{"@id":"https:\/\/lasentinelle.dz\/#website"},"primaryImageOfPage":{"@id":"https:\/\/lasentinelle.dz\/index.php\/2025\/01\/07\/augmentation-des-capacites-de-stockage-cerealier-vers-la-realisation-dun-silo-geant-a-guelma\/#primaryimage"},"image":{"@id":"https:\/\/lasentinelle.dz\/index.php\/2025\/01\/07\/augmentation-des-capacites-de-stockage-cerealier-vers-la-realisation-dun-silo-geant-a-guelma\/#primaryimage"},"thumbnailUrl":"https:\/\/lasentinelle.dz\/wp-content\/uploads\/2024\/01\/silos.jpeg","datePublished":"2025-01-07T11:08:05+00:00","breadcrumb":{"@id":"https:\/\/lasentinelle.dz\/index.php\/2025\/01\/07\/augmentation-des-capacites-de-stockage-cerealier-vers-la-realisation-dun-silo-geant-a-guelma\/#breadcrumb"},"inLanguage":"fr-FR","potentialAction":[{"@type":"ReadAction","target":["https:\/\/lasentinelle.dz\/index.php\/2025\/01\/07\/augmentation-des-capacites-de-stockage-cerealier-vers-la-realisation-dun-silo-geant-a-guelma\/"]}]},{"@type":"ImageObject","inLanguage":"fr-FR","@id":"https:\/\/lasentinelle.dz\/index.php\/2025\/01\/07\/augmentation-des-capacites-de-stockage-cerealier-vers-la-realisation-dun-silo-geant-a-guelma\/#primaryimage","url":"https:\/\/lasentinelle.dz\/wp-content\/uploads\/2024\/01\/silos.jpeg","contentUrl":"https:\/\/lasentinelle.dz\/wp-content\/uploads\/2024\/01\/silos.jpeg","width":576,"height":354},{"@type":"BreadcrumbList","@id":"https:\/\/lasentinelle.dz\/index.php\/2025\/01\/07\/augmentation-des-capacites-de-stockage-cerealier-vers-la-realisation-dun-silo-geant-a-guelma\/#breadcrumb","itemListElement":[{"@type":"ListItem","position":1,"name":"Accueil","item":"https:\/\/lasentinelle.dz\/"},{"@type":"ListItem","position":2,"name":"Augmentation des capacit\u00e9s de stockage c\u00e9r\u00e9alier: Vers la r\u00e9alisation d\u2019un silo g\u00e9ant\u00a0\u00e0 Guelma"}]},{"@type":"WebSite","@id":"https:\/\/lasentinelle.dz\/#website","url":"https:\/\/lasentinelle.dz\/","name":"La Sentinelle","description":"Quotidien national d&#039;information","publisher":{"@id":"https:\/\/lasentinelle.dz\/#organization"},"potentialAction":[{"@type":"SearchAction","target":{"@type":"EntryPoint","urlTemplate":"https:\/\/lasentinelle.dz\/?s={search_term_string}"},"query-input":{"@type":"PropertyValueSpecification","valueRequired":true,"valueName":"search_term_string"}}],"inLanguage":"fr-FR"},{"@type":"Organization","@id":"https:\/\/lasentinelle.dz\/#organization","name":"Quotidien La Sentinelle","url":"https:\/\/lasentinelle.dz\/","logo":{"@type":"ImageObject","inLanguage":"fr-FR","@id":"https:\/\/lasentinelle.dz\/#\/schema\/logo\/image\/","url":"https:\/\/lasentinelle.dz\/wp-content\/uploads\/2021\/09\/logo-sentinelleSLOGAN-1.png","contentUrl":"https:\/\/lasentinelle.dz\/wp-content\/uploads\/2021\/09\/logo-sentinelleSLOGAN-1.png","width":615,"height":142,"caption":"Quotidien La Sentinelle"},"image":{"@id":"https:\/\/lasentinelle.dz\/#\/schema\/logo\/image\/"},"sameAs":["https:\/\/www.facebook.com\/La-Sentinelle-104059864394773"]},{"@type":"Person","@id":"https:\/\/lasentinelle.dz\/#\/schema\/person\/729ee0024f24e0b8c5ec17232f8e8b41","name":"admin","image":{"@type":"ImageObject","inLanguage":"fr-FR","@id":"https:\/\/secure.gravatar.com\/avatar\/4c81fed838786e9b53f540bf46533e750f5d292099ae3b66cfc6fb1982e29df7?s=96&d=mm&r=g","url":"https:\/\/secure.gravatar.com\/avatar\/4c81fed838786e9b53f540bf46533e750f5d292099ae3b66cfc6fb1982e29df7?s=96&d=mm&r=g","contentUrl":"https:\/\/secure.gravatar.com\/avatar\/4c81fed838786e9b53f540bf46533e750f5d292099ae3b66cfc6fb1982e29df7?s=96&d=mm&r=g","caption":"admin"},"description":"admin","url":"https:\/\/lasentinelle.dz\/author\/admin\/"}]}},"_links":{"self":[{"href":"https:\/\/lasentinelle.dz\/index.php\/wp-json\/wp\/v2\/posts\/61375","targetHints":{"allow":["GET"]}}],"collection":[{"href":"https:\/\/lasentinelle.dz\/index.php\/wp-json\/wp\/v2\/posts"}],"about":[{"href":"https:\/\/lasentinelle.dz\/index.php\/wp-json\/wp\/v2\/types\/post"}],"author":[{"embeddable":true,"href":"https:\/\/lasentinelle.dz\/index.php\/wp-json\/wp\/v2\/users\/6"}],"replies":[{"embeddable":true,"href":"https:\/\/lasentinelle.dz\/index.php\/wp-json\/wp\/v2\/comments?post=61375"}],"version-history":[{"count":1,"href":"https:\/\/lasentinelle.dz\/index.php\/wp-json\/wp\/v2\/posts\/61375\/revisions"}],"predecessor-version":[{"id":61376,"href":"https:\/\/lasentinelle.dz\/index.php\/wp-json\/wp\/v2\/posts\/61375\/revisions\/61376"}],"wp:featuredmedia":[{"embeddable":true,"href":"https:\/\/lasentinelle.dz\/index.php\/wp-json\/wp\/v2\/media\/48603"}],"wp:attachment":[{"href":"https:\/\/lasentinelle.dz\/index.php\/wp-json\/wp\/v2\/media?parent=61375"}],"wp:term":[{"taxonomy":"category","embeddable":true,"href":"https:\/\/lasentinelle.dz\/index.php\/wp-json\/wp\/v2\/categories?post=61375"},{"taxonomy":"post_tag","embeddable":true,"href":"https:\/\/lasentinelle.dz\/index.php\/wp-json\/wp\/v2\/tags?post=61375"}],"curies":[{"name":"wp","href":"https:\/\/api.w.org\/{rel}","templated":true}]}}