{"id":61379,"date":"2025-01-07T12:10:08","date_gmt":"2025-01-07T11:10:08","guid":{"rendered":"https:\/\/lasentinelle.dz\/?p=61379"},"modified":"2025-01-07T12:10:09","modified_gmt":"2025-01-07T11:10:09","slug":"exportations-la-reduction-de-50-des-couts-de-fret-effective","status":"publish","type":"post","link":"https:\/\/lasentinelle.dz\/index.php\/2025\/01\/07\/exportations-la-reduction-de-50-des-couts-de-fret-effective\/","title":{"rendered":"Exportations : La r\u00e9duction de 50% des co\u00fbts de fret effective"},"content":{"rendered":"\n<p>Dans le cadre de la politique de promotion des exportations hors-hydrocarbures et gr\u00e2ce \u00e0 l\u2019activation effective du Fonds sp\u00e9cial de promotion des exportations, les op\u00e9rateurs b\u00e9n\u00e9ficient d\u00e9sormais de nouvelles incitations, notamment d&rsquo;une r\u00e9duction de 50 % des co\u00fbts de transport international. C\u2019est dans ce contexte que la premi\u00e8re op\u00e9ration d&rsquo;exportation b\u00e9n\u00e9ficiant de la r\u00e9duction des co\u00fbts de fret a \u00e9t\u00e9 lanc\u00e9e hier.<\/p>\n\n\n\n<p>L&rsquo;op\u00e9ration inaugurale a consist\u00e9 en l&rsquo;exportation de plus de 4 tonnes de fruits et l\u00e9gumes produits localement vers le Canada. Le transport a \u00e9t\u00e9 assur\u00e9 par Air Alg\u00e9rie Cargo sur la liaison a\u00e9rienne Alger-Montr\u00e9al, depuis l&rsquo;a\u00e9roport international d&rsquo;Alger Houari Boumediene. Cette initiative s&rsquo;inscrit dans la continuit\u00e9 des accords sign\u00e9s en avril dernier entre la Direction g\u00e9n\u00e9rale du commerce ext\u00e9rieur et quatre entreprises publiques majeures du secteur des transports : la Compagnie nationale alg\u00e9rienne de navigation (CNAN), Air Alg\u00e9rie Cargo, la soci\u00e9t\u00e9 Logitrans sp\u00e9cialis\u00e9e dans le transport terrestre de marchandises, et le groupe alg\u00e9rien de transport maritime Gatma. Le nouveau dispositif simplifie consid\u00e9rablement les d\u00e9marches pour les exportateurs. Lors de la c\u00e9r\u00e9monie de lancement, Samir Derradji, responsable de la Direction g\u00e9n\u00e9rale du commerce ext\u00e9rieur au minist\u00e8re du Commerce ext\u00e9rieur et de la Promotion des exportations, a d\u00e9taill\u00e9 le fonctionnement du nouveau syst\u00e8me : \u00ab l&rsquo;op\u00e9rateur \u00e9conomique ne paie que 50 % des frais de transport \u00e0 l&rsquo;entreprise concern\u00e9e, qui sera ensuite rembours\u00e9e par le Fonds sp\u00e9cial de promotion des exportations apr\u00e8s la r\u00e9alisation de l&rsquo;op\u00e9ration \u00bb. Cette proc\u00e9dure repr\u00e9sente une nette am\u00e9lioration par rapport \u00e0 l&rsquo;ancien syst\u00e8me, o\u00f9, comme l&rsquo;a rappel\u00e9 M. Derradji, \u00ab l&rsquo;op\u00e9rateur \u00e9conomique souhaitant b\u00e9n\u00e9ficier de l&rsquo;aide devait payer la totalit\u00e9 des frais et obtenir le remboursement de la r\u00e9duction apr\u00e8s avoir pr\u00e9sent\u00e9 son dossier administratif \u00e0 la direction g\u00e9n\u00e9rale \u00bb. La mise en place d&rsquo;une plateforme num\u00e9rique vient \u00e9galement faciliter l&rsquo;acc\u00e8s au soutien du Fonds sp\u00e9cial. Du c\u00f4t\u00e9 d&rsquo;Air Alg\u00e9rie Cargo, son directeur g\u00e9n\u00e9ral Redouane Aouf a mis en avant l&rsquo;engagement de l&rsquo;\u00c9tat dans cette d\u00e9marche : \u00ab Ces nouvelles facilit\u00e9s refl\u00e8tent l&rsquo;engagement de l&rsquo;\u00c9tat alg\u00e9rien \u00e0 soutenir l&rsquo;\u00e9conomie nationale et \u00e0 renforcer la comp\u00e9titivit\u00e9 des produits alg\u00e9riens sur les march\u00e9s internationaux \u00bb. Il a \u00e9galement soulign\u00e9 une tendance encourageante, indiquant que \u00ab la compagnie re\u00e7oit un nombre croissant de demandes d&rsquo;exportation par transport a\u00e9rien, face \u00e0 l&rsquo;augmentation de la demande pour les produits nationaux sur diff\u00e9rents march\u00e9s internationaux, en raison de leur qualit\u00e9 reconnue \u00bb. Cette op\u00e9ration s&rsquo;inscrit dans un cadre plus large, celui du Fonds de promotion des exportations, r\u00e9activ\u00e9 en mai 2024 gr\u00e2ce aux dispositions de la Loi de finances 2024. Ce fonds ne se limite pas \u00e0 la prise en charge partielle des co\u00fbts de transport. Il englobe \u00e9galement le soutien aux \u00e9tudes de march\u00e9s ext\u00e9rieurs, la participation aux foires et expositions internationales, l&rsquo;aide \u00e0 l&rsquo;implantation commerciale \u00e0 l&rsquo;\u00e9tranger, et le d\u00e9veloppement des outils de promotion num\u00e9rique. Les perspectives semblent prometteuses, avec plusieurs op\u00e9rations similaires pr\u00e9vues \u00ab dans les prochains jours \u00bb selon M. Derradji, notamment vers des pays europ\u00e9ens et le Qatar. Cette premi\u00e8re exp\u00e9rience r\u00e9ussie d\u00e9montre la volont\u00e9 de l&rsquo;Alg\u00e9rie de diversifier son \u00e9conomie et de renforcer sa pr\u00e9sence sur les march\u00e9s internationaux, en s&rsquo;appuyant sur des mesures concr\u00e8tes de soutien aux exportateurs. Cette initiative s&rsquo;inscrit dans une strat\u00e9gie globale visant \u00e0 dynamiser les exportations hors hydrocarbures, un objectif crucial pour la diversification de l&rsquo;\u00e9conomie alg\u00e9rienne. L\u2019objectif des pouvoirs publics et de porter la valeur des exportations hors-hydrocarbures \u00e0 pr\u00e8s de 30 milliards de dollars \u00e0 l\u2019horizon 2030.<\/p>\n\n\n\n<p>Sabrina Aziouez<\/p>\n","protected":false},"excerpt":{"rendered":"<p>Dans le cadre de la politique de promotion des exportations hors-hydrocarbures et gr\u00e2ce \u00e0 l\u2019activation effective du Fonds sp\u00e9cial de<\/p>\n","protected":false},"author":6,"featured_media":56316,"comment_status":"open","ping_status":"closed","sticky":false,"template":"","format":"standard","meta":{"colormag_page_container_layout":"default_layout","colormag_page_sidebar_layout":"default_layout","om_disable_all_campaigns":false,"_monsterinsights_skip_tracking":false,"_monsterinsights_sitenote_active":false,"_monsterinsights_sitenote_note":"","_monsterinsights_sitenote_category":0,"footnotes":"","_wpscppro_dont_share_socialmedia":false,"_wpscppro_custom_social_share_image":0,"_facebook_share_type":"default","_twitter_share_type":"default","_linkedin_share_type":"default","_pinterest_share_type":"default","_linkedin_share_type_page":"","_instagram_share_type":"default","_medium_share_type":"default","_threads_share_type":"","_google_business_share_type":"","_selected_social_profile":[],"_wpsp_enable_custom_social_template":false,"_wpsp_social_scheduling":{"enabled":false,"datetime":null,"platforms":[],"status":"template_only","dateOption":"today","timeOption":"now","customDays":"","customHours":"","customDate":"","customTime":"","schedulingType":"absolute"},"_wpsp_active_default_template":true},"categories":[29],"tags":[],"class_list":["post-61379","post","type-post","status-publish","format-standard","has-post-thumbnail","hentry","category-economie"],"aioseo_notices":[],"yoast_head":"<!-- This site is optimized with the Yoast SEO plugin v27.5 - https:\/\/yoast.com\/product\/yoast-seo-wordpress\/ -->\n<title>Exportations : La r\u00e9duction de 50% des co\u00fbts de fret effective - La Sentinelle<\/title>\n<meta name=\"robots\" content=\"index, follow, max-snippet:-1, max-image-preview:large, max-video-preview:-1\" \/>\n<link rel=\"canonical\" href=\"https:\/\/lasentinelle.dz\/index.php\/2025\/01\/07\/exportations-la-reduction-de-50-des-couts-de-fret-effective\/\" \/>\n<meta property=\"og:locale\" content=\"fr_FR\" \/>\n<meta property=\"og:type\" content=\"article\" \/>\n<meta property=\"og:title\" content=\"Exportations : La r\u00e9duction de 50% des co\u00fbts de fret effective - La Sentinelle\" \/>\n<meta property=\"og:description\" content=\"Dans le cadre de la politique de promotion des exportations hors-hydrocarbures et gr\u00e2ce \u00e0 l\u2019activation effective du Fonds sp\u00e9cial de\" \/>\n<meta property=\"og:url\" content=\"https:\/\/lasentinelle.dz\/index.php\/2025\/01\/07\/exportations-la-reduction-de-50-des-couts-de-fret-effective\/\" \/>\n<meta property=\"og:site_name\" content=\"La Sentinelle\" \/>\n<meta property=\"article:publisher\" content=\"https:\/\/www.facebook.com\/La-Sentinelle-104059864394773\" \/>\n<meta property=\"article:published_time\" content=\"2025-01-07T11:10:08+00:00\" \/>\n<meta property=\"article:modified_time\" content=\"2025-01-07T11:10:09+00:00\" \/>\n<meta property=\"og:image\" content=\"https:\/\/lasentinelle.dz\/wp-content\/uploads\/2024\/08\/Port-scaled.jpg\" \/>\n\t<meta property=\"og:image:width\" content=\"2560\" \/>\n\t<meta property=\"og:image:height\" content=\"1700\" \/>\n\t<meta property=\"og:image:type\" content=\"image\/jpeg\" \/>\n<meta name=\"author\" content=\"admin\" \/>\n<meta name=\"twitter:card\" content=\"summary_large_image\" \/>\n<meta name=\"twitter:label1\" content=\"\u00c9crit par\" \/>\n\t<meta name=\"twitter:data1\" content=\"admin\" \/>\n\t<meta name=\"twitter:label2\" content=\"Dur\u00e9e de lecture estim\u00e9e\" \/>\n\t<meta name=\"twitter:data2\" content=\"4 minutes\" \/>\n<script type=\"application\/ld+json\" class=\"yoast-schema-graph\">{\"@context\":\"https:\\\/\\\/schema.org\",\"@graph\":[{\"@type\":\"Article\",\"@id\":\"https:\\\/\\\/lasentinelle.dz\\\/index.php\\\/2025\\\/01\\\/07\\\/exportations-la-reduction-de-50-des-couts-de-fret-effective\\\/#article\",\"isPartOf\":{\"@id\":\"https:\\\/\\\/lasentinelle.dz\\\/index.php\\\/2025\\\/01\\\/07\\\/exportations-la-reduction-de-50-des-couts-de-fret-effective\\\/\"},\"author\":{\"name\":\"admin\",\"@id\":\"https:\\\/\\\/lasentinelle.dz\\\/#\\\/schema\\\/person\\\/729ee0024f24e0b8c5ec17232f8e8b41\"},\"headline\":\"Exportations : La r\u00e9duction de 50% des co\u00fbts de fret effective\",\"datePublished\":\"2025-01-07T11:10:08+00:00\",\"dateModified\":\"2025-01-07T11:10:09+00:00\",\"mainEntityOfPage\":{\"@id\":\"https:\\\/\\\/lasentinelle.dz\\\/index.php\\\/2025\\\/01\\\/07\\\/exportations-la-reduction-de-50-des-couts-de-fret-effective\\\/\"},\"wordCount\":684,\"commentCount\":0,\"publisher\":{\"@id\":\"https:\\\/\\\/lasentinelle.dz\\\/#organization\"},\"image\":{\"@id\":\"https:\\\/\\\/lasentinelle.dz\\\/index.php\\\/2025\\\/01\\\/07\\\/exportations-la-reduction-de-50-des-couts-de-fret-effective\\\/#primaryimage\"},\"thumbnailUrl\":\"https:\\\/\\\/lasentinelle.dz\\\/wp-content\\\/uploads\\\/2024\\\/08\\\/Port-scaled.jpg\",\"articleSection\":[\"\u00c9conomie\"],\"inLanguage\":\"fr-FR\",\"potentialAction\":[{\"@type\":\"CommentAction\",\"name\":\"Comment\",\"target\":[\"https:\\\/\\\/lasentinelle.dz\\\/index.php\\\/2025\\\/01\\\/07\\\/exportations-la-reduction-de-50-des-couts-de-fret-effective\\\/#respond\"]}]},{\"@type\":\"WebPage\",\"@id\":\"https:\\\/\\\/lasentinelle.dz\\\/index.php\\\/2025\\\/01\\\/07\\\/exportations-la-reduction-de-50-des-couts-de-fret-effective\\\/\",\"url\":\"https:\\\/\\\/lasentinelle.dz\\\/index.php\\\/2025\\\/01\\\/07\\\/exportations-la-reduction-de-50-des-couts-de-fret-effective\\\/\",\"name\":\"Exportations : La r\u00e9duction de 50% des co\u00fbts de fret effective - La Sentinelle\",\"isPartOf\":{\"@id\":\"https:\\\/\\\/lasentinelle.dz\\\/#website\"},\"primaryImageOfPage\":{\"@id\":\"https:\\\/\\\/lasentinelle.dz\\\/index.php\\\/2025\\\/01\\\/07\\\/exportations-la-reduction-de-50-des-couts-de-fret-effective\\\/#primaryimage\"},\"image\":{\"@id\":\"https:\\\/\\\/lasentinelle.dz\\\/index.php\\\/2025\\\/01\\\/07\\\/exportations-la-reduction-de-50-des-couts-de-fret-effective\\\/#primaryimage\"},\"thumbnailUrl\":\"https:\\\/\\\/lasentinelle.dz\\\/wp-content\\\/uploads\\\/2024\\\/08\\\/Port-scaled.jpg\",\"datePublished\":\"2025-01-07T11:10:08+00:00\",\"dateModified\":\"2025-01-07T11:10:09+00:00\",\"breadcrumb\":{\"@id\":\"https:\\\/\\\/lasentinelle.dz\\\/index.php\\\/2025\\\/01\\\/07\\\/exportations-la-reduction-de-50-des-couts-de-fret-effective\\\/#breadcrumb\"},\"inLanguage\":\"fr-FR\",\"potentialAction\":[{\"@type\":\"ReadAction\",\"target\":[\"https:\\\/\\\/lasentinelle.dz\\\/index.php\\\/2025\\\/01\\\/07\\\/exportations-la-reduction-de-50-des-couts-de-fret-effective\\\/\"]}]},{\"@type\":\"ImageObject\",\"inLanguage\":\"fr-FR\",\"@id\":\"https:\\\/\\\/lasentinelle.dz\\\/index.php\\\/2025\\\/01\\\/07\\\/exportations-la-reduction-de-50-des-couts-de-fret-effective\\\/#primaryimage\",\"url\":\"https:\\\/\\\/lasentinelle.dz\\\/wp-content\\\/uploads\\\/2024\\\/08\\\/Port-scaled.jpg\",\"contentUrl\":\"https:\\\/\\\/lasentinelle.dz\\\/wp-content\\\/uploads\\\/2024\\\/08\\\/Port-scaled.jpg\",\"width\":2560,\"height\":1700},{\"@type\":\"BreadcrumbList\",\"@id\":\"https:\\\/\\\/lasentinelle.dz\\\/index.php\\\/2025\\\/01\\\/07\\\/exportations-la-reduction-de-50-des-couts-de-fret-effective\\\/#breadcrumb\",\"itemListElement\":[{\"@type\":\"ListItem\",\"position\":1,\"name\":\"Accueil\",\"item\":\"https:\\\/\\\/lasentinelle.dz\\\/\"},{\"@type\":\"ListItem\",\"position\":2,\"name\":\"Exportations : La r\u00e9duction de 50% des co\u00fbts de fret effective\"}]},{\"@type\":\"WebSite\",\"@id\":\"https:\\\/\\\/lasentinelle.dz\\\/#website\",\"url\":\"https:\\\/\\\/lasentinelle.dz\\\/\",\"name\":\"La Sentinelle\",\"description\":\"Quotidien national d&#039;information\",\"publisher\":{\"@id\":\"https:\\\/\\\/lasentinelle.dz\\\/#organization\"},\"potentialAction\":[{\"@type\":\"SearchAction\",\"target\":{\"@type\":\"EntryPoint\",\"urlTemplate\":\"https:\\\/\\\/lasentinelle.dz\\\/?s={search_term_string}\"},\"query-input\":{\"@type\":\"PropertyValueSpecification\",\"valueRequired\":true,\"valueName\":\"search_term_string\"}}],\"inLanguage\":\"fr-FR\"},{\"@type\":\"Organization\",\"@id\":\"https:\\\/\\\/lasentinelle.dz\\\/#organization\",\"name\":\"Quotidien La Sentinelle\",\"url\":\"https:\\\/\\\/lasentinelle.dz\\\/\",\"logo\":{\"@type\":\"ImageObject\",\"inLanguage\":\"fr-FR\",\"@id\":\"https:\\\/\\\/lasentinelle.dz\\\/#\\\/schema\\\/logo\\\/image\\\/\",\"url\":\"https:\\\/\\\/lasentinelle.dz\\\/wp-content\\\/uploads\\\/2021\\\/09\\\/logo-sentinelleSLOGAN-1.png\",\"contentUrl\":\"https:\\\/\\\/lasentinelle.dz\\\/wp-content\\\/uploads\\\/2021\\\/09\\\/logo-sentinelleSLOGAN-1.png\",\"width\":615,\"height\":142,\"caption\":\"Quotidien La Sentinelle\"},\"image\":{\"@id\":\"https:\\\/\\\/lasentinelle.dz\\\/#\\\/schema\\\/logo\\\/image\\\/\"},\"sameAs\":[\"https:\\\/\\\/www.facebook.com\\\/La-Sentinelle-104059864394773\"]},{\"@type\":\"Person\",\"@id\":\"https:\\\/\\\/lasentinelle.dz\\\/#\\\/schema\\\/person\\\/729ee0024f24e0b8c5ec17232f8e8b41\",\"name\":\"admin\",\"image\":{\"@type\":\"ImageObject\",\"inLanguage\":\"fr-FR\",\"@id\":\"https:\\\/\\\/secure.gravatar.com\\\/avatar\\\/4c81fed838786e9b53f540bf46533e750f5d292099ae3b66cfc6fb1982e29df7?s=96&d=mm&r=g\",\"url\":\"https:\\\/\\\/secure.gravatar.com\\\/avatar\\\/4c81fed838786e9b53f540bf46533e750f5d292099ae3b66cfc6fb1982e29df7?s=96&d=mm&r=g\",\"contentUrl\":\"https:\\\/\\\/secure.gravatar.com\\\/avatar\\\/4c81fed838786e9b53f540bf46533e750f5d292099ae3b66cfc6fb1982e29df7?s=96&d=mm&r=g\",\"caption\":\"admin\"},\"description\":\"admin\",\"url\":\"https:\\\/\\\/lasentinelle.dz\\\/author\\\/admin\\\/\"}]}<\/script>\n<!-- \/ Yoast SEO plugin. -->","yoast_head_json":{"title":"Exportations : La r\u00e9duction de 50% des co\u00fbts de fret effective - La Sentinelle","robots":{"index":"index","follow":"follow","max-snippet":"max-snippet:-1","max-image-preview":"max-image-preview:large","max-video-preview":"max-video-preview:-1"},"canonical":"https:\/\/lasentinelle.dz\/index.php\/2025\/01\/07\/exportations-la-reduction-de-50-des-couts-de-fret-effective\/","og_locale":"fr_FR","og_type":"article","og_title":"Exportations : La r\u00e9duction de 50% des co\u00fbts de fret effective - La Sentinelle","og_description":"Dans le cadre de la politique de promotion des exportations hors-hydrocarbures et gr\u00e2ce \u00e0 l\u2019activation effective du Fonds sp\u00e9cial de","og_url":"https:\/\/lasentinelle.dz\/index.php\/2025\/01\/07\/exportations-la-reduction-de-50-des-couts-de-fret-effective\/","og_site_name":"La Sentinelle","article_publisher":"https:\/\/www.facebook.com\/La-Sentinelle-104059864394773","article_published_time":"2025-01-07T11:10:08+00:00","article_modified_time":"2025-01-07T11:10:09+00:00","og_image":[{"width":2560,"height":1700,"url":"https:\/\/lasentinelle.dz\/wp-content\/uploads\/2024\/08\/Port-scaled.jpg","type":"image\/jpeg"}],"author":"admin","twitter_card":"summary_large_image","twitter_misc":{"\u00c9crit par":"admin","Dur\u00e9e de lecture estim\u00e9e":"4 minutes"},"schema":{"@context":"https:\/\/schema.org","@graph":[{"@type":"Article","@id":"https:\/\/lasentinelle.dz\/index.php\/2025\/01\/07\/exportations-la-reduction-de-50-des-couts-de-fret-effective\/#article","isPartOf":{"@id":"https:\/\/lasentinelle.dz\/index.php\/2025\/01\/07\/exportations-la-reduction-de-50-des-couts-de-fret-effective\/"},"author":{"name":"admin","@id":"https:\/\/lasentinelle.dz\/#\/schema\/person\/729ee0024f24e0b8c5ec17232f8e8b41"},"headline":"Exportations : La r\u00e9duction de 50% des co\u00fbts de fret effective","datePublished":"2025-01-07T11:10:08+00:00","dateModified":"2025-01-07T11:10:09+00:00","mainEntityOfPage":{"@id":"https:\/\/lasentinelle.dz\/index.php\/2025\/01\/07\/exportations-la-reduction-de-50-des-couts-de-fret-effective\/"},"wordCount":684,"commentCount":0,"publisher":{"@id":"https:\/\/lasentinelle.dz\/#organization"},"image":{"@id":"https:\/\/lasentinelle.dz\/index.php\/2025\/01\/07\/exportations-la-reduction-de-50-des-couts-de-fret-effective\/#primaryimage"},"thumbnailUrl":"https:\/\/lasentinelle.dz\/wp-content\/uploads\/2024\/08\/Port-scaled.jpg","articleSection":["\u00c9conomie"],"inLanguage":"fr-FR","potentialAction":[{"@type":"CommentAction","name":"Comment","target":["https:\/\/lasentinelle.dz\/index.php\/2025\/01\/07\/exportations-la-reduction-de-50-des-couts-de-fret-effective\/#respond"]}]},{"@type":"WebPage","@id":"https:\/\/lasentinelle.dz\/index.php\/2025\/01\/07\/exportations-la-reduction-de-50-des-couts-de-fret-effective\/","url":"https:\/\/lasentinelle.dz\/index.php\/2025\/01\/07\/exportations-la-reduction-de-50-des-couts-de-fret-effective\/","name":"Exportations : La r\u00e9duction de 50% des co\u00fbts de fret effective - La Sentinelle","isPartOf":{"@id":"https:\/\/lasentinelle.dz\/#website"},"primaryImageOfPage":{"@id":"https:\/\/lasentinelle.dz\/index.php\/2025\/01\/07\/exportations-la-reduction-de-50-des-couts-de-fret-effective\/#primaryimage"},"image":{"@id":"https:\/\/lasentinelle.dz\/index.php\/2025\/01\/07\/exportations-la-reduction-de-50-des-couts-de-fret-effective\/#primaryimage"},"thumbnailUrl":"https:\/\/lasentinelle.dz\/wp-content\/uploads\/2024\/08\/Port-scaled.jpg","datePublished":"2025-01-07T11:10:08+00:00","dateModified":"2025-01-07T11:10:09+00:00","breadcrumb":{"@id":"https:\/\/lasentinelle.dz\/index.php\/2025\/01\/07\/exportations-la-reduction-de-50-des-couts-de-fret-effective\/#breadcrumb"},"inLanguage":"fr-FR","potentialAction":[{"@type":"ReadAction","target":["https:\/\/lasentinelle.dz\/index.php\/2025\/01\/07\/exportations-la-reduction-de-50-des-couts-de-fret-effective\/"]}]},{"@type":"ImageObject","inLanguage":"fr-FR","@id":"https:\/\/lasentinelle.dz\/index.php\/2025\/01\/07\/exportations-la-reduction-de-50-des-couts-de-fret-effective\/#primaryimage","url":"https:\/\/lasentinelle.dz\/wp-content\/uploads\/2024\/08\/Port-scaled.jpg","contentUrl":"https:\/\/lasentinelle.dz\/wp-content\/uploads\/2024\/08\/Port-scaled.jpg","width":2560,"height":1700},{"@type":"BreadcrumbList","@id":"https:\/\/lasentinelle.dz\/index.php\/2025\/01\/07\/exportations-la-reduction-de-50-des-couts-de-fret-effective\/#breadcrumb","itemListElement":[{"@type":"ListItem","position":1,"name":"Accueil","item":"https:\/\/lasentinelle.dz\/"},{"@type":"ListItem","position":2,"name":"Exportations : La r\u00e9duction de 50% des co\u00fbts de fret effective"}]},{"@type":"WebSite","@id":"https:\/\/lasentinelle.dz\/#website","url":"https:\/\/lasentinelle.dz\/","name":"La Sentinelle","description":"Quotidien national d&#039;information","publisher":{"@id":"https:\/\/lasentinelle.dz\/#organization"},"potentialAction":[{"@type":"SearchAction","target":{"@type":"EntryPoint","urlTemplate":"https:\/\/lasentinelle.dz\/?s={search_term_string}"},"query-input":{"@type":"PropertyValueSpecification","valueRequired":true,"valueName":"search_term_string"}}],"inLanguage":"fr-FR"},{"@type":"Organization","@id":"https:\/\/lasentinelle.dz\/#organization","name":"Quotidien La Sentinelle","url":"https:\/\/lasentinelle.dz\/","logo":{"@type":"ImageObject","inLanguage":"fr-FR","@id":"https:\/\/lasentinelle.dz\/#\/schema\/logo\/image\/","url":"https:\/\/lasentinelle.dz\/wp-content\/uploads\/2021\/09\/logo-sentinelleSLOGAN-1.png","contentUrl":"https:\/\/lasentinelle.dz\/wp-content\/uploads\/2021\/09\/logo-sentinelleSLOGAN-1.png","width":615,"height":142,"caption":"Quotidien La Sentinelle"},"image":{"@id":"https:\/\/lasentinelle.dz\/#\/schema\/logo\/image\/"},"sameAs":["https:\/\/www.facebook.com\/La-Sentinelle-104059864394773"]},{"@type":"Person","@id":"https:\/\/lasentinelle.dz\/#\/schema\/person\/729ee0024f24e0b8c5ec17232f8e8b41","name":"admin","image":{"@type":"ImageObject","inLanguage":"fr-FR","@id":"https:\/\/secure.gravatar.com\/avatar\/4c81fed838786e9b53f540bf46533e750f5d292099ae3b66cfc6fb1982e29df7?s=96&d=mm&r=g","url":"https:\/\/secure.gravatar.com\/avatar\/4c81fed838786e9b53f540bf46533e750f5d292099ae3b66cfc6fb1982e29df7?s=96&d=mm&r=g","contentUrl":"https:\/\/secure.gravatar.com\/avatar\/4c81fed838786e9b53f540bf46533e750f5d292099ae3b66cfc6fb1982e29df7?s=96&d=mm&r=g","caption":"admin"},"description":"admin","url":"https:\/\/lasentinelle.dz\/author\/admin\/"}]}},"_links":{"self":[{"href":"https:\/\/lasentinelle.dz\/index.php\/wp-json\/wp\/v2\/posts\/61379","targetHints":{"allow":["GET"]}}],"collection":[{"href":"https:\/\/lasentinelle.dz\/index.php\/wp-json\/wp\/v2\/posts"}],"about":[{"href":"https:\/\/lasentinelle.dz\/index.php\/wp-json\/wp\/v2\/types\/post"}],"author":[{"embeddable":true,"href":"https:\/\/lasentinelle.dz\/index.php\/wp-json\/wp\/v2\/users\/6"}],"replies":[{"embeddable":true,"href":"https:\/\/lasentinelle.dz\/index.php\/wp-json\/wp\/v2\/comments?post=61379"}],"version-history":[{"count":1,"href":"https:\/\/lasentinelle.dz\/index.php\/wp-json\/wp\/v2\/posts\/61379\/revisions"}],"predecessor-version":[{"id":61380,"href":"https:\/\/lasentinelle.dz\/index.php\/wp-json\/wp\/v2\/posts\/61379\/revisions\/61380"}],"wp:featuredmedia":[{"embeddable":true,"href":"https:\/\/lasentinelle.dz\/index.php\/wp-json\/wp\/v2\/media\/56316"}],"wp:attachment":[{"href":"https:\/\/lasentinelle.dz\/index.php\/wp-json\/wp\/v2\/media?parent=61379"}],"wp:term":[{"taxonomy":"category","embeddable":true,"href":"https:\/\/lasentinelle.dz\/index.php\/wp-json\/wp\/v2\/categories?post=61379"},{"taxonomy":"post_tag","embeddable":true,"href":"https:\/\/lasentinelle.dz\/index.php\/wp-json\/wp\/v2\/tags?post=61379"}],"curies":[{"name":"wp","href":"https:\/\/api.w.org\/{rel}","templated":true}]}}