{"id":61406,"date":"2025-01-08T12:02:18","date_gmt":"2025-01-08T11:02:18","guid":{"rendered":"https:\/\/lasentinelle.dz\/?p=61406"},"modified":"2025-01-08T12:02:18","modified_gmt":"2025-01-08T11:02:18","slug":"coupe-dalgerie-qualification-in-extremis-de-lus-biskra-aux-16es-de-finale","status":"publish","type":"post","link":"https:\/\/lasentinelle.dz\/index.php\/2025\/01\/08\/coupe-dalgerie-qualification-in-extremis-de-lus-biskra-aux-16es-de-finale\/","title":{"rendered":"Coupe d&rsquo;Alg\u00e9rie: Qualification in extremis de l&rsquo;US Biskra aux 16es de finale"},"content":{"rendered":"\n<p>Les 32es de finale de la Coupe d&rsquo;Alg\u00e9rie ont \u00e9t\u00e9 marqu\u00e9es lundi par la qualification in extremis de l&rsquo;US Biskra face au SC Mecheria. Les Biskris ont d\u00fb attendre les derni\u00e8res secondes du match pour arracher leur billet pour les 16es de finale gr\u00e2ce \u00e0 un but salvateur de Bourahla \u00e0 la 90e minute. Cette victoire \u00e9triqu\u00e9e (1-0) permet aux pensionnaires de la Ligue 1 de poursuivre leur aventure dans la comp\u00e9tition o\u00f9 ils affronteront un autre club de Ligue 2, l&rsquo;ESM Kol\u00e9a, qui s&rsquo;est qualifi\u00e9e en \u00e9liminant l&rsquo;IRB Nezla apr\u00e8s prolongation. La journ\u00e9e a \u00e9galement vu le Paradou AC, actuel dauphin du championnat de Ligue 1, valider son ticket pour le prochain tour aux d\u00e9pens du CRB Sendjas (R\u00e9gionale 2) sur le score de 3 buts \u00e0 1. Pourtant, ce sont les modestes joueurs de Sendjas qui ont ouvert le score par Houriba (14e), avant que les Pacistes n&rsquo;\u00e9galisent par Taha (27e) puis ne fassent la diff\u00e9rence gr\u00e2ce \u00e0 un doubl\u00e9 d&rsquo;Ait Abdeslem (57e, 90e+4). Le PAC retrouvera en 16e de finale la JS Ha\u00ef Djabel, formation de division Inter-r\u00e9gions qui a \u00e9limin\u00e9 l&rsquo;ORB Oued Fodda. Cette journ\u00e9e a \u00e9galement \u00e9t\u00e9 marqu\u00e9e par l&rsquo;\u00e9limination pr\u00e9matur\u00e9e de tous les clubs de la wilaya de Chlef, un fait rare dans l&rsquo;histoire de la comp\u00e9tition. L&rsquo;ASO Chlef, pourtant en forme en championnat de Ligue 1 et double vainqueur de l&rsquo;\u00e9preuve (2005 et 2023), a \u00e9t\u00e9 surprise par l&rsquo;IRB El Kerma (Inter-r\u00e9gions) sur le score de 2-1 au stade Ahmed-Zabana d&rsquo;Oran. Les deux autres repr\u00e9sentants de la wilaya, l&rsquo;ORB Oued Fodda et le CRB Sendjas, ont \u00e9galement quitt\u00e9 la comp\u00e9tition, laissant la r\u00e9gion sans repr\u00e9sentant pour la suite de l&rsquo;\u00e9preuve. \u00c0 ce stade de la comp\u00e9tition, 29 clubs ont d\u00e9j\u00e0 valid\u00e9 leur billet pour les 16es de finale, dont 10 clubs de Ligue 1, 8 de Ligue 2, 10 de l&rsquo;Inter-R\u00e9gions et un club de la R\u00e9gionale 1. Les rencontres des 32es de finale se poursuivront jusqu&rsquo;au 25 janvier, date du dernier match qui opposera l&rsquo;Olympique Akbou au CS Constantine dans un duel entre pensionnaires de Ligue 1.<\/p>\n\n\n\n<p><strong>R.S.<\/strong><\/p>\n","protected":false},"excerpt":{"rendered":"<p>Les 32es de finale de la Coupe d&rsquo;Alg\u00e9rie ont \u00e9t\u00e9 marqu\u00e9es lundi par la qualification in extremis de l&rsquo;US Biskra<\/p>\n","protected":false},"author":6,"featured_media":61116,"comment_status":"open","ping_status":"closed","sticky":false,"template":"","format":"standard","meta":{"colormag_page_container_layout":"default_layout","colormag_page_sidebar_layout":"default_layout","om_disable_all_campaigns":false,"_monsterinsights_skip_tracking":false,"_monsterinsights_sitenote_active":false,"_monsterinsights_sitenote_note":"","_monsterinsights_sitenote_category":0,"footnotes":"","_wpscppro_dont_share_socialmedia":false,"_wpscppro_custom_social_share_image":0,"_facebook_share_type":"default","_twitter_share_type":"default","_linkedin_share_type":"default","_pinterest_share_type":"default","_linkedin_share_type_page":"","_instagram_share_type":"default","_medium_share_type":"default","_threads_share_type":"","_google_business_share_type":"","_selected_social_profile":[],"_wpsp_enable_custom_social_template":false,"_wpsp_social_scheduling":{"enabled":false,"datetime":null,"platforms":[],"status":"template_only","dateOption":"today","timeOption":"now","customDays":"","customHours":"","customDate":"","customTime":"","schedulingType":"absolute"},"_wpsp_active_default_template":true},"categories":[33],"tags":[],"class_list":["post-61406","post","type-post","status-publish","format-standard","has-post-thumbnail","hentry","category-sports"],"aioseo_notices":[],"yoast_head":"<!-- This site is optimized with the Yoast SEO plugin v27.5 - https:\/\/yoast.com\/product\/yoast-seo-wordpress\/ -->\n<title>Coupe d&rsquo;Alg\u00e9rie: Qualification in extremis de l&rsquo;US Biskra aux 16es de finale - La Sentinelle<\/title>\n<meta name=\"robots\" content=\"index, follow, max-snippet:-1, max-image-preview:large, max-video-preview:-1\" \/>\n<link rel=\"canonical\" href=\"https:\/\/lasentinelle.dz\/index.php\/2025\/01\/08\/coupe-dalgerie-qualification-in-extremis-de-lus-biskra-aux-16es-de-finale\/\" \/>\n<meta property=\"og:locale\" content=\"fr_FR\" \/>\n<meta property=\"og:type\" content=\"article\" \/>\n<meta property=\"og:title\" content=\"Coupe d&rsquo;Alg\u00e9rie: Qualification in extremis de l&rsquo;US Biskra aux 16es de finale - La Sentinelle\" \/>\n<meta property=\"og:description\" content=\"Les 32es de finale de la Coupe d&rsquo;Alg\u00e9rie ont \u00e9t\u00e9 marqu\u00e9es lundi par la qualification in extremis de l&rsquo;US Biskra\" \/>\n<meta property=\"og:url\" content=\"https:\/\/lasentinelle.dz\/index.php\/2025\/01\/08\/coupe-dalgerie-qualification-in-extremis-de-lus-biskra-aux-16es-de-finale\/\" \/>\n<meta property=\"og:site_name\" content=\"La Sentinelle\" \/>\n<meta property=\"article:publisher\" content=\"https:\/\/www.facebook.com\/La-Sentinelle-104059864394773\" \/>\n<meta property=\"article:published_time\" content=\"2025-01-08T11:02:18+00:00\" \/>\n<meta property=\"og:image\" content=\"https:\/\/lasentinelle.dz\/wp-content\/uploads\/2024\/12\/coupe-dalgerie.png\" \/>\n\t<meta property=\"og:image:width\" content=\"660\" \/>\n\t<meta property=\"og:image:height\" content=\"378\" \/>\n\t<meta property=\"og:image:type\" content=\"image\/png\" \/>\n<meta name=\"author\" content=\"admin\" \/>\n<meta name=\"twitter:card\" content=\"summary_large_image\" \/>\n<meta name=\"twitter:label1\" content=\"\u00c9crit par\" \/>\n\t<meta name=\"twitter:data1\" content=\"admin\" \/>\n\t<meta name=\"twitter:label2\" content=\"Dur\u00e9e de lecture estim\u00e9e\" \/>\n\t<meta name=\"twitter:data2\" content=\"2 minutes\" \/>\n<script type=\"application\/ld+json\" class=\"yoast-schema-graph\">{\"@context\":\"https:\\\/\\\/schema.org\",\"@graph\":[{\"@type\":\"Article\",\"@id\":\"https:\\\/\\\/lasentinelle.dz\\\/index.php\\\/2025\\\/01\\\/08\\\/coupe-dalgerie-qualification-in-extremis-de-lus-biskra-aux-16es-de-finale\\\/#article\",\"isPartOf\":{\"@id\":\"https:\\\/\\\/lasentinelle.dz\\\/index.php\\\/2025\\\/01\\\/08\\\/coupe-dalgerie-qualification-in-extremis-de-lus-biskra-aux-16es-de-finale\\\/\"},\"author\":{\"name\":\"admin\",\"@id\":\"https:\\\/\\\/lasentinelle.dz\\\/#\\\/schema\\\/person\\\/729ee0024f24e0b8c5ec17232f8e8b41\"},\"headline\":\"Coupe d&rsquo;Alg\u00e9rie: Qualification in extremis de l&rsquo;US Biskra aux 16es de finale\",\"datePublished\":\"2025-01-08T11:02:18+00:00\",\"mainEntityOfPage\":{\"@id\":\"https:\\\/\\\/lasentinelle.dz\\\/index.php\\\/2025\\\/01\\\/08\\\/coupe-dalgerie-qualification-in-extremis-de-lus-biskra-aux-16es-de-finale\\\/\"},\"wordCount\":389,\"commentCount\":0,\"publisher\":{\"@id\":\"https:\\\/\\\/lasentinelle.dz\\\/#organization\"},\"image\":{\"@id\":\"https:\\\/\\\/lasentinelle.dz\\\/index.php\\\/2025\\\/01\\\/08\\\/coupe-dalgerie-qualification-in-extremis-de-lus-biskra-aux-16es-de-finale\\\/#primaryimage\"},\"thumbnailUrl\":\"https:\\\/\\\/lasentinelle.dz\\\/wp-content\\\/uploads\\\/2024\\\/12\\\/coupe-dalgerie.png\",\"articleSection\":[\"Sports\"],\"inLanguage\":\"fr-FR\",\"potentialAction\":[{\"@type\":\"CommentAction\",\"name\":\"Comment\",\"target\":[\"https:\\\/\\\/lasentinelle.dz\\\/index.php\\\/2025\\\/01\\\/08\\\/coupe-dalgerie-qualification-in-extremis-de-lus-biskra-aux-16es-de-finale\\\/#respond\"]}]},{\"@type\":\"WebPage\",\"@id\":\"https:\\\/\\\/lasentinelle.dz\\\/index.php\\\/2025\\\/01\\\/08\\\/coupe-dalgerie-qualification-in-extremis-de-lus-biskra-aux-16es-de-finale\\\/\",\"url\":\"https:\\\/\\\/lasentinelle.dz\\\/index.php\\\/2025\\\/01\\\/08\\\/coupe-dalgerie-qualification-in-extremis-de-lus-biskra-aux-16es-de-finale\\\/\",\"name\":\"Coupe d&rsquo;Alg\u00e9rie: Qualification in extremis de l&rsquo;US Biskra aux 16es de finale - La Sentinelle\",\"isPartOf\":{\"@id\":\"https:\\\/\\\/lasentinelle.dz\\\/#website\"},\"primaryImageOfPage\":{\"@id\":\"https:\\\/\\\/lasentinelle.dz\\\/index.php\\\/2025\\\/01\\\/08\\\/coupe-dalgerie-qualification-in-extremis-de-lus-biskra-aux-16es-de-finale\\\/#primaryimage\"},\"image\":{\"@id\":\"https:\\\/\\\/lasentinelle.dz\\\/index.php\\\/2025\\\/01\\\/08\\\/coupe-dalgerie-qualification-in-extremis-de-lus-biskra-aux-16es-de-finale\\\/#primaryimage\"},\"thumbnailUrl\":\"https:\\\/\\\/lasentinelle.dz\\\/wp-content\\\/uploads\\\/2024\\\/12\\\/coupe-dalgerie.png\",\"datePublished\":\"2025-01-08T11:02:18+00:00\",\"breadcrumb\":{\"@id\":\"https:\\\/\\\/lasentinelle.dz\\\/index.php\\\/2025\\\/01\\\/08\\\/coupe-dalgerie-qualification-in-extremis-de-lus-biskra-aux-16es-de-finale\\\/#breadcrumb\"},\"inLanguage\":\"fr-FR\",\"potentialAction\":[{\"@type\":\"ReadAction\",\"target\":[\"https:\\\/\\\/lasentinelle.dz\\\/index.php\\\/2025\\\/01\\\/08\\\/coupe-dalgerie-qualification-in-extremis-de-lus-biskra-aux-16es-de-finale\\\/\"]}]},{\"@type\":\"ImageObject\",\"inLanguage\":\"fr-FR\",\"@id\":\"https:\\\/\\\/lasentinelle.dz\\\/index.php\\\/2025\\\/01\\\/08\\\/coupe-dalgerie-qualification-in-extremis-de-lus-biskra-aux-16es-de-finale\\\/#primaryimage\",\"url\":\"https:\\\/\\\/lasentinelle.dz\\\/wp-content\\\/uploads\\\/2024\\\/12\\\/coupe-dalgerie.png\",\"contentUrl\":\"https:\\\/\\\/lasentinelle.dz\\\/wp-content\\\/uploads\\\/2024\\\/12\\\/coupe-dalgerie.png\",\"width\":660,\"height\":378},{\"@type\":\"BreadcrumbList\",\"@id\":\"https:\\\/\\\/lasentinelle.dz\\\/index.php\\\/2025\\\/01\\\/08\\\/coupe-dalgerie-qualification-in-extremis-de-lus-biskra-aux-16es-de-finale\\\/#breadcrumb\",\"itemListElement\":[{\"@type\":\"ListItem\",\"position\":1,\"name\":\"Accueil\",\"item\":\"https:\\\/\\\/lasentinelle.dz\\\/\"},{\"@type\":\"ListItem\",\"position\":2,\"name\":\"Coupe d&rsquo;Alg\u00e9rie: Qualification in extremis de l&rsquo;US Biskra aux 16es de finale\"}]},{\"@type\":\"WebSite\",\"@id\":\"https:\\\/\\\/lasentinelle.dz\\\/#website\",\"url\":\"https:\\\/\\\/lasentinelle.dz\\\/\",\"name\":\"La Sentinelle\",\"description\":\"Quotidien national d&#039;information\",\"publisher\":{\"@id\":\"https:\\\/\\\/lasentinelle.dz\\\/#organization\"},\"potentialAction\":[{\"@type\":\"SearchAction\",\"target\":{\"@type\":\"EntryPoint\",\"urlTemplate\":\"https:\\\/\\\/lasentinelle.dz\\\/?s={search_term_string}\"},\"query-input\":{\"@type\":\"PropertyValueSpecification\",\"valueRequired\":true,\"valueName\":\"search_term_string\"}}],\"inLanguage\":\"fr-FR\"},{\"@type\":\"Organization\",\"@id\":\"https:\\\/\\\/lasentinelle.dz\\\/#organization\",\"name\":\"Quotidien La Sentinelle\",\"url\":\"https:\\\/\\\/lasentinelle.dz\\\/\",\"logo\":{\"@type\":\"ImageObject\",\"inLanguage\":\"fr-FR\",\"@id\":\"https:\\\/\\\/lasentinelle.dz\\\/#\\\/schema\\\/logo\\\/image\\\/\",\"url\":\"https:\\\/\\\/lasentinelle.dz\\\/wp-content\\\/uploads\\\/2021\\\/09\\\/logo-sentinelleSLOGAN-1.png\",\"contentUrl\":\"https:\\\/\\\/lasentinelle.dz\\\/wp-content\\\/uploads\\\/2021\\\/09\\\/logo-sentinelleSLOGAN-1.png\",\"width\":615,\"height\":142,\"caption\":\"Quotidien La Sentinelle\"},\"image\":{\"@id\":\"https:\\\/\\\/lasentinelle.dz\\\/#\\\/schema\\\/logo\\\/image\\\/\"},\"sameAs\":[\"https:\\\/\\\/www.facebook.com\\\/La-Sentinelle-104059864394773\"]},{\"@type\":\"Person\",\"@id\":\"https:\\\/\\\/lasentinelle.dz\\\/#\\\/schema\\\/person\\\/729ee0024f24e0b8c5ec17232f8e8b41\",\"name\":\"admin\",\"image\":{\"@type\":\"ImageObject\",\"inLanguage\":\"fr-FR\",\"@id\":\"https:\\\/\\\/secure.gravatar.com\\\/avatar\\\/4c81fed838786e9b53f540bf46533e750f5d292099ae3b66cfc6fb1982e29df7?s=96&d=mm&r=g\",\"url\":\"https:\\\/\\\/secure.gravatar.com\\\/avatar\\\/4c81fed838786e9b53f540bf46533e750f5d292099ae3b66cfc6fb1982e29df7?s=96&d=mm&r=g\",\"contentUrl\":\"https:\\\/\\\/secure.gravatar.com\\\/avatar\\\/4c81fed838786e9b53f540bf46533e750f5d292099ae3b66cfc6fb1982e29df7?s=96&d=mm&r=g\",\"caption\":\"admin\"},\"description\":\"admin\",\"url\":\"https:\\\/\\\/lasentinelle.dz\\\/author\\\/admin\\\/\"}]}<\/script>\n<!-- \/ Yoast SEO plugin. -->","yoast_head_json":{"title":"Coupe d&rsquo;Alg\u00e9rie: Qualification in extremis de l&rsquo;US Biskra aux 16es de finale - La Sentinelle","robots":{"index":"index","follow":"follow","max-snippet":"max-snippet:-1","max-image-preview":"max-image-preview:large","max-video-preview":"max-video-preview:-1"},"canonical":"https:\/\/lasentinelle.dz\/index.php\/2025\/01\/08\/coupe-dalgerie-qualification-in-extremis-de-lus-biskra-aux-16es-de-finale\/","og_locale":"fr_FR","og_type":"article","og_title":"Coupe d&rsquo;Alg\u00e9rie: Qualification in extremis de l&rsquo;US Biskra aux 16es de finale - La Sentinelle","og_description":"Les 32es de finale de la Coupe d&rsquo;Alg\u00e9rie ont \u00e9t\u00e9 marqu\u00e9es lundi par la qualification in extremis de l&rsquo;US Biskra","og_url":"https:\/\/lasentinelle.dz\/index.php\/2025\/01\/08\/coupe-dalgerie-qualification-in-extremis-de-lus-biskra-aux-16es-de-finale\/","og_site_name":"La Sentinelle","article_publisher":"https:\/\/www.facebook.com\/La-Sentinelle-104059864394773","article_published_time":"2025-01-08T11:02:18+00:00","og_image":[{"width":660,"height":378,"url":"https:\/\/lasentinelle.dz\/wp-content\/uploads\/2024\/12\/coupe-dalgerie.png","type":"image\/png"}],"author":"admin","twitter_card":"summary_large_image","twitter_misc":{"\u00c9crit par":"admin","Dur\u00e9e de lecture estim\u00e9e":"2 minutes"},"schema":{"@context":"https:\/\/schema.org","@graph":[{"@type":"Article","@id":"https:\/\/lasentinelle.dz\/index.php\/2025\/01\/08\/coupe-dalgerie-qualification-in-extremis-de-lus-biskra-aux-16es-de-finale\/#article","isPartOf":{"@id":"https:\/\/lasentinelle.dz\/index.php\/2025\/01\/08\/coupe-dalgerie-qualification-in-extremis-de-lus-biskra-aux-16es-de-finale\/"},"author":{"name":"admin","@id":"https:\/\/lasentinelle.dz\/#\/schema\/person\/729ee0024f24e0b8c5ec17232f8e8b41"},"headline":"Coupe d&rsquo;Alg\u00e9rie: Qualification in extremis de l&rsquo;US Biskra aux 16es de finale","datePublished":"2025-01-08T11:02:18+00:00","mainEntityOfPage":{"@id":"https:\/\/lasentinelle.dz\/index.php\/2025\/01\/08\/coupe-dalgerie-qualification-in-extremis-de-lus-biskra-aux-16es-de-finale\/"},"wordCount":389,"commentCount":0,"publisher":{"@id":"https:\/\/lasentinelle.dz\/#organization"},"image":{"@id":"https:\/\/lasentinelle.dz\/index.php\/2025\/01\/08\/coupe-dalgerie-qualification-in-extremis-de-lus-biskra-aux-16es-de-finale\/#primaryimage"},"thumbnailUrl":"https:\/\/lasentinelle.dz\/wp-content\/uploads\/2024\/12\/coupe-dalgerie.png","articleSection":["Sports"],"inLanguage":"fr-FR","potentialAction":[{"@type":"CommentAction","name":"Comment","target":["https:\/\/lasentinelle.dz\/index.php\/2025\/01\/08\/coupe-dalgerie-qualification-in-extremis-de-lus-biskra-aux-16es-de-finale\/#respond"]}]},{"@type":"WebPage","@id":"https:\/\/lasentinelle.dz\/index.php\/2025\/01\/08\/coupe-dalgerie-qualification-in-extremis-de-lus-biskra-aux-16es-de-finale\/","url":"https:\/\/lasentinelle.dz\/index.php\/2025\/01\/08\/coupe-dalgerie-qualification-in-extremis-de-lus-biskra-aux-16es-de-finale\/","name":"Coupe d&rsquo;Alg\u00e9rie: Qualification in extremis de l&rsquo;US Biskra aux 16es de finale - La Sentinelle","isPartOf":{"@id":"https:\/\/lasentinelle.dz\/#website"},"primaryImageOfPage":{"@id":"https:\/\/lasentinelle.dz\/index.php\/2025\/01\/08\/coupe-dalgerie-qualification-in-extremis-de-lus-biskra-aux-16es-de-finale\/#primaryimage"},"image":{"@id":"https:\/\/lasentinelle.dz\/index.php\/2025\/01\/08\/coupe-dalgerie-qualification-in-extremis-de-lus-biskra-aux-16es-de-finale\/#primaryimage"},"thumbnailUrl":"https:\/\/lasentinelle.dz\/wp-content\/uploads\/2024\/12\/coupe-dalgerie.png","datePublished":"2025-01-08T11:02:18+00:00","breadcrumb":{"@id":"https:\/\/lasentinelle.dz\/index.php\/2025\/01\/08\/coupe-dalgerie-qualification-in-extremis-de-lus-biskra-aux-16es-de-finale\/#breadcrumb"},"inLanguage":"fr-FR","potentialAction":[{"@type":"ReadAction","target":["https:\/\/lasentinelle.dz\/index.php\/2025\/01\/08\/coupe-dalgerie-qualification-in-extremis-de-lus-biskra-aux-16es-de-finale\/"]}]},{"@type":"ImageObject","inLanguage":"fr-FR","@id":"https:\/\/lasentinelle.dz\/index.php\/2025\/01\/08\/coupe-dalgerie-qualification-in-extremis-de-lus-biskra-aux-16es-de-finale\/#primaryimage","url":"https:\/\/lasentinelle.dz\/wp-content\/uploads\/2024\/12\/coupe-dalgerie.png","contentUrl":"https:\/\/lasentinelle.dz\/wp-content\/uploads\/2024\/12\/coupe-dalgerie.png","width":660,"height":378},{"@type":"BreadcrumbList","@id":"https:\/\/lasentinelle.dz\/index.php\/2025\/01\/08\/coupe-dalgerie-qualification-in-extremis-de-lus-biskra-aux-16es-de-finale\/#breadcrumb","itemListElement":[{"@type":"ListItem","position":1,"name":"Accueil","item":"https:\/\/lasentinelle.dz\/"},{"@type":"ListItem","position":2,"name":"Coupe d&rsquo;Alg\u00e9rie: Qualification in extremis de l&rsquo;US Biskra aux 16es de finale"}]},{"@type":"WebSite","@id":"https:\/\/lasentinelle.dz\/#website","url":"https:\/\/lasentinelle.dz\/","name":"La Sentinelle","description":"Quotidien national d&#039;information","publisher":{"@id":"https:\/\/lasentinelle.dz\/#organization"},"potentialAction":[{"@type":"SearchAction","target":{"@type":"EntryPoint","urlTemplate":"https:\/\/lasentinelle.dz\/?s={search_term_string}"},"query-input":{"@type":"PropertyValueSpecification","valueRequired":true,"valueName":"search_term_string"}}],"inLanguage":"fr-FR"},{"@type":"Organization","@id":"https:\/\/lasentinelle.dz\/#organization","name":"Quotidien La Sentinelle","url":"https:\/\/lasentinelle.dz\/","logo":{"@type":"ImageObject","inLanguage":"fr-FR","@id":"https:\/\/lasentinelle.dz\/#\/schema\/logo\/image\/","url":"https:\/\/lasentinelle.dz\/wp-content\/uploads\/2021\/09\/logo-sentinelleSLOGAN-1.png","contentUrl":"https:\/\/lasentinelle.dz\/wp-content\/uploads\/2021\/09\/logo-sentinelleSLOGAN-1.png","width":615,"height":142,"caption":"Quotidien La Sentinelle"},"image":{"@id":"https:\/\/lasentinelle.dz\/#\/schema\/logo\/image\/"},"sameAs":["https:\/\/www.facebook.com\/La-Sentinelle-104059864394773"]},{"@type":"Person","@id":"https:\/\/lasentinelle.dz\/#\/schema\/person\/729ee0024f24e0b8c5ec17232f8e8b41","name":"admin","image":{"@type":"ImageObject","inLanguage":"fr-FR","@id":"https:\/\/secure.gravatar.com\/avatar\/4c81fed838786e9b53f540bf46533e750f5d292099ae3b66cfc6fb1982e29df7?s=96&d=mm&r=g","url":"https:\/\/secure.gravatar.com\/avatar\/4c81fed838786e9b53f540bf46533e750f5d292099ae3b66cfc6fb1982e29df7?s=96&d=mm&r=g","contentUrl":"https:\/\/secure.gravatar.com\/avatar\/4c81fed838786e9b53f540bf46533e750f5d292099ae3b66cfc6fb1982e29df7?s=96&d=mm&r=g","caption":"admin"},"description":"admin","url":"https:\/\/lasentinelle.dz\/author\/admin\/"}]}},"_links":{"self":[{"href":"https:\/\/lasentinelle.dz\/index.php\/wp-json\/wp\/v2\/posts\/61406","targetHints":{"allow":["GET"]}}],"collection":[{"href":"https:\/\/lasentinelle.dz\/index.php\/wp-json\/wp\/v2\/posts"}],"about":[{"href":"https:\/\/lasentinelle.dz\/index.php\/wp-json\/wp\/v2\/types\/post"}],"author":[{"embeddable":true,"href":"https:\/\/lasentinelle.dz\/index.php\/wp-json\/wp\/v2\/users\/6"}],"replies":[{"embeddable":true,"href":"https:\/\/lasentinelle.dz\/index.php\/wp-json\/wp\/v2\/comments?post=61406"}],"version-history":[{"count":2,"href":"https:\/\/lasentinelle.dz\/index.php\/wp-json\/wp\/v2\/posts\/61406\/revisions"}],"predecessor-version":[{"id":61408,"href":"https:\/\/lasentinelle.dz\/index.php\/wp-json\/wp\/v2\/posts\/61406\/revisions\/61408"}],"wp:featuredmedia":[{"embeddable":true,"href":"https:\/\/lasentinelle.dz\/index.php\/wp-json\/wp\/v2\/media\/61116"}],"wp:attachment":[{"href":"https:\/\/lasentinelle.dz\/index.php\/wp-json\/wp\/v2\/media?parent=61406"}],"wp:term":[{"taxonomy":"category","embeddable":true,"href":"https:\/\/lasentinelle.dz\/index.php\/wp-json\/wp\/v2\/categories?post=61406"},{"taxonomy":"post_tag","embeddable":true,"href":"https:\/\/lasentinelle.dz\/index.php\/wp-json\/wp\/v2\/tags?post=61406"}],"curies":[{"name":"wp","href":"https:\/\/api.w.org\/{rel}","templated":true}]}}