{"id":61443,"date":"2025-01-08T12:18:02","date_gmt":"2025-01-08T11:18:02","guid":{"rendered":"https:\/\/lasentinelle.dz\/?p=61443"},"modified":"2025-01-08T12:18:03","modified_gmt":"2025-01-08T11:18:03","slug":"communication-meziane-souligne-la-necessite-de-renforcer-les-medias-de-developpement","status":"publish","type":"post","link":"https:\/\/lasentinelle.dz\/index.php\/2025\/01\/08\/communication-meziane-souligne-la-necessite-de-renforcer-les-medias-de-developpement\/","title":{"rendered":"Communication: Meziane souligne la n\u00e9cessit\u00e9 de renforcer les m\u00e9dias de d\u00e9veloppement"},"content":{"rendered":"\n<p>Le ministre de la Communication, Mohamed Meziane, a soulign\u00e9, mardi \u00e0 Oran, la n\u00e9cessit\u00e9 de renforcer les m\u00e9dias de d\u00e9veloppement pour accompagner les efforts de l&rsquo;Etat dans diff\u00e9rents domaines. Dans son discours \u00e0 l&rsquo;occasion de l&rsquo;ouverture d&rsquo;une journ\u00e9e d&rsquo;\u00e9tude intitul\u00e9e \u00ab\u00a0La t\u00e9l\u00e9vision alg\u00e9rienne, partenaire du d\u00e9veloppement et de l&rsquo;investissement, et plateforme pour la promotion du produit national\u00a0\u00bb, organis\u00e9e par l&rsquo;Entreprise publique de t\u00e9l\u00e9vision alg\u00e9rienne, (EPTV), le ministre a soulign\u00e9 que les \u00e9tablissements m\u00e9diatiques et les journalistes doivent \u0153uvrer \u00e0 renforcer l&rsquo;information de d\u00e9veloppement \u00ab\u00a0car l&rsquo;Alg\u00e9rie a un besoin urgent de cet accompagnement professionnel des efforts des institutions de l&rsquo;Etat dans divers secteurs\u00a0\u00bb. M. Meziane a ajout\u00e9 que les m\u00e9dias doivent accompagner cette relance du d\u00e9veloppement supervis\u00e9e par le pr\u00e9sident de la R\u00e9publique, M. Abdelmadjid Tebboune, et s&rsquo;armer des moyens professionnels n\u00e9cessaires pour soutenir cet effort colossal men\u00e9 par l&rsquo;Etat et mettre en relief les grands projets r\u00e9alis\u00e9s. Il a estim\u00e9 que ce r\u00f4le d&rsquo;accompagnement au d\u00e9veloppement jou\u00e9 par la t\u00e9l\u00e9vision, en plus de son r\u00f4le m\u00e9diatique, culturel et \u00e9ducatif, est l&rsquo;un des plus importants. Il a \u00e9galement \u00e9voqu\u00e9 de nombreux projets d&rsquo;infrastructures r\u00e9alis\u00e9s par l&rsquo;Alg\u00e9rie, qui ont eu une port\u00e9e maghr\u00e9bine et africaine. Le ministre de la Communication a \u00e9galement salu\u00e9 le r\u00f4le important jou\u00e9 par les m\u00e9dias alg\u00e9riens dans le d\u00e9veloppement, soulignant que les cha\u00eenes priv\u00e9es peuvent \u00e9galement \u00eatre une valeur ajout\u00e9e \u00e0 cet effort national. De son c\u00f4t\u00e9, le Directeur g\u00e9n\u00e9ral de l&rsquo;Entreprise publique de t\u00e9l\u00e9vision alg\u00e9rienne (EPTV), Mohamed Baghali, a indiqu\u00e9 que cette entreprise n&rsquo;est pas seulement un m\u00e9dia, mais aussi une institution citoyenne, soulignant le soutien que la T\u00e9l\u00e9vision alg\u00e9rienne apporte aux op\u00e9rateurs \u00e9conomiques, ainsi qu&rsquo;\u00e0 la promotion des produits locaux et \u00e0 l&rsquo;accompagnement de la dynamique \u00e9conomique pr\u00f4n\u00e9e par le pr\u00e9sident de la R\u00e9publique, M. Abdelmadjid Tebboune. Le m\u00eame responsable a soulign\u00e9 le r\u00f4le de l&rsquo;Entreprise publique de t\u00e9l\u00e9vision alg\u00e9rienne en tant que lien entre les citoyens et les institutions de l&rsquo;Etat, \u00e0 travers son accompagnement constant et la mise en avant des projets de d\u00e9veloppement et des r\u00e9alisations, notamment au cours des derni\u00e8res ann\u00e9es. Le pr\u00e9sident du Conseil du renouveau \u00e9conomique alg\u00e9rien, Kamel Moula, a, quant \u00e0 lui, soulign\u00e9 dans son discours que l&rsquo;Alg\u00e9rie conna\u00eet une dynamique de d\u00e9veloppement importante et une phase prometteuse de croissance \u00e9conomique. Il a insist\u00e9 sur l&rsquo;importance de mettre en lumi\u00e8re les actions men\u00e9es au niveau national et local, de pr\u00e9senter les projets r\u00e9alis\u00e9s et de promouvoir le climat des affaires, ainsi que de valoriser et de faire conna\u00eetre le produit national sur toutes les plateformes. Il a estim\u00e9 qu&rsquo;il est n\u00e9cessaire de passer de la simple pr\u00e9sentation des informations \u00e9conomiques au public \u00e0 l&rsquo;adoption d&rsquo;une nouvelle approche de communication, visant \u00e0 renforcer le d\u00e9veloppement \u00e9conomique de mani\u00e8re \u00e0 avoir un impact positif sur la conscience des citoyens et sur le d\u00e9veloppement en g\u00e9n\u00e9ral, soulignant la n\u00e9cessit\u00e9 d&rsquo;impliquer les institutions dans cette d\u00e9marche pour promouvoir la production nationale, qui n&rsquo;est pas inf\u00e9rieure en qualit\u00e9 aux produits import\u00e9s.&nbsp;<\/p>\n\n\n\n<p>R.N.<\/p>\n","protected":false},"excerpt":{"rendered":"<p>Le ministre de la Communication, Mohamed Meziane, a soulign\u00e9, mardi \u00e0 Oran, la n\u00e9cessit\u00e9 de renforcer les m\u00e9dias de d\u00e9veloppement<\/p>\n","protected":false},"author":6,"featured_media":61444,"comment_status":"open","ping_status":"closed","sticky":false,"template":"","format":"standard","meta":{"colormag_page_container_layout":"default_layout","colormag_page_sidebar_layout":"default_layout","om_disable_all_campaigns":false,"_monsterinsights_skip_tracking":false,"_monsterinsights_sitenote_active":false,"_monsterinsights_sitenote_note":"","_monsterinsights_sitenote_category":0,"footnotes":"","_wpscppro_dont_share_socialmedia":false,"_wpscppro_custom_social_share_image":0,"_facebook_share_type":"default","_twitter_share_type":"default","_linkedin_share_type":"default","_pinterest_share_type":"default","_linkedin_share_type_page":"","_instagram_share_type":"default","_medium_share_type":"default","_threads_share_type":"","_google_business_share_type":"","_selected_social_profile":[],"_wpsp_enable_custom_social_template":false,"_wpsp_social_scheduling":{"enabled":false,"datetime":null,"platforms":[],"status":"template_only","dateOption":"today","timeOption":"now","customDays":"","customHours":"","customDate":"","customTime":"","schedulingType":"absolute"},"_wpsp_active_default_template":true},"categories":[27],"tags":[],"class_list":["post-61443","post","type-post","status-publish","format-standard","has-post-thumbnail","hentry","category-actualite"],"aioseo_notices":[],"yoast_head":"<!-- This site is optimized with the Yoast SEO plugin v27.5 - https:\/\/yoast.com\/product\/yoast-seo-wordpress\/ -->\n<title>Communication: Meziane souligne la n\u00e9cessit\u00e9 de renforcer les m\u00e9dias de d\u00e9veloppement - La Sentinelle<\/title>\n<meta name=\"robots\" content=\"index, follow, max-snippet:-1, max-image-preview:large, max-video-preview:-1\" \/>\n<link rel=\"canonical\" href=\"https:\/\/lasentinelle.dz\/index.php\/2025\/01\/08\/communication-meziane-souligne-la-necessite-de-renforcer-les-medias-de-developpement\/\" \/>\n<meta property=\"og:locale\" content=\"fr_FR\" \/>\n<meta property=\"og:type\" content=\"article\" \/>\n<meta property=\"og:title\" content=\"Communication: Meziane souligne la n\u00e9cessit\u00e9 de renforcer les m\u00e9dias de d\u00e9veloppement - La Sentinelle\" \/>\n<meta property=\"og:description\" content=\"Le ministre de la Communication, Mohamed Meziane, a soulign\u00e9, mardi \u00e0 Oran, la n\u00e9cessit\u00e9 de renforcer les m\u00e9dias de d\u00e9veloppement\" \/>\n<meta property=\"og:url\" content=\"https:\/\/lasentinelle.dz\/index.php\/2025\/01\/08\/communication-meziane-souligne-la-necessite-de-renforcer-les-medias-de-developpement\/\" \/>\n<meta property=\"og:site_name\" content=\"La Sentinelle\" \/>\n<meta property=\"article:publisher\" content=\"https:\/\/www.facebook.com\/La-Sentinelle-104059864394773\" \/>\n<meta property=\"article:published_time\" content=\"2025-01-08T11:18:02+00:00\" \/>\n<meta property=\"article:modified_time\" content=\"2025-01-08T11:18:03+00:00\" \/>\n<meta property=\"og:image\" content=\"https:\/\/lasentinelle.dz\/wp-content\/uploads\/2025\/01\/meziane.jpg\" \/>\n\t<meta property=\"og:image:width\" content=\"1080\" \/>\n\t<meta property=\"og:image:height\" content=\"719\" \/>\n\t<meta property=\"og:image:type\" content=\"image\/jpeg\" \/>\n<meta name=\"author\" content=\"admin\" \/>\n<meta name=\"twitter:card\" content=\"summary_large_image\" \/>\n<meta name=\"twitter:label1\" content=\"\u00c9crit par\" \/>\n\t<meta name=\"twitter:data1\" content=\"admin\" \/>\n\t<meta name=\"twitter:label2\" content=\"Dur\u00e9e de lecture estim\u00e9e\" \/>\n\t<meta name=\"twitter:data2\" content=\"3 minutes\" \/>\n<script type=\"application\/ld+json\" class=\"yoast-schema-graph\">{\"@context\":\"https:\\\/\\\/schema.org\",\"@graph\":[{\"@type\":\"Article\",\"@id\":\"https:\\\/\\\/lasentinelle.dz\\\/index.php\\\/2025\\\/01\\\/08\\\/communication-meziane-souligne-la-necessite-de-renforcer-les-medias-de-developpement\\\/#article\",\"isPartOf\":{\"@id\":\"https:\\\/\\\/lasentinelle.dz\\\/index.php\\\/2025\\\/01\\\/08\\\/communication-meziane-souligne-la-necessite-de-renforcer-les-medias-de-developpement\\\/\"},\"author\":{\"name\":\"admin\",\"@id\":\"https:\\\/\\\/lasentinelle.dz\\\/#\\\/schema\\\/person\\\/729ee0024f24e0b8c5ec17232f8e8b41\"},\"headline\":\"Communication: Meziane souligne la n\u00e9cessit\u00e9 de renforcer les m\u00e9dias de d\u00e9veloppement\",\"datePublished\":\"2025-01-08T11:18:02+00:00\",\"dateModified\":\"2025-01-08T11:18:03+00:00\",\"mainEntityOfPage\":{\"@id\":\"https:\\\/\\\/lasentinelle.dz\\\/index.php\\\/2025\\\/01\\\/08\\\/communication-meziane-souligne-la-necessite-de-renforcer-les-medias-de-developpement\\\/\"},\"wordCount\":612,\"commentCount\":0,\"publisher\":{\"@id\":\"https:\\\/\\\/lasentinelle.dz\\\/#organization\"},\"image\":{\"@id\":\"https:\\\/\\\/lasentinelle.dz\\\/index.php\\\/2025\\\/01\\\/08\\\/communication-meziane-souligne-la-necessite-de-renforcer-les-medias-de-developpement\\\/#primaryimage\"},\"thumbnailUrl\":\"https:\\\/\\\/lasentinelle.dz\\\/wp-content\\\/uploads\\\/2025\\\/01\\\/meziane.jpg\",\"articleSection\":[\"Actualit\u00e9\"],\"inLanguage\":\"fr-FR\",\"potentialAction\":[{\"@type\":\"CommentAction\",\"name\":\"Comment\",\"target\":[\"https:\\\/\\\/lasentinelle.dz\\\/index.php\\\/2025\\\/01\\\/08\\\/communication-meziane-souligne-la-necessite-de-renforcer-les-medias-de-developpement\\\/#respond\"]}]},{\"@type\":\"WebPage\",\"@id\":\"https:\\\/\\\/lasentinelle.dz\\\/index.php\\\/2025\\\/01\\\/08\\\/communication-meziane-souligne-la-necessite-de-renforcer-les-medias-de-developpement\\\/\",\"url\":\"https:\\\/\\\/lasentinelle.dz\\\/index.php\\\/2025\\\/01\\\/08\\\/communication-meziane-souligne-la-necessite-de-renforcer-les-medias-de-developpement\\\/\",\"name\":\"Communication: Meziane souligne la n\u00e9cessit\u00e9 de renforcer les m\u00e9dias de d\u00e9veloppement - La Sentinelle\",\"isPartOf\":{\"@id\":\"https:\\\/\\\/lasentinelle.dz\\\/#website\"},\"primaryImageOfPage\":{\"@id\":\"https:\\\/\\\/lasentinelle.dz\\\/index.php\\\/2025\\\/01\\\/08\\\/communication-meziane-souligne-la-necessite-de-renforcer-les-medias-de-developpement\\\/#primaryimage\"},\"image\":{\"@id\":\"https:\\\/\\\/lasentinelle.dz\\\/index.php\\\/2025\\\/01\\\/08\\\/communication-meziane-souligne-la-necessite-de-renforcer-les-medias-de-developpement\\\/#primaryimage\"},\"thumbnailUrl\":\"https:\\\/\\\/lasentinelle.dz\\\/wp-content\\\/uploads\\\/2025\\\/01\\\/meziane.jpg\",\"datePublished\":\"2025-01-08T11:18:02+00:00\",\"dateModified\":\"2025-01-08T11:18:03+00:00\",\"breadcrumb\":{\"@id\":\"https:\\\/\\\/lasentinelle.dz\\\/index.php\\\/2025\\\/01\\\/08\\\/communication-meziane-souligne-la-necessite-de-renforcer-les-medias-de-developpement\\\/#breadcrumb\"},\"inLanguage\":\"fr-FR\",\"potentialAction\":[{\"@type\":\"ReadAction\",\"target\":[\"https:\\\/\\\/lasentinelle.dz\\\/index.php\\\/2025\\\/01\\\/08\\\/communication-meziane-souligne-la-necessite-de-renforcer-les-medias-de-developpement\\\/\"]}]},{\"@type\":\"ImageObject\",\"inLanguage\":\"fr-FR\",\"@id\":\"https:\\\/\\\/lasentinelle.dz\\\/index.php\\\/2025\\\/01\\\/08\\\/communication-meziane-souligne-la-necessite-de-renforcer-les-medias-de-developpement\\\/#primaryimage\",\"url\":\"https:\\\/\\\/lasentinelle.dz\\\/wp-content\\\/uploads\\\/2025\\\/01\\\/meziane.jpg\",\"contentUrl\":\"https:\\\/\\\/lasentinelle.dz\\\/wp-content\\\/uploads\\\/2025\\\/01\\\/meziane.jpg\",\"width\":1080,\"height\":719},{\"@type\":\"BreadcrumbList\",\"@id\":\"https:\\\/\\\/lasentinelle.dz\\\/index.php\\\/2025\\\/01\\\/08\\\/communication-meziane-souligne-la-necessite-de-renforcer-les-medias-de-developpement\\\/#breadcrumb\",\"itemListElement\":[{\"@type\":\"ListItem\",\"position\":1,\"name\":\"Accueil\",\"item\":\"https:\\\/\\\/lasentinelle.dz\\\/\"},{\"@type\":\"ListItem\",\"position\":2,\"name\":\"Communication: Meziane souligne la n\u00e9cessit\u00e9 de renforcer les m\u00e9dias de d\u00e9veloppement\"}]},{\"@type\":\"WebSite\",\"@id\":\"https:\\\/\\\/lasentinelle.dz\\\/#website\",\"url\":\"https:\\\/\\\/lasentinelle.dz\\\/\",\"name\":\"La Sentinelle\",\"description\":\"Quotidien national d&#039;information\",\"publisher\":{\"@id\":\"https:\\\/\\\/lasentinelle.dz\\\/#organization\"},\"potentialAction\":[{\"@type\":\"SearchAction\",\"target\":{\"@type\":\"EntryPoint\",\"urlTemplate\":\"https:\\\/\\\/lasentinelle.dz\\\/?s={search_term_string}\"},\"query-input\":{\"@type\":\"PropertyValueSpecification\",\"valueRequired\":true,\"valueName\":\"search_term_string\"}}],\"inLanguage\":\"fr-FR\"},{\"@type\":\"Organization\",\"@id\":\"https:\\\/\\\/lasentinelle.dz\\\/#organization\",\"name\":\"Quotidien La Sentinelle\",\"url\":\"https:\\\/\\\/lasentinelle.dz\\\/\",\"logo\":{\"@type\":\"ImageObject\",\"inLanguage\":\"fr-FR\",\"@id\":\"https:\\\/\\\/lasentinelle.dz\\\/#\\\/schema\\\/logo\\\/image\\\/\",\"url\":\"https:\\\/\\\/lasentinelle.dz\\\/wp-content\\\/uploads\\\/2021\\\/09\\\/logo-sentinelleSLOGAN-1.png\",\"contentUrl\":\"https:\\\/\\\/lasentinelle.dz\\\/wp-content\\\/uploads\\\/2021\\\/09\\\/logo-sentinelleSLOGAN-1.png\",\"width\":615,\"height\":142,\"caption\":\"Quotidien La Sentinelle\"},\"image\":{\"@id\":\"https:\\\/\\\/lasentinelle.dz\\\/#\\\/schema\\\/logo\\\/image\\\/\"},\"sameAs\":[\"https:\\\/\\\/www.facebook.com\\\/La-Sentinelle-104059864394773\"]},{\"@type\":\"Person\",\"@id\":\"https:\\\/\\\/lasentinelle.dz\\\/#\\\/schema\\\/person\\\/729ee0024f24e0b8c5ec17232f8e8b41\",\"name\":\"admin\",\"image\":{\"@type\":\"ImageObject\",\"inLanguage\":\"fr-FR\",\"@id\":\"https:\\\/\\\/secure.gravatar.com\\\/avatar\\\/4c81fed838786e9b53f540bf46533e750f5d292099ae3b66cfc6fb1982e29df7?s=96&d=mm&r=g\",\"url\":\"https:\\\/\\\/secure.gravatar.com\\\/avatar\\\/4c81fed838786e9b53f540bf46533e750f5d292099ae3b66cfc6fb1982e29df7?s=96&d=mm&r=g\",\"contentUrl\":\"https:\\\/\\\/secure.gravatar.com\\\/avatar\\\/4c81fed838786e9b53f540bf46533e750f5d292099ae3b66cfc6fb1982e29df7?s=96&d=mm&r=g\",\"caption\":\"admin\"},\"description\":\"admin\",\"url\":\"https:\\\/\\\/lasentinelle.dz\\\/author\\\/admin\\\/\"}]}<\/script>\n<!-- \/ Yoast SEO plugin. -->","yoast_head_json":{"title":"Communication: Meziane souligne la n\u00e9cessit\u00e9 de renforcer les m\u00e9dias de d\u00e9veloppement - La Sentinelle","robots":{"index":"index","follow":"follow","max-snippet":"max-snippet:-1","max-image-preview":"max-image-preview:large","max-video-preview":"max-video-preview:-1"},"canonical":"https:\/\/lasentinelle.dz\/index.php\/2025\/01\/08\/communication-meziane-souligne-la-necessite-de-renforcer-les-medias-de-developpement\/","og_locale":"fr_FR","og_type":"article","og_title":"Communication: Meziane souligne la n\u00e9cessit\u00e9 de renforcer les m\u00e9dias de d\u00e9veloppement - La Sentinelle","og_description":"Le ministre de la Communication, Mohamed Meziane, a soulign\u00e9, mardi \u00e0 Oran, la n\u00e9cessit\u00e9 de renforcer les m\u00e9dias de d\u00e9veloppement","og_url":"https:\/\/lasentinelle.dz\/index.php\/2025\/01\/08\/communication-meziane-souligne-la-necessite-de-renforcer-les-medias-de-developpement\/","og_site_name":"La Sentinelle","article_publisher":"https:\/\/www.facebook.com\/La-Sentinelle-104059864394773","article_published_time":"2025-01-08T11:18:02+00:00","article_modified_time":"2025-01-08T11:18:03+00:00","og_image":[{"width":1080,"height":719,"url":"https:\/\/lasentinelle.dz\/wp-content\/uploads\/2025\/01\/meziane.jpg","type":"image\/jpeg"}],"author":"admin","twitter_card":"summary_large_image","twitter_misc":{"\u00c9crit par":"admin","Dur\u00e9e de lecture estim\u00e9e":"3 minutes"},"schema":{"@context":"https:\/\/schema.org","@graph":[{"@type":"Article","@id":"https:\/\/lasentinelle.dz\/index.php\/2025\/01\/08\/communication-meziane-souligne-la-necessite-de-renforcer-les-medias-de-developpement\/#article","isPartOf":{"@id":"https:\/\/lasentinelle.dz\/index.php\/2025\/01\/08\/communication-meziane-souligne-la-necessite-de-renforcer-les-medias-de-developpement\/"},"author":{"name":"admin","@id":"https:\/\/lasentinelle.dz\/#\/schema\/person\/729ee0024f24e0b8c5ec17232f8e8b41"},"headline":"Communication: Meziane souligne la n\u00e9cessit\u00e9 de renforcer les m\u00e9dias de d\u00e9veloppement","datePublished":"2025-01-08T11:18:02+00:00","dateModified":"2025-01-08T11:18:03+00:00","mainEntityOfPage":{"@id":"https:\/\/lasentinelle.dz\/index.php\/2025\/01\/08\/communication-meziane-souligne-la-necessite-de-renforcer-les-medias-de-developpement\/"},"wordCount":612,"commentCount":0,"publisher":{"@id":"https:\/\/lasentinelle.dz\/#organization"},"image":{"@id":"https:\/\/lasentinelle.dz\/index.php\/2025\/01\/08\/communication-meziane-souligne-la-necessite-de-renforcer-les-medias-de-developpement\/#primaryimage"},"thumbnailUrl":"https:\/\/lasentinelle.dz\/wp-content\/uploads\/2025\/01\/meziane.jpg","articleSection":["Actualit\u00e9"],"inLanguage":"fr-FR","potentialAction":[{"@type":"CommentAction","name":"Comment","target":["https:\/\/lasentinelle.dz\/index.php\/2025\/01\/08\/communication-meziane-souligne-la-necessite-de-renforcer-les-medias-de-developpement\/#respond"]}]},{"@type":"WebPage","@id":"https:\/\/lasentinelle.dz\/index.php\/2025\/01\/08\/communication-meziane-souligne-la-necessite-de-renforcer-les-medias-de-developpement\/","url":"https:\/\/lasentinelle.dz\/index.php\/2025\/01\/08\/communication-meziane-souligne-la-necessite-de-renforcer-les-medias-de-developpement\/","name":"Communication: Meziane souligne la n\u00e9cessit\u00e9 de renforcer les m\u00e9dias de d\u00e9veloppement - La Sentinelle","isPartOf":{"@id":"https:\/\/lasentinelle.dz\/#website"},"primaryImageOfPage":{"@id":"https:\/\/lasentinelle.dz\/index.php\/2025\/01\/08\/communication-meziane-souligne-la-necessite-de-renforcer-les-medias-de-developpement\/#primaryimage"},"image":{"@id":"https:\/\/lasentinelle.dz\/index.php\/2025\/01\/08\/communication-meziane-souligne-la-necessite-de-renforcer-les-medias-de-developpement\/#primaryimage"},"thumbnailUrl":"https:\/\/lasentinelle.dz\/wp-content\/uploads\/2025\/01\/meziane.jpg","datePublished":"2025-01-08T11:18:02+00:00","dateModified":"2025-01-08T11:18:03+00:00","breadcrumb":{"@id":"https:\/\/lasentinelle.dz\/index.php\/2025\/01\/08\/communication-meziane-souligne-la-necessite-de-renforcer-les-medias-de-developpement\/#breadcrumb"},"inLanguage":"fr-FR","potentialAction":[{"@type":"ReadAction","target":["https:\/\/lasentinelle.dz\/index.php\/2025\/01\/08\/communication-meziane-souligne-la-necessite-de-renforcer-les-medias-de-developpement\/"]}]},{"@type":"ImageObject","inLanguage":"fr-FR","@id":"https:\/\/lasentinelle.dz\/index.php\/2025\/01\/08\/communication-meziane-souligne-la-necessite-de-renforcer-les-medias-de-developpement\/#primaryimage","url":"https:\/\/lasentinelle.dz\/wp-content\/uploads\/2025\/01\/meziane.jpg","contentUrl":"https:\/\/lasentinelle.dz\/wp-content\/uploads\/2025\/01\/meziane.jpg","width":1080,"height":719},{"@type":"BreadcrumbList","@id":"https:\/\/lasentinelle.dz\/index.php\/2025\/01\/08\/communication-meziane-souligne-la-necessite-de-renforcer-les-medias-de-developpement\/#breadcrumb","itemListElement":[{"@type":"ListItem","position":1,"name":"Accueil","item":"https:\/\/lasentinelle.dz\/"},{"@type":"ListItem","position":2,"name":"Communication: Meziane souligne la n\u00e9cessit\u00e9 de renforcer les m\u00e9dias de d\u00e9veloppement"}]},{"@type":"WebSite","@id":"https:\/\/lasentinelle.dz\/#website","url":"https:\/\/lasentinelle.dz\/","name":"La Sentinelle","description":"Quotidien national d&#039;information","publisher":{"@id":"https:\/\/lasentinelle.dz\/#organization"},"potentialAction":[{"@type":"SearchAction","target":{"@type":"EntryPoint","urlTemplate":"https:\/\/lasentinelle.dz\/?s={search_term_string}"},"query-input":{"@type":"PropertyValueSpecification","valueRequired":true,"valueName":"search_term_string"}}],"inLanguage":"fr-FR"},{"@type":"Organization","@id":"https:\/\/lasentinelle.dz\/#organization","name":"Quotidien La Sentinelle","url":"https:\/\/lasentinelle.dz\/","logo":{"@type":"ImageObject","inLanguage":"fr-FR","@id":"https:\/\/lasentinelle.dz\/#\/schema\/logo\/image\/","url":"https:\/\/lasentinelle.dz\/wp-content\/uploads\/2021\/09\/logo-sentinelleSLOGAN-1.png","contentUrl":"https:\/\/lasentinelle.dz\/wp-content\/uploads\/2021\/09\/logo-sentinelleSLOGAN-1.png","width":615,"height":142,"caption":"Quotidien La Sentinelle"},"image":{"@id":"https:\/\/lasentinelle.dz\/#\/schema\/logo\/image\/"},"sameAs":["https:\/\/www.facebook.com\/La-Sentinelle-104059864394773"]},{"@type":"Person","@id":"https:\/\/lasentinelle.dz\/#\/schema\/person\/729ee0024f24e0b8c5ec17232f8e8b41","name":"admin","image":{"@type":"ImageObject","inLanguage":"fr-FR","@id":"https:\/\/secure.gravatar.com\/avatar\/4c81fed838786e9b53f540bf46533e750f5d292099ae3b66cfc6fb1982e29df7?s=96&d=mm&r=g","url":"https:\/\/secure.gravatar.com\/avatar\/4c81fed838786e9b53f540bf46533e750f5d292099ae3b66cfc6fb1982e29df7?s=96&d=mm&r=g","contentUrl":"https:\/\/secure.gravatar.com\/avatar\/4c81fed838786e9b53f540bf46533e750f5d292099ae3b66cfc6fb1982e29df7?s=96&d=mm&r=g","caption":"admin"},"description":"admin","url":"https:\/\/lasentinelle.dz\/author\/admin\/"}]}},"_links":{"self":[{"href":"https:\/\/lasentinelle.dz\/index.php\/wp-json\/wp\/v2\/posts\/61443","targetHints":{"allow":["GET"]}}],"collection":[{"href":"https:\/\/lasentinelle.dz\/index.php\/wp-json\/wp\/v2\/posts"}],"about":[{"href":"https:\/\/lasentinelle.dz\/index.php\/wp-json\/wp\/v2\/types\/post"}],"author":[{"embeddable":true,"href":"https:\/\/lasentinelle.dz\/index.php\/wp-json\/wp\/v2\/users\/6"}],"replies":[{"embeddable":true,"href":"https:\/\/lasentinelle.dz\/index.php\/wp-json\/wp\/v2\/comments?post=61443"}],"version-history":[{"count":1,"href":"https:\/\/lasentinelle.dz\/index.php\/wp-json\/wp\/v2\/posts\/61443\/revisions"}],"predecessor-version":[{"id":61445,"href":"https:\/\/lasentinelle.dz\/index.php\/wp-json\/wp\/v2\/posts\/61443\/revisions\/61445"}],"wp:featuredmedia":[{"embeddable":true,"href":"https:\/\/lasentinelle.dz\/index.php\/wp-json\/wp\/v2\/media\/61444"}],"wp:attachment":[{"href":"https:\/\/lasentinelle.dz\/index.php\/wp-json\/wp\/v2\/media?parent=61443"}],"wp:term":[{"taxonomy":"category","embeddable":true,"href":"https:\/\/lasentinelle.dz\/index.php\/wp-json\/wp\/v2\/categories?post=61443"},{"taxonomy":"post_tag","embeddable":true,"href":"https:\/\/lasentinelle.dz\/index.php\/wp-json\/wp\/v2\/tags?post=61443"}],"curies":[{"name":"wp","href":"https:\/\/api.w.org\/{rel}","templated":true}]}}