{"id":61470,"date":"2025-01-09T12:07:28","date_gmt":"2025-01-09T11:07:28","guid":{"rendered":"https:\/\/lasentinelle.dz\/?p=61470"},"modified":"2025-01-12T12:08:02","modified_gmt":"2025-01-12T11:08:02","slug":"sahara-occidental-appel-au-renforcement-de-laction-des-mouvements-de-solidarite","status":"publish","type":"post","link":"https:\/\/lasentinelle.dz\/index.php\/2025\/01\/09\/sahara-occidental-appel-au-renforcement-de-laction-des-mouvements-de-solidarite\/","title":{"rendered":"Sahara occidental: Appel au renforcement de l&rsquo;action des mouvements de solidarit\u00e9"},"content":{"rendered":"\n<p>&nbsp;Les participants \u00e0 la cl\u00f4ture des travaux de la Conf\u00e9rence internationale de solidarit\u00e9 avec le peuple sahraoui, ont appel\u00e9, mardi depuis les camps de r\u00e9fugi\u00e9s sahraouis de Boujdour, au renforcement de l&rsquo;action des mouvements de solidarit\u00e9 avec la cause sahraouie. Dans leurs recommandations finales, des d\u00e9fenseurs des droits de l&rsquo;homme et des sympathisants de la cause du peuple sahraoui, ont \u00e9t\u00e9 unanimes sur la n\u00e9cessit\u00e9 de renforcer l&rsquo;action des mouvements de solidarit\u00e9 avec la cause sahraouie pour permettre au peuple sahraoui d&rsquo;exercer son droit \u00e0 l&rsquo;autod\u00e9termination et \u00e0 l&rsquo;ind\u00e9pendance. De nombreuses id\u00e9es ont \u00e9t\u00e9 formul\u00e9es lors de la derni\u00e8re s\u00e9ance de la conf\u00e9rence, qui seront adopt\u00e9es \u00e0 l&rsquo;avenir, telles que l&rsquo;ouverture d&rsquo;un site \u00e9lectronique pour la Conf\u00e9rence internationale de solidarit\u00e9 avec le peuple sahraoui, la cr\u00e9ation d&rsquo;une coordination permanente et la mise en place d&rsquo;un m\u00e9canisme de coordination permanent entre les militants solidaires avec la cause sahraouie. Les travaux de la derni\u00e8re journ\u00e9e de la conf\u00e9rence ont vu la pr\u00e9sence du Premier ministre sahraoui, Bouchraya Hamoudi Bayoune, du ministre de la Coop\u00e9ration de la R\u00e9publique arabe sahraouie d\u00e9mocratique, Fatma El Mehdi, de la secr\u00e9taire g\u00e9n\u00e9rale de l&rsquo;Union nationale des femmes sahraouies, Chaba Sini, et du ministre de la Jeunesse et des Sports, Hassinato Mohamed Cheblel. Le premier atelier de la conf\u00e9rence consacr\u00e9 au th\u00e8me de la solidarit\u00e9 avec la cause sahraouie, a \u00e9t\u00e9 marqu\u00e9 par l&rsquo;intervention du repr\u00e9sentant du Front Polisario \u00e0 Gen\u00e8ve Oubi Bouchraya Bachir, qui a pass\u00e9 en revue l&rsquo;histoire du soutien de la cause sahraouie en Europe, citant quelques exemples concrets en France, en Espagne, en Suisse, en Allemagne, en Australie et d&rsquo;autres pays. Dans un autre atelier autour du th\u00e8me du \u00ab\u00a0changement climatique et justice climatique\u00a0\u00bb, auquel a pris part la militante \u00e9cologiste su\u00e9doise, Greta Thunberg, les participants ont estim\u00e9 que la cause sahraouie fait partie des enjeux climatiques majeurs. Les intervenants ont \u00e9voqu\u00e9 les nombreux d\u00e9fis auxquels fait face le peuple sahraoui en vue de participer aux espaces d\u00e9di\u00e9s \u00e0 la justice climatique, \u00e0 l&rsquo;instar des conf\u00e9rences mondiales sur le climat. Les participants ont mis en exergue l&rsquo;importance d&rsquo;intensifier les campagnes visant \u00e0 garantir une pr\u00e9sence sahraouie dans ces espaces qui pr\u00f4nent la justice climatique, appelant dans ce contexte, \u00e0 la n\u00e9cessit\u00e9 d&rsquo;arr\u00eater le pillage syst\u00e9matique des richesses naturelles sahraouies tout en d\u00e9non\u00e7ant leur exploitation abusive qui, selon eux, menace la stabilit\u00e9 environnementale au Sahara occidental, un territoire sous occupation coloniale. La Conf\u00e9rence internationale de solidarit\u00e9 avec le peuple sahraoui qui s&rsquo;est d\u00e9roul\u00e9 sur trois jours, a r\u00e9uni des d\u00e9fenseurs des droits humains solidaires de la cause sahraouie provenant de 13 pays dont l&rsquo;Alg\u00e9rie, la Palestine, la Su\u00e8de, l&rsquo;Allemagne, l&rsquo;Espagne, le Japon, l&rsquo;Italie, la Colombie, la Croatie, le Chili, les Etats-Unis d&rsquo;Am\u00e9rique, le Portugal, ainsi que la Lituanie. Cet \u00e9v\u00e8nement international a permis aux participants de tenir des rencontres avec des responsables sahraouis du Front Polisario et d&rsquo;organiser des visites \u00e0 nombre de structures et d&rsquo;administrations sahraouies afin de mieux comprendre la souffrance du peuple sahraoui.<\/p>\n\n\n\n<p>APS<\/p>\n","protected":false},"excerpt":{"rendered":"<p>&nbsp;Les participants \u00e0 la cl\u00f4ture des travaux de la Conf\u00e9rence internationale de solidarit\u00e9 avec le peuple sahraoui, ont appel\u00e9, mardi<\/p>\n","protected":false},"author":6,"featured_media":57408,"comment_status":"open","ping_status":"closed","sticky":false,"template":"","format":"standard","meta":{"colormag_page_container_layout":"default_layout","colormag_page_sidebar_layout":"default_layout","om_disable_all_campaigns":false,"_monsterinsights_skip_tracking":false,"_monsterinsights_sitenote_active":false,"_monsterinsights_sitenote_note":"","_monsterinsights_sitenote_category":0,"footnotes":"","_wpscppro_dont_share_socialmedia":false,"_wpscppro_custom_social_share_image":0,"_facebook_share_type":"default","_twitter_share_type":"default","_linkedin_share_type":"default","_pinterest_share_type":"default","_linkedin_share_type_page":"","_instagram_share_type":"default","_medium_share_type":"default","_threads_share_type":"","_google_business_share_type":"","_selected_social_profile":[],"_wpsp_enable_custom_social_template":false,"_wpsp_social_scheduling":{"enabled":false,"datetime":null,"platforms":[],"status":"template_only","dateOption":"today","timeOption":"now","customDays":"","customHours":"","customDate":"","customTime":"","schedulingType":"absolute"},"_wpsp_active_default_template":true},"categories":[37],"tags":[],"class_list":["post-61470","post","type-post","status-publish","format-standard","has-post-thumbnail","hentry","category-monde"],"aioseo_notices":[],"yoast_head":"<!-- This site is optimized with the Yoast SEO plugin v27.5 - https:\/\/yoast.com\/product\/yoast-seo-wordpress\/ -->\n<title>Sahara occidental: Appel au renforcement de l&rsquo;action des mouvements de solidarit\u00e9 - La Sentinelle<\/title>\n<meta name=\"robots\" content=\"index, follow, max-snippet:-1, max-image-preview:large, max-video-preview:-1\" \/>\n<link rel=\"canonical\" href=\"https:\/\/lasentinelle.dz\/index.php\/2025\/01\/09\/sahara-occidental-appel-au-renforcement-de-laction-des-mouvements-de-solidarite\/\" \/>\n<meta property=\"og:locale\" content=\"fr_FR\" \/>\n<meta property=\"og:type\" content=\"article\" \/>\n<meta property=\"og:title\" content=\"Sahara occidental: Appel au renforcement de l&rsquo;action des mouvements de solidarit\u00e9 - La Sentinelle\" \/>\n<meta property=\"og:description\" content=\"&nbsp;Les participants \u00e0 la cl\u00f4ture des travaux de la Conf\u00e9rence internationale de solidarit\u00e9 avec le peuple sahraoui, ont appel\u00e9, mardi\" \/>\n<meta property=\"og:url\" content=\"https:\/\/lasentinelle.dz\/index.php\/2025\/01\/09\/sahara-occidental-appel-au-renforcement-de-laction-des-mouvements-de-solidarite\/\" \/>\n<meta property=\"og:site_name\" content=\"La Sentinelle\" \/>\n<meta property=\"article:publisher\" content=\"https:\/\/www.facebook.com\/La-Sentinelle-104059864394773\" \/>\n<meta property=\"article:published_time\" content=\"2025-01-09T11:07:28+00:00\" \/>\n<meta property=\"article:modified_time\" content=\"2025-01-12T11:08:02+00:00\" \/>\n<meta property=\"og:image\" content=\"https:\/\/lasentinelle.dz\/wp-content\/uploads\/2024\/09\/sahara-occidental.jpg\" \/>\n\t<meta property=\"og:image:width\" content=\"580\" \/>\n\t<meta property=\"og:image:height\" content=\"350\" \/>\n\t<meta property=\"og:image:type\" content=\"image\/jpeg\" \/>\n<meta name=\"author\" content=\"admin\" \/>\n<meta name=\"twitter:card\" content=\"summary_large_image\" \/>\n<meta name=\"twitter:label1\" content=\"\u00c9crit par\" \/>\n\t<meta name=\"twitter:data1\" content=\"admin\" \/>\n\t<meta name=\"twitter:label2\" content=\"Dur\u00e9e de lecture estim\u00e9e\" \/>\n\t<meta name=\"twitter:data2\" content=\"3 minutes\" \/>\n<script type=\"application\/ld+json\" class=\"yoast-schema-graph\">{\"@context\":\"https:\\\/\\\/schema.org\",\"@graph\":[{\"@type\":\"Article\",\"@id\":\"https:\\\/\\\/lasentinelle.dz\\\/index.php\\\/2025\\\/01\\\/09\\\/sahara-occidental-appel-au-renforcement-de-laction-des-mouvements-de-solidarite\\\/#article\",\"isPartOf\":{\"@id\":\"https:\\\/\\\/lasentinelle.dz\\\/index.php\\\/2025\\\/01\\\/09\\\/sahara-occidental-appel-au-renforcement-de-laction-des-mouvements-de-solidarite\\\/\"},\"author\":{\"name\":\"admin\",\"@id\":\"https:\\\/\\\/lasentinelle.dz\\\/#\\\/schema\\\/person\\\/729ee0024f24e0b8c5ec17232f8e8b41\"},\"headline\":\"Sahara occidental: Appel au renforcement de l&rsquo;action des mouvements de solidarit\u00e9\",\"datePublished\":\"2025-01-09T11:07:28+00:00\",\"dateModified\":\"2025-01-12T11:08:02+00:00\",\"mainEntityOfPage\":{\"@id\":\"https:\\\/\\\/lasentinelle.dz\\\/index.php\\\/2025\\\/01\\\/09\\\/sahara-occidental-appel-au-renforcement-de-laction-des-mouvements-de-solidarite\\\/\"},\"wordCount\":574,\"commentCount\":0,\"publisher\":{\"@id\":\"https:\\\/\\\/lasentinelle.dz\\\/#organization\"},\"image\":{\"@id\":\"https:\\\/\\\/lasentinelle.dz\\\/index.php\\\/2025\\\/01\\\/09\\\/sahara-occidental-appel-au-renforcement-de-laction-des-mouvements-de-solidarite\\\/#primaryimage\"},\"thumbnailUrl\":\"https:\\\/\\\/lasentinelle.dz\\\/wp-content\\\/uploads\\\/2024\\\/09\\\/sahara-occidental.jpg\",\"articleSection\":[\"Monde\"],\"inLanguage\":\"fr-FR\",\"potentialAction\":[{\"@type\":\"CommentAction\",\"name\":\"Comment\",\"target\":[\"https:\\\/\\\/lasentinelle.dz\\\/index.php\\\/2025\\\/01\\\/09\\\/sahara-occidental-appel-au-renforcement-de-laction-des-mouvements-de-solidarite\\\/#respond\"]}]},{\"@type\":\"WebPage\",\"@id\":\"https:\\\/\\\/lasentinelle.dz\\\/index.php\\\/2025\\\/01\\\/09\\\/sahara-occidental-appel-au-renforcement-de-laction-des-mouvements-de-solidarite\\\/\",\"url\":\"https:\\\/\\\/lasentinelle.dz\\\/index.php\\\/2025\\\/01\\\/09\\\/sahara-occidental-appel-au-renforcement-de-laction-des-mouvements-de-solidarite\\\/\",\"name\":\"Sahara occidental: Appel au renforcement de l&rsquo;action des mouvements de solidarit\u00e9 - La Sentinelle\",\"isPartOf\":{\"@id\":\"https:\\\/\\\/lasentinelle.dz\\\/#website\"},\"primaryImageOfPage\":{\"@id\":\"https:\\\/\\\/lasentinelle.dz\\\/index.php\\\/2025\\\/01\\\/09\\\/sahara-occidental-appel-au-renforcement-de-laction-des-mouvements-de-solidarite\\\/#primaryimage\"},\"image\":{\"@id\":\"https:\\\/\\\/lasentinelle.dz\\\/index.php\\\/2025\\\/01\\\/09\\\/sahara-occidental-appel-au-renforcement-de-laction-des-mouvements-de-solidarite\\\/#primaryimage\"},\"thumbnailUrl\":\"https:\\\/\\\/lasentinelle.dz\\\/wp-content\\\/uploads\\\/2024\\\/09\\\/sahara-occidental.jpg\",\"datePublished\":\"2025-01-09T11:07:28+00:00\",\"dateModified\":\"2025-01-12T11:08:02+00:00\",\"breadcrumb\":{\"@id\":\"https:\\\/\\\/lasentinelle.dz\\\/index.php\\\/2025\\\/01\\\/09\\\/sahara-occidental-appel-au-renforcement-de-laction-des-mouvements-de-solidarite\\\/#breadcrumb\"},\"inLanguage\":\"fr-FR\",\"potentialAction\":[{\"@type\":\"ReadAction\",\"target\":[\"https:\\\/\\\/lasentinelle.dz\\\/index.php\\\/2025\\\/01\\\/09\\\/sahara-occidental-appel-au-renforcement-de-laction-des-mouvements-de-solidarite\\\/\"]}]},{\"@type\":\"ImageObject\",\"inLanguage\":\"fr-FR\",\"@id\":\"https:\\\/\\\/lasentinelle.dz\\\/index.php\\\/2025\\\/01\\\/09\\\/sahara-occidental-appel-au-renforcement-de-laction-des-mouvements-de-solidarite\\\/#primaryimage\",\"url\":\"https:\\\/\\\/lasentinelle.dz\\\/wp-content\\\/uploads\\\/2024\\\/09\\\/sahara-occidental.jpg\",\"contentUrl\":\"https:\\\/\\\/lasentinelle.dz\\\/wp-content\\\/uploads\\\/2024\\\/09\\\/sahara-occidental.jpg\",\"width\":580,\"height\":350},{\"@type\":\"BreadcrumbList\",\"@id\":\"https:\\\/\\\/lasentinelle.dz\\\/index.php\\\/2025\\\/01\\\/09\\\/sahara-occidental-appel-au-renforcement-de-laction-des-mouvements-de-solidarite\\\/#breadcrumb\",\"itemListElement\":[{\"@type\":\"ListItem\",\"position\":1,\"name\":\"Accueil\",\"item\":\"https:\\\/\\\/lasentinelle.dz\\\/\"},{\"@type\":\"ListItem\",\"position\":2,\"name\":\"Sahara occidental: Appel au renforcement de l&rsquo;action des mouvements de solidarit\u00e9\"}]},{\"@type\":\"WebSite\",\"@id\":\"https:\\\/\\\/lasentinelle.dz\\\/#website\",\"url\":\"https:\\\/\\\/lasentinelle.dz\\\/\",\"name\":\"La Sentinelle\",\"description\":\"Quotidien national d&#039;information\",\"publisher\":{\"@id\":\"https:\\\/\\\/lasentinelle.dz\\\/#organization\"},\"potentialAction\":[{\"@type\":\"SearchAction\",\"target\":{\"@type\":\"EntryPoint\",\"urlTemplate\":\"https:\\\/\\\/lasentinelle.dz\\\/?s={search_term_string}\"},\"query-input\":{\"@type\":\"PropertyValueSpecification\",\"valueRequired\":true,\"valueName\":\"search_term_string\"}}],\"inLanguage\":\"fr-FR\"},{\"@type\":\"Organization\",\"@id\":\"https:\\\/\\\/lasentinelle.dz\\\/#organization\",\"name\":\"Quotidien La Sentinelle\",\"url\":\"https:\\\/\\\/lasentinelle.dz\\\/\",\"logo\":{\"@type\":\"ImageObject\",\"inLanguage\":\"fr-FR\",\"@id\":\"https:\\\/\\\/lasentinelle.dz\\\/#\\\/schema\\\/logo\\\/image\\\/\",\"url\":\"https:\\\/\\\/lasentinelle.dz\\\/wp-content\\\/uploads\\\/2021\\\/09\\\/logo-sentinelleSLOGAN-1.png\",\"contentUrl\":\"https:\\\/\\\/lasentinelle.dz\\\/wp-content\\\/uploads\\\/2021\\\/09\\\/logo-sentinelleSLOGAN-1.png\",\"width\":615,\"height\":142,\"caption\":\"Quotidien La Sentinelle\"},\"image\":{\"@id\":\"https:\\\/\\\/lasentinelle.dz\\\/#\\\/schema\\\/logo\\\/image\\\/\"},\"sameAs\":[\"https:\\\/\\\/www.facebook.com\\\/La-Sentinelle-104059864394773\"]},{\"@type\":\"Person\",\"@id\":\"https:\\\/\\\/lasentinelle.dz\\\/#\\\/schema\\\/person\\\/729ee0024f24e0b8c5ec17232f8e8b41\",\"name\":\"admin\",\"image\":{\"@type\":\"ImageObject\",\"inLanguage\":\"fr-FR\",\"@id\":\"https:\\\/\\\/secure.gravatar.com\\\/avatar\\\/4c81fed838786e9b53f540bf46533e750f5d292099ae3b66cfc6fb1982e29df7?s=96&d=mm&r=g\",\"url\":\"https:\\\/\\\/secure.gravatar.com\\\/avatar\\\/4c81fed838786e9b53f540bf46533e750f5d292099ae3b66cfc6fb1982e29df7?s=96&d=mm&r=g\",\"contentUrl\":\"https:\\\/\\\/secure.gravatar.com\\\/avatar\\\/4c81fed838786e9b53f540bf46533e750f5d292099ae3b66cfc6fb1982e29df7?s=96&d=mm&r=g\",\"caption\":\"admin\"},\"description\":\"admin\",\"url\":\"https:\\\/\\\/lasentinelle.dz\\\/author\\\/admin\\\/\"}]}<\/script>\n<!-- \/ Yoast SEO plugin. -->","yoast_head_json":{"title":"Sahara occidental: Appel au renforcement de l&rsquo;action des mouvements de solidarit\u00e9 - La Sentinelle","robots":{"index":"index","follow":"follow","max-snippet":"max-snippet:-1","max-image-preview":"max-image-preview:large","max-video-preview":"max-video-preview:-1"},"canonical":"https:\/\/lasentinelle.dz\/index.php\/2025\/01\/09\/sahara-occidental-appel-au-renforcement-de-laction-des-mouvements-de-solidarite\/","og_locale":"fr_FR","og_type":"article","og_title":"Sahara occidental: Appel au renforcement de l&rsquo;action des mouvements de solidarit\u00e9 - La Sentinelle","og_description":"&nbsp;Les participants \u00e0 la cl\u00f4ture des travaux de la Conf\u00e9rence internationale de solidarit\u00e9 avec le peuple sahraoui, ont appel\u00e9, mardi","og_url":"https:\/\/lasentinelle.dz\/index.php\/2025\/01\/09\/sahara-occidental-appel-au-renforcement-de-laction-des-mouvements-de-solidarite\/","og_site_name":"La Sentinelle","article_publisher":"https:\/\/www.facebook.com\/La-Sentinelle-104059864394773","article_published_time":"2025-01-09T11:07:28+00:00","article_modified_time":"2025-01-12T11:08:02+00:00","og_image":[{"width":580,"height":350,"url":"https:\/\/lasentinelle.dz\/wp-content\/uploads\/2024\/09\/sahara-occidental.jpg","type":"image\/jpeg"}],"author":"admin","twitter_card":"summary_large_image","twitter_misc":{"\u00c9crit par":"admin","Dur\u00e9e de lecture estim\u00e9e":"3 minutes"},"schema":{"@context":"https:\/\/schema.org","@graph":[{"@type":"Article","@id":"https:\/\/lasentinelle.dz\/index.php\/2025\/01\/09\/sahara-occidental-appel-au-renforcement-de-laction-des-mouvements-de-solidarite\/#article","isPartOf":{"@id":"https:\/\/lasentinelle.dz\/index.php\/2025\/01\/09\/sahara-occidental-appel-au-renforcement-de-laction-des-mouvements-de-solidarite\/"},"author":{"name":"admin","@id":"https:\/\/lasentinelle.dz\/#\/schema\/person\/729ee0024f24e0b8c5ec17232f8e8b41"},"headline":"Sahara occidental: Appel au renforcement de l&rsquo;action des mouvements de solidarit\u00e9","datePublished":"2025-01-09T11:07:28+00:00","dateModified":"2025-01-12T11:08:02+00:00","mainEntityOfPage":{"@id":"https:\/\/lasentinelle.dz\/index.php\/2025\/01\/09\/sahara-occidental-appel-au-renforcement-de-laction-des-mouvements-de-solidarite\/"},"wordCount":574,"commentCount":0,"publisher":{"@id":"https:\/\/lasentinelle.dz\/#organization"},"image":{"@id":"https:\/\/lasentinelle.dz\/index.php\/2025\/01\/09\/sahara-occidental-appel-au-renforcement-de-laction-des-mouvements-de-solidarite\/#primaryimage"},"thumbnailUrl":"https:\/\/lasentinelle.dz\/wp-content\/uploads\/2024\/09\/sahara-occidental.jpg","articleSection":["Monde"],"inLanguage":"fr-FR","potentialAction":[{"@type":"CommentAction","name":"Comment","target":["https:\/\/lasentinelle.dz\/index.php\/2025\/01\/09\/sahara-occidental-appel-au-renforcement-de-laction-des-mouvements-de-solidarite\/#respond"]}]},{"@type":"WebPage","@id":"https:\/\/lasentinelle.dz\/index.php\/2025\/01\/09\/sahara-occidental-appel-au-renforcement-de-laction-des-mouvements-de-solidarite\/","url":"https:\/\/lasentinelle.dz\/index.php\/2025\/01\/09\/sahara-occidental-appel-au-renforcement-de-laction-des-mouvements-de-solidarite\/","name":"Sahara occidental: Appel au renforcement de l&rsquo;action des mouvements de solidarit\u00e9 - La Sentinelle","isPartOf":{"@id":"https:\/\/lasentinelle.dz\/#website"},"primaryImageOfPage":{"@id":"https:\/\/lasentinelle.dz\/index.php\/2025\/01\/09\/sahara-occidental-appel-au-renforcement-de-laction-des-mouvements-de-solidarite\/#primaryimage"},"image":{"@id":"https:\/\/lasentinelle.dz\/index.php\/2025\/01\/09\/sahara-occidental-appel-au-renforcement-de-laction-des-mouvements-de-solidarite\/#primaryimage"},"thumbnailUrl":"https:\/\/lasentinelle.dz\/wp-content\/uploads\/2024\/09\/sahara-occidental.jpg","datePublished":"2025-01-09T11:07:28+00:00","dateModified":"2025-01-12T11:08:02+00:00","breadcrumb":{"@id":"https:\/\/lasentinelle.dz\/index.php\/2025\/01\/09\/sahara-occidental-appel-au-renforcement-de-laction-des-mouvements-de-solidarite\/#breadcrumb"},"inLanguage":"fr-FR","potentialAction":[{"@type":"ReadAction","target":["https:\/\/lasentinelle.dz\/index.php\/2025\/01\/09\/sahara-occidental-appel-au-renforcement-de-laction-des-mouvements-de-solidarite\/"]}]},{"@type":"ImageObject","inLanguage":"fr-FR","@id":"https:\/\/lasentinelle.dz\/index.php\/2025\/01\/09\/sahara-occidental-appel-au-renforcement-de-laction-des-mouvements-de-solidarite\/#primaryimage","url":"https:\/\/lasentinelle.dz\/wp-content\/uploads\/2024\/09\/sahara-occidental.jpg","contentUrl":"https:\/\/lasentinelle.dz\/wp-content\/uploads\/2024\/09\/sahara-occidental.jpg","width":580,"height":350},{"@type":"BreadcrumbList","@id":"https:\/\/lasentinelle.dz\/index.php\/2025\/01\/09\/sahara-occidental-appel-au-renforcement-de-laction-des-mouvements-de-solidarite\/#breadcrumb","itemListElement":[{"@type":"ListItem","position":1,"name":"Accueil","item":"https:\/\/lasentinelle.dz\/"},{"@type":"ListItem","position":2,"name":"Sahara occidental: Appel au renforcement de l&rsquo;action des mouvements de solidarit\u00e9"}]},{"@type":"WebSite","@id":"https:\/\/lasentinelle.dz\/#website","url":"https:\/\/lasentinelle.dz\/","name":"La Sentinelle","description":"Quotidien national d&#039;information","publisher":{"@id":"https:\/\/lasentinelle.dz\/#organization"},"potentialAction":[{"@type":"SearchAction","target":{"@type":"EntryPoint","urlTemplate":"https:\/\/lasentinelle.dz\/?s={search_term_string}"},"query-input":{"@type":"PropertyValueSpecification","valueRequired":true,"valueName":"search_term_string"}}],"inLanguage":"fr-FR"},{"@type":"Organization","@id":"https:\/\/lasentinelle.dz\/#organization","name":"Quotidien La Sentinelle","url":"https:\/\/lasentinelle.dz\/","logo":{"@type":"ImageObject","inLanguage":"fr-FR","@id":"https:\/\/lasentinelle.dz\/#\/schema\/logo\/image\/","url":"https:\/\/lasentinelle.dz\/wp-content\/uploads\/2021\/09\/logo-sentinelleSLOGAN-1.png","contentUrl":"https:\/\/lasentinelle.dz\/wp-content\/uploads\/2021\/09\/logo-sentinelleSLOGAN-1.png","width":615,"height":142,"caption":"Quotidien La Sentinelle"},"image":{"@id":"https:\/\/lasentinelle.dz\/#\/schema\/logo\/image\/"},"sameAs":["https:\/\/www.facebook.com\/La-Sentinelle-104059864394773"]},{"@type":"Person","@id":"https:\/\/lasentinelle.dz\/#\/schema\/person\/729ee0024f24e0b8c5ec17232f8e8b41","name":"admin","image":{"@type":"ImageObject","inLanguage":"fr-FR","@id":"https:\/\/secure.gravatar.com\/avatar\/4c81fed838786e9b53f540bf46533e750f5d292099ae3b66cfc6fb1982e29df7?s=96&d=mm&r=g","url":"https:\/\/secure.gravatar.com\/avatar\/4c81fed838786e9b53f540bf46533e750f5d292099ae3b66cfc6fb1982e29df7?s=96&d=mm&r=g","contentUrl":"https:\/\/secure.gravatar.com\/avatar\/4c81fed838786e9b53f540bf46533e750f5d292099ae3b66cfc6fb1982e29df7?s=96&d=mm&r=g","caption":"admin"},"description":"admin","url":"https:\/\/lasentinelle.dz\/author\/admin\/"}]}},"_links":{"self":[{"href":"https:\/\/lasentinelle.dz\/index.php\/wp-json\/wp\/v2\/posts\/61470","targetHints":{"allow":["GET"]}}],"collection":[{"href":"https:\/\/lasentinelle.dz\/index.php\/wp-json\/wp\/v2\/posts"}],"about":[{"href":"https:\/\/lasentinelle.dz\/index.php\/wp-json\/wp\/v2\/types\/post"}],"author":[{"embeddable":true,"href":"https:\/\/lasentinelle.dz\/index.php\/wp-json\/wp\/v2\/users\/6"}],"replies":[{"embeddable":true,"href":"https:\/\/lasentinelle.dz\/index.php\/wp-json\/wp\/v2\/comments?post=61470"}],"version-history":[{"count":2,"href":"https:\/\/lasentinelle.dz\/index.php\/wp-json\/wp\/v2\/posts\/61470\/revisions"}],"predecessor-version":[{"id":61472,"href":"https:\/\/lasentinelle.dz\/index.php\/wp-json\/wp\/v2\/posts\/61470\/revisions\/61472"}],"wp:featuredmedia":[{"embeddable":true,"href":"https:\/\/lasentinelle.dz\/index.php\/wp-json\/wp\/v2\/media\/57408"}],"wp:attachment":[{"href":"https:\/\/lasentinelle.dz\/index.php\/wp-json\/wp\/v2\/media?parent=61470"}],"wp:term":[{"taxonomy":"category","embeddable":true,"href":"https:\/\/lasentinelle.dz\/index.php\/wp-json\/wp\/v2\/categories?post=61470"},{"taxonomy":"post_tag","embeddable":true,"href":"https:\/\/lasentinelle.dz\/index.php\/wp-json\/wp\/v2\/tags?post=61470"}],"curies":[{"name":"wp","href":"https:\/\/api.w.org\/{rel}","templated":true}]}}