{"id":61509,"date":"2025-01-09T12:23:13","date_gmt":"2025-01-09T11:23:13","guid":{"rendered":"https:\/\/lasentinelle.dz\/?p=61509"},"modified":"2025-01-12T12:24:11","modified_gmt":"2025-01-12T11:24:11","slug":"74-enfants-ont-perdu-la-vie-en-7-jours-un-debut-dannee-tragique-a-ghaza","status":"publish","type":"post","link":"https:\/\/lasentinelle.dz\/index.php\/2025\/01\/09\/74-enfants-ont-perdu-la-vie-en-7-jours-un-debut-dannee-tragique-a-ghaza\/","title":{"rendered":"74 enfants ont perdu la vie en 7 jours : Un d\u00e9but d\u2019ann\u00e9e tragique \u00e0 Ghaza"},"content":{"rendered":"\n<p>Le d\u00e9but de l&rsquo;ann\u00e9e 2025 s&rsquo;annonce particuli\u00e8rement tragique pour les Palestiniens de Ghaza, alors que l&rsquo;agression g\u00e9nocidaire sioniste se poursuit sans rel\u00e2che contre l&rsquo;enclave assi\u00e9g\u00e9e. Le bilan humain ne cesse de s&rsquo;alourdir, atteignant d\u00e9sormais 45.936 martyrs et 109.274 bless\u00e9s depuis le d\u00e9but de l&rsquo;offensive le 7 octobre 2023, selon les derniers chiffres communiqu\u00e9s par les autorit\u00e9s sanitaires palestiniennes. L&rsquo;UNICEF a sonn\u00e9 l&rsquo;alarme face \u00e0 la situation d\u00e9sastreuse des enfants dans la bande de Ghaza, r\u00e9v\u00e9lant qu&rsquo;au moins 74 d&rsquo;entre eux ont perdu la vie lors des sept premiers jours de 2025. Ces jeunes victimes ont p\u00e9ri dans diverses attaques sionistes, notamment \u00e0 Ghaza-ville, Khan Younes et Al Mawasi, o\u00f9 la derni\u00e8re frappe en date a co\u00fbt\u00e9 la vie \u00e0 cinq enfants. La directrice g\u00e9n\u00e9rale de l&rsquo;UNICEF, Catherine Russell, a d\u00e9nonc\u00e9 cette situation intol\u00e9rable, soulignant que \u00ab\u00a0la nouvelle ann\u00e9e a \u00e9t\u00e9 marqu\u00e9e par davantage de morts et de souffrances dues aux attaques, aux privations et \u00e0 une exposition accrue au froid\u00a0\u00bb. Elle a appel\u00e9 \u00e0 l&rsquo;instauration d&rsquo;un cessez-le-feu qui \u00ab\u00a0aurait d\u00fb \u00eatre mis en place depuis longtemps\u00a0\u00bb. La situation humanitaire devient particuli\u00e8rement critique avec l&rsquo;arriv\u00e9e de l&rsquo;hiver. Huit nourrissons et nouveau-n\u00e9s sont d\u00e9j\u00e0 morts d&rsquo;hypothermie depuis le 26 d\u00e9cembre, victimes de leur incapacit\u00e9 \u00e0 r\u00e9guler leur temp\u00e9rature corporelle dans des conditions de vie extr\u00eamement pr\u00e9caires. La F\u00e9d\u00e9ration internationale des soci\u00e9t\u00e9s de la Croix-Rouge et du Croissant-Rouge (FICR) a tir\u00e9 la sonnette d&rsquo;alarme face aux fortes pluies et aux inondations qui ont rendu inhabitables les abris de fortune, avec jusqu&rsquo;\u00e0 30 centim\u00e8tres d&rsquo;eau \u00e0 l&rsquo;int\u00e9rieur des tentes. Son secr\u00e9taire g\u00e9n\u00e9ral, Jagan Chapagain, a lanc\u00e9 un avertissement grave : \u00ab\u00a0Sans un acc\u00e8s s\u00fbr, les enfants vont mourir de froid. Sans un acc\u00e8s s\u00fbr, les familles vont mourir de faim. Sans un acc\u00e8s s\u00fbr, les travailleurs humanitaires ne peuvent pas sauver des vies\u00a0\u00bb. L&rsquo;acharnement de l&rsquo;arm\u00e9e d\u2019occupation sioniste se poursuit sans r\u00e9pit. Au cours des derni\u00e8res 24 heures, six nouveaux massacres ont \u00e9t\u00e9 perp\u00e9tr\u00e9s, faisant 51 martyrs et 78 bless\u00e9s. Les bombardements a\u00e9riens, terrestres et maritimes continuent de cibler indistinctement les centres d&rsquo;h\u00e9bergement et les habitations civiles. \u00c0 Khan Younes comme \u00e0 Ghaza-ville, les frappes meurtri\u00e8res n&rsquo;\u00e9pargnent ni les enfants ni les femmes. Un nourrisson est tomb\u00e9 en martyr dans un bombardement ciblant une maison dans la ville de Ghaza, tandis que les \u00e9quipes de secours ont r\u00e9cup\u00e9r\u00e9 le corps d&rsquo;un autre martyr suite \u00e0 une frappe dans la r\u00e9gion de Cheikh Radwan. Face \u00e0 cette situation dramatique, la mobilisation internationale se poursuit. \u00c0 New York, des manifestants se sont rassembl\u00e9s devant l&rsquo;h\u00f4pital Tisch pour exiger la lib\u00e9ration des professionnels de sant\u00e9 palestiniens d\u00e9tenus dans les prisons sionistes, brandissant les photos du personnel m\u00e9dical emprisonn\u00e9. Une manifestation similaire s&rsquo;est tenue \u00e0 San Francisco, t\u00e9moignant de la solidarit\u00e9 croissante avec le peuple palestinien. La Grande-Bretagne a, de son c\u00f4t\u00e9, pris position en r\u00e9affirmant son soutien \u00e0 l&rsquo;UNRWA, d\u00e9non\u00e7ant la d\u00e9cision de l&rsquo;entit\u00e9 sioniste d&rsquo;interdire les activit\u00e9s de l&rsquo;agence dans les territoires palestiniens occup\u00e9s. La secr\u00e9taire d&rsquo;\u00c9tat britannique au D\u00e9veloppement, Anneliese Dodds, a soulign\u00e9 qu&rsquo;aucune autre organisation n&rsquo;\u00e9tait capable de fournir une aide comparable \u00e0 celle de l&rsquo;UNRWA, non seulement \u00e0 Ghaza mais dans toute la r\u00e9gion. Pendant ce temps, le Conseil national palestinien a mis en garde contre les graves cons\u00e9quences de l&rsquo;interdiction des activit\u00e9s de l&rsquo;UNRWA, qui devrait entrer en vigueur fin janvier, la qualifiant de \u00ab\u00a0d\u00e9cision injuste\u00a0\u00bb qui repr\u00e9sente une dangereuse escalade contre les r\u00e9fugi\u00e9s palestiniens, particuli\u00e8rement dans une bande de Ghaza d\u00e9j\u00e0 soumise depuis plus de 15 mois \u00e0 un si\u00e8ge renforc\u00e9, \u00e0 la famine et \u00e0 une d\u00e9t\u00e9rioration catastrophique des conditions humanitaires.<\/p>\n\n\n\n<p><strong>Lyes Sa\u00efdi<\/strong><\/p>\n","protected":false},"excerpt":{"rendered":"<p>Le d\u00e9but de l&rsquo;ann\u00e9e 2025 s&rsquo;annonce particuli\u00e8rement tragique pour les Palestiniens de Ghaza, alors que l&rsquo;agression g\u00e9nocidaire sioniste se poursuit<\/p>\n","protected":false},"author":6,"featured_media":61510,"comment_status":"open","ping_status":"closed","sticky":false,"template":"","format":"standard","meta":{"colormag_page_container_layout":"default_layout","colormag_page_sidebar_layout":"default_layout","om_disable_all_campaigns":false,"_monsterinsights_skip_tracking":false,"_monsterinsights_sitenote_active":false,"_monsterinsights_sitenote_note":"","_monsterinsights_sitenote_category":0,"footnotes":"","_wpscppro_dont_share_socialmedia":false,"_wpscppro_custom_social_share_image":0,"_facebook_share_type":"default","_twitter_share_type":"default","_linkedin_share_type":"default","_pinterest_share_type":"default","_linkedin_share_type_page":"","_instagram_share_type":"default","_medium_share_type":"default","_threads_share_type":"","_google_business_share_type":"","_selected_social_profile":[],"_wpsp_enable_custom_social_template":false,"_wpsp_social_scheduling":{"enabled":false,"datetime":null,"platforms":[],"status":"template_only","dateOption":"today","timeOption":"now","customDays":"","customHours":"","customDate":"","customTime":"","schedulingType":"absolute"},"_wpsp_active_default_template":true},"categories":[27],"tags":[],"class_list":["post-61509","post","type-post","status-publish","format-standard","has-post-thumbnail","hentry","category-actualite"],"aioseo_notices":[],"yoast_head":"<!-- This site is optimized with the Yoast SEO plugin v27.5 - https:\/\/yoast.com\/product\/yoast-seo-wordpress\/ -->\n<title>74 enfants ont perdu la vie en 7 jours : Un d\u00e9but d\u2019ann\u00e9e tragique \u00e0 Ghaza - La Sentinelle<\/title>\n<meta name=\"robots\" content=\"index, follow, max-snippet:-1, max-image-preview:large, max-video-preview:-1\" \/>\n<link rel=\"canonical\" href=\"https:\/\/lasentinelle.dz\/index.php\/2025\/01\/09\/74-enfants-ont-perdu-la-vie-en-7-jours-un-debut-dannee-tragique-a-ghaza\/\" \/>\n<meta property=\"og:locale\" content=\"fr_FR\" \/>\n<meta property=\"og:type\" content=\"article\" \/>\n<meta property=\"og:title\" content=\"74 enfants ont perdu la vie en 7 jours : Un d\u00e9but d\u2019ann\u00e9e tragique \u00e0 Ghaza - La Sentinelle\" \/>\n<meta property=\"og:description\" content=\"Le d\u00e9but de l&rsquo;ann\u00e9e 2025 s&rsquo;annonce particuli\u00e8rement tragique pour les Palestiniens de Ghaza, alors que l&rsquo;agression g\u00e9nocidaire sioniste se poursuit\" \/>\n<meta property=\"og:url\" content=\"https:\/\/lasentinelle.dz\/index.php\/2025\/01\/09\/74-enfants-ont-perdu-la-vie-en-7-jours-un-debut-dannee-tragique-a-ghaza\/\" \/>\n<meta property=\"og:site_name\" content=\"La Sentinelle\" \/>\n<meta property=\"article:publisher\" content=\"https:\/\/www.facebook.com\/La-Sentinelle-104059864394773\" \/>\n<meta property=\"article:published_time\" content=\"2025-01-09T11:23:13+00:00\" \/>\n<meta property=\"article:modified_time\" content=\"2025-01-12T11:24:11+00:00\" \/>\n<meta property=\"og:image\" content=\"https:\/\/lasentinelle.dz\/wp-content\/uploads\/2025\/01\/ghaza.jpeg\" \/>\n\t<meta property=\"og:image:width\" content=\"225\" \/>\n\t<meta property=\"og:image:height\" content=\"225\" \/>\n\t<meta property=\"og:image:type\" content=\"image\/jpeg\" \/>\n<meta name=\"author\" content=\"admin\" \/>\n<meta name=\"twitter:card\" content=\"summary_large_image\" \/>\n<meta name=\"twitter:label1\" content=\"\u00c9crit par\" \/>\n\t<meta name=\"twitter:data1\" content=\"admin\" \/>\n\t<meta name=\"twitter:label2\" content=\"Dur\u00e9e de lecture estim\u00e9e\" \/>\n\t<meta name=\"twitter:data2\" content=\"4 minutes\" \/>\n<script type=\"application\/ld+json\" class=\"yoast-schema-graph\">{\"@context\":\"https:\\\/\\\/schema.org\",\"@graph\":[{\"@type\":\"Article\",\"@id\":\"https:\\\/\\\/lasentinelle.dz\\\/index.php\\\/2025\\\/01\\\/09\\\/74-enfants-ont-perdu-la-vie-en-7-jours-un-debut-dannee-tragique-a-ghaza\\\/#article\",\"isPartOf\":{\"@id\":\"https:\\\/\\\/lasentinelle.dz\\\/index.php\\\/2025\\\/01\\\/09\\\/74-enfants-ont-perdu-la-vie-en-7-jours-un-debut-dannee-tragique-a-ghaza\\\/\"},\"author\":{\"name\":\"admin\",\"@id\":\"https:\\\/\\\/lasentinelle.dz\\\/#\\\/schema\\\/person\\\/729ee0024f24e0b8c5ec17232f8e8b41\"},\"headline\":\"74 enfants ont perdu la vie en 7 jours : Un d\u00e9but d\u2019ann\u00e9e tragique \u00e0 Ghaza\",\"datePublished\":\"2025-01-09T11:23:13+00:00\",\"dateModified\":\"2025-01-12T11:24:11+00:00\",\"mainEntityOfPage\":{\"@id\":\"https:\\\/\\\/lasentinelle.dz\\\/index.php\\\/2025\\\/01\\\/09\\\/74-enfants-ont-perdu-la-vie-en-7-jours-un-debut-dannee-tragique-a-ghaza\\\/\"},\"wordCount\":700,\"commentCount\":0,\"publisher\":{\"@id\":\"https:\\\/\\\/lasentinelle.dz\\\/#organization\"},\"image\":{\"@id\":\"https:\\\/\\\/lasentinelle.dz\\\/index.php\\\/2025\\\/01\\\/09\\\/74-enfants-ont-perdu-la-vie-en-7-jours-un-debut-dannee-tragique-a-ghaza\\\/#primaryimage\"},\"thumbnailUrl\":\"https:\\\/\\\/lasentinelle.dz\\\/wp-content\\\/uploads\\\/2025\\\/01\\\/ghaza.jpeg\",\"articleSection\":[\"Actualit\u00e9\"],\"inLanguage\":\"fr-FR\",\"potentialAction\":[{\"@type\":\"CommentAction\",\"name\":\"Comment\",\"target\":[\"https:\\\/\\\/lasentinelle.dz\\\/index.php\\\/2025\\\/01\\\/09\\\/74-enfants-ont-perdu-la-vie-en-7-jours-un-debut-dannee-tragique-a-ghaza\\\/#respond\"]}]},{\"@type\":\"WebPage\",\"@id\":\"https:\\\/\\\/lasentinelle.dz\\\/index.php\\\/2025\\\/01\\\/09\\\/74-enfants-ont-perdu-la-vie-en-7-jours-un-debut-dannee-tragique-a-ghaza\\\/\",\"url\":\"https:\\\/\\\/lasentinelle.dz\\\/index.php\\\/2025\\\/01\\\/09\\\/74-enfants-ont-perdu-la-vie-en-7-jours-un-debut-dannee-tragique-a-ghaza\\\/\",\"name\":\"74 enfants ont perdu la vie en 7 jours : Un d\u00e9but d\u2019ann\u00e9e tragique \u00e0 Ghaza - La Sentinelle\",\"isPartOf\":{\"@id\":\"https:\\\/\\\/lasentinelle.dz\\\/#website\"},\"primaryImageOfPage\":{\"@id\":\"https:\\\/\\\/lasentinelle.dz\\\/index.php\\\/2025\\\/01\\\/09\\\/74-enfants-ont-perdu-la-vie-en-7-jours-un-debut-dannee-tragique-a-ghaza\\\/#primaryimage\"},\"image\":{\"@id\":\"https:\\\/\\\/lasentinelle.dz\\\/index.php\\\/2025\\\/01\\\/09\\\/74-enfants-ont-perdu-la-vie-en-7-jours-un-debut-dannee-tragique-a-ghaza\\\/#primaryimage\"},\"thumbnailUrl\":\"https:\\\/\\\/lasentinelle.dz\\\/wp-content\\\/uploads\\\/2025\\\/01\\\/ghaza.jpeg\",\"datePublished\":\"2025-01-09T11:23:13+00:00\",\"dateModified\":\"2025-01-12T11:24:11+00:00\",\"breadcrumb\":{\"@id\":\"https:\\\/\\\/lasentinelle.dz\\\/index.php\\\/2025\\\/01\\\/09\\\/74-enfants-ont-perdu-la-vie-en-7-jours-un-debut-dannee-tragique-a-ghaza\\\/#breadcrumb\"},\"inLanguage\":\"fr-FR\",\"potentialAction\":[{\"@type\":\"ReadAction\",\"target\":[\"https:\\\/\\\/lasentinelle.dz\\\/index.php\\\/2025\\\/01\\\/09\\\/74-enfants-ont-perdu-la-vie-en-7-jours-un-debut-dannee-tragique-a-ghaza\\\/\"]}]},{\"@type\":\"ImageObject\",\"inLanguage\":\"fr-FR\",\"@id\":\"https:\\\/\\\/lasentinelle.dz\\\/index.php\\\/2025\\\/01\\\/09\\\/74-enfants-ont-perdu-la-vie-en-7-jours-un-debut-dannee-tragique-a-ghaza\\\/#primaryimage\",\"url\":\"https:\\\/\\\/lasentinelle.dz\\\/wp-content\\\/uploads\\\/2025\\\/01\\\/ghaza.jpeg\",\"contentUrl\":\"https:\\\/\\\/lasentinelle.dz\\\/wp-content\\\/uploads\\\/2025\\\/01\\\/ghaza.jpeg\",\"width\":225,\"height\":225},{\"@type\":\"BreadcrumbList\",\"@id\":\"https:\\\/\\\/lasentinelle.dz\\\/index.php\\\/2025\\\/01\\\/09\\\/74-enfants-ont-perdu-la-vie-en-7-jours-un-debut-dannee-tragique-a-ghaza\\\/#breadcrumb\",\"itemListElement\":[{\"@type\":\"ListItem\",\"position\":1,\"name\":\"Accueil\",\"item\":\"https:\\\/\\\/lasentinelle.dz\\\/\"},{\"@type\":\"ListItem\",\"position\":2,\"name\":\"74 enfants ont perdu la vie en 7 jours : Un d\u00e9but d\u2019ann\u00e9e tragique \u00e0 Ghaza\"}]},{\"@type\":\"WebSite\",\"@id\":\"https:\\\/\\\/lasentinelle.dz\\\/#website\",\"url\":\"https:\\\/\\\/lasentinelle.dz\\\/\",\"name\":\"La Sentinelle\",\"description\":\"Quotidien national d&#039;information\",\"publisher\":{\"@id\":\"https:\\\/\\\/lasentinelle.dz\\\/#organization\"},\"potentialAction\":[{\"@type\":\"SearchAction\",\"target\":{\"@type\":\"EntryPoint\",\"urlTemplate\":\"https:\\\/\\\/lasentinelle.dz\\\/?s={search_term_string}\"},\"query-input\":{\"@type\":\"PropertyValueSpecification\",\"valueRequired\":true,\"valueName\":\"search_term_string\"}}],\"inLanguage\":\"fr-FR\"},{\"@type\":\"Organization\",\"@id\":\"https:\\\/\\\/lasentinelle.dz\\\/#organization\",\"name\":\"Quotidien La Sentinelle\",\"url\":\"https:\\\/\\\/lasentinelle.dz\\\/\",\"logo\":{\"@type\":\"ImageObject\",\"inLanguage\":\"fr-FR\",\"@id\":\"https:\\\/\\\/lasentinelle.dz\\\/#\\\/schema\\\/logo\\\/image\\\/\",\"url\":\"https:\\\/\\\/lasentinelle.dz\\\/wp-content\\\/uploads\\\/2021\\\/09\\\/logo-sentinelleSLOGAN-1.png\",\"contentUrl\":\"https:\\\/\\\/lasentinelle.dz\\\/wp-content\\\/uploads\\\/2021\\\/09\\\/logo-sentinelleSLOGAN-1.png\",\"width\":615,\"height\":142,\"caption\":\"Quotidien La Sentinelle\"},\"image\":{\"@id\":\"https:\\\/\\\/lasentinelle.dz\\\/#\\\/schema\\\/logo\\\/image\\\/\"},\"sameAs\":[\"https:\\\/\\\/www.facebook.com\\\/La-Sentinelle-104059864394773\"]},{\"@type\":\"Person\",\"@id\":\"https:\\\/\\\/lasentinelle.dz\\\/#\\\/schema\\\/person\\\/729ee0024f24e0b8c5ec17232f8e8b41\",\"name\":\"admin\",\"image\":{\"@type\":\"ImageObject\",\"inLanguage\":\"fr-FR\",\"@id\":\"https:\\\/\\\/secure.gravatar.com\\\/avatar\\\/4c81fed838786e9b53f540bf46533e750f5d292099ae3b66cfc6fb1982e29df7?s=96&d=mm&r=g\",\"url\":\"https:\\\/\\\/secure.gravatar.com\\\/avatar\\\/4c81fed838786e9b53f540bf46533e750f5d292099ae3b66cfc6fb1982e29df7?s=96&d=mm&r=g\",\"contentUrl\":\"https:\\\/\\\/secure.gravatar.com\\\/avatar\\\/4c81fed838786e9b53f540bf46533e750f5d292099ae3b66cfc6fb1982e29df7?s=96&d=mm&r=g\",\"caption\":\"admin\"},\"description\":\"admin\",\"url\":\"https:\\\/\\\/lasentinelle.dz\\\/author\\\/admin\\\/\"}]}<\/script>\n<!-- \/ Yoast SEO plugin. -->","yoast_head_json":{"title":"74 enfants ont perdu la vie en 7 jours : Un d\u00e9but d\u2019ann\u00e9e tragique \u00e0 Ghaza - La Sentinelle","robots":{"index":"index","follow":"follow","max-snippet":"max-snippet:-1","max-image-preview":"max-image-preview:large","max-video-preview":"max-video-preview:-1"},"canonical":"https:\/\/lasentinelle.dz\/index.php\/2025\/01\/09\/74-enfants-ont-perdu-la-vie-en-7-jours-un-debut-dannee-tragique-a-ghaza\/","og_locale":"fr_FR","og_type":"article","og_title":"74 enfants ont perdu la vie en 7 jours : Un d\u00e9but d\u2019ann\u00e9e tragique \u00e0 Ghaza - La Sentinelle","og_description":"Le d\u00e9but de l&rsquo;ann\u00e9e 2025 s&rsquo;annonce particuli\u00e8rement tragique pour les Palestiniens de Ghaza, alors que l&rsquo;agression g\u00e9nocidaire sioniste se poursuit","og_url":"https:\/\/lasentinelle.dz\/index.php\/2025\/01\/09\/74-enfants-ont-perdu-la-vie-en-7-jours-un-debut-dannee-tragique-a-ghaza\/","og_site_name":"La Sentinelle","article_publisher":"https:\/\/www.facebook.com\/La-Sentinelle-104059864394773","article_published_time":"2025-01-09T11:23:13+00:00","article_modified_time":"2025-01-12T11:24:11+00:00","og_image":[{"width":225,"height":225,"url":"https:\/\/lasentinelle.dz\/wp-content\/uploads\/2025\/01\/ghaza.jpeg","type":"image\/jpeg"}],"author":"admin","twitter_card":"summary_large_image","twitter_misc":{"\u00c9crit par":"admin","Dur\u00e9e de lecture estim\u00e9e":"4 minutes"},"schema":{"@context":"https:\/\/schema.org","@graph":[{"@type":"Article","@id":"https:\/\/lasentinelle.dz\/index.php\/2025\/01\/09\/74-enfants-ont-perdu-la-vie-en-7-jours-un-debut-dannee-tragique-a-ghaza\/#article","isPartOf":{"@id":"https:\/\/lasentinelle.dz\/index.php\/2025\/01\/09\/74-enfants-ont-perdu-la-vie-en-7-jours-un-debut-dannee-tragique-a-ghaza\/"},"author":{"name":"admin","@id":"https:\/\/lasentinelle.dz\/#\/schema\/person\/729ee0024f24e0b8c5ec17232f8e8b41"},"headline":"74 enfants ont perdu la vie en 7 jours : Un d\u00e9but d\u2019ann\u00e9e tragique \u00e0 Ghaza","datePublished":"2025-01-09T11:23:13+00:00","dateModified":"2025-01-12T11:24:11+00:00","mainEntityOfPage":{"@id":"https:\/\/lasentinelle.dz\/index.php\/2025\/01\/09\/74-enfants-ont-perdu-la-vie-en-7-jours-un-debut-dannee-tragique-a-ghaza\/"},"wordCount":700,"commentCount":0,"publisher":{"@id":"https:\/\/lasentinelle.dz\/#organization"},"image":{"@id":"https:\/\/lasentinelle.dz\/index.php\/2025\/01\/09\/74-enfants-ont-perdu-la-vie-en-7-jours-un-debut-dannee-tragique-a-ghaza\/#primaryimage"},"thumbnailUrl":"https:\/\/lasentinelle.dz\/wp-content\/uploads\/2025\/01\/ghaza.jpeg","articleSection":["Actualit\u00e9"],"inLanguage":"fr-FR","potentialAction":[{"@type":"CommentAction","name":"Comment","target":["https:\/\/lasentinelle.dz\/index.php\/2025\/01\/09\/74-enfants-ont-perdu-la-vie-en-7-jours-un-debut-dannee-tragique-a-ghaza\/#respond"]}]},{"@type":"WebPage","@id":"https:\/\/lasentinelle.dz\/index.php\/2025\/01\/09\/74-enfants-ont-perdu-la-vie-en-7-jours-un-debut-dannee-tragique-a-ghaza\/","url":"https:\/\/lasentinelle.dz\/index.php\/2025\/01\/09\/74-enfants-ont-perdu-la-vie-en-7-jours-un-debut-dannee-tragique-a-ghaza\/","name":"74 enfants ont perdu la vie en 7 jours : Un d\u00e9but d\u2019ann\u00e9e tragique \u00e0 Ghaza - La Sentinelle","isPartOf":{"@id":"https:\/\/lasentinelle.dz\/#website"},"primaryImageOfPage":{"@id":"https:\/\/lasentinelle.dz\/index.php\/2025\/01\/09\/74-enfants-ont-perdu-la-vie-en-7-jours-un-debut-dannee-tragique-a-ghaza\/#primaryimage"},"image":{"@id":"https:\/\/lasentinelle.dz\/index.php\/2025\/01\/09\/74-enfants-ont-perdu-la-vie-en-7-jours-un-debut-dannee-tragique-a-ghaza\/#primaryimage"},"thumbnailUrl":"https:\/\/lasentinelle.dz\/wp-content\/uploads\/2025\/01\/ghaza.jpeg","datePublished":"2025-01-09T11:23:13+00:00","dateModified":"2025-01-12T11:24:11+00:00","breadcrumb":{"@id":"https:\/\/lasentinelle.dz\/index.php\/2025\/01\/09\/74-enfants-ont-perdu-la-vie-en-7-jours-un-debut-dannee-tragique-a-ghaza\/#breadcrumb"},"inLanguage":"fr-FR","potentialAction":[{"@type":"ReadAction","target":["https:\/\/lasentinelle.dz\/index.php\/2025\/01\/09\/74-enfants-ont-perdu-la-vie-en-7-jours-un-debut-dannee-tragique-a-ghaza\/"]}]},{"@type":"ImageObject","inLanguage":"fr-FR","@id":"https:\/\/lasentinelle.dz\/index.php\/2025\/01\/09\/74-enfants-ont-perdu-la-vie-en-7-jours-un-debut-dannee-tragique-a-ghaza\/#primaryimage","url":"https:\/\/lasentinelle.dz\/wp-content\/uploads\/2025\/01\/ghaza.jpeg","contentUrl":"https:\/\/lasentinelle.dz\/wp-content\/uploads\/2025\/01\/ghaza.jpeg","width":225,"height":225},{"@type":"BreadcrumbList","@id":"https:\/\/lasentinelle.dz\/index.php\/2025\/01\/09\/74-enfants-ont-perdu-la-vie-en-7-jours-un-debut-dannee-tragique-a-ghaza\/#breadcrumb","itemListElement":[{"@type":"ListItem","position":1,"name":"Accueil","item":"https:\/\/lasentinelle.dz\/"},{"@type":"ListItem","position":2,"name":"74 enfants ont perdu la vie en 7 jours : Un d\u00e9but d\u2019ann\u00e9e tragique \u00e0 Ghaza"}]},{"@type":"WebSite","@id":"https:\/\/lasentinelle.dz\/#website","url":"https:\/\/lasentinelle.dz\/","name":"La Sentinelle","description":"Quotidien national d&#039;information","publisher":{"@id":"https:\/\/lasentinelle.dz\/#organization"},"potentialAction":[{"@type":"SearchAction","target":{"@type":"EntryPoint","urlTemplate":"https:\/\/lasentinelle.dz\/?s={search_term_string}"},"query-input":{"@type":"PropertyValueSpecification","valueRequired":true,"valueName":"search_term_string"}}],"inLanguage":"fr-FR"},{"@type":"Organization","@id":"https:\/\/lasentinelle.dz\/#organization","name":"Quotidien La Sentinelle","url":"https:\/\/lasentinelle.dz\/","logo":{"@type":"ImageObject","inLanguage":"fr-FR","@id":"https:\/\/lasentinelle.dz\/#\/schema\/logo\/image\/","url":"https:\/\/lasentinelle.dz\/wp-content\/uploads\/2021\/09\/logo-sentinelleSLOGAN-1.png","contentUrl":"https:\/\/lasentinelle.dz\/wp-content\/uploads\/2021\/09\/logo-sentinelleSLOGAN-1.png","width":615,"height":142,"caption":"Quotidien La Sentinelle"},"image":{"@id":"https:\/\/lasentinelle.dz\/#\/schema\/logo\/image\/"},"sameAs":["https:\/\/www.facebook.com\/La-Sentinelle-104059864394773"]},{"@type":"Person","@id":"https:\/\/lasentinelle.dz\/#\/schema\/person\/729ee0024f24e0b8c5ec17232f8e8b41","name":"admin","image":{"@type":"ImageObject","inLanguage":"fr-FR","@id":"https:\/\/secure.gravatar.com\/avatar\/4c81fed838786e9b53f540bf46533e750f5d292099ae3b66cfc6fb1982e29df7?s=96&d=mm&r=g","url":"https:\/\/secure.gravatar.com\/avatar\/4c81fed838786e9b53f540bf46533e750f5d292099ae3b66cfc6fb1982e29df7?s=96&d=mm&r=g","contentUrl":"https:\/\/secure.gravatar.com\/avatar\/4c81fed838786e9b53f540bf46533e750f5d292099ae3b66cfc6fb1982e29df7?s=96&d=mm&r=g","caption":"admin"},"description":"admin","url":"https:\/\/lasentinelle.dz\/author\/admin\/"}]}},"_links":{"self":[{"href":"https:\/\/lasentinelle.dz\/index.php\/wp-json\/wp\/v2\/posts\/61509","targetHints":{"allow":["GET"]}}],"collection":[{"href":"https:\/\/lasentinelle.dz\/index.php\/wp-json\/wp\/v2\/posts"}],"about":[{"href":"https:\/\/lasentinelle.dz\/index.php\/wp-json\/wp\/v2\/types\/post"}],"author":[{"embeddable":true,"href":"https:\/\/lasentinelle.dz\/index.php\/wp-json\/wp\/v2\/users\/6"}],"replies":[{"embeddable":true,"href":"https:\/\/lasentinelle.dz\/index.php\/wp-json\/wp\/v2\/comments?post=61509"}],"version-history":[{"count":1,"href":"https:\/\/lasentinelle.dz\/index.php\/wp-json\/wp\/v2\/posts\/61509\/revisions"}],"predecessor-version":[{"id":61511,"href":"https:\/\/lasentinelle.dz\/index.php\/wp-json\/wp\/v2\/posts\/61509\/revisions\/61511"}],"wp:featuredmedia":[{"embeddable":true,"href":"https:\/\/lasentinelle.dz\/index.php\/wp-json\/wp\/v2\/media\/61510"}],"wp:attachment":[{"href":"https:\/\/lasentinelle.dz\/index.php\/wp-json\/wp\/v2\/media?parent=61509"}],"wp:term":[{"taxonomy":"category","embeddable":true,"href":"https:\/\/lasentinelle.dz\/index.php\/wp-json\/wp\/v2\/categories?post=61509"},{"taxonomy":"post_tag","embeddable":true,"href":"https:\/\/lasentinelle.dz\/index.php\/wp-json\/wp\/v2\/tags?post=61509"}],"curies":[{"name":"wp","href":"https:\/\/api.w.org\/{rel}","templated":true}]}}