{"id":61526,"date":"2025-01-11T15:49:00","date_gmt":"2025-01-11T14:49:00","guid":{"rendered":"https:\/\/lasentinelle.dz\/?p=61526"},"modified":"2025-01-12T12:50:27","modified_gmt":"2025-01-12T11:50:27","slug":"lextreme-droite-francaise-haineuse-mene-une-campagne-de-desinformation-contre-lalgerie","status":"publish","type":"post","link":"https:\/\/lasentinelle.dz\/index.php\/2025\/01\/11\/lextreme-droite-francaise-haineuse-mene-une-campagne-de-desinformation-contre-lalgerie\/","title":{"rendered":"L\u2019extr\u00eame-droite fran\u00e7aise \u00ab\u00a0haineuse\u00a0\u00bb m\u00e8ne une campagne de d\u00e9sinformation contre l&rsquo;Alg\u00e9rie"},"content":{"rendered":"\n<p>L\u2019extr\u00eame-droite fran\u00e7aise \u00ab\u00a0revancharde\u00a0\u00bb et \u00ab\u00a0haineuse\u00a0\u00bb m\u00e8ne actuellement une campagne de d\u00e9sinformation contre l&rsquo;Alg\u00e9rie, a indiqu\u00e9 samedi, dans un communiqu\u00e9, le minist\u00e8re des Affaires \u00e9trang\u00e8res, de la Communaut\u00e9 nationale \u00e0 l&rsquo;\u00e9tranger et des Affaires africaines, assurant qu&rsquo;Alger n&rsquo;\u00e9tait pas engag\u00e9e dans une logique d&rsquo;escalade. \u00ab\u00a0L\u2019extr\u00eame-droite revancharde et haineuse, ainsi que ses h\u00e9rauts patent\u00e9s au sein du gouvernement fran\u00e7ais m\u00e8nent actuellement une campagne de d\u00e9sinformation, voire de mystification, contre l\u2019Alg\u00e9rie. Ce faisant, ils croient y avoir trouv\u00e9 un exutoire \u00e0 leurs ranc\u0153urs et \u00e0 leurs frustrations\u00a0\u00bb, assure le minist\u00e8re. \u00ab\u00a0Contrairement \u00e0 ce que pr\u00e9tendent l\u2019extr\u00eame-droite fran\u00e7aise, ses porte-voix et ses relais, l\u2019Alg\u00e9rie n\u2019est, d\u2019aucune fa\u00e7on, engag\u00e9e dans une logique d\u2019escalade, de surench\u00e8re ou d\u2019humiliation. C\u2019est bel et bien l\u2019extr\u00eame-droite et ses repr\u00e9sentants qui veulent imposer \u00e0 la relation alg\u00e9ro-fran\u00e7aise leurs vues faites de vell\u00e9it\u00e9s d\u2019intimidation, de menace et d\u2019un bras de fer dont ils parlent sans retenue et sans nuance\u00a0\u00bb, affirme le minist\u00e8re. \u00ab\u00a0L\u2019expulsion arbitraire et abusive d\u2019un ressortissant alg\u00e9rien de France vers l\u2019Alg\u00e9rie a fourni \u00e0 cette partie nostalgique de la France l\u2019occasion de donner libre cours \u00e0 ses r\u00e8glements de compte historiques avec l\u2019Alg\u00e9rie souveraine et ind\u00e9pendante\u00a0\u00bb, ajoute le communiqu\u00e9. \u00ab\u00a0Cette occasion a \u00e9t\u00e9 bien mal-choisie. En effet, le ressortissant objet de l\u2019expulsion vit en France depuis 36 ans. Il y dispose d\u2019un permis de s\u00e9jour depuis 15 ans. Il est p\u00e8re de deux enfants n\u00e9s de son union avec une ressortissante fran\u00e7aise. Enfin, il est socialement int\u00e9gr\u00e9 dans la mesure o\u00f9 il exerce un emploi stable depuis 15 ans\u00a0\u00bb, note le minist\u00e8re. Selon la m\u00eame source, \u00ab\u00a0l\u2019ensemble de ces donn\u00e9es lui conf\u00e8re indubitablement des droits que son expulsion pr\u00e9cipit\u00e9e et contestable l\u2019a emp\u00each\u00e9 de faire valoir tant devant les juridictions fran\u00e7aises qu\u2019europ\u00e9ennes. En cons\u00e9quence, ce ressortissant n\u2019a pu b\u00e9n\u00e9ficier d\u2019un proc\u00e8s judiciaire en bonne et due forme, qui constitue un rempart contre l\u2019abus de pouvoir, dans la mesure o\u00f9 son ordre d\u2019expulsion, s\u2019il avait \u00e9t\u00e9 men\u00e9 \u00e0 son terme, l\u2019aurait priv\u00e9 de d\u00e9fendre ses droits lors du proc\u00e8s pr\u00e9vu le 24 f\u00e9vrier de l\u2019ann\u00e9e en cours\u00a0\u00bb. Par ailleurs, \u00ab\u00a0et en violation des dispositions pertinentes de la Convention consulaire alg\u00e9ro-fran\u00e7aise du 24 mai 1974, la partie fran\u00e7aise n\u2019a cru devoir informer la partie alg\u00e9rienne ni de l\u2019arrestation, ni de la mise en garde \u00e0 vue, ni de la d\u00e9tention, ni encore de l\u2019expulsion du ressortissant en cause. Bien plus, elle n\u2019a pas donn\u00e9 suite \u00e0 la demande de la partie alg\u00e9rienne d\u2019exercer sa protection consulaire au profit du ressortissant concern\u00e9 \u00e0 travers le droit de visite\u00a0\u00bb, rappelle le minist\u00e8re. \u00ab\u00a0Au vu de tous ces d\u00e9passements et de toutes ces violations des droits acquis par le ressortissant alg\u00e9rien sur le territoire fran\u00e7ais, la d\u00e9cision alg\u00e9rienne dans cette affaire est anim\u00e9e par le souci de lui permettre de r\u00e9pondre aux accusations qui sont port\u00e9es contre lui, de faire valoir ses droits et de se d\u00e9fendre dans le cadre d\u2019un processus judiciaire juste et \u00e9quitable sur le territoire fran\u00e7ais\u00a0\u00bb, conclut le texte.<\/p>\n\n\n\n<p>APS<\/p>\n","protected":false},"excerpt":{"rendered":"<p>L\u2019extr\u00eame-droite fran\u00e7aise \u00ab\u00a0revancharde\u00a0\u00bb et \u00ab\u00a0haineuse\u00a0\u00bb m\u00e8ne actuellement une campagne de d\u00e9sinformation contre l&rsquo;Alg\u00e9rie, a indiqu\u00e9 samedi, dans un communiqu\u00e9, le<\/p>\n","protected":false},"author":2,"featured_media":19578,"comment_status":"open","ping_status":"closed","sticky":false,"template":"","format":"standard","meta":{"colormag_page_container_layout":"default_layout","colormag_page_sidebar_layout":"default_layout","om_disable_all_campaigns":false,"_monsterinsights_skip_tracking":false,"_monsterinsights_sitenote_active":false,"_monsterinsights_sitenote_note":"","_monsterinsights_sitenote_category":0,"footnotes":"","_wpscppro_dont_share_socialmedia":false,"_wpscppro_custom_social_share_image":0,"_facebook_share_type":"default","_twitter_share_type":"default","_linkedin_share_type":"default","_pinterest_share_type":"default","_linkedin_share_type_page":"","_instagram_share_type":"default","_medium_share_type":"default","_threads_share_type":"","_google_business_share_type":"","_selected_social_profile":[],"_wpsp_enable_custom_social_template":false,"_wpsp_social_scheduling":{"enabled":false,"datetime":null,"platforms":[],"status":"template_only","dateOption":"today","timeOption":"now","customDays":"","customHours":"","customDate":"","customTime":"","schedulingType":"absolute"},"_wpsp_active_default_template":true},"categories":[52,27],"tags":[],"class_list":["post-61526","post","type-post","status-publish","format-standard","has-post-thumbnail","hentry","category-a-la-une","category-actualite"],"aioseo_notices":[],"yoast_head":"<!-- This site is optimized with the Yoast SEO plugin v27.5 - https:\/\/yoast.com\/product\/yoast-seo-wordpress\/ -->\n<title>L\u2019extr\u00eame-droite fran\u00e7aise \u00ab\u00a0haineuse\u00a0\u00bb m\u00e8ne une campagne de d\u00e9sinformation contre l&rsquo;Alg\u00e9rie - La Sentinelle<\/title>\n<meta name=\"robots\" content=\"index, follow, max-snippet:-1, max-image-preview:large, max-video-preview:-1\" \/>\n<link rel=\"canonical\" href=\"https:\/\/lasentinelle.dz\/index.php\/2025\/01\/11\/lextreme-droite-francaise-haineuse-mene-une-campagne-de-desinformation-contre-lalgerie\/\" \/>\n<meta property=\"og:locale\" content=\"fr_FR\" \/>\n<meta property=\"og:type\" content=\"article\" \/>\n<meta property=\"og:title\" content=\"L\u2019extr\u00eame-droite fran\u00e7aise \u00ab\u00a0haineuse\u00a0\u00bb m\u00e8ne une campagne de d\u00e9sinformation contre l&rsquo;Alg\u00e9rie - La Sentinelle\" \/>\n<meta property=\"og:description\" content=\"L\u2019extr\u00eame-droite fran\u00e7aise \u00ab\u00a0revancharde\u00a0\u00bb et \u00ab\u00a0haineuse\u00a0\u00bb m\u00e8ne actuellement une campagne de d\u00e9sinformation contre l&rsquo;Alg\u00e9rie, a indiqu\u00e9 samedi, dans un communiqu\u00e9, le\" \/>\n<meta property=\"og:url\" content=\"https:\/\/lasentinelle.dz\/index.php\/2025\/01\/11\/lextreme-droite-francaise-haineuse-mene-une-campagne-de-desinformation-contre-lalgerie\/\" \/>\n<meta property=\"og:site_name\" content=\"La Sentinelle\" \/>\n<meta property=\"article:publisher\" content=\"https:\/\/www.facebook.com\/La-Sentinelle-104059864394773\" \/>\n<meta property=\"article:published_time\" content=\"2025-01-11T14:49:00+00:00\" \/>\n<meta property=\"article:modified_time\" content=\"2025-01-12T11:50:27+00:00\" \/>\n<meta property=\"og:image\" content=\"https:\/\/lasentinelle.dz\/wp-content\/uploads\/2022\/04\/mae-siege-algerie.png\" \/>\n\t<meta property=\"og:image:width\" content=\"1200\" \/>\n\t<meta property=\"og:image:height\" content=\"900\" \/>\n\t<meta property=\"og:image:type\" content=\"image\/png\" \/>\n<meta name=\"author\" content=\"Azzedine Belferag\" \/>\n<meta name=\"twitter:card\" content=\"summary_large_image\" \/>\n<meta name=\"twitter:label1\" content=\"\u00c9crit par\" \/>\n\t<meta name=\"twitter:data1\" content=\"Azzedine Belferag\" \/>\n\t<meta name=\"twitter:label2\" content=\"Dur\u00e9e de lecture estim\u00e9e\" \/>\n\t<meta name=\"twitter:data2\" content=\"3 minutes\" \/>\n<script type=\"application\/ld+json\" class=\"yoast-schema-graph\">{\"@context\":\"https:\\\/\\\/schema.org\",\"@graph\":[{\"@type\":\"Article\",\"@id\":\"https:\\\/\\\/lasentinelle.dz\\\/index.php\\\/2025\\\/01\\\/11\\\/lextreme-droite-francaise-haineuse-mene-une-campagne-de-desinformation-contre-lalgerie\\\/#article\",\"isPartOf\":{\"@id\":\"https:\\\/\\\/lasentinelle.dz\\\/index.php\\\/2025\\\/01\\\/11\\\/lextreme-droite-francaise-haineuse-mene-une-campagne-de-desinformation-contre-lalgerie\\\/\"},\"author\":{\"name\":\"Azzedine Belferag\",\"@id\":\"https:\\\/\\\/lasentinelle.dz\\\/#\\\/schema\\\/person\\\/e22c868643946ece5f328ac9d185b29f\"},\"headline\":\"L\u2019extr\u00eame-droite fran\u00e7aise \u00ab\u00a0haineuse\u00a0\u00bb m\u00e8ne une campagne de d\u00e9sinformation contre l&rsquo;Alg\u00e9rie\",\"datePublished\":\"2025-01-11T14:49:00+00:00\",\"dateModified\":\"2025-01-12T11:50:27+00:00\",\"mainEntityOfPage\":{\"@id\":\"https:\\\/\\\/lasentinelle.dz\\\/index.php\\\/2025\\\/01\\\/11\\\/lextreme-droite-francaise-haineuse-mene-une-campagne-de-desinformation-contre-lalgerie\\\/\"},\"wordCount\":608,\"commentCount\":0,\"publisher\":{\"@id\":\"https:\\\/\\\/lasentinelle.dz\\\/#organization\"},\"image\":{\"@id\":\"https:\\\/\\\/lasentinelle.dz\\\/index.php\\\/2025\\\/01\\\/11\\\/lextreme-droite-francaise-haineuse-mene-une-campagne-de-desinformation-contre-lalgerie\\\/#primaryimage\"},\"thumbnailUrl\":\"https:\\\/\\\/lasentinelle.dz\\\/wp-content\\\/uploads\\\/2022\\\/04\\\/mae-siege-algerie.png\",\"articleSection\":[\"\u00c0 la Une\",\"Actualit\u00e9\"],\"inLanguage\":\"fr-FR\",\"potentialAction\":[{\"@type\":\"CommentAction\",\"name\":\"Comment\",\"target\":[\"https:\\\/\\\/lasentinelle.dz\\\/index.php\\\/2025\\\/01\\\/11\\\/lextreme-droite-francaise-haineuse-mene-une-campagne-de-desinformation-contre-lalgerie\\\/#respond\"]}]},{\"@type\":\"WebPage\",\"@id\":\"https:\\\/\\\/lasentinelle.dz\\\/index.php\\\/2025\\\/01\\\/11\\\/lextreme-droite-francaise-haineuse-mene-une-campagne-de-desinformation-contre-lalgerie\\\/\",\"url\":\"https:\\\/\\\/lasentinelle.dz\\\/index.php\\\/2025\\\/01\\\/11\\\/lextreme-droite-francaise-haineuse-mene-une-campagne-de-desinformation-contre-lalgerie\\\/\",\"name\":\"L\u2019extr\u00eame-droite fran\u00e7aise \u00ab\u00a0haineuse\u00a0\u00bb m\u00e8ne une campagne de d\u00e9sinformation contre l&rsquo;Alg\u00e9rie - La Sentinelle\",\"isPartOf\":{\"@id\":\"https:\\\/\\\/lasentinelle.dz\\\/#website\"},\"primaryImageOfPage\":{\"@id\":\"https:\\\/\\\/lasentinelle.dz\\\/index.php\\\/2025\\\/01\\\/11\\\/lextreme-droite-francaise-haineuse-mene-une-campagne-de-desinformation-contre-lalgerie\\\/#primaryimage\"},\"image\":{\"@id\":\"https:\\\/\\\/lasentinelle.dz\\\/index.php\\\/2025\\\/01\\\/11\\\/lextreme-droite-francaise-haineuse-mene-une-campagne-de-desinformation-contre-lalgerie\\\/#primaryimage\"},\"thumbnailUrl\":\"https:\\\/\\\/lasentinelle.dz\\\/wp-content\\\/uploads\\\/2022\\\/04\\\/mae-siege-algerie.png\",\"datePublished\":\"2025-01-11T14:49:00+00:00\",\"dateModified\":\"2025-01-12T11:50:27+00:00\",\"breadcrumb\":{\"@id\":\"https:\\\/\\\/lasentinelle.dz\\\/index.php\\\/2025\\\/01\\\/11\\\/lextreme-droite-francaise-haineuse-mene-une-campagne-de-desinformation-contre-lalgerie\\\/#breadcrumb\"},\"inLanguage\":\"fr-FR\",\"potentialAction\":[{\"@type\":\"ReadAction\",\"target\":[\"https:\\\/\\\/lasentinelle.dz\\\/index.php\\\/2025\\\/01\\\/11\\\/lextreme-droite-francaise-haineuse-mene-une-campagne-de-desinformation-contre-lalgerie\\\/\"]}]},{\"@type\":\"ImageObject\",\"inLanguage\":\"fr-FR\",\"@id\":\"https:\\\/\\\/lasentinelle.dz\\\/index.php\\\/2025\\\/01\\\/11\\\/lextreme-droite-francaise-haineuse-mene-une-campagne-de-desinformation-contre-lalgerie\\\/#primaryimage\",\"url\":\"https:\\\/\\\/lasentinelle.dz\\\/wp-content\\\/uploads\\\/2022\\\/04\\\/mae-siege-algerie.png\",\"contentUrl\":\"https:\\\/\\\/lasentinelle.dz\\\/wp-content\\\/uploads\\\/2022\\\/04\\\/mae-siege-algerie.png\",\"width\":1200,\"height\":900},{\"@type\":\"BreadcrumbList\",\"@id\":\"https:\\\/\\\/lasentinelle.dz\\\/index.php\\\/2025\\\/01\\\/11\\\/lextreme-droite-francaise-haineuse-mene-une-campagne-de-desinformation-contre-lalgerie\\\/#breadcrumb\",\"itemListElement\":[{\"@type\":\"ListItem\",\"position\":1,\"name\":\"Accueil\",\"item\":\"https:\\\/\\\/lasentinelle.dz\\\/\"},{\"@type\":\"ListItem\",\"position\":2,\"name\":\"L\u2019extr\u00eame-droite fran\u00e7aise \u00ab\u00a0haineuse\u00a0\u00bb m\u00e8ne une campagne de d\u00e9sinformation contre l&rsquo;Alg\u00e9rie\"}]},{\"@type\":\"WebSite\",\"@id\":\"https:\\\/\\\/lasentinelle.dz\\\/#website\",\"url\":\"https:\\\/\\\/lasentinelle.dz\\\/\",\"name\":\"La Sentinelle\",\"description\":\"Quotidien national d&#039;information\",\"publisher\":{\"@id\":\"https:\\\/\\\/lasentinelle.dz\\\/#organization\"},\"potentialAction\":[{\"@type\":\"SearchAction\",\"target\":{\"@type\":\"EntryPoint\",\"urlTemplate\":\"https:\\\/\\\/lasentinelle.dz\\\/?s={search_term_string}\"},\"query-input\":{\"@type\":\"PropertyValueSpecification\",\"valueRequired\":true,\"valueName\":\"search_term_string\"}}],\"inLanguage\":\"fr-FR\"},{\"@type\":\"Organization\",\"@id\":\"https:\\\/\\\/lasentinelle.dz\\\/#organization\",\"name\":\"Quotidien La Sentinelle\",\"url\":\"https:\\\/\\\/lasentinelle.dz\\\/\",\"logo\":{\"@type\":\"ImageObject\",\"inLanguage\":\"fr-FR\",\"@id\":\"https:\\\/\\\/lasentinelle.dz\\\/#\\\/schema\\\/logo\\\/image\\\/\",\"url\":\"https:\\\/\\\/lasentinelle.dz\\\/wp-content\\\/uploads\\\/2021\\\/09\\\/logo-sentinelleSLOGAN-1.png\",\"contentUrl\":\"https:\\\/\\\/lasentinelle.dz\\\/wp-content\\\/uploads\\\/2021\\\/09\\\/logo-sentinelleSLOGAN-1.png\",\"width\":615,\"height\":142,\"caption\":\"Quotidien La Sentinelle\"},\"image\":{\"@id\":\"https:\\\/\\\/lasentinelle.dz\\\/#\\\/schema\\\/logo\\\/image\\\/\"},\"sameAs\":[\"https:\\\/\\\/www.facebook.com\\\/La-Sentinelle-104059864394773\"]},{\"@type\":\"Person\",\"@id\":\"https:\\\/\\\/lasentinelle.dz\\\/#\\\/schema\\\/person\\\/e22c868643946ece5f328ac9d185b29f\",\"name\":\"Azzedine Belferag\",\"image\":{\"@type\":\"ImageObject\",\"inLanguage\":\"fr-FR\",\"@id\":\"https:\\\/\\\/secure.gravatar.com\\\/avatar\\\/767ecc3bfcf23cd6d0dae1705f124feb13a88fded1daa56498e4fb3aa3fc36a1?s=96&d=mm&r=g\",\"url\":\"https:\\\/\\\/secure.gravatar.com\\\/avatar\\\/767ecc3bfcf23cd6d0dae1705f124feb13a88fded1daa56498e4fb3aa3fc36a1?s=96&d=mm&r=g\",\"contentUrl\":\"https:\\\/\\\/secure.gravatar.com\\\/avatar\\\/767ecc3bfcf23cd6d0dae1705f124feb13a88fded1daa56498e4fb3aa3fc36a1?s=96&d=mm&r=g\",\"caption\":\"Azzedine Belferag\"},\"sameAs\":[\"http:\\\/\\\/www.lasentinelle.dz\"],\"url\":\"https:\\\/\\\/lasentinelle.dz\\\/author\\\/belferag\\\/\"}]}<\/script>\n<!-- \/ Yoast SEO plugin. -->","yoast_head_json":{"title":"L\u2019extr\u00eame-droite fran\u00e7aise \u00ab\u00a0haineuse\u00a0\u00bb m\u00e8ne une campagne de d\u00e9sinformation contre l&rsquo;Alg\u00e9rie - La Sentinelle","robots":{"index":"index","follow":"follow","max-snippet":"max-snippet:-1","max-image-preview":"max-image-preview:large","max-video-preview":"max-video-preview:-1"},"canonical":"https:\/\/lasentinelle.dz\/index.php\/2025\/01\/11\/lextreme-droite-francaise-haineuse-mene-une-campagne-de-desinformation-contre-lalgerie\/","og_locale":"fr_FR","og_type":"article","og_title":"L\u2019extr\u00eame-droite fran\u00e7aise \u00ab\u00a0haineuse\u00a0\u00bb m\u00e8ne une campagne de d\u00e9sinformation contre l&rsquo;Alg\u00e9rie - La Sentinelle","og_description":"L\u2019extr\u00eame-droite fran\u00e7aise \u00ab\u00a0revancharde\u00a0\u00bb et \u00ab\u00a0haineuse\u00a0\u00bb m\u00e8ne actuellement une campagne de d\u00e9sinformation contre l&rsquo;Alg\u00e9rie, a indiqu\u00e9 samedi, dans un communiqu\u00e9, le","og_url":"https:\/\/lasentinelle.dz\/index.php\/2025\/01\/11\/lextreme-droite-francaise-haineuse-mene-une-campagne-de-desinformation-contre-lalgerie\/","og_site_name":"La Sentinelle","article_publisher":"https:\/\/www.facebook.com\/La-Sentinelle-104059864394773","article_published_time":"2025-01-11T14:49:00+00:00","article_modified_time":"2025-01-12T11:50:27+00:00","og_image":[{"width":1200,"height":900,"url":"https:\/\/lasentinelle.dz\/wp-content\/uploads\/2022\/04\/mae-siege-algerie.png","type":"image\/png"}],"author":"Azzedine Belferag","twitter_card":"summary_large_image","twitter_misc":{"\u00c9crit par":"Azzedine Belferag","Dur\u00e9e de lecture estim\u00e9e":"3 minutes"},"schema":{"@context":"https:\/\/schema.org","@graph":[{"@type":"Article","@id":"https:\/\/lasentinelle.dz\/index.php\/2025\/01\/11\/lextreme-droite-francaise-haineuse-mene-une-campagne-de-desinformation-contre-lalgerie\/#article","isPartOf":{"@id":"https:\/\/lasentinelle.dz\/index.php\/2025\/01\/11\/lextreme-droite-francaise-haineuse-mene-une-campagne-de-desinformation-contre-lalgerie\/"},"author":{"name":"Azzedine Belferag","@id":"https:\/\/lasentinelle.dz\/#\/schema\/person\/e22c868643946ece5f328ac9d185b29f"},"headline":"L\u2019extr\u00eame-droite fran\u00e7aise \u00ab\u00a0haineuse\u00a0\u00bb m\u00e8ne une campagne de d\u00e9sinformation contre l&rsquo;Alg\u00e9rie","datePublished":"2025-01-11T14:49:00+00:00","dateModified":"2025-01-12T11:50:27+00:00","mainEntityOfPage":{"@id":"https:\/\/lasentinelle.dz\/index.php\/2025\/01\/11\/lextreme-droite-francaise-haineuse-mene-une-campagne-de-desinformation-contre-lalgerie\/"},"wordCount":608,"commentCount":0,"publisher":{"@id":"https:\/\/lasentinelle.dz\/#organization"},"image":{"@id":"https:\/\/lasentinelle.dz\/index.php\/2025\/01\/11\/lextreme-droite-francaise-haineuse-mene-une-campagne-de-desinformation-contre-lalgerie\/#primaryimage"},"thumbnailUrl":"https:\/\/lasentinelle.dz\/wp-content\/uploads\/2022\/04\/mae-siege-algerie.png","articleSection":["\u00c0 la Une","Actualit\u00e9"],"inLanguage":"fr-FR","potentialAction":[{"@type":"CommentAction","name":"Comment","target":["https:\/\/lasentinelle.dz\/index.php\/2025\/01\/11\/lextreme-droite-francaise-haineuse-mene-une-campagne-de-desinformation-contre-lalgerie\/#respond"]}]},{"@type":"WebPage","@id":"https:\/\/lasentinelle.dz\/index.php\/2025\/01\/11\/lextreme-droite-francaise-haineuse-mene-une-campagne-de-desinformation-contre-lalgerie\/","url":"https:\/\/lasentinelle.dz\/index.php\/2025\/01\/11\/lextreme-droite-francaise-haineuse-mene-une-campagne-de-desinformation-contre-lalgerie\/","name":"L\u2019extr\u00eame-droite fran\u00e7aise \u00ab\u00a0haineuse\u00a0\u00bb m\u00e8ne une campagne de d\u00e9sinformation contre l&rsquo;Alg\u00e9rie - La Sentinelle","isPartOf":{"@id":"https:\/\/lasentinelle.dz\/#website"},"primaryImageOfPage":{"@id":"https:\/\/lasentinelle.dz\/index.php\/2025\/01\/11\/lextreme-droite-francaise-haineuse-mene-une-campagne-de-desinformation-contre-lalgerie\/#primaryimage"},"image":{"@id":"https:\/\/lasentinelle.dz\/index.php\/2025\/01\/11\/lextreme-droite-francaise-haineuse-mene-une-campagne-de-desinformation-contre-lalgerie\/#primaryimage"},"thumbnailUrl":"https:\/\/lasentinelle.dz\/wp-content\/uploads\/2022\/04\/mae-siege-algerie.png","datePublished":"2025-01-11T14:49:00+00:00","dateModified":"2025-01-12T11:50:27+00:00","breadcrumb":{"@id":"https:\/\/lasentinelle.dz\/index.php\/2025\/01\/11\/lextreme-droite-francaise-haineuse-mene-une-campagne-de-desinformation-contre-lalgerie\/#breadcrumb"},"inLanguage":"fr-FR","potentialAction":[{"@type":"ReadAction","target":["https:\/\/lasentinelle.dz\/index.php\/2025\/01\/11\/lextreme-droite-francaise-haineuse-mene-une-campagne-de-desinformation-contre-lalgerie\/"]}]},{"@type":"ImageObject","inLanguage":"fr-FR","@id":"https:\/\/lasentinelle.dz\/index.php\/2025\/01\/11\/lextreme-droite-francaise-haineuse-mene-une-campagne-de-desinformation-contre-lalgerie\/#primaryimage","url":"https:\/\/lasentinelle.dz\/wp-content\/uploads\/2022\/04\/mae-siege-algerie.png","contentUrl":"https:\/\/lasentinelle.dz\/wp-content\/uploads\/2022\/04\/mae-siege-algerie.png","width":1200,"height":900},{"@type":"BreadcrumbList","@id":"https:\/\/lasentinelle.dz\/index.php\/2025\/01\/11\/lextreme-droite-francaise-haineuse-mene-une-campagne-de-desinformation-contre-lalgerie\/#breadcrumb","itemListElement":[{"@type":"ListItem","position":1,"name":"Accueil","item":"https:\/\/lasentinelle.dz\/"},{"@type":"ListItem","position":2,"name":"L\u2019extr\u00eame-droite fran\u00e7aise \u00ab\u00a0haineuse\u00a0\u00bb m\u00e8ne une campagne de d\u00e9sinformation contre l&rsquo;Alg\u00e9rie"}]},{"@type":"WebSite","@id":"https:\/\/lasentinelle.dz\/#website","url":"https:\/\/lasentinelle.dz\/","name":"La Sentinelle","description":"Quotidien national d&#039;information","publisher":{"@id":"https:\/\/lasentinelle.dz\/#organization"},"potentialAction":[{"@type":"SearchAction","target":{"@type":"EntryPoint","urlTemplate":"https:\/\/lasentinelle.dz\/?s={search_term_string}"},"query-input":{"@type":"PropertyValueSpecification","valueRequired":true,"valueName":"search_term_string"}}],"inLanguage":"fr-FR"},{"@type":"Organization","@id":"https:\/\/lasentinelle.dz\/#organization","name":"Quotidien La Sentinelle","url":"https:\/\/lasentinelle.dz\/","logo":{"@type":"ImageObject","inLanguage":"fr-FR","@id":"https:\/\/lasentinelle.dz\/#\/schema\/logo\/image\/","url":"https:\/\/lasentinelle.dz\/wp-content\/uploads\/2021\/09\/logo-sentinelleSLOGAN-1.png","contentUrl":"https:\/\/lasentinelle.dz\/wp-content\/uploads\/2021\/09\/logo-sentinelleSLOGAN-1.png","width":615,"height":142,"caption":"Quotidien La Sentinelle"},"image":{"@id":"https:\/\/lasentinelle.dz\/#\/schema\/logo\/image\/"},"sameAs":["https:\/\/www.facebook.com\/La-Sentinelle-104059864394773"]},{"@type":"Person","@id":"https:\/\/lasentinelle.dz\/#\/schema\/person\/e22c868643946ece5f328ac9d185b29f","name":"Azzedine Belferag","image":{"@type":"ImageObject","inLanguage":"fr-FR","@id":"https:\/\/secure.gravatar.com\/avatar\/767ecc3bfcf23cd6d0dae1705f124feb13a88fded1daa56498e4fb3aa3fc36a1?s=96&d=mm&r=g","url":"https:\/\/secure.gravatar.com\/avatar\/767ecc3bfcf23cd6d0dae1705f124feb13a88fded1daa56498e4fb3aa3fc36a1?s=96&d=mm&r=g","contentUrl":"https:\/\/secure.gravatar.com\/avatar\/767ecc3bfcf23cd6d0dae1705f124feb13a88fded1daa56498e4fb3aa3fc36a1?s=96&d=mm&r=g","caption":"Azzedine Belferag"},"sameAs":["http:\/\/www.lasentinelle.dz"],"url":"https:\/\/lasentinelle.dz\/author\/belferag\/"}]}},"_links":{"self":[{"href":"https:\/\/lasentinelle.dz\/index.php\/wp-json\/wp\/v2\/posts\/61526","targetHints":{"allow":["GET"]}}],"collection":[{"href":"https:\/\/lasentinelle.dz\/index.php\/wp-json\/wp\/v2\/posts"}],"about":[{"href":"https:\/\/lasentinelle.dz\/index.php\/wp-json\/wp\/v2\/types\/post"}],"author":[{"embeddable":true,"href":"https:\/\/lasentinelle.dz\/index.php\/wp-json\/wp\/v2\/users\/2"}],"replies":[{"embeddable":true,"href":"https:\/\/lasentinelle.dz\/index.php\/wp-json\/wp\/v2\/comments?post=61526"}],"version-history":[{"count":2,"href":"https:\/\/lasentinelle.dz\/index.php\/wp-json\/wp\/v2\/posts\/61526\/revisions"}],"predecessor-version":[{"id":61528,"href":"https:\/\/lasentinelle.dz\/index.php\/wp-json\/wp\/v2\/posts\/61526\/revisions\/61528"}],"wp:featuredmedia":[{"embeddable":true,"href":"https:\/\/lasentinelle.dz\/index.php\/wp-json\/wp\/v2\/media\/19578"}],"wp:attachment":[{"href":"https:\/\/lasentinelle.dz\/index.php\/wp-json\/wp\/v2\/media?parent=61526"}],"wp:term":[{"taxonomy":"category","embeddable":true,"href":"https:\/\/lasentinelle.dz\/index.php\/wp-json\/wp\/v2\/categories?post=61526"},{"taxonomy":"post_tag","embeddable":true,"href":"https:\/\/lasentinelle.dz\/index.php\/wp-json\/wp\/v2\/tags?post=61526"}],"curies":[{"name":"wp","href":"https:\/\/api.w.org\/{rel}","templated":true}]}}