{"id":61546,"date":"2025-01-13T12:09:02","date_gmt":"2025-01-13T11:09:02","guid":{"rendered":"https:\/\/lasentinelle.dz\/?p=61546"},"modified":"2025-01-13T12:09:03","modified_gmt":"2025-01-13T11:09:03","slug":"celebration-de-yennayer-vers-la-creation-dannexes-du-hca","status":"publish","type":"post","link":"https:\/\/lasentinelle.dz\/index.php\/2025\/01\/13\/celebration-de-yennayer-vers-la-creation-dannexes-du-hca\/","title":{"rendered":"C\u00e9l\u00e9bration de Yennayer: Vers la cr\u00e9ation d&rsquo;annexes du HCA"},"content":{"rendered":"\n<p>Dans le cadre des c\u00e9l\u00e9brations nationales du Nouvel An amazigh (Yennayer 2975) qui se d\u00e9roulent \u00e0 Timimoun, le Secr\u00e9taire g\u00e9n\u00e9ral du Haut-commissariat \u00e0 l&rsquo;amazighit\u00e9 (HCA), Si El Hachemi Assad, a annonc\u00e9 plusieurs initiatives visant \u00e0 renforcer la promotion de la langue et de la culture amazighes en Alg\u00e9rie.<\/p>\n\n\n\n<p>Lors d&rsquo;une conf\u00e9rence de presse tenue le vendredi soir au si\u00e8ge de l&rsquo;Assembl\u00e9e populaire de wilaya, apr\u00e8s un grand d\u00e9fil\u00e9 organis\u00e9 dans le cadre des festivit\u00e9s officielles, M. Assad a r\u00e9v\u00e9l\u00e9 qu&rsquo;un projet de cr\u00e9ation d&rsquo;annexes du HCA \u00e0 travers le pays \u00e9tait actuellement \u00e0 l&rsquo;\u00e9tude. Cette expansion institutionnelle s&rsquo;appuierait sur \u00ab\u00a0l&rsquo;exp\u00e9rience pionni\u00e8re acquise par cette institution dans le cadre de ses efforts de promotion de la langue amazighe, dans ses diff\u00e9rentes variantes linguistiques\u00a0\u00bb, selon ses propres termes. Le responsable a \u00e9galement mis en avant les avanc\u00e9es d\u00e9j\u00e0 r\u00e9alis\u00e9es dans le domaine de la recherche scientifique, notamment l&rsquo;ouverture de cinq instituts sp\u00e9cialis\u00e9s dans la langue et la litt\u00e9rature amazighes, situ\u00e9s dans les wilayas de Bouira, Tizi-Ouzou, Tamanrasset, B\u00e9ja\u00efa et Batna. Ces \u00e9tablissements, appuy\u00e9s par des laboratoires de recherche universitaires, sont dirig\u00e9s par des experts et des personnalit\u00e9s comp\u00e9tentes dans le domaine. Dans une perspective de modernisation, le HCA a d\u00e9velopp\u00e9 trois plateformes num\u00e9riques distinctes : l&rsquo;une d\u00e9di\u00e9e \u00e0 la presse, une autre au livre, et une troisi\u00e8me consacr\u00e9e au Prix du pr\u00e9sident de la R\u00e9publique de litt\u00e9rature et langue amazighes. Ces initiatives s&rsquo;inscrivent dans la volont\u00e9 de suivre les orientations nationales en mati\u00e8re de num\u00e9risation. Les festivit\u00e9s, plac\u00e9es sous le slogan \u00ab\u00a0Yennayer, l&rsquo;authenticit\u00e9 de l&rsquo;Alg\u00e9rie victorieuse incarn\u00e9e par les ksour du Gourara\u00a0\u00bb, ont \u00e9t\u00e9 l&rsquo;occasion d&rsquo;organiser plusieurs ateliers th\u00e9matiques. Ces derniers ont \u00e9t\u00e9 sp\u00e9cifiquement con\u00e7us pour mettre en valeur les atouts de Timimoun, notamment dans les domaines agricole, touristique et cultuel, soulignant ainsi la transformation de cette wilaya \u00e9mergente, particuli\u00e8rement dans le secteur agricole, aspect intrins\u00e8quement li\u00e9 \u00e0 la c\u00e9l\u00e9bration de Yennayer.<\/p>\n\n\n\n<p>Pr\u00e9server l&rsquo;identit\u00e9 nationale<\/p>\n\n\n\n<p>Le programme des festivit\u00e9s comprend \u00e9galement un aspect acad\u00e9mique important, avec l&rsquo;organisation d&rsquo;une journ\u00e9e d&rsquo;\u00e9tude sur les r\u00e9f\u00e9rents nationaux de l&rsquo;identit\u00e9 nationale. Lors de cette rencontre, plusieurs experts ont soulign\u00e9 l&rsquo;importance de pr\u00e9server l&rsquo;identit\u00e9 alg\u00e9rienne. Mohamed Lahc\u00e8ne Zeghidi, coordinateur de la commission alg\u00e9rienne Histoire et M\u00e9moire, a notamment insist\u00e9 sur le fait que \u00ab\u00a0les r\u00e9f\u00e9rents nationaux de l&rsquo;identit\u00e9 alg\u00e9rienne sont profond\u00e9ment enracin\u00e9s\u00a0\u00bb et qu&rsquo;il est crucial de \u00ab\u00a0veiller \u00e0 les pr\u00e9server et \u00e0 ne pas y porter atteinte\u00a0\u00bb. Il a rappel\u00e9 que ces r\u00e9f\u00e9rents, incluant la composante amazighe authentique, sont d\u00e9sormais inscrits dans la Constitution et trouvent leurs racines dans la D\u00e9claration du 1er novembre.<\/p>\n\n\n\n<p>Dans une perspective de d\u00e9veloppement des partenariats locaux, un programme de jumelage entre les communes de Timimoun et d&rsquo;Akbou (wilaya de B\u00e9ja\u00efa) a \u00e9t\u00e9 annonc\u00e9, impliquant des associations locales sous l&rsquo;\u00e9gide de l&rsquo;Observatoire national de la soci\u00e9t\u00e9 civile. Cette initiative pourrait \u00eatre \u00e9tendue \u00e0 d&rsquo;autres wilayas selon les responsables. Les festivit\u00e9s incluent \u00e9galement un volet \u00e9conomique avec l&rsquo;inauguration du March\u00e9 de Yennayer \u00e0 Timimoun, une initiative visant \u00e0 soutenir les artisans locaux dans la commercialisation de leurs produits. Le HCA s&rsquo;est engag\u00e9 \u00e0 poursuivre son accompagnement des artisans et des cr\u00e9ateurs. La c\u00e9l\u00e9bration se conclura par la remise du Prix du pr\u00e9sident de la R\u00e9publique de litt\u00e9rature et langue amazighes aux laur\u00e9ats et l&rsquo;\u00e9mission d&rsquo;un timbre-poste comm\u00e9moratif d\u00e9di\u00e9 \u00e0 cette cinqui\u00e8me \u00e9dition. Ces festivit\u00e9s, qui se d\u00e9roulent du 10 au 12 janvier, t\u00e9moignent de l&rsquo;engagement continu de l&rsquo;\u00c9tat alg\u00e9rien dans la promotion et la pr\u00e9servation de la culture amazighe, composante essentielle de l&rsquo;identit\u00e9 nationale alg\u00e9rienne.<\/p>\n\n\n\n<p>Mohamed Seghir<\/p>\n","protected":false},"excerpt":{"rendered":"<p>Dans le cadre des c\u00e9l\u00e9brations nationales du Nouvel An amazigh (Yennayer 2975) qui se d\u00e9roulent \u00e0 Timimoun, le Secr\u00e9taire g\u00e9n\u00e9ral<\/p>\n","protected":false},"author":6,"featured_media":61547,"comment_status":"open","ping_status":"closed","sticky":false,"template":"","format":"standard","meta":{"colormag_page_container_layout":"default_layout","colormag_page_sidebar_layout":"default_layout","om_disable_all_campaigns":false,"_monsterinsights_skip_tracking":false,"_monsterinsights_sitenote_active":false,"_monsterinsights_sitenote_note":"","_monsterinsights_sitenote_category":0,"footnotes":"","_wpscppro_dont_share_socialmedia":false,"_wpscppro_custom_social_share_image":0,"_facebook_share_type":"default","_twitter_share_type":"default","_linkedin_share_type":"default","_pinterest_share_type":"default","_linkedin_share_type_page":"","_instagram_share_type":"default","_medium_share_type":"default","_threads_share_type":"","_google_business_share_type":"","_selected_social_profile":[],"_wpsp_enable_custom_social_template":false,"_wpsp_social_scheduling":{"enabled":false,"datetime":null,"platforms":[],"status":"template_only","dateOption":"today","timeOption":"now","customDays":"","customHours":"","customDate":"","customTime":"","schedulingType":"absolute"},"_wpsp_active_default_template":true},"categories":[36],"tags":[],"class_list":["post-61546","post","type-post","status-publish","format-standard","has-post-thumbnail","hentry","category-culture"],"aioseo_notices":[],"yoast_head":"<!-- This site is optimized with the Yoast SEO plugin v27.5 - https:\/\/yoast.com\/product\/yoast-seo-wordpress\/ -->\n<title>C\u00e9l\u00e9bration de Yennayer: Vers la cr\u00e9ation d&rsquo;annexes du HCA - La Sentinelle<\/title>\n<meta name=\"robots\" content=\"index, follow, max-snippet:-1, max-image-preview:large, max-video-preview:-1\" \/>\n<link rel=\"canonical\" href=\"https:\/\/lasentinelle.dz\/index.php\/2025\/01\/13\/celebration-de-yennayer-vers-la-creation-dannexes-du-hca\/\" \/>\n<meta property=\"og:locale\" content=\"fr_FR\" \/>\n<meta property=\"og:type\" content=\"article\" \/>\n<meta property=\"og:title\" content=\"C\u00e9l\u00e9bration de Yennayer: Vers la cr\u00e9ation d&rsquo;annexes du HCA - La Sentinelle\" \/>\n<meta property=\"og:description\" content=\"Dans le cadre des c\u00e9l\u00e9brations nationales du Nouvel An amazigh (Yennayer 2975) qui se d\u00e9roulent \u00e0 Timimoun, le Secr\u00e9taire g\u00e9n\u00e9ral\" \/>\n<meta property=\"og:url\" content=\"https:\/\/lasentinelle.dz\/index.php\/2025\/01\/13\/celebration-de-yennayer-vers-la-creation-dannexes-du-hca\/\" \/>\n<meta property=\"og:site_name\" content=\"La Sentinelle\" \/>\n<meta property=\"article:publisher\" content=\"https:\/\/www.facebook.com\/La-Sentinelle-104059864394773\" \/>\n<meta property=\"article:published_time\" content=\"2025-01-13T11:09:02+00:00\" \/>\n<meta property=\"article:modified_time\" content=\"2025-01-13T11:09:03+00:00\" \/>\n<meta property=\"og:image\" content=\"https:\/\/lasentinelle.dz\/wp-content\/uploads\/2025\/01\/assad.jpg\" \/>\n\t<meta property=\"og:image:width\" content=\"2048\" \/>\n\t<meta property=\"og:image:height\" content=\"1365\" \/>\n\t<meta property=\"og:image:type\" content=\"image\/jpeg\" \/>\n<meta name=\"author\" content=\"admin\" \/>\n<meta name=\"twitter:card\" content=\"summary_large_image\" \/>\n<meta name=\"twitter:label1\" content=\"\u00c9crit par\" \/>\n\t<meta name=\"twitter:data1\" content=\"admin\" \/>\n\t<meta name=\"twitter:label2\" content=\"Dur\u00e9e de lecture estim\u00e9e\" \/>\n\t<meta name=\"twitter:data2\" content=\"4 minutes\" \/>\n<script type=\"application\/ld+json\" class=\"yoast-schema-graph\">{\"@context\":\"https:\\\/\\\/schema.org\",\"@graph\":[{\"@type\":\"Article\",\"@id\":\"https:\\\/\\\/lasentinelle.dz\\\/index.php\\\/2025\\\/01\\\/13\\\/celebration-de-yennayer-vers-la-creation-dannexes-du-hca\\\/#article\",\"isPartOf\":{\"@id\":\"https:\\\/\\\/lasentinelle.dz\\\/index.php\\\/2025\\\/01\\\/13\\\/celebration-de-yennayer-vers-la-creation-dannexes-du-hca\\\/\"},\"author\":{\"name\":\"admin\",\"@id\":\"https:\\\/\\\/lasentinelle.dz\\\/#\\\/schema\\\/person\\\/729ee0024f24e0b8c5ec17232f8e8b41\"},\"headline\":\"C\u00e9l\u00e9bration de Yennayer: Vers la cr\u00e9ation d&rsquo;annexes du HCA\",\"datePublished\":\"2025-01-13T11:09:02+00:00\",\"dateModified\":\"2025-01-13T11:09:03+00:00\",\"mainEntityOfPage\":{\"@id\":\"https:\\\/\\\/lasentinelle.dz\\\/index.php\\\/2025\\\/01\\\/13\\\/celebration-de-yennayer-vers-la-creation-dannexes-du-hca\\\/\"},\"wordCount\":703,\"commentCount\":0,\"publisher\":{\"@id\":\"https:\\\/\\\/lasentinelle.dz\\\/#organization\"},\"image\":{\"@id\":\"https:\\\/\\\/lasentinelle.dz\\\/index.php\\\/2025\\\/01\\\/13\\\/celebration-de-yennayer-vers-la-creation-dannexes-du-hca\\\/#primaryimage\"},\"thumbnailUrl\":\"https:\\\/\\\/lasentinelle.dz\\\/wp-content\\\/uploads\\\/2025\\\/01\\\/assad.jpg\",\"articleSection\":[\"Culture\"],\"inLanguage\":\"fr-FR\",\"potentialAction\":[{\"@type\":\"CommentAction\",\"name\":\"Comment\",\"target\":[\"https:\\\/\\\/lasentinelle.dz\\\/index.php\\\/2025\\\/01\\\/13\\\/celebration-de-yennayer-vers-la-creation-dannexes-du-hca\\\/#respond\"]}]},{\"@type\":\"WebPage\",\"@id\":\"https:\\\/\\\/lasentinelle.dz\\\/index.php\\\/2025\\\/01\\\/13\\\/celebration-de-yennayer-vers-la-creation-dannexes-du-hca\\\/\",\"url\":\"https:\\\/\\\/lasentinelle.dz\\\/index.php\\\/2025\\\/01\\\/13\\\/celebration-de-yennayer-vers-la-creation-dannexes-du-hca\\\/\",\"name\":\"C\u00e9l\u00e9bration de Yennayer: Vers la cr\u00e9ation d&rsquo;annexes du HCA - La Sentinelle\",\"isPartOf\":{\"@id\":\"https:\\\/\\\/lasentinelle.dz\\\/#website\"},\"primaryImageOfPage\":{\"@id\":\"https:\\\/\\\/lasentinelle.dz\\\/index.php\\\/2025\\\/01\\\/13\\\/celebration-de-yennayer-vers-la-creation-dannexes-du-hca\\\/#primaryimage\"},\"image\":{\"@id\":\"https:\\\/\\\/lasentinelle.dz\\\/index.php\\\/2025\\\/01\\\/13\\\/celebration-de-yennayer-vers-la-creation-dannexes-du-hca\\\/#primaryimage\"},\"thumbnailUrl\":\"https:\\\/\\\/lasentinelle.dz\\\/wp-content\\\/uploads\\\/2025\\\/01\\\/assad.jpg\",\"datePublished\":\"2025-01-13T11:09:02+00:00\",\"dateModified\":\"2025-01-13T11:09:03+00:00\",\"breadcrumb\":{\"@id\":\"https:\\\/\\\/lasentinelle.dz\\\/index.php\\\/2025\\\/01\\\/13\\\/celebration-de-yennayer-vers-la-creation-dannexes-du-hca\\\/#breadcrumb\"},\"inLanguage\":\"fr-FR\",\"potentialAction\":[{\"@type\":\"ReadAction\",\"target\":[\"https:\\\/\\\/lasentinelle.dz\\\/index.php\\\/2025\\\/01\\\/13\\\/celebration-de-yennayer-vers-la-creation-dannexes-du-hca\\\/\"]}]},{\"@type\":\"ImageObject\",\"inLanguage\":\"fr-FR\",\"@id\":\"https:\\\/\\\/lasentinelle.dz\\\/index.php\\\/2025\\\/01\\\/13\\\/celebration-de-yennayer-vers-la-creation-dannexes-du-hca\\\/#primaryimage\",\"url\":\"https:\\\/\\\/lasentinelle.dz\\\/wp-content\\\/uploads\\\/2025\\\/01\\\/assad.jpg\",\"contentUrl\":\"https:\\\/\\\/lasentinelle.dz\\\/wp-content\\\/uploads\\\/2025\\\/01\\\/assad.jpg\",\"width\":2048,\"height\":1365},{\"@type\":\"BreadcrumbList\",\"@id\":\"https:\\\/\\\/lasentinelle.dz\\\/index.php\\\/2025\\\/01\\\/13\\\/celebration-de-yennayer-vers-la-creation-dannexes-du-hca\\\/#breadcrumb\",\"itemListElement\":[{\"@type\":\"ListItem\",\"position\":1,\"name\":\"Accueil\",\"item\":\"https:\\\/\\\/lasentinelle.dz\\\/\"},{\"@type\":\"ListItem\",\"position\":2,\"name\":\"C\u00e9l\u00e9bration de Yennayer: Vers la cr\u00e9ation d&rsquo;annexes du HCA\"}]},{\"@type\":\"WebSite\",\"@id\":\"https:\\\/\\\/lasentinelle.dz\\\/#website\",\"url\":\"https:\\\/\\\/lasentinelle.dz\\\/\",\"name\":\"La Sentinelle\",\"description\":\"Quotidien national d&#039;information\",\"publisher\":{\"@id\":\"https:\\\/\\\/lasentinelle.dz\\\/#organization\"},\"potentialAction\":[{\"@type\":\"SearchAction\",\"target\":{\"@type\":\"EntryPoint\",\"urlTemplate\":\"https:\\\/\\\/lasentinelle.dz\\\/?s={search_term_string}\"},\"query-input\":{\"@type\":\"PropertyValueSpecification\",\"valueRequired\":true,\"valueName\":\"search_term_string\"}}],\"inLanguage\":\"fr-FR\"},{\"@type\":\"Organization\",\"@id\":\"https:\\\/\\\/lasentinelle.dz\\\/#organization\",\"name\":\"Quotidien La Sentinelle\",\"url\":\"https:\\\/\\\/lasentinelle.dz\\\/\",\"logo\":{\"@type\":\"ImageObject\",\"inLanguage\":\"fr-FR\",\"@id\":\"https:\\\/\\\/lasentinelle.dz\\\/#\\\/schema\\\/logo\\\/image\\\/\",\"url\":\"https:\\\/\\\/lasentinelle.dz\\\/wp-content\\\/uploads\\\/2021\\\/09\\\/logo-sentinelleSLOGAN-1.png\",\"contentUrl\":\"https:\\\/\\\/lasentinelle.dz\\\/wp-content\\\/uploads\\\/2021\\\/09\\\/logo-sentinelleSLOGAN-1.png\",\"width\":615,\"height\":142,\"caption\":\"Quotidien La Sentinelle\"},\"image\":{\"@id\":\"https:\\\/\\\/lasentinelle.dz\\\/#\\\/schema\\\/logo\\\/image\\\/\"},\"sameAs\":[\"https:\\\/\\\/www.facebook.com\\\/La-Sentinelle-104059864394773\"]},{\"@type\":\"Person\",\"@id\":\"https:\\\/\\\/lasentinelle.dz\\\/#\\\/schema\\\/person\\\/729ee0024f24e0b8c5ec17232f8e8b41\",\"name\":\"admin\",\"image\":{\"@type\":\"ImageObject\",\"inLanguage\":\"fr-FR\",\"@id\":\"https:\\\/\\\/secure.gravatar.com\\\/avatar\\\/4c81fed838786e9b53f540bf46533e750f5d292099ae3b66cfc6fb1982e29df7?s=96&d=mm&r=g\",\"url\":\"https:\\\/\\\/secure.gravatar.com\\\/avatar\\\/4c81fed838786e9b53f540bf46533e750f5d292099ae3b66cfc6fb1982e29df7?s=96&d=mm&r=g\",\"contentUrl\":\"https:\\\/\\\/secure.gravatar.com\\\/avatar\\\/4c81fed838786e9b53f540bf46533e750f5d292099ae3b66cfc6fb1982e29df7?s=96&d=mm&r=g\",\"caption\":\"admin\"},\"description\":\"admin\",\"url\":\"https:\\\/\\\/lasentinelle.dz\\\/author\\\/admin\\\/\"}]}<\/script>\n<!-- \/ Yoast SEO plugin. -->","yoast_head_json":{"title":"C\u00e9l\u00e9bration de Yennayer: Vers la cr\u00e9ation d&rsquo;annexes du HCA - La Sentinelle","robots":{"index":"index","follow":"follow","max-snippet":"max-snippet:-1","max-image-preview":"max-image-preview:large","max-video-preview":"max-video-preview:-1"},"canonical":"https:\/\/lasentinelle.dz\/index.php\/2025\/01\/13\/celebration-de-yennayer-vers-la-creation-dannexes-du-hca\/","og_locale":"fr_FR","og_type":"article","og_title":"C\u00e9l\u00e9bration de Yennayer: Vers la cr\u00e9ation d&rsquo;annexes du HCA - La Sentinelle","og_description":"Dans le cadre des c\u00e9l\u00e9brations nationales du Nouvel An amazigh (Yennayer 2975) qui se d\u00e9roulent \u00e0 Timimoun, le Secr\u00e9taire g\u00e9n\u00e9ral","og_url":"https:\/\/lasentinelle.dz\/index.php\/2025\/01\/13\/celebration-de-yennayer-vers-la-creation-dannexes-du-hca\/","og_site_name":"La Sentinelle","article_publisher":"https:\/\/www.facebook.com\/La-Sentinelle-104059864394773","article_published_time":"2025-01-13T11:09:02+00:00","article_modified_time":"2025-01-13T11:09:03+00:00","og_image":[{"width":2048,"height":1365,"url":"https:\/\/lasentinelle.dz\/wp-content\/uploads\/2025\/01\/assad.jpg","type":"image\/jpeg"}],"author":"admin","twitter_card":"summary_large_image","twitter_misc":{"\u00c9crit par":"admin","Dur\u00e9e de lecture estim\u00e9e":"4 minutes"},"schema":{"@context":"https:\/\/schema.org","@graph":[{"@type":"Article","@id":"https:\/\/lasentinelle.dz\/index.php\/2025\/01\/13\/celebration-de-yennayer-vers-la-creation-dannexes-du-hca\/#article","isPartOf":{"@id":"https:\/\/lasentinelle.dz\/index.php\/2025\/01\/13\/celebration-de-yennayer-vers-la-creation-dannexes-du-hca\/"},"author":{"name":"admin","@id":"https:\/\/lasentinelle.dz\/#\/schema\/person\/729ee0024f24e0b8c5ec17232f8e8b41"},"headline":"C\u00e9l\u00e9bration de Yennayer: Vers la cr\u00e9ation d&rsquo;annexes du HCA","datePublished":"2025-01-13T11:09:02+00:00","dateModified":"2025-01-13T11:09:03+00:00","mainEntityOfPage":{"@id":"https:\/\/lasentinelle.dz\/index.php\/2025\/01\/13\/celebration-de-yennayer-vers-la-creation-dannexes-du-hca\/"},"wordCount":703,"commentCount":0,"publisher":{"@id":"https:\/\/lasentinelle.dz\/#organization"},"image":{"@id":"https:\/\/lasentinelle.dz\/index.php\/2025\/01\/13\/celebration-de-yennayer-vers-la-creation-dannexes-du-hca\/#primaryimage"},"thumbnailUrl":"https:\/\/lasentinelle.dz\/wp-content\/uploads\/2025\/01\/assad.jpg","articleSection":["Culture"],"inLanguage":"fr-FR","potentialAction":[{"@type":"CommentAction","name":"Comment","target":["https:\/\/lasentinelle.dz\/index.php\/2025\/01\/13\/celebration-de-yennayer-vers-la-creation-dannexes-du-hca\/#respond"]}]},{"@type":"WebPage","@id":"https:\/\/lasentinelle.dz\/index.php\/2025\/01\/13\/celebration-de-yennayer-vers-la-creation-dannexes-du-hca\/","url":"https:\/\/lasentinelle.dz\/index.php\/2025\/01\/13\/celebration-de-yennayer-vers-la-creation-dannexes-du-hca\/","name":"C\u00e9l\u00e9bration de Yennayer: Vers la cr\u00e9ation d&rsquo;annexes du HCA - La Sentinelle","isPartOf":{"@id":"https:\/\/lasentinelle.dz\/#website"},"primaryImageOfPage":{"@id":"https:\/\/lasentinelle.dz\/index.php\/2025\/01\/13\/celebration-de-yennayer-vers-la-creation-dannexes-du-hca\/#primaryimage"},"image":{"@id":"https:\/\/lasentinelle.dz\/index.php\/2025\/01\/13\/celebration-de-yennayer-vers-la-creation-dannexes-du-hca\/#primaryimage"},"thumbnailUrl":"https:\/\/lasentinelle.dz\/wp-content\/uploads\/2025\/01\/assad.jpg","datePublished":"2025-01-13T11:09:02+00:00","dateModified":"2025-01-13T11:09:03+00:00","breadcrumb":{"@id":"https:\/\/lasentinelle.dz\/index.php\/2025\/01\/13\/celebration-de-yennayer-vers-la-creation-dannexes-du-hca\/#breadcrumb"},"inLanguage":"fr-FR","potentialAction":[{"@type":"ReadAction","target":["https:\/\/lasentinelle.dz\/index.php\/2025\/01\/13\/celebration-de-yennayer-vers-la-creation-dannexes-du-hca\/"]}]},{"@type":"ImageObject","inLanguage":"fr-FR","@id":"https:\/\/lasentinelle.dz\/index.php\/2025\/01\/13\/celebration-de-yennayer-vers-la-creation-dannexes-du-hca\/#primaryimage","url":"https:\/\/lasentinelle.dz\/wp-content\/uploads\/2025\/01\/assad.jpg","contentUrl":"https:\/\/lasentinelle.dz\/wp-content\/uploads\/2025\/01\/assad.jpg","width":2048,"height":1365},{"@type":"BreadcrumbList","@id":"https:\/\/lasentinelle.dz\/index.php\/2025\/01\/13\/celebration-de-yennayer-vers-la-creation-dannexes-du-hca\/#breadcrumb","itemListElement":[{"@type":"ListItem","position":1,"name":"Accueil","item":"https:\/\/lasentinelle.dz\/"},{"@type":"ListItem","position":2,"name":"C\u00e9l\u00e9bration de Yennayer: Vers la cr\u00e9ation d&rsquo;annexes du HCA"}]},{"@type":"WebSite","@id":"https:\/\/lasentinelle.dz\/#website","url":"https:\/\/lasentinelle.dz\/","name":"La Sentinelle","description":"Quotidien national d&#039;information","publisher":{"@id":"https:\/\/lasentinelle.dz\/#organization"},"potentialAction":[{"@type":"SearchAction","target":{"@type":"EntryPoint","urlTemplate":"https:\/\/lasentinelle.dz\/?s={search_term_string}"},"query-input":{"@type":"PropertyValueSpecification","valueRequired":true,"valueName":"search_term_string"}}],"inLanguage":"fr-FR"},{"@type":"Organization","@id":"https:\/\/lasentinelle.dz\/#organization","name":"Quotidien La Sentinelle","url":"https:\/\/lasentinelle.dz\/","logo":{"@type":"ImageObject","inLanguage":"fr-FR","@id":"https:\/\/lasentinelle.dz\/#\/schema\/logo\/image\/","url":"https:\/\/lasentinelle.dz\/wp-content\/uploads\/2021\/09\/logo-sentinelleSLOGAN-1.png","contentUrl":"https:\/\/lasentinelle.dz\/wp-content\/uploads\/2021\/09\/logo-sentinelleSLOGAN-1.png","width":615,"height":142,"caption":"Quotidien La Sentinelle"},"image":{"@id":"https:\/\/lasentinelle.dz\/#\/schema\/logo\/image\/"},"sameAs":["https:\/\/www.facebook.com\/La-Sentinelle-104059864394773"]},{"@type":"Person","@id":"https:\/\/lasentinelle.dz\/#\/schema\/person\/729ee0024f24e0b8c5ec17232f8e8b41","name":"admin","image":{"@type":"ImageObject","inLanguage":"fr-FR","@id":"https:\/\/secure.gravatar.com\/avatar\/4c81fed838786e9b53f540bf46533e750f5d292099ae3b66cfc6fb1982e29df7?s=96&d=mm&r=g","url":"https:\/\/secure.gravatar.com\/avatar\/4c81fed838786e9b53f540bf46533e750f5d292099ae3b66cfc6fb1982e29df7?s=96&d=mm&r=g","contentUrl":"https:\/\/secure.gravatar.com\/avatar\/4c81fed838786e9b53f540bf46533e750f5d292099ae3b66cfc6fb1982e29df7?s=96&d=mm&r=g","caption":"admin"},"description":"admin","url":"https:\/\/lasentinelle.dz\/author\/admin\/"}]}},"_links":{"self":[{"href":"https:\/\/lasentinelle.dz\/index.php\/wp-json\/wp\/v2\/posts\/61546","targetHints":{"allow":["GET"]}}],"collection":[{"href":"https:\/\/lasentinelle.dz\/index.php\/wp-json\/wp\/v2\/posts"}],"about":[{"href":"https:\/\/lasentinelle.dz\/index.php\/wp-json\/wp\/v2\/types\/post"}],"author":[{"embeddable":true,"href":"https:\/\/lasentinelle.dz\/index.php\/wp-json\/wp\/v2\/users\/6"}],"replies":[{"embeddable":true,"href":"https:\/\/lasentinelle.dz\/index.php\/wp-json\/wp\/v2\/comments?post=61546"}],"version-history":[{"count":2,"href":"https:\/\/lasentinelle.dz\/index.php\/wp-json\/wp\/v2\/posts\/61546\/revisions"}],"predecessor-version":[{"id":61549,"href":"https:\/\/lasentinelle.dz\/index.php\/wp-json\/wp\/v2\/posts\/61546\/revisions\/61549"}],"wp:featuredmedia":[{"embeddable":true,"href":"https:\/\/lasentinelle.dz\/index.php\/wp-json\/wp\/v2\/media\/61547"}],"wp:attachment":[{"href":"https:\/\/lasentinelle.dz\/index.php\/wp-json\/wp\/v2\/media?parent=61546"}],"wp:term":[{"taxonomy":"category","embeddable":true,"href":"https:\/\/lasentinelle.dz\/index.php\/wp-json\/wp\/v2\/categories?post=61546"},{"taxonomy":"post_tag","embeddable":true,"href":"https:\/\/lasentinelle.dz\/index.php\/wp-json\/wp\/v2\/tags?post=61546"}],"curies":[{"name":"wp","href":"https:\/\/api.w.org\/{rel}","templated":true}]}}