{"id":61595,"date":"2025-01-14T11:05:17","date_gmt":"2025-01-14T10:05:17","guid":{"rendered":"https:\/\/lasentinelle.dz\/?p=61595"},"modified":"2025-01-14T11:05:17","modified_gmt":"2025-01-14T10:05:17","slug":"soudan-16-morts-dans-une-attaque-contre-un-camp-de-deplaces-a-el-fasher","status":"publish","type":"post","link":"https:\/\/lasentinelle.dz\/index.php\/2025\/01\/14\/soudan-16-morts-dans-une-attaque-contre-un-camp-de-deplaces-a-el-fasher\/","title":{"rendered":"Soudan: 16 morts dans une attaque contre un camp de d\u00e9plac\u00e9s \u00e0 El Fasher"},"content":{"rendered":"\n<p>Seize personnes ont \u00e9t\u00e9 tu\u00e9es et 42 autres bless\u00e9es dans une attaque \u00e0 la bombe contre un camp de d\u00e9plac\u00e9s \u00e0 El-Fasher, capitale de l\u2019Etat du Darfour-Nord (ouest), ont rapport\u00e9 lundi des m\u00e9dias.<\/p>\n\n\n\n<p>Les Forces de soutien rapide (FSR) ont d\u00e9lib\u00e9r\u00e9ment bombard\u00e9 samedi le camp de personnes d\u00e9plac\u00e9es de Zamzam \u00bb, a indiqu\u00e9 le Comit\u00e9 de r\u00e9sistance d\u2019El Fasher (compos\u00e9 de militants) dans un communiqu\u00e9 relay\u00e9 par des m\u00e9dias. Le comit\u00e9 a ajout\u00e9 que le nombre de victimes a atteint 16 morts et 42 bless\u00e9s, dont des femmes et des enfants. Il a appel\u00e9 les organisations internationales \u00e0 aider \u00e0 \u00e9vacuer les bless\u00e9s et \u00e0 fournir des fournitures m\u00e9dicales. Depuis le 10 mai, El-Fasher, une ville consid\u00e9r\u00e9e comme le centre des op\u00e9rations humanitaires des cinq Etats du Darfour, est le th\u00e9\u00e2tre d\u2019affrontements entre l\u2019arm\u00e9e soudanaise et les Forces de soutien rapide.<\/p>\n\n\n\n<p>De son c\u00f4t\u00e9, la ville soudanaise de Port-Soudan \u00e9tait priv\u00e9e lundi d&rsquo;\u00e9lectricit\u00e9 \u00e0 la suite d&rsquo;une attaque de drones attribu\u00e9e aux Forces de soutien rapide(FSR) contre un barrage hydro\u00e9lectrique du nord du Soudan, selon des m\u00e9dias locaux. Dans un communiqu\u00e9, l&rsquo;arm\u00e9e soudanaise, en conflit contre les Forces de soutien rapide (FSR) depuis avril 2023, a condamn\u00e9 l&rsquo;attaque, d\u00e9non\u00e7ant une \u00ab\u00a0campagne syst\u00e9matique contre des sites militaires, des institutions vitales et des projets de d\u00e9veloppement du pays\u00a0\u00bb. Elle a ajout\u00e9 que le barrage de Merowe, \u00e0 environ 350 kilom\u00e8tres au nord de Khartoum, a \u00e9t\u00e9 touch\u00e9 par \u00ab\u00a0des drones explosifs\u00a0\u00bb, auxquels \u00ab\u00a0les d\u00e9fenses terrestres ont r\u00e9pondu\u00a0\u00bb. L&rsquo;arm\u00e9e a fait \u00e9tat de \u00ab\u00a0d\u00e9g\u00e2ts qui seront r\u00e9par\u00e9s\u00a0\u00bb. Quand la centrale \u00e9lectrique a \u00e9t\u00e9 touch\u00e9e, une panne de courant g\u00e9n\u00e9ralis\u00e9e a frapp\u00e9 lundi Port-Soudan. Des images circulant lundi sur les r\u00e9seaux sociaux montrent des incendies ravageant les infrastructures \u00e9lectriques du barrage de Merowe.<\/p>\n\n\n\n<p>Les affrontements entre l&rsquo;arm\u00e9e soudanaise et les Forces de soutien rapide (FSR) dans le sud du pays ont forc\u00e9 des milliers de personnes \u00e0 fuir, a indiqu\u00e9 dimanche l&rsquo;Organisation internationale pour les migrations (OIM) de l&rsquo;ONU. L&rsquo;OIM a fait savoir qu'\u00a0\u00bben cinq jours, entre 1.000 et 3.000 m\u00e9nages ont \u00e9t\u00e9 d\u00e9plac\u00e9s de la ville d&rsquo;Oum Rawaba\u00a0\u00bb la deuxi\u00e8me plus importante ville du Kordofan-Nord, \u00e0 environ 100 km \u00e0 l&rsquo;est du chef-lieu, El Obeid. Des affrontements ont \u00e9clat\u00e9 la semaine derni\u00e8re entre l&rsquo;arm\u00e9e et les FSR, au moment o\u00f9 l&rsquo;arm\u00e9e avan\u00e7ait vers l&rsquo;Etat d&rsquo;Al-Jazira, au centre du Soudan, \u00e0 quelque 300 kilom\u00e8tres \u00e0 l&rsquo;est. Les familles ont fui \u00ab\u00a0\u00e0 cause des affrontements continus dans la localit\u00e9\u00a0\u00bb, a indiqu\u00e9 l&rsquo;OIM. Au Kordofan-Nord, plus de 205.000 personnes sont actuellement d\u00e9plac\u00e9es, selon les derniers chiffres de l&rsquo;ONU. Dans tout le pays, 11,5 millions de personnes sont d\u00e9plac\u00e9es, dont 2,7 millions lors de conflits ant\u00e9rieurs, ce qui repr\u00e9sente la plus grande crise de d\u00e9placement au monde. Le conflit, qui a \u00e9clat\u00e9 \u00e0 la mi-avril 2023, oppose le chef de l&rsquo;arm\u00e9e Abdel Fattah al-Burhan \u00e0 son ancien adjoint Mohamed Hamdan Daglo qui dirige les FSR. Il a \u00e9galement co\u00fbt\u00e9 la vie \u00e0 des dizaines de milliers de personnes et pouss\u00e9 le pays au bord de la famine. Le conflit, qui a \u00e9clat\u00e9 \u00e0 la mi-avril 2023 entre l\u2019arm\u00e9e soudanaise et les Forces de soutien rapide (FSR), a fait plus de 20.000 morts et plus de 14 millions de d\u00e9plac\u00e9s et de r\u00e9fugi\u00e9s, selon les estimations des Nations Unies et des autorit\u00e9s locales.<\/p>\n\n\n\n<p>R.I.<\/p>\n","protected":false},"excerpt":{"rendered":"<p>Seize personnes ont \u00e9t\u00e9 tu\u00e9es et 42 autres bless\u00e9es dans une attaque \u00e0 la bombe contre un camp de d\u00e9plac\u00e9s<\/p>\n","protected":false},"author":6,"featured_media":61596,"comment_status":"open","ping_status":"closed","sticky":false,"template":"","format":"standard","meta":{"colormag_page_container_layout":"default_layout","colormag_page_sidebar_layout":"default_layout","om_disable_all_campaigns":false,"_monsterinsights_skip_tracking":false,"_monsterinsights_sitenote_active":false,"_monsterinsights_sitenote_note":"","_monsterinsights_sitenote_category":0,"footnotes":"","_wpscppro_dont_share_socialmedia":false,"_wpscppro_custom_social_share_image":0,"_facebook_share_type":"default","_twitter_share_type":"default","_linkedin_share_type":"default","_pinterest_share_type":"default","_linkedin_share_type_page":"","_instagram_share_type":"default","_medium_share_type":"default","_threads_share_type":"","_google_business_share_type":"","_selected_social_profile":[],"_wpsp_enable_custom_social_template":false,"_wpsp_social_scheduling":{"enabled":false,"datetime":null,"platforms":[],"status":"template_only","dateOption":"today","timeOption":"now","customDays":"","customHours":"","customDate":"","customTime":"","schedulingType":"absolute"},"_wpsp_active_default_template":true},"categories":[37],"tags":[],"class_list":["post-61595","post","type-post","status-publish","format-standard","has-post-thumbnail","hentry","category-monde"],"aioseo_notices":[],"yoast_head":"<!-- This site is optimized with the Yoast SEO plugin v27.5 - https:\/\/yoast.com\/product\/yoast-seo-wordpress\/ -->\n<title>Soudan: 16 morts dans une attaque contre un camp de d\u00e9plac\u00e9s \u00e0 El Fasher - La Sentinelle<\/title>\n<meta name=\"robots\" content=\"index, follow, max-snippet:-1, max-image-preview:large, max-video-preview:-1\" \/>\n<link rel=\"canonical\" href=\"https:\/\/lasentinelle.dz\/index.php\/2025\/01\/14\/soudan-16-morts-dans-une-attaque-contre-un-camp-de-deplaces-a-el-fasher\/\" \/>\n<meta property=\"og:locale\" content=\"fr_FR\" \/>\n<meta property=\"og:type\" content=\"article\" \/>\n<meta property=\"og:title\" content=\"Soudan: 16 morts dans une attaque contre un camp de d\u00e9plac\u00e9s \u00e0 El Fasher - La Sentinelle\" \/>\n<meta property=\"og:description\" content=\"Seize personnes ont \u00e9t\u00e9 tu\u00e9es et 42 autres bless\u00e9es dans une attaque \u00e0 la bombe contre un camp de d\u00e9plac\u00e9s\" \/>\n<meta property=\"og:url\" content=\"https:\/\/lasentinelle.dz\/index.php\/2025\/01\/14\/soudan-16-morts-dans-une-attaque-contre-un-camp-de-deplaces-a-el-fasher\/\" \/>\n<meta property=\"og:site_name\" content=\"La Sentinelle\" \/>\n<meta property=\"article:publisher\" content=\"https:\/\/www.facebook.com\/La-Sentinelle-104059864394773\" \/>\n<meta property=\"article:published_time\" content=\"2025-01-14T10:05:17+00:00\" \/>\n<meta property=\"og:image\" content=\"https:\/\/lasentinelle.dz\/wp-content\/uploads\/2025\/01\/al-fasher.jpeg\" \/>\n\t<meta property=\"og:image:width\" content=\"946\" \/>\n\t<meta property=\"og:image:height\" content=\"710\" \/>\n\t<meta property=\"og:image:type\" content=\"image\/jpeg\" \/>\n<meta name=\"author\" content=\"admin\" \/>\n<meta name=\"twitter:card\" content=\"summary_large_image\" \/>\n<meta name=\"twitter:label1\" content=\"\u00c9crit par\" \/>\n\t<meta name=\"twitter:data1\" content=\"admin\" \/>\n\t<meta name=\"twitter:label2\" content=\"Dur\u00e9e de lecture estim\u00e9e\" \/>\n\t<meta name=\"twitter:data2\" content=\"3 minutes\" \/>\n<script type=\"application\/ld+json\" class=\"yoast-schema-graph\">{\"@context\":\"https:\\\/\\\/schema.org\",\"@graph\":[{\"@type\":\"Article\",\"@id\":\"https:\\\/\\\/lasentinelle.dz\\\/index.php\\\/2025\\\/01\\\/14\\\/soudan-16-morts-dans-une-attaque-contre-un-camp-de-deplaces-a-el-fasher\\\/#article\",\"isPartOf\":{\"@id\":\"https:\\\/\\\/lasentinelle.dz\\\/index.php\\\/2025\\\/01\\\/14\\\/soudan-16-morts-dans-une-attaque-contre-un-camp-de-deplaces-a-el-fasher\\\/\"},\"author\":{\"name\":\"admin\",\"@id\":\"https:\\\/\\\/lasentinelle.dz\\\/#\\\/schema\\\/person\\\/729ee0024f24e0b8c5ec17232f8e8b41\"},\"headline\":\"Soudan: 16 morts dans une attaque contre un camp de d\u00e9plac\u00e9s \u00e0 El Fasher\",\"datePublished\":\"2025-01-14T10:05:17+00:00\",\"mainEntityOfPage\":{\"@id\":\"https:\\\/\\\/lasentinelle.dz\\\/index.php\\\/2025\\\/01\\\/14\\\/soudan-16-morts-dans-une-attaque-contre-un-camp-de-deplaces-a-el-fasher\\\/\"},\"wordCount\":620,\"commentCount\":0,\"publisher\":{\"@id\":\"https:\\\/\\\/lasentinelle.dz\\\/#organization\"},\"image\":{\"@id\":\"https:\\\/\\\/lasentinelle.dz\\\/index.php\\\/2025\\\/01\\\/14\\\/soudan-16-morts-dans-une-attaque-contre-un-camp-de-deplaces-a-el-fasher\\\/#primaryimage\"},\"thumbnailUrl\":\"https:\\\/\\\/lasentinelle.dz\\\/wp-content\\\/uploads\\\/2025\\\/01\\\/al-fasher.jpeg\",\"articleSection\":[\"Monde\"],\"inLanguage\":\"fr-FR\",\"potentialAction\":[{\"@type\":\"CommentAction\",\"name\":\"Comment\",\"target\":[\"https:\\\/\\\/lasentinelle.dz\\\/index.php\\\/2025\\\/01\\\/14\\\/soudan-16-morts-dans-une-attaque-contre-un-camp-de-deplaces-a-el-fasher\\\/#respond\"]}]},{\"@type\":\"WebPage\",\"@id\":\"https:\\\/\\\/lasentinelle.dz\\\/index.php\\\/2025\\\/01\\\/14\\\/soudan-16-morts-dans-une-attaque-contre-un-camp-de-deplaces-a-el-fasher\\\/\",\"url\":\"https:\\\/\\\/lasentinelle.dz\\\/index.php\\\/2025\\\/01\\\/14\\\/soudan-16-morts-dans-une-attaque-contre-un-camp-de-deplaces-a-el-fasher\\\/\",\"name\":\"Soudan: 16 morts dans une attaque contre un camp de d\u00e9plac\u00e9s \u00e0 El Fasher - La Sentinelle\",\"isPartOf\":{\"@id\":\"https:\\\/\\\/lasentinelle.dz\\\/#website\"},\"primaryImageOfPage\":{\"@id\":\"https:\\\/\\\/lasentinelle.dz\\\/index.php\\\/2025\\\/01\\\/14\\\/soudan-16-morts-dans-une-attaque-contre-un-camp-de-deplaces-a-el-fasher\\\/#primaryimage\"},\"image\":{\"@id\":\"https:\\\/\\\/lasentinelle.dz\\\/index.php\\\/2025\\\/01\\\/14\\\/soudan-16-morts-dans-une-attaque-contre-un-camp-de-deplaces-a-el-fasher\\\/#primaryimage\"},\"thumbnailUrl\":\"https:\\\/\\\/lasentinelle.dz\\\/wp-content\\\/uploads\\\/2025\\\/01\\\/al-fasher.jpeg\",\"datePublished\":\"2025-01-14T10:05:17+00:00\",\"breadcrumb\":{\"@id\":\"https:\\\/\\\/lasentinelle.dz\\\/index.php\\\/2025\\\/01\\\/14\\\/soudan-16-morts-dans-une-attaque-contre-un-camp-de-deplaces-a-el-fasher\\\/#breadcrumb\"},\"inLanguage\":\"fr-FR\",\"potentialAction\":[{\"@type\":\"ReadAction\",\"target\":[\"https:\\\/\\\/lasentinelle.dz\\\/index.php\\\/2025\\\/01\\\/14\\\/soudan-16-morts-dans-une-attaque-contre-un-camp-de-deplaces-a-el-fasher\\\/\"]}]},{\"@type\":\"ImageObject\",\"inLanguage\":\"fr-FR\",\"@id\":\"https:\\\/\\\/lasentinelle.dz\\\/index.php\\\/2025\\\/01\\\/14\\\/soudan-16-morts-dans-une-attaque-contre-un-camp-de-deplaces-a-el-fasher\\\/#primaryimage\",\"url\":\"https:\\\/\\\/lasentinelle.dz\\\/wp-content\\\/uploads\\\/2025\\\/01\\\/al-fasher.jpeg\",\"contentUrl\":\"https:\\\/\\\/lasentinelle.dz\\\/wp-content\\\/uploads\\\/2025\\\/01\\\/al-fasher.jpeg\",\"width\":946,\"height\":710},{\"@type\":\"BreadcrumbList\",\"@id\":\"https:\\\/\\\/lasentinelle.dz\\\/index.php\\\/2025\\\/01\\\/14\\\/soudan-16-morts-dans-une-attaque-contre-un-camp-de-deplaces-a-el-fasher\\\/#breadcrumb\",\"itemListElement\":[{\"@type\":\"ListItem\",\"position\":1,\"name\":\"Accueil\",\"item\":\"https:\\\/\\\/lasentinelle.dz\\\/\"},{\"@type\":\"ListItem\",\"position\":2,\"name\":\"Soudan: 16 morts dans une attaque contre un camp de d\u00e9plac\u00e9s \u00e0 El Fasher\"}]},{\"@type\":\"WebSite\",\"@id\":\"https:\\\/\\\/lasentinelle.dz\\\/#website\",\"url\":\"https:\\\/\\\/lasentinelle.dz\\\/\",\"name\":\"La Sentinelle\",\"description\":\"Quotidien national d&#039;information\",\"publisher\":{\"@id\":\"https:\\\/\\\/lasentinelle.dz\\\/#organization\"},\"potentialAction\":[{\"@type\":\"SearchAction\",\"target\":{\"@type\":\"EntryPoint\",\"urlTemplate\":\"https:\\\/\\\/lasentinelle.dz\\\/?s={search_term_string}\"},\"query-input\":{\"@type\":\"PropertyValueSpecification\",\"valueRequired\":true,\"valueName\":\"search_term_string\"}}],\"inLanguage\":\"fr-FR\"},{\"@type\":\"Organization\",\"@id\":\"https:\\\/\\\/lasentinelle.dz\\\/#organization\",\"name\":\"Quotidien La Sentinelle\",\"url\":\"https:\\\/\\\/lasentinelle.dz\\\/\",\"logo\":{\"@type\":\"ImageObject\",\"inLanguage\":\"fr-FR\",\"@id\":\"https:\\\/\\\/lasentinelle.dz\\\/#\\\/schema\\\/logo\\\/image\\\/\",\"url\":\"https:\\\/\\\/lasentinelle.dz\\\/wp-content\\\/uploads\\\/2021\\\/09\\\/logo-sentinelleSLOGAN-1.png\",\"contentUrl\":\"https:\\\/\\\/lasentinelle.dz\\\/wp-content\\\/uploads\\\/2021\\\/09\\\/logo-sentinelleSLOGAN-1.png\",\"width\":615,\"height\":142,\"caption\":\"Quotidien La Sentinelle\"},\"image\":{\"@id\":\"https:\\\/\\\/lasentinelle.dz\\\/#\\\/schema\\\/logo\\\/image\\\/\"},\"sameAs\":[\"https:\\\/\\\/www.facebook.com\\\/La-Sentinelle-104059864394773\"]},{\"@type\":\"Person\",\"@id\":\"https:\\\/\\\/lasentinelle.dz\\\/#\\\/schema\\\/person\\\/729ee0024f24e0b8c5ec17232f8e8b41\",\"name\":\"admin\",\"image\":{\"@type\":\"ImageObject\",\"inLanguage\":\"fr-FR\",\"@id\":\"https:\\\/\\\/secure.gravatar.com\\\/avatar\\\/4c81fed838786e9b53f540bf46533e750f5d292099ae3b66cfc6fb1982e29df7?s=96&d=mm&r=g\",\"url\":\"https:\\\/\\\/secure.gravatar.com\\\/avatar\\\/4c81fed838786e9b53f540bf46533e750f5d292099ae3b66cfc6fb1982e29df7?s=96&d=mm&r=g\",\"contentUrl\":\"https:\\\/\\\/secure.gravatar.com\\\/avatar\\\/4c81fed838786e9b53f540bf46533e750f5d292099ae3b66cfc6fb1982e29df7?s=96&d=mm&r=g\",\"caption\":\"admin\"},\"description\":\"admin\",\"url\":\"https:\\\/\\\/lasentinelle.dz\\\/author\\\/admin\\\/\"}]}<\/script>\n<!-- \/ Yoast SEO plugin. -->","yoast_head_json":{"title":"Soudan: 16 morts dans une attaque contre un camp de d\u00e9plac\u00e9s \u00e0 El Fasher - La Sentinelle","robots":{"index":"index","follow":"follow","max-snippet":"max-snippet:-1","max-image-preview":"max-image-preview:large","max-video-preview":"max-video-preview:-1"},"canonical":"https:\/\/lasentinelle.dz\/index.php\/2025\/01\/14\/soudan-16-morts-dans-une-attaque-contre-un-camp-de-deplaces-a-el-fasher\/","og_locale":"fr_FR","og_type":"article","og_title":"Soudan: 16 morts dans une attaque contre un camp de d\u00e9plac\u00e9s \u00e0 El Fasher - La Sentinelle","og_description":"Seize personnes ont \u00e9t\u00e9 tu\u00e9es et 42 autres bless\u00e9es dans une attaque \u00e0 la bombe contre un camp de d\u00e9plac\u00e9s","og_url":"https:\/\/lasentinelle.dz\/index.php\/2025\/01\/14\/soudan-16-morts-dans-une-attaque-contre-un-camp-de-deplaces-a-el-fasher\/","og_site_name":"La Sentinelle","article_publisher":"https:\/\/www.facebook.com\/La-Sentinelle-104059864394773","article_published_time":"2025-01-14T10:05:17+00:00","og_image":[{"width":946,"height":710,"url":"https:\/\/lasentinelle.dz\/wp-content\/uploads\/2025\/01\/al-fasher.jpeg","type":"image\/jpeg"}],"author":"admin","twitter_card":"summary_large_image","twitter_misc":{"\u00c9crit par":"admin","Dur\u00e9e de lecture estim\u00e9e":"3 minutes"},"schema":{"@context":"https:\/\/schema.org","@graph":[{"@type":"Article","@id":"https:\/\/lasentinelle.dz\/index.php\/2025\/01\/14\/soudan-16-morts-dans-une-attaque-contre-un-camp-de-deplaces-a-el-fasher\/#article","isPartOf":{"@id":"https:\/\/lasentinelle.dz\/index.php\/2025\/01\/14\/soudan-16-morts-dans-une-attaque-contre-un-camp-de-deplaces-a-el-fasher\/"},"author":{"name":"admin","@id":"https:\/\/lasentinelle.dz\/#\/schema\/person\/729ee0024f24e0b8c5ec17232f8e8b41"},"headline":"Soudan: 16 morts dans une attaque contre un camp de d\u00e9plac\u00e9s \u00e0 El Fasher","datePublished":"2025-01-14T10:05:17+00:00","mainEntityOfPage":{"@id":"https:\/\/lasentinelle.dz\/index.php\/2025\/01\/14\/soudan-16-morts-dans-une-attaque-contre-un-camp-de-deplaces-a-el-fasher\/"},"wordCount":620,"commentCount":0,"publisher":{"@id":"https:\/\/lasentinelle.dz\/#organization"},"image":{"@id":"https:\/\/lasentinelle.dz\/index.php\/2025\/01\/14\/soudan-16-morts-dans-une-attaque-contre-un-camp-de-deplaces-a-el-fasher\/#primaryimage"},"thumbnailUrl":"https:\/\/lasentinelle.dz\/wp-content\/uploads\/2025\/01\/al-fasher.jpeg","articleSection":["Monde"],"inLanguage":"fr-FR","potentialAction":[{"@type":"CommentAction","name":"Comment","target":["https:\/\/lasentinelle.dz\/index.php\/2025\/01\/14\/soudan-16-morts-dans-une-attaque-contre-un-camp-de-deplaces-a-el-fasher\/#respond"]}]},{"@type":"WebPage","@id":"https:\/\/lasentinelle.dz\/index.php\/2025\/01\/14\/soudan-16-morts-dans-une-attaque-contre-un-camp-de-deplaces-a-el-fasher\/","url":"https:\/\/lasentinelle.dz\/index.php\/2025\/01\/14\/soudan-16-morts-dans-une-attaque-contre-un-camp-de-deplaces-a-el-fasher\/","name":"Soudan: 16 morts dans une attaque contre un camp de d\u00e9plac\u00e9s \u00e0 El Fasher - La Sentinelle","isPartOf":{"@id":"https:\/\/lasentinelle.dz\/#website"},"primaryImageOfPage":{"@id":"https:\/\/lasentinelle.dz\/index.php\/2025\/01\/14\/soudan-16-morts-dans-une-attaque-contre-un-camp-de-deplaces-a-el-fasher\/#primaryimage"},"image":{"@id":"https:\/\/lasentinelle.dz\/index.php\/2025\/01\/14\/soudan-16-morts-dans-une-attaque-contre-un-camp-de-deplaces-a-el-fasher\/#primaryimage"},"thumbnailUrl":"https:\/\/lasentinelle.dz\/wp-content\/uploads\/2025\/01\/al-fasher.jpeg","datePublished":"2025-01-14T10:05:17+00:00","breadcrumb":{"@id":"https:\/\/lasentinelle.dz\/index.php\/2025\/01\/14\/soudan-16-morts-dans-une-attaque-contre-un-camp-de-deplaces-a-el-fasher\/#breadcrumb"},"inLanguage":"fr-FR","potentialAction":[{"@type":"ReadAction","target":["https:\/\/lasentinelle.dz\/index.php\/2025\/01\/14\/soudan-16-morts-dans-une-attaque-contre-un-camp-de-deplaces-a-el-fasher\/"]}]},{"@type":"ImageObject","inLanguage":"fr-FR","@id":"https:\/\/lasentinelle.dz\/index.php\/2025\/01\/14\/soudan-16-morts-dans-une-attaque-contre-un-camp-de-deplaces-a-el-fasher\/#primaryimage","url":"https:\/\/lasentinelle.dz\/wp-content\/uploads\/2025\/01\/al-fasher.jpeg","contentUrl":"https:\/\/lasentinelle.dz\/wp-content\/uploads\/2025\/01\/al-fasher.jpeg","width":946,"height":710},{"@type":"BreadcrumbList","@id":"https:\/\/lasentinelle.dz\/index.php\/2025\/01\/14\/soudan-16-morts-dans-une-attaque-contre-un-camp-de-deplaces-a-el-fasher\/#breadcrumb","itemListElement":[{"@type":"ListItem","position":1,"name":"Accueil","item":"https:\/\/lasentinelle.dz\/"},{"@type":"ListItem","position":2,"name":"Soudan: 16 morts dans une attaque contre un camp de d\u00e9plac\u00e9s \u00e0 El Fasher"}]},{"@type":"WebSite","@id":"https:\/\/lasentinelle.dz\/#website","url":"https:\/\/lasentinelle.dz\/","name":"La Sentinelle","description":"Quotidien national d&#039;information","publisher":{"@id":"https:\/\/lasentinelle.dz\/#organization"},"potentialAction":[{"@type":"SearchAction","target":{"@type":"EntryPoint","urlTemplate":"https:\/\/lasentinelle.dz\/?s={search_term_string}"},"query-input":{"@type":"PropertyValueSpecification","valueRequired":true,"valueName":"search_term_string"}}],"inLanguage":"fr-FR"},{"@type":"Organization","@id":"https:\/\/lasentinelle.dz\/#organization","name":"Quotidien La Sentinelle","url":"https:\/\/lasentinelle.dz\/","logo":{"@type":"ImageObject","inLanguage":"fr-FR","@id":"https:\/\/lasentinelle.dz\/#\/schema\/logo\/image\/","url":"https:\/\/lasentinelle.dz\/wp-content\/uploads\/2021\/09\/logo-sentinelleSLOGAN-1.png","contentUrl":"https:\/\/lasentinelle.dz\/wp-content\/uploads\/2021\/09\/logo-sentinelleSLOGAN-1.png","width":615,"height":142,"caption":"Quotidien La Sentinelle"},"image":{"@id":"https:\/\/lasentinelle.dz\/#\/schema\/logo\/image\/"},"sameAs":["https:\/\/www.facebook.com\/La-Sentinelle-104059864394773"]},{"@type":"Person","@id":"https:\/\/lasentinelle.dz\/#\/schema\/person\/729ee0024f24e0b8c5ec17232f8e8b41","name":"admin","image":{"@type":"ImageObject","inLanguage":"fr-FR","@id":"https:\/\/secure.gravatar.com\/avatar\/4c81fed838786e9b53f540bf46533e750f5d292099ae3b66cfc6fb1982e29df7?s=96&d=mm&r=g","url":"https:\/\/secure.gravatar.com\/avatar\/4c81fed838786e9b53f540bf46533e750f5d292099ae3b66cfc6fb1982e29df7?s=96&d=mm&r=g","contentUrl":"https:\/\/secure.gravatar.com\/avatar\/4c81fed838786e9b53f540bf46533e750f5d292099ae3b66cfc6fb1982e29df7?s=96&d=mm&r=g","caption":"admin"},"description":"admin","url":"https:\/\/lasentinelle.dz\/author\/admin\/"}]}},"_links":{"self":[{"href":"https:\/\/lasentinelle.dz\/index.php\/wp-json\/wp\/v2\/posts\/61595","targetHints":{"allow":["GET"]}}],"collection":[{"href":"https:\/\/lasentinelle.dz\/index.php\/wp-json\/wp\/v2\/posts"}],"about":[{"href":"https:\/\/lasentinelle.dz\/index.php\/wp-json\/wp\/v2\/types\/post"}],"author":[{"embeddable":true,"href":"https:\/\/lasentinelle.dz\/index.php\/wp-json\/wp\/v2\/users\/6"}],"replies":[{"embeddable":true,"href":"https:\/\/lasentinelle.dz\/index.php\/wp-json\/wp\/v2\/comments?post=61595"}],"version-history":[{"count":1,"href":"https:\/\/lasentinelle.dz\/index.php\/wp-json\/wp\/v2\/posts\/61595\/revisions"}],"predecessor-version":[{"id":61597,"href":"https:\/\/lasentinelle.dz\/index.php\/wp-json\/wp\/v2\/posts\/61595\/revisions\/61597"}],"wp:featuredmedia":[{"embeddable":true,"href":"https:\/\/lasentinelle.dz\/index.php\/wp-json\/wp\/v2\/media\/61596"}],"wp:attachment":[{"href":"https:\/\/lasentinelle.dz\/index.php\/wp-json\/wp\/v2\/media?parent=61595"}],"wp:term":[{"taxonomy":"category","embeddable":true,"href":"https:\/\/lasentinelle.dz\/index.php\/wp-json\/wp\/v2\/categories?post=61595"},{"taxonomy":"post_tag","embeddable":true,"href":"https:\/\/lasentinelle.dz\/index.php\/wp-json\/wp\/v2\/tags?post=61595"}],"curies":[{"name":"wp","href":"https:\/\/api.w.org\/{rel}","templated":true}]}}