{"id":61661,"date":"2025-01-15T11:28:31","date_gmt":"2025-01-15T10:28:31","guid":{"rendered":"https:\/\/lasentinelle.dz\/?p=61661"},"modified":"2025-01-15T11:28:31","modified_gmt":"2025-01-15T10:28:31","slug":"attaque-a-copenhague-contre-le-siege-dune-ong-soutenant-la-cause-sahraouie","status":"publish","type":"post","link":"https:\/\/lasentinelle.dz\/index.php\/2025\/01\/15\/attaque-a-copenhague-contre-le-siege-dune-ong-soutenant-la-cause-sahraouie\/","title":{"rendered":"Attaque \u00e0 Copenhague contre le si\u00e8ge d\u2019une ONG soutenant la cause sahraouie"},"content":{"rendered":"\n<p><strong>Quand le Maroc exporte ses m\u00e9thodes d\u2019intimidation et de r\u00e9pression<\/strong><\/p>\n\n\n\n<p>Cet acte criminel illustre l&rsquo;exportation inqui\u00e9tante des m\u00e9thodes d&rsquo;intimidation de l\u2019occupation marocaine au-del\u00e0 des fronti\u00e8res du Sahara occidental occup\u00e9.<\/p>\n\n\n\n<p>L&rsquo;attaque perp\u00e9tr\u00e9e contre le si\u00e8ge de l&rsquo;organisation non gouvernementale danoise Global Aktion dans la nuit de lundi \u00e0 Copenhague marque une escalade pr\u00e9occupante dans la r\u00e9pression des voix solidaires avec le peuple sahraoui. Cet acte criminel, qui a n\u00e9cessit\u00e9 l&rsquo;\u00e9vacuation des r\u00e9sidents des appartements situ\u00e9s au-dessus des locaux, illustre l&rsquo;exportation inqui\u00e9tante des m\u00e9thodes d&rsquo;intimidation de l\u2019occupation marocaine au-del\u00e0 des fronti\u00e8res du Sahara occidental occup\u00e9. La gravit\u00e9 de l&rsquo;incident est d&rsquo;autant plus manifeste que les auteurs de l&rsquo;attaque ont d\u00e9lib\u00e9r\u00e9ment revendiqu\u00e9 leur acte en inscrivant des graffitis pro-marocains et hostiles \u00e0 la cause sahraouie sur les murs du b\u00e2timent, apr\u00e8s avoir lanc\u00e9 des cocktails Molotov contre les locaux de l&rsquo;association. La repr\u00e9sentation du Front Polisario en Europe et aupr\u00e8s de l&rsquo;Union europ\u00e9enne a imm\u00e9diatement condamn\u00e9 cette \u00ab\u00a0attaque odieuse\u00a0\u00bb visant une association reconnue pour son engagement en faveur des droits des peuples \u00e0 l&rsquo;autod\u00e9termination. Selon le Front Polisario, il ne s&rsquo;agit pas simplement d&rsquo;une attaque isol\u00e9e contre une association, mais bien d&rsquo;une \u00ab\u00a0tentative d\u00e9lib\u00e9r\u00e9e de faire taire les voix de ceux qui osent contester l&rsquo;occupation ill\u00e9gale des territoires sahraouis par le Maroc et d\u00e9noncer ses graves violations contre les droits de l&rsquo;homme\u00a0\u00bb. L&rsquo;Observatoire international Western Sahara Resource Watch (WSRW) confirme le caract\u00e8re politique de cette agression, soulignant que \u00ab\u00a0l&rsquo;incendie criminel semble avoir des motivations politiques au vu des graffitis anti-Sahara Occidental et pro-Maroc peints \u00e0 la bombe devant le bureau de l&rsquo;ONG Global Aktion \u00e0 Copenhague\u00a0\u00bb. Cette analyse est d&rsquo;autant plus pertinente que l&rsquo;organisation avait d\u00e9j\u00e0 fait l&rsquo;objet de menaces et d&rsquo;actions d&rsquo;intimidation, comme le rappelle WSRW : \u00ab\u00a0Des manifestations marocaines ont eu lieu devant leurs locaux dans le pass\u00e9, et l&rsquo;organisation a d\u00e9j\u00e0 re\u00e7u des menaces par \u00e9crit. Mais personne ne s&rsquo;attendait \u00e0 une attaque de cette violence\u00a0\u00bb. Le Front Polisario replace cet \u00e9v\u00e9nement dans un contexte plus large de r\u00e9pression syst\u00e9matique, rappelant que \u00ab\u00a0dans les territoires occup\u00e9s du Sahara occidental, le r\u00e9gime marocain a employ\u00e9 des m\u00e9thodes brutales pendant des d\u00e9cennies, incluant le meurtre de civils sahraouis, les d\u00e9tentions arbitraires, les disparitions forc\u00e9es et la torture inflig\u00e9e aux d\u00e9fenseurs des droits humains\u00a0\u00bb. L&rsquo;organisation de lib\u00e9ration souligne que \u00ab\u00a0ces m\u00e9thodes de r\u00e9pression se sont d\u00e9sormais \u00e9tendues aux mouvements de solidarit\u00e9 internationaux, le Maroc cherchant \u00e0 exporter sa campagne d&rsquo;intimidation et de violence au-del\u00e0 des fronti\u00e8res du Sahara occidental\u00a0\u00bb. Global Aktion elle-m\u00eame a r\u00e9agi avec fermet\u00e9 \u00e0 cette attaque, affirmant dans un communiqu\u00e9 que cette agression visait clairement \u00ab\u00a0\u00e0 mettre un terme \u00e0 (son) travail en faveur des droits de l&rsquo;homme, de la libert\u00e9 et de (son) opposition \u00e0 l&rsquo;occupation brutale du Sahara occidental par le Maroc\u00a0\u00bb. L&rsquo;association maintient sa perspective en soulignant que malgr\u00e9 la violence de l&rsquo;attaque subie, celle-ci ne peut \u00eatre compar\u00e9e \u00e0 \u00ab\u00a0l&rsquo;oppression que le peuple du Sahara occidental a endur\u00e9e au cours des 50 derni\u00e8res ann\u00e9es\u00a0\u00bb. Cette position est r\u00e9affirm\u00e9e par Morten Nielsen, coordinateur de la politique et de la campagne de Global Aktion, qui, tout en reconnaissant que \u00ab\u00a0tout le monde au sein de l&rsquo;ONG est profond\u00e9ment choqu\u00e9\u00a0\u00bb, d\u00e9clare avec d\u00e9termination : \u00ab\u00a0Nous ne nous tairons pas\u00a0\u00bb. Il ajoute que \u00ab\u00a0nos pens\u00e9es principales aujourd&rsquo;hui vont toujours au peuple sahraoui, qui souffre de l&rsquo;occupation, du harc\u00e8lement et de l&rsquo;intimidation marocains depuis cinq d\u00e9cennies\u00a0\u00bb. Le Front Polisario qualifie cet \u00ab\u00a0attentat \u00e0 l&rsquo;engin incendiaire contre Global Aktion\u00a0\u00bb de \u00ab\u00a0rappel brutal (nous montrant) jusqu&rsquo;o\u00f9 le Maroc est pr\u00eat \u00e0 aller pour maintenir son occupation ill\u00e9gale et \u00e9touffer le soutien mondial croissant en faveur de la cause sahraouie\u00a0\u00bb. L&rsquo;organisation consid\u00e8re que \u00ab\u00a0cet acte criminel est embl\u00e9matique d&rsquo;un r\u00e9gime qui a toujours montr\u00e9 son m\u00e9pris \u00e0 l&rsquo;\u00e9gard du droit international et des droits de l&rsquo;homme, enhardi par le silence et la complicit\u00e9 de certains acteurs puissants sur la sc\u00e8ne mondiale\u00a0\u00bb. Face \u00e0 cette situation, le Front Polisario appelle la communaut\u00e9 internationale \u00ab\u00a0\u00e0 condamner cet acte criminel avec la plus grande fermet\u00e9 possible et tenir le Maroc responsable de sa campagne de r\u00e9pression et de violences en cours\u00a0\u00bb, tout en r\u00e9affirmant \u00ab\u00a0sa solidarit\u00e9 avec Global Aktion et exprime sa profonde gratitude pour son engagement in\u00e9branlable en faveur de la justice et des droits de l&rsquo;homme\u00a0\u00bb. La gravit\u00e9 de cet incident souligne l&rsquo;urgence d&rsquo;une r\u00e9ponse internationale coordonn\u00e9e pour prot\u00e9ger les d\u00e9fenseurs des droits humains et les organisations de solidarit\u00e9 internationale qui s&rsquo;engagent en faveur du respect du droit international et de l&rsquo;autod\u00e9termination des peuples.<\/p>\n\n\n\n<p>Lyes Sa\u00efdi<\/p>\n\n\n\n<p><strong>Maroc<\/strong><\/p>\n\n\n\n<p><strong>Trois mois de prison ferme pour un activiste critique de la gestion post-s\u00e9isme 2023<\/strong><\/p>\n\n\n\n<p>Un activiste marocain a \u00e9t\u00e9 condamn\u00e9 lundi en premi\u00e8re instance \u00e0 trois mois de prison ferme notamment pour \u00ab\u00a0diffamation\u00a0\u00bb pour avoir critiqu\u00e9 la gestion par les autorit\u00e9s locales de la phase post-s\u00e9isme dans la r\u00e9gion de Marrakech en 2023, rapportent des m\u00e9dias citant la d\u00e9fense. Said Ait Mahdi, pr\u00e9sident d&rsquo;une Coordination des sinistr\u00e9s du s\u00e9isme d&rsquo;El Haouz en d\u00e9tention provisoire depuis le 23 d\u00e9cembre, \u00e9tait poursuivi pour \u00ab\u00a0diffamation, offense et publication d&rsquo;all\u00e9gations mensong\u00e8res visant \u00e0 porter atteinte \u00e0 la vie priv\u00e9e\u00a0\u00bb. Les trois autres accus\u00e9s, faisant partie de la m\u00eame Coordination, \u00e9taient poursuivis en \u00e9tat de libert\u00e9 pour \u00ab\u00a0offense \u00e0 des fonctionnaires publics\u00a0\u00bb. \u00ab\u00a0Le tribunal de premi\u00e8re instance de Marrakech a condamn\u00e9 Said Ait Mahdi \u00e0 trois mois de prison ferme et a innocent\u00e9 les trois autres\u00a0\u00bb, a indiqu\u00e9 un de leur avocats, Mohamed Nouini. M. Ait Mahdi est \u00e9galement condamn\u00e9 \u00e0 verser 10.000 dirhams (environ 970 euros) de dommages et int\u00e9r\u00eats \u00e0 chacune des parties civiles, d&rsquo;apr\u00e8s M.Nouini qui compte faire appel. Selon l&rsquo;avocat, l&rsquo;affaire repose sur \u00ab\u00a0des plaintes de responsables locaux faisant suite \u00e0 des publications sur les r\u00e9seaux sociaux qu&rsquo;ils ont consid\u00e9r\u00e9es comme offensantes\u00a0\u00bb. La province d&rsquo;El Haouz, au sud de Marrakech, avait \u00e9t\u00e9 l&rsquo;une des plus touch\u00e9es par le s\u00e9isme de magnitude 6,8 qui avait frapp\u00e9 la r\u00e9gion en septembre 2023, faisant pr\u00e8s de 3.000 morts et 5.600 bless\u00e9s. Le tremblement de terre a endommag\u00e9 pr\u00e8s de 60.000 habitations notamment dans le Haut Atlas, contraignant beaucoup de rescap\u00e9s \u00e0 vivre des mois sous des tentes. La Coordination des victimes milite depuis pour acc\u00e9l\u00e9rer la reconstruction et l&rsquo;aide aux familles sinistr\u00e9es.(APS)<\/p>\n","protected":false},"excerpt":{"rendered":"<p>Quand le Maroc exporte ses m\u00e9thodes d\u2019intimidation et de r\u00e9pression Cet acte criminel illustre l&rsquo;exportation inqui\u00e9tante des m\u00e9thodes d&rsquo;intimidation de<\/p>\n","protected":false},"author":6,"featured_media":61662,"comment_status":"open","ping_status":"closed","sticky":false,"template":"","format":"standard","meta":{"colormag_page_container_layout":"default_layout","colormag_page_sidebar_layout":"default_layout","om_disable_all_campaigns":false,"_monsterinsights_skip_tracking":false,"_monsterinsights_sitenote_active":false,"_monsterinsights_sitenote_note":"","_monsterinsights_sitenote_category":0,"footnotes":"","_wpscppro_dont_share_socialmedia":false,"_wpscppro_custom_social_share_image":0,"_facebook_share_type":"default","_twitter_share_type":"default","_linkedin_share_type":"default","_pinterest_share_type":"default","_linkedin_share_type_page":"","_instagram_share_type":"default","_medium_share_type":"default","_threads_share_type":"","_google_business_share_type":"","_selected_social_profile":[],"_wpsp_enable_custom_social_template":false,"_wpsp_social_scheduling":{"enabled":false,"datetime":null,"platforms":[],"status":"template_only","dateOption":"today","timeOption":"now","customDays":"","customHours":"","customDate":"","customTime":"","schedulingType":"absolute"},"_wpsp_active_default_template":true},"categories":[37],"tags":[],"class_list":["post-61661","post","type-post","status-publish","format-standard","has-post-thumbnail","hentry","category-monde"],"aioseo_notices":[],"yoast_head":"<!-- This site is optimized with the Yoast SEO plugin v27.5 - https:\/\/yoast.com\/product\/yoast-seo-wordpress\/ -->\n<title>Attaque \u00e0 Copenhague contre le si\u00e8ge d\u2019une ONG soutenant la cause sahraouie - La Sentinelle<\/title>\n<meta name=\"robots\" content=\"index, follow, max-snippet:-1, max-image-preview:large, max-video-preview:-1\" \/>\n<link rel=\"canonical\" href=\"https:\/\/lasentinelle.dz\/index.php\/2025\/01\/15\/attaque-a-copenhague-contre-le-siege-dune-ong-soutenant-la-cause-sahraouie\/\" \/>\n<meta property=\"og:locale\" content=\"fr_FR\" \/>\n<meta property=\"og:type\" content=\"article\" \/>\n<meta property=\"og:title\" content=\"Attaque \u00e0 Copenhague contre le si\u00e8ge d\u2019une ONG soutenant la cause sahraouie - La Sentinelle\" \/>\n<meta property=\"og:description\" content=\"Quand le Maroc exporte ses m\u00e9thodes d\u2019intimidation et de r\u00e9pression Cet acte criminel illustre l&rsquo;exportation inqui\u00e9tante des m\u00e9thodes d&rsquo;intimidation de\" \/>\n<meta property=\"og:url\" content=\"https:\/\/lasentinelle.dz\/index.php\/2025\/01\/15\/attaque-a-copenhague-contre-le-siege-dune-ong-soutenant-la-cause-sahraouie\/\" \/>\n<meta property=\"og:site_name\" content=\"La Sentinelle\" \/>\n<meta property=\"article:publisher\" content=\"https:\/\/www.facebook.com\/La-Sentinelle-104059864394773\" \/>\n<meta property=\"article:published_time\" content=\"2025-01-15T10:28:31+00:00\" \/>\n<meta property=\"og:image\" content=\"https:\/\/lasentinelle.dz\/wp-content\/uploads\/2025\/01\/attaque.jpeg\" \/>\n\t<meta property=\"og:image:width\" content=\"768\" \/>\n\t<meta property=\"og:image:height\" content=\"576\" \/>\n\t<meta property=\"og:image:type\" content=\"image\/jpeg\" \/>\n<meta name=\"author\" content=\"admin\" \/>\n<meta name=\"twitter:card\" content=\"summary_large_image\" \/>\n<meta name=\"twitter:label1\" content=\"\u00c9crit par\" \/>\n\t<meta name=\"twitter:data1\" content=\"admin\" \/>\n\t<meta name=\"twitter:label2\" content=\"Dur\u00e9e de lecture estim\u00e9e\" \/>\n\t<meta name=\"twitter:data2\" content=\"6 minutes\" \/>\n<script type=\"application\/ld+json\" class=\"yoast-schema-graph\">{\"@context\":\"https:\\\/\\\/schema.org\",\"@graph\":[{\"@type\":\"Article\",\"@id\":\"https:\\\/\\\/lasentinelle.dz\\\/index.php\\\/2025\\\/01\\\/15\\\/attaque-a-copenhague-contre-le-siege-dune-ong-soutenant-la-cause-sahraouie\\\/#article\",\"isPartOf\":{\"@id\":\"https:\\\/\\\/lasentinelle.dz\\\/index.php\\\/2025\\\/01\\\/15\\\/attaque-a-copenhague-contre-le-siege-dune-ong-soutenant-la-cause-sahraouie\\\/\"},\"author\":{\"name\":\"admin\",\"@id\":\"https:\\\/\\\/lasentinelle.dz\\\/#\\\/schema\\\/person\\\/729ee0024f24e0b8c5ec17232f8e8b41\"},\"headline\":\"Attaque \u00e0 Copenhague contre le si\u00e8ge d\u2019une ONG soutenant la cause sahraouie\",\"datePublished\":\"2025-01-15T10:28:31+00:00\",\"mainEntityOfPage\":{\"@id\":\"https:\\\/\\\/lasentinelle.dz\\\/index.php\\\/2025\\\/01\\\/15\\\/attaque-a-copenhague-contre-le-siege-dune-ong-soutenant-la-cause-sahraouie\\\/\"},\"wordCount\":1175,\"commentCount\":0,\"publisher\":{\"@id\":\"https:\\\/\\\/lasentinelle.dz\\\/#organization\"},\"image\":{\"@id\":\"https:\\\/\\\/lasentinelle.dz\\\/index.php\\\/2025\\\/01\\\/15\\\/attaque-a-copenhague-contre-le-siege-dune-ong-soutenant-la-cause-sahraouie\\\/#primaryimage\"},\"thumbnailUrl\":\"https:\\\/\\\/lasentinelle.dz\\\/wp-content\\\/uploads\\\/2025\\\/01\\\/attaque.jpeg\",\"articleSection\":[\"Monde\"],\"inLanguage\":\"fr-FR\",\"potentialAction\":[{\"@type\":\"CommentAction\",\"name\":\"Comment\",\"target\":[\"https:\\\/\\\/lasentinelle.dz\\\/index.php\\\/2025\\\/01\\\/15\\\/attaque-a-copenhague-contre-le-siege-dune-ong-soutenant-la-cause-sahraouie\\\/#respond\"]}]},{\"@type\":\"WebPage\",\"@id\":\"https:\\\/\\\/lasentinelle.dz\\\/index.php\\\/2025\\\/01\\\/15\\\/attaque-a-copenhague-contre-le-siege-dune-ong-soutenant-la-cause-sahraouie\\\/\",\"url\":\"https:\\\/\\\/lasentinelle.dz\\\/index.php\\\/2025\\\/01\\\/15\\\/attaque-a-copenhague-contre-le-siege-dune-ong-soutenant-la-cause-sahraouie\\\/\",\"name\":\"Attaque \u00e0 Copenhague contre le si\u00e8ge d\u2019une ONG soutenant la cause sahraouie - La Sentinelle\",\"isPartOf\":{\"@id\":\"https:\\\/\\\/lasentinelle.dz\\\/#website\"},\"primaryImageOfPage\":{\"@id\":\"https:\\\/\\\/lasentinelle.dz\\\/index.php\\\/2025\\\/01\\\/15\\\/attaque-a-copenhague-contre-le-siege-dune-ong-soutenant-la-cause-sahraouie\\\/#primaryimage\"},\"image\":{\"@id\":\"https:\\\/\\\/lasentinelle.dz\\\/index.php\\\/2025\\\/01\\\/15\\\/attaque-a-copenhague-contre-le-siege-dune-ong-soutenant-la-cause-sahraouie\\\/#primaryimage\"},\"thumbnailUrl\":\"https:\\\/\\\/lasentinelle.dz\\\/wp-content\\\/uploads\\\/2025\\\/01\\\/attaque.jpeg\",\"datePublished\":\"2025-01-15T10:28:31+00:00\",\"breadcrumb\":{\"@id\":\"https:\\\/\\\/lasentinelle.dz\\\/index.php\\\/2025\\\/01\\\/15\\\/attaque-a-copenhague-contre-le-siege-dune-ong-soutenant-la-cause-sahraouie\\\/#breadcrumb\"},\"inLanguage\":\"fr-FR\",\"potentialAction\":[{\"@type\":\"ReadAction\",\"target\":[\"https:\\\/\\\/lasentinelle.dz\\\/index.php\\\/2025\\\/01\\\/15\\\/attaque-a-copenhague-contre-le-siege-dune-ong-soutenant-la-cause-sahraouie\\\/\"]}]},{\"@type\":\"ImageObject\",\"inLanguage\":\"fr-FR\",\"@id\":\"https:\\\/\\\/lasentinelle.dz\\\/index.php\\\/2025\\\/01\\\/15\\\/attaque-a-copenhague-contre-le-siege-dune-ong-soutenant-la-cause-sahraouie\\\/#primaryimage\",\"url\":\"https:\\\/\\\/lasentinelle.dz\\\/wp-content\\\/uploads\\\/2025\\\/01\\\/attaque.jpeg\",\"contentUrl\":\"https:\\\/\\\/lasentinelle.dz\\\/wp-content\\\/uploads\\\/2025\\\/01\\\/attaque.jpeg\",\"width\":768,\"height\":576},{\"@type\":\"BreadcrumbList\",\"@id\":\"https:\\\/\\\/lasentinelle.dz\\\/index.php\\\/2025\\\/01\\\/15\\\/attaque-a-copenhague-contre-le-siege-dune-ong-soutenant-la-cause-sahraouie\\\/#breadcrumb\",\"itemListElement\":[{\"@type\":\"ListItem\",\"position\":1,\"name\":\"Accueil\",\"item\":\"https:\\\/\\\/lasentinelle.dz\\\/\"},{\"@type\":\"ListItem\",\"position\":2,\"name\":\"Attaque \u00e0 Copenhague contre le si\u00e8ge d\u2019une ONG soutenant la cause sahraouie\"}]},{\"@type\":\"WebSite\",\"@id\":\"https:\\\/\\\/lasentinelle.dz\\\/#website\",\"url\":\"https:\\\/\\\/lasentinelle.dz\\\/\",\"name\":\"La Sentinelle\",\"description\":\"Quotidien national d&#039;information\",\"publisher\":{\"@id\":\"https:\\\/\\\/lasentinelle.dz\\\/#organization\"},\"potentialAction\":[{\"@type\":\"SearchAction\",\"target\":{\"@type\":\"EntryPoint\",\"urlTemplate\":\"https:\\\/\\\/lasentinelle.dz\\\/?s={search_term_string}\"},\"query-input\":{\"@type\":\"PropertyValueSpecification\",\"valueRequired\":true,\"valueName\":\"search_term_string\"}}],\"inLanguage\":\"fr-FR\"},{\"@type\":\"Organization\",\"@id\":\"https:\\\/\\\/lasentinelle.dz\\\/#organization\",\"name\":\"Quotidien La Sentinelle\",\"url\":\"https:\\\/\\\/lasentinelle.dz\\\/\",\"logo\":{\"@type\":\"ImageObject\",\"inLanguage\":\"fr-FR\",\"@id\":\"https:\\\/\\\/lasentinelle.dz\\\/#\\\/schema\\\/logo\\\/image\\\/\",\"url\":\"https:\\\/\\\/lasentinelle.dz\\\/wp-content\\\/uploads\\\/2021\\\/09\\\/logo-sentinelleSLOGAN-1.png\",\"contentUrl\":\"https:\\\/\\\/lasentinelle.dz\\\/wp-content\\\/uploads\\\/2021\\\/09\\\/logo-sentinelleSLOGAN-1.png\",\"width\":615,\"height\":142,\"caption\":\"Quotidien La Sentinelle\"},\"image\":{\"@id\":\"https:\\\/\\\/lasentinelle.dz\\\/#\\\/schema\\\/logo\\\/image\\\/\"},\"sameAs\":[\"https:\\\/\\\/www.facebook.com\\\/La-Sentinelle-104059864394773\"]},{\"@type\":\"Person\",\"@id\":\"https:\\\/\\\/lasentinelle.dz\\\/#\\\/schema\\\/person\\\/729ee0024f24e0b8c5ec17232f8e8b41\",\"name\":\"admin\",\"image\":{\"@type\":\"ImageObject\",\"inLanguage\":\"fr-FR\",\"@id\":\"https:\\\/\\\/secure.gravatar.com\\\/avatar\\\/4c81fed838786e9b53f540bf46533e750f5d292099ae3b66cfc6fb1982e29df7?s=96&d=mm&r=g\",\"url\":\"https:\\\/\\\/secure.gravatar.com\\\/avatar\\\/4c81fed838786e9b53f540bf46533e750f5d292099ae3b66cfc6fb1982e29df7?s=96&d=mm&r=g\",\"contentUrl\":\"https:\\\/\\\/secure.gravatar.com\\\/avatar\\\/4c81fed838786e9b53f540bf46533e750f5d292099ae3b66cfc6fb1982e29df7?s=96&d=mm&r=g\",\"caption\":\"admin\"},\"description\":\"admin\",\"url\":\"https:\\\/\\\/lasentinelle.dz\\\/author\\\/admin\\\/\"}]}<\/script>\n<!-- \/ Yoast SEO plugin. -->","yoast_head_json":{"title":"Attaque \u00e0 Copenhague contre le si\u00e8ge d\u2019une ONG soutenant la cause sahraouie - La Sentinelle","robots":{"index":"index","follow":"follow","max-snippet":"max-snippet:-1","max-image-preview":"max-image-preview:large","max-video-preview":"max-video-preview:-1"},"canonical":"https:\/\/lasentinelle.dz\/index.php\/2025\/01\/15\/attaque-a-copenhague-contre-le-siege-dune-ong-soutenant-la-cause-sahraouie\/","og_locale":"fr_FR","og_type":"article","og_title":"Attaque \u00e0 Copenhague contre le si\u00e8ge d\u2019une ONG soutenant la cause sahraouie - La Sentinelle","og_description":"Quand le Maroc exporte ses m\u00e9thodes d\u2019intimidation et de r\u00e9pression Cet acte criminel illustre l&rsquo;exportation inqui\u00e9tante des m\u00e9thodes d&rsquo;intimidation de","og_url":"https:\/\/lasentinelle.dz\/index.php\/2025\/01\/15\/attaque-a-copenhague-contre-le-siege-dune-ong-soutenant-la-cause-sahraouie\/","og_site_name":"La Sentinelle","article_publisher":"https:\/\/www.facebook.com\/La-Sentinelle-104059864394773","article_published_time":"2025-01-15T10:28:31+00:00","og_image":[{"width":768,"height":576,"url":"https:\/\/lasentinelle.dz\/wp-content\/uploads\/2025\/01\/attaque.jpeg","type":"image\/jpeg"}],"author":"admin","twitter_card":"summary_large_image","twitter_misc":{"\u00c9crit par":"admin","Dur\u00e9e de lecture estim\u00e9e":"6 minutes"},"schema":{"@context":"https:\/\/schema.org","@graph":[{"@type":"Article","@id":"https:\/\/lasentinelle.dz\/index.php\/2025\/01\/15\/attaque-a-copenhague-contre-le-siege-dune-ong-soutenant-la-cause-sahraouie\/#article","isPartOf":{"@id":"https:\/\/lasentinelle.dz\/index.php\/2025\/01\/15\/attaque-a-copenhague-contre-le-siege-dune-ong-soutenant-la-cause-sahraouie\/"},"author":{"name":"admin","@id":"https:\/\/lasentinelle.dz\/#\/schema\/person\/729ee0024f24e0b8c5ec17232f8e8b41"},"headline":"Attaque \u00e0 Copenhague contre le si\u00e8ge d\u2019une ONG soutenant la cause sahraouie","datePublished":"2025-01-15T10:28:31+00:00","mainEntityOfPage":{"@id":"https:\/\/lasentinelle.dz\/index.php\/2025\/01\/15\/attaque-a-copenhague-contre-le-siege-dune-ong-soutenant-la-cause-sahraouie\/"},"wordCount":1175,"commentCount":0,"publisher":{"@id":"https:\/\/lasentinelle.dz\/#organization"},"image":{"@id":"https:\/\/lasentinelle.dz\/index.php\/2025\/01\/15\/attaque-a-copenhague-contre-le-siege-dune-ong-soutenant-la-cause-sahraouie\/#primaryimage"},"thumbnailUrl":"https:\/\/lasentinelle.dz\/wp-content\/uploads\/2025\/01\/attaque.jpeg","articleSection":["Monde"],"inLanguage":"fr-FR","potentialAction":[{"@type":"CommentAction","name":"Comment","target":["https:\/\/lasentinelle.dz\/index.php\/2025\/01\/15\/attaque-a-copenhague-contre-le-siege-dune-ong-soutenant-la-cause-sahraouie\/#respond"]}]},{"@type":"WebPage","@id":"https:\/\/lasentinelle.dz\/index.php\/2025\/01\/15\/attaque-a-copenhague-contre-le-siege-dune-ong-soutenant-la-cause-sahraouie\/","url":"https:\/\/lasentinelle.dz\/index.php\/2025\/01\/15\/attaque-a-copenhague-contre-le-siege-dune-ong-soutenant-la-cause-sahraouie\/","name":"Attaque \u00e0 Copenhague contre le si\u00e8ge d\u2019une ONG soutenant la cause sahraouie - La Sentinelle","isPartOf":{"@id":"https:\/\/lasentinelle.dz\/#website"},"primaryImageOfPage":{"@id":"https:\/\/lasentinelle.dz\/index.php\/2025\/01\/15\/attaque-a-copenhague-contre-le-siege-dune-ong-soutenant-la-cause-sahraouie\/#primaryimage"},"image":{"@id":"https:\/\/lasentinelle.dz\/index.php\/2025\/01\/15\/attaque-a-copenhague-contre-le-siege-dune-ong-soutenant-la-cause-sahraouie\/#primaryimage"},"thumbnailUrl":"https:\/\/lasentinelle.dz\/wp-content\/uploads\/2025\/01\/attaque.jpeg","datePublished":"2025-01-15T10:28:31+00:00","breadcrumb":{"@id":"https:\/\/lasentinelle.dz\/index.php\/2025\/01\/15\/attaque-a-copenhague-contre-le-siege-dune-ong-soutenant-la-cause-sahraouie\/#breadcrumb"},"inLanguage":"fr-FR","potentialAction":[{"@type":"ReadAction","target":["https:\/\/lasentinelle.dz\/index.php\/2025\/01\/15\/attaque-a-copenhague-contre-le-siege-dune-ong-soutenant-la-cause-sahraouie\/"]}]},{"@type":"ImageObject","inLanguage":"fr-FR","@id":"https:\/\/lasentinelle.dz\/index.php\/2025\/01\/15\/attaque-a-copenhague-contre-le-siege-dune-ong-soutenant-la-cause-sahraouie\/#primaryimage","url":"https:\/\/lasentinelle.dz\/wp-content\/uploads\/2025\/01\/attaque.jpeg","contentUrl":"https:\/\/lasentinelle.dz\/wp-content\/uploads\/2025\/01\/attaque.jpeg","width":768,"height":576},{"@type":"BreadcrumbList","@id":"https:\/\/lasentinelle.dz\/index.php\/2025\/01\/15\/attaque-a-copenhague-contre-le-siege-dune-ong-soutenant-la-cause-sahraouie\/#breadcrumb","itemListElement":[{"@type":"ListItem","position":1,"name":"Accueil","item":"https:\/\/lasentinelle.dz\/"},{"@type":"ListItem","position":2,"name":"Attaque \u00e0 Copenhague contre le si\u00e8ge d\u2019une ONG soutenant la cause sahraouie"}]},{"@type":"WebSite","@id":"https:\/\/lasentinelle.dz\/#website","url":"https:\/\/lasentinelle.dz\/","name":"La Sentinelle","description":"Quotidien national d&#039;information","publisher":{"@id":"https:\/\/lasentinelle.dz\/#organization"},"potentialAction":[{"@type":"SearchAction","target":{"@type":"EntryPoint","urlTemplate":"https:\/\/lasentinelle.dz\/?s={search_term_string}"},"query-input":{"@type":"PropertyValueSpecification","valueRequired":true,"valueName":"search_term_string"}}],"inLanguage":"fr-FR"},{"@type":"Organization","@id":"https:\/\/lasentinelle.dz\/#organization","name":"Quotidien La Sentinelle","url":"https:\/\/lasentinelle.dz\/","logo":{"@type":"ImageObject","inLanguage":"fr-FR","@id":"https:\/\/lasentinelle.dz\/#\/schema\/logo\/image\/","url":"https:\/\/lasentinelle.dz\/wp-content\/uploads\/2021\/09\/logo-sentinelleSLOGAN-1.png","contentUrl":"https:\/\/lasentinelle.dz\/wp-content\/uploads\/2021\/09\/logo-sentinelleSLOGAN-1.png","width":615,"height":142,"caption":"Quotidien La Sentinelle"},"image":{"@id":"https:\/\/lasentinelle.dz\/#\/schema\/logo\/image\/"},"sameAs":["https:\/\/www.facebook.com\/La-Sentinelle-104059864394773"]},{"@type":"Person","@id":"https:\/\/lasentinelle.dz\/#\/schema\/person\/729ee0024f24e0b8c5ec17232f8e8b41","name":"admin","image":{"@type":"ImageObject","inLanguage":"fr-FR","@id":"https:\/\/secure.gravatar.com\/avatar\/4c81fed838786e9b53f540bf46533e750f5d292099ae3b66cfc6fb1982e29df7?s=96&d=mm&r=g","url":"https:\/\/secure.gravatar.com\/avatar\/4c81fed838786e9b53f540bf46533e750f5d292099ae3b66cfc6fb1982e29df7?s=96&d=mm&r=g","contentUrl":"https:\/\/secure.gravatar.com\/avatar\/4c81fed838786e9b53f540bf46533e750f5d292099ae3b66cfc6fb1982e29df7?s=96&d=mm&r=g","caption":"admin"},"description":"admin","url":"https:\/\/lasentinelle.dz\/author\/admin\/"}]}},"_links":{"self":[{"href":"https:\/\/lasentinelle.dz\/index.php\/wp-json\/wp\/v2\/posts\/61661","targetHints":{"allow":["GET"]}}],"collection":[{"href":"https:\/\/lasentinelle.dz\/index.php\/wp-json\/wp\/v2\/posts"}],"about":[{"href":"https:\/\/lasentinelle.dz\/index.php\/wp-json\/wp\/v2\/types\/post"}],"author":[{"embeddable":true,"href":"https:\/\/lasentinelle.dz\/index.php\/wp-json\/wp\/v2\/users\/6"}],"replies":[{"embeddable":true,"href":"https:\/\/lasentinelle.dz\/index.php\/wp-json\/wp\/v2\/comments?post=61661"}],"version-history":[{"count":1,"href":"https:\/\/lasentinelle.dz\/index.php\/wp-json\/wp\/v2\/posts\/61661\/revisions"}],"predecessor-version":[{"id":61663,"href":"https:\/\/lasentinelle.dz\/index.php\/wp-json\/wp\/v2\/posts\/61661\/revisions\/61663"}],"wp:featuredmedia":[{"embeddable":true,"href":"https:\/\/lasentinelle.dz\/index.php\/wp-json\/wp\/v2\/media\/61662"}],"wp:attachment":[{"href":"https:\/\/lasentinelle.dz\/index.php\/wp-json\/wp\/v2\/media?parent=61661"}],"wp:term":[{"taxonomy":"category","embeddable":true,"href":"https:\/\/lasentinelle.dz\/index.php\/wp-json\/wp\/v2\/categories?post=61661"},{"taxonomy":"post_tag","embeddable":true,"href":"https:\/\/lasentinelle.dz\/index.php\/wp-json\/wp\/v2\/tags?post=61661"}],"curies":[{"name":"wp","href":"https:\/\/api.w.org\/{rel}","templated":true}]}}