{"id":61693,"date":"2025-01-15T11:39:36","date_gmt":"2025-01-15T10:39:36","guid":{"rendered":"https:\/\/lasentinelle.dz\/?p=61693"},"modified":"2025-01-15T11:39:37","modified_gmt":"2025-01-15T10:39:37","slug":"le-processus-de-revision-de-laccord-dassociation-lance","status":"publish","type":"post","link":"https:\/\/lasentinelle.dz\/index.php\/2025\/01\/15\/le-processus-de-revision-de-laccord-dassociation-lance\/","title":{"rendered":"Le processus de r\u00e9vision de l\u2019Accord d\u2019association lanc\u00e9"},"content":{"rendered":"\n<p>Le pr\u00e9sident de la R\u00e9publique Abdelmadjid Tebboune a pr\u00e9sid\u00e9 hier mardi une r\u00e9union au si\u00e8ge de la Pr\u00e9sidence de la R\u00e9publique consacr\u00e9e aux pr\u00e9paratifs de la r\u00e9vision de l&rsquo;accord de partenariat avec l&rsquo;Union europ\u00e9enne. Cette r\u00e9union s&rsquo;inscrit dans le cadre d&rsquo;une d\u00e9marche annonc\u00e9e d\u00e8s octobre 2024 par le chef de l&rsquo;\u00c9tat, qui avait alors indiqu\u00e9 que l&rsquo;accord d&rsquo;association entre l&rsquo;Alg\u00e9rie et l&rsquo;UE serait r\u00e9vis\u00e9 \u00e0 partir de 2025. Le pr\u00e9sident Tebboune avait alors soulign\u00e9 que cette r\u00e9vision, devenue \u00ab\u00a0n\u00e9cessaire\u00a0\u00bb, serait men\u00e9e \u00ab\u00a0avec souplesse et dans un esprit amical sans entrer en conflit\u00a0\u00bb, pr\u00e9cisant que l&rsquo;Alg\u00e9rie entretient \u00ab\u00a0des relations normales avec les \u00c9tats de l&rsquo;Union europ\u00e9enne, y compris la France\u00a0\u00bb. Pour justifier cette r\u00e9vision, il avait rappel\u00e9 que l&rsquo;accord initial avait \u00e9t\u00e9 conclu \u00e0 une \u00e9poque o\u00f9 l&rsquo;Alg\u00e9rie \u00e9tait tr\u00e8s diff\u00e9rente d&rsquo;aujourd&rsquo;hui, avec une contribution de l&rsquo;industrie au revenu national ne d\u00e9passant pas 3% et une d\u00e9pendance aux importations agricoles. La situation a consid\u00e9rablement \u00e9volu\u00e9 depuis, l&rsquo;Alg\u00e9rie produisant et exportant d\u00e9sormais une grande vari\u00e9t\u00e9 de produits manufactur\u00e9s et \u00e9lectrom\u00e9nagers. Le pr\u00e9sident de la R\u00e9publique avait d&rsquo;ailleurs not\u00e9 que les \u00c9tats membres de l&rsquo;UE ne s&rsquo;opposaient pas \u00e0 une r\u00e9vision de l&rsquo;accord, saluant au passage le succ\u00e8s commercial des produits alg\u00e9riens sur les march\u00e9s europ\u00e9ens. Le ministre d&rsquo;\u00c9tat, ministre des Affaires \u00e9trang\u00e8res Ahmed Attaf, a d\u2019ailleurs qualifie, r\u00e9cemment, sans d\u00e9tour l&rsquo;accord actuel de \u00ab\u00a0boulet au pied de l&rsquo;\u00e9conomie nationale\u00a0\u00bb. Lors d&rsquo;une conf\u00e9rence de presse en d\u00e9cembre 2024 sur le bilan des activit\u00e9s diplomatiques, il a critiqu\u00e9 l&rsquo;attitude de l&rsquo;UE, accusant cette derni\u00e8re de se comporter comme si l&rsquo;\u00e9conomie alg\u00e9rienne s&rsquo;\u00e9tait arr\u00eat\u00e9e en 2005. Il a notamment point\u00e9 du doigt le syst\u00e8me de quotas utilis\u00e9 pour bloquer les exportations alg\u00e9riennes, particuli\u00e8rement apr\u00e8s la mise en place de la taxe carbone. Pour \u00e9tayer ses propos, le chef de la diplomatie alg\u00e9rienne a pr\u00e9sent\u00e9 un bilan chiffr\u00e9 : entre 2005 et 2023, l&rsquo;accord a g\u00e9n\u00e9r\u00e9 pr\u00e8s de 1000 milliards de dollars dans le commerce des marchandises et produits europ\u00e9ens en Alg\u00e9rie, contre seulement 13 milliards de dollars d&rsquo;investissements, dont 12 milliards de rapatriement de dividendes. En d&rsquo;autres termes, l&rsquo;Alg\u00e9rie n&rsquo;aurait gagn\u00e9 qu&rsquo;un milliard de dollars sur cette p\u00e9riode. Face \u00e0 ce constat, le pr\u00e9sident Tebboune a ordonn\u00e9 une r\u00e9vision article par article de l&rsquo;accord, visant un partenariat plus \u00e9quilibr\u00e9 bas\u00e9 sur le principe du gagnant-gagnant. L&rsquo;Alg\u00e9rie d\u00e9nonce notamment les barri\u00e8res non-tarifaires adopt\u00e9es par l&rsquo;UE pour bloquer l&rsquo;acc\u00e8s des produits alg\u00e9riens au march\u00e9 europ\u00e9en, ainsi que les restrictions \u00e0 la libre circulation des citoyens et op\u00e9rateurs \u00e9conomiques alg\u00e9riens dans l&rsquo;espace Schengen. Dans ce contexte, le nouvel ambassadeur de l&rsquo;UE \u00e0 Alger, Diego Mellado Pascua, a r\u00e9cemment r\u00e9affirm\u00e9 l&rsquo;importance strat\u00e9gique de l&rsquo;Alg\u00e9rie pour l&rsquo;Europe. Lors d&rsquo;une rencontre avec la presse nationale le 1er janvier en cours, il a soulign\u00e9 le r\u00f4le crucial que jouera l&rsquo;Alg\u00e9rie dans la r\u00e9industrialisation europ\u00e9enne. Les chiffres t\u00e9moignent d\u00e9j\u00e0 d&rsquo;une dynamique positive, avec un volume d&rsquo;\u00e9changes commerciaux historique de 50 milliards d&rsquo;euros en 2023, d\u00e9passant largement la moyenne des deux derni\u00e8res d\u00e9cennies qui oscillait entre 30 et 40 milliards d&rsquo;euros. Les investissements europ\u00e9ens en Alg\u00e9rie atteignent d\u00e9sormais 23 milliards d&rsquo;euros. L&rsquo;ambassadeur a \u00e9galement annonc\u00e9 le lancement en 2025 du Pacte pour la M\u00e9diterran\u00e9e, une initiative visant \u00e0 renforcer l&rsquo;appui aux pays de la rive sud m\u00e9diterran\u00e9enne. Les consultations techniques pr\u00e9vues d\u00e9but 2025 pour la r\u00e9vision de l&rsquo;accord veilleront \u00e0 prendre en compte les int\u00e9r\u00eats alg\u00e9riens, avec pour objectif principal de faciliter l&rsquo;acc\u00e8s des produits alg\u00e9riens au march\u00e9 europ\u00e9en. Pour M. Mellado, l&rsquo;Alg\u00e9rie, en tant que puissance r\u00e9gionale \u00e9mergente, a vocation \u00e0 renforcer significativement sa pr\u00e9sence sur le plus grand march\u00e9 commercial mondial.<\/p>\n\n\n\n<p>Samira Ghrib<\/p>\n","protected":false},"excerpt":{"rendered":"<p>Le pr\u00e9sident de la R\u00e9publique Abdelmadjid Tebboune a pr\u00e9sid\u00e9 hier mardi une r\u00e9union au si\u00e8ge de la Pr\u00e9sidence de la<\/p>\n","protected":false},"author":6,"featured_media":61694,"comment_status":"open","ping_status":"closed","sticky":false,"template":"","format":"standard","meta":{"colormag_page_container_layout":"default_layout","colormag_page_sidebar_layout":"default_layout","om_disable_all_campaigns":false,"_monsterinsights_skip_tracking":false,"_monsterinsights_sitenote_active":false,"_monsterinsights_sitenote_note":"","_monsterinsights_sitenote_category":0,"footnotes":"","_wpscppro_dont_share_socialmedia":false,"_wpscppro_custom_social_share_image":0,"_facebook_share_type":"default","_twitter_share_type":"default","_linkedin_share_type":"default","_pinterest_share_type":"default","_linkedin_share_type_page":"","_instagram_share_type":"default","_medium_share_type":"default","_threads_share_type":"","_google_business_share_type":"","_selected_social_profile":[],"_wpsp_enable_custom_social_template":false,"_wpsp_social_scheduling":{"enabled":false,"datetime":null,"platforms":[],"status":"template_only","dateOption":"today","timeOption":"now","customDays":"","customHours":"","customDate":"","customTime":"","schedulingType":"absolute"},"_wpsp_active_default_template":true},"categories":[52,29],"tags":[],"class_list":["post-61693","post","type-post","status-publish","format-standard","has-post-thumbnail","hentry","category-a-la-une","category-economie"],"aioseo_notices":[],"yoast_head":"<!-- This site is optimized with the Yoast SEO plugin v27.5 - https:\/\/yoast.com\/product\/yoast-seo-wordpress\/ -->\n<title>Le processus de r\u00e9vision de l\u2019Accord d\u2019association lanc\u00e9 - La Sentinelle<\/title>\n<meta name=\"robots\" content=\"index, follow, max-snippet:-1, max-image-preview:large, max-video-preview:-1\" \/>\n<link rel=\"canonical\" href=\"https:\/\/lasentinelle.dz\/index.php\/2025\/01\/15\/le-processus-de-revision-de-laccord-dassociation-lance\/\" \/>\n<meta property=\"og:locale\" content=\"fr_FR\" \/>\n<meta property=\"og:type\" content=\"article\" \/>\n<meta property=\"og:title\" content=\"Le processus de r\u00e9vision de l\u2019Accord d\u2019association lanc\u00e9 - La Sentinelle\" \/>\n<meta property=\"og:description\" content=\"Le pr\u00e9sident de la R\u00e9publique Abdelmadjid Tebboune a pr\u00e9sid\u00e9 hier mardi une r\u00e9union au si\u00e8ge de la Pr\u00e9sidence de la\" \/>\n<meta property=\"og:url\" content=\"https:\/\/lasentinelle.dz\/index.php\/2025\/01\/15\/le-processus-de-revision-de-laccord-dassociation-lance\/\" \/>\n<meta property=\"og:site_name\" content=\"La Sentinelle\" \/>\n<meta property=\"article:publisher\" content=\"https:\/\/www.facebook.com\/La-Sentinelle-104059864394773\" \/>\n<meta property=\"article:published_time\" content=\"2025-01-15T10:39:36+00:00\" \/>\n<meta property=\"article:modified_time\" content=\"2025-01-15T10:39:37+00:00\" \/>\n<meta property=\"og:image\" content=\"https:\/\/lasentinelle.dz\/wp-content\/uploads\/2025\/01\/473795649_1020958743399186_6128925888077983769_n.jpg\" \/>\n\t<meta property=\"og:image:width\" content=\"2048\" \/>\n\t<meta property=\"og:image:height\" content=\"1366\" \/>\n\t<meta property=\"og:image:type\" content=\"image\/jpeg\" \/>\n<meta name=\"author\" content=\"admin\" \/>\n<meta name=\"twitter:card\" content=\"summary_large_image\" \/>\n<meta name=\"twitter:label1\" content=\"\u00c9crit par\" \/>\n\t<meta name=\"twitter:data1\" content=\"admin\" \/>\n\t<meta name=\"twitter:label2\" content=\"Dur\u00e9e de lecture estim\u00e9e\" \/>\n\t<meta name=\"twitter:data2\" content=\"4 minutes\" \/>\n<script type=\"application\/ld+json\" class=\"yoast-schema-graph\">{\"@context\":\"https:\\\/\\\/schema.org\",\"@graph\":[{\"@type\":\"Article\",\"@id\":\"https:\\\/\\\/lasentinelle.dz\\\/index.php\\\/2025\\\/01\\\/15\\\/le-processus-de-revision-de-laccord-dassociation-lance\\\/#article\",\"isPartOf\":{\"@id\":\"https:\\\/\\\/lasentinelle.dz\\\/index.php\\\/2025\\\/01\\\/15\\\/le-processus-de-revision-de-laccord-dassociation-lance\\\/\"},\"author\":{\"name\":\"admin\",\"@id\":\"https:\\\/\\\/lasentinelle.dz\\\/#\\\/schema\\\/person\\\/729ee0024f24e0b8c5ec17232f8e8b41\"},\"headline\":\"Le processus de r\u00e9vision de l\u2019Accord d\u2019association lanc\u00e9\",\"datePublished\":\"2025-01-15T10:39:36+00:00\",\"dateModified\":\"2025-01-15T10:39:37+00:00\",\"mainEntityOfPage\":{\"@id\":\"https:\\\/\\\/lasentinelle.dz\\\/index.php\\\/2025\\\/01\\\/15\\\/le-processus-de-revision-de-laccord-dassociation-lance\\\/\"},\"wordCount\":741,\"commentCount\":0,\"publisher\":{\"@id\":\"https:\\\/\\\/lasentinelle.dz\\\/#organization\"},\"image\":{\"@id\":\"https:\\\/\\\/lasentinelle.dz\\\/index.php\\\/2025\\\/01\\\/15\\\/le-processus-de-revision-de-laccord-dassociation-lance\\\/#primaryimage\"},\"thumbnailUrl\":\"https:\\\/\\\/lasentinelle.dz\\\/wp-content\\\/uploads\\\/2025\\\/01\\\/473795649_1020958743399186_6128925888077983769_n.jpg\",\"articleSection\":[\"\u00c0 la Une\",\"\u00c9conomie\"],\"inLanguage\":\"fr-FR\",\"potentialAction\":[{\"@type\":\"CommentAction\",\"name\":\"Comment\",\"target\":[\"https:\\\/\\\/lasentinelle.dz\\\/index.php\\\/2025\\\/01\\\/15\\\/le-processus-de-revision-de-laccord-dassociation-lance\\\/#respond\"]}]},{\"@type\":\"WebPage\",\"@id\":\"https:\\\/\\\/lasentinelle.dz\\\/index.php\\\/2025\\\/01\\\/15\\\/le-processus-de-revision-de-laccord-dassociation-lance\\\/\",\"url\":\"https:\\\/\\\/lasentinelle.dz\\\/index.php\\\/2025\\\/01\\\/15\\\/le-processus-de-revision-de-laccord-dassociation-lance\\\/\",\"name\":\"Le processus de r\u00e9vision de l\u2019Accord d\u2019association lanc\u00e9 - La Sentinelle\",\"isPartOf\":{\"@id\":\"https:\\\/\\\/lasentinelle.dz\\\/#website\"},\"primaryImageOfPage\":{\"@id\":\"https:\\\/\\\/lasentinelle.dz\\\/index.php\\\/2025\\\/01\\\/15\\\/le-processus-de-revision-de-laccord-dassociation-lance\\\/#primaryimage\"},\"image\":{\"@id\":\"https:\\\/\\\/lasentinelle.dz\\\/index.php\\\/2025\\\/01\\\/15\\\/le-processus-de-revision-de-laccord-dassociation-lance\\\/#primaryimage\"},\"thumbnailUrl\":\"https:\\\/\\\/lasentinelle.dz\\\/wp-content\\\/uploads\\\/2025\\\/01\\\/473795649_1020958743399186_6128925888077983769_n.jpg\",\"datePublished\":\"2025-01-15T10:39:36+00:00\",\"dateModified\":\"2025-01-15T10:39:37+00:00\",\"breadcrumb\":{\"@id\":\"https:\\\/\\\/lasentinelle.dz\\\/index.php\\\/2025\\\/01\\\/15\\\/le-processus-de-revision-de-laccord-dassociation-lance\\\/#breadcrumb\"},\"inLanguage\":\"fr-FR\",\"potentialAction\":[{\"@type\":\"ReadAction\",\"target\":[\"https:\\\/\\\/lasentinelle.dz\\\/index.php\\\/2025\\\/01\\\/15\\\/le-processus-de-revision-de-laccord-dassociation-lance\\\/\"]}]},{\"@type\":\"ImageObject\",\"inLanguage\":\"fr-FR\",\"@id\":\"https:\\\/\\\/lasentinelle.dz\\\/index.php\\\/2025\\\/01\\\/15\\\/le-processus-de-revision-de-laccord-dassociation-lance\\\/#primaryimage\",\"url\":\"https:\\\/\\\/lasentinelle.dz\\\/wp-content\\\/uploads\\\/2025\\\/01\\\/473795649_1020958743399186_6128925888077983769_n.jpg\",\"contentUrl\":\"https:\\\/\\\/lasentinelle.dz\\\/wp-content\\\/uploads\\\/2025\\\/01\\\/473795649_1020958743399186_6128925888077983769_n.jpg\",\"width\":2048,\"height\":1366},{\"@type\":\"BreadcrumbList\",\"@id\":\"https:\\\/\\\/lasentinelle.dz\\\/index.php\\\/2025\\\/01\\\/15\\\/le-processus-de-revision-de-laccord-dassociation-lance\\\/#breadcrumb\",\"itemListElement\":[{\"@type\":\"ListItem\",\"position\":1,\"name\":\"Accueil\",\"item\":\"https:\\\/\\\/lasentinelle.dz\\\/\"},{\"@type\":\"ListItem\",\"position\":2,\"name\":\"Le processus de r\u00e9vision de l\u2019Accord d\u2019association lanc\u00e9\"}]},{\"@type\":\"WebSite\",\"@id\":\"https:\\\/\\\/lasentinelle.dz\\\/#website\",\"url\":\"https:\\\/\\\/lasentinelle.dz\\\/\",\"name\":\"La Sentinelle\",\"description\":\"Quotidien national d&#039;information\",\"publisher\":{\"@id\":\"https:\\\/\\\/lasentinelle.dz\\\/#organization\"},\"potentialAction\":[{\"@type\":\"SearchAction\",\"target\":{\"@type\":\"EntryPoint\",\"urlTemplate\":\"https:\\\/\\\/lasentinelle.dz\\\/?s={search_term_string}\"},\"query-input\":{\"@type\":\"PropertyValueSpecification\",\"valueRequired\":true,\"valueName\":\"search_term_string\"}}],\"inLanguage\":\"fr-FR\"},{\"@type\":\"Organization\",\"@id\":\"https:\\\/\\\/lasentinelle.dz\\\/#organization\",\"name\":\"Quotidien La Sentinelle\",\"url\":\"https:\\\/\\\/lasentinelle.dz\\\/\",\"logo\":{\"@type\":\"ImageObject\",\"inLanguage\":\"fr-FR\",\"@id\":\"https:\\\/\\\/lasentinelle.dz\\\/#\\\/schema\\\/logo\\\/image\\\/\",\"url\":\"https:\\\/\\\/lasentinelle.dz\\\/wp-content\\\/uploads\\\/2021\\\/09\\\/logo-sentinelleSLOGAN-1.png\",\"contentUrl\":\"https:\\\/\\\/lasentinelle.dz\\\/wp-content\\\/uploads\\\/2021\\\/09\\\/logo-sentinelleSLOGAN-1.png\",\"width\":615,\"height\":142,\"caption\":\"Quotidien La Sentinelle\"},\"image\":{\"@id\":\"https:\\\/\\\/lasentinelle.dz\\\/#\\\/schema\\\/logo\\\/image\\\/\"},\"sameAs\":[\"https:\\\/\\\/www.facebook.com\\\/La-Sentinelle-104059864394773\"]},{\"@type\":\"Person\",\"@id\":\"https:\\\/\\\/lasentinelle.dz\\\/#\\\/schema\\\/person\\\/729ee0024f24e0b8c5ec17232f8e8b41\",\"name\":\"admin\",\"image\":{\"@type\":\"ImageObject\",\"inLanguage\":\"fr-FR\",\"@id\":\"https:\\\/\\\/secure.gravatar.com\\\/avatar\\\/4c81fed838786e9b53f540bf46533e750f5d292099ae3b66cfc6fb1982e29df7?s=96&d=mm&r=g\",\"url\":\"https:\\\/\\\/secure.gravatar.com\\\/avatar\\\/4c81fed838786e9b53f540bf46533e750f5d292099ae3b66cfc6fb1982e29df7?s=96&d=mm&r=g\",\"contentUrl\":\"https:\\\/\\\/secure.gravatar.com\\\/avatar\\\/4c81fed838786e9b53f540bf46533e750f5d292099ae3b66cfc6fb1982e29df7?s=96&d=mm&r=g\",\"caption\":\"admin\"},\"description\":\"admin\",\"url\":\"https:\\\/\\\/lasentinelle.dz\\\/author\\\/admin\\\/\"}]}<\/script>\n<!-- \/ Yoast SEO plugin. -->","yoast_head_json":{"title":"Le processus de r\u00e9vision de l\u2019Accord d\u2019association lanc\u00e9 - La Sentinelle","robots":{"index":"index","follow":"follow","max-snippet":"max-snippet:-1","max-image-preview":"max-image-preview:large","max-video-preview":"max-video-preview:-1"},"canonical":"https:\/\/lasentinelle.dz\/index.php\/2025\/01\/15\/le-processus-de-revision-de-laccord-dassociation-lance\/","og_locale":"fr_FR","og_type":"article","og_title":"Le processus de r\u00e9vision de l\u2019Accord d\u2019association lanc\u00e9 - La Sentinelle","og_description":"Le pr\u00e9sident de la R\u00e9publique Abdelmadjid Tebboune a pr\u00e9sid\u00e9 hier mardi une r\u00e9union au si\u00e8ge de la Pr\u00e9sidence de la","og_url":"https:\/\/lasentinelle.dz\/index.php\/2025\/01\/15\/le-processus-de-revision-de-laccord-dassociation-lance\/","og_site_name":"La Sentinelle","article_publisher":"https:\/\/www.facebook.com\/La-Sentinelle-104059864394773","article_published_time":"2025-01-15T10:39:36+00:00","article_modified_time":"2025-01-15T10:39:37+00:00","og_image":[{"width":2048,"height":1366,"url":"https:\/\/lasentinelle.dz\/wp-content\/uploads\/2025\/01\/473795649_1020958743399186_6128925888077983769_n.jpg","type":"image\/jpeg"}],"author":"admin","twitter_card":"summary_large_image","twitter_misc":{"\u00c9crit par":"admin","Dur\u00e9e de lecture estim\u00e9e":"4 minutes"},"schema":{"@context":"https:\/\/schema.org","@graph":[{"@type":"Article","@id":"https:\/\/lasentinelle.dz\/index.php\/2025\/01\/15\/le-processus-de-revision-de-laccord-dassociation-lance\/#article","isPartOf":{"@id":"https:\/\/lasentinelle.dz\/index.php\/2025\/01\/15\/le-processus-de-revision-de-laccord-dassociation-lance\/"},"author":{"name":"admin","@id":"https:\/\/lasentinelle.dz\/#\/schema\/person\/729ee0024f24e0b8c5ec17232f8e8b41"},"headline":"Le processus de r\u00e9vision de l\u2019Accord d\u2019association lanc\u00e9","datePublished":"2025-01-15T10:39:36+00:00","dateModified":"2025-01-15T10:39:37+00:00","mainEntityOfPage":{"@id":"https:\/\/lasentinelle.dz\/index.php\/2025\/01\/15\/le-processus-de-revision-de-laccord-dassociation-lance\/"},"wordCount":741,"commentCount":0,"publisher":{"@id":"https:\/\/lasentinelle.dz\/#organization"},"image":{"@id":"https:\/\/lasentinelle.dz\/index.php\/2025\/01\/15\/le-processus-de-revision-de-laccord-dassociation-lance\/#primaryimage"},"thumbnailUrl":"https:\/\/lasentinelle.dz\/wp-content\/uploads\/2025\/01\/473795649_1020958743399186_6128925888077983769_n.jpg","articleSection":["\u00c0 la Une","\u00c9conomie"],"inLanguage":"fr-FR","potentialAction":[{"@type":"CommentAction","name":"Comment","target":["https:\/\/lasentinelle.dz\/index.php\/2025\/01\/15\/le-processus-de-revision-de-laccord-dassociation-lance\/#respond"]}]},{"@type":"WebPage","@id":"https:\/\/lasentinelle.dz\/index.php\/2025\/01\/15\/le-processus-de-revision-de-laccord-dassociation-lance\/","url":"https:\/\/lasentinelle.dz\/index.php\/2025\/01\/15\/le-processus-de-revision-de-laccord-dassociation-lance\/","name":"Le processus de r\u00e9vision de l\u2019Accord d\u2019association lanc\u00e9 - La Sentinelle","isPartOf":{"@id":"https:\/\/lasentinelle.dz\/#website"},"primaryImageOfPage":{"@id":"https:\/\/lasentinelle.dz\/index.php\/2025\/01\/15\/le-processus-de-revision-de-laccord-dassociation-lance\/#primaryimage"},"image":{"@id":"https:\/\/lasentinelle.dz\/index.php\/2025\/01\/15\/le-processus-de-revision-de-laccord-dassociation-lance\/#primaryimage"},"thumbnailUrl":"https:\/\/lasentinelle.dz\/wp-content\/uploads\/2025\/01\/473795649_1020958743399186_6128925888077983769_n.jpg","datePublished":"2025-01-15T10:39:36+00:00","dateModified":"2025-01-15T10:39:37+00:00","breadcrumb":{"@id":"https:\/\/lasentinelle.dz\/index.php\/2025\/01\/15\/le-processus-de-revision-de-laccord-dassociation-lance\/#breadcrumb"},"inLanguage":"fr-FR","potentialAction":[{"@type":"ReadAction","target":["https:\/\/lasentinelle.dz\/index.php\/2025\/01\/15\/le-processus-de-revision-de-laccord-dassociation-lance\/"]}]},{"@type":"ImageObject","inLanguage":"fr-FR","@id":"https:\/\/lasentinelle.dz\/index.php\/2025\/01\/15\/le-processus-de-revision-de-laccord-dassociation-lance\/#primaryimage","url":"https:\/\/lasentinelle.dz\/wp-content\/uploads\/2025\/01\/473795649_1020958743399186_6128925888077983769_n.jpg","contentUrl":"https:\/\/lasentinelle.dz\/wp-content\/uploads\/2025\/01\/473795649_1020958743399186_6128925888077983769_n.jpg","width":2048,"height":1366},{"@type":"BreadcrumbList","@id":"https:\/\/lasentinelle.dz\/index.php\/2025\/01\/15\/le-processus-de-revision-de-laccord-dassociation-lance\/#breadcrumb","itemListElement":[{"@type":"ListItem","position":1,"name":"Accueil","item":"https:\/\/lasentinelle.dz\/"},{"@type":"ListItem","position":2,"name":"Le processus de r\u00e9vision de l\u2019Accord d\u2019association lanc\u00e9"}]},{"@type":"WebSite","@id":"https:\/\/lasentinelle.dz\/#website","url":"https:\/\/lasentinelle.dz\/","name":"La Sentinelle","description":"Quotidien national d&#039;information","publisher":{"@id":"https:\/\/lasentinelle.dz\/#organization"},"potentialAction":[{"@type":"SearchAction","target":{"@type":"EntryPoint","urlTemplate":"https:\/\/lasentinelle.dz\/?s={search_term_string}"},"query-input":{"@type":"PropertyValueSpecification","valueRequired":true,"valueName":"search_term_string"}}],"inLanguage":"fr-FR"},{"@type":"Organization","@id":"https:\/\/lasentinelle.dz\/#organization","name":"Quotidien La Sentinelle","url":"https:\/\/lasentinelle.dz\/","logo":{"@type":"ImageObject","inLanguage":"fr-FR","@id":"https:\/\/lasentinelle.dz\/#\/schema\/logo\/image\/","url":"https:\/\/lasentinelle.dz\/wp-content\/uploads\/2021\/09\/logo-sentinelleSLOGAN-1.png","contentUrl":"https:\/\/lasentinelle.dz\/wp-content\/uploads\/2021\/09\/logo-sentinelleSLOGAN-1.png","width":615,"height":142,"caption":"Quotidien La Sentinelle"},"image":{"@id":"https:\/\/lasentinelle.dz\/#\/schema\/logo\/image\/"},"sameAs":["https:\/\/www.facebook.com\/La-Sentinelle-104059864394773"]},{"@type":"Person","@id":"https:\/\/lasentinelle.dz\/#\/schema\/person\/729ee0024f24e0b8c5ec17232f8e8b41","name":"admin","image":{"@type":"ImageObject","inLanguage":"fr-FR","@id":"https:\/\/secure.gravatar.com\/avatar\/4c81fed838786e9b53f540bf46533e750f5d292099ae3b66cfc6fb1982e29df7?s=96&d=mm&r=g","url":"https:\/\/secure.gravatar.com\/avatar\/4c81fed838786e9b53f540bf46533e750f5d292099ae3b66cfc6fb1982e29df7?s=96&d=mm&r=g","contentUrl":"https:\/\/secure.gravatar.com\/avatar\/4c81fed838786e9b53f540bf46533e750f5d292099ae3b66cfc6fb1982e29df7?s=96&d=mm&r=g","caption":"admin"},"description":"admin","url":"https:\/\/lasentinelle.dz\/author\/admin\/"}]}},"_links":{"self":[{"href":"https:\/\/lasentinelle.dz\/index.php\/wp-json\/wp\/v2\/posts\/61693","targetHints":{"allow":["GET"]}}],"collection":[{"href":"https:\/\/lasentinelle.dz\/index.php\/wp-json\/wp\/v2\/posts"}],"about":[{"href":"https:\/\/lasentinelle.dz\/index.php\/wp-json\/wp\/v2\/types\/post"}],"author":[{"embeddable":true,"href":"https:\/\/lasentinelle.dz\/index.php\/wp-json\/wp\/v2\/users\/6"}],"replies":[{"embeddable":true,"href":"https:\/\/lasentinelle.dz\/index.php\/wp-json\/wp\/v2\/comments?post=61693"}],"version-history":[{"count":1,"href":"https:\/\/lasentinelle.dz\/index.php\/wp-json\/wp\/v2\/posts\/61693\/revisions"}],"predecessor-version":[{"id":61695,"href":"https:\/\/lasentinelle.dz\/index.php\/wp-json\/wp\/v2\/posts\/61693\/revisions\/61695"}],"wp:featuredmedia":[{"embeddable":true,"href":"https:\/\/lasentinelle.dz\/index.php\/wp-json\/wp\/v2\/media\/61694"}],"wp:attachment":[{"href":"https:\/\/lasentinelle.dz\/index.php\/wp-json\/wp\/v2\/media?parent=61693"}],"wp:term":[{"taxonomy":"category","embeddable":true,"href":"https:\/\/lasentinelle.dz\/index.php\/wp-json\/wp\/v2\/categories?post=61693"},{"taxonomy":"post_tag","embeddable":true,"href":"https:\/\/lasentinelle.dz\/index.php\/wp-json\/wp\/v2\/tags?post=61693"}],"curies":[{"name":"wp","href":"https:\/\/api.w.org\/{rel}","templated":true}]}}