{"id":61698,"date":"2025-01-15T11:41:31","date_gmt":"2025-01-15T10:41:31","guid":{"rendered":"https:\/\/lasentinelle.dz\/?p=61698"},"modified":"2025-01-15T11:41:32","modified_gmt":"2025-01-15T10:41:32","slug":"le-president-de-la-republique-mene-des-consultations-avec-les-acteurs-de-la-classe-politique-en-prelude-au-dialogue-national-limperatif-de-renforcer-le-front-interne","status":"publish","type":"post","link":"https:\/\/lasentinelle.dz\/index.php\/2025\/01\/15\/le-president-de-la-republique-mene-des-consultations-avec-les-acteurs-de-la-classe-politique-en-prelude-au-dialogue-national-limperatif-de-renforcer-le-front-interne\/","title":{"rendered":"Le pr\u00e9sident de la R\u00e9publique m\u00e8ne des consultations avec les acteurs de la classe politique en pr\u00e9lude au dialogue national : L\u2019imp\u00e9ratif de renforcer le front interne"},"content":{"rendered":"\n<p>Le dialogue national inclusif promis par le pr\u00e9sident de la R\u00e9publique Abdelmadjid Tebboune prend progressivement forme \u00e0 travers une s\u00e9rie d&rsquo;\u00e9tapes et de consultations qui dessinent les contours d&rsquo;une transformation politique majeure.<\/p>\n\n\n\n<p>Le pr\u00e9sident de la R\u00e9publique m\u00e8ne depuis quelques jours des consultations avec des acteurs politiques qui laissent pr\u00e9sager un cycle de pr\u00e9parations \u00e0 l\u2019ouverture de ce dialogue dans un contexte marqu\u00e9 par de nombreux d\u00e9fis qui n\u00e9cessitent le maintien d\u2019un front interne fort et uni face aux attaques qui ciblent l\u2019Alg\u00e9rie. Ainsi, quelques jours apr\u00e8s avoir re\u00e7u le Secr\u00e9taire g\u00e9n\u00e9ral du RND, le Pr\u00e9sident Abdelmadjid Tebboune a accord\u00e9 hier une audience \u00e0 une d\u00e9l\u00e9gation du Mouvement de la soci\u00e9t\u00e9 pour la paix, conduite par Abdelaali Hassani Cherif. Une rencontre qui a \u00e9t\u00e9, selon ce dernier, une \u00ab\u00a0opportunit\u00e9 de consultation, de discussion et d&rsquo;\u00e9change de points de vue sur divers dossiers nationaux et internationaux\u00a0\u00bb, ajoutant que les circonstances actuelles n\u00e9cessitent \u00ab\u00a0une communication afin de renforcer le front int\u00e9rieur national\u00a0\u00bb. Au sortir le l\u2019audience le pr\u00e9sident du parti d\u2019opposition a soulign\u00e9, \u00e0 cet \u00e9gard, \u00ab\u00a0la n\u00e9cessit\u00e9 de parvenir \u00e0 une plateforme commune entre toutes les parties\u00a0\u00bb, en particulier, a-t-il dit, dans le contexte de \u00ab\u00a0l&rsquo;agression ext\u00e9rieure que subit l&rsquo;Alg\u00e9rie\u00a0\u00bb. Dans ce m\u00eame contexte, il a affirm\u00e9 que la rencontre entre la d\u00e9l\u00e9gation du Mouvement de la Soci\u00e9t\u00e9 pour la Paix et le Pr\u00e9sident de la R\u00e9publique a \u00e9t\u00e9 \u00ab\u00a0fructueuse\u00a0\u00bb, notant que de telles rencontres \u00ab\u00a0permettront \u00e0 la classe politique de se rassembler davantage et de d\u00e9fendre conjointement les questions nationales\u00a0\u00bb. Il a ajout\u00e9 que la rencontre a \u00e9galement abord\u00e9 \u00ab\u00a0les derniers d\u00e9veloppements des questions palestinienne et sahraouie, en r\u00e9affirmant que l&rsquo;Alg\u00e9rie restera toujours aux c\u00f4t\u00e9s des causes justes\u00a0\u00bb. Cette s\u00e9rie de rencontre semblent donc \u00eatre un pr\u00e9lude au dialogue national annonc\u00e9 par le pr\u00e9sident de la R\u00e9publique.&nbsp; Lors de son discours du 24 d\u00e9cembre dernier devant les deux chambres du Parlement \u00e0 Alger, le chef de l&rsquo;\u00c9tat avait solennellement affirm\u00e9 que ce dialogue serait \u00ab\u00a0\u00e0 la hauteur des enjeux internes et renforcera les droits fondamentaux\u00a0\u00bb. Cette annonce marquait le d\u00e9but d&rsquo;un processus dont l&rsquo;ambition d\u00e9passe le simple exercice consultatif pour s&rsquo;inscrire dans une d\u00e9marche de refondation institutionnelle.<\/p>\n\n\n\n<p>Dans son intervention, le Pr\u00e9sident Tebboune avait particuli\u00e8rement insist\u00e9 sur la nature de ce dialogue, le souhaitant \u00ab\u00a0profond et inclusif et non purement discursif\u00a0\u00bb. Une pr\u00e9cision importante qui souligne la volont\u00e9 pr\u00e9sidentielle de d\u00e9passer les exercices de style pour aboutir \u00e0 des r\u00e9sultats tangibles. Cette vision s&rsquo;est vue confirm\u00e9e lors de son entrevue p\u00e9riodique avec les m\u00e9dias nationaux, o\u00f9 il a fix\u00e9 un calendrier pr\u00e9cis, annon\u00e7ant la tenue de ce dialogue national pour la p\u00e9riode fin 2025-d\u00e9but 2026, soit \u00ab\u00a0apr\u00e8s la r\u00e9vision des lois relatives aux organes de l&rsquo;\u00c9tat moderne, \u00e0 l&rsquo;instar des codes communal et de wilaya\u00a0\u00bb. L&rsquo;importance de cette temporalit\u00e9 n&rsquo;est pas anodine, car comme l&rsquo;a soulign\u00e9 le pr\u00e9sident de la R\u00e9publique, ce dialogue est \u00ab\u00a0li\u00e9 \u00e0 l&rsquo;avenir des g\u00e9n\u00e9rations montantes\u00a0\u00bb et vise \u00e0 \u00ab\u00a0immuniser l&rsquo;Alg\u00e9rie des ing\u00e9rences \u00e9trang\u00e8res et \u00e0 contrecarrer les tentatives visant \u00e0 semer la fitna\u00a0\u00bb. Une dimension s\u00e9curitaire qui s&rsquo;accompagne d&rsquo;une vision \u00e9conomique, le Pr\u00e9sident Tebboune pr\u00e9cisant que ce processus sera \u00ab\u00a0pr\u00e9c\u00e9d\u00e9 par nombre de priorit\u00e9s en lien avec l&rsquo;\u00e9conomie nationale en vue de mettre l&rsquo;Alg\u00e9rie \u00e0 l&rsquo;abri des soubresauts \u00e9conomiques et politiques que conna\u00eet le monde, avant de passer \u00e0 l&rsquo;\u00e9tape de l&rsquo;\u00e9dification de la d\u00e9mocratie v\u00e9ritable\u00a0\u00bb. Les premi\u00e8res concr\u00e9tisations de cette d\u00e9marche se sont manifest\u00e9es \u00e0 travers la remise des rapports sur les codes de la commune et de la wilaya par les parlementaires. Ces textes fondamentaux, qui r\u00e9gissent l&rsquo;organisation et le fonctionnement des collectivit\u00e9s locales, font actuellement l&rsquo;objet d&rsquo;une r\u00e9vision approfondie visant \u00e0 moderniser la gouvernance locale et \u00e0 renforcer la d\u00e9centralisation. Parall\u00e8lement, les deux chambres du Parlement en place des commissions charg\u00e9es d&rsquo;\u00e9valuer les moutures des projets de lois sur les partis et les associations, t\u00e9moignant d&rsquo;une volont\u00e9 de modernisation du cadre l\u00e9gislatif r\u00e9gissant la vie politique et associative. Le volet social n&rsquo;est pas oubli\u00e9, avec l&rsquo;examen en Conseil des ministres des mesures visant \u00e0 renforcer l&rsquo;exercice syndical et le dialogue social, r\u00e9pondant ainsi \u00e0 une demande croissante de d\u00e9mocratisation des relations sociales.<\/p>\n\n\n\n<p>Azzedine Belferag<\/p>\n","protected":false},"excerpt":{"rendered":"<p>Le dialogue national inclusif promis par le pr\u00e9sident de la R\u00e9publique Abdelmadjid Tebboune prend progressivement forme \u00e0 travers une s\u00e9rie<\/p>\n","protected":false},"author":6,"featured_media":61699,"comment_status":"open","ping_status":"closed","sticky":false,"template":"","format":"standard","meta":{"colormag_page_container_layout":"default_layout","colormag_page_sidebar_layout":"default_layout","om_disable_all_campaigns":false,"_monsterinsights_skip_tracking":false,"_monsterinsights_sitenote_active":false,"_monsterinsights_sitenote_note":"","_monsterinsights_sitenote_category":0,"footnotes":"","_wpscppro_dont_share_socialmedia":false,"_wpscppro_custom_social_share_image":0,"_facebook_share_type":"default","_twitter_share_type":"default","_linkedin_share_type":"default","_pinterest_share_type":"default","_linkedin_share_type_page":"","_instagram_share_type":"default","_medium_share_type":"default","_threads_share_type":"","_google_business_share_type":"","_selected_social_profile":[],"_wpsp_enable_custom_social_template":false,"_wpsp_social_scheduling":{"enabled":false,"datetime":null,"platforms":[],"status":"template_only","dateOption":"today","timeOption":"now","customDays":"","customHours":"","customDate":"","customTime":"","schedulingType":"absolute"},"_wpsp_active_default_template":true},"categories":[52,27],"tags":[],"class_list":["post-61698","post","type-post","status-publish","format-standard","has-post-thumbnail","hentry","category-a-la-une","category-actualite"],"aioseo_notices":[],"yoast_head":"<!-- This site is optimized with the Yoast SEO plugin v27.5 - https:\/\/yoast.com\/product\/yoast-seo-wordpress\/ -->\n<title>Le pr\u00e9sident de la R\u00e9publique m\u00e8ne des consultations avec les acteurs de la classe politique en pr\u00e9lude au dialogue national : L\u2019imp\u00e9ratif de renforcer le front interne - La Sentinelle<\/title>\n<meta name=\"robots\" content=\"index, follow, max-snippet:-1, max-image-preview:large, max-video-preview:-1\" \/>\n<link rel=\"canonical\" href=\"https:\/\/lasentinelle.dz\/index.php\/2025\/01\/15\/le-president-de-la-republique-mene-des-consultations-avec-les-acteurs-de-la-classe-politique-en-prelude-au-dialogue-national-limperatif-de-renforcer-le-front-interne\/\" \/>\n<meta property=\"og:locale\" content=\"fr_FR\" \/>\n<meta property=\"og:type\" content=\"article\" \/>\n<meta property=\"og:title\" content=\"Le pr\u00e9sident de la R\u00e9publique m\u00e8ne des consultations avec les acteurs de la classe politique en pr\u00e9lude au dialogue national : L\u2019imp\u00e9ratif de renforcer le front interne - La Sentinelle\" \/>\n<meta property=\"og:description\" content=\"Le dialogue national inclusif promis par le pr\u00e9sident de la R\u00e9publique Abdelmadjid Tebboune prend progressivement forme \u00e0 travers une s\u00e9rie\" \/>\n<meta property=\"og:url\" content=\"https:\/\/lasentinelle.dz\/index.php\/2025\/01\/15\/le-president-de-la-republique-mene-des-consultations-avec-les-acteurs-de-la-classe-politique-en-prelude-au-dialogue-national-limperatif-de-renforcer-le-front-interne\/\" \/>\n<meta property=\"og:site_name\" content=\"La Sentinelle\" \/>\n<meta property=\"article:publisher\" content=\"https:\/\/www.facebook.com\/La-Sentinelle-104059864394773\" \/>\n<meta property=\"article:published_time\" content=\"2025-01-15T10:41:31+00:00\" \/>\n<meta property=\"article:modified_time\" content=\"2025-01-15T10:41:32+00:00\" \/>\n<meta property=\"og:image\" content=\"https:\/\/lasentinelle.dz\/wp-content\/uploads\/2025\/01\/tebboune-1.png\" \/>\n\t<meta property=\"og:image:width\" content=\"772\" \/>\n\t<meta property=\"og:image:height\" content=\"465\" \/>\n\t<meta property=\"og:image:type\" content=\"image\/png\" \/>\n<meta name=\"author\" content=\"admin\" \/>\n<meta name=\"twitter:card\" content=\"summary_large_image\" \/>\n<meta name=\"twitter:label1\" content=\"\u00c9crit par\" \/>\n\t<meta name=\"twitter:data1\" content=\"admin\" \/>\n\t<meta name=\"twitter:label2\" content=\"Dur\u00e9e de lecture estim\u00e9e\" \/>\n\t<meta name=\"twitter:data2\" content=\"4 minutes\" \/>\n<script type=\"application\/ld+json\" class=\"yoast-schema-graph\">{\"@context\":\"https:\\\/\\\/schema.org\",\"@graph\":[{\"@type\":\"Article\",\"@id\":\"https:\\\/\\\/lasentinelle.dz\\\/index.php\\\/2025\\\/01\\\/15\\\/le-president-de-la-republique-mene-des-consultations-avec-les-acteurs-de-la-classe-politique-en-prelude-au-dialogue-national-limperatif-de-renforcer-le-front-interne\\\/#article\",\"isPartOf\":{\"@id\":\"https:\\\/\\\/lasentinelle.dz\\\/index.php\\\/2025\\\/01\\\/15\\\/le-president-de-la-republique-mene-des-consultations-avec-les-acteurs-de-la-classe-politique-en-prelude-au-dialogue-national-limperatif-de-renforcer-le-front-interne\\\/\"},\"author\":{\"name\":\"admin\",\"@id\":\"https:\\\/\\\/lasentinelle.dz\\\/#\\\/schema\\\/person\\\/729ee0024f24e0b8c5ec17232f8e8b41\"},\"headline\":\"Le pr\u00e9sident de la R\u00e9publique m\u00e8ne des consultations avec les acteurs de la classe politique en pr\u00e9lude au dialogue national : L\u2019imp\u00e9ratif de renforcer le front interne\",\"datePublished\":\"2025-01-15T10:41:31+00:00\",\"dateModified\":\"2025-01-15T10:41:32+00:00\",\"mainEntityOfPage\":{\"@id\":\"https:\\\/\\\/lasentinelle.dz\\\/index.php\\\/2025\\\/01\\\/15\\\/le-president-de-la-republique-mene-des-consultations-avec-les-acteurs-de-la-classe-politique-en-prelude-au-dialogue-national-limperatif-de-renforcer-le-front-interne\\\/\"},\"wordCount\":823,\"commentCount\":0,\"publisher\":{\"@id\":\"https:\\\/\\\/lasentinelle.dz\\\/#organization\"},\"image\":{\"@id\":\"https:\\\/\\\/lasentinelle.dz\\\/index.php\\\/2025\\\/01\\\/15\\\/le-president-de-la-republique-mene-des-consultations-avec-les-acteurs-de-la-classe-politique-en-prelude-au-dialogue-national-limperatif-de-renforcer-le-front-interne\\\/#primaryimage\"},\"thumbnailUrl\":\"https:\\\/\\\/lasentinelle.dz\\\/wp-content\\\/uploads\\\/2025\\\/01\\\/tebboune-1.png\",\"articleSection\":[\"\u00c0 la Une\",\"Actualit\u00e9\"],\"inLanguage\":\"fr-FR\",\"potentialAction\":[{\"@type\":\"CommentAction\",\"name\":\"Comment\",\"target\":[\"https:\\\/\\\/lasentinelle.dz\\\/index.php\\\/2025\\\/01\\\/15\\\/le-president-de-la-republique-mene-des-consultations-avec-les-acteurs-de-la-classe-politique-en-prelude-au-dialogue-national-limperatif-de-renforcer-le-front-interne\\\/#respond\"]}]},{\"@type\":\"WebPage\",\"@id\":\"https:\\\/\\\/lasentinelle.dz\\\/index.php\\\/2025\\\/01\\\/15\\\/le-president-de-la-republique-mene-des-consultations-avec-les-acteurs-de-la-classe-politique-en-prelude-au-dialogue-national-limperatif-de-renforcer-le-front-interne\\\/\",\"url\":\"https:\\\/\\\/lasentinelle.dz\\\/index.php\\\/2025\\\/01\\\/15\\\/le-president-de-la-republique-mene-des-consultations-avec-les-acteurs-de-la-classe-politique-en-prelude-au-dialogue-national-limperatif-de-renforcer-le-front-interne\\\/\",\"name\":\"Le pr\u00e9sident de la R\u00e9publique m\u00e8ne des consultations avec les acteurs de la classe politique en pr\u00e9lude au dialogue national : L\u2019imp\u00e9ratif de renforcer le front interne - La Sentinelle\",\"isPartOf\":{\"@id\":\"https:\\\/\\\/lasentinelle.dz\\\/#website\"},\"primaryImageOfPage\":{\"@id\":\"https:\\\/\\\/lasentinelle.dz\\\/index.php\\\/2025\\\/01\\\/15\\\/le-president-de-la-republique-mene-des-consultations-avec-les-acteurs-de-la-classe-politique-en-prelude-au-dialogue-national-limperatif-de-renforcer-le-front-interne\\\/#primaryimage\"},\"image\":{\"@id\":\"https:\\\/\\\/lasentinelle.dz\\\/index.php\\\/2025\\\/01\\\/15\\\/le-president-de-la-republique-mene-des-consultations-avec-les-acteurs-de-la-classe-politique-en-prelude-au-dialogue-national-limperatif-de-renforcer-le-front-interne\\\/#primaryimage\"},\"thumbnailUrl\":\"https:\\\/\\\/lasentinelle.dz\\\/wp-content\\\/uploads\\\/2025\\\/01\\\/tebboune-1.png\",\"datePublished\":\"2025-01-15T10:41:31+00:00\",\"dateModified\":\"2025-01-15T10:41:32+00:00\",\"breadcrumb\":{\"@id\":\"https:\\\/\\\/lasentinelle.dz\\\/index.php\\\/2025\\\/01\\\/15\\\/le-president-de-la-republique-mene-des-consultations-avec-les-acteurs-de-la-classe-politique-en-prelude-au-dialogue-national-limperatif-de-renforcer-le-front-interne\\\/#breadcrumb\"},\"inLanguage\":\"fr-FR\",\"potentialAction\":[{\"@type\":\"ReadAction\",\"target\":[\"https:\\\/\\\/lasentinelle.dz\\\/index.php\\\/2025\\\/01\\\/15\\\/le-president-de-la-republique-mene-des-consultations-avec-les-acteurs-de-la-classe-politique-en-prelude-au-dialogue-national-limperatif-de-renforcer-le-front-interne\\\/\"]}]},{\"@type\":\"ImageObject\",\"inLanguage\":\"fr-FR\",\"@id\":\"https:\\\/\\\/lasentinelle.dz\\\/index.php\\\/2025\\\/01\\\/15\\\/le-president-de-la-republique-mene-des-consultations-avec-les-acteurs-de-la-classe-politique-en-prelude-au-dialogue-national-limperatif-de-renforcer-le-front-interne\\\/#primaryimage\",\"url\":\"https:\\\/\\\/lasentinelle.dz\\\/wp-content\\\/uploads\\\/2025\\\/01\\\/tebboune-1.png\",\"contentUrl\":\"https:\\\/\\\/lasentinelle.dz\\\/wp-content\\\/uploads\\\/2025\\\/01\\\/tebboune-1.png\",\"width\":772,\"height\":465},{\"@type\":\"BreadcrumbList\",\"@id\":\"https:\\\/\\\/lasentinelle.dz\\\/index.php\\\/2025\\\/01\\\/15\\\/le-president-de-la-republique-mene-des-consultations-avec-les-acteurs-de-la-classe-politique-en-prelude-au-dialogue-national-limperatif-de-renforcer-le-front-interne\\\/#breadcrumb\",\"itemListElement\":[{\"@type\":\"ListItem\",\"position\":1,\"name\":\"Accueil\",\"item\":\"https:\\\/\\\/lasentinelle.dz\\\/\"},{\"@type\":\"ListItem\",\"position\":2,\"name\":\"Le pr\u00e9sident de la R\u00e9publique m\u00e8ne des consultations avec les acteurs de la classe politique en pr\u00e9lude au dialogue national : L\u2019imp\u00e9ratif de renforcer le front interne\"}]},{\"@type\":\"WebSite\",\"@id\":\"https:\\\/\\\/lasentinelle.dz\\\/#website\",\"url\":\"https:\\\/\\\/lasentinelle.dz\\\/\",\"name\":\"La Sentinelle\",\"description\":\"Quotidien national d&#039;information\",\"publisher\":{\"@id\":\"https:\\\/\\\/lasentinelle.dz\\\/#organization\"},\"potentialAction\":[{\"@type\":\"SearchAction\",\"target\":{\"@type\":\"EntryPoint\",\"urlTemplate\":\"https:\\\/\\\/lasentinelle.dz\\\/?s={search_term_string}\"},\"query-input\":{\"@type\":\"PropertyValueSpecification\",\"valueRequired\":true,\"valueName\":\"search_term_string\"}}],\"inLanguage\":\"fr-FR\"},{\"@type\":\"Organization\",\"@id\":\"https:\\\/\\\/lasentinelle.dz\\\/#organization\",\"name\":\"Quotidien La Sentinelle\",\"url\":\"https:\\\/\\\/lasentinelle.dz\\\/\",\"logo\":{\"@type\":\"ImageObject\",\"inLanguage\":\"fr-FR\",\"@id\":\"https:\\\/\\\/lasentinelle.dz\\\/#\\\/schema\\\/logo\\\/image\\\/\",\"url\":\"https:\\\/\\\/lasentinelle.dz\\\/wp-content\\\/uploads\\\/2021\\\/09\\\/logo-sentinelleSLOGAN-1.png\",\"contentUrl\":\"https:\\\/\\\/lasentinelle.dz\\\/wp-content\\\/uploads\\\/2021\\\/09\\\/logo-sentinelleSLOGAN-1.png\",\"width\":615,\"height\":142,\"caption\":\"Quotidien La Sentinelle\"},\"image\":{\"@id\":\"https:\\\/\\\/lasentinelle.dz\\\/#\\\/schema\\\/logo\\\/image\\\/\"},\"sameAs\":[\"https:\\\/\\\/www.facebook.com\\\/La-Sentinelle-104059864394773\"]},{\"@type\":\"Person\",\"@id\":\"https:\\\/\\\/lasentinelle.dz\\\/#\\\/schema\\\/person\\\/729ee0024f24e0b8c5ec17232f8e8b41\",\"name\":\"admin\",\"image\":{\"@type\":\"ImageObject\",\"inLanguage\":\"fr-FR\",\"@id\":\"https:\\\/\\\/secure.gravatar.com\\\/avatar\\\/4c81fed838786e9b53f540bf46533e750f5d292099ae3b66cfc6fb1982e29df7?s=96&d=mm&r=g\",\"url\":\"https:\\\/\\\/secure.gravatar.com\\\/avatar\\\/4c81fed838786e9b53f540bf46533e750f5d292099ae3b66cfc6fb1982e29df7?s=96&d=mm&r=g\",\"contentUrl\":\"https:\\\/\\\/secure.gravatar.com\\\/avatar\\\/4c81fed838786e9b53f540bf46533e750f5d292099ae3b66cfc6fb1982e29df7?s=96&d=mm&r=g\",\"caption\":\"admin\"},\"description\":\"admin\",\"url\":\"https:\\\/\\\/lasentinelle.dz\\\/author\\\/admin\\\/\"}]}<\/script>\n<!-- \/ Yoast SEO plugin. -->","yoast_head_json":{"title":"Le pr\u00e9sident de la R\u00e9publique m\u00e8ne des consultations avec les acteurs de la classe politique en pr\u00e9lude au dialogue national : L\u2019imp\u00e9ratif de renforcer le front interne - La Sentinelle","robots":{"index":"index","follow":"follow","max-snippet":"max-snippet:-1","max-image-preview":"max-image-preview:large","max-video-preview":"max-video-preview:-1"},"canonical":"https:\/\/lasentinelle.dz\/index.php\/2025\/01\/15\/le-president-de-la-republique-mene-des-consultations-avec-les-acteurs-de-la-classe-politique-en-prelude-au-dialogue-national-limperatif-de-renforcer-le-front-interne\/","og_locale":"fr_FR","og_type":"article","og_title":"Le pr\u00e9sident de la R\u00e9publique m\u00e8ne des consultations avec les acteurs de la classe politique en pr\u00e9lude au dialogue national : L\u2019imp\u00e9ratif de renforcer le front interne - La Sentinelle","og_description":"Le dialogue national inclusif promis par le pr\u00e9sident de la R\u00e9publique Abdelmadjid Tebboune prend progressivement forme \u00e0 travers une s\u00e9rie","og_url":"https:\/\/lasentinelle.dz\/index.php\/2025\/01\/15\/le-president-de-la-republique-mene-des-consultations-avec-les-acteurs-de-la-classe-politique-en-prelude-au-dialogue-national-limperatif-de-renforcer-le-front-interne\/","og_site_name":"La Sentinelle","article_publisher":"https:\/\/www.facebook.com\/La-Sentinelle-104059864394773","article_published_time":"2025-01-15T10:41:31+00:00","article_modified_time":"2025-01-15T10:41:32+00:00","og_image":[{"width":772,"height":465,"url":"https:\/\/lasentinelle.dz\/wp-content\/uploads\/2025\/01\/tebboune-1.png","type":"image\/png"}],"author":"admin","twitter_card":"summary_large_image","twitter_misc":{"\u00c9crit par":"admin","Dur\u00e9e de lecture estim\u00e9e":"4 minutes"},"schema":{"@context":"https:\/\/schema.org","@graph":[{"@type":"Article","@id":"https:\/\/lasentinelle.dz\/index.php\/2025\/01\/15\/le-president-de-la-republique-mene-des-consultations-avec-les-acteurs-de-la-classe-politique-en-prelude-au-dialogue-national-limperatif-de-renforcer-le-front-interne\/#article","isPartOf":{"@id":"https:\/\/lasentinelle.dz\/index.php\/2025\/01\/15\/le-president-de-la-republique-mene-des-consultations-avec-les-acteurs-de-la-classe-politique-en-prelude-au-dialogue-national-limperatif-de-renforcer-le-front-interne\/"},"author":{"name":"admin","@id":"https:\/\/lasentinelle.dz\/#\/schema\/person\/729ee0024f24e0b8c5ec17232f8e8b41"},"headline":"Le pr\u00e9sident de la R\u00e9publique m\u00e8ne des consultations avec les acteurs de la classe politique en pr\u00e9lude au dialogue national : L\u2019imp\u00e9ratif de renforcer le front interne","datePublished":"2025-01-15T10:41:31+00:00","dateModified":"2025-01-15T10:41:32+00:00","mainEntityOfPage":{"@id":"https:\/\/lasentinelle.dz\/index.php\/2025\/01\/15\/le-president-de-la-republique-mene-des-consultations-avec-les-acteurs-de-la-classe-politique-en-prelude-au-dialogue-national-limperatif-de-renforcer-le-front-interne\/"},"wordCount":823,"commentCount":0,"publisher":{"@id":"https:\/\/lasentinelle.dz\/#organization"},"image":{"@id":"https:\/\/lasentinelle.dz\/index.php\/2025\/01\/15\/le-president-de-la-republique-mene-des-consultations-avec-les-acteurs-de-la-classe-politique-en-prelude-au-dialogue-national-limperatif-de-renforcer-le-front-interne\/#primaryimage"},"thumbnailUrl":"https:\/\/lasentinelle.dz\/wp-content\/uploads\/2025\/01\/tebboune-1.png","articleSection":["\u00c0 la Une","Actualit\u00e9"],"inLanguage":"fr-FR","potentialAction":[{"@type":"CommentAction","name":"Comment","target":["https:\/\/lasentinelle.dz\/index.php\/2025\/01\/15\/le-president-de-la-republique-mene-des-consultations-avec-les-acteurs-de-la-classe-politique-en-prelude-au-dialogue-national-limperatif-de-renforcer-le-front-interne\/#respond"]}]},{"@type":"WebPage","@id":"https:\/\/lasentinelle.dz\/index.php\/2025\/01\/15\/le-president-de-la-republique-mene-des-consultations-avec-les-acteurs-de-la-classe-politique-en-prelude-au-dialogue-national-limperatif-de-renforcer-le-front-interne\/","url":"https:\/\/lasentinelle.dz\/index.php\/2025\/01\/15\/le-president-de-la-republique-mene-des-consultations-avec-les-acteurs-de-la-classe-politique-en-prelude-au-dialogue-national-limperatif-de-renforcer-le-front-interne\/","name":"Le pr\u00e9sident de la R\u00e9publique m\u00e8ne des consultations avec les acteurs de la classe politique en pr\u00e9lude au dialogue national : L\u2019imp\u00e9ratif de renforcer le front interne - La Sentinelle","isPartOf":{"@id":"https:\/\/lasentinelle.dz\/#website"},"primaryImageOfPage":{"@id":"https:\/\/lasentinelle.dz\/index.php\/2025\/01\/15\/le-president-de-la-republique-mene-des-consultations-avec-les-acteurs-de-la-classe-politique-en-prelude-au-dialogue-national-limperatif-de-renforcer-le-front-interne\/#primaryimage"},"image":{"@id":"https:\/\/lasentinelle.dz\/index.php\/2025\/01\/15\/le-president-de-la-republique-mene-des-consultations-avec-les-acteurs-de-la-classe-politique-en-prelude-au-dialogue-national-limperatif-de-renforcer-le-front-interne\/#primaryimage"},"thumbnailUrl":"https:\/\/lasentinelle.dz\/wp-content\/uploads\/2025\/01\/tebboune-1.png","datePublished":"2025-01-15T10:41:31+00:00","dateModified":"2025-01-15T10:41:32+00:00","breadcrumb":{"@id":"https:\/\/lasentinelle.dz\/index.php\/2025\/01\/15\/le-president-de-la-republique-mene-des-consultations-avec-les-acteurs-de-la-classe-politique-en-prelude-au-dialogue-national-limperatif-de-renforcer-le-front-interne\/#breadcrumb"},"inLanguage":"fr-FR","potentialAction":[{"@type":"ReadAction","target":["https:\/\/lasentinelle.dz\/index.php\/2025\/01\/15\/le-president-de-la-republique-mene-des-consultations-avec-les-acteurs-de-la-classe-politique-en-prelude-au-dialogue-national-limperatif-de-renforcer-le-front-interne\/"]}]},{"@type":"ImageObject","inLanguage":"fr-FR","@id":"https:\/\/lasentinelle.dz\/index.php\/2025\/01\/15\/le-president-de-la-republique-mene-des-consultations-avec-les-acteurs-de-la-classe-politique-en-prelude-au-dialogue-national-limperatif-de-renforcer-le-front-interne\/#primaryimage","url":"https:\/\/lasentinelle.dz\/wp-content\/uploads\/2025\/01\/tebboune-1.png","contentUrl":"https:\/\/lasentinelle.dz\/wp-content\/uploads\/2025\/01\/tebboune-1.png","width":772,"height":465},{"@type":"BreadcrumbList","@id":"https:\/\/lasentinelle.dz\/index.php\/2025\/01\/15\/le-president-de-la-republique-mene-des-consultations-avec-les-acteurs-de-la-classe-politique-en-prelude-au-dialogue-national-limperatif-de-renforcer-le-front-interne\/#breadcrumb","itemListElement":[{"@type":"ListItem","position":1,"name":"Accueil","item":"https:\/\/lasentinelle.dz\/"},{"@type":"ListItem","position":2,"name":"Le pr\u00e9sident de la R\u00e9publique m\u00e8ne des consultations avec les acteurs de la classe politique en pr\u00e9lude au dialogue national : L\u2019imp\u00e9ratif de renforcer le front interne"}]},{"@type":"WebSite","@id":"https:\/\/lasentinelle.dz\/#website","url":"https:\/\/lasentinelle.dz\/","name":"La Sentinelle","description":"Quotidien national d&#039;information","publisher":{"@id":"https:\/\/lasentinelle.dz\/#organization"},"potentialAction":[{"@type":"SearchAction","target":{"@type":"EntryPoint","urlTemplate":"https:\/\/lasentinelle.dz\/?s={search_term_string}"},"query-input":{"@type":"PropertyValueSpecification","valueRequired":true,"valueName":"search_term_string"}}],"inLanguage":"fr-FR"},{"@type":"Organization","@id":"https:\/\/lasentinelle.dz\/#organization","name":"Quotidien La Sentinelle","url":"https:\/\/lasentinelle.dz\/","logo":{"@type":"ImageObject","inLanguage":"fr-FR","@id":"https:\/\/lasentinelle.dz\/#\/schema\/logo\/image\/","url":"https:\/\/lasentinelle.dz\/wp-content\/uploads\/2021\/09\/logo-sentinelleSLOGAN-1.png","contentUrl":"https:\/\/lasentinelle.dz\/wp-content\/uploads\/2021\/09\/logo-sentinelleSLOGAN-1.png","width":615,"height":142,"caption":"Quotidien La Sentinelle"},"image":{"@id":"https:\/\/lasentinelle.dz\/#\/schema\/logo\/image\/"},"sameAs":["https:\/\/www.facebook.com\/La-Sentinelle-104059864394773"]},{"@type":"Person","@id":"https:\/\/lasentinelle.dz\/#\/schema\/person\/729ee0024f24e0b8c5ec17232f8e8b41","name":"admin","image":{"@type":"ImageObject","inLanguage":"fr-FR","@id":"https:\/\/secure.gravatar.com\/avatar\/4c81fed838786e9b53f540bf46533e750f5d292099ae3b66cfc6fb1982e29df7?s=96&d=mm&r=g","url":"https:\/\/secure.gravatar.com\/avatar\/4c81fed838786e9b53f540bf46533e750f5d292099ae3b66cfc6fb1982e29df7?s=96&d=mm&r=g","contentUrl":"https:\/\/secure.gravatar.com\/avatar\/4c81fed838786e9b53f540bf46533e750f5d292099ae3b66cfc6fb1982e29df7?s=96&d=mm&r=g","caption":"admin"},"description":"admin","url":"https:\/\/lasentinelle.dz\/author\/admin\/"}]}},"_links":{"self":[{"href":"https:\/\/lasentinelle.dz\/index.php\/wp-json\/wp\/v2\/posts\/61698","targetHints":{"allow":["GET"]}}],"collection":[{"href":"https:\/\/lasentinelle.dz\/index.php\/wp-json\/wp\/v2\/posts"}],"about":[{"href":"https:\/\/lasentinelle.dz\/index.php\/wp-json\/wp\/v2\/types\/post"}],"author":[{"embeddable":true,"href":"https:\/\/lasentinelle.dz\/index.php\/wp-json\/wp\/v2\/users\/6"}],"replies":[{"embeddable":true,"href":"https:\/\/lasentinelle.dz\/index.php\/wp-json\/wp\/v2\/comments?post=61698"}],"version-history":[{"count":1,"href":"https:\/\/lasentinelle.dz\/index.php\/wp-json\/wp\/v2\/posts\/61698\/revisions"}],"predecessor-version":[{"id":61700,"href":"https:\/\/lasentinelle.dz\/index.php\/wp-json\/wp\/v2\/posts\/61698\/revisions\/61700"}],"wp:featuredmedia":[{"embeddable":true,"href":"https:\/\/lasentinelle.dz\/index.php\/wp-json\/wp\/v2\/media\/61699"}],"wp:attachment":[{"href":"https:\/\/lasentinelle.dz\/index.php\/wp-json\/wp\/v2\/media?parent=61698"}],"wp:term":[{"taxonomy":"category","embeddable":true,"href":"https:\/\/lasentinelle.dz\/index.php\/wp-json\/wp\/v2\/categories?post=61698"},{"taxonomy":"post_tag","embeddable":true,"href":"https:\/\/lasentinelle.dz\/index.php\/wp-json\/wp\/v2\/tags?post=61698"}],"curies":[{"name":"wp","href":"https:\/\/api.w.org\/{rel}","templated":true}]}}