{"id":61701,"date":"2025-01-16T12:43:06","date_gmt":"2025-01-16T11:43:06","guid":{"rendered":"https:\/\/lasentinelle.dz\/?p=61701"},"modified":"2025-01-18T12:44:17","modified_gmt":"2025-01-18T11:44:17","slug":"bilan-operationnel-de-lanp-reddition-dun-terroriste-a-bordj-badji-mokhtar-6","status":"publish","type":"post","link":"https:\/\/lasentinelle.dz\/index.php\/2025\/01\/16\/bilan-operationnel-de-lanp-reddition-dun-terroriste-a-bordj-badji-mokhtar-6\/","title":{"rendered":"Bilan op\u00e9rationnel de l\u2019ANP : Reddition d\u2019un terroriste \u00e0 Bordj Badji Mokhtar"},"content":{"rendered":"\n<p>Le terroriste&nbsp; \u00ab&nbsp;Ouled El-Cheikh&nbsp;\u00bb alias&nbsp; \u00ab&nbsp;Abdelouahed&nbsp;\u00bb s\u2019est rendu aux autorit\u00e9s militaires de Bordj Badji Mokhtar, en possession d\u2019un pistolet mitrailleur de type Kalachnikov, une quantit\u00e9 de munitions et d\u2019autres effets, a indiqu\u00e9 hier mercredi un communiqu\u00e9 du minist\u00e8re de la D\u00e9fense nationale. Dans la dynamique des efforts soutenus dans la lutte antiterroriste et contre la criminalit\u00e9 organis\u00e9, des unit\u00e9s et des d\u00e9tachements de l&rsquo;ANP ont au titre de la p\u00e9riode allant du 08 au 14 janvier en cours,&nbsp; ex\u00e9cut\u00e9 plusieurs op\u00e9rations \u00ab&nbsp;ayant abouti \u00e0 des r\u00e9sultats de qualit\u00e9&nbsp; refl\u00e9tant, une fois de plus, le haut professionnalisme, la vigilance et la disponibilit\u00e9 permanente des forces&nbsp; Arm\u00e9es \u00e0 travers tout le territoire national&nbsp;\u00bb, a indiqu\u00e9 hier le communiqu\u00e9. Ainsi, toujours dans le cadre de la lutte antiterroriste,&nbsp; des d\u00e9tachements de l&rsquo;ANP ont arr\u00eat\u00e9 13 \u00e9l\u00e9ments de soutien aux groupes terroristes dans diff\u00e9rentes op\u00e9rations, men\u00e9es \u00e0 travers l\u2019ensemble du territoire. Dans le m\u00eame contexte, ladite source a, \u00e9galement fait \u00e9tat de la d\u00e9couverte par un d\u00e9tachement de l\u2019ANP, lors d\u2019une patrouille de reconnaissance au niveau du Secteur Op\u00e9rationnel de Bordj Badji Mokhtar, d\u2019une cache, explique la m\u00eame source,&nbsp; contenant une quantit\u00e9 consid\u00e9rable de roquettes et de munitions de diff\u00e9rents calibres ainsi que des canons de fusils mitrailleurs et d\u2019autres objets, alors qu\u2019une autre cache a \u00e9t\u00e9 d\u00e9couverte, \u00e0 Ouled Djellal, contenant des explosifs et des outils de d\u00e9tonation, a pr\u00e9cis\u00e9 ledit communiqu\u00e9. Au registre de la lutte contre la criminalit\u00e9 transfrontali\u00e8re organis\u00e9e, notamment le fl\u00e9au narcotique, des d\u00e9tachements combin\u00e9s de l&rsquo;ANP, ont, en coordination avec les diff\u00e9rents services de s\u00e9curit\u00e9, d\u00e9jou\u00e9 une des tentatives d\u2019introduction de 6,95 qx de kif trait\u00e9 provenant des fronti\u00e8res avec le Maroc, a r\u00e9v\u00e9l\u00e9 le communiqu\u00e9 qui a fait \u00e9tat de l\u2019arrestation, lors d&rsquo;op\u00e9rations ex\u00e9cut\u00e9es \u00e0 travers les R\u00e9gions Militaires, de 57 narcotrafiquants. Ont \u00e9galement \u00e9t\u00e9 saisis, lors d\u2019autres op\u00e9rations distinctes, 4,34 kg de coca\u00efne et 98634 comprim\u00e9s psychotropes, a-t-on ajout\u00e9. S\u2019agissant de la lutte contre l\u2019orpaillage illicite, la contrebande et sp\u00e9culation, des d\u00e9tachements de l\u2019ANP, ont arr\u00eat\u00e9 \u00e0&nbsp; Tamanrasset, Bordj Badji Mokhtar, Djanet et In Salah, 286 individus et saisi 54 v\u00e9hicules, 211 groupes \u00e9lectrog\u00e8nes, 125 marteaux piqueurs, 2 d\u00e9tecteurs de m\u00e9taux, en plus d\u2019importantes quantit\u00e9s de m\u00e9lange d\u2019or brut et de pierres, d&rsquo;explosifs, d&rsquo;outils de d\u00e9tonation et d&rsquo;\u00e9quipements utilis\u00e9s dans des op\u00e9rations d&rsquo;orpaillage illicite.&nbsp; Au volet de la contrebande 20 autres individus ont \u00e9t\u00e9 arr\u00eat\u00e9s et 7 fusils de chasse, un pistolet automatique, 6740 litres de carburants, ainsi que 8 qx de tabacs et 63 tonnes de denr\u00e9es alimentaires destin\u00e9es \u00e0 la contrebande et la sp\u00e9culation ont \u00e9t\u00e9 saisis, lors de diff\u00e9rentes op\u00e9rations, a d\u00e9taill\u00e9 ladite source. Par ailleurs, en mati\u00e8re de&nbsp; lutte contre l\u2019immigration ill\u00e9gale, pas moins de 176 immigrants clandestins de diff\u00e9rentes nationalit\u00e9s ont \u00e9t\u00e9 arr\u00eat\u00e9s \u00e0 travers le territoire national, a conclu le communiqu\u00e9 du MDN.<\/p>\n\n\n\n<p><strong>Sofia Chahine<\/strong><\/p>\n","protected":false},"excerpt":{"rendered":"<p>Le terroriste&nbsp; \u00ab&nbsp;Ouled El-Cheikh&nbsp;\u00bb alias&nbsp; \u00ab&nbsp;Abdelouahed&nbsp;\u00bb s\u2019est rendu aux autorit\u00e9s militaires de Bordj Badji Mokhtar, en possession d\u2019un pistolet mitrailleur<\/p>\n","protected":false},"author":6,"featured_media":27980,"comment_status":"open","ping_status":"closed","sticky":false,"template":"","format":"standard","meta":{"colormag_page_container_layout":"default_layout","colormag_page_sidebar_layout":"default_layout","om_disable_all_campaigns":false,"_monsterinsights_skip_tracking":false,"_monsterinsights_sitenote_active":false,"_monsterinsights_sitenote_note":"","_monsterinsights_sitenote_category":0,"footnotes":"","_wpscppro_dont_share_socialmedia":false,"_wpscppro_custom_social_share_image":0,"_facebook_share_type":"default","_twitter_share_type":"default","_linkedin_share_type":"default","_pinterest_share_type":"default","_linkedin_share_type_page":"","_instagram_share_type":"default","_medium_share_type":"default","_threads_share_type":"","_google_business_share_type":"","_selected_social_profile":[],"_wpsp_enable_custom_social_template":false,"_wpsp_social_scheduling":{"enabled":false,"datetime":null,"platforms":[],"status":"template_only","dateOption":"today","timeOption":"now","customDays":"","customHours":"","customDate":"","customTime":"","schedulingType":"absolute"},"_wpsp_active_default_template":true},"categories":[27],"tags":[],"class_list":["post-61701","post","type-post","status-publish","format-standard","has-post-thumbnail","hentry","category-actualite"],"aioseo_notices":[],"yoast_head":"<!-- This site is optimized with the Yoast SEO plugin v27.5 - https:\/\/yoast.com\/product\/yoast-seo-wordpress\/ -->\n<title>Bilan op\u00e9rationnel de l\u2019ANP : Reddition d\u2019un terroriste \u00e0 Bordj Badji Mokhtar - La Sentinelle<\/title>\n<meta name=\"robots\" content=\"index, follow, max-snippet:-1, max-image-preview:large, max-video-preview:-1\" \/>\n<link rel=\"canonical\" href=\"https:\/\/lasentinelle.dz\/index.php\/2025\/01\/16\/bilan-operationnel-de-lanp-reddition-dun-terroriste-a-bordj-badji-mokhtar-6\/\" \/>\n<meta property=\"og:locale\" content=\"fr_FR\" \/>\n<meta property=\"og:type\" content=\"article\" \/>\n<meta property=\"og:title\" content=\"Bilan op\u00e9rationnel de l\u2019ANP : Reddition d\u2019un terroriste \u00e0 Bordj Badji Mokhtar - La Sentinelle\" \/>\n<meta property=\"og:description\" content=\"Le terroriste&nbsp; \u00ab&nbsp;Ouled El-Cheikh&nbsp;\u00bb alias&nbsp; \u00ab&nbsp;Abdelouahed&nbsp;\u00bb s\u2019est rendu aux autorit\u00e9s militaires de Bordj Badji Mokhtar, en possession d\u2019un pistolet mitrailleur\" \/>\n<meta property=\"og:url\" content=\"https:\/\/lasentinelle.dz\/index.php\/2025\/01\/16\/bilan-operationnel-de-lanp-reddition-dun-terroriste-a-bordj-badji-mokhtar-6\/\" \/>\n<meta property=\"og:site_name\" content=\"La Sentinelle\" \/>\n<meta property=\"article:publisher\" content=\"https:\/\/www.facebook.com\/La-Sentinelle-104059864394773\" \/>\n<meta property=\"article:published_time\" content=\"2025-01-16T11:43:06+00:00\" \/>\n<meta property=\"article:modified_time\" content=\"2025-01-18T11:44:17+00:00\" \/>\n<meta property=\"og:image\" content=\"https:\/\/lasentinelle.dz\/wp-content\/uploads\/2022\/09\/MDN.png\" \/>\n\t<meta property=\"og:image:width\" content=\"1350\" \/>\n\t<meta property=\"og:image:height\" content=\"900\" \/>\n\t<meta property=\"og:image:type\" content=\"image\/png\" \/>\n<meta name=\"author\" content=\"admin\" \/>\n<meta name=\"twitter:card\" content=\"summary_large_image\" \/>\n<meta name=\"twitter:label1\" content=\"\u00c9crit par\" \/>\n\t<meta name=\"twitter:data1\" content=\"admin\" \/>\n\t<meta name=\"twitter:label2\" content=\"Dur\u00e9e de lecture estim\u00e9e\" \/>\n\t<meta name=\"twitter:data2\" content=\"3 minutes\" \/>\n<script type=\"application\/ld+json\" class=\"yoast-schema-graph\">{\"@context\":\"https:\\\/\\\/schema.org\",\"@graph\":[{\"@type\":\"Article\",\"@id\":\"https:\\\/\\\/lasentinelle.dz\\\/index.php\\\/2025\\\/01\\\/16\\\/bilan-operationnel-de-lanp-reddition-dun-terroriste-a-bordj-badji-mokhtar-6\\\/#article\",\"isPartOf\":{\"@id\":\"https:\\\/\\\/lasentinelle.dz\\\/index.php\\\/2025\\\/01\\\/16\\\/bilan-operationnel-de-lanp-reddition-dun-terroriste-a-bordj-badji-mokhtar-6\\\/\"},\"author\":{\"name\":\"admin\",\"@id\":\"https:\\\/\\\/lasentinelle.dz\\\/#\\\/schema\\\/person\\\/729ee0024f24e0b8c5ec17232f8e8b41\"},\"headline\":\"Bilan op\u00e9rationnel de l\u2019ANP : Reddition d\u2019un terroriste \u00e0 Bordj Badji Mokhtar\",\"datePublished\":\"2025-01-16T11:43:06+00:00\",\"dateModified\":\"2025-01-18T11:44:17+00:00\",\"mainEntityOfPage\":{\"@id\":\"https:\\\/\\\/lasentinelle.dz\\\/index.php\\\/2025\\\/01\\\/16\\\/bilan-operationnel-de-lanp-reddition-dun-terroriste-a-bordj-badji-mokhtar-6\\\/\"},\"wordCount\":565,\"commentCount\":0,\"publisher\":{\"@id\":\"https:\\\/\\\/lasentinelle.dz\\\/#organization\"},\"image\":{\"@id\":\"https:\\\/\\\/lasentinelle.dz\\\/index.php\\\/2025\\\/01\\\/16\\\/bilan-operationnel-de-lanp-reddition-dun-terroriste-a-bordj-badji-mokhtar-6\\\/#primaryimage\"},\"thumbnailUrl\":\"https:\\\/\\\/lasentinelle.dz\\\/wp-content\\\/uploads\\\/2022\\\/09\\\/MDN.png\",\"articleSection\":[\"Actualit\u00e9\"],\"inLanguage\":\"fr-FR\",\"potentialAction\":[{\"@type\":\"CommentAction\",\"name\":\"Comment\",\"target\":[\"https:\\\/\\\/lasentinelle.dz\\\/index.php\\\/2025\\\/01\\\/16\\\/bilan-operationnel-de-lanp-reddition-dun-terroriste-a-bordj-badji-mokhtar-6\\\/#respond\"]}]},{\"@type\":\"WebPage\",\"@id\":\"https:\\\/\\\/lasentinelle.dz\\\/index.php\\\/2025\\\/01\\\/16\\\/bilan-operationnel-de-lanp-reddition-dun-terroriste-a-bordj-badji-mokhtar-6\\\/\",\"url\":\"https:\\\/\\\/lasentinelle.dz\\\/index.php\\\/2025\\\/01\\\/16\\\/bilan-operationnel-de-lanp-reddition-dun-terroriste-a-bordj-badji-mokhtar-6\\\/\",\"name\":\"Bilan op\u00e9rationnel de l\u2019ANP : Reddition d\u2019un terroriste \u00e0 Bordj Badji Mokhtar - La Sentinelle\",\"isPartOf\":{\"@id\":\"https:\\\/\\\/lasentinelle.dz\\\/#website\"},\"primaryImageOfPage\":{\"@id\":\"https:\\\/\\\/lasentinelle.dz\\\/index.php\\\/2025\\\/01\\\/16\\\/bilan-operationnel-de-lanp-reddition-dun-terroriste-a-bordj-badji-mokhtar-6\\\/#primaryimage\"},\"image\":{\"@id\":\"https:\\\/\\\/lasentinelle.dz\\\/index.php\\\/2025\\\/01\\\/16\\\/bilan-operationnel-de-lanp-reddition-dun-terroriste-a-bordj-badji-mokhtar-6\\\/#primaryimage\"},\"thumbnailUrl\":\"https:\\\/\\\/lasentinelle.dz\\\/wp-content\\\/uploads\\\/2022\\\/09\\\/MDN.png\",\"datePublished\":\"2025-01-16T11:43:06+00:00\",\"dateModified\":\"2025-01-18T11:44:17+00:00\",\"breadcrumb\":{\"@id\":\"https:\\\/\\\/lasentinelle.dz\\\/index.php\\\/2025\\\/01\\\/16\\\/bilan-operationnel-de-lanp-reddition-dun-terroriste-a-bordj-badji-mokhtar-6\\\/#breadcrumb\"},\"inLanguage\":\"fr-FR\",\"potentialAction\":[{\"@type\":\"ReadAction\",\"target\":[\"https:\\\/\\\/lasentinelle.dz\\\/index.php\\\/2025\\\/01\\\/16\\\/bilan-operationnel-de-lanp-reddition-dun-terroriste-a-bordj-badji-mokhtar-6\\\/\"]}]},{\"@type\":\"ImageObject\",\"inLanguage\":\"fr-FR\",\"@id\":\"https:\\\/\\\/lasentinelle.dz\\\/index.php\\\/2025\\\/01\\\/16\\\/bilan-operationnel-de-lanp-reddition-dun-terroriste-a-bordj-badji-mokhtar-6\\\/#primaryimage\",\"url\":\"https:\\\/\\\/lasentinelle.dz\\\/wp-content\\\/uploads\\\/2022\\\/09\\\/MDN.png\",\"contentUrl\":\"https:\\\/\\\/lasentinelle.dz\\\/wp-content\\\/uploads\\\/2022\\\/09\\\/MDN.png\",\"width\":1350,\"height\":900},{\"@type\":\"BreadcrumbList\",\"@id\":\"https:\\\/\\\/lasentinelle.dz\\\/index.php\\\/2025\\\/01\\\/16\\\/bilan-operationnel-de-lanp-reddition-dun-terroriste-a-bordj-badji-mokhtar-6\\\/#breadcrumb\",\"itemListElement\":[{\"@type\":\"ListItem\",\"position\":1,\"name\":\"Accueil\",\"item\":\"https:\\\/\\\/lasentinelle.dz\\\/\"},{\"@type\":\"ListItem\",\"position\":2,\"name\":\"Bilan op\u00e9rationnel de l\u2019ANP : Reddition d\u2019un terroriste \u00e0 Bordj Badji Mokhtar\"}]},{\"@type\":\"WebSite\",\"@id\":\"https:\\\/\\\/lasentinelle.dz\\\/#website\",\"url\":\"https:\\\/\\\/lasentinelle.dz\\\/\",\"name\":\"La Sentinelle\",\"description\":\"Quotidien national d&#039;information\",\"publisher\":{\"@id\":\"https:\\\/\\\/lasentinelle.dz\\\/#organization\"},\"potentialAction\":[{\"@type\":\"SearchAction\",\"target\":{\"@type\":\"EntryPoint\",\"urlTemplate\":\"https:\\\/\\\/lasentinelle.dz\\\/?s={search_term_string}\"},\"query-input\":{\"@type\":\"PropertyValueSpecification\",\"valueRequired\":true,\"valueName\":\"search_term_string\"}}],\"inLanguage\":\"fr-FR\"},{\"@type\":\"Organization\",\"@id\":\"https:\\\/\\\/lasentinelle.dz\\\/#organization\",\"name\":\"Quotidien La Sentinelle\",\"url\":\"https:\\\/\\\/lasentinelle.dz\\\/\",\"logo\":{\"@type\":\"ImageObject\",\"inLanguage\":\"fr-FR\",\"@id\":\"https:\\\/\\\/lasentinelle.dz\\\/#\\\/schema\\\/logo\\\/image\\\/\",\"url\":\"https:\\\/\\\/lasentinelle.dz\\\/wp-content\\\/uploads\\\/2021\\\/09\\\/logo-sentinelleSLOGAN-1.png\",\"contentUrl\":\"https:\\\/\\\/lasentinelle.dz\\\/wp-content\\\/uploads\\\/2021\\\/09\\\/logo-sentinelleSLOGAN-1.png\",\"width\":615,\"height\":142,\"caption\":\"Quotidien La Sentinelle\"},\"image\":{\"@id\":\"https:\\\/\\\/lasentinelle.dz\\\/#\\\/schema\\\/logo\\\/image\\\/\"},\"sameAs\":[\"https:\\\/\\\/www.facebook.com\\\/La-Sentinelle-104059864394773\"]},{\"@type\":\"Person\",\"@id\":\"https:\\\/\\\/lasentinelle.dz\\\/#\\\/schema\\\/person\\\/729ee0024f24e0b8c5ec17232f8e8b41\",\"name\":\"admin\",\"image\":{\"@type\":\"ImageObject\",\"inLanguage\":\"fr-FR\",\"@id\":\"https:\\\/\\\/secure.gravatar.com\\\/avatar\\\/4c81fed838786e9b53f540bf46533e750f5d292099ae3b66cfc6fb1982e29df7?s=96&d=mm&r=g\",\"url\":\"https:\\\/\\\/secure.gravatar.com\\\/avatar\\\/4c81fed838786e9b53f540bf46533e750f5d292099ae3b66cfc6fb1982e29df7?s=96&d=mm&r=g\",\"contentUrl\":\"https:\\\/\\\/secure.gravatar.com\\\/avatar\\\/4c81fed838786e9b53f540bf46533e750f5d292099ae3b66cfc6fb1982e29df7?s=96&d=mm&r=g\",\"caption\":\"admin\"},\"description\":\"admin\",\"url\":\"https:\\\/\\\/lasentinelle.dz\\\/author\\\/admin\\\/\"}]}<\/script>\n<!-- \/ Yoast SEO plugin. -->","yoast_head_json":{"title":"Bilan op\u00e9rationnel de l\u2019ANP : Reddition d\u2019un terroriste \u00e0 Bordj Badji Mokhtar - La Sentinelle","robots":{"index":"index","follow":"follow","max-snippet":"max-snippet:-1","max-image-preview":"max-image-preview:large","max-video-preview":"max-video-preview:-1"},"canonical":"https:\/\/lasentinelle.dz\/index.php\/2025\/01\/16\/bilan-operationnel-de-lanp-reddition-dun-terroriste-a-bordj-badji-mokhtar-6\/","og_locale":"fr_FR","og_type":"article","og_title":"Bilan op\u00e9rationnel de l\u2019ANP : Reddition d\u2019un terroriste \u00e0 Bordj Badji Mokhtar - La Sentinelle","og_description":"Le terroriste&nbsp; \u00ab&nbsp;Ouled El-Cheikh&nbsp;\u00bb alias&nbsp; \u00ab&nbsp;Abdelouahed&nbsp;\u00bb s\u2019est rendu aux autorit\u00e9s militaires de Bordj Badji Mokhtar, en possession d\u2019un pistolet mitrailleur","og_url":"https:\/\/lasentinelle.dz\/index.php\/2025\/01\/16\/bilan-operationnel-de-lanp-reddition-dun-terroriste-a-bordj-badji-mokhtar-6\/","og_site_name":"La Sentinelle","article_publisher":"https:\/\/www.facebook.com\/La-Sentinelle-104059864394773","article_published_time":"2025-01-16T11:43:06+00:00","article_modified_time":"2025-01-18T11:44:17+00:00","og_image":[{"width":1350,"height":900,"url":"https:\/\/lasentinelle.dz\/wp-content\/uploads\/2022\/09\/MDN.png","type":"image\/png"}],"author":"admin","twitter_card":"summary_large_image","twitter_misc":{"\u00c9crit par":"admin","Dur\u00e9e de lecture estim\u00e9e":"3 minutes"},"schema":{"@context":"https:\/\/schema.org","@graph":[{"@type":"Article","@id":"https:\/\/lasentinelle.dz\/index.php\/2025\/01\/16\/bilan-operationnel-de-lanp-reddition-dun-terroriste-a-bordj-badji-mokhtar-6\/#article","isPartOf":{"@id":"https:\/\/lasentinelle.dz\/index.php\/2025\/01\/16\/bilan-operationnel-de-lanp-reddition-dun-terroriste-a-bordj-badji-mokhtar-6\/"},"author":{"name":"admin","@id":"https:\/\/lasentinelle.dz\/#\/schema\/person\/729ee0024f24e0b8c5ec17232f8e8b41"},"headline":"Bilan op\u00e9rationnel de l\u2019ANP : Reddition d\u2019un terroriste \u00e0 Bordj Badji Mokhtar","datePublished":"2025-01-16T11:43:06+00:00","dateModified":"2025-01-18T11:44:17+00:00","mainEntityOfPage":{"@id":"https:\/\/lasentinelle.dz\/index.php\/2025\/01\/16\/bilan-operationnel-de-lanp-reddition-dun-terroriste-a-bordj-badji-mokhtar-6\/"},"wordCount":565,"commentCount":0,"publisher":{"@id":"https:\/\/lasentinelle.dz\/#organization"},"image":{"@id":"https:\/\/lasentinelle.dz\/index.php\/2025\/01\/16\/bilan-operationnel-de-lanp-reddition-dun-terroriste-a-bordj-badji-mokhtar-6\/#primaryimage"},"thumbnailUrl":"https:\/\/lasentinelle.dz\/wp-content\/uploads\/2022\/09\/MDN.png","articleSection":["Actualit\u00e9"],"inLanguage":"fr-FR","potentialAction":[{"@type":"CommentAction","name":"Comment","target":["https:\/\/lasentinelle.dz\/index.php\/2025\/01\/16\/bilan-operationnel-de-lanp-reddition-dun-terroriste-a-bordj-badji-mokhtar-6\/#respond"]}]},{"@type":"WebPage","@id":"https:\/\/lasentinelle.dz\/index.php\/2025\/01\/16\/bilan-operationnel-de-lanp-reddition-dun-terroriste-a-bordj-badji-mokhtar-6\/","url":"https:\/\/lasentinelle.dz\/index.php\/2025\/01\/16\/bilan-operationnel-de-lanp-reddition-dun-terroriste-a-bordj-badji-mokhtar-6\/","name":"Bilan op\u00e9rationnel de l\u2019ANP : Reddition d\u2019un terroriste \u00e0 Bordj Badji Mokhtar - La Sentinelle","isPartOf":{"@id":"https:\/\/lasentinelle.dz\/#website"},"primaryImageOfPage":{"@id":"https:\/\/lasentinelle.dz\/index.php\/2025\/01\/16\/bilan-operationnel-de-lanp-reddition-dun-terroriste-a-bordj-badji-mokhtar-6\/#primaryimage"},"image":{"@id":"https:\/\/lasentinelle.dz\/index.php\/2025\/01\/16\/bilan-operationnel-de-lanp-reddition-dun-terroriste-a-bordj-badji-mokhtar-6\/#primaryimage"},"thumbnailUrl":"https:\/\/lasentinelle.dz\/wp-content\/uploads\/2022\/09\/MDN.png","datePublished":"2025-01-16T11:43:06+00:00","dateModified":"2025-01-18T11:44:17+00:00","breadcrumb":{"@id":"https:\/\/lasentinelle.dz\/index.php\/2025\/01\/16\/bilan-operationnel-de-lanp-reddition-dun-terroriste-a-bordj-badji-mokhtar-6\/#breadcrumb"},"inLanguage":"fr-FR","potentialAction":[{"@type":"ReadAction","target":["https:\/\/lasentinelle.dz\/index.php\/2025\/01\/16\/bilan-operationnel-de-lanp-reddition-dun-terroriste-a-bordj-badji-mokhtar-6\/"]}]},{"@type":"ImageObject","inLanguage":"fr-FR","@id":"https:\/\/lasentinelle.dz\/index.php\/2025\/01\/16\/bilan-operationnel-de-lanp-reddition-dun-terroriste-a-bordj-badji-mokhtar-6\/#primaryimage","url":"https:\/\/lasentinelle.dz\/wp-content\/uploads\/2022\/09\/MDN.png","contentUrl":"https:\/\/lasentinelle.dz\/wp-content\/uploads\/2022\/09\/MDN.png","width":1350,"height":900},{"@type":"BreadcrumbList","@id":"https:\/\/lasentinelle.dz\/index.php\/2025\/01\/16\/bilan-operationnel-de-lanp-reddition-dun-terroriste-a-bordj-badji-mokhtar-6\/#breadcrumb","itemListElement":[{"@type":"ListItem","position":1,"name":"Accueil","item":"https:\/\/lasentinelle.dz\/"},{"@type":"ListItem","position":2,"name":"Bilan op\u00e9rationnel de l\u2019ANP : Reddition d\u2019un terroriste \u00e0 Bordj Badji Mokhtar"}]},{"@type":"WebSite","@id":"https:\/\/lasentinelle.dz\/#website","url":"https:\/\/lasentinelle.dz\/","name":"La Sentinelle","description":"Quotidien national d&#039;information","publisher":{"@id":"https:\/\/lasentinelle.dz\/#organization"},"potentialAction":[{"@type":"SearchAction","target":{"@type":"EntryPoint","urlTemplate":"https:\/\/lasentinelle.dz\/?s={search_term_string}"},"query-input":{"@type":"PropertyValueSpecification","valueRequired":true,"valueName":"search_term_string"}}],"inLanguage":"fr-FR"},{"@type":"Organization","@id":"https:\/\/lasentinelle.dz\/#organization","name":"Quotidien La Sentinelle","url":"https:\/\/lasentinelle.dz\/","logo":{"@type":"ImageObject","inLanguage":"fr-FR","@id":"https:\/\/lasentinelle.dz\/#\/schema\/logo\/image\/","url":"https:\/\/lasentinelle.dz\/wp-content\/uploads\/2021\/09\/logo-sentinelleSLOGAN-1.png","contentUrl":"https:\/\/lasentinelle.dz\/wp-content\/uploads\/2021\/09\/logo-sentinelleSLOGAN-1.png","width":615,"height":142,"caption":"Quotidien La Sentinelle"},"image":{"@id":"https:\/\/lasentinelle.dz\/#\/schema\/logo\/image\/"},"sameAs":["https:\/\/www.facebook.com\/La-Sentinelle-104059864394773"]},{"@type":"Person","@id":"https:\/\/lasentinelle.dz\/#\/schema\/person\/729ee0024f24e0b8c5ec17232f8e8b41","name":"admin","image":{"@type":"ImageObject","inLanguage":"fr-FR","@id":"https:\/\/secure.gravatar.com\/avatar\/4c81fed838786e9b53f540bf46533e750f5d292099ae3b66cfc6fb1982e29df7?s=96&d=mm&r=g","url":"https:\/\/secure.gravatar.com\/avatar\/4c81fed838786e9b53f540bf46533e750f5d292099ae3b66cfc6fb1982e29df7?s=96&d=mm&r=g","contentUrl":"https:\/\/secure.gravatar.com\/avatar\/4c81fed838786e9b53f540bf46533e750f5d292099ae3b66cfc6fb1982e29df7?s=96&d=mm&r=g","caption":"admin"},"description":"admin","url":"https:\/\/lasentinelle.dz\/author\/admin\/"}]}},"_links":{"self":[{"href":"https:\/\/lasentinelle.dz\/index.php\/wp-json\/wp\/v2\/posts\/61701","targetHints":{"allow":["GET"]}}],"collection":[{"href":"https:\/\/lasentinelle.dz\/index.php\/wp-json\/wp\/v2\/posts"}],"about":[{"href":"https:\/\/lasentinelle.dz\/index.php\/wp-json\/wp\/v2\/types\/post"}],"author":[{"embeddable":true,"href":"https:\/\/lasentinelle.dz\/index.php\/wp-json\/wp\/v2\/users\/6"}],"replies":[{"embeddable":true,"href":"https:\/\/lasentinelle.dz\/index.php\/wp-json\/wp\/v2\/comments?post=61701"}],"version-history":[{"count":1,"href":"https:\/\/lasentinelle.dz\/index.php\/wp-json\/wp\/v2\/posts\/61701\/revisions"}],"predecessor-version":[{"id":61702,"href":"https:\/\/lasentinelle.dz\/index.php\/wp-json\/wp\/v2\/posts\/61701\/revisions\/61702"}],"wp:featuredmedia":[{"embeddable":true,"href":"https:\/\/lasentinelle.dz\/index.php\/wp-json\/wp\/v2\/media\/27980"}],"wp:attachment":[{"href":"https:\/\/lasentinelle.dz\/index.php\/wp-json\/wp\/v2\/media?parent=61701"}],"wp:term":[{"taxonomy":"category","embeddable":true,"href":"https:\/\/lasentinelle.dz\/index.php\/wp-json\/wp\/v2\/categories?post=61701"},{"taxonomy":"post_tag","embeddable":true,"href":"https:\/\/lasentinelle.dz\/index.php\/wp-json\/wp\/v2\/tags?post=61701"}],"curies":[{"name":"wp","href":"https:\/\/api.w.org\/{rel}","templated":true}]}}