{"id":61712,"date":"2025-01-16T12:48:44","date_gmt":"2025-01-16T11:48:44","guid":{"rendered":"https:\/\/lasentinelle.dz\/?p=61712"},"modified":"2025-01-18T12:49:17","modified_gmt":"2025-01-18T11:49:17","slug":"festival-du-cinema-africain-de-louxor-le-film-frantz-fanon-prime","status":"publish","type":"post","link":"https:\/\/lasentinelle.dz\/index.php\/2025\/01\/16\/festival-du-cinema-africain-de-louxor-le-film-frantz-fanon-prime\/","title":{"rendered":"Festival du Cin\u00e9ma Africain de Louxor: Le film \u00ab\u00a0Frantz Fanon\u00a0\u00bb prim\u00e9"},"content":{"rendered":"\n<p>Le film \u00ab\u00a0Frantz Fanon\u00a0\u00bb du r\u00e9alisateur Abdelnour Zahzah vient en effet de remporter le Prix du Jury lors de la 14\u1d49 \u00e9dition du Festival du Cin\u00e9ma Africain de Louxor.<\/p>\n\n\n\n<p>Le cin\u00e9ma alg\u00e9rien continue de briller sur la sc\u00e8ne internationale avec une nouvelle reconnaissance prestigieuse. Le film \u00ab\u00a0Frantz Fanon\u00a0\u00bb du r\u00e9alisateur Abdelnour Zahzah vient en effet de remporter le Prix du Jury lors de la 14\u1d49 \u00e9dition du Festival du Cin\u00e9ma Africain de Louxor, une distinction qui confirme la qualit\u00e9 croissante des productions alg\u00e9riennes. Cette r\u00e9compense a d&rsquo;ailleurs suscit\u00e9 les f\u00e9licitations chaleureuses du ministre de la Culture et des Arts, M. Zohir Ballou, qui n&rsquo;a pas manqu\u00e9 de saluer le travail remarquable de toute l&rsquo;\u00e9quipe du film.<\/p>\n\n\n\n<p>Cette \u0153uvre, fruit d&rsquo;une collaboration entre le Centre alg\u00e9rien pour le d\u00e9veloppement du cin\u00e9ma et la soci\u00e9t\u00e9 Atlas Film pour les m\u00e9dias, avait d\u00e9j\u00e0 fait parler d&rsquo;elle lors de sa pr\u00e9sentation en avant-premi\u00e8re au Festival international du film de Berlin. Les spectateurs alg\u00e9riens ont pu la d\u00e9couvrir fin octobre 2024 dans la salle Ibn Zeydoun, lors d&rsquo;un \u00e9v\u00e9nement sp\u00e9cial orchestr\u00e9 par le Centre alg\u00e9rien pour le d\u00e9veloppement du cin\u00e9ma. Aujourd&rsquo;hui, le film poursuit sa carri\u00e8re dans les salles alg\u00e9riennes avec trois projections hebdomadaires, permettant au public de d\u00e9couvrir ce portrait saisissant de Frantz Fanon. Le r\u00e9alisateur Abdelnour Zahzah a choisi de se concentrer sur une p\u00e9riode particuli\u00e8rement significative de la vie de son sujet : son passage \u00e0 l&rsquo;h\u00f4pital de Joinville \u00e0 Blida. C&rsquo;est l\u00e0 que Fanon, psychiatre passionn\u00e9 et figure embl\u00e9matique de la r\u00e9volution alg\u00e9rienne, a men\u00e9 un combat acharn\u00e9 pour transformer les pratiques m\u00e9dicales et combattre le racisme institutionnel. L&rsquo;\u00e9tablissement, qui ressemblait davantage \u00e0 un centre d&rsquo;internement qu&rsquo;\u00e0 un v\u00e9ritable h\u00f4pital, pratiquait une s\u00e9gr\u00e9gation stricte entre patients europ\u00e9ens et musulmans, ces derniers \u00e9tant souvent intern\u00e9s sur des crit\u00e8res plus que discutables, dans le but de les isoler du \u00ab\u00a0monde civilis\u00e9\u00a0\u00bb. Le film d\u00e9peint avec justesse comment Fanon, en tant que chef de service, s&rsquo;est attach\u00e9 \u00e0 r\u00e9volutionner les m\u00e9thodes de traitement. Son approche novatrice, fond\u00e9e sur l&rsquo;ethnopsychiatrie, s&rsquo;est accompagn\u00e9e de la mise en place d&rsquo;activit\u00e9s sociales et culturelles diverses : cr\u00e9ation d&rsquo;un caf\u00e9 arabe, c\u00e9l\u00e9bration des f\u00eates traditionnelles, organisation d&rsquo;excursions, s\u00e9ances de contes et de po\u00e9sie. Cette d\u00e9marche th\u00e9rapeutique globale, ancr\u00e9e dans la socioth\u00e9rapie, a rapidement montr\u00e9 des r\u00e9sultats encourageants. Au-del\u00e0 de son engagement m\u00e9dical, le film met en lumi\u00e8re la dimension profond\u00e9ment humaine de Fanon, sa proximit\u00e9 avec ses patients et son personnel, ainsi que son combat intellectuel et politique contre le colonialisme, l&rsquo;assimilation et le racisme. Si le r\u00e9alisateur a d\u00e9lib\u00e9r\u00e9ment choisi de se concentrer sur l&rsquo;exp\u00e9rience de Blida, il n&rsquo;en oublie pas pour autant d&rsquo;\u00e9voquer les autres facettes de ce personnage complexe : son talent d&rsquo;\u00e9crivain, notamment \u00e0 travers son \u0153uvre majeure \u00ab\u00a0Les damn\u00e9s de la terre\u00a0\u00bb, sa pens\u00e9e anticoloniale et son soutien ind\u00e9fectible \u00e0 la r\u00e9volution alg\u00e9rienne, qu&rsquo;il consid\u00e9rait comme profond\u00e9ment juste.<\/p>\n\n\n\n<p>Le film rappelle \u00e9galement les mots puissants de Fanon, \u00e9crits peu avant sa mort pr\u00e9matur\u00e9e \u00e0 36 ans en 1961 : \u00ab\u00a0Le colonialisme n&rsquo;est pas une machine \u00e0 penser, n&rsquo;est pas un corps dou\u00e9 de raison. Il est la violence \u00e0 l&rsquo;\u00e9tat de nature et ne peut s&rsquo;incliner que devant une plus grande violence.\u00a0\u00bb Cette \u0153uvre cin\u00e9matographique r\u00e9ussit le pari de rendre un hommage touchant \u00e0 cet homme d&rsquo;exception, tout en suscitant chez les spectateurs l&rsquo;envie d&rsquo;explorer plus en profondeur sa vie et son h\u00e9ritage.<\/p>\n\n\n\n<p>Cette reconnaissance internationale du film d&rsquo;Abdelnour Zahzah s&rsquo;inscrit dans une dynamique positive pour le cin\u00e9ma alg\u00e9rien, comme l&rsquo;a soulign\u00e9 le ministre Zohir Ballou en f\u00e9licitant l&rsquo;ensemble des talents qui se distinguent dans les diff\u00e9rentes comp\u00e9titions nationales et internationales. Elle t\u00e9moigne de la vitalit\u00e9 d&rsquo;une production cin\u00e9matographique qui sait allier qualit\u00e9 artistique et profondeur historique, tout en valorisant les talents alg\u00e9riens dans tous les m\u00e9tiers du cin\u00e9ma.<\/p>\n\n\n\n<p>Mohand Seghir<\/p>\n","protected":false},"excerpt":{"rendered":"<p>Le film \u00ab\u00a0Frantz Fanon\u00a0\u00bb du r\u00e9alisateur Abdelnour Zahzah vient en effet de remporter le Prix du Jury lors de la<\/p>\n","protected":false},"author":6,"featured_media":61713,"comment_status":"open","ping_status":"closed","sticky":false,"template":"","format":"standard","meta":{"colormag_page_container_layout":"default_layout","colormag_page_sidebar_layout":"default_layout","om_disable_all_campaigns":false,"_monsterinsights_skip_tracking":false,"_monsterinsights_sitenote_active":false,"_monsterinsights_sitenote_note":"","_monsterinsights_sitenote_category":0,"footnotes":"","_wpscppro_dont_share_socialmedia":false,"_wpscppro_custom_social_share_image":0,"_facebook_share_type":"default","_twitter_share_type":"default","_linkedin_share_type":"default","_pinterest_share_type":"default","_linkedin_share_type_page":"","_instagram_share_type":"default","_medium_share_type":"default","_threads_share_type":"","_google_business_share_type":"","_selected_social_profile":[],"_wpsp_enable_custom_social_template":false,"_wpsp_social_scheduling":{"enabled":false,"datetime":null,"platforms":[],"status":"template_only","dateOption":"today","timeOption":"now","customDays":"","customHours":"","customDate":"","customTime":"","schedulingType":"absolute"},"_wpsp_active_default_template":true},"categories":[36],"tags":[],"class_list":["post-61712","post","type-post","status-publish","format-standard","has-post-thumbnail","hentry","category-culture"],"aioseo_notices":[],"yoast_head":"<!-- This site is optimized with the Yoast SEO plugin v27.5 - https:\/\/yoast.com\/product\/yoast-seo-wordpress\/ -->\n<title>Festival du Cin\u00e9ma Africain de Louxor: Le film \u00ab\u00a0Frantz Fanon\u00a0\u00bb prim\u00e9 - La Sentinelle<\/title>\n<meta name=\"robots\" content=\"index, follow, max-snippet:-1, max-image-preview:large, max-video-preview:-1\" \/>\n<link rel=\"canonical\" href=\"https:\/\/lasentinelle.dz\/index.php\/2025\/01\/16\/festival-du-cinema-africain-de-louxor-le-film-frantz-fanon-prime\/\" \/>\n<meta property=\"og:locale\" content=\"fr_FR\" \/>\n<meta property=\"og:type\" content=\"article\" \/>\n<meta property=\"og:title\" content=\"Festival du Cin\u00e9ma Africain de Louxor: Le film \u00ab\u00a0Frantz Fanon\u00a0\u00bb prim\u00e9 - La Sentinelle\" \/>\n<meta property=\"og:description\" content=\"Le film \u00ab\u00a0Frantz Fanon\u00a0\u00bb du r\u00e9alisateur Abdelnour Zahzah vient en effet de remporter le Prix du Jury lors de la\" \/>\n<meta property=\"og:url\" content=\"https:\/\/lasentinelle.dz\/index.php\/2025\/01\/16\/festival-du-cinema-africain-de-louxor-le-film-frantz-fanon-prime\/\" \/>\n<meta property=\"og:site_name\" content=\"La Sentinelle\" \/>\n<meta property=\"article:publisher\" content=\"https:\/\/www.facebook.com\/La-Sentinelle-104059864394773\" \/>\n<meta property=\"article:published_time\" content=\"2025-01-16T11:48:44+00:00\" \/>\n<meta property=\"article:modified_time\" content=\"2025-01-18T11:49:17+00:00\" \/>\n<meta property=\"og:image\" content=\"https:\/\/lasentinelle.dz\/wp-content\/uploads\/2025\/01\/affiche.jpeg\" \/>\n\t<meta property=\"og:image:width\" content=\"949\" \/>\n\t<meta property=\"og:image:height\" content=\"1384\" \/>\n\t<meta property=\"og:image:type\" content=\"image\/jpeg\" \/>\n<meta name=\"author\" content=\"admin\" \/>\n<meta name=\"twitter:card\" content=\"summary_large_image\" \/>\n<meta name=\"twitter:label1\" content=\"\u00c9crit par\" \/>\n\t<meta name=\"twitter:data1\" content=\"admin\" \/>\n\t<meta name=\"twitter:label2\" content=\"Dur\u00e9e de lecture estim\u00e9e\" \/>\n\t<meta name=\"twitter:data2\" content=\"4 minutes\" \/>\n<script type=\"application\/ld+json\" class=\"yoast-schema-graph\">{\"@context\":\"https:\\\/\\\/schema.org\",\"@graph\":[{\"@type\":\"Article\",\"@id\":\"https:\\\/\\\/lasentinelle.dz\\\/index.php\\\/2025\\\/01\\\/16\\\/festival-du-cinema-africain-de-louxor-le-film-frantz-fanon-prime\\\/#article\",\"isPartOf\":{\"@id\":\"https:\\\/\\\/lasentinelle.dz\\\/index.php\\\/2025\\\/01\\\/16\\\/festival-du-cinema-africain-de-louxor-le-film-frantz-fanon-prime\\\/\"},\"author\":{\"name\":\"admin\",\"@id\":\"https:\\\/\\\/lasentinelle.dz\\\/#\\\/schema\\\/person\\\/729ee0024f24e0b8c5ec17232f8e8b41\"},\"headline\":\"Festival du Cin\u00e9ma Africain de Louxor: Le film \u00ab\u00a0Frantz Fanon\u00a0\u00bb prim\u00e9\",\"datePublished\":\"2025-01-16T11:48:44+00:00\",\"dateModified\":\"2025-01-18T11:49:17+00:00\",\"mainEntityOfPage\":{\"@id\":\"https:\\\/\\\/lasentinelle.dz\\\/index.php\\\/2025\\\/01\\\/16\\\/festival-du-cinema-africain-de-louxor-le-film-frantz-fanon-prime\\\/\"},\"wordCount\":745,\"commentCount\":0,\"publisher\":{\"@id\":\"https:\\\/\\\/lasentinelle.dz\\\/#organization\"},\"image\":{\"@id\":\"https:\\\/\\\/lasentinelle.dz\\\/index.php\\\/2025\\\/01\\\/16\\\/festival-du-cinema-africain-de-louxor-le-film-frantz-fanon-prime\\\/#primaryimage\"},\"thumbnailUrl\":\"https:\\\/\\\/lasentinelle.dz\\\/wp-content\\\/uploads\\\/2025\\\/01\\\/affiche.jpeg\",\"articleSection\":[\"Culture\"],\"inLanguage\":\"fr-FR\",\"potentialAction\":[{\"@type\":\"CommentAction\",\"name\":\"Comment\",\"target\":[\"https:\\\/\\\/lasentinelle.dz\\\/index.php\\\/2025\\\/01\\\/16\\\/festival-du-cinema-africain-de-louxor-le-film-frantz-fanon-prime\\\/#respond\"]}]},{\"@type\":\"WebPage\",\"@id\":\"https:\\\/\\\/lasentinelle.dz\\\/index.php\\\/2025\\\/01\\\/16\\\/festival-du-cinema-africain-de-louxor-le-film-frantz-fanon-prime\\\/\",\"url\":\"https:\\\/\\\/lasentinelle.dz\\\/index.php\\\/2025\\\/01\\\/16\\\/festival-du-cinema-africain-de-louxor-le-film-frantz-fanon-prime\\\/\",\"name\":\"Festival du Cin\u00e9ma Africain de Louxor: Le film \u00ab\u00a0Frantz Fanon\u00a0\u00bb prim\u00e9 - La Sentinelle\",\"isPartOf\":{\"@id\":\"https:\\\/\\\/lasentinelle.dz\\\/#website\"},\"primaryImageOfPage\":{\"@id\":\"https:\\\/\\\/lasentinelle.dz\\\/index.php\\\/2025\\\/01\\\/16\\\/festival-du-cinema-africain-de-louxor-le-film-frantz-fanon-prime\\\/#primaryimage\"},\"image\":{\"@id\":\"https:\\\/\\\/lasentinelle.dz\\\/index.php\\\/2025\\\/01\\\/16\\\/festival-du-cinema-africain-de-louxor-le-film-frantz-fanon-prime\\\/#primaryimage\"},\"thumbnailUrl\":\"https:\\\/\\\/lasentinelle.dz\\\/wp-content\\\/uploads\\\/2025\\\/01\\\/affiche.jpeg\",\"datePublished\":\"2025-01-16T11:48:44+00:00\",\"dateModified\":\"2025-01-18T11:49:17+00:00\",\"breadcrumb\":{\"@id\":\"https:\\\/\\\/lasentinelle.dz\\\/index.php\\\/2025\\\/01\\\/16\\\/festival-du-cinema-africain-de-louxor-le-film-frantz-fanon-prime\\\/#breadcrumb\"},\"inLanguage\":\"fr-FR\",\"potentialAction\":[{\"@type\":\"ReadAction\",\"target\":[\"https:\\\/\\\/lasentinelle.dz\\\/index.php\\\/2025\\\/01\\\/16\\\/festival-du-cinema-africain-de-louxor-le-film-frantz-fanon-prime\\\/\"]}]},{\"@type\":\"ImageObject\",\"inLanguage\":\"fr-FR\",\"@id\":\"https:\\\/\\\/lasentinelle.dz\\\/index.php\\\/2025\\\/01\\\/16\\\/festival-du-cinema-africain-de-louxor-le-film-frantz-fanon-prime\\\/#primaryimage\",\"url\":\"https:\\\/\\\/lasentinelle.dz\\\/wp-content\\\/uploads\\\/2025\\\/01\\\/affiche.jpeg\",\"contentUrl\":\"https:\\\/\\\/lasentinelle.dz\\\/wp-content\\\/uploads\\\/2025\\\/01\\\/affiche.jpeg\",\"width\":949,\"height\":1384},{\"@type\":\"BreadcrumbList\",\"@id\":\"https:\\\/\\\/lasentinelle.dz\\\/index.php\\\/2025\\\/01\\\/16\\\/festival-du-cinema-africain-de-louxor-le-film-frantz-fanon-prime\\\/#breadcrumb\",\"itemListElement\":[{\"@type\":\"ListItem\",\"position\":1,\"name\":\"Accueil\",\"item\":\"https:\\\/\\\/lasentinelle.dz\\\/\"},{\"@type\":\"ListItem\",\"position\":2,\"name\":\"Festival du Cin\u00e9ma Africain de Louxor: Le film \u00ab\u00a0Frantz Fanon\u00a0\u00bb prim\u00e9\"}]},{\"@type\":\"WebSite\",\"@id\":\"https:\\\/\\\/lasentinelle.dz\\\/#website\",\"url\":\"https:\\\/\\\/lasentinelle.dz\\\/\",\"name\":\"La Sentinelle\",\"description\":\"Quotidien national d&#039;information\",\"publisher\":{\"@id\":\"https:\\\/\\\/lasentinelle.dz\\\/#organization\"},\"potentialAction\":[{\"@type\":\"SearchAction\",\"target\":{\"@type\":\"EntryPoint\",\"urlTemplate\":\"https:\\\/\\\/lasentinelle.dz\\\/?s={search_term_string}\"},\"query-input\":{\"@type\":\"PropertyValueSpecification\",\"valueRequired\":true,\"valueName\":\"search_term_string\"}}],\"inLanguage\":\"fr-FR\"},{\"@type\":\"Organization\",\"@id\":\"https:\\\/\\\/lasentinelle.dz\\\/#organization\",\"name\":\"Quotidien La Sentinelle\",\"url\":\"https:\\\/\\\/lasentinelle.dz\\\/\",\"logo\":{\"@type\":\"ImageObject\",\"inLanguage\":\"fr-FR\",\"@id\":\"https:\\\/\\\/lasentinelle.dz\\\/#\\\/schema\\\/logo\\\/image\\\/\",\"url\":\"https:\\\/\\\/lasentinelle.dz\\\/wp-content\\\/uploads\\\/2021\\\/09\\\/logo-sentinelleSLOGAN-1.png\",\"contentUrl\":\"https:\\\/\\\/lasentinelle.dz\\\/wp-content\\\/uploads\\\/2021\\\/09\\\/logo-sentinelleSLOGAN-1.png\",\"width\":615,\"height\":142,\"caption\":\"Quotidien La Sentinelle\"},\"image\":{\"@id\":\"https:\\\/\\\/lasentinelle.dz\\\/#\\\/schema\\\/logo\\\/image\\\/\"},\"sameAs\":[\"https:\\\/\\\/www.facebook.com\\\/La-Sentinelle-104059864394773\"]},{\"@type\":\"Person\",\"@id\":\"https:\\\/\\\/lasentinelle.dz\\\/#\\\/schema\\\/person\\\/729ee0024f24e0b8c5ec17232f8e8b41\",\"name\":\"admin\",\"image\":{\"@type\":\"ImageObject\",\"inLanguage\":\"fr-FR\",\"@id\":\"https:\\\/\\\/secure.gravatar.com\\\/avatar\\\/4c81fed838786e9b53f540bf46533e750f5d292099ae3b66cfc6fb1982e29df7?s=96&d=mm&r=g\",\"url\":\"https:\\\/\\\/secure.gravatar.com\\\/avatar\\\/4c81fed838786e9b53f540bf46533e750f5d292099ae3b66cfc6fb1982e29df7?s=96&d=mm&r=g\",\"contentUrl\":\"https:\\\/\\\/secure.gravatar.com\\\/avatar\\\/4c81fed838786e9b53f540bf46533e750f5d292099ae3b66cfc6fb1982e29df7?s=96&d=mm&r=g\",\"caption\":\"admin\"},\"description\":\"admin\",\"url\":\"https:\\\/\\\/lasentinelle.dz\\\/author\\\/admin\\\/\"}]}<\/script>\n<!-- \/ Yoast SEO plugin. -->","yoast_head_json":{"title":"Festival du Cin\u00e9ma Africain de Louxor: Le film \u00ab\u00a0Frantz Fanon\u00a0\u00bb prim\u00e9 - La Sentinelle","robots":{"index":"index","follow":"follow","max-snippet":"max-snippet:-1","max-image-preview":"max-image-preview:large","max-video-preview":"max-video-preview:-1"},"canonical":"https:\/\/lasentinelle.dz\/index.php\/2025\/01\/16\/festival-du-cinema-africain-de-louxor-le-film-frantz-fanon-prime\/","og_locale":"fr_FR","og_type":"article","og_title":"Festival du Cin\u00e9ma Africain de Louxor: Le film \u00ab\u00a0Frantz Fanon\u00a0\u00bb prim\u00e9 - La Sentinelle","og_description":"Le film \u00ab\u00a0Frantz Fanon\u00a0\u00bb du r\u00e9alisateur Abdelnour Zahzah vient en effet de remporter le Prix du Jury lors de la","og_url":"https:\/\/lasentinelle.dz\/index.php\/2025\/01\/16\/festival-du-cinema-africain-de-louxor-le-film-frantz-fanon-prime\/","og_site_name":"La Sentinelle","article_publisher":"https:\/\/www.facebook.com\/La-Sentinelle-104059864394773","article_published_time":"2025-01-16T11:48:44+00:00","article_modified_time":"2025-01-18T11:49:17+00:00","og_image":[{"width":949,"height":1384,"url":"https:\/\/lasentinelle.dz\/wp-content\/uploads\/2025\/01\/affiche.jpeg","type":"image\/jpeg"}],"author":"admin","twitter_card":"summary_large_image","twitter_misc":{"\u00c9crit par":"admin","Dur\u00e9e de lecture estim\u00e9e":"4 minutes"},"schema":{"@context":"https:\/\/schema.org","@graph":[{"@type":"Article","@id":"https:\/\/lasentinelle.dz\/index.php\/2025\/01\/16\/festival-du-cinema-africain-de-louxor-le-film-frantz-fanon-prime\/#article","isPartOf":{"@id":"https:\/\/lasentinelle.dz\/index.php\/2025\/01\/16\/festival-du-cinema-africain-de-louxor-le-film-frantz-fanon-prime\/"},"author":{"name":"admin","@id":"https:\/\/lasentinelle.dz\/#\/schema\/person\/729ee0024f24e0b8c5ec17232f8e8b41"},"headline":"Festival du Cin\u00e9ma Africain de Louxor: Le film \u00ab\u00a0Frantz Fanon\u00a0\u00bb prim\u00e9","datePublished":"2025-01-16T11:48:44+00:00","dateModified":"2025-01-18T11:49:17+00:00","mainEntityOfPage":{"@id":"https:\/\/lasentinelle.dz\/index.php\/2025\/01\/16\/festival-du-cinema-africain-de-louxor-le-film-frantz-fanon-prime\/"},"wordCount":745,"commentCount":0,"publisher":{"@id":"https:\/\/lasentinelle.dz\/#organization"},"image":{"@id":"https:\/\/lasentinelle.dz\/index.php\/2025\/01\/16\/festival-du-cinema-africain-de-louxor-le-film-frantz-fanon-prime\/#primaryimage"},"thumbnailUrl":"https:\/\/lasentinelle.dz\/wp-content\/uploads\/2025\/01\/affiche.jpeg","articleSection":["Culture"],"inLanguage":"fr-FR","potentialAction":[{"@type":"CommentAction","name":"Comment","target":["https:\/\/lasentinelle.dz\/index.php\/2025\/01\/16\/festival-du-cinema-africain-de-louxor-le-film-frantz-fanon-prime\/#respond"]}]},{"@type":"WebPage","@id":"https:\/\/lasentinelle.dz\/index.php\/2025\/01\/16\/festival-du-cinema-africain-de-louxor-le-film-frantz-fanon-prime\/","url":"https:\/\/lasentinelle.dz\/index.php\/2025\/01\/16\/festival-du-cinema-africain-de-louxor-le-film-frantz-fanon-prime\/","name":"Festival du Cin\u00e9ma Africain de Louxor: Le film \u00ab\u00a0Frantz Fanon\u00a0\u00bb prim\u00e9 - La Sentinelle","isPartOf":{"@id":"https:\/\/lasentinelle.dz\/#website"},"primaryImageOfPage":{"@id":"https:\/\/lasentinelle.dz\/index.php\/2025\/01\/16\/festival-du-cinema-africain-de-louxor-le-film-frantz-fanon-prime\/#primaryimage"},"image":{"@id":"https:\/\/lasentinelle.dz\/index.php\/2025\/01\/16\/festival-du-cinema-africain-de-louxor-le-film-frantz-fanon-prime\/#primaryimage"},"thumbnailUrl":"https:\/\/lasentinelle.dz\/wp-content\/uploads\/2025\/01\/affiche.jpeg","datePublished":"2025-01-16T11:48:44+00:00","dateModified":"2025-01-18T11:49:17+00:00","breadcrumb":{"@id":"https:\/\/lasentinelle.dz\/index.php\/2025\/01\/16\/festival-du-cinema-africain-de-louxor-le-film-frantz-fanon-prime\/#breadcrumb"},"inLanguage":"fr-FR","potentialAction":[{"@type":"ReadAction","target":["https:\/\/lasentinelle.dz\/index.php\/2025\/01\/16\/festival-du-cinema-africain-de-louxor-le-film-frantz-fanon-prime\/"]}]},{"@type":"ImageObject","inLanguage":"fr-FR","@id":"https:\/\/lasentinelle.dz\/index.php\/2025\/01\/16\/festival-du-cinema-africain-de-louxor-le-film-frantz-fanon-prime\/#primaryimage","url":"https:\/\/lasentinelle.dz\/wp-content\/uploads\/2025\/01\/affiche.jpeg","contentUrl":"https:\/\/lasentinelle.dz\/wp-content\/uploads\/2025\/01\/affiche.jpeg","width":949,"height":1384},{"@type":"BreadcrumbList","@id":"https:\/\/lasentinelle.dz\/index.php\/2025\/01\/16\/festival-du-cinema-africain-de-louxor-le-film-frantz-fanon-prime\/#breadcrumb","itemListElement":[{"@type":"ListItem","position":1,"name":"Accueil","item":"https:\/\/lasentinelle.dz\/"},{"@type":"ListItem","position":2,"name":"Festival du Cin\u00e9ma Africain de Louxor: Le film \u00ab\u00a0Frantz Fanon\u00a0\u00bb prim\u00e9"}]},{"@type":"WebSite","@id":"https:\/\/lasentinelle.dz\/#website","url":"https:\/\/lasentinelle.dz\/","name":"La Sentinelle","description":"Quotidien national d&#039;information","publisher":{"@id":"https:\/\/lasentinelle.dz\/#organization"},"potentialAction":[{"@type":"SearchAction","target":{"@type":"EntryPoint","urlTemplate":"https:\/\/lasentinelle.dz\/?s={search_term_string}"},"query-input":{"@type":"PropertyValueSpecification","valueRequired":true,"valueName":"search_term_string"}}],"inLanguage":"fr-FR"},{"@type":"Organization","@id":"https:\/\/lasentinelle.dz\/#organization","name":"Quotidien La Sentinelle","url":"https:\/\/lasentinelle.dz\/","logo":{"@type":"ImageObject","inLanguage":"fr-FR","@id":"https:\/\/lasentinelle.dz\/#\/schema\/logo\/image\/","url":"https:\/\/lasentinelle.dz\/wp-content\/uploads\/2021\/09\/logo-sentinelleSLOGAN-1.png","contentUrl":"https:\/\/lasentinelle.dz\/wp-content\/uploads\/2021\/09\/logo-sentinelleSLOGAN-1.png","width":615,"height":142,"caption":"Quotidien La Sentinelle"},"image":{"@id":"https:\/\/lasentinelle.dz\/#\/schema\/logo\/image\/"},"sameAs":["https:\/\/www.facebook.com\/La-Sentinelle-104059864394773"]},{"@type":"Person","@id":"https:\/\/lasentinelle.dz\/#\/schema\/person\/729ee0024f24e0b8c5ec17232f8e8b41","name":"admin","image":{"@type":"ImageObject","inLanguage":"fr-FR","@id":"https:\/\/secure.gravatar.com\/avatar\/4c81fed838786e9b53f540bf46533e750f5d292099ae3b66cfc6fb1982e29df7?s=96&d=mm&r=g","url":"https:\/\/secure.gravatar.com\/avatar\/4c81fed838786e9b53f540bf46533e750f5d292099ae3b66cfc6fb1982e29df7?s=96&d=mm&r=g","contentUrl":"https:\/\/secure.gravatar.com\/avatar\/4c81fed838786e9b53f540bf46533e750f5d292099ae3b66cfc6fb1982e29df7?s=96&d=mm&r=g","caption":"admin"},"description":"admin","url":"https:\/\/lasentinelle.dz\/author\/admin\/"}]}},"_links":{"self":[{"href":"https:\/\/lasentinelle.dz\/index.php\/wp-json\/wp\/v2\/posts\/61712","targetHints":{"allow":["GET"]}}],"collection":[{"href":"https:\/\/lasentinelle.dz\/index.php\/wp-json\/wp\/v2\/posts"}],"about":[{"href":"https:\/\/lasentinelle.dz\/index.php\/wp-json\/wp\/v2\/types\/post"}],"author":[{"embeddable":true,"href":"https:\/\/lasentinelle.dz\/index.php\/wp-json\/wp\/v2\/users\/6"}],"replies":[{"embeddable":true,"href":"https:\/\/lasentinelle.dz\/index.php\/wp-json\/wp\/v2\/comments?post=61712"}],"version-history":[{"count":2,"href":"https:\/\/lasentinelle.dz\/index.php\/wp-json\/wp\/v2\/posts\/61712\/revisions"}],"predecessor-version":[{"id":61715,"href":"https:\/\/lasentinelle.dz\/index.php\/wp-json\/wp\/v2\/posts\/61712\/revisions\/61715"}],"wp:featuredmedia":[{"embeddable":true,"href":"https:\/\/lasentinelle.dz\/index.php\/wp-json\/wp\/v2\/media\/61713"}],"wp:attachment":[{"href":"https:\/\/lasentinelle.dz\/index.php\/wp-json\/wp\/v2\/media?parent=61712"}],"wp:term":[{"taxonomy":"category","embeddable":true,"href":"https:\/\/lasentinelle.dz\/index.php\/wp-json\/wp\/v2\/categories?post=61712"},{"taxonomy":"post_tag","embeddable":true,"href":"https:\/\/lasentinelle.dz\/index.php\/wp-json\/wp\/v2\/tags?post=61712"}],"curies":[{"name":"wp","href":"https:\/\/api.w.org\/{rel}","templated":true}]}}