{"id":61716,"date":"2025-01-16T12:49:39","date_gmt":"2025-01-16T11:49:39","guid":{"rendered":"https:\/\/lasentinelle.dz\/?p=61716"},"modified":"2025-01-18T12:50:05","modified_gmt":"2025-01-18T11:50:05","slug":"le-cnja-denonce-les-derives-de-lunion-generale-des-journalistes-arabes-sur-la-question-sahraouie","status":"publish","type":"post","link":"https:\/\/lasentinelle.dz\/index.php\/2025\/01\/16\/le-cnja-denonce-les-derives-de-lunion-generale-des-journalistes-arabes-sur-la-question-sahraouie\/","title":{"rendered":"Le CNJA d\u00e9nonce les d\u00e9rives de l&rsquo;Union G\u00e9n\u00e9rale des Journalistes Arabes sur la question sahraouie"},"content":{"rendered":"\n<p>Le Conseil National des Journalistes Alg\u00e9riens (CNJA) a publi\u00e9 un communiqu\u00e9 exprimant sa ferme opposition \u00e0 la d\u00e9rive de l&rsquo;Union G\u00e9n\u00e9rale des Journalistes Arabes (UGJA) lors de sa derni\u00e8re r\u00e9union \u00e0 Duba\u00ef. Le CNJA condamne notamment le soutien apport\u00e9 par l&rsquo;UGJA au plan s coloniaux du Maroc et au \u00ab projet d&rsquo;autonomie dans le cadre de la souverainet\u00e9 marocaine suppos\u00e9e \u00bb, qu&rsquo;elle souligne comme \u00e9tant de violation des principes fondamentaux du droit international. &nbsp;Le CNJA rappelle avec force que la question du Sahara occidental rel\u00e8ve d&rsquo;un processus de d\u00e9colonisation, conform\u00e9ment aux r\u00e9solutions des Nations Unies, et non d&rsquo;un simple diff\u00e9rend territorial. L&rsquo;organisation s&rsquo;appuie notamment sur les \u00ab r\u00e9solutions 1514 et 1541 \u00bb ainsi que sur l&rsquo;avis consultatif de la Cour internationale de justice de 1975, qui a \u00e9tabli \u00ab qu&rsquo;il n&rsquo;existe aucun lien juridique entre le Sahara occidental et le Maroc susceptible de remettre en cause le droit du peuple sahraoui \u00e0 l&rsquo;autod\u00e9termination \u00bb. Dans son communiqu\u00e9, le CNJA interpelle directement l&rsquo;UGJA sur son devoir de neutralit\u00e9 et d&rsquo;ind\u00e9pendance dans le traitement des questions internationales. Il souligne qu&rsquo;une organisation professionnelle de journalistes ne devrait pas prendre position sur des sujets politiques sensibles au risque de compromettre la cr\u00e9dibilit\u00e9 du travail journalistique et l&rsquo;unit\u00e9 du monde arabe. Le Conseil met en garde contre tout soutien \u00e0 des \u00ab projets contraires au droit international \u00bb qui ne feraient qu&rsquo;exacerber les divisions r\u00e9gionales. Le CNJA \u00e9largit ensuite son propos \u00e0 la communaut\u00e9 internationale, soulignant que la question sahraouie est un test crucial pour la cr\u00e9dibilit\u00e9 du syst\u00e8me international et le respect des droits humains. L&rsquo;organisation appelle les institutions internationales, notamment \u00ab les Nations Unies, la F\u00e9d\u00e9ration Internationale des Journalistes et Reporters sans Fronti\u00e8res \u00bb, \u00e0 s&rsquo;opposer clairement \u00e0 toute initiative compromettant les droits des peuples et le droit international. Le communiqu\u00e9 r\u00e9affirme la solidarit\u00e9 totale du CNJA avec le peuple sahraoui dans sa \u00ab lutte l\u00e9gitime pour la libert\u00e9 et l&rsquo;ind\u00e9pendance \u00bb. Il invite l&rsquo;ensemble des journalistes du monde \u00e0 soutenir cette cause, rappelant que l&rsquo;histoire a d\u00e9montr\u00e9 la capacit\u00e9 des peuples \u00e0 conqu\u00e9rir leur ind\u00e9pendance malgr\u00e9 les obstacles. En conclusion, le CNJA exhorte la communaut\u00e9 internationale \u00e0 agir pour l&rsquo;application des r\u00e9solutions onusiennes et l&rsquo;organisation d&rsquo;un r\u00e9f\u00e9rendum permettant au peuple sahraoui d&rsquo;exercer son droit \u00e0 l&rsquo;autod\u00e9termination, pr\u00e9sentant cette question non plus comme un enjeu r\u00e9gional mais comme une cause humanitaire fondamentale.<\/p>\n\n\n\n<p>R.I.<\/p>\n","protected":false},"excerpt":{"rendered":"<p>Le Conseil National des Journalistes Alg\u00e9riens (CNJA) a publi\u00e9 un communiqu\u00e9 exprimant sa ferme opposition \u00e0 la d\u00e9rive de l&rsquo;Union<\/p>\n","protected":false},"author":6,"featured_media":57408,"comment_status":"open","ping_status":"closed","sticky":false,"template":"","format":"standard","meta":{"colormag_page_container_layout":"default_layout","colormag_page_sidebar_layout":"default_layout","om_disable_all_campaigns":false,"_monsterinsights_skip_tracking":false,"_monsterinsights_sitenote_active":false,"_monsterinsights_sitenote_note":"","_monsterinsights_sitenote_category":0,"footnotes":"","_wpscppro_dont_share_socialmedia":false,"_wpscppro_custom_social_share_image":0,"_facebook_share_type":"default","_twitter_share_type":"default","_linkedin_share_type":"default","_pinterest_share_type":"default","_linkedin_share_type_page":"","_instagram_share_type":"default","_medium_share_type":"default","_threads_share_type":"","_google_business_share_type":"","_selected_social_profile":[],"_wpsp_enable_custom_social_template":false,"_wpsp_social_scheduling":{"enabled":false,"datetime":null,"platforms":[],"status":"template_only","dateOption":"today","timeOption":"now","customDays":"","customHours":"","customDate":"","customTime":"","schedulingType":"absolute"},"_wpsp_active_default_template":true},"categories":[37],"tags":[],"class_list":["post-61716","post","type-post","status-publish","format-standard","has-post-thumbnail","hentry","category-monde"],"aioseo_notices":[],"yoast_head":"<!-- This site is optimized with the Yoast SEO plugin v27.5 - https:\/\/yoast.com\/product\/yoast-seo-wordpress\/ -->\n<title>Le CNJA d\u00e9nonce les d\u00e9rives de l&rsquo;Union G\u00e9n\u00e9rale des Journalistes Arabes sur la question sahraouie - La Sentinelle<\/title>\n<meta name=\"robots\" content=\"index, follow, max-snippet:-1, max-image-preview:large, max-video-preview:-1\" \/>\n<link rel=\"canonical\" href=\"https:\/\/lasentinelle.dz\/index.php\/2025\/01\/16\/le-cnja-denonce-les-derives-de-lunion-generale-des-journalistes-arabes-sur-la-question-sahraouie\/\" \/>\n<meta property=\"og:locale\" content=\"fr_FR\" \/>\n<meta property=\"og:type\" content=\"article\" \/>\n<meta property=\"og:title\" content=\"Le CNJA d\u00e9nonce les d\u00e9rives de l&rsquo;Union G\u00e9n\u00e9rale des Journalistes Arabes sur la question sahraouie - La Sentinelle\" \/>\n<meta property=\"og:description\" content=\"Le Conseil National des Journalistes Alg\u00e9riens (CNJA) a publi\u00e9 un communiqu\u00e9 exprimant sa ferme opposition \u00e0 la d\u00e9rive de l&rsquo;Union\" \/>\n<meta property=\"og:url\" content=\"https:\/\/lasentinelle.dz\/index.php\/2025\/01\/16\/le-cnja-denonce-les-derives-de-lunion-generale-des-journalistes-arabes-sur-la-question-sahraouie\/\" \/>\n<meta property=\"og:site_name\" content=\"La Sentinelle\" \/>\n<meta property=\"article:publisher\" content=\"https:\/\/www.facebook.com\/La-Sentinelle-104059864394773\" \/>\n<meta property=\"article:published_time\" content=\"2025-01-16T11:49:39+00:00\" \/>\n<meta property=\"article:modified_time\" content=\"2025-01-18T11:50:05+00:00\" \/>\n<meta property=\"og:image\" content=\"https:\/\/lasentinelle.dz\/wp-content\/uploads\/2024\/09\/sahara-occidental.jpg\" \/>\n\t<meta property=\"og:image:width\" content=\"580\" \/>\n\t<meta property=\"og:image:height\" content=\"350\" \/>\n\t<meta property=\"og:image:type\" content=\"image\/jpeg\" \/>\n<meta name=\"author\" content=\"admin\" \/>\n<meta name=\"twitter:card\" content=\"summary_large_image\" \/>\n<meta name=\"twitter:label1\" content=\"\u00c9crit par\" \/>\n\t<meta name=\"twitter:data1\" content=\"admin\" \/>\n\t<meta name=\"twitter:label2\" content=\"Dur\u00e9e de lecture estim\u00e9e\" \/>\n\t<meta name=\"twitter:data2\" content=\"3 minutes\" \/>\n<script type=\"application\/ld+json\" class=\"yoast-schema-graph\">{\"@context\":\"https:\\\/\\\/schema.org\",\"@graph\":[{\"@type\":\"Article\",\"@id\":\"https:\\\/\\\/lasentinelle.dz\\\/index.php\\\/2025\\\/01\\\/16\\\/le-cnja-denonce-les-derives-de-lunion-generale-des-journalistes-arabes-sur-la-question-sahraouie\\\/#article\",\"isPartOf\":{\"@id\":\"https:\\\/\\\/lasentinelle.dz\\\/index.php\\\/2025\\\/01\\\/16\\\/le-cnja-denonce-les-derives-de-lunion-generale-des-journalistes-arabes-sur-la-question-sahraouie\\\/\"},\"author\":{\"name\":\"admin\",\"@id\":\"https:\\\/\\\/lasentinelle.dz\\\/#\\\/schema\\\/person\\\/729ee0024f24e0b8c5ec17232f8e8b41\"},\"headline\":\"Le CNJA d\u00e9nonce les d\u00e9rives de l&rsquo;Union G\u00e9n\u00e9rale des Journalistes Arabes sur la question sahraouie\",\"datePublished\":\"2025-01-16T11:49:39+00:00\",\"dateModified\":\"2025-01-18T11:50:05+00:00\",\"mainEntityOfPage\":{\"@id\":\"https:\\\/\\\/lasentinelle.dz\\\/index.php\\\/2025\\\/01\\\/16\\\/le-cnja-denonce-les-derives-de-lunion-generale-des-journalistes-arabes-sur-la-question-sahraouie\\\/\"},\"wordCount\":448,\"commentCount\":0,\"publisher\":{\"@id\":\"https:\\\/\\\/lasentinelle.dz\\\/#organization\"},\"image\":{\"@id\":\"https:\\\/\\\/lasentinelle.dz\\\/index.php\\\/2025\\\/01\\\/16\\\/le-cnja-denonce-les-derives-de-lunion-generale-des-journalistes-arabes-sur-la-question-sahraouie\\\/#primaryimage\"},\"thumbnailUrl\":\"https:\\\/\\\/lasentinelle.dz\\\/wp-content\\\/uploads\\\/2024\\\/09\\\/sahara-occidental.jpg\",\"articleSection\":[\"Monde\"],\"inLanguage\":\"fr-FR\",\"potentialAction\":[{\"@type\":\"CommentAction\",\"name\":\"Comment\",\"target\":[\"https:\\\/\\\/lasentinelle.dz\\\/index.php\\\/2025\\\/01\\\/16\\\/le-cnja-denonce-les-derives-de-lunion-generale-des-journalistes-arabes-sur-la-question-sahraouie\\\/#respond\"]}]},{\"@type\":\"WebPage\",\"@id\":\"https:\\\/\\\/lasentinelle.dz\\\/index.php\\\/2025\\\/01\\\/16\\\/le-cnja-denonce-les-derives-de-lunion-generale-des-journalistes-arabes-sur-la-question-sahraouie\\\/\",\"url\":\"https:\\\/\\\/lasentinelle.dz\\\/index.php\\\/2025\\\/01\\\/16\\\/le-cnja-denonce-les-derives-de-lunion-generale-des-journalistes-arabes-sur-la-question-sahraouie\\\/\",\"name\":\"Le CNJA d\u00e9nonce les d\u00e9rives de l&rsquo;Union G\u00e9n\u00e9rale des Journalistes Arabes sur la question sahraouie - La Sentinelle\",\"isPartOf\":{\"@id\":\"https:\\\/\\\/lasentinelle.dz\\\/#website\"},\"primaryImageOfPage\":{\"@id\":\"https:\\\/\\\/lasentinelle.dz\\\/index.php\\\/2025\\\/01\\\/16\\\/le-cnja-denonce-les-derives-de-lunion-generale-des-journalistes-arabes-sur-la-question-sahraouie\\\/#primaryimage\"},\"image\":{\"@id\":\"https:\\\/\\\/lasentinelle.dz\\\/index.php\\\/2025\\\/01\\\/16\\\/le-cnja-denonce-les-derives-de-lunion-generale-des-journalistes-arabes-sur-la-question-sahraouie\\\/#primaryimage\"},\"thumbnailUrl\":\"https:\\\/\\\/lasentinelle.dz\\\/wp-content\\\/uploads\\\/2024\\\/09\\\/sahara-occidental.jpg\",\"datePublished\":\"2025-01-16T11:49:39+00:00\",\"dateModified\":\"2025-01-18T11:50:05+00:00\",\"breadcrumb\":{\"@id\":\"https:\\\/\\\/lasentinelle.dz\\\/index.php\\\/2025\\\/01\\\/16\\\/le-cnja-denonce-les-derives-de-lunion-generale-des-journalistes-arabes-sur-la-question-sahraouie\\\/#breadcrumb\"},\"inLanguage\":\"fr-FR\",\"potentialAction\":[{\"@type\":\"ReadAction\",\"target\":[\"https:\\\/\\\/lasentinelle.dz\\\/index.php\\\/2025\\\/01\\\/16\\\/le-cnja-denonce-les-derives-de-lunion-generale-des-journalistes-arabes-sur-la-question-sahraouie\\\/\"]}]},{\"@type\":\"ImageObject\",\"inLanguage\":\"fr-FR\",\"@id\":\"https:\\\/\\\/lasentinelle.dz\\\/index.php\\\/2025\\\/01\\\/16\\\/le-cnja-denonce-les-derives-de-lunion-generale-des-journalistes-arabes-sur-la-question-sahraouie\\\/#primaryimage\",\"url\":\"https:\\\/\\\/lasentinelle.dz\\\/wp-content\\\/uploads\\\/2024\\\/09\\\/sahara-occidental.jpg\",\"contentUrl\":\"https:\\\/\\\/lasentinelle.dz\\\/wp-content\\\/uploads\\\/2024\\\/09\\\/sahara-occidental.jpg\",\"width\":580,\"height\":350},{\"@type\":\"BreadcrumbList\",\"@id\":\"https:\\\/\\\/lasentinelle.dz\\\/index.php\\\/2025\\\/01\\\/16\\\/le-cnja-denonce-les-derives-de-lunion-generale-des-journalistes-arabes-sur-la-question-sahraouie\\\/#breadcrumb\",\"itemListElement\":[{\"@type\":\"ListItem\",\"position\":1,\"name\":\"Accueil\",\"item\":\"https:\\\/\\\/lasentinelle.dz\\\/\"},{\"@type\":\"ListItem\",\"position\":2,\"name\":\"Le CNJA d\u00e9nonce les d\u00e9rives de l&rsquo;Union G\u00e9n\u00e9rale des Journalistes Arabes sur la question sahraouie\"}]},{\"@type\":\"WebSite\",\"@id\":\"https:\\\/\\\/lasentinelle.dz\\\/#website\",\"url\":\"https:\\\/\\\/lasentinelle.dz\\\/\",\"name\":\"La Sentinelle\",\"description\":\"Quotidien national d&#039;information\",\"publisher\":{\"@id\":\"https:\\\/\\\/lasentinelle.dz\\\/#organization\"},\"potentialAction\":[{\"@type\":\"SearchAction\",\"target\":{\"@type\":\"EntryPoint\",\"urlTemplate\":\"https:\\\/\\\/lasentinelle.dz\\\/?s={search_term_string}\"},\"query-input\":{\"@type\":\"PropertyValueSpecification\",\"valueRequired\":true,\"valueName\":\"search_term_string\"}}],\"inLanguage\":\"fr-FR\"},{\"@type\":\"Organization\",\"@id\":\"https:\\\/\\\/lasentinelle.dz\\\/#organization\",\"name\":\"Quotidien La Sentinelle\",\"url\":\"https:\\\/\\\/lasentinelle.dz\\\/\",\"logo\":{\"@type\":\"ImageObject\",\"inLanguage\":\"fr-FR\",\"@id\":\"https:\\\/\\\/lasentinelle.dz\\\/#\\\/schema\\\/logo\\\/image\\\/\",\"url\":\"https:\\\/\\\/lasentinelle.dz\\\/wp-content\\\/uploads\\\/2021\\\/09\\\/logo-sentinelleSLOGAN-1.png\",\"contentUrl\":\"https:\\\/\\\/lasentinelle.dz\\\/wp-content\\\/uploads\\\/2021\\\/09\\\/logo-sentinelleSLOGAN-1.png\",\"width\":615,\"height\":142,\"caption\":\"Quotidien La Sentinelle\"},\"image\":{\"@id\":\"https:\\\/\\\/lasentinelle.dz\\\/#\\\/schema\\\/logo\\\/image\\\/\"},\"sameAs\":[\"https:\\\/\\\/www.facebook.com\\\/La-Sentinelle-104059864394773\"]},{\"@type\":\"Person\",\"@id\":\"https:\\\/\\\/lasentinelle.dz\\\/#\\\/schema\\\/person\\\/729ee0024f24e0b8c5ec17232f8e8b41\",\"name\":\"admin\",\"image\":{\"@type\":\"ImageObject\",\"inLanguage\":\"fr-FR\",\"@id\":\"https:\\\/\\\/secure.gravatar.com\\\/avatar\\\/4c81fed838786e9b53f540bf46533e750f5d292099ae3b66cfc6fb1982e29df7?s=96&d=mm&r=g\",\"url\":\"https:\\\/\\\/secure.gravatar.com\\\/avatar\\\/4c81fed838786e9b53f540bf46533e750f5d292099ae3b66cfc6fb1982e29df7?s=96&d=mm&r=g\",\"contentUrl\":\"https:\\\/\\\/secure.gravatar.com\\\/avatar\\\/4c81fed838786e9b53f540bf46533e750f5d292099ae3b66cfc6fb1982e29df7?s=96&d=mm&r=g\",\"caption\":\"admin\"},\"description\":\"admin\",\"url\":\"https:\\\/\\\/lasentinelle.dz\\\/author\\\/admin\\\/\"}]}<\/script>\n<!-- \/ Yoast SEO plugin. -->","yoast_head_json":{"title":"Le CNJA d\u00e9nonce les d\u00e9rives de l&rsquo;Union G\u00e9n\u00e9rale des Journalistes Arabes sur la question sahraouie - La Sentinelle","robots":{"index":"index","follow":"follow","max-snippet":"max-snippet:-1","max-image-preview":"max-image-preview:large","max-video-preview":"max-video-preview:-1"},"canonical":"https:\/\/lasentinelle.dz\/index.php\/2025\/01\/16\/le-cnja-denonce-les-derives-de-lunion-generale-des-journalistes-arabes-sur-la-question-sahraouie\/","og_locale":"fr_FR","og_type":"article","og_title":"Le CNJA d\u00e9nonce les d\u00e9rives de l&rsquo;Union G\u00e9n\u00e9rale des Journalistes Arabes sur la question sahraouie - La Sentinelle","og_description":"Le Conseil National des Journalistes Alg\u00e9riens (CNJA) a publi\u00e9 un communiqu\u00e9 exprimant sa ferme opposition \u00e0 la d\u00e9rive de l&rsquo;Union","og_url":"https:\/\/lasentinelle.dz\/index.php\/2025\/01\/16\/le-cnja-denonce-les-derives-de-lunion-generale-des-journalistes-arabes-sur-la-question-sahraouie\/","og_site_name":"La Sentinelle","article_publisher":"https:\/\/www.facebook.com\/La-Sentinelle-104059864394773","article_published_time":"2025-01-16T11:49:39+00:00","article_modified_time":"2025-01-18T11:50:05+00:00","og_image":[{"width":580,"height":350,"url":"https:\/\/lasentinelle.dz\/wp-content\/uploads\/2024\/09\/sahara-occidental.jpg","type":"image\/jpeg"}],"author":"admin","twitter_card":"summary_large_image","twitter_misc":{"\u00c9crit par":"admin","Dur\u00e9e de lecture estim\u00e9e":"3 minutes"},"schema":{"@context":"https:\/\/schema.org","@graph":[{"@type":"Article","@id":"https:\/\/lasentinelle.dz\/index.php\/2025\/01\/16\/le-cnja-denonce-les-derives-de-lunion-generale-des-journalistes-arabes-sur-la-question-sahraouie\/#article","isPartOf":{"@id":"https:\/\/lasentinelle.dz\/index.php\/2025\/01\/16\/le-cnja-denonce-les-derives-de-lunion-generale-des-journalistes-arabes-sur-la-question-sahraouie\/"},"author":{"name":"admin","@id":"https:\/\/lasentinelle.dz\/#\/schema\/person\/729ee0024f24e0b8c5ec17232f8e8b41"},"headline":"Le CNJA d\u00e9nonce les d\u00e9rives de l&rsquo;Union G\u00e9n\u00e9rale des Journalistes Arabes sur la question sahraouie","datePublished":"2025-01-16T11:49:39+00:00","dateModified":"2025-01-18T11:50:05+00:00","mainEntityOfPage":{"@id":"https:\/\/lasentinelle.dz\/index.php\/2025\/01\/16\/le-cnja-denonce-les-derives-de-lunion-generale-des-journalistes-arabes-sur-la-question-sahraouie\/"},"wordCount":448,"commentCount":0,"publisher":{"@id":"https:\/\/lasentinelle.dz\/#organization"},"image":{"@id":"https:\/\/lasentinelle.dz\/index.php\/2025\/01\/16\/le-cnja-denonce-les-derives-de-lunion-generale-des-journalistes-arabes-sur-la-question-sahraouie\/#primaryimage"},"thumbnailUrl":"https:\/\/lasentinelle.dz\/wp-content\/uploads\/2024\/09\/sahara-occidental.jpg","articleSection":["Monde"],"inLanguage":"fr-FR","potentialAction":[{"@type":"CommentAction","name":"Comment","target":["https:\/\/lasentinelle.dz\/index.php\/2025\/01\/16\/le-cnja-denonce-les-derives-de-lunion-generale-des-journalistes-arabes-sur-la-question-sahraouie\/#respond"]}]},{"@type":"WebPage","@id":"https:\/\/lasentinelle.dz\/index.php\/2025\/01\/16\/le-cnja-denonce-les-derives-de-lunion-generale-des-journalistes-arabes-sur-la-question-sahraouie\/","url":"https:\/\/lasentinelle.dz\/index.php\/2025\/01\/16\/le-cnja-denonce-les-derives-de-lunion-generale-des-journalistes-arabes-sur-la-question-sahraouie\/","name":"Le CNJA d\u00e9nonce les d\u00e9rives de l&rsquo;Union G\u00e9n\u00e9rale des Journalistes Arabes sur la question sahraouie - La Sentinelle","isPartOf":{"@id":"https:\/\/lasentinelle.dz\/#website"},"primaryImageOfPage":{"@id":"https:\/\/lasentinelle.dz\/index.php\/2025\/01\/16\/le-cnja-denonce-les-derives-de-lunion-generale-des-journalistes-arabes-sur-la-question-sahraouie\/#primaryimage"},"image":{"@id":"https:\/\/lasentinelle.dz\/index.php\/2025\/01\/16\/le-cnja-denonce-les-derives-de-lunion-generale-des-journalistes-arabes-sur-la-question-sahraouie\/#primaryimage"},"thumbnailUrl":"https:\/\/lasentinelle.dz\/wp-content\/uploads\/2024\/09\/sahara-occidental.jpg","datePublished":"2025-01-16T11:49:39+00:00","dateModified":"2025-01-18T11:50:05+00:00","breadcrumb":{"@id":"https:\/\/lasentinelle.dz\/index.php\/2025\/01\/16\/le-cnja-denonce-les-derives-de-lunion-generale-des-journalistes-arabes-sur-la-question-sahraouie\/#breadcrumb"},"inLanguage":"fr-FR","potentialAction":[{"@type":"ReadAction","target":["https:\/\/lasentinelle.dz\/index.php\/2025\/01\/16\/le-cnja-denonce-les-derives-de-lunion-generale-des-journalistes-arabes-sur-la-question-sahraouie\/"]}]},{"@type":"ImageObject","inLanguage":"fr-FR","@id":"https:\/\/lasentinelle.dz\/index.php\/2025\/01\/16\/le-cnja-denonce-les-derives-de-lunion-generale-des-journalistes-arabes-sur-la-question-sahraouie\/#primaryimage","url":"https:\/\/lasentinelle.dz\/wp-content\/uploads\/2024\/09\/sahara-occidental.jpg","contentUrl":"https:\/\/lasentinelle.dz\/wp-content\/uploads\/2024\/09\/sahara-occidental.jpg","width":580,"height":350},{"@type":"BreadcrumbList","@id":"https:\/\/lasentinelle.dz\/index.php\/2025\/01\/16\/le-cnja-denonce-les-derives-de-lunion-generale-des-journalistes-arabes-sur-la-question-sahraouie\/#breadcrumb","itemListElement":[{"@type":"ListItem","position":1,"name":"Accueil","item":"https:\/\/lasentinelle.dz\/"},{"@type":"ListItem","position":2,"name":"Le CNJA d\u00e9nonce les d\u00e9rives de l&rsquo;Union G\u00e9n\u00e9rale des Journalistes Arabes sur la question sahraouie"}]},{"@type":"WebSite","@id":"https:\/\/lasentinelle.dz\/#website","url":"https:\/\/lasentinelle.dz\/","name":"La Sentinelle","description":"Quotidien national d&#039;information","publisher":{"@id":"https:\/\/lasentinelle.dz\/#organization"},"potentialAction":[{"@type":"SearchAction","target":{"@type":"EntryPoint","urlTemplate":"https:\/\/lasentinelle.dz\/?s={search_term_string}"},"query-input":{"@type":"PropertyValueSpecification","valueRequired":true,"valueName":"search_term_string"}}],"inLanguage":"fr-FR"},{"@type":"Organization","@id":"https:\/\/lasentinelle.dz\/#organization","name":"Quotidien La Sentinelle","url":"https:\/\/lasentinelle.dz\/","logo":{"@type":"ImageObject","inLanguage":"fr-FR","@id":"https:\/\/lasentinelle.dz\/#\/schema\/logo\/image\/","url":"https:\/\/lasentinelle.dz\/wp-content\/uploads\/2021\/09\/logo-sentinelleSLOGAN-1.png","contentUrl":"https:\/\/lasentinelle.dz\/wp-content\/uploads\/2021\/09\/logo-sentinelleSLOGAN-1.png","width":615,"height":142,"caption":"Quotidien La Sentinelle"},"image":{"@id":"https:\/\/lasentinelle.dz\/#\/schema\/logo\/image\/"},"sameAs":["https:\/\/www.facebook.com\/La-Sentinelle-104059864394773"]},{"@type":"Person","@id":"https:\/\/lasentinelle.dz\/#\/schema\/person\/729ee0024f24e0b8c5ec17232f8e8b41","name":"admin","image":{"@type":"ImageObject","inLanguage":"fr-FR","@id":"https:\/\/secure.gravatar.com\/avatar\/4c81fed838786e9b53f540bf46533e750f5d292099ae3b66cfc6fb1982e29df7?s=96&d=mm&r=g","url":"https:\/\/secure.gravatar.com\/avatar\/4c81fed838786e9b53f540bf46533e750f5d292099ae3b66cfc6fb1982e29df7?s=96&d=mm&r=g","contentUrl":"https:\/\/secure.gravatar.com\/avatar\/4c81fed838786e9b53f540bf46533e750f5d292099ae3b66cfc6fb1982e29df7?s=96&d=mm&r=g","caption":"admin"},"description":"admin","url":"https:\/\/lasentinelle.dz\/author\/admin\/"}]}},"_links":{"self":[{"href":"https:\/\/lasentinelle.dz\/index.php\/wp-json\/wp\/v2\/posts\/61716","targetHints":{"allow":["GET"]}}],"collection":[{"href":"https:\/\/lasentinelle.dz\/index.php\/wp-json\/wp\/v2\/posts"}],"about":[{"href":"https:\/\/lasentinelle.dz\/index.php\/wp-json\/wp\/v2\/types\/post"}],"author":[{"embeddable":true,"href":"https:\/\/lasentinelle.dz\/index.php\/wp-json\/wp\/v2\/users\/6"}],"replies":[{"embeddable":true,"href":"https:\/\/lasentinelle.dz\/index.php\/wp-json\/wp\/v2\/comments?post=61716"}],"version-history":[{"count":2,"href":"https:\/\/lasentinelle.dz\/index.php\/wp-json\/wp\/v2\/posts\/61716\/revisions"}],"predecessor-version":[{"id":61718,"href":"https:\/\/lasentinelle.dz\/index.php\/wp-json\/wp\/v2\/posts\/61716\/revisions\/61718"}],"wp:featuredmedia":[{"embeddable":true,"href":"https:\/\/lasentinelle.dz\/index.php\/wp-json\/wp\/v2\/media\/57408"}],"wp:attachment":[{"href":"https:\/\/lasentinelle.dz\/index.php\/wp-json\/wp\/v2\/media?parent=61716"}],"wp:term":[{"taxonomy":"category","embeddable":true,"href":"https:\/\/lasentinelle.dz\/index.php\/wp-json\/wp\/v2\/categories?post=61716"},{"taxonomy":"post_tag","embeddable":true,"href":"https:\/\/lasentinelle.dz\/index.php\/wp-json\/wp\/v2\/tags?post=61716"}],"curies":[{"name":"wp","href":"https:\/\/api.w.org\/{rel}","templated":true}]}}