{"id":61723,"date":"2025-01-16T12:54:31","date_gmt":"2025-01-16T11:54:31","guid":{"rendered":"https:\/\/lasentinelle.dz\/?p=61723"},"modified":"2025-01-18T12:55:02","modified_gmt":"2025-01-18T11:55:02","slug":"annaba-un-greffier-place-sous-controle-judiciaire","status":"publish","type":"post","link":"https:\/\/lasentinelle.dz\/index.php\/2025\/01\/16\/annaba-un-greffier-place-sous-controle-judiciaire\/","title":{"rendered":"Annaba : Un greffier plac\u00e9 sous contr\u00f4le judiciaire"},"content":{"rendered":"\n<p>Soup\u00e7onn\u00e9 d\u2019\u00eatre impliqu\u00e9 dans le vol de kif saisi et plac\u00e9, dans le service des saisies relevant du tribunal d\u2019El Hadjar, un greffier a \u00e9t\u00e9 plac\u00e9, en fin de semaine \u00e9coul\u00e9e, sous contr\u00f4le judiciaire, par le juge d\u2019instruction pr\u00e8s le tribunal d\u2019El Hadjar, nous confie une source judiciaire. Selon celle-ci, le suspect a fait l\u2019objet d\u2019une instruction qui a dur\u00e9 tr\u00e8s tard dans la nuit de jeudi \u00e0 vendredi derniers, dans le cadre de cette affaire, dont l\u2019enqu\u00eate est toujours en cours. Lors des auditions respectives du procureur de la R\u00e9publique et le juge d\u2019instruction relevant de la m\u00eame instance de justice, le pr\u00e9venu \u00e2g\u00e9 de 47 ans a r\u00e9fut\u00e9 en bloc l\u2019accusation niant avoir acc\u00e9d\u00e9 au service des saisies, a ajout\u00e9 la m\u00eame source. Celle-ci a fait savoir que les op\u00e9rations de fouille et de perquisition op\u00e9r\u00e9es dans le t\u00e9l\u00e9phone portable et le domicile du pr\u00e9venu, ont \u00e9t\u00e9 respectivement n\u00e9gatives. M\u00eame son v\u00e9hicule pass\u00e9 au peigne fin par un chien renifleur de la brigade canine, n\u2019a rien r\u00e9v\u00e9l\u00e9. La mise \u00e0 nu de cette affaire, selon les informations apport\u00e9es par la m\u00eame source, fait suite \u00e0 une op\u00e9ration de routine portant la destruction, conform\u00e9ment aux lois r\u00e9gissant ce type d\u2019op\u00e9rations, du kif plac\u00e9 dans le service des saisies au tribunal d\u2019El Hadjar. Or, le processus de pesage des 52 kg de kif destin\u00e9s \u00e0 la destruction, a r\u00e9v\u00e9l\u00e9 un manque de 800 g dans la quantit\u00e9 globale de kif, nous dit-on. Les 52 kg de kif trait\u00e9 ont \u00e9t\u00e9 saisis, a rappel\u00e9 notre source, par les \u00e9l\u00e9ments de la s\u00fbret\u00e9 de da\u00efra d\u2019El Bouni, lors d\u2019une op\u00e9ration de lutte contre le trafic illicite de drogue. Apr\u00e8s l\u2019ach\u00e8vement des proc\u00e9dures judiciaires et juridiques, de deux narcotrafiquants qui ont \u00e9t\u00e9 plac\u00e9s en d\u00e9tention, les 52 kg de kif saisis ont \u00e9t\u00e9 plac\u00e9s dans le service des saisies au tribunal d\u2019El Hadjar. Par ailleurs, notre source a fait savoir que les services de la s\u00fbret\u00e9 de wilaya d\u2019Annaba ont \u00e9t\u00e9 inform\u00e9s du manque dans la quantit\u00e9 de la substance narcotique. Une enqu\u00eate a \u00e9t\u00e9 ouverte pour d\u00e9terminer les circonstances de ce vol et identifier l\u2019auteur. Visionnant les cam\u00e9ras de surveillance, les enqu\u00eateurs ont remarqu\u00e9 un individu se faufilant au tribunal d\u2019El Hadjar, \u00e0 7h du matin, entre les travailleurs et les employ\u00e9s du tribunal, a expliqu\u00e9 notre source. L&rsquo;homme, dont le visage \u00e9tait masqu\u00e9, s\u2019est introduit au service des saisies, usant d\u2019un double de cl\u00e9s. Le premier suspect est le greffier qui, selon la m\u00eame source, exerce cette fonction depuis 21 ans. L\u2019\u00e9cho de cette affaire a retentit jusqu\u2019au minist\u00e8re de la justice qui, a-t-on confi\u00e9, d\u00e9p\u00each\u00e9 une commission pour enqu\u00eater sur cette affaire. En attendant l\u2019aboutissement de l\u2019enqu\u00eate, il est utile de rappeler qu\u2019un vol similaire a \u00e9t\u00e9 enregistr\u00e9 en 2023, dans le m\u00eame service des saisies, mais au niveau du tribunal d\u2019Annaba. Ce service o\u00f9, il a \u00e9t\u00e9 d\u00e9couvert un trou financier dans les fonds et d\u2019autres objets, dont des bijoux. Sont pr\u00e9sum\u00e9s impliqu\u00e9s dans ce vol, deux greffiers, dont une femme plac\u00e9e en d\u00e9tention, ainsi que 8 autres accus\u00e9s plac\u00e9s sous contr\u00f4le judiciaire, par le juge d\u2019instruction. Parmi les 8 accus\u00e9s, figure le mari de la greffi\u00e8re plac\u00e9 en d\u00e9tention. Le principal mis en cause quant \u00e0 lui, le greffier en chef, toujours en \u00e9tat de fuite, fait l\u2019objet d\u2019un mandat d\u2019arr\u00eat, \u00e9mis par le m\u00eame magistrat instructeur, pr\u00e8s le tribunal d\u2019Annaba, rappelle-on encore. \u00c0 noter que l\u2019enqu\u00eate ouverte sur cette affaire a r\u00e9v\u00e9l\u00e9 le d\u00e9tournement d\u2019importants fonds estim\u00e9s \u00e0 des milliards et des quantit\u00e9s de bijoux, issus des op\u00e9rations de saisies. \u00c0 suivre<\/p>\n\n\n\n<p><strong>Sofia Chahine<\/strong><\/p>\n","protected":false},"excerpt":{"rendered":"<p>Soup\u00e7onn\u00e9 d\u2019\u00eatre impliqu\u00e9 dans le vol de kif saisi et plac\u00e9, dans le service des saisies relevant du tribunal d\u2019El<\/p>\n","protected":false},"author":6,"featured_media":41837,"comment_status":"open","ping_status":"closed","sticky":false,"template":"","format":"standard","meta":{"colormag_page_container_layout":"default_layout","colormag_page_sidebar_layout":"default_layout","om_disable_all_campaigns":false,"_monsterinsights_skip_tracking":false,"_monsterinsights_sitenote_active":false,"_monsterinsights_sitenote_note":"","_monsterinsights_sitenote_category":0,"footnotes":"","_wpscppro_dont_share_socialmedia":false,"_wpscppro_custom_social_share_image":0,"_facebook_share_type":"default","_twitter_share_type":"default","_linkedin_share_type":"default","_pinterest_share_type":"default","_linkedin_share_type_page":"","_instagram_share_type":"default","_medium_share_type":"default","_threads_share_type":"","_google_business_share_type":"","_selected_social_profile":[],"_wpsp_enable_custom_social_template":false,"_wpsp_social_scheduling":{"enabled":false,"datetime":null,"platforms":[],"status":"template_only","dateOption":"today","timeOption":"now","customDays":"","customHours":"","customDate":"","customTime":"","schedulingType":"absolute"},"_wpsp_active_default_template":true},"categories":[31],"tags":[],"class_list":["post-61723","post","type-post","status-publish","format-standard","has-post-thumbnail","hentry","category-regions"],"aioseo_notices":[],"yoast_head":"<!-- This site is optimized with the Yoast SEO plugin v27.5 - https:\/\/yoast.com\/product\/yoast-seo-wordpress\/ -->\n<title>Annaba : Un greffier plac\u00e9 sous contr\u00f4le judiciaire - La Sentinelle<\/title>\n<meta name=\"robots\" content=\"index, follow, max-snippet:-1, max-image-preview:large, max-video-preview:-1\" \/>\n<link rel=\"canonical\" href=\"https:\/\/lasentinelle.dz\/index.php\/2025\/01\/16\/annaba-un-greffier-place-sous-controle-judiciaire\/\" \/>\n<meta property=\"og:locale\" content=\"fr_FR\" \/>\n<meta property=\"og:type\" content=\"article\" \/>\n<meta property=\"og:title\" content=\"Annaba : Un greffier plac\u00e9 sous contr\u00f4le judiciaire - La Sentinelle\" \/>\n<meta property=\"og:description\" content=\"Soup\u00e7onn\u00e9 d\u2019\u00eatre impliqu\u00e9 dans le vol de kif saisi et plac\u00e9, dans le service des saisies relevant du tribunal d\u2019El\" \/>\n<meta property=\"og:url\" content=\"https:\/\/lasentinelle.dz\/index.php\/2025\/01\/16\/annaba-un-greffier-place-sous-controle-judiciaire\/\" \/>\n<meta property=\"og:site_name\" content=\"La Sentinelle\" \/>\n<meta property=\"article:publisher\" content=\"https:\/\/www.facebook.com\/La-Sentinelle-104059864394773\" \/>\n<meta property=\"article:published_time\" content=\"2025-01-16T11:54:31+00:00\" \/>\n<meta property=\"article:modified_time\" content=\"2025-01-18T11:55:02+00:00\" \/>\n<meta property=\"og:image\" content=\"https:\/\/lasentinelle.dz\/wp-content\/uploads\/2023\/05\/Justice.png\" \/>\n\t<meta property=\"og:image:width\" content=\"1579\" \/>\n\t<meta property=\"og:image:height\" content=\"900\" \/>\n\t<meta property=\"og:image:type\" content=\"image\/png\" \/>\n<meta name=\"author\" content=\"admin\" \/>\n<meta name=\"twitter:card\" content=\"summary_large_image\" \/>\n<meta name=\"twitter:label1\" content=\"\u00c9crit par\" \/>\n\t<meta name=\"twitter:data1\" content=\"admin\" \/>\n\t<meta name=\"twitter:label2\" content=\"Dur\u00e9e de lecture estim\u00e9e\" \/>\n\t<meta name=\"twitter:data2\" content=\"4 minutes\" \/>\n<script type=\"application\/ld+json\" class=\"yoast-schema-graph\">{\"@context\":\"https:\\\/\\\/schema.org\",\"@graph\":[{\"@type\":\"Article\",\"@id\":\"https:\\\/\\\/lasentinelle.dz\\\/index.php\\\/2025\\\/01\\\/16\\\/annaba-un-greffier-place-sous-controle-judiciaire\\\/#article\",\"isPartOf\":{\"@id\":\"https:\\\/\\\/lasentinelle.dz\\\/index.php\\\/2025\\\/01\\\/16\\\/annaba-un-greffier-place-sous-controle-judiciaire\\\/\"},\"author\":{\"name\":\"admin\",\"@id\":\"https:\\\/\\\/lasentinelle.dz\\\/#\\\/schema\\\/person\\\/729ee0024f24e0b8c5ec17232f8e8b41\"},\"headline\":\"Annaba : Un greffier plac\u00e9 sous contr\u00f4le judiciaire\",\"datePublished\":\"2025-01-16T11:54:31+00:00\",\"dateModified\":\"2025-01-18T11:55:02+00:00\",\"mainEntityOfPage\":{\"@id\":\"https:\\\/\\\/lasentinelle.dz\\\/index.php\\\/2025\\\/01\\\/16\\\/annaba-un-greffier-place-sous-controle-judiciaire\\\/\"},\"wordCount\":702,\"commentCount\":0,\"publisher\":{\"@id\":\"https:\\\/\\\/lasentinelle.dz\\\/#organization\"},\"image\":{\"@id\":\"https:\\\/\\\/lasentinelle.dz\\\/index.php\\\/2025\\\/01\\\/16\\\/annaba-un-greffier-place-sous-controle-judiciaire\\\/#primaryimage\"},\"thumbnailUrl\":\"https:\\\/\\\/lasentinelle.dz\\\/wp-content\\\/uploads\\\/2023\\\/05\\\/Justice.png\",\"articleSection\":[\"R\u00e9gions\"],\"inLanguage\":\"fr-FR\",\"potentialAction\":[{\"@type\":\"CommentAction\",\"name\":\"Comment\",\"target\":[\"https:\\\/\\\/lasentinelle.dz\\\/index.php\\\/2025\\\/01\\\/16\\\/annaba-un-greffier-place-sous-controle-judiciaire\\\/#respond\"]}]},{\"@type\":\"WebPage\",\"@id\":\"https:\\\/\\\/lasentinelle.dz\\\/index.php\\\/2025\\\/01\\\/16\\\/annaba-un-greffier-place-sous-controle-judiciaire\\\/\",\"url\":\"https:\\\/\\\/lasentinelle.dz\\\/index.php\\\/2025\\\/01\\\/16\\\/annaba-un-greffier-place-sous-controle-judiciaire\\\/\",\"name\":\"Annaba : Un greffier plac\u00e9 sous contr\u00f4le judiciaire - La Sentinelle\",\"isPartOf\":{\"@id\":\"https:\\\/\\\/lasentinelle.dz\\\/#website\"},\"primaryImageOfPage\":{\"@id\":\"https:\\\/\\\/lasentinelle.dz\\\/index.php\\\/2025\\\/01\\\/16\\\/annaba-un-greffier-place-sous-controle-judiciaire\\\/#primaryimage\"},\"image\":{\"@id\":\"https:\\\/\\\/lasentinelle.dz\\\/index.php\\\/2025\\\/01\\\/16\\\/annaba-un-greffier-place-sous-controle-judiciaire\\\/#primaryimage\"},\"thumbnailUrl\":\"https:\\\/\\\/lasentinelle.dz\\\/wp-content\\\/uploads\\\/2023\\\/05\\\/Justice.png\",\"datePublished\":\"2025-01-16T11:54:31+00:00\",\"dateModified\":\"2025-01-18T11:55:02+00:00\",\"breadcrumb\":{\"@id\":\"https:\\\/\\\/lasentinelle.dz\\\/index.php\\\/2025\\\/01\\\/16\\\/annaba-un-greffier-place-sous-controle-judiciaire\\\/#breadcrumb\"},\"inLanguage\":\"fr-FR\",\"potentialAction\":[{\"@type\":\"ReadAction\",\"target\":[\"https:\\\/\\\/lasentinelle.dz\\\/index.php\\\/2025\\\/01\\\/16\\\/annaba-un-greffier-place-sous-controle-judiciaire\\\/\"]}]},{\"@type\":\"ImageObject\",\"inLanguage\":\"fr-FR\",\"@id\":\"https:\\\/\\\/lasentinelle.dz\\\/index.php\\\/2025\\\/01\\\/16\\\/annaba-un-greffier-place-sous-controle-judiciaire\\\/#primaryimage\",\"url\":\"https:\\\/\\\/lasentinelle.dz\\\/wp-content\\\/uploads\\\/2023\\\/05\\\/Justice.png\",\"contentUrl\":\"https:\\\/\\\/lasentinelle.dz\\\/wp-content\\\/uploads\\\/2023\\\/05\\\/Justice.png\",\"width\":1579,\"height\":900},{\"@type\":\"BreadcrumbList\",\"@id\":\"https:\\\/\\\/lasentinelle.dz\\\/index.php\\\/2025\\\/01\\\/16\\\/annaba-un-greffier-place-sous-controle-judiciaire\\\/#breadcrumb\",\"itemListElement\":[{\"@type\":\"ListItem\",\"position\":1,\"name\":\"Accueil\",\"item\":\"https:\\\/\\\/lasentinelle.dz\\\/\"},{\"@type\":\"ListItem\",\"position\":2,\"name\":\"Annaba : Un greffier plac\u00e9 sous contr\u00f4le judiciaire\"}]},{\"@type\":\"WebSite\",\"@id\":\"https:\\\/\\\/lasentinelle.dz\\\/#website\",\"url\":\"https:\\\/\\\/lasentinelle.dz\\\/\",\"name\":\"La Sentinelle\",\"description\":\"Quotidien national d&#039;information\",\"publisher\":{\"@id\":\"https:\\\/\\\/lasentinelle.dz\\\/#organization\"},\"potentialAction\":[{\"@type\":\"SearchAction\",\"target\":{\"@type\":\"EntryPoint\",\"urlTemplate\":\"https:\\\/\\\/lasentinelle.dz\\\/?s={search_term_string}\"},\"query-input\":{\"@type\":\"PropertyValueSpecification\",\"valueRequired\":true,\"valueName\":\"search_term_string\"}}],\"inLanguage\":\"fr-FR\"},{\"@type\":\"Organization\",\"@id\":\"https:\\\/\\\/lasentinelle.dz\\\/#organization\",\"name\":\"Quotidien La Sentinelle\",\"url\":\"https:\\\/\\\/lasentinelle.dz\\\/\",\"logo\":{\"@type\":\"ImageObject\",\"inLanguage\":\"fr-FR\",\"@id\":\"https:\\\/\\\/lasentinelle.dz\\\/#\\\/schema\\\/logo\\\/image\\\/\",\"url\":\"https:\\\/\\\/lasentinelle.dz\\\/wp-content\\\/uploads\\\/2021\\\/09\\\/logo-sentinelleSLOGAN-1.png\",\"contentUrl\":\"https:\\\/\\\/lasentinelle.dz\\\/wp-content\\\/uploads\\\/2021\\\/09\\\/logo-sentinelleSLOGAN-1.png\",\"width\":615,\"height\":142,\"caption\":\"Quotidien La Sentinelle\"},\"image\":{\"@id\":\"https:\\\/\\\/lasentinelle.dz\\\/#\\\/schema\\\/logo\\\/image\\\/\"},\"sameAs\":[\"https:\\\/\\\/www.facebook.com\\\/La-Sentinelle-104059864394773\"]},{\"@type\":\"Person\",\"@id\":\"https:\\\/\\\/lasentinelle.dz\\\/#\\\/schema\\\/person\\\/729ee0024f24e0b8c5ec17232f8e8b41\",\"name\":\"admin\",\"image\":{\"@type\":\"ImageObject\",\"inLanguage\":\"fr-FR\",\"@id\":\"https:\\\/\\\/secure.gravatar.com\\\/avatar\\\/4c81fed838786e9b53f540bf46533e750f5d292099ae3b66cfc6fb1982e29df7?s=96&d=mm&r=g\",\"url\":\"https:\\\/\\\/secure.gravatar.com\\\/avatar\\\/4c81fed838786e9b53f540bf46533e750f5d292099ae3b66cfc6fb1982e29df7?s=96&d=mm&r=g\",\"contentUrl\":\"https:\\\/\\\/secure.gravatar.com\\\/avatar\\\/4c81fed838786e9b53f540bf46533e750f5d292099ae3b66cfc6fb1982e29df7?s=96&d=mm&r=g\",\"caption\":\"admin\"},\"description\":\"admin\",\"url\":\"https:\\\/\\\/lasentinelle.dz\\\/author\\\/admin\\\/\"}]}<\/script>\n<!-- \/ Yoast SEO plugin. -->","yoast_head_json":{"title":"Annaba : Un greffier plac\u00e9 sous contr\u00f4le judiciaire - La Sentinelle","robots":{"index":"index","follow":"follow","max-snippet":"max-snippet:-1","max-image-preview":"max-image-preview:large","max-video-preview":"max-video-preview:-1"},"canonical":"https:\/\/lasentinelle.dz\/index.php\/2025\/01\/16\/annaba-un-greffier-place-sous-controle-judiciaire\/","og_locale":"fr_FR","og_type":"article","og_title":"Annaba : Un greffier plac\u00e9 sous contr\u00f4le judiciaire - La Sentinelle","og_description":"Soup\u00e7onn\u00e9 d\u2019\u00eatre impliqu\u00e9 dans le vol de kif saisi et plac\u00e9, dans le service des saisies relevant du tribunal d\u2019El","og_url":"https:\/\/lasentinelle.dz\/index.php\/2025\/01\/16\/annaba-un-greffier-place-sous-controle-judiciaire\/","og_site_name":"La Sentinelle","article_publisher":"https:\/\/www.facebook.com\/La-Sentinelle-104059864394773","article_published_time":"2025-01-16T11:54:31+00:00","article_modified_time":"2025-01-18T11:55:02+00:00","og_image":[{"width":1579,"height":900,"url":"https:\/\/lasentinelle.dz\/wp-content\/uploads\/2023\/05\/Justice.png","type":"image\/png"}],"author":"admin","twitter_card":"summary_large_image","twitter_misc":{"\u00c9crit par":"admin","Dur\u00e9e de lecture estim\u00e9e":"4 minutes"},"schema":{"@context":"https:\/\/schema.org","@graph":[{"@type":"Article","@id":"https:\/\/lasentinelle.dz\/index.php\/2025\/01\/16\/annaba-un-greffier-place-sous-controle-judiciaire\/#article","isPartOf":{"@id":"https:\/\/lasentinelle.dz\/index.php\/2025\/01\/16\/annaba-un-greffier-place-sous-controle-judiciaire\/"},"author":{"name":"admin","@id":"https:\/\/lasentinelle.dz\/#\/schema\/person\/729ee0024f24e0b8c5ec17232f8e8b41"},"headline":"Annaba : Un greffier plac\u00e9 sous contr\u00f4le judiciaire","datePublished":"2025-01-16T11:54:31+00:00","dateModified":"2025-01-18T11:55:02+00:00","mainEntityOfPage":{"@id":"https:\/\/lasentinelle.dz\/index.php\/2025\/01\/16\/annaba-un-greffier-place-sous-controle-judiciaire\/"},"wordCount":702,"commentCount":0,"publisher":{"@id":"https:\/\/lasentinelle.dz\/#organization"},"image":{"@id":"https:\/\/lasentinelle.dz\/index.php\/2025\/01\/16\/annaba-un-greffier-place-sous-controle-judiciaire\/#primaryimage"},"thumbnailUrl":"https:\/\/lasentinelle.dz\/wp-content\/uploads\/2023\/05\/Justice.png","articleSection":["R\u00e9gions"],"inLanguage":"fr-FR","potentialAction":[{"@type":"CommentAction","name":"Comment","target":["https:\/\/lasentinelle.dz\/index.php\/2025\/01\/16\/annaba-un-greffier-place-sous-controle-judiciaire\/#respond"]}]},{"@type":"WebPage","@id":"https:\/\/lasentinelle.dz\/index.php\/2025\/01\/16\/annaba-un-greffier-place-sous-controle-judiciaire\/","url":"https:\/\/lasentinelle.dz\/index.php\/2025\/01\/16\/annaba-un-greffier-place-sous-controle-judiciaire\/","name":"Annaba : Un greffier plac\u00e9 sous contr\u00f4le judiciaire - La Sentinelle","isPartOf":{"@id":"https:\/\/lasentinelle.dz\/#website"},"primaryImageOfPage":{"@id":"https:\/\/lasentinelle.dz\/index.php\/2025\/01\/16\/annaba-un-greffier-place-sous-controle-judiciaire\/#primaryimage"},"image":{"@id":"https:\/\/lasentinelle.dz\/index.php\/2025\/01\/16\/annaba-un-greffier-place-sous-controle-judiciaire\/#primaryimage"},"thumbnailUrl":"https:\/\/lasentinelle.dz\/wp-content\/uploads\/2023\/05\/Justice.png","datePublished":"2025-01-16T11:54:31+00:00","dateModified":"2025-01-18T11:55:02+00:00","breadcrumb":{"@id":"https:\/\/lasentinelle.dz\/index.php\/2025\/01\/16\/annaba-un-greffier-place-sous-controle-judiciaire\/#breadcrumb"},"inLanguage":"fr-FR","potentialAction":[{"@type":"ReadAction","target":["https:\/\/lasentinelle.dz\/index.php\/2025\/01\/16\/annaba-un-greffier-place-sous-controle-judiciaire\/"]}]},{"@type":"ImageObject","inLanguage":"fr-FR","@id":"https:\/\/lasentinelle.dz\/index.php\/2025\/01\/16\/annaba-un-greffier-place-sous-controle-judiciaire\/#primaryimage","url":"https:\/\/lasentinelle.dz\/wp-content\/uploads\/2023\/05\/Justice.png","contentUrl":"https:\/\/lasentinelle.dz\/wp-content\/uploads\/2023\/05\/Justice.png","width":1579,"height":900},{"@type":"BreadcrumbList","@id":"https:\/\/lasentinelle.dz\/index.php\/2025\/01\/16\/annaba-un-greffier-place-sous-controle-judiciaire\/#breadcrumb","itemListElement":[{"@type":"ListItem","position":1,"name":"Accueil","item":"https:\/\/lasentinelle.dz\/"},{"@type":"ListItem","position":2,"name":"Annaba : Un greffier plac\u00e9 sous contr\u00f4le judiciaire"}]},{"@type":"WebSite","@id":"https:\/\/lasentinelle.dz\/#website","url":"https:\/\/lasentinelle.dz\/","name":"La Sentinelle","description":"Quotidien national d&#039;information","publisher":{"@id":"https:\/\/lasentinelle.dz\/#organization"},"potentialAction":[{"@type":"SearchAction","target":{"@type":"EntryPoint","urlTemplate":"https:\/\/lasentinelle.dz\/?s={search_term_string}"},"query-input":{"@type":"PropertyValueSpecification","valueRequired":true,"valueName":"search_term_string"}}],"inLanguage":"fr-FR"},{"@type":"Organization","@id":"https:\/\/lasentinelle.dz\/#organization","name":"Quotidien La Sentinelle","url":"https:\/\/lasentinelle.dz\/","logo":{"@type":"ImageObject","inLanguage":"fr-FR","@id":"https:\/\/lasentinelle.dz\/#\/schema\/logo\/image\/","url":"https:\/\/lasentinelle.dz\/wp-content\/uploads\/2021\/09\/logo-sentinelleSLOGAN-1.png","contentUrl":"https:\/\/lasentinelle.dz\/wp-content\/uploads\/2021\/09\/logo-sentinelleSLOGAN-1.png","width":615,"height":142,"caption":"Quotidien La Sentinelle"},"image":{"@id":"https:\/\/lasentinelle.dz\/#\/schema\/logo\/image\/"},"sameAs":["https:\/\/www.facebook.com\/La-Sentinelle-104059864394773"]},{"@type":"Person","@id":"https:\/\/lasentinelle.dz\/#\/schema\/person\/729ee0024f24e0b8c5ec17232f8e8b41","name":"admin","image":{"@type":"ImageObject","inLanguage":"fr-FR","@id":"https:\/\/secure.gravatar.com\/avatar\/4c81fed838786e9b53f540bf46533e750f5d292099ae3b66cfc6fb1982e29df7?s=96&d=mm&r=g","url":"https:\/\/secure.gravatar.com\/avatar\/4c81fed838786e9b53f540bf46533e750f5d292099ae3b66cfc6fb1982e29df7?s=96&d=mm&r=g","contentUrl":"https:\/\/secure.gravatar.com\/avatar\/4c81fed838786e9b53f540bf46533e750f5d292099ae3b66cfc6fb1982e29df7?s=96&d=mm&r=g","caption":"admin"},"description":"admin","url":"https:\/\/lasentinelle.dz\/author\/admin\/"}]}},"_links":{"self":[{"href":"https:\/\/lasentinelle.dz\/index.php\/wp-json\/wp\/v2\/posts\/61723","targetHints":{"allow":["GET"]}}],"collection":[{"href":"https:\/\/lasentinelle.dz\/index.php\/wp-json\/wp\/v2\/posts"}],"about":[{"href":"https:\/\/lasentinelle.dz\/index.php\/wp-json\/wp\/v2\/types\/post"}],"author":[{"embeddable":true,"href":"https:\/\/lasentinelle.dz\/index.php\/wp-json\/wp\/v2\/users\/6"}],"replies":[{"embeddable":true,"href":"https:\/\/lasentinelle.dz\/index.php\/wp-json\/wp\/v2\/comments?post=61723"}],"version-history":[{"count":1,"href":"https:\/\/lasentinelle.dz\/index.php\/wp-json\/wp\/v2\/posts\/61723\/revisions"}],"predecessor-version":[{"id":61724,"href":"https:\/\/lasentinelle.dz\/index.php\/wp-json\/wp\/v2\/posts\/61723\/revisions\/61724"}],"wp:featuredmedia":[{"embeddable":true,"href":"https:\/\/lasentinelle.dz\/index.php\/wp-json\/wp\/v2\/media\/41837"}],"wp:attachment":[{"href":"https:\/\/lasentinelle.dz\/index.php\/wp-json\/wp\/v2\/media?parent=61723"}],"wp:term":[{"taxonomy":"category","embeddable":true,"href":"https:\/\/lasentinelle.dz\/index.php\/wp-json\/wp\/v2\/categories?post=61723"},{"taxonomy":"post_tag","embeddable":true,"href":"https:\/\/lasentinelle.dz\/index.php\/wp-json\/wp\/v2\/tags?post=61723"}],"curies":[{"name":"wp","href":"https:\/\/api.w.org\/{rel}","templated":true}]}}