{"id":61745,"date":"2025-01-16T13:08:25","date_gmt":"2025-01-16T12:08:25","guid":{"rendered":"https:\/\/lasentinelle.dz\/?p=61745"},"modified":"2025-01-18T13:09:12","modified_gmt":"2025-01-18T12:09:12","slug":"intense-sequence-pour-la-diplomatie-algerienne","status":"publish","type":"post","link":"https:\/\/lasentinelle.dz\/index.php\/2025\/01\/16\/intense-sequence-pour-la-diplomatie-algerienne\/","title":{"rendered":"Intense s\u00e9quence pour la diplomatie alg\u00e9rienne"},"content":{"rendered":"\n<p>L&rsquo;Alg\u00e9rie a d\u00e9ploy\u00e9 une intense activit\u00e9 diplomatique en ce d\u00e9but d&rsquo;ann\u00e9e 2025, marqu\u00e9e par trois s\u00e9quences significatives qui illustrent sa strat\u00e9gie d&rsquo;influence et de coop\u00e9ration internationale, particuli\u00e8rement en direction de l&rsquo;Asie et de l&rsquo;Afrique. \u00c0 Alger, la relation privil\u00e9gi\u00e9e avec la Chine a \u00e9t\u00e9 mise en lumi\u00e8re lors d&rsquo;une c\u00e9r\u00e9monie organis\u00e9e \u00e0 l&rsquo;ambassade de Chine, tandis que sur le continent africain, l&rsquo;Alg\u00e9rie renfor\u00e7ait ses liens avec le Soudan du Sud et la R\u00e9publique d\u00e9mocratique du Congo \u00e0 travers deux visites de haut niveau. La s\u00e9quence sino-alg\u00e9rienne a \u00e9t\u00e9 particuli\u00e8rement remarqu\u00e9e avec l&rsquo;organisation d&rsquo;une c\u00e9r\u00e9monie au si\u00e8ge de l&rsquo;ambassade de Chine \u00e0 Alger, pr\u00e9sid\u00e9e par le nouvel ambassadeur Dong Guangli, en pr\u00e9sence du pr\u00e9sident de l&rsquo;Association du peuple chinois pour l&rsquo;amiti\u00e9 avec les pays \u00e9trangers (APCAE), Yang Wanming. L&rsquo;\u00e9v\u00e9nement a permis de mettre en exergue le caract\u00e8re historique et strat\u00e9gique des relations entre les deux pays, l&rsquo;Alg\u00e9rie \u00e9tant le premier \u00c9tat arabe \u00e0 avoir \u00e9tabli un partenariat strat\u00e9gique global avec la Chine. Le diplomate chinois a soulign\u00e9 la profondeur historique de cette relation, rappelant que la Chine fut le premier \u00c9tat non-arabe \u00e0 reconna\u00eetre le Gouvernement provisoire de la R\u00e9publique alg\u00e9rienne (GPRA) pendant la guerre de lib\u00e9ration. Il a \u00e9galement \u00e9voqu\u00e9 le soutien crucial apport\u00e9 par l&rsquo;Alg\u00e9rie \u00e0 la Chine pour sa r\u00e9int\u00e9gration au sein de l&rsquo;ONU en 1971. Cette relation privil\u00e9gi\u00e9e a \u00e9t\u00e9 r\u00e9cemment r\u00e9affirm\u00e9e par le pr\u00e9sident Xi Jinping dans son message de f\u00e9licitations au pr\u00e9sident Tebboune apr\u00e8s sa r\u00e9\u00e9lection en septembre 2024, manifestant sa volont\u00e9 d&rsquo;approfondir la coop\u00e9ration et d&rsquo;ouvrir de nouvelles perspectives. Dans le m\u00eame temps&nbsp;, le Secr\u00e9taire g\u00e9n\u00e9ral du minist\u00e8re des Affaires \u00e9trang\u00e8res, de la Communaut\u00e9 nationale \u00e0 l&rsquo;\u00e9tranger et des Affaires africaines, M. Loun\u00e8s Magramane, a re\u00e7u, au si\u00e8ge du minist\u00e8re, le pr\u00e9sident de l&rsquo;Association du peuple chinois pour l&rsquo;amiti\u00e9 avec les pays \u00e9trangers (APCAE), M. Yang Wanming, qui effectue une visite officielle en Alg\u00e9rie du 13 au 15 janvier 2025. Lors de cette rencontre, les deux parties \u00ab\u00a0ont abord\u00e9 les relations de partenariat, d&rsquo;amiti\u00e9 et de solidarit\u00e9 privil\u00e9gi\u00e9es unissant les deux pays, ainsi que les moyens de les promouvoir notamment dans les domaines \u00e9conomique et culturel, et ce, dans le cadre de la concr\u00e9tisation des d\u00e9cisions importantes de la visite d&rsquo;Etat effectu\u00e9e par le pr\u00e9sident de la R\u00e9publique, M. Abdelmadjid Tebboune, en R\u00e9publique populaire de Chine en juillet 2023\u00a0\u00bb.<\/p>\n\n\n\n<p><strong>Agriculture et s\u00e9curit\u00e9 alimentaire<\/strong><\/p>\n\n\n\n<p>Sur le front africain, l&rsquo;Alg\u00e9rie a poursuivi son engagement diplomatique avec deux initiatives majeures. \u00c0 Djouba, capitale du Soudan du Sud, la secr\u00e9taire d&rsquo;\u00c9tat charg\u00e9e des Affaires africaines, Bakhta Selma Mansouri, a men\u00e9 des entretiens de haut niveau avec le ministre des Affaires \u00e9trang\u00e8res Ramadan Mohamed Abdallah Goc et la ministre de l&rsquo;Int\u00e9rieur Angelina Jany Teny. Ces discussions ont port\u00e9 sur le d\u00e9veloppement des relations bilat\u00e9rales et les questions prioritaires pour le Soudan du Sud, notamment en mati\u00e8re de s\u00e9curit\u00e9 et de d\u00e9veloppement. Un accent particulier a \u00e9t\u00e9 mis sur la coop\u00e9ration agricole, avec une s\u00e9ance de travail au minist\u00e8re de l&rsquo;Agriculture et de la S\u00e9curit\u00e9 alimentaire, s&rsquo;inscrivant dans le suivi des recommandations du r\u00e9cent Sommet extraordinaire de l&rsquo;Union africaine sur le Programme d\u00e9taill\u00e9 pour le d\u00e9veloppement de l&rsquo;agriculture africaine post-Malabo tenu \u00e0 Kampala. Parall\u00e8lement, une importante mission diplomatique s&rsquo;est d\u00e9roul\u00e9e en R\u00e9publique d\u00e9mocratique du Congo, o\u00f9 le ministre de la Sant\u00e9 Abdelhak Saihi, en sa qualit\u00e9 d&rsquo;Envoy\u00e9 sp\u00e9cial du pr\u00e9sident Tebboune, a \u00e9t\u00e9 re\u00e7u \u00e0 Kinshasa par le pr\u00e9sident Felix Tshisekedi. Cette rencontre, qui s&rsquo;est d\u00e9roul\u00e9e en pr\u00e9sence de l&rsquo;ambassadeur d&rsquo;Alg\u00e9rie, a \u00e9t\u00e9 l&rsquo;occasion de remettre un message \u00e9crit du pr\u00e9sident Tebboune, t\u00e9moignant de la volont\u00e9 commune d&rsquo;approfondir la coop\u00e9ration bilat\u00e9rale et de renforcer le partenariat strat\u00e9gique face aux d\u00e9fis r\u00e9gionaux et internationaux. Le pr\u00e9sident Tshisekedi a salu\u00e9 le r\u00f4le pionnier de l&rsquo;Alg\u00e9rie sur la sc\u00e8ne africaine, notamment son engagement en faveur de la solidarit\u00e9 continentale et son soutien aux processus de d\u00e9veloppement, de paix et d&rsquo;ind\u00e9pendance des peuples. Cette s\u00e9quence diplomatique intense illustre la strat\u00e9gie multidimensionnelle de l&rsquo;Alg\u00e9rie, qui consolide ses partenariats historiques tout en renfor\u00e7ant son influence en Afrique. Elle d\u00e9montre \u00e9galement la capacit\u00e9 du pays \u00e0 conjuguer des relations privil\u00e9gi\u00e9es avec une puissance mondiale comme la Chine et un engagement fort dans les dynamiques de d\u00e9veloppement et de stabilisation du continent africain, particuli\u00e8rement dans des r\u00e9gions strat\u00e9giques comme l&rsquo;Afrique centrale et orientale.<\/p>\n\n\n\n<p>Amar Malki<\/p>\n","protected":false},"excerpt":{"rendered":"<p>L&rsquo;Alg\u00e9rie a d\u00e9ploy\u00e9 une intense activit\u00e9 diplomatique en ce d\u00e9but d&rsquo;ann\u00e9e 2025, marqu\u00e9e par trois s\u00e9quences significatives qui illustrent sa<\/p>\n","protected":false},"author":6,"featured_media":61591,"comment_status":"open","ping_status":"closed","sticky":false,"template":"","format":"standard","meta":{"colormag_page_container_layout":"default_layout","colormag_page_sidebar_layout":"default_layout","om_disable_all_campaigns":false,"_monsterinsights_skip_tracking":false,"_monsterinsights_sitenote_active":false,"_monsterinsights_sitenote_note":"","_monsterinsights_sitenote_category":0,"footnotes":"","_wpscppro_dont_share_socialmedia":false,"_wpscppro_custom_social_share_image":0,"_facebook_share_type":"default","_twitter_share_type":"default","_linkedin_share_type":"default","_pinterest_share_type":"default","_linkedin_share_type_page":"","_instagram_share_type":"default","_medium_share_type":"default","_threads_share_type":"","_google_business_share_type":"","_selected_social_profile":[],"_wpsp_enable_custom_social_template":false,"_wpsp_social_scheduling":{"enabled":false,"datetime":null,"platforms":[],"status":"template_only","dateOption":"today","timeOption":"now","customDays":"","customHours":"","customDate":"","customTime":"","schedulingType":"absolute"},"_wpsp_active_default_template":true},"categories":[27],"tags":[],"class_list":["post-61745","post","type-post","status-publish","format-standard","has-post-thumbnail","hentry","category-actualite"],"aioseo_notices":[],"yoast_head":"<!-- This site is optimized with the Yoast SEO plugin v27.5 - https:\/\/yoast.com\/product\/yoast-seo-wordpress\/ -->\n<title>Intense s\u00e9quence pour la diplomatie alg\u00e9rienne - La Sentinelle<\/title>\n<meta name=\"robots\" content=\"index, follow, max-snippet:-1, max-image-preview:large, max-video-preview:-1\" \/>\n<link rel=\"canonical\" href=\"https:\/\/lasentinelle.dz\/index.php\/2025\/01\/16\/intense-sequence-pour-la-diplomatie-algerienne\/\" \/>\n<meta property=\"og:locale\" content=\"fr_FR\" \/>\n<meta property=\"og:type\" content=\"article\" \/>\n<meta property=\"og:title\" content=\"Intense s\u00e9quence pour la diplomatie alg\u00e9rienne - La Sentinelle\" \/>\n<meta property=\"og:description\" content=\"L&rsquo;Alg\u00e9rie a d\u00e9ploy\u00e9 une intense activit\u00e9 diplomatique en ce d\u00e9but d&rsquo;ann\u00e9e 2025, marqu\u00e9e par trois s\u00e9quences significatives qui illustrent sa\" \/>\n<meta property=\"og:url\" content=\"https:\/\/lasentinelle.dz\/index.php\/2025\/01\/16\/intense-sequence-pour-la-diplomatie-algerienne\/\" \/>\n<meta property=\"og:site_name\" content=\"La Sentinelle\" \/>\n<meta property=\"article:publisher\" content=\"https:\/\/www.facebook.com\/La-Sentinelle-104059864394773\" \/>\n<meta property=\"article:published_time\" content=\"2025-01-16T12:08:25+00:00\" \/>\n<meta property=\"article:modified_time\" content=\"2025-01-18T12:09:12+00:00\" \/>\n<meta property=\"og:image\" content=\"https:\/\/lasentinelle.dz\/wp-content\/uploads\/2025\/01\/dz-mae.jpeg\" \/>\n\t<meta property=\"og:image:width\" content=\"2135\" \/>\n\t<meta property=\"og:image:height\" content=\"1423\" \/>\n\t<meta property=\"og:image:type\" content=\"image\/jpeg\" \/>\n<meta name=\"author\" content=\"admin\" \/>\n<meta name=\"twitter:card\" content=\"summary_large_image\" \/>\n<meta name=\"twitter:label1\" content=\"\u00c9crit par\" \/>\n\t<meta name=\"twitter:data1\" content=\"admin\" \/>\n\t<meta name=\"twitter:label2\" content=\"Dur\u00e9e de lecture estim\u00e9e\" \/>\n\t<meta name=\"twitter:data2\" content=\"4 minutes\" \/>\n<script type=\"application\/ld+json\" class=\"yoast-schema-graph\">{\"@context\":\"https:\\\/\\\/schema.org\",\"@graph\":[{\"@type\":\"Article\",\"@id\":\"https:\\\/\\\/lasentinelle.dz\\\/index.php\\\/2025\\\/01\\\/16\\\/intense-sequence-pour-la-diplomatie-algerienne\\\/#article\",\"isPartOf\":{\"@id\":\"https:\\\/\\\/lasentinelle.dz\\\/index.php\\\/2025\\\/01\\\/16\\\/intense-sequence-pour-la-diplomatie-algerienne\\\/\"},\"author\":{\"name\":\"admin\",\"@id\":\"https:\\\/\\\/lasentinelle.dz\\\/#\\\/schema\\\/person\\\/729ee0024f24e0b8c5ec17232f8e8b41\"},\"headline\":\"Intense s\u00e9quence pour la diplomatie alg\u00e9rienne\",\"datePublished\":\"2025-01-16T12:08:25+00:00\",\"dateModified\":\"2025-01-18T12:09:12+00:00\",\"mainEntityOfPage\":{\"@id\":\"https:\\\/\\\/lasentinelle.dz\\\/index.php\\\/2025\\\/01\\\/16\\\/intense-sequence-pour-la-diplomatie-algerienne\\\/\"},\"wordCount\":867,\"commentCount\":0,\"publisher\":{\"@id\":\"https:\\\/\\\/lasentinelle.dz\\\/#organization\"},\"image\":{\"@id\":\"https:\\\/\\\/lasentinelle.dz\\\/index.php\\\/2025\\\/01\\\/16\\\/intense-sequence-pour-la-diplomatie-algerienne\\\/#primaryimage\"},\"thumbnailUrl\":\"https:\\\/\\\/lasentinelle.dz\\\/wp-content\\\/uploads\\\/2025\\\/01\\\/dz-mae.jpeg\",\"articleSection\":[\"Actualit\u00e9\"],\"inLanguage\":\"fr-FR\",\"potentialAction\":[{\"@type\":\"CommentAction\",\"name\":\"Comment\",\"target\":[\"https:\\\/\\\/lasentinelle.dz\\\/index.php\\\/2025\\\/01\\\/16\\\/intense-sequence-pour-la-diplomatie-algerienne\\\/#respond\"]}]},{\"@type\":\"WebPage\",\"@id\":\"https:\\\/\\\/lasentinelle.dz\\\/index.php\\\/2025\\\/01\\\/16\\\/intense-sequence-pour-la-diplomatie-algerienne\\\/\",\"url\":\"https:\\\/\\\/lasentinelle.dz\\\/index.php\\\/2025\\\/01\\\/16\\\/intense-sequence-pour-la-diplomatie-algerienne\\\/\",\"name\":\"Intense s\u00e9quence pour la diplomatie alg\u00e9rienne - La Sentinelle\",\"isPartOf\":{\"@id\":\"https:\\\/\\\/lasentinelle.dz\\\/#website\"},\"primaryImageOfPage\":{\"@id\":\"https:\\\/\\\/lasentinelle.dz\\\/index.php\\\/2025\\\/01\\\/16\\\/intense-sequence-pour-la-diplomatie-algerienne\\\/#primaryimage\"},\"image\":{\"@id\":\"https:\\\/\\\/lasentinelle.dz\\\/index.php\\\/2025\\\/01\\\/16\\\/intense-sequence-pour-la-diplomatie-algerienne\\\/#primaryimage\"},\"thumbnailUrl\":\"https:\\\/\\\/lasentinelle.dz\\\/wp-content\\\/uploads\\\/2025\\\/01\\\/dz-mae.jpeg\",\"datePublished\":\"2025-01-16T12:08:25+00:00\",\"dateModified\":\"2025-01-18T12:09:12+00:00\",\"breadcrumb\":{\"@id\":\"https:\\\/\\\/lasentinelle.dz\\\/index.php\\\/2025\\\/01\\\/16\\\/intense-sequence-pour-la-diplomatie-algerienne\\\/#breadcrumb\"},\"inLanguage\":\"fr-FR\",\"potentialAction\":[{\"@type\":\"ReadAction\",\"target\":[\"https:\\\/\\\/lasentinelle.dz\\\/index.php\\\/2025\\\/01\\\/16\\\/intense-sequence-pour-la-diplomatie-algerienne\\\/\"]}]},{\"@type\":\"ImageObject\",\"inLanguage\":\"fr-FR\",\"@id\":\"https:\\\/\\\/lasentinelle.dz\\\/index.php\\\/2025\\\/01\\\/16\\\/intense-sequence-pour-la-diplomatie-algerienne\\\/#primaryimage\",\"url\":\"https:\\\/\\\/lasentinelle.dz\\\/wp-content\\\/uploads\\\/2025\\\/01\\\/dz-mae.jpeg\",\"contentUrl\":\"https:\\\/\\\/lasentinelle.dz\\\/wp-content\\\/uploads\\\/2025\\\/01\\\/dz-mae.jpeg\",\"width\":2135,\"height\":1423,\"caption\":\"????????????????????????????????????\"},{\"@type\":\"BreadcrumbList\",\"@id\":\"https:\\\/\\\/lasentinelle.dz\\\/index.php\\\/2025\\\/01\\\/16\\\/intense-sequence-pour-la-diplomatie-algerienne\\\/#breadcrumb\",\"itemListElement\":[{\"@type\":\"ListItem\",\"position\":1,\"name\":\"Accueil\",\"item\":\"https:\\\/\\\/lasentinelle.dz\\\/\"},{\"@type\":\"ListItem\",\"position\":2,\"name\":\"Intense s\u00e9quence pour la diplomatie alg\u00e9rienne\"}]},{\"@type\":\"WebSite\",\"@id\":\"https:\\\/\\\/lasentinelle.dz\\\/#website\",\"url\":\"https:\\\/\\\/lasentinelle.dz\\\/\",\"name\":\"La Sentinelle\",\"description\":\"Quotidien national d&#039;information\",\"publisher\":{\"@id\":\"https:\\\/\\\/lasentinelle.dz\\\/#organization\"},\"potentialAction\":[{\"@type\":\"SearchAction\",\"target\":{\"@type\":\"EntryPoint\",\"urlTemplate\":\"https:\\\/\\\/lasentinelle.dz\\\/?s={search_term_string}\"},\"query-input\":{\"@type\":\"PropertyValueSpecification\",\"valueRequired\":true,\"valueName\":\"search_term_string\"}}],\"inLanguage\":\"fr-FR\"},{\"@type\":\"Organization\",\"@id\":\"https:\\\/\\\/lasentinelle.dz\\\/#organization\",\"name\":\"Quotidien La Sentinelle\",\"url\":\"https:\\\/\\\/lasentinelle.dz\\\/\",\"logo\":{\"@type\":\"ImageObject\",\"inLanguage\":\"fr-FR\",\"@id\":\"https:\\\/\\\/lasentinelle.dz\\\/#\\\/schema\\\/logo\\\/image\\\/\",\"url\":\"https:\\\/\\\/lasentinelle.dz\\\/wp-content\\\/uploads\\\/2021\\\/09\\\/logo-sentinelleSLOGAN-1.png\",\"contentUrl\":\"https:\\\/\\\/lasentinelle.dz\\\/wp-content\\\/uploads\\\/2021\\\/09\\\/logo-sentinelleSLOGAN-1.png\",\"width\":615,\"height\":142,\"caption\":\"Quotidien La Sentinelle\"},\"image\":{\"@id\":\"https:\\\/\\\/lasentinelle.dz\\\/#\\\/schema\\\/logo\\\/image\\\/\"},\"sameAs\":[\"https:\\\/\\\/www.facebook.com\\\/La-Sentinelle-104059864394773\"]},{\"@type\":\"Person\",\"@id\":\"https:\\\/\\\/lasentinelle.dz\\\/#\\\/schema\\\/person\\\/729ee0024f24e0b8c5ec17232f8e8b41\",\"name\":\"admin\",\"image\":{\"@type\":\"ImageObject\",\"inLanguage\":\"fr-FR\",\"@id\":\"https:\\\/\\\/secure.gravatar.com\\\/avatar\\\/4c81fed838786e9b53f540bf46533e750f5d292099ae3b66cfc6fb1982e29df7?s=96&d=mm&r=g\",\"url\":\"https:\\\/\\\/secure.gravatar.com\\\/avatar\\\/4c81fed838786e9b53f540bf46533e750f5d292099ae3b66cfc6fb1982e29df7?s=96&d=mm&r=g\",\"contentUrl\":\"https:\\\/\\\/secure.gravatar.com\\\/avatar\\\/4c81fed838786e9b53f540bf46533e750f5d292099ae3b66cfc6fb1982e29df7?s=96&d=mm&r=g\",\"caption\":\"admin\"},\"description\":\"admin\",\"url\":\"https:\\\/\\\/lasentinelle.dz\\\/author\\\/admin\\\/\"}]}<\/script>\n<!-- \/ Yoast SEO plugin. -->","yoast_head_json":{"title":"Intense s\u00e9quence pour la diplomatie alg\u00e9rienne - La Sentinelle","robots":{"index":"index","follow":"follow","max-snippet":"max-snippet:-1","max-image-preview":"max-image-preview:large","max-video-preview":"max-video-preview:-1"},"canonical":"https:\/\/lasentinelle.dz\/index.php\/2025\/01\/16\/intense-sequence-pour-la-diplomatie-algerienne\/","og_locale":"fr_FR","og_type":"article","og_title":"Intense s\u00e9quence pour la diplomatie alg\u00e9rienne - La Sentinelle","og_description":"L&rsquo;Alg\u00e9rie a d\u00e9ploy\u00e9 une intense activit\u00e9 diplomatique en ce d\u00e9but d&rsquo;ann\u00e9e 2025, marqu\u00e9e par trois s\u00e9quences significatives qui illustrent sa","og_url":"https:\/\/lasentinelle.dz\/index.php\/2025\/01\/16\/intense-sequence-pour-la-diplomatie-algerienne\/","og_site_name":"La Sentinelle","article_publisher":"https:\/\/www.facebook.com\/La-Sentinelle-104059864394773","article_published_time":"2025-01-16T12:08:25+00:00","article_modified_time":"2025-01-18T12:09:12+00:00","og_image":[{"width":2135,"height":1423,"url":"https:\/\/lasentinelle.dz\/wp-content\/uploads\/2025\/01\/dz-mae.jpeg","type":"image\/jpeg"}],"author":"admin","twitter_card":"summary_large_image","twitter_misc":{"\u00c9crit par":"admin","Dur\u00e9e de lecture estim\u00e9e":"4 minutes"},"schema":{"@context":"https:\/\/schema.org","@graph":[{"@type":"Article","@id":"https:\/\/lasentinelle.dz\/index.php\/2025\/01\/16\/intense-sequence-pour-la-diplomatie-algerienne\/#article","isPartOf":{"@id":"https:\/\/lasentinelle.dz\/index.php\/2025\/01\/16\/intense-sequence-pour-la-diplomatie-algerienne\/"},"author":{"name":"admin","@id":"https:\/\/lasentinelle.dz\/#\/schema\/person\/729ee0024f24e0b8c5ec17232f8e8b41"},"headline":"Intense s\u00e9quence pour la diplomatie alg\u00e9rienne","datePublished":"2025-01-16T12:08:25+00:00","dateModified":"2025-01-18T12:09:12+00:00","mainEntityOfPage":{"@id":"https:\/\/lasentinelle.dz\/index.php\/2025\/01\/16\/intense-sequence-pour-la-diplomatie-algerienne\/"},"wordCount":867,"commentCount":0,"publisher":{"@id":"https:\/\/lasentinelle.dz\/#organization"},"image":{"@id":"https:\/\/lasentinelle.dz\/index.php\/2025\/01\/16\/intense-sequence-pour-la-diplomatie-algerienne\/#primaryimage"},"thumbnailUrl":"https:\/\/lasentinelle.dz\/wp-content\/uploads\/2025\/01\/dz-mae.jpeg","articleSection":["Actualit\u00e9"],"inLanguage":"fr-FR","potentialAction":[{"@type":"CommentAction","name":"Comment","target":["https:\/\/lasentinelle.dz\/index.php\/2025\/01\/16\/intense-sequence-pour-la-diplomatie-algerienne\/#respond"]}]},{"@type":"WebPage","@id":"https:\/\/lasentinelle.dz\/index.php\/2025\/01\/16\/intense-sequence-pour-la-diplomatie-algerienne\/","url":"https:\/\/lasentinelle.dz\/index.php\/2025\/01\/16\/intense-sequence-pour-la-diplomatie-algerienne\/","name":"Intense s\u00e9quence pour la diplomatie alg\u00e9rienne - La Sentinelle","isPartOf":{"@id":"https:\/\/lasentinelle.dz\/#website"},"primaryImageOfPage":{"@id":"https:\/\/lasentinelle.dz\/index.php\/2025\/01\/16\/intense-sequence-pour-la-diplomatie-algerienne\/#primaryimage"},"image":{"@id":"https:\/\/lasentinelle.dz\/index.php\/2025\/01\/16\/intense-sequence-pour-la-diplomatie-algerienne\/#primaryimage"},"thumbnailUrl":"https:\/\/lasentinelle.dz\/wp-content\/uploads\/2025\/01\/dz-mae.jpeg","datePublished":"2025-01-16T12:08:25+00:00","dateModified":"2025-01-18T12:09:12+00:00","breadcrumb":{"@id":"https:\/\/lasentinelle.dz\/index.php\/2025\/01\/16\/intense-sequence-pour-la-diplomatie-algerienne\/#breadcrumb"},"inLanguage":"fr-FR","potentialAction":[{"@type":"ReadAction","target":["https:\/\/lasentinelle.dz\/index.php\/2025\/01\/16\/intense-sequence-pour-la-diplomatie-algerienne\/"]}]},{"@type":"ImageObject","inLanguage":"fr-FR","@id":"https:\/\/lasentinelle.dz\/index.php\/2025\/01\/16\/intense-sequence-pour-la-diplomatie-algerienne\/#primaryimage","url":"https:\/\/lasentinelle.dz\/wp-content\/uploads\/2025\/01\/dz-mae.jpeg","contentUrl":"https:\/\/lasentinelle.dz\/wp-content\/uploads\/2025\/01\/dz-mae.jpeg","width":2135,"height":1423,"caption":"????????????????????????????????????"},{"@type":"BreadcrumbList","@id":"https:\/\/lasentinelle.dz\/index.php\/2025\/01\/16\/intense-sequence-pour-la-diplomatie-algerienne\/#breadcrumb","itemListElement":[{"@type":"ListItem","position":1,"name":"Accueil","item":"https:\/\/lasentinelle.dz\/"},{"@type":"ListItem","position":2,"name":"Intense s\u00e9quence pour la diplomatie alg\u00e9rienne"}]},{"@type":"WebSite","@id":"https:\/\/lasentinelle.dz\/#website","url":"https:\/\/lasentinelle.dz\/","name":"La Sentinelle","description":"Quotidien national d&#039;information","publisher":{"@id":"https:\/\/lasentinelle.dz\/#organization"},"potentialAction":[{"@type":"SearchAction","target":{"@type":"EntryPoint","urlTemplate":"https:\/\/lasentinelle.dz\/?s={search_term_string}"},"query-input":{"@type":"PropertyValueSpecification","valueRequired":true,"valueName":"search_term_string"}}],"inLanguage":"fr-FR"},{"@type":"Organization","@id":"https:\/\/lasentinelle.dz\/#organization","name":"Quotidien La Sentinelle","url":"https:\/\/lasentinelle.dz\/","logo":{"@type":"ImageObject","inLanguage":"fr-FR","@id":"https:\/\/lasentinelle.dz\/#\/schema\/logo\/image\/","url":"https:\/\/lasentinelle.dz\/wp-content\/uploads\/2021\/09\/logo-sentinelleSLOGAN-1.png","contentUrl":"https:\/\/lasentinelle.dz\/wp-content\/uploads\/2021\/09\/logo-sentinelleSLOGAN-1.png","width":615,"height":142,"caption":"Quotidien La Sentinelle"},"image":{"@id":"https:\/\/lasentinelle.dz\/#\/schema\/logo\/image\/"},"sameAs":["https:\/\/www.facebook.com\/La-Sentinelle-104059864394773"]},{"@type":"Person","@id":"https:\/\/lasentinelle.dz\/#\/schema\/person\/729ee0024f24e0b8c5ec17232f8e8b41","name":"admin","image":{"@type":"ImageObject","inLanguage":"fr-FR","@id":"https:\/\/secure.gravatar.com\/avatar\/4c81fed838786e9b53f540bf46533e750f5d292099ae3b66cfc6fb1982e29df7?s=96&d=mm&r=g","url":"https:\/\/secure.gravatar.com\/avatar\/4c81fed838786e9b53f540bf46533e750f5d292099ae3b66cfc6fb1982e29df7?s=96&d=mm&r=g","contentUrl":"https:\/\/secure.gravatar.com\/avatar\/4c81fed838786e9b53f540bf46533e750f5d292099ae3b66cfc6fb1982e29df7?s=96&d=mm&r=g","caption":"admin"},"description":"admin","url":"https:\/\/lasentinelle.dz\/author\/admin\/"}]}},"_links":{"self":[{"href":"https:\/\/lasentinelle.dz\/index.php\/wp-json\/wp\/v2\/posts\/61745","targetHints":{"allow":["GET"]}}],"collection":[{"href":"https:\/\/lasentinelle.dz\/index.php\/wp-json\/wp\/v2\/posts"}],"about":[{"href":"https:\/\/lasentinelle.dz\/index.php\/wp-json\/wp\/v2\/types\/post"}],"author":[{"embeddable":true,"href":"https:\/\/lasentinelle.dz\/index.php\/wp-json\/wp\/v2\/users\/6"}],"replies":[{"embeddable":true,"href":"https:\/\/lasentinelle.dz\/index.php\/wp-json\/wp\/v2\/comments?post=61745"}],"version-history":[{"count":1,"href":"https:\/\/lasentinelle.dz\/index.php\/wp-json\/wp\/v2\/posts\/61745\/revisions"}],"predecessor-version":[{"id":61746,"href":"https:\/\/lasentinelle.dz\/index.php\/wp-json\/wp\/v2\/posts\/61745\/revisions\/61746"}],"wp:featuredmedia":[{"embeddable":true,"href":"https:\/\/lasentinelle.dz\/index.php\/wp-json\/wp\/v2\/media\/61591"}],"wp:attachment":[{"href":"https:\/\/lasentinelle.dz\/index.php\/wp-json\/wp\/v2\/media?parent=61745"}],"wp:term":[{"taxonomy":"category","embeddable":true,"href":"https:\/\/lasentinelle.dz\/index.php\/wp-json\/wp\/v2\/categories?post=61745"},{"taxonomy":"post_tag","embeddable":true,"href":"https:\/\/lasentinelle.dz\/index.php\/wp-json\/wp\/v2\/tags?post=61745"}],"curies":[{"name":"wp","href":"https:\/\/api.w.org\/{rel}","templated":true}]}}