{"id":61747,"date":"2025-01-16T13:09:24","date_gmt":"2025-01-16T12:09:24","guid":{"rendered":"https:\/\/lasentinelle.dz\/?p=61747"},"modified":"2025-01-18T13:09:54","modified_gmt":"2025-01-18T12:09:54","slug":"le-neocolonialisme-et-le-revisionnisme-de-lextreme-droite-denonces","status":"publish","type":"post","link":"https:\/\/lasentinelle.dz\/index.php\/2025\/01\/16\/le-neocolonialisme-et-le-revisionnisme-de-lextreme-droite-denonces\/","title":{"rendered":"Le n\u00e9ocolonialisme et le r\u00e9visionnisme de l\u2019extr\u00eame-droite d\u00e9nonc\u00e9s"},"content":{"rendered":"\n<p>La mont\u00e9e des tensions diplomatiques entre la France et l&rsquo;Alg\u00e9rie, exacerb\u00e9e par une r\u00e9cente campagne de d\u00e9sinformation men\u00e9e par l&rsquo;extr\u00eame droite fran\u00e7aise et certains membres du gouvernement, suscite une vague de protestations et de d\u00e9nonciations de part et d&rsquo;autre de la M\u00e9diterran\u00e9e. Au c\u0153ur de cette nouvelle escalade se trouve une s\u00e9rie de d\u00e9clarations controvers\u00e9es \u00e9manant notamment du ministre fran\u00e7ais de l&rsquo;Int\u00e9rieur, dont les propos ont \u00e9t\u00e9 vivement critiqu\u00e9s par plusieurs personnalit\u00e9s politiques aussi bien en Alg\u00e9rie qu\u2019en France.<\/p>\n\n\n\n<p>Le Bureau du Conseil de la nation, pr\u00e9sid\u00e9e par Salah Goudjil, a ainsi fermement condamn\u00e9, hier \u00e0 l\u2019issue d\u2019une r\u00e9union tenue hier, les man\u0153uvres du courant d&rsquo;extr\u00eame droite en France, accus\u00e9 d&rsquo;entretenir \u00ab\u00a0un climat de parades qui refl\u00e8te sa haine visc\u00e9rale envers tout ce qui est Alg\u00e9rien\u00a0\u00bb. Le Bureau a particuli\u00e8rement d\u00e9nonc\u00e9 les tentatives de manipulation de l&rsquo;opinion publique fran\u00e7aise \u00e0 travers des \u00ab\u00a0campagnes tendancieuses\u00a0\u00bb, notamment concernant de pr\u00e9tendues aides financi\u00e8res octroy\u00e9es \u00e0 l&rsquo;Alg\u00e9rie.<\/p>\n\n\n\n<p>Dans une d\u00e9claration particuli\u00e8rement cinglante, le Bureau du Conseil de la nation a interpell\u00e9 \u00ab\u00a0ceux qui occupent les devants de cette campagne empreinte d&rsquo;analphab\u00e9tisme historique et politique et ceux qui agissent dans l&rsquo;ombre\u00a0\u00bb, rappelant que \u00ab\u00a0l&rsquo;Alg\u00e9rie, depuis la Guerre de lib\u00e9ration, a toujours refus\u00e9 de s&rsquo;inscrire dans un langage de haine et d&rsquo;inimit\u00e9, comme il a toujours distingu\u00e9 entre le peuple fran\u00e7ais et le colonialisme fran\u00e7ais\u00a0\u00bb. \u00ab\u00a0Cette extr\u00eame droite toute souill\u00e9e de son pass\u00e9 inf\u00e2me s&rsquo;est alli\u00e9e au colonialisme makhzenien et sioniste, car leurs int\u00e9r\u00eats s&rsquo;entrecroisent et tendent vers les m\u00eames vils objectifs focalisant sur la tentative de porter atteinte \u00e0 l&rsquo;Alg\u00e9rie et sa stabilit\u00e9\u00a0\u00bb, rel\u00e8ve la m\u00eame source. \u00ab\u00a0Ces comportements malsains et ces agendas obs\u00e9quieux ne se sont pas limit\u00e9s \u00e0 l&rsquo;Alg\u00e9rie, mais ils ont \u00e9t\u00e9 \u00e9tendus \u00e0 plusieurs nations africaines aid\u00e9s en cela par leurs supp\u00f4ts originaires de ces pays outrepassant toutes les traditions, us et coutumes en mati\u00e8re de politique, d&rsquo;\u00e9conomie et d&rsquo;int\u00e9r\u00eats communs\u00a0\u00bb.<\/p>\n\n\n\n<p>Le Bureau a \u00e9galement critiqu\u00e9 \u00ab\u00a0le double discours du pr\u00e9sident fran\u00e7ais actuel\u00a0\u00bb, qui refl\u00e8terait selon lui \u00ab\u00a0l&rsquo;influence du n\u00e9o-colonialisme odieux sur la sc\u00e8ne politique fran\u00e7aise oscillant entre reconnaissance des crimes coloniaux pass\u00e9s et tergiversations concernant des actes concrets li\u00e9s \u00e0 la m\u00e9moire et \u00e0 la coop\u00e9ration bilat\u00e9rale\u00a0\u00bb. Toutefois, l&rsquo;instance a salu\u00e9 \u00ab\u00a0les d\u00e9clarations responsables de certains acteurs politiques fran\u00e7ais favorables \u00e0 un dialogue constructif\u00a0\u00bb. Le Bureau \u00e9largi a \u00e9galement exprim\u00e9 \u00ab\u00a0sa reconnaissance envers le r\u00f4le crucial et les efforts appr\u00e9ciables de tous les diplomates alg\u00e9riens et de l&rsquo;\u00e9quipe de la mission permanente aupr\u00e8s des Nations unies\u00a0\u00bb. \u00ab\u00a0Cela intervient alors que l&rsquo;Alg\u00e9rie assure la pr\u00e9sidence tournante mensuelle du Conseil de s\u00e9curit\u00e9 de l&rsquo;ONU, marquant son empreinte dans les instances onusiennes et d\u00e9fendant fermement les bases d&rsquo;une paix durable par la n\u00e9gociation et le rejet de l&rsquo;usage de la force dans le r\u00e8glement des conflits\u00a0\u00bb,<\/p>\n\n\n\n<p><strong>LFI charge Bruno Retailleau<\/strong><\/p>\n\n\n\n<p>Il faut dire que de nombreuses voix qui s&rsquo;\u00e9l\u00e8vent en France contre les provocations de certains responsables politiques \u00e0 l\u2019encontre de l\u2019Alg\u00e9rie. La pr\u00e9sidente du groupe parlementaire \u00ab\u00a0La France insoumise\u00a0\u00bb, Mathilde Panot, s&rsquo;est particuli\u00e8rement distingu\u00e9e dans cette opposition lors du d\u00e9bat sur la politique g\u00e9n\u00e9rale du gouvernement. S&rsquo;adressant directement au Premier ministre Fran\u00e7ois Bayrou, elle a fermement condamn\u00e9 les provocations du ministre de l&rsquo;Int\u00e9rieur fran\u00e7ais envers l&rsquo;Alg\u00e9rie. \u00ab\u00a0Votre ministre de l&rsquo;int\u00e9rieur s&rsquo;est illustr\u00e9 par ses d\u00e9clarations racistes en qualifiant une partie de nos concitoyens de fran\u00e7ais de papiers\u00a0\u00bb, a-t-elle d\u00e9clar\u00e9, avant d&rsquo;ajouter qu&rsquo;il \u00ab\u00a0s&rsquo;improvise en diplomate avec l&rsquo;Alg\u00e9rie, mais n&rsquo;est en finalit\u00e9 qu&rsquo;un pi\u00e8tre agitateur\u00a0\u00bb. La d\u00e9put\u00e9e a particuli\u00e8rement point\u00e9 du doigt l&rsquo;attitude de Bruno Retailleau, s&rsquo;interrogeant ouvertement : \u00ab\u00a0Pour qui se prend Bruno Retailleau \u00e0 vouloir provoquer une tension insupportable pour des millions de Fran\u00e7ais, qui vivent une relation directe d&rsquo;affection et de fraternit\u00e9 respectueuse avec le peuple alg\u00e9rien?\u00a0\u00bb Cette intervention refl\u00e8te l&rsquo;inqui\u00e9tude grandissante face \u00e0 la d\u00e9t\u00e9rioration des relations franco-alg\u00e9riennes et ses r\u00e9percussions sur la coh\u00e9sion sociale en France.<\/p>\n\n\n\n<p>Intervenant sur un plateau de t\u00e9l\u00e9vision, Catherine Tricot, directrice de la revue Regards a rappel\u00e9 les contraintes l\u00e9gales entourant les expulsions : \u00ab\u00a0La question des OQTF (obligation de quitter le territoire) est compliqu\u00e9e. On n&rsquo;exp\u00e9die par les gens sans avoir un accord avec le pays vers lequel la personne est exp\u00e9di\u00e9e\u00a0\u00bb. Cette pr\u00e9cision technique souligne les limites concr\u00e8tes des postures politiques agressives adopt\u00e9es par certains responsables fran\u00e7ais. Catherine Tricot a \u00e9galement appel\u00e9 \u00e0 une approche plus mesur\u00e9e et respectueuse des relations internationales : \u00ab\u00a0Il faut consid\u00e9rer avec un peu plus d&rsquo;attention et de respect le reste du monde, et arr\u00eater d&rsquo;imaginer en montrant nos biceps et en tapant du poing sur la table\u00a0\u00bb. Elle a particuli\u00e8rement insist\u00e9 sur l&rsquo;importance sp\u00e9cifique des relations franco-alg\u00e9riennes, rappelant que \u00ab\u00a0pr\u00e8s d&rsquo;un quart des fran\u00e7ais ont des relations avec l&rsquo;Alg\u00e9rie\u00a0\u00bb et que \u00ab\u00a0le nombre de gens qui ont v\u00e9cu et qui ont des relations d&rsquo;amour, d&rsquo;histoire avec l&rsquo;Alg\u00e9rie est tr\u00e8s important. Ca ne peut pas \u00eatre une question parmi d&rsquo;autres\u00a0\u00bb. Cette campagne de d\u00e9sinformation contre l&rsquo;Alg\u00e9rie a provoqu\u00e9 une mobilisation significative au sein de la classe politique fran\u00e7aise. L&rsquo;ancienne ministre S\u00e9gol\u00e8ne Royal a notamment \u00e9voqu\u00e9 la \u00ab\u00a0dette morale\u00a0\u00bb de la France envers l&rsquo;Alg\u00e9rie, faisant directement r\u00e9f\u00e9rence aux crimes commis durant la p\u00e9riode coloniale. Cette prise de position s&rsquo;inscrit dans un effort plus large de reconnaissance et de responsabilit\u00e9 historique, contrastant fortement avec le r\u00e9visionnisme promu par l&rsquo;extr\u00eame droite. La F\u00e9d\u00e9ration franco-alg\u00e9rienne de consolidation et du renouveau (FFA) s&rsquo;est \u00e9galement positionn\u00e9e dans ce d\u00e9bat, exprimant sa \u00ab\u00a0plus vive indignation face \u00e0 la campagne politico-m\u00e9diatique, dirig\u00e9e contre l&rsquo;Alg\u00e9rie et les Alg\u00e9riens\u00a0\u00bb. Cette r\u00e9action traduit l&rsquo;inqui\u00e9tude de la soci\u00e9t\u00e9 civile face \u00e0 la mont\u00e9e des tensions et \u00e0 leurs potentielles r\u00e9percussions sur la communaut\u00e9 franco-alg\u00e9rienne. Les r\u00e9actions vigoureuses contre les provocations de l&rsquo;extr\u00eame droite et de certains membres du gouvernement d\u00e9montrent l&rsquo;existence d&rsquo;une opposition forte \u00e0 toute tentative de r\u00e9visionnisme historique ou d&rsquo;instrumentalisation politique des relations franco-alg\u00e9riennes. La multiplication des voix s&rsquo;\u00e9levant contre cette campagne de d\u00e9sinformation t\u00e9moigne d&rsquo;une prise de conscience croissante de l&rsquo;importance de pr\u00e9server des relations respectueuses et \u00e9quilibr\u00e9es entre les deux pays.<\/p>\n\n\n\n<p><strong>Hocine Fadheli<\/strong><\/p>\n","protected":false},"excerpt":{"rendered":"<p>La mont\u00e9e des tensions diplomatiques entre la France et l&rsquo;Alg\u00e9rie, exacerb\u00e9e par une r\u00e9cente campagne de d\u00e9sinformation men\u00e9e par l&rsquo;extr\u00eame<\/p>\n","protected":false},"author":6,"featured_media":61748,"comment_status":"open","ping_status":"closed","sticky":false,"template":"","format":"standard","meta":{"colormag_page_container_layout":"default_layout","colormag_page_sidebar_layout":"default_layout","om_disable_all_campaigns":false,"_monsterinsights_skip_tracking":false,"_monsterinsights_sitenote_active":false,"_monsterinsights_sitenote_note":"","_monsterinsights_sitenote_category":0,"footnotes":"","_wpscppro_dont_share_socialmedia":false,"_wpscppro_custom_social_share_image":0,"_facebook_share_type":"default","_twitter_share_type":"default","_linkedin_share_type":"default","_pinterest_share_type":"default","_linkedin_share_type_page":"","_instagram_share_type":"default","_medium_share_type":"default","_threads_share_type":"","_google_business_share_type":"","_selected_social_profile":[],"_wpsp_enable_custom_social_template":false,"_wpsp_social_scheduling":{"enabled":false,"datetime":null,"platforms":[],"status":"template_only","dateOption":"today","timeOption":"now","customDays":"","customHours":"","customDate":"","customTime":"","schedulingType":"absolute"},"_wpsp_active_default_template":true},"categories":[52,27],"tags":[],"class_list":["post-61747","post","type-post","status-publish","format-standard","has-post-thumbnail","hentry","category-a-la-une","category-actualite"],"aioseo_notices":[],"yoast_head":"<!-- This site is optimized with the Yoast SEO plugin v27.5 - https:\/\/yoast.com\/product\/yoast-seo-wordpress\/ -->\n<title>Le n\u00e9ocolonialisme et le r\u00e9visionnisme de l\u2019extr\u00eame-droite d\u00e9nonc\u00e9s - La Sentinelle<\/title>\n<meta name=\"robots\" content=\"index, follow, max-snippet:-1, max-image-preview:large, max-video-preview:-1\" \/>\n<link rel=\"canonical\" href=\"https:\/\/lasentinelle.dz\/index.php\/2025\/01\/16\/le-neocolonialisme-et-le-revisionnisme-de-lextreme-droite-denonces\/\" \/>\n<meta property=\"og:locale\" content=\"fr_FR\" \/>\n<meta property=\"og:type\" content=\"article\" \/>\n<meta property=\"og:title\" content=\"Le n\u00e9ocolonialisme et le r\u00e9visionnisme de l\u2019extr\u00eame-droite d\u00e9nonc\u00e9s - La Sentinelle\" \/>\n<meta property=\"og:description\" content=\"La mont\u00e9e des tensions diplomatiques entre la France et l&rsquo;Alg\u00e9rie, exacerb\u00e9e par une r\u00e9cente campagne de d\u00e9sinformation men\u00e9e par l&rsquo;extr\u00eame\" \/>\n<meta property=\"og:url\" content=\"https:\/\/lasentinelle.dz\/index.php\/2025\/01\/16\/le-neocolonialisme-et-le-revisionnisme-de-lextreme-droite-denonces\/\" \/>\n<meta property=\"og:site_name\" content=\"La Sentinelle\" \/>\n<meta property=\"article:publisher\" content=\"https:\/\/www.facebook.com\/La-Sentinelle-104059864394773\" \/>\n<meta property=\"article:published_time\" content=\"2025-01-16T12:09:24+00:00\" \/>\n<meta property=\"article:modified_time\" content=\"2025-01-18T12:09:54+00:00\" \/>\n<meta property=\"og:image\" content=\"https:\/\/lasentinelle.dz\/wp-content\/uploads\/2025\/01\/page-3-c.jpg\" \/>\n\t<meta property=\"og:image:width\" content=\"709\" \/>\n\t<meta property=\"og:image:height\" content=\"332\" \/>\n\t<meta property=\"og:image:type\" content=\"image\/jpeg\" \/>\n<meta name=\"author\" content=\"admin\" \/>\n<meta name=\"twitter:card\" content=\"summary_large_image\" \/>\n<meta name=\"twitter:label1\" content=\"\u00c9crit par\" \/>\n\t<meta name=\"twitter:data1\" content=\"admin\" \/>\n\t<meta name=\"twitter:label2\" content=\"Dur\u00e9e de lecture estim\u00e9e\" \/>\n\t<meta name=\"twitter:data2\" content=\"6 minutes\" \/>\n<script type=\"application\/ld+json\" class=\"yoast-schema-graph\">{\"@context\":\"https:\\\/\\\/schema.org\",\"@graph\":[{\"@type\":\"Article\",\"@id\":\"https:\\\/\\\/lasentinelle.dz\\\/index.php\\\/2025\\\/01\\\/16\\\/le-neocolonialisme-et-le-revisionnisme-de-lextreme-droite-denonces\\\/#article\",\"isPartOf\":{\"@id\":\"https:\\\/\\\/lasentinelle.dz\\\/index.php\\\/2025\\\/01\\\/16\\\/le-neocolonialisme-et-le-revisionnisme-de-lextreme-droite-denonces\\\/\"},\"author\":{\"name\":\"admin\",\"@id\":\"https:\\\/\\\/lasentinelle.dz\\\/#\\\/schema\\\/person\\\/729ee0024f24e0b8c5ec17232f8e8b41\"},\"headline\":\"Le n\u00e9ocolonialisme et le r\u00e9visionnisme de l\u2019extr\u00eame-droite d\u00e9nonc\u00e9s\",\"datePublished\":\"2025-01-16T12:09:24+00:00\",\"dateModified\":\"2025-01-18T12:09:54+00:00\",\"mainEntityOfPage\":{\"@id\":\"https:\\\/\\\/lasentinelle.dz\\\/index.php\\\/2025\\\/01\\\/16\\\/le-neocolonialisme-et-le-revisionnisme-de-lextreme-droite-denonces\\\/\"},\"wordCount\":1216,\"commentCount\":0,\"publisher\":{\"@id\":\"https:\\\/\\\/lasentinelle.dz\\\/#organization\"},\"image\":{\"@id\":\"https:\\\/\\\/lasentinelle.dz\\\/index.php\\\/2025\\\/01\\\/16\\\/le-neocolonialisme-et-le-revisionnisme-de-lextreme-droite-denonces\\\/#primaryimage\"},\"thumbnailUrl\":\"https:\\\/\\\/lasentinelle.dz\\\/wp-content\\\/uploads\\\/2025\\\/01\\\/page-3-c.jpg\",\"articleSection\":[\"\u00c0 la Une\",\"Actualit\u00e9\"],\"inLanguage\":\"fr-FR\",\"potentialAction\":[{\"@type\":\"CommentAction\",\"name\":\"Comment\",\"target\":[\"https:\\\/\\\/lasentinelle.dz\\\/index.php\\\/2025\\\/01\\\/16\\\/le-neocolonialisme-et-le-revisionnisme-de-lextreme-droite-denonces\\\/#respond\"]}]},{\"@type\":\"WebPage\",\"@id\":\"https:\\\/\\\/lasentinelle.dz\\\/index.php\\\/2025\\\/01\\\/16\\\/le-neocolonialisme-et-le-revisionnisme-de-lextreme-droite-denonces\\\/\",\"url\":\"https:\\\/\\\/lasentinelle.dz\\\/index.php\\\/2025\\\/01\\\/16\\\/le-neocolonialisme-et-le-revisionnisme-de-lextreme-droite-denonces\\\/\",\"name\":\"Le n\u00e9ocolonialisme et le r\u00e9visionnisme de l\u2019extr\u00eame-droite d\u00e9nonc\u00e9s - La Sentinelle\",\"isPartOf\":{\"@id\":\"https:\\\/\\\/lasentinelle.dz\\\/#website\"},\"primaryImageOfPage\":{\"@id\":\"https:\\\/\\\/lasentinelle.dz\\\/index.php\\\/2025\\\/01\\\/16\\\/le-neocolonialisme-et-le-revisionnisme-de-lextreme-droite-denonces\\\/#primaryimage\"},\"image\":{\"@id\":\"https:\\\/\\\/lasentinelle.dz\\\/index.php\\\/2025\\\/01\\\/16\\\/le-neocolonialisme-et-le-revisionnisme-de-lextreme-droite-denonces\\\/#primaryimage\"},\"thumbnailUrl\":\"https:\\\/\\\/lasentinelle.dz\\\/wp-content\\\/uploads\\\/2025\\\/01\\\/page-3-c.jpg\",\"datePublished\":\"2025-01-16T12:09:24+00:00\",\"dateModified\":\"2025-01-18T12:09:54+00:00\",\"breadcrumb\":{\"@id\":\"https:\\\/\\\/lasentinelle.dz\\\/index.php\\\/2025\\\/01\\\/16\\\/le-neocolonialisme-et-le-revisionnisme-de-lextreme-droite-denonces\\\/#breadcrumb\"},\"inLanguage\":\"fr-FR\",\"potentialAction\":[{\"@type\":\"ReadAction\",\"target\":[\"https:\\\/\\\/lasentinelle.dz\\\/index.php\\\/2025\\\/01\\\/16\\\/le-neocolonialisme-et-le-revisionnisme-de-lextreme-droite-denonces\\\/\"]}]},{\"@type\":\"ImageObject\",\"inLanguage\":\"fr-FR\",\"@id\":\"https:\\\/\\\/lasentinelle.dz\\\/index.php\\\/2025\\\/01\\\/16\\\/le-neocolonialisme-et-le-revisionnisme-de-lextreme-droite-denonces\\\/#primaryimage\",\"url\":\"https:\\\/\\\/lasentinelle.dz\\\/wp-content\\\/uploads\\\/2025\\\/01\\\/page-3-c.jpg\",\"contentUrl\":\"https:\\\/\\\/lasentinelle.dz\\\/wp-content\\\/uploads\\\/2025\\\/01\\\/page-3-c.jpg\",\"width\":709,\"height\":332},{\"@type\":\"BreadcrumbList\",\"@id\":\"https:\\\/\\\/lasentinelle.dz\\\/index.php\\\/2025\\\/01\\\/16\\\/le-neocolonialisme-et-le-revisionnisme-de-lextreme-droite-denonces\\\/#breadcrumb\",\"itemListElement\":[{\"@type\":\"ListItem\",\"position\":1,\"name\":\"Accueil\",\"item\":\"https:\\\/\\\/lasentinelle.dz\\\/\"},{\"@type\":\"ListItem\",\"position\":2,\"name\":\"Le n\u00e9ocolonialisme et le r\u00e9visionnisme de l\u2019extr\u00eame-droite d\u00e9nonc\u00e9s\"}]},{\"@type\":\"WebSite\",\"@id\":\"https:\\\/\\\/lasentinelle.dz\\\/#website\",\"url\":\"https:\\\/\\\/lasentinelle.dz\\\/\",\"name\":\"La Sentinelle\",\"description\":\"Quotidien national d&#039;information\",\"publisher\":{\"@id\":\"https:\\\/\\\/lasentinelle.dz\\\/#organization\"},\"potentialAction\":[{\"@type\":\"SearchAction\",\"target\":{\"@type\":\"EntryPoint\",\"urlTemplate\":\"https:\\\/\\\/lasentinelle.dz\\\/?s={search_term_string}\"},\"query-input\":{\"@type\":\"PropertyValueSpecification\",\"valueRequired\":true,\"valueName\":\"search_term_string\"}}],\"inLanguage\":\"fr-FR\"},{\"@type\":\"Organization\",\"@id\":\"https:\\\/\\\/lasentinelle.dz\\\/#organization\",\"name\":\"Quotidien La Sentinelle\",\"url\":\"https:\\\/\\\/lasentinelle.dz\\\/\",\"logo\":{\"@type\":\"ImageObject\",\"inLanguage\":\"fr-FR\",\"@id\":\"https:\\\/\\\/lasentinelle.dz\\\/#\\\/schema\\\/logo\\\/image\\\/\",\"url\":\"https:\\\/\\\/lasentinelle.dz\\\/wp-content\\\/uploads\\\/2021\\\/09\\\/logo-sentinelleSLOGAN-1.png\",\"contentUrl\":\"https:\\\/\\\/lasentinelle.dz\\\/wp-content\\\/uploads\\\/2021\\\/09\\\/logo-sentinelleSLOGAN-1.png\",\"width\":615,\"height\":142,\"caption\":\"Quotidien La Sentinelle\"},\"image\":{\"@id\":\"https:\\\/\\\/lasentinelle.dz\\\/#\\\/schema\\\/logo\\\/image\\\/\"},\"sameAs\":[\"https:\\\/\\\/www.facebook.com\\\/La-Sentinelle-104059864394773\"]},{\"@type\":\"Person\",\"@id\":\"https:\\\/\\\/lasentinelle.dz\\\/#\\\/schema\\\/person\\\/729ee0024f24e0b8c5ec17232f8e8b41\",\"name\":\"admin\",\"image\":{\"@type\":\"ImageObject\",\"inLanguage\":\"fr-FR\",\"@id\":\"https:\\\/\\\/secure.gravatar.com\\\/avatar\\\/4c81fed838786e9b53f540bf46533e750f5d292099ae3b66cfc6fb1982e29df7?s=96&d=mm&r=g\",\"url\":\"https:\\\/\\\/secure.gravatar.com\\\/avatar\\\/4c81fed838786e9b53f540bf46533e750f5d292099ae3b66cfc6fb1982e29df7?s=96&d=mm&r=g\",\"contentUrl\":\"https:\\\/\\\/secure.gravatar.com\\\/avatar\\\/4c81fed838786e9b53f540bf46533e750f5d292099ae3b66cfc6fb1982e29df7?s=96&d=mm&r=g\",\"caption\":\"admin\"},\"description\":\"admin\",\"url\":\"https:\\\/\\\/lasentinelle.dz\\\/author\\\/admin\\\/\"}]}<\/script>\n<!-- \/ Yoast SEO plugin. -->","yoast_head_json":{"title":"Le n\u00e9ocolonialisme et le r\u00e9visionnisme de l\u2019extr\u00eame-droite d\u00e9nonc\u00e9s - La Sentinelle","robots":{"index":"index","follow":"follow","max-snippet":"max-snippet:-1","max-image-preview":"max-image-preview:large","max-video-preview":"max-video-preview:-1"},"canonical":"https:\/\/lasentinelle.dz\/index.php\/2025\/01\/16\/le-neocolonialisme-et-le-revisionnisme-de-lextreme-droite-denonces\/","og_locale":"fr_FR","og_type":"article","og_title":"Le n\u00e9ocolonialisme et le r\u00e9visionnisme de l\u2019extr\u00eame-droite d\u00e9nonc\u00e9s - La Sentinelle","og_description":"La mont\u00e9e des tensions diplomatiques entre la France et l&rsquo;Alg\u00e9rie, exacerb\u00e9e par une r\u00e9cente campagne de d\u00e9sinformation men\u00e9e par l&rsquo;extr\u00eame","og_url":"https:\/\/lasentinelle.dz\/index.php\/2025\/01\/16\/le-neocolonialisme-et-le-revisionnisme-de-lextreme-droite-denonces\/","og_site_name":"La Sentinelle","article_publisher":"https:\/\/www.facebook.com\/La-Sentinelle-104059864394773","article_published_time":"2025-01-16T12:09:24+00:00","article_modified_time":"2025-01-18T12:09:54+00:00","og_image":[{"width":709,"height":332,"url":"https:\/\/lasentinelle.dz\/wp-content\/uploads\/2025\/01\/page-3-c.jpg","type":"image\/jpeg"}],"author":"admin","twitter_card":"summary_large_image","twitter_misc":{"\u00c9crit par":"admin","Dur\u00e9e de lecture estim\u00e9e":"6 minutes"},"schema":{"@context":"https:\/\/schema.org","@graph":[{"@type":"Article","@id":"https:\/\/lasentinelle.dz\/index.php\/2025\/01\/16\/le-neocolonialisme-et-le-revisionnisme-de-lextreme-droite-denonces\/#article","isPartOf":{"@id":"https:\/\/lasentinelle.dz\/index.php\/2025\/01\/16\/le-neocolonialisme-et-le-revisionnisme-de-lextreme-droite-denonces\/"},"author":{"name":"admin","@id":"https:\/\/lasentinelle.dz\/#\/schema\/person\/729ee0024f24e0b8c5ec17232f8e8b41"},"headline":"Le n\u00e9ocolonialisme et le r\u00e9visionnisme de l\u2019extr\u00eame-droite d\u00e9nonc\u00e9s","datePublished":"2025-01-16T12:09:24+00:00","dateModified":"2025-01-18T12:09:54+00:00","mainEntityOfPage":{"@id":"https:\/\/lasentinelle.dz\/index.php\/2025\/01\/16\/le-neocolonialisme-et-le-revisionnisme-de-lextreme-droite-denonces\/"},"wordCount":1216,"commentCount":0,"publisher":{"@id":"https:\/\/lasentinelle.dz\/#organization"},"image":{"@id":"https:\/\/lasentinelle.dz\/index.php\/2025\/01\/16\/le-neocolonialisme-et-le-revisionnisme-de-lextreme-droite-denonces\/#primaryimage"},"thumbnailUrl":"https:\/\/lasentinelle.dz\/wp-content\/uploads\/2025\/01\/page-3-c.jpg","articleSection":["\u00c0 la Une","Actualit\u00e9"],"inLanguage":"fr-FR","potentialAction":[{"@type":"CommentAction","name":"Comment","target":["https:\/\/lasentinelle.dz\/index.php\/2025\/01\/16\/le-neocolonialisme-et-le-revisionnisme-de-lextreme-droite-denonces\/#respond"]}]},{"@type":"WebPage","@id":"https:\/\/lasentinelle.dz\/index.php\/2025\/01\/16\/le-neocolonialisme-et-le-revisionnisme-de-lextreme-droite-denonces\/","url":"https:\/\/lasentinelle.dz\/index.php\/2025\/01\/16\/le-neocolonialisme-et-le-revisionnisme-de-lextreme-droite-denonces\/","name":"Le n\u00e9ocolonialisme et le r\u00e9visionnisme de l\u2019extr\u00eame-droite d\u00e9nonc\u00e9s - La Sentinelle","isPartOf":{"@id":"https:\/\/lasentinelle.dz\/#website"},"primaryImageOfPage":{"@id":"https:\/\/lasentinelle.dz\/index.php\/2025\/01\/16\/le-neocolonialisme-et-le-revisionnisme-de-lextreme-droite-denonces\/#primaryimage"},"image":{"@id":"https:\/\/lasentinelle.dz\/index.php\/2025\/01\/16\/le-neocolonialisme-et-le-revisionnisme-de-lextreme-droite-denonces\/#primaryimage"},"thumbnailUrl":"https:\/\/lasentinelle.dz\/wp-content\/uploads\/2025\/01\/page-3-c.jpg","datePublished":"2025-01-16T12:09:24+00:00","dateModified":"2025-01-18T12:09:54+00:00","breadcrumb":{"@id":"https:\/\/lasentinelle.dz\/index.php\/2025\/01\/16\/le-neocolonialisme-et-le-revisionnisme-de-lextreme-droite-denonces\/#breadcrumb"},"inLanguage":"fr-FR","potentialAction":[{"@type":"ReadAction","target":["https:\/\/lasentinelle.dz\/index.php\/2025\/01\/16\/le-neocolonialisme-et-le-revisionnisme-de-lextreme-droite-denonces\/"]}]},{"@type":"ImageObject","inLanguage":"fr-FR","@id":"https:\/\/lasentinelle.dz\/index.php\/2025\/01\/16\/le-neocolonialisme-et-le-revisionnisme-de-lextreme-droite-denonces\/#primaryimage","url":"https:\/\/lasentinelle.dz\/wp-content\/uploads\/2025\/01\/page-3-c.jpg","contentUrl":"https:\/\/lasentinelle.dz\/wp-content\/uploads\/2025\/01\/page-3-c.jpg","width":709,"height":332},{"@type":"BreadcrumbList","@id":"https:\/\/lasentinelle.dz\/index.php\/2025\/01\/16\/le-neocolonialisme-et-le-revisionnisme-de-lextreme-droite-denonces\/#breadcrumb","itemListElement":[{"@type":"ListItem","position":1,"name":"Accueil","item":"https:\/\/lasentinelle.dz\/"},{"@type":"ListItem","position":2,"name":"Le n\u00e9ocolonialisme et le r\u00e9visionnisme de l\u2019extr\u00eame-droite d\u00e9nonc\u00e9s"}]},{"@type":"WebSite","@id":"https:\/\/lasentinelle.dz\/#website","url":"https:\/\/lasentinelle.dz\/","name":"La Sentinelle","description":"Quotidien national d&#039;information","publisher":{"@id":"https:\/\/lasentinelle.dz\/#organization"},"potentialAction":[{"@type":"SearchAction","target":{"@type":"EntryPoint","urlTemplate":"https:\/\/lasentinelle.dz\/?s={search_term_string}"},"query-input":{"@type":"PropertyValueSpecification","valueRequired":true,"valueName":"search_term_string"}}],"inLanguage":"fr-FR"},{"@type":"Organization","@id":"https:\/\/lasentinelle.dz\/#organization","name":"Quotidien La Sentinelle","url":"https:\/\/lasentinelle.dz\/","logo":{"@type":"ImageObject","inLanguage":"fr-FR","@id":"https:\/\/lasentinelle.dz\/#\/schema\/logo\/image\/","url":"https:\/\/lasentinelle.dz\/wp-content\/uploads\/2021\/09\/logo-sentinelleSLOGAN-1.png","contentUrl":"https:\/\/lasentinelle.dz\/wp-content\/uploads\/2021\/09\/logo-sentinelleSLOGAN-1.png","width":615,"height":142,"caption":"Quotidien La Sentinelle"},"image":{"@id":"https:\/\/lasentinelle.dz\/#\/schema\/logo\/image\/"},"sameAs":["https:\/\/www.facebook.com\/La-Sentinelle-104059864394773"]},{"@type":"Person","@id":"https:\/\/lasentinelle.dz\/#\/schema\/person\/729ee0024f24e0b8c5ec17232f8e8b41","name":"admin","image":{"@type":"ImageObject","inLanguage":"fr-FR","@id":"https:\/\/secure.gravatar.com\/avatar\/4c81fed838786e9b53f540bf46533e750f5d292099ae3b66cfc6fb1982e29df7?s=96&d=mm&r=g","url":"https:\/\/secure.gravatar.com\/avatar\/4c81fed838786e9b53f540bf46533e750f5d292099ae3b66cfc6fb1982e29df7?s=96&d=mm&r=g","contentUrl":"https:\/\/secure.gravatar.com\/avatar\/4c81fed838786e9b53f540bf46533e750f5d292099ae3b66cfc6fb1982e29df7?s=96&d=mm&r=g","caption":"admin"},"description":"admin","url":"https:\/\/lasentinelle.dz\/author\/admin\/"}]}},"_links":{"self":[{"href":"https:\/\/lasentinelle.dz\/index.php\/wp-json\/wp\/v2\/posts\/61747","targetHints":{"allow":["GET"]}}],"collection":[{"href":"https:\/\/lasentinelle.dz\/index.php\/wp-json\/wp\/v2\/posts"}],"about":[{"href":"https:\/\/lasentinelle.dz\/index.php\/wp-json\/wp\/v2\/types\/post"}],"author":[{"embeddable":true,"href":"https:\/\/lasentinelle.dz\/index.php\/wp-json\/wp\/v2\/users\/6"}],"replies":[{"embeddable":true,"href":"https:\/\/lasentinelle.dz\/index.php\/wp-json\/wp\/v2\/comments?post=61747"}],"version-history":[{"count":1,"href":"https:\/\/lasentinelle.dz\/index.php\/wp-json\/wp\/v2\/posts\/61747\/revisions"}],"predecessor-version":[{"id":61749,"href":"https:\/\/lasentinelle.dz\/index.php\/wp-json\/wp\/v2\/posts\/61747\/revisions\/61749"}],"wp:featuredmedia":[{"embeddable":true,"href":"https:\/\/lasentinelle.dz\/index.php\/wp-json\/wp\/v2\/media\/61748"}],"wp:attachment":[{"href":"https:\/\/lasentinelle.dz\/index.php\/wp-json\/wp\/v2\/media?parent=61747"}],"wp:term":[{"taxonomy":"category","embeddable":true,"href":"https:\/\/lasentinelle.dz\/index.php\/wp-json\/wp\/v2\/categories?post=61747"},{"taxonomy":"post_tag","embeddable":true,"href":"https:\/\/lasentinelle.dz\/index.php\/wp-json\/wp\/v2\/tags?post=61747"}],"curies":[{"name":"wp","href":"https:\/\/api.w.org\/{rel}","templated":true}]}}