{"id":61750,"date":"2025-01-16T13:10:14","date_gmt":"2025-01-16T12:10:14","guid":{"rendered":"https:\/\/lasentinelle.dz\/?p=61750"},"modified":"2025-01-18T13:10:38","modified_gmt":"2025-01-18T12:10:38","slug":"reunion-du-gouvernement-plusieurs-dossiers-a-lordre-du-jour-3","status":"publish","type":"post","link":"https:\/\/lasentinelle.dz\/index.php\/2025\/01\/16\/reunion-du-gouvernement-plusieurs-dossiers-a-lordre-du-jour-3\/","title":{"rendered":"R\u00e9union du Gouvernement: Plusieurs dossiers \u00e0 l\u2019ordre du jour"},"content":{"rendered":"\n<p>Le Premier ministre Nadir Larbaoui a pr\u00e9sid\u00e9 ce mercredi \u00e0 Alger une r\u00e9union du gouvernement qui a permis d&rsquo;examiner plusieurs dossiers strat\u00e9giques touchant notamment aux secteurs des for\u00eats, de la formation professionnelle, de l&rsquo;hydraulique et de la sant\u00e9. Au c\u0153ur des discussions figurait l&rsquo;examen du cadre r\u00e9glementaire relatif \u00e0 l&rsquo;inventaire des richesses foresti\u00e8res nationales. Cette r\u00e9vision s&rsquo;inscrit dans le cadre de la loi 23-21 relative aux for\u00eats et aux richesses foresti\u00e8res, avec pour objectif d&rsquo;optimiser la gestion et l&rsquo;exploitation durable du patrimoine forestier national \u00e0 travers diff\u00e9rents plans de d\u00e9veloppement, d&rsquo;am\u00e9nagement et de gestion. La r\u00e9union a \u00e9galement \u00e9t\u00e9 l&rsquo;occasion de faire le point sur les conclusions des assises nationales d\u00e9di\u00e9es \u00e0 la r\u00e9forme de la formation professionnelle. Ces travaux ont abouti \u00e0 l&rsquo;\u00e9laboration d&rsquo;une feuille de route sectorielle ambitieuse, visant une r\u00e9forme structurelle du secteur. L&rsquo;objectif est double : moderniser la formation professionnelle tout en renfor\u00e7ant son attractivit\u00e9, pour en faire un v\u00e9ritable pilier du d\u00e9veloppement national r\u00e9pondant aux exigences \u00e9conomiques et sociales actuelles. Dans le domaine hydraulique, conform\u00e9ment aux directives pr\u00e9sidentielles concernant le renforcement de la s\u00e9curit\u00e9 hydrique et l&rsquo;am\u00e9lioration du taux de r\u00e9cup\u00e9ration des eaux us\u00e9es, plusieurs projets d&rsquo;envergure ont \u00e9t\u00e9 examin\u00e9s. Parmi eux, le projet d&rsquo;approvisionnement en eau des localit\u00e9s de B\u00e9char, Abadla et Kenadsa, qui sera aliment\u00e9 par les eaux souterraines du champ de captage El Guetrani dans la commune de Beni Ounif. La construction de deux nouvelles stations d&rsquo;\u00e9puration des eaux us\u00e9es, l&rsquo;une \u00e0 B\u00e9char et l&rsquo;autre dans la ville nouvelle de Bouinan \u00e0 Blida, a \u00e9galement \u00e9t\u00e9 discut\u00e9e. Ces infrastructures s&rsquo;inscrivent dans la strat\u00e9gie gouvernementale de r\u00e9utilisation des eaux us\u00e9es trait\u00e9es au profit des secteurs agricole et industriel. En fin de s\u00e9ance, le gouvernement s&rsquo;est pench\u00e9 sur l&rsquo;\u00e9volution du cadre r\u00e9glementaire concernant l&rsquo;homologation des dispositifs m\u00e9dicaux. Les discussions ont port\u00e9 sur l&rsquo;assouplissement des proc\u00e9dures d&rsquo;examen des dossiers, tout en maintenant le respect des normes scientifiques et internationales en vigueur.<\/p>\n\n\n\n<p>R.N.<\/p>\n","protected":false},"excerpt":{"rendered":"<p>Le Premier ministre Nadir Larbaoui a pr\u00e9sid\u00e9 ce mercredi \u00e0 Alger une r\u00e9union du gouvernement qui a permis d&rsquo;examiner plusieurs<\/p>\n","protected":false},"author":6,"featured_media":38335,"comment_status":"open","ping_status":"closed","sticky":false,"template":"","format":"standard","meta":{"colormag_page_container_layout":"default_layout","colormag_page_sidebar_layout":"default_layout","om_disable_all_campaigns":false,"_monsterinsights_skip_tracking":false,"_monsterinsights_sitenote_active":false,"_monsterinsights_sitenote_note":"","_monsterinsights_sitenote_category":0,"footnotes":"","_wpscppro_dont_share_socialmedia":false,"_wpscppro_custom_social_share_image":0,"_facebook_share_type":"default","_twitter_share_type":"default","_linkedin_share_type":"default","_pinterest_share_type":"default","_linkedin_share_type_page":"","_instagram_share_type":"default","_medium_share_type":"default","_threads_share_type":"","_google_business_share_type":"","_selected_social_profile":[],"_wpsp_enable_custom_social_template":false,"_wpsp_social_scheduling":{"enabled":false,"datetime":null,"platforms":[],"status":"template_only","dateOption":"today","timeOption":"now","customDays":"","customHours":"","customDate":"","customTime":"","schedulingType":"absolute"},"_wpsp_active_default_template":true},"categories":[27],"tags":[],"class_list":["post-61750","post","type-post","status-publish","format-standard","has-post-thumbnail","hentry","category-actualite"],"aioseo_notices":[],"yoast_head":"<!-- This site is optimized with the Yoast SEO plugin v27.5 - https:\/\/yoast.com\/product\/yoast-seo-wordpress\/ -->\n<title>R\u00e9union du Gouvernement: Plusieurs dossiers \u00e0 l\u2019ordre du jour - La Sentinelle<\/title>\n<meta name=\"robots\" content=\"index, follow, max-snippet:-1, max-image-preview:large, max-video-preview:-1\" \/>\n<link rel=\"canonical\" href=\"https:\/\/lasentinelle.dz\/index.php\/2025\/01\/16\/reunion-du-gouvernement-plusieurs-dossiers-a-lordre-du-jour-3\/\" \/>\n<meta property=\"og:locale\" content=\"fr_FR\" \/>\n<meta property=\"og:type\" content=\"article\" \/>\n<meta property=\"og:title\" content=\"R\u00e9union du Gouvernement: Plusieurs dossiers \u00e0 l\u2019ordre du jour - La Sentinelle\" \/>\n<meta property=\"og:description\" content=\"Le Premier ministre Nadir Larbaoui a pr\u00e9sid\u00e9 ce mercredi \u00e0 Alger une r\u00e9union du gouvernement qui a permis d&rsquo;examiner plusieurs\" \/>\n<meta property=\"og:url\" content=\"https:\/\/lasentinelle.dz\/index.php\/2025\/01\/16\/reunion-du-gouvernement-plusieurs-dossiers-a-lordre-du-jour-3\/\" \/>\n<meta property=\"og:site_name\" content=\"La Sentinelle\" \/>\n<meta property=\"article:publisher\" content=\"https:\/\/www.facebook.com\/La-Sentinelle-104059864394773\" \/>\n<meta property=\"article:published_time\" content=\"2025-01-16T12:10:14+00:00\" \/>\n<meta property=\"article:modified_time\" content=\"2025-01-18T12:10:38+00:00\" \/>\n<meta property=\"og:image\" content=\"https:\/\/lasentinelle.dz\/wp-content\/uploads\/2023\/03\/Palais-du-Gouvernement-1.png\" \/>\n\t<meta property=\"og:image:width\" content=\"1349\" \/>\n\t<meta property=\"og:image:height\" content=\"900\" \/>\n\t<meta property=\"og:image:type\" content=\"image\/png\" \/>\n<meta name=\"author\" content=\"admin\" \/>\n<meta name=\"twitter:card\" content=\"summary_large_image\" \/>\n<meta name=\"twitter:label1\" content=\"\u00c9crit par\" \/>\n\t<meta name=\"twitter:data1\" content=\"admin\" \/>\n\t<meta name=\"twitter:label2\" content=\"Dur\u00e9e de lecture estim\u00e9e\" \/>\n\t<meta name=\"twitter:data2\" content=\"2 minutes\" \/>\n<script type=\"application\/ld+json\" class=\"yoast-schema-graph\">{\"@context\":\"https:\\\/\\\/schema.org\",\"@graph\":[{\"@type\":\"Article\",\"@id\":\"https:\\\/\\\/lasentinelle.dz\\\/index.php\\\/2025\\\/01\\\/16\\\/reunion-du-gouvernement-plusieurs-dossiers-a-lordre-du-jour-3\\\/#article\",\"isPartOf\":{\"@id\":\"https:\\\/\\\/lasentinelle.dz\\\/index.php\\\/2025\\\/01\\\/16\\\/reunion-du-gouvernement-plusieurs-dossiers-a-lordre-du-jour-3\\\/\"},\"author\":{\"name\":\"admin\",\"@id\":\"https:\\\/\\\/lasentinelle.dz\\\/#\\\/schema\\\/person\\\/729ee0024f24e0b8c5ec17232f8e8b41\"},\"headline\":\"R\u00e9union du Gouvernement: Plusieurs dossiers \u00e0 l\u2019ordre du jour\",\"datePublished\":\"2025-01-16T12:10:14+00:00\",\"dateModified\":\"2025-01-18T12:10:38+00:00\",\"mainEntityOfPage\":{\"@id\":\"https:\\\/\\\/lasentinelle.dz\\\/index.php\\\/2025\\\/01\\\/16\\\/reunion-du-gouvernement-plusieurs-dossiers-a-lordre-du-jour-3\\\/\"},\"wordCount\":387,\"commentCount\":0,\"publisher\":{\"@id\":\"https:\\\/\\\/lasentinelle.dz\\\/#organization\"},\"image\":{\"@id\":\"https:\\\/\\\/lasentinelle.dz\\\/index.php\\\/2025\\\/01\\\/16\\\/reunion-du-gouvernement-plusieurs-dossiers-a-lordre-du-jour-3\\\/#primaryimage\"},\"thumbnailUrl\":\"https:\\\/\\\/lasentinelle.dz\\\/wp-content\\\/uploads\\\/2023\\\/03\\\/Palais-du-Gouvernement-1.png\",\"articleSection\":[\"Actualit\u00e9\"],\"inLanguage\":\"fr-FR\",\"potentialAction\":[{\"@type\":\"CommentAction\",\"name\":\"Comment\",\"target\":[\"https:\\\/\\\/lasentinelle.dz\\\/index.php\\\/2025\\\/01\\\/16\\\/reunion-du-gouvernement-plusieurs-dossiers-a-lordre-du-jour-3\\\/#respond\"]}]},{\"@type\":\"WebPage\",\"@id\":\"https:\\\/\\\/lasentinelle.dz\\\/index.php\\\/2025\\\/01\\\/16\\\/reunion-du-gouvernement-plusieurs-dossiers-a-lordre-du-jour-3\\\/\",\"url\":\"https:\\\/\\\/lasentinelle.dz\\\/index.php\\\/2025\\\/01\\\/16\\\/reunion-du-gouvernement-plusieurs-dossiers-a-lordre-du-jour-3\\\/\",\"name\":\"R\u00e9union du Gouvernement: Plusieurs dossiers \u00e0 l\u2019ordre du jour - La Sentinelle\",\"isPartOf\":{\"@id\":\"https:\\\/\\\/lasentinelle.dz\\\/#website\"},\"primaryImageOfPage\":{\"@id\":\"https:\\\/\\\/lasentinelle.dz\\\/index.php\\\/2025\\\/01\\\/16\\\/reunion-du-gouvernement-plusieurs-dossiers-a-lordre-du-jour-3\\\/#primaryimage\"},\"image\":{\"@id\":\"https:\\\/\\\/lasentinelle.dz\\\/index.php\\\/2025\\\/01\\\/16\\\/reunion-du-gouvernement-plusieurs-dossiers-a-lordre-du-jour-3\\\/#primaryimage\"},\"thumbnailUrl\":\"https:\\\/\\\/lasentinelle.dz\\\/wp-content\\\/uploads\\\/2023\\\/03\\\/Palais-du-Gouvernement-1.png\",\"datePublished\":\"2025-01-16T12:10:14+00:00\",\"dateModified\":\"2025-01-18T12:10:38+00:00\",\"breadcrumb\":{\"@id\":\"https:\\\/\\\/lasentinelle.dz\\\/index.php\\\/2025\\\/01\\\/16\\\/reunion-du-gouvernement-plusieurs-dossiers-a-lordre-du-jour-3\\\/#breadcrumb\"},\"inLanguage\":\"fr-FR\",\"potentialAction\":[{\"@type\":\"ReadAction\",\"target\":[\"https:\\\/\\\/lasentinelle.dz\\\/index.php\\\/2025\\\/01\\\/16\\\/reunion-du-gouvernement-plusieurs-dossiers-a-lordre-du-jour-3\\\/\"]}]},{\"@type\":\"ImageObject\",\"inLanguage\":\"fr-FR\",\"@id\":\"https:\\\/\\\/lasentinelle.dz\\\/index.php\\\/2025\\\/01\\\/16\\\/reunion-du-gouvernement-plusieurs-dossiers-a-lordre-du-jour-3\\\/#primaryimage\",\"url\":\"https:\\\/\\\/lasentinelle.dz\\\/wp-content\\\/uploads\\\/2023\\\/03\\\/Palais-du-Gouvernement-1.png\",\"contentUrl\":\"https:\\\/\\\/lasentinelle.dz\\\/wp-content\\\/uploads\\\/2023\\\/03\\\/Palais-du-Gouvernement-1.png\",\"width\":1349,\"height\":900},{\"@type\":\"BreadcrumbList\",\"@id\":\"https:\\\/\\\/lasentinelle.dz\\\/index.php\\\/2025\\\/01\\\/16\\\/reunion-du-gouvernement-plusieurs-dossiers-a-lordre-du-jour-3\\\/#breadcrumb\",\"itemListElement\":[{\"@type\":\"ListItem\",\"position\":1,\"name\":\"Accueil\",\"item\":\"https:\\\/\\\/lasentinelle.dz\\\/\"},{\"@type\":\"ListItem\",\"position\":2,\"name\":\"R\u00e9union du Gouvernement: Plusieurs dossiers \u00e0 l\u2019ordre du jour\"}]},{\"@type\":\"WebSite\",\"@id\":\"https:\\\/\\\/lasentinelle.dz\\\/#website\",\"url\":\"https:\\\/\\\/lasentinelle.dz\\\/\",\"name\":\"La Sentinelle\",\"description\":\"Quotidien national d&#039;information\",\"publisher\":{\"@id\":\"https:\\\/\\\/lasentinelle.dz\\\/#organization\"},\"potentialAction\":[{\"@type\":\"SearchAction\",\"target\":{\"@type\":\"EntryPoint\",\"urlTemplate\":\"https:\\\/\\\/lasentinelle.dz\\\/?s={search_term_string}\"},\"query-input\":{\"@type\":\"PropertyValueSpecification\",\"valueRequired\":true,\"valueName\":\"search_term_string\"}}],\"inLanguage\":\"fr-FR\"},{\"@type\":\"Organization\",\"@id\":\"https:\\\/\\\/lasentinelle.dz\\\/#organization\",\"name\":\"Quotidien La Sentinelle\",\"url\":\"https:\\\/\\\/lasentinelle.dz\\\/\",\"logo\":{\"@type\":\"ImageObject\",\"inLanguage\":\"fr-FR\",\"@id\":\"https:\\\/\\\/lasentinelle.dz\\\/#\\\/schema\\\/logo\\\/image\\\/\",\"url\":\"https:\\\/\\\/lasentinelle.dz\\\/wp-content\\\/uploads\\\/2021\\\/09\\\/logo-sentinelleSLOGAN-1.png\",\"contentUrl\":\"https:\\\/\\\/lasentinelle.dz\\\/wp-content\\\/uploads\\\/2021\\\/09\\\/logo-sentinelleSLOGAN-1.png\",\"width\":615,\"height\":142,\"caption\":\"Quotidien La Sentinelle\"},\"image\":{\"@id\":\"https:\\\/\\\/lasentinelle.dz\\\/#\\\/schema\\\/logo\\\/image\\\/\"},\"sameAs\":[\"https:\\\/\\\/www.facebook.com\\\/La-Sentinelle-104059864394773\"]},{\"@type\":\"Person\",\"@id\":\"https:\\\/\\\/lasentinelle.dz\\\/#\\\/schema\\\/person\\\/729ee0024f24e0b8c5ec17232f8e8b41\",\"name\":\"admin\",\"image\":{\"@type\":\"ImageObject\",\"inLanguage\":\"fr-FR\",\"@id\":\"https:\\\/\\\/secure.gravatar.com\\\/avatar\\\/4c81fed838786e9b53f540bf46533e750f5d292099ae3b66cfc6fb1982e29df7?s=96&d=mm&r=g\",\"url\":\"https:\\\/\\\/secure.gravatar.com\\\/avatar\\\/4c81fed838786e9b53f540bf46533e750f5d292099ae3b66cfc6fb1982e29df7?s=96&d=mm&r=g\",\"contentUrl\":\"https:\\\/\\\/secure.gravatar.com\\\/avatar\\\/4c81fed838786e9b53f540bf46533e750f5d292099ae3b66cfc6fb1982e29df7?s=96&d=mm&r=g\",\"caption\":\"admin\"},\"description\":\"admin\",\"url\":\"https:\\\/\\\/lasentinelle.dz\\\/author\\\/admin\\\/\"}]}<\/script>\n<!-- \/ Yoast SEO plugin. -->","yoast_head_json":{"title":"R\u00e9union du Gouvernement: Plusieurs dossiers \u00e0 l\u2019ordre du jour - La Sentinelle","robots":{"index":"index","follow":"follow","max-snippet":"max-snippet:-1","max-image-preview":"max-image-preview:large","max-video-preview":"max-video-preview:-1"},"canonical":"https:\/\/lasentinelle.dz\/index.php\/2025\/01\/16\/reunion-du-gouvernement-plusieurs-dossiers-a-lordre-du-jour-3\/","og_locale":"fr_FR","og_type":"article","og_title":"R\u00e9union du Gouvernement: Plusieurs dossiers \u00e0 l\u2019ordre du jour - La Sentinelle","og_description":"Le Premier ministre Nadir Larbaoui a pr\u00e9sid\u00e9 ce mercredi \u00e0 Alger une r\u00e9union du gouvernement qui a permis d&rsquo;examiner plusieurs","og_url":"https:\/\/lasentinelle.dz\/index.php\/2025\/01\/16\/reunion-du-gouvernement-plusieurs-dossiers-a-lordre-du-jour-3\/","og_site_name":"La Sentinelle","article_publisher":"https:\/\/www.facebook.com\/La-Sentinelle-104059864394773","article_published_time":"2025-01-16T12:10:14+00:00","article_modified_time":"2025-01-18T12:10:38+00:00","og_image":[{"width":1349,"height":900,"url":"https:\/\/lasentinelle.dz\/wp-content\/uploads\/2023\/03\/Palais-du-Gouvernement-1.png","type":"image\/png"}],"author":"admin","twitter_card":"summary_large_image","twitter_misc":{"\u00c9crit par":"admin","Dur\u00e9e de lecture estim\u00e9e":"2 minutes"},"schema":{"@context":"https:\/\/schema.org","@graph":[{"@type":"Article","@id":"https:\/\/lasentinelle.dz\/index.php\/2025\/01\/16\/reunion-du-gouvernement-plusieurs-dossiers-a-lordre-du-jour-3\/#article","isPartOf":{"@id":"https:\/\/lasentinelle.dz\/index.php\/2025\/01\/16\/reunion-du-gouvernement-plusieurs-dossiers-a-lordre-du-jour-3\/"},"author":{"name":"admin","@id":"https:\/\/lasentinelle.dz\/#\/schema\/person\/729ee0024f24e0b8c5ec17232f8e8b41"},"headline":"R\u00e9union du Gouvernement: Plusieurs dossiers \u00e0 l\u2019ordre du jour","datePublished":"2025-01-16T12:10:14+00:00","dateModified":"2025-01-18T12:10:38+00:00","mainEntityOfPage":{"@id":"https:\/\/lasentinelle.dz\/index.php\/2025\/01\/16\/reunion-du-gouvernement-plusieurs-dossiers-a-lordre-du-jour-3\/"},"wordCount":387,"commentCount":0,"publisher":{"@id":"https:\/\/lasentinelle.dz\/#organization"},"image":{"@id":"https:\/\/lasentinelle.dz\/index.php\/2025\/01\/16\/reunion-du-gouvernement-plusieurs-dossiers-a-lordre-du-jour-3\/#primaryimage"},"thumbnailUrl":"https:\/\/lasentinelle.dz\/wp-content\/uploads\/2023\/03\/Palais-du-Gouvernement-1.png","articleSection":["Actualit\u00e9"],"inLanguage":"fr-FR","potentialAction":[{"@type":"CommentAction","name":"Comment","target":["https:\/\/lasentinelle.dz\/index.php\/2025\/01\/16\/reunion-du-gouvernement-plusieurs-dossiers-a-lordre-du-jour-3\/#respond"]}]},{"@type":"WebPage","@id":"https:\/\/lasentinelle.dz\/index.php\/2025\/01\/16\/reunion-du-gouvernement-plusieurs-dossiers-a-lordre-du-jour-3\/","url":"https:\/\/lasentinelle.dz\/index.php\/2025\/01\/16\/reunion-du-gouvernement-plusieurs-dossiers-a-lordre-du-jour-3\/","name":"R\u00e9union du Gouvernement: Plusieurs dossiers \u00e0 l\u2019ordre du jour - La Sentinelle","isPartOf":{"@id":"https:\/\/lasentinelle.dz\/#website"},"primaryImageOfPage":{"@id":"https:\/\/lasentinelle.dz\/index.php\/2025\/01\/16\/reunion-du-gouvernement-plusieurs-dossiers-a-lordre-du-jour-3\/#primaryimage"},"image":{"@id":"https:\/\/lasentinelle.dz\/index.php\/2025\/01\/16\/reunion-du-gouvernement-plusieurs-dossiers-a-lordre-du-jour-3\/#primaryimage"},"thumbnailUrl":"https:\/\/lasentinelle.dz\/wp-content\/uploads\/2023\/03\/Palais-du-Gouvernement-1.png","datePublished":"2025-01-16T12:10:14+00:00","dateModified":"2025-01-18T12:10:38+00:00","breadcrumb":{"@id":"https:\/\/lasentinelle.dz\/index.php\/2025\/01\/16\/reunion-du-gouvernement-plusieurs-dossiers-a-lordre-du-jour-3\/#breadcrumb"},"inLanguage":"fr-FR","potentialAction":[{"@type":"ReadAction","target":["https:\/\/lasentinelle.dz\/index.php\/2025\/01\/16\/reunion-du-gouvernement-plusieurs-dossiers-a-lordre-du-jour-3\/"]}]},{"@type":"ImageObject","inLanguage":"fr-FR","@id":"https:\/\/lasentinelle.dz\/index.php\/2025\/01\/16\/reunion-du-gouvernement-plusieurs-dossiers-a-lordre-du-jour-3\/#primaryimage","url":"https:\/\/lasentinelle.dz\/wp-content\/uploads\/2023\/03\/Palais-du-Gouvernement-1.png","contentUrl":"https:\/\/lasentinelle.dz\/wp-content\/uploads\/2023\/03\/Palais-du-Gouvernement-1.png","width":1349,"height":900},{"@type":"BreadcrumbList","@id":"https:\/\/lasentinelle.dz\/index.php\/2025\/01\/16\/reunion-du-gouvernement-plusieurs-dossiers-a-lordre-du-jour-3\/#breadcrumb","itemListElement":[{"@type":"ListItem","position":1,"name":"Accueil","item":"https:\/\/lasentinelle.dz\/"},{"@type":"ListItem","position":2,"name":"R\u00e9union du Gouvernement: Plusieurs dossiers \u00e0 l\u2019ordre du jour"}]},{"@type":"WebSite","@id":"https:\/\/lasentinelle.dz\/#website","url":"https:\/\/lasentinelle.dz\/","name":"La Sentinelle","description":"Quotidien national d&#039;information","publisher":{"@id":"https:\/\/lasentinelle.dz\/#organization"},"potentialAction":[{"@type":"SearchAction","target":{"@type":"EntryPoint","urlTemplate":"https:\/\/lasentinelle.dz\/?s={search_term_string}"},"query-input":{"@type":"PropertyValueSpecification","valueRequired":true,"valueName":"search_term_string"}}],"inLanguage":"fr-FR"},{"@type":"Organization","@id":"https:\/\/lasentinelle.dz\/#organization","name":"Quotidien La Sentinelle","url":"https:\/\/lasentinelle.dz\/","logo":{"@type":"ImageObject","inLanguage":"fr-FR","@id":"https:\/\/lasentinelle.dz\/#\/schema\/logo\/image\/","url":"https:\/\/lasentinelle.dz\/wp-content\/uploads\/2021\/09\/logo-sentinelleSLOGAN-1.png","contentUrl":"https:\/\/lasentinelle.dz\/wp-content\/uploads\/2021\/09\/logo-sentinelleSLOGAN-1.png","width":615,"height":142,"caption":"Quotidien La Sentinelle"},"image":{"@id":"https:\/\/lasentinelle.dz\/#\/schema\/logo\/image\/"},"sameAs":["https:\/\/www.facebook.com\/La-Sentinelle-104059864394773"]},{"@type":"Person","@id":"https:\/\/lasentinelle.dz\/#\/schema\/person\/729ee0024f24e0b8c5ec17232f8e8b41","name":"admin","image":{"@type":"ImageObject","inLanguage":"fr-FR","@id":"https:\/\/secure.gravatar.com\/avatar\/4c81fed838786e9b53f540bf46533e750f5d292099ae3b66cfc6fb1982e29df7?s=96&d=mm&r=g","url":"https:\/\/secure.gravatar.com\/avatar\/4c81fed838786e9b53f540bf46533e750f5d292099ae3b66cfc6fb1982e29df7?s=96&d=mm&r=g","contentUrl":"https:\/\/secure.gravatar.com\/avatar\/4c81fed838786e9b53f540bf46533e750f5d292099ae3b66cfc6fb1982e29df7?s=96&d=mm&r=g","caption":"admin"},"description":"admin","url":"https:\/\/lasentinelle.dz\/author\/admin\/"}]}},"_links":{"self":[{"href":"https:\/\/lasentinelle.dz\/index.php\/wp-json\/wp\/v2\/posts\/61750","targetHints":{"allow":["GET"]}}],"collection":[{"href":"https:\/\/lasentinelle.dz\/index.php\/wp-json\/wp\/v2\/posts"}],"about":[{"href":"https:\/\/lasentinelle.dz\/index.php\/wp-json\/wp\/v2\/types\/post"}],"author":[{"embeddable":true,"href":"https:\/\/lasentinelle.dz\/index.php\/wp-json\/wp\/v2\/users\/6"}],"replies":[{"embeddable":true,"href":"https:\/\/lasentinelle.dz\/index.php\/wp-json\/wp\/v2\/comments?post=61750"}],"version-history":[{"count":1,"href":"https:\/\/lasentinelle.dz\/index.php\/wp-json\/wp\/v2\/posts\/61750\/revisions"}],"predecessor-version":[{"id":61751,"href":"https:\/\/lasentinelle.dz\/index.php\/wp-json\/wp\/v2\/posts\/61750\/revisions\/61751"}],"wp:featuredmedia":[{"embeddable":true,"href":"https:\/\/lasentinelle.dz\/index.php\/wp-json\/wp\/v2\/media\/38335"}],"wp:attachment":[{"href":"https:\/\/lasentinelle.dz\/index.php\/wp-json\/wp\/v2\/media?parent=61750"}],"wp:term":[{"taxonomy":"category","embeddable":true,"href":"https:\/\/lasentinelle.dz\/index.php\/wp-json\/wp\/v2\/categories?post=61750"},{"taxonomy":"post_tag","embeddable":true,"href":"https:\/\/lasentinelle.dz\/index.php\/wp-json\/wp\/v2\/tags?post=61750"}],"curies":[{"name":"wp","href":"https:\/\/api.w.org\/{rel}","templated":true}]}}